{"id":1097,"date":"2025-12-07T09:03:27","date_gmt":"2025-12-07T08:03:27","guid":{"rendered":"https:\/\/fpsuperiorufv.es\/blog\/2022\/09\/17\/administracion-de-sistemas-logisticos\/"},"modified":"2025-12-15T14:10:10","modified_gmt":"2025-12-15T13:10:10","slug":"administracion-de-sistemas-logisticos","status":"publish","type":"post","link":"https:\/\/fpsuperiorufv.es\/blog\/administracion-de-sistemas-logisticos\/","title":{"rendered":"Administraci\u00f3n de sistemas log\u00edsticos"},"content":{"rendered":"<p><\/p>\n\n<p><span style=\"font-weight: 400;\">La log\u00edstica es la gesti\u00f3n del flujo de recursos entre el punto de origen y el punto de destino. Con el fin de satisfacer algunos requisitos, por ejemplo, de los clientes o las empresas, los recursos gestionados en la log\u00edstica pueden incluir art\u00edculos tangibles como alimentos, materiales, equipos, l\u00edquidos y cosas, as\u00ed como art\u00edculos abstractos como informaci\u00f3n, part\u00edculas y energ\u00eda. La administraci\u00f3n de sistemas log\u00edsticos suele implicar la integraci\u00f3n del flujo de informaci\u00f3n, la manipulaci\u00f3n de materiales, la producci\u00f3n, el embalaje, el inventario, el transporte, el almacenamiento y, a menudo, la seguridad. La complejidad de la log\u00edstica puede modelarse y analizarse, y visualizarse y optimizarse mediante un software de simulaci\u00f3n espec\u00edfico, minimizando el uso de recursos en funci\u00f3n de objetivos comunes.<\/span><\/p>\n<p><span style=\"font-weight: 400;\">Mucha gente confunde el t\u00e9rmino log\u00edstica con el de cadena de suministro. La diferencia entre la cadena de suministro y la log\u00edstica es el enfoque. La cadena de suministro es todo el proceso de extremo a extremo y todas las actividades implicadas, mientras que la log\u00edstica se refiere a un subconjunto de estas actividades, espec\u00edficamente las que se refieren a los aspectos del movimiento de materiales. Es f\u00e1cil confundir las dos nociones, especialmente cuando las distintas organizaciones tienen diferentes formas de gestionar su cadena de suministro y su log\u00edstica. Sin embargo, la log\u00edstica se centra fundamentalmente en los movimientos internos y de entrada y salida de materiales y productos, asegur\u00e1ndose de hacer llegar los productos al cliente en el momento y lugar adecuados.<\/span><\/p>\n<p>&nbsp;<\/p>\n<h2><span style=\"font-weight: 400;\">\u00bfPor qu\u00e9 estudiar administraci\u00f3n de sistemas log\u00edsticos?<\/span><\/h2>\n<p><span style=\"font-weight: 400;\">Con la interrupci\u00f3n mundial de COVID-19, la especializaci\u00f3n en log\u00edstica y cadena de suministro nunca ha sido tan valiosa.<\/span><\/p>\n<p><span style=\"font-weight: 400;\">Los retos a los que se enfrentan la distribuci\u00f3n, la producci\u00f3n y la fabricaci\u00f3n ocupan un lugar destacado en las agendas de muchos gobiernos y empresas. Tener conocimientos en Log\u00edstica y Gesti\u00f3n de la Cadena de Suministro, te permitir\u00e1 tener acceso a una gran cantidad de oportunidades laborales.<\/span><\/p>\n<p><span style=\"font-weight: 400;\">Descubre por qu\u00e9 estudiar administraci\u00f3n de sistemas log\u00edsticos es tan importante:<\/span><\/p>\n<p>&nbsp;<\/p>\n<h3><span style=\"font-weight: 400;\">Alta demanda<\/span><\/h3>\n<p><span style=\"font-weight: 400;\">Como hemos comentado, tener amplios conocimientos en\u00a0 log\u00edstica y gesti\u00f3n de la cadena de suministro te preparar\u00e1 para una carrera exitosa y gratificante.\u00a0<\/span><\/p>\n<p><span style=\"font-weight: 400;\">Las personas especializadas en administraci\u00f3n de sistemas log\u00edsticos podr\u00e1n desarrollar su carrera en muchos sectores, como el de la mensajer\u00eda y el transporte, el transporte mar\u00edtimo, la aviaci\u00f3n, el transporte de mercanc\u00edas, la fabricaci\u00f3n, la importaci\u00f3n\/exportaci\u00f3n y el almacenamiento y la distribuci\u00f3n al por menor.<\/span><\/p>\n<p>&nbsp;<\/p>\n<h3><span style=\"font-weight: 400;\">Sector en crecimiento<\/span><\/h3>\n<p><span style=\"font-weight: 400;\">Al estudiar log\u00edstica y gesti\u00f3n de la cadena de suministro, te unir\u00e1s a una de las \u00e1reas de negocio de m\u00e1s r\u00e1pido crecimiento del mundo.<\/span><\/p>\n<p>&nbsp;<\/p>\n<h3><span style=\"font-weight: 400;\">Aprende de los expertos del sector<\/span><\/h3>\n<p><span style=\"font-weight: 400;\">La ventaja de realizar estudios de log\u00edstica y gesti\u00f3n de la cadena de suministro es que podr\u00e1s aprovechar la experiencia del personal docente<\/span><\/p>\n<p><span style=\"font-weight: 400;\">Desde el asesoramiento sobre la industria y la gesti\u00f3n de las cadenas de suministro sostenibles, hasta la investigaci\u00f3n de los impactos en la salud, el medio ambiente y la seguridad del transporte p\u00fablico, aprender\u00e1s de profesionales de la industria.<\/span><\/p>\n<p>&nbsp;<\/p>\n<h2><span style=\"font-weight: 400;\">T\u00e9cnico Superior en Administraci\u00f3n y Finanzas<\/span><\/h2>\n<p><span style=\"font-weight: 400;\">El <\/span><a href=\"https:\/\/fpsuperiorufv.es\/grado-superior-administracion-y-finanzas\/\"><span style=\"font-weight: 400;\">T\u00e9cnico Superior en Administraci\u00f3n y Finanzas<\/span><\/a><span style=\"font-weight: 400;\"> permite adquirir y ampliar conocimientos de log\u00edstica, transporte, distribuci\u00f3n, operaciones y gesti\u00f3n de la producci\u00f3n, a la vez que ofrece la opci\u00f3n de especializarse en sistemas de informaci\u00f3n o ciberseguridad para la gesti\u00f3n de la cadena de suministro y la log\u00edstica. Ambas especialidades est\u00e1n a la vanguardia de la evoluci\u00f3n del sector en la actualidad. El curso agudizar\u00e1 la conciencia comercial en la gesti\u00f3n de la cadena de suministro y la log\u00edstica y desarrollar\u00e1 competencias para el an\u00e1lisis, la toma de decisiones efectiva, la comunicaci\u00f3n y la pr\u00e1ctica \u00e9tica.<\/span><\/p>\n<p>&nbsp;<\/p>\n<p><\/p>\n","protected":false},"excerpt":{"rendered":"<p>[vc_section][vc_row][vc_column css=\".vc_custom_1655805738975{margin-top: 0px !important;margin-right: 0px !important;margin-bottom: 0px !important;margin-left: 0px !important;}\"][vc_breadcrumbs_module][\/vc_column][\/vc_row][\/vc_section][vc_section][vc_row el_class=\"container\" css=\".vc_custom_1655802988397{padding-top: 50px !important;padding-bottom: 50px !important;}\"][vc_column][vc_single_image source=\"featured_image\" img_size=\"full\" alignment=\"center\" css=\".vc_custom_1660030768789{padding-top: 20px !important;padding-bottom: 20px !important;}\"][vc_column_text] La log\u00edstica es la gesti\u00f3n del flujo de recursos entre el punto de origen y el punto de destino. Con el fin de satisfacer algunos requisitos, por ejemplo, de los clientes &hellip;<\/p>\n","protected":false},"author":1,"featured_media":1098,"comment_status":"closed","ping_status":"open","sticky":false,"template":"","format":"standard","meta":{"inline_featured_image":false,"footnotes":""},"categories":[9,373],"tags":[],"class_list":["post-1097","post","type-post","status-publish","format-standard","has-post-thumbnail","hentry","category-blog","category-genericas"],"yoast_head":"<!-- This site is optimized with the Yoast SEO plugin v27.4 - https:\/\/yoast.com\/product\/yoast-seo-wordpress\/ -->\n<title>Administraci\u00f3n de Sistemas Log\u00edsticos - CETYS<\/title>\n<meta name=\"description\" content=\"La administraci\u00f3n de sistemas log\u00edsticos se centra fundamentalmente en los movimientos internos y de entrada y salida de materiales y productos.\" \/>\n<meta name=\"robots\" content=\"index, follow, max-snippet:-1, max-image-preview:large, max-video-preview:-1\" \/>\n<link rel=\"canonical\" href=\"https:\/\/fpsuperiorufv.es\/blog\/administracion-de-sistemas-logisticos\/\" \/>\n<meta property=\"og:locale\" content=\"es_ES\" \/>\n<meta property=\"og:type\" content=\"article\" \/>\n<meta property=\"og:title\" content=\"Administraci\u00f3n de Sistemas Log\u00edsticos - CETYS\" \/>\n<meta property=\"og:description\" content=\"La administraci\u00f3n de sistemas log\u00edsticos se centra fundamentalmente en los movimientos internos y de entrada y salida de materiales y productos.\" \/>\n<meta property=\"og:url\" content=\"https:\/\/fpsuperiorufv.es\/blog\/administracion-de-sistemas-logisticos\/\" \/>\n<meta property=\"og:site_name\" content=\"Cetys\" \/>\n<meta property=\"article:published_time\" content=\"2025-12-07T08:03:27+00:00\" \/>\n<meta property=\"article:modified_time\" content=\"2025-12-15T13:10:10+00:00\" \/>\n<meta property=\"og:image\" content=\"https:\/\/fpsuperiorufv.es\/blog\/wp-content\/uploads\/2025\/07\/port-g1e1c00b66_1920.jpg\" \/>\n\t<meta property=\"og:image:width\" content=\"1920\" \/>\n\t<meta property=\"og:image:height\" content=\"1081\" \/>\n\t<meta property=\"og:image:type\" content=\"image\/jpeg\" \/>\n<meta name=\"author\" content=\"FP Superior UFV\" \/>\n<meta name=\"twitter:card\" content=\"summary_large_image\" \/>\n<meta name=\"twitter:label1\" content=\"Escrito por\" \/>\n\t<meta name=\"twitter:data1\" content=\"FP Superior UFV\" \/>\n\t<meta name=\"twitter:label2\" content=\"Tiempo de lectura\" \/>\n\t<meta name=\"twitter:data2\" content=\"4 minutos\" \/>\n<script type=\"application\/ld+json\" class=\"yoast-schema-graph\">{\"@context\":\"https:\\\/\\\/schema.org\",\"@graph\":[{\"@type\":\"Article\",\"@id\":\"https:\\\/\\\/fpsuperiorufv.es\\\/blog\\\/administracion-de-sistemas-logisticos\\\/#article\",\"isPartOf\":{\"@id\":\"https:\\\/\\\/fpsuperiorufv.es\\\/blog\\\/administracion-de-sistemas-logisticos\\\/\"},\"author\":{\"name\":\"FP Superior UFV\",\"@id\":\"https:\\\/\\\/fpsuperiorufv.es\\\/blog\\\/#\\\/schema\\\/person\\\/c7ac6e2e7af298050da8d956ac824347\"},\"headline\":\"Administraci\u00f3n de sistemas log\u00edsticos\",\"datePublished\":\"2025-12-07T08:03:27+00:00\",\"dateModified\":\"2025-12-15T13:10:10+00:00\",\"mainEntityOfPage\":{\"@id\":\"https:\\\/\\\/fpsuperiorufv.es\\\/blog\\\/administracion-de-sistemas-logisticos\\\/\"},\"wordCount\":810,\"publisher\":{\"@id\":\"https:\\\/\\\/fpsuperiorufv.es\\\/blog\\\/#organization\"},\"image\":{\"@id\":\"https:\\\/\\\/fpsuperiorufv.es\\\/blog\\\/administracion-de-sistemas-logisticos\\\/#primaryimage\"},\"thumbnailUrl\":\"https:\\\/\\\/fpsuperiorufv.es\\\/blog\\\/wp-content\\\/uploads\\\/2025\\\/07\\\/port-g1e1c00b66_1920.jpg\",\"articleSection\":[\"Blog\",\"Gen\u00e9ricas\"],\"inLanguage\":\"es\"},{\"@type\":\"WebPage\",\"@id\":\"https:\\\/\\\/fpsuperiorufv.es\\\/blog\\\/administracion-de-sistemas-logisticos\\\/\",\"url\":\"https:\\\/\\\/fpsuperiorufv.es\\\/blog\\\/administracion-de-sistemas-logisticos\\\/\",\"name\":\"Administraci\u00f3n de Sistemas Log\u00edsticos - CETYS\",\"isPartOf\":{\"@id\":\"https:\\\/\\\/fpsuperiorufv.es\\\/blog\\\/#website\"},\"primaryImageOfPage\":{\"@id\":\"https:\\\/\\\/fpsuperiorufv.es\\\/blog\\\/administracion-de-sistemas-logisticos\\\/#primaryimage\"},\"image\":{\"@id\":\"https:\\\/\\\/fpsuperiorufv.es\\\/blog\\\/administracion-de-sistemas-logisticos\\\/#primaryimage\"},\"thumbnailUrl\":\"https:\\\/\\\/fpsuperiorufv.es\\\/blog\\\/wp-content\\\/uploads\\\/2025\\\/07\\\/port-g1e1c00b66_1920.jpg\",\"datePublished\":\"2025-12-07T08:03:27+00:00\",\"dateModified\":\"2025-12-15T13:10:10+00:00\",\"description\":\"La administraci\u00f3n de sistemas log\u00edsticos se centra fundamentalmente en los movimientos internos y de entrada y salida de materiales y productos.\",\"breadcrumb\":{\"@id\":\"https:\\\/\\\/fpsuperiorufv.es\\\/blog\\\/administracion-de-sistemas-logisticos\\\/#breadcrumb\"},\"inLanguage\":\"es\",\"potentialAction\":[{\"@type\":\"ReadAction\",\"target\":[\"https:\\\/\\\/fpsuperiorufv.es\\\/blog\\\/administracion-de-sistemas-logisticos\\\/\"]}]},{\"@type\":\"ImageObject\",\"inLanguage\":\"es\",\"@id\":\"https:\\\/\\\/fpsuperiorufv.es\\\/blog\\\/administracion-de-sistemas-logisticos\\\/#primaryimage\",\"url\":\"https:\\\/\\\/fpsuperiorufv.es\\\/blog\\\/wp-content\\\/uploads\\\/2025\\\/07\\\/port-g1e1c00b66_1920.jpg\",\"contentUrl\":\"https:\\\/\\\/fpsuperiorufv.es\\\/blog\\\/wp-content\\\/uploads\\\/2025\\\/07\\\/port-g1e1c00b66_1920.jpg\",\"width\":1920,\"height\":1081},{\"@type\":\"BreadcrumbList\",\"@id\":\"https:\\\/\\\/fpsuperiorufv.es\\\/blog\\\/administracion-de-sistemas-logisticos\\\/#breadcrumb\",\"itemListElement\":[{\"@type\":\"ListItem\",\"position\":1,\"name\":\"Home\",\"item\":\"https:\\\/\\\/fpsuperiorufv.es\\\/blog\\\/\"},{\"@type\":\"ListItem\",\"position\":2,\"name\":\"Administraci\u00f3n de sistemas log\u00edsticos\"}]},{\"@type\":\"WebSite\",\"@id\":\"https:\\\/\\\/fpsuperiorufv.es\\\/blog\\\/#website\",\"url\":\"https:\\\/\\\/fpsuperiorufv.es\\\/blog\\\/\",\"name\":\"Fp Superior Francisco de Vitoria\",\"description\":\"\",\"publisher\":{\"@id\":\"https:\\\/\\\/fpsuperiorufv.es\\\/blog\\\/#organization\"},\"alternateName\":\"Cetys\",\"potentialAction\":[{\"@type\":\"SearchAction\",\"target\":{\"@type\":\"EntryPoint\",\"urlTemplate\":\"https:\\\/\\\/fpsuperiorufv.es\\\/blog\\\/?s={search_term_string}\"},\"query-input\":{\"@type\":\"PropertyValueSpecification\",\"valueRequired\":true,\"valueName\":\"search_term_string\"}}],\"inLanguage\":\"es\"},{\"@type\":\"Organization\",\"@id\":\"https:\\\/\\\/fpsuperiorufv.es\\\/blog\\\/#organization\",\"name\":\"Cetys\",\"url\":\"https:\\\/\\\/fpsuperiorufv.es\\\/blog\\\/\",\"logo\":{\"@type\":\"ImageObject\",\"inLanguage\":\"es\",\"@id\":\"https:\\\/\\\/fpsuperiorufv.es\\\/blog\\\/#\\\/schema\\\/logo\\\/image\\\/\",\"url\":\"https:\\\/\\\/fpsuperiorufv.lo\\\/wp-content\\\/uploads\\\/2025\\\/02\\\/logo.svg\",\"contentUrl\":\"https:\\\/\\\/fpsuperiorufv.lo\\\/wp-content\\\/uploads\\\/2025\\\/02\\\/logo.svg\",\"width\":\"1024\",\"height\":\"1024\",\"caption\":\"Cetys\"},\"image\":{\"@id\":\"https:\\\/\\\/fpsuperiorufv.es\\\/blog\\\/#\\\/schema\\\/logo\\\/image\\\/\"}},{\"@type\":\"Person\",\"@id\":\"https:\\\/\\\/fpsuperiorufv.es\\\/blog\\\/#\\\/schema\\\/person\\\/c7ac6e2e7af298050da8d956ac824347\",\"name\":\"FP Superior UFV\",\"image\":{\"@type\":\"ImageObject\",\"inLanguage\":\"es\",\"@id\":\"https:\\\/\\\/secure.gravatar.com\\\/avatar\\\/002af9a4377d87096f281de7725cae2f359bff0b0b7439b98b80936e58af2d91?s=96&d=mm&r=g\",\"url\":\"https:\\\/\\\/secure.gravatar.com\\\/avatar\\\/002af9a4377d87096f281de7725cae2f359bff0b0b7439b98b80936e58af2d91?s=96&d=mm&r=g\",\"contentUrl\":\"https:\\\/\\\/secure.gravatar.com\\\/avatar\\\/002af9a4377d87096f281de7725cae2f359bff0b0b7439b98b80936e58af2d91?s=96&d=mm&r=g\",\"caption\":\"FP Superior UFV\"},\"sameAs\":[\"https:\\\/\\\/fpsuperiorufv.lo\"],\"url\":\"https:\\\/\\\/fpsuperiorufv.es\\\/blog\\\/author\\\/administrador\\\/\"}]}<\/script>\n<!-- \/ Yoast SEO plugin. -->","yoast_head_json":{"title":"Administraci\u00f3n de Sistemas Log\u00edsticos - CETYS","description":"La administraci\u00f3n de sistemas log\u00edsticos se centra fundamentalmente en los movimientos internos y de entrada y salida de materiales y productos.","robots":{"index":"index","follow":"follow","max-snippet":"max-snippet:-1","max-image-preview":"max-image-preview:large","max-video-preview":"max-video-preview:-1"},"canonical":"https:\/\/fpsuperiorufv.es\/blog\/administracion-de-sistemas-logisticos\/","og_locale":"es_ES","og_type":"article","og_title":"Administraci\u00f3n de Sistemas Log\u00edsticos - CETYS","og_description":"La administraci\u00f3n de sistemas log\u00edsticos se centra fundamentalmente en los movimientos internos y de entrada y salida de materiales y productos.","og_url":"https:\/\/fpsuperiorufv.es\/blog\/administracion-de-sistemas-logisticos\/","og_site_name":"Cetys","article_published_time":"2025-12-07T08:03:27+00:00","article_modified_time":"2025-12-15T13:10:10+00:00","og_image":[{"width":1920,"height":1081,"url":"https:\/\/fpsuperiorufv.es\/blog\/wp-content\/uploads\/2025\/07\/port-g1e1c00b66_1920.jpg","type":"image\/jpeg"}],"author":"FP Superior UFV","twitter_card":"summary_large_image","twitter_misc":{"Escrito por":"FP Superior UFV","Tiempo de lectura":"4 minutos"},"schema":{"@context":"https:\/\/schema.org","@graph":[{"@type":"Article","@id":"https:\/\/fpsuperiorufv.es\/blog\/administracion-de-sistemas-logisticos\/#article","isPartOf":{"@id":"https:\/\/fpsuperiorufv.es\/blog\/administracion-de-sistemas-logisticos\/"},"author":{"name":"FP Superior UFV","@id":"https:\/\/fpsuperiorufv.es\/blog\/#\/schema\/person\/c7ac6e2e7af298050da8d956ac824347"},"headline":"Administraci\u00f3n de sistemas log\u00edsticos","datePublished":"2025-12-07T08:03:27+00:00","dateModified":"2025-12-15T13:10:10+00:00","mainEntityOfPage":{"@id":"https:\/\/fpsuperiorufv.es\/blog\/administracion-de-sistemas-logisticos\/"},"wordCount":810,"publisher":{"@id":"https:\/\/fpsuperiorufv.es\/blog\/#organization"},"image":{"@id":"https:\/\/fpsuperiorufv.es\/blog\/administracion-de-sistemas-logisticos\/#primaryimage"},"thumbnailUrl":"https:\/\/fpsuperiorufv.es\/blog\/wp-content\/uploads\/2025\/07\/port-g1e1c00b66_1920.jpg","articleSection":["Blog","Gen\u00e9ricas"],"inLanguage":"es"},{"@type":"WebPage","@id":"https:\/\/fpsuperiorufv.es\/blog\/administracion-de-sistemas-logisticos\/","url":"https:\/\/fpsuperiorufv.es\/blog\/administracion-de-sistemas-logisticos\/","name":"Administraci\u00f3n de Sistemas Log\u00edsticos - CETYS","isPartOf":{"@id":"https:\/\/fpsuperiorufv.es\/blog\/#website"},"primaryImageOfPage":{"@id":"https:\/\/fpsuperiorufv.es\/blog\/administracion-de-sistemas-logisticos\/#primaryimage"},"image":{"@id":"https:\/\/fpsuperiorufv.es\/blog\/administracion-de-sistemas-logisticos\/#primaryimage"},"thumbnailUrl":"https:\/\/fpsuperiorufv.es\/blog\/wp-content\/uploads\/2025\/07\/port-g1e1c00b66_1920.jpg","datePublished":"2025-12-07T08:03:27+00:00","dateModified":"2025-12-15T13:10:10+00:00","description":"La administraci\u00f3n de sistemas log\u00edsticos se centra fundamentalmente en los movimientos internos y de entrada y salida de materiales y productos.","breadcrumb":{"@id":"https:\/\/fpsuperiorufv.es\/blog\/administracion-de-sistemas-logisticos\/#breadcrumb"},"inLanguage":"es","potentialAction":[{"@type":"ReadAction","target":["https:\/\/fpsuperiorufv.es\/blog\/administracion-de-sistemas-logisticos\/"]}]},{"@type":"ImageObject","inLanguage":"es","@id":"https:\/\/fpsuperiorufv.es\/blog\/administracion-de-sistemas-logisticos\/#primaryimage","url":"https:\/\/fpsuperiorufv.es\/blog\/wp-content\/uploads\/2025\/07\/port-g1e1c00b66_1920.jpg","contentUrl":"https:\/\/fpsuperiorufv.es\/blog\/wp-content\/uploads\/2025\/07\/port-g1e1c00b66_1920.jpg","width":1920,"height":1081},{"@type":"BreadcrumbList","@id":"https:\/\/fpsuperiorufv.es\/blog\/administracion-de-sistemas-logisticos\/#breadcrumb","itemListElement":[{"@type":"ListItem","position":1,"name":"Home","item":"https:\/\/fpsuperiorufv.es\/blog\/"},{"@type":"ListItem","position":2,"name":"Administraci\u00f3n de sistemas log\u00edsticos"}]},{"@type":"WebSite","@id":"https:\/\/fpsuperiorufv.es\/blog\/#website","url":"https:\/\/fpsuperiorufv.es\/blog\/","name":"Fp Superior Francisco de Vitoria","description":"","publisher":{"@id":"https:\/\/fpsuperiorufv.es\/blog\/#organization"},"alternateName":"Cetys","potentialAction":[{"@type":"SearchAction","target":{"@type":"EntryPoint","urlTemplate":"https:\/\/fpsuperiorufv.es\/blog\/?s={search_term_string}"},"query-input":{"@type":"PropertyValueSpecification","valueRequired":true,"valueName":"search_term_string"}}],"inLanguage":"es"},{"@type":"Organization","@id":"https:\/\/fpsuperiorufv.es\/blog\/#organization","name":"Cetys","url":"https:\/\/fpsuperiorufv.es\/blog\/","logo":{"@type":"ImageObject","inLanguage":"es","@id":"https:\/\/fpsuperiorufv.es\/blog\/#\/schema\/logo\/image\/","url":"https:\/\/fpsuperiorufv.lo\/wp-content\/uploads\/2025\/02\/logo.svg","contentUrl":"https:\/\/fpsuperiorufv.lo\/wp-content\/uploads\/2025\/02\/logo.svg","width":"1024","height":"1024","caption":"Cetys"},"image":{"@id":"https:\/\/fpsuperiorufv.es\/blog\/#\/schema\/logo\/image\/"}},{"@type":"Person","@id":"https:\/\/fpsuperiorufv.es\/blog\/#\/schema\/person\/c7ac6e2e7af298050da8d956ac824347","name":"FP Superior UFV","image":{"@type":"ImageObject","inLanguage":"es","@id":"https:\/\/secure.gravatar.com\/avatar\/002af9a4377d87096f281de7725cae2f359bff0b0b7439b98b80936e58af2d91?s=96&d=mm&r=g","url":"https:\/\/secure.gravatar.com\/avatar\/002af9a4377d87096f281de7725cae2f359bff0b0b7439b98b80936e58af2d91?s=96&d=mm&r=g","contentUrl":"https:\/\/secure.gravatar.com\/avatar\/002af9a4377d87096f281de7725cae2f359bff0b0b7439b98b80936e58af2d91?s=96&d=mm&r=g","caption":"FP Superior UFV"},"sameAs":["https:\/\/fpsuperiorufv.lo"],"url":"https:\/\/fpsuperiorufv.es\/blog\/author\/administrador\/"}]}},"_links":{"self":[{"href":"https:\/\/fpsuperiorufv.es\/blog\/wp-json\/wp\/v2\/posts\/1097","targetHints":{"allow":["GET"]}}],"collection":[{"href":"https:\/\/fpsuperiorufv.es\/blog\/wp-json\/wp\/v2\/posts"}],"about":[{"href":"https:\/\/fpsuperiorufv.es\/blog\/wp-json\/wp\/v2\/types\/post"}],"author":[{"embeddable":true,"href":"https:\/\/fpsuperiorufv.es\/blog\/wp-json\/wp\/v2\/users\/1"}],"replies":[{"embeddable":true,"href":"https:\/\/fpsuperiorufv.es\/blog\/wp-json\/wp\/v2\/comments?post=1097"}],"version-history":[{"count":1,"href":"https:\/\/fpsuperiorufv.es\/blog\/wp-json\/wp\/v2\/posts\/1097\/revisions"}],"predecessor-version":[{"id":2008,"href":"https:\/\/fpsuperiorufv.es\/blog\/wp-json\/wp\/v2\/posts\/1097\/revisions\/2008"}],"wp:featuredmedia":[{"embeddable":true,"href":"https:\/\/fpsuperiorufv.es\/blog\/wp-json\/wp\/v2\/media\/1098"}],"wp:attachment":[{"href":"https:\/\/fpsuperiorufv.es\/blog\/wp-json\/wp\/v2\/media?parent=1097"}],"wp:term":[{"taxonomy":"category","embeddable":true,"href":"https:\/\/fpsuperiorufv.es\/blog\/wp-json\/wp\/v2\/categories?post=1097"},{"taxonomy":"post_tag","embeddable":true,"href":"https:\/\/fpsuperiorufv.es\/blog\/wp-json\/wp\/v2\/tags?post=1097"}],"curies":[{"name":"wp","href":"https:\/\/api.w.org\/{rel}","templated":true}]}}