{"id":1101,"date":"2025-12-24T10:41:12","date_gmt":"2025-12-24T09:41:12","guid":{"rendered":"https:\/\/fpsuperiorufv.es\/blog\/2022\/09\/20\/anatomia-mandibular\/"},"modified":"2025-12-24T10:41:13","modified_gmt":"2025-12-24T09:41:13","slug":"anatomia-mandibular","status":"publish","type":"post","link":"https:\/\/fpsuperiorufv.es\/blog\/anatomia-mandibular\/","title":{"rendered":"Mand\u00edbula: Anatom\u00eda mandibular"},"content":{"rendered":"<p><\/p>\n\n<p><span style=\"font-weight: 400;\">Hoy venimos a hablar sobre la anatom\u00eda mandibular. La mand\u00edbula es la estructura \u00f3sea del maxilar inferior y de la parte inferior de la cara. Es el mayor y m\u00e1s fuerte de los huesos de la cara y proporciona encajes para mantener los dientes inferiores en su sitio. La mand\u00edbula act\u00faa principalmente como soporte de la parte inferior de la cara, proporciona un punto de fijaci\u00f3n para los dientes inferiores, permite el movimiento de la mand\u00edbula durante el habla, la masticaci\u00f3n y es esencial para otros movimientos de la boca.<\/span><\/p>\n<p><span style=\"font-weight: 400;\">La mand\u00edbula forma la parte inferior del cr\u00e1neo y consta de dos partes: una parte horizontal llamada cuerpo, y dos partes verticales llamadas ramas que ascienden casi verticalmente desde la parte posterior del cuerpo mandibular. La parte superior de cada rama contiene dos prominencias \u00f3seas denominadas ap\u00f3fisis condilar y coronoides.<\/span><\/p>\n<p>&nbsp;<\/p>\n<h2><span style=\"font-weight: 400;\">Principales elementos musculares de la anatom\u00eda mandibular o mand\u00edbula<\/span><\/h2>\n<ul>\n<li aria-level=\"1\"><b>M\u00fasculos de la expresi\u00f3n facial<\/b><\/li>\n<\/ul>\n<ul>\n<li aria-level=\"1\"><b>M\u00fasculos de la masticaci\u00f3n:<\/b><\/li>\n<\/ul>\n<ul>\n<li style=\"list-style-type: none;\">\n<ul>\n<li style=\"font-weight: 400;\" aria-level=\"2\"><b>Masetero<\/b><span style=\"font-weight: 400;\">: este m\u00fasculo masticador cuadrangular se une desde el lado de la rama de la mand\u00edbula a cada lado de la mand\u00edbula al cr\u00e1neo por encima. El masetero eleva y protruye la mand\u00edbula, cerrando as\u00ed la mand\u00edbula. Las fibras m\u00e1s profundas del m\u00fasculo retraen la mand\u00edbula.<\/span><\/li>\n<li style=\"font-weight: 400;\" aria-level=\"2\"><b>Temporal: <\/b><span style=\"font-weight: 400;\">\u00a0Este extenso y potente m\u00fasculo masticador en forma de abanico se origina en el hueso temporal del cr\u00e1neo y se une a la rama de la mand\u00edbula y a su ap\u00f3fisis coronoides. El m\u00fasculo temporal eleva la mand\u00edbula, cerrando los maxilares. Sus fibras musculares posteriores retraen la mand\u00edbula despu\u00e9s de la protrusi\u00f3n.<\/span><\/li>\n<li style=\"font-weight: 400;\" aria-level=\"2\"><b>Pterigoideo lateral: <\/b><span style=\"font-weight: 400;\">este m\u00fasculo tiene un aspecto c\u00f3nico que se origina en la parte inferior del hueso temporal y los huesos esfenoides del cr\u00e1neo y se une al cuello de la mand\u00edbula, as\u00ed como a la c\u00e1psula y el disco articular de la articulaci\u00f3n temporomandibular. Actuando solos, los m\u00fasculos pterigoideos laterales producen movimientos laterales de la mand\u00edbula. Actuando conjuntamente, alzan la mand\u00edbula y bajan el ment\u00f3n.<\/span><\/li>\n<li style=\"font-weight: 400;\" aria-level=\"2\"><b>Pterigoideo medial: <\/b><span style=\"font-weight: 400;\">\u00a0Este m\u00fasculo cuadril\u00e1tero comienza en el cr\u00e1neo y se inserta en la superficie interna de la rama de la mand\u00edbula. Los m\u00fasculos pterigoideos mediales ayudan a elevar la mand\u00edbula, cerrando los maxilares. Actuando juntos, ayudan a protruir la mand\u00edbula. Actuando solos, alzan el lateral de la mand\u00edbula y pueden producir un movimiento de rechinamiento cuando act\u00faan alternativamente.<\/span><\/li>\n<\/ul>\n<\/li>\n<\/ul>\n<p>&nbsp;<\/p>\n<h2><span style=\"font-weight: 400;\">Estudiar el T\u00e9cnico Superior en Anatom\u00eda Patol\u00f3gica y Citodiagn\u00f3stico<\/span><\/h2>\n<p><span style=\"font-weight: 400;\">Si el tema de la anatom\u00eda llama tu atenci\u00f3n est\u00e1s de suerte. En CETYS ofrecemos el <a href=\"https:\/\/fpsuperiorufv.es\/tecnico-superior-en-anatomia-patologica-y-citodiagnostico\/\">T\u00e9cnico Superior en Anatom\u00eda Patol\u00f3gica y Citodiagn\u00f3stico<\/a> con el que lograr\u00e1s:<\/span><\/p>\n<ul>\n<li style=\"font-weight: 400;\" aria-level=\"1\"><span style=\"font-weight: 400;\">Conocer las complejidades del cuerpo humano y contribuir a mejorar la salud humana.<\/span><\/li>\n<li style=\"font-weight: 400;\" aria-level=\"1\"><span style=\"font-weight: 400;\">Tener una comprensi\u00f3n profunda del funcionamiento del cuerpo humano, fundamental para detectar enfermedades y desarrollar tratamientos nuevos o mejorados.<\/span><\/li>\n<li style=\"font-weight: 400;\" aria-level=\"1\"><span style=\"font-weight: 400;\">Adquirir destrezas pr\u00e1cticas en la disecci\u00f3n y examinar cad\u00e1veres preseleccionados para profundizar en tu conocimiento de la anatom\u00eda humana macrosc\u00f3pica.<\/span><\/li>\n<li style=\"font-weight: 400;\" aria-level=\"1\"><span style=\"font-weight: 400;\">Estudiar una especialidad en anatom\u00eda humana para adquirir un conocimiento profundo de los sistemas de c\u00e9lulas, tejidos y \u00f3rganos del cuerpo humano.<\/span><\/li>\n<li style=\"font-weight: 400;\" aria-level=\"1\"><span style=\"font-weight: 400;\">Aplicar tus habilidades de an\u00e1lisis de datos anat\u00f3micos para investigar c\u00f3mo los sistemas contribuyen al crecimiento y desarrollo humanos, as\u00ed como su relaci\u00f3n con las enfermedades y trastornos.<\/span><\/li>\n<li style=\"font-weight: 400;\" aria-level=\"1\"><span style=\"font-weight: 400;\">Reforzar tu conocimiento de la compleja relaci\u00f3n entre el cuerpo, la mente y la enfermedad combinando su asignatura secundaria con cursos relacionados de fisiolog\u00eda humana, neurociencia o farmacolog\u00eda.<\/span><\/li>\n<\/ul>\n<p><span style=\"font-weight: 400;\">El conocimiento de la anatom\u00eda humana sustenta un amplio abanico de oportunidades profesionales en el sector de la salud, incluidas aquellas con un enfoque de ciencias biom\u00e9dicas.<\/span><\/p>\n<p><span style=\"font-weight: 400;\">Estar\u00e1s equipado con los conocimientos anat\u00f3micos necesarios para solicitar estudios posteriores en el campo de la medicina o la sanidad aliada. Tambi\u00e9n puedes iniciar tu carrera en el campo de la investigaci\u00f3n con un programa de estudios basado en la investigaci\u00f3n.<\/span><\/p>\n<p><\/p>\n<p>&nbsp;<\/p>\n<p><\/p>\n","protected":false},"excerpt":{"rendered":"<p>[vc_section][vc_row][vc_column css=\".vc_custom_1655805738975{margin-top: 0px !important;margin-right: 0px !important;margin-bottom: 0px !important;margin-left: 0px !important;}\"][vc_breadcrumbs_module][\/vc_column][\/vc_row][\/vc_section][vc_section][vc_row el_class=\"container\" css=\".vc_custom_1655802988397{padding-top: 50px !important;padding-bottom: 50px !important;}\"][vc_column][vc_single_image source=\"featured_image\" img_size=\"full\" alignment=\"center\" css=\".vc_custom_1660030768789{padding-top: 20px !important;padding-bottom: 20px !important;}\"][vc_column_text] Hoy venimos a hablar sobre la anatom\u00eda mandibular. La mand\u00edbula es la estructura \u00f3sea del maxilar inferior y de la parte inferior de la cara. Es el mayor y m\u00e1s fuerte &hellip;<\/p>\n","protected":false},"author":1,"featured_media":1102,"comment_status":"closed","ping_status":"open","sticky":false,"template":"","format":"standard","meta":{"inline_featured_image":false,"footnotes":""},"categories":[9,373],"tags":[],"class_list":["post-1101","post","type-post","status-publish","format-standard","has-post-thumbnail","hentry","category-blog","category-genericas"],"yoast_head":"<!-- This site is optimized with the Yoast SEO plugin v27.4 - https:\/\/yoast.com\/product\/yoast-seo-wordpress\/ -->\n<title>Mand\u00edbula: Anatom\u00eda Mandibular - CETYS<\/title>\n<meta name=\"description\" content=\"La mand\u00edbula es la estructura \u00f3sea del maxilar inferior y de la parte inferior de la cara. Conoce m\u00e1s sobre la anatom\u00eda mandibular.\" \/>\n<meta name=\"robots\" content=\"index, follow, max-snippet:-1, max-image-preview:large, max-video-preview:-1\" \/>\n<link rel=\"canonical\" href=\"https:\/\/fpsuperiorufv.es\/blog\/anatomia-mandibular\/\" \/>\n<meta property=\"og:locale\" content=\"es_ES\" \/>\n<meta property=\"og:type\" content=\"article\" \/>\n<meta property=\"og:title\" content=\"Mand\u00edbula: Anatom\u00eda Mandibular - CETYS\" \/>\n<meta property=\"og:description\" content=\"La mand\u00edbula es la estructura \u00f3sea del maxilar inferior y de la parte inferior de la cara. Conoce m\u00e1s sobre la anatom\u00eda mandibular.\" \/>\n<meta property=\"og:url\" content=\"https:\/\/fpsuperiorufv.es\/blog\/anatomia-mandibular\/\" \/>\n<meta property=\"og:site_name\" content=\"Cetys\" \/>\n<meta property=\"article:published_time\" content=\"2025-12-24T09:41:12+00:00\" \/>\n<meta property=\"article:modified_time\" content=\"2025-12-24T09:41:13+00:00\" \/>\n<meta property=\"og:image\" content=\"https:\/\/fpsuperiorufv.es\/blog\/wp-content\/uploads\/2025\/07\/skull-gaa9505211_1920.jpg\" \/>\n\t<meta property=\"og:image:width\" content=\"1920\" \/>\n\t<meta property=\"og:image:height\" content=\"1280\" \/>\n\t<meta property=\"og:image:type\" content=\"image\/jpeg\" \/>\n<meta name=\"author\" content=\"FP Superior UFV\" \/>\n<meta name=\"twitter:card\" content=\"summary_large_image\" \/>\n<meta name=\"twitter:label1\" content=\"Escrito por\" \/>\n\t<meta name=\"twitter:data1\" content=\"FP Superior UFV\" \/>\n\t<meta name=\"twitter:label2\" content=\"Tiempo de lectura\" \/>\n\t<meta name=\"twitter:data2\" content=\"4 minutos\" \/>\n<script type=\"application\/ld+json\" class=\"yoast-schema-graph\">{\"@context\":\"https:\\\/\\\/schema.org\",\"@graph\":[{\"@type\":\"Article\",\"@id\":\"https:\\\/\\\/fpsuperiorufv.es\\\/blog\\\/anatomia-mandibular\\\/#article\",\"isPartOf\":{\"@id\":\"https:\\\/\\\/fpsuperiorufv.es\\\/blog\\\/anatomia-mandibular\\\/\"},\"author\":{\"name\":\"FP Superior UFV\",\"@id\":\"https:\\\/\\\/fpsuperiorufv.es\\\/blog\\\/#\\\/schema\\\/person\\\/c7ac6e2e7af298050da8d956ac824347\"},\"headline\":\"Mand\u00edbula: Anatom\u00eda mandibular\",\"datePublished\":\"2025-12-24T09:41:12+00:00\",\"dateModified\":\"2025-12-24T09:41:13+00:00\",\"mainEntityOfPage\":{\"@id\":\"https:\\\/\\\/fpsuperiorufv.es\\\/blog\\\/anatomia-mandibular\\\/\"},\"wordCount\":827,\"publisher\":{\"@id\":\"https:\\\/\\\/fpsuperiorufv.es\\\/blog\\\/#organization\"},\"image\":{\"@id\":\"https:\\\/\\\/fpsuperiorufv.es\\\/blog\\\/anatomia-mandibular\\\/#primaryimage\"},\"thumbnailUrl\":\"https:\\\/\\\/fpsuperiorufv.es\\\/blog\\\/wp-content\\\/uploads\\\/2025\\\/07\\\/skull-gaa9505211_1920.jpg\",\"articleSection\":[\"Blog\",\"Gen\u00e9ricas\"],\"inLanguage\":\"es\"},{\"@type\":\"WebPage\",\"@id\":\"https:\\\/\\\/fpsuperiorufv.es\\\/blog\\\/anatomia-mandibular\\\/\",\"url\":\"https:\\\/\\\/fpsuperiorufv.es\\\/blog\\\/anatomia-mandibular\\\/\",\"name\":\"Mand\u00edbula: Anatom\u00eda Mandibular - CETYS\",\"isPartOf\":{\"@id\":\"https:\\\/\\\/fpsuperiorufv.es\\\/blog\\\/#website\"},\"primaryImageOfPage\":{\"@id\":\"https:\\\/\\\/fpsuperiorufv.es\\\/blog\\\/anatomia-mandibular\\\/#primaryimage\"},\"image\":{\"@id\":\"https:\\\/\\\/fpsuperiorufv.es\\\/blog\\\/anatomia-mandibular\\\/#primaryimage\"},\"thumbnailUrl\":\"https:\\\/\\\/fpsuperiorufv.es\\\/blog\\\/wp-content\\\/uploads\\\/2025\\\/07\\\/skull-gaa9505211_1920.jpg\",\"datePublished\":\"2025-12-24T09:41:12+00:00\",\"dateModified\":\"2025-12-24T09:41:13+00:00\",\"description\":\"La mand\u00edbula es la estructura \u00f3sea del maxilar inferior y de la parte inferior de la cara. Conoce m\u00e1s sobre la anatom\u00eda mandibular.\",\"breadcrumb\":{\"@id\":\"https:\\\/\\\/fpsuperiorufv.es\\\/blog\\\/anatomia-mandibular\\\/#breadcrumb\"},\"inLanguage\":\"es\",\"potentialAction\":[{\"@type\":\"ReadAction\",\"target\":[\"https:\\\/\\\/fpsuperiorufv.es\\\/blog\\\/anatomia-mandibular\\\/\"]}]},{\"@type\":\"ImageObject\",\"inLanguage\":\"es\",\"@id\":\"https:\\\/\\\/fpsuperiorufv.es\\\/blog\\\/anatomia-mandibular\\\/#primaryimage\",\"url\":\"https:\\\/\\\/fpsuperiorufv.es\\\/blog\\\/wp-content\\\/uploads\\\/2025\\\/07\\\/skull-gaa9505211_1920.jpg\",\"contentUrl\":\"https:\\\/\\\/fpsuperiorufv.es\\\/blog\\\/wp-content\\\/uploads\\\/2025\\\/07\\\/skull-gaa9505211_1920.jpg\",\"width\":1920,\"height\":1280},{\"@type\":\"BreadcrumbList\",\"@id\":\"https:\\\/\\\/fpsuperiorufv.es\\\/blog\\\/anatomia-mandibular\\\/#breadcrumb\",\"itemListElement\":[{\"@type\":\"ListItem\",\"position\":1,\"name\":\"Home\",\"item\":\"https:\\\/\\\/fpsuperiorufv.es\\\/blog\\\/\"},{\"@type\":\"ListItem\",\"position\":2,\"name\":\"Mand\u00edbula: Anatom\u00eda mandibular\"}]},{\"@type\":\"WebSite\",\"@id\":\"https:\\\/\\\/fpsuperiorufv.es\\\/blog\\\/#website\",\"url\":\"https:\\\/\\\/fpsuperiorufv.es\\\/blog\\\/\",\"name\":\"Fp Superior Francisco de Vitoria\",\"description\":\"\",\"publisher\":{\"@id\":\"https:\\\/\\\/fpsuperiorufv.es\\\/blog\\\/#organization\"},\"alternateName\":\"Cetys\",\"potentialAction\":[{\"@type\":\"SearchAction\",\"target\":{\"@type\":\"EntryPoint\",\"urlTemplate\":\"https:\\\/\\\/fpsuperiorufv.es\\\/blog\\\/?s={search_term_string}\"},\"query-input\":{\"@type\":\"PropertyValueSpecification\",\"valueRequired\":true,\"valueName\":\"search_term_string\"}}],\"inLanguage\":\"es\"},{\"@type\":\"Organization\",\"@id\":\"https:\\\/\\\/fpsuperiorufv.es\\\/blog\\\/#organization\",\"name\":\"Cetys\",\"url\":\"https:\\\/\\\/fpsuperiorufv.es\\\/blog\\\/\",\"logo\":{\"@type\":\"ImageObject\",\"inLanguage\":\"es\",\"@id\":\"https:\\\/\\\/fpsuperiorufv.es\\\/blog\\\/#\\\/schema\\\/logo\\\/image\\\/\",\"url\":\"https:\\\/\\\/fpsuperiorufv.lo\\\/wp-content\\\/uploads\\\/2025\\\/02\\\/logo.svg\",\"contentUrl\":\"https:\\\/\\\/fpsuperiorufv.lo\\\/wp-content\\\/uploads\\\/2025\\\/02\\\/logo.svg\",\"width\":\"1024\",\"height\":\"1024\",\"caption\":\"Cetys\"},\"image\":{\"@id\":\"https:\\\/\\\/fpsuperiorufv.es\\\/blog\\\/#\\\/schema\\\/logo\\\/image\\\/\"}},{\"@type\":\"Person\",\"@id\":\"https:\\\/\\\/fpsuperiorufv.es\\\/blog\\\/#\\\/schema\\\/person\\\/c7ac6e2e7af298050da8d956ac824347\",\"name\":\"FP Superior UFV\",\"image\":{\"@type\":\"ImageObject\",\"inLanguage\":\"es\",\"@id\":\"https:\\\/\\\/secure.gravatar.com\\\/avatar\\\/002af9a4377d87096f281de7725cae2f359bff0b0b7439b98b80936e58af2d91?s=96&d=mm&r=g\",\"url\":\"https:\\\/\\\/secure.gravatar.com\\\/avatar\\\/002af9a4377d87096f281de7725cae2f359bff0b0b7439b98b80936e58af2d91?s=96&d=mm&r=g\",\"contentUrl\":\"https:\\\/\\\/secure.gravatar.com\\\/avatar\\\/002af9a4377d87096f281de7725cae2f359bff0b0b7439b98b80936e58af2d91?s=96&d=mm&r=g\",\"caption\":\"FP Superior UFV\"},\"sameAs\":[\"https:\\\/\\\/fpsuperiorufv.lo\"],\"url\":\"https:\\\/\\\/fpsuperiorufv.es\\\/blog\\\/author\\\/administrador\\\/\"}]}<\/script>\n<!-- \/ Yoast SEO plugin. -->","yoast_head_json":{"title":"Mand\u00edbula: Anatom\u00eda Mandibular - CETYS","description":"La mand\u00edbula es la estructura \u00f3sea del maxilar inferior y de la parte inferior de la cara. Conoce m\u00e1s sobre la anatom\u00eda mandibular.","robots":{"index":"index","follow":"follow","max-snippet":"max-snippet:-1","max-image-preview":"max-image-preview:large","max-video-preview":"max-video-preview:-1"},"canonical":"https:\/\/fpsuperiorufv.es\/blog\/anatomia-mandibular\/","og_locale":"es_ES","og_type":"article","og_title":"Mand\u00edbula: Anatom\u00eda Mandibular - CETYS","og_description":"La mand\u00edbula es la estructura \u00f3sea del maxilar inferior y de la parte inferior de la cara. Conoce m\u00e1s sobre la anatom\u00eda mandibular.","og_url":"https:\/\/fpsuperiorufv.es\/blog\/anatomia-mandibular\/","og_site_name":"Cetys","article_published_time":"2025-12-24T09:41:12+00:00","article_modified_time":"2025-12-24T09:41:13+00:00","og_image":[{"width":1920,"height":1280,"url":"https:\/\/fpsuperiorufv.es\/blog\/wp-content\/uploads\/2025\/07\/skull-gaa9505211_1920.jpg","type":"image\/jpeg"}],"author":"FP Superior UFV","twitter_card":"summary_large_image","twitter_misc":{"Escrito por":"FP Superior UFV","Tiempo de lectura":"4 minutos"},"schema":{"@context":"https:\/\/schema.org","@graph":[{"@type":"Article","@id":"https:\/\/fpsuperiorufv.es\/blog\/anatomia-mandibular\/#article","isPartOf":{"@id":"https:\/\/fpsuperiorufv.es\/blog\/anatomia-mandibular\/"},"author":{"name":"FP Superior UFV","@id":"https:\/\/fpsuperiorufv.es\/blog\/#\/schema\/person\/c7ac6e2e7af298050da8d956ac824347"},"headline":"Mand\u00edbula: Anatom\u00eda mandibular","datePublished":"2025-12-24T09:41:12+00:00","dateModified":"2025-12-24T09:41:13+00:00","mainEntityOfPage":{"@id":"https:\/\/fpsuperiorufv.es\/blog\/anatomia-mandibular\/"},"wordCount":827,"publisher":{"@id":"https:\/\/fpsuperiorufv.es\/blog\/#organization"},"image":{"@id":"https:\/\/fpsuperiorufv.es\/blog\/anatomia-mandibular\/#primaryimage"},"thumbnailUrl":"https:\/\/fpsuperiorufv.es\/blog\/wp-content\/uploads\/2025\/07\/skull-gaa9505211_1920.jpg","articleSection":["Blog","Gen\u00e9ricas"],"inLanguage":"es"},{"@type":"WebPage","@id":"https:\/\/fpsuperiorufv.es\/blog\/anatomia-mandibular\/","url":"https:\/\/fpsuperiorufv.es\/blog\/anatomia-mandibular\/","name":"Mand\u00edbula: Anatom\u00eda Mandibular - CETYS","isPartOf":{"@id":"https:\/\/fpsuperiorufv.es\/blog\/#website"},"primaryImageOfPage":{"@id":"https:\/\/fpsuperiorufv.es\/blog\/anatomia-mandibular\/#primaryimage"},"image":{"@id":"https:\/\/fpsuperiorufv.es\/blog\/anatomia-mandibular\/#primaryimage"},"thumbnailUrl":"https:\/\/fpsuperiorufv.es\/blog\/wp-content\/uploads\/2025\/07\/skull-gaa9505211_1920.jpg","datePublished":"2025-12-24T09:41:12+00:00","dateModified":"2025-12-24T09:41:13+00:00","description":"La mand\u00edbula es la estructura \u00f3sea del maxilar inferior y de la parte inferior de la cara. Conoce m\u00e1s sobre la anatom\u00eda mandibular.","breadcrumb":{"@id":"https:\/\/fpsuperiorufv.es\/blog\/anatomia-mandibular\/#breadcrumb"},"inLanguage":"es","potentialAction":[{"@type":"ReadAction","target":["https:\/\/fpsuperiorufv.es\/blog\/anatomia-mandibular\/"]}]},{"@type":"ImageObject","inLanguage":"es","@id":"https:\/\/fpsuperiorufv.es\/blog\/anatomia-mandibular\/#primaryimage","url":"https:\/\/fpsuperiorufv.es\/blog\/wp-content\/uploads\/2025\/07\/skull-gaa9505211_1920.jpg","contentUrl":"https:\/\/fpsuperiorufv.es\/blog\/wp-content\/uploads\/2025\/07\/skull-gaa9505211_1920.jpg","width":1920,"height":1280},{"@type":"BreadcrumbList","@id":"https:\/\/fpsuperiorufv.es\/blog\/anatomia-mandibular\/#breadcrumb","itemListElement":[{"@type":"ListItem","position":1,"name":"Home","item":"https:\/\/fpsuperiorufv.es\/blog\/"},{"@type":"ListItem","position":2,"name":"Mand\u00edbula: Anatom\u00eda mandibular"}]},{"@type":"WebSite","@id":"https:\/\/fpsuperiorufv.es\/blog\/#website","url":"https:\/\/fpsuperiorufv.es\/blog\/","name":"Fp Superior Francisco de Vitoria","description":"","publisher":{"@id":"https:\/\/fpsuperiorufv.es\/blog\/#organization"},"alternateName":"Cetys","potentialAction":[{"@type":"SearchAction","target":{"@type":"EntryPoint","urlTemplate":"https:\/\/fpsuperiorufv.es\/blog\/?s={search_term_string}"},"query-input":{"@type":"PropertyValueSpecification","valueRequired":true,"valueName":"search_term_string"}}],"inLanguage":"es"},{"@type":"Organization","@id":"https:\/\/fpsuperiorufv.es\/blog\/#organization","name":"Cetys","url":"https:\/\/fpsuperiorufv.es\/blog\/","logo":{"@type":"ImageObject","inLanguage":"es","@id":"https:\/\/fpsuperiorufv.es\/blog\/#\/schema\/logo\/image\/","url":"https:\/\/fpsuperiorufv.lo\/wp-content\/uploads\/2025\/02\/logo.svg","contentUrl":"https:\/\/fpsuperiorufv.lo\/wp-content\/uploads\/2025\/02\/logo.svg","width":"1024","height":"1024","caption":"Cetys"},"image":{"@id":"https:\/\/fpsuperiorufv.es\/blog\/#\/schema\/logo\/image\/"}},{"@type":"Person","@id":"https:\/\/fpsuperiorufv.es\/blog\/#\/schema\/person\/c7ac6e2e7af298050da8d956ac824347","name":"FP Superior UFV","image":{"@type":"ImageObject","inLanguage":"es","@id":"https:\/\/secure.gravatar.com\/avatar\/002af9a4377d87096f281de7725cae2f359bff0b0b7439b98b80936e58af2d91?s=96&d=mm&r=g","url":"https:\/\/secure.gravatar.com\/avatar\/002af9a4377d87096f281de7725cae2f359bff0b0b7439b98b80936e58af2d91?s=96&d=mm&r=g","contentUrl":"https:\/\/secure.gravatar.com\/avatar\/002af9a4377d87096f281de7725cae2f359bff0b0b7439b98b80936e58af2d91?s=96&d=mm&r=g","caption":"FP Superior UFV"},"sameAs":["https:\/\/fpsuperiorufv.lo"],"url":"https:\/\/fpsuperiorufv.es\/blog\/author\/administrador\/"}]}},"_links":{"self":[{"href":"https:\/\/fpsuperiorufv.es\/blog\/wp-json\/wp\/v2\/posts\/1101","targetHints":{"allow":["GET"]}}],"collection":[{"href":"https:\/\/fpsuperiorufv.es\/blog\/wp-json\/wp\/v2\/posts"}],"about":[{"href":"https:\/\/fpsuperiorufv.es\/blog\/wp-json\/wp\/v2\/types\/post"}],"author":[{"embeddable":true,"href":"https:\/\/fpsuperiorufv.es\/blog\/wp-json\/wp\/v2\/users\/1"}],"replies":[{"embeddable":true,"href":"https:\/\/fpsuperiorufv.es\/blog\/wp-json\/wp\/v2\/comments?post=1101"}],"version-history":[{"count":2,"href":"https:\/\/fpsuperiorufv.es\/blog\/wp-json\/wp\/v2\/posts\/1101\/revisions"}],"predecessor-version":[{"id":279623,"href":"https:\/\/fpsuperiorufv.es\/blog\/wp-json\/wp\/v2\/posts\/1101\/revisions\/279623"}],"wp:featuredmedia":[{"embeddable":true,"href":"https:\/\/fpsuperiorufv.es\/blog\/wp-json\/wp\/v2\/media\/1102"}],"wp:attachment":[{"href":"https:\/\/fpsuperiorufv.es\/blog\/wp-json\/wp\/v2\/media?parent=1101"}],"wp:term":[{"taxonomy":"category","embeddable":true,"href":"https:\/\/fpsuperiorufv.es\/blog\/wp-json\/wp\/v2\/categories?post=1101"},{"taxonomy":"post_tag","embeddable":true,"href":"https:\/\/fpsuperiorufv.es\/blog\/wp-json\/wp\/v2\/tags?post=1101"}],"curies":[{"name":"wp","href":"https:\/\/api.w.org\/{rel}","templated":true}]}}