{"id":1135,"date":"2025-12-05T12:34:47","date_gmt":"2025-12-05T11:34:47","guid":{"rendered":"https:\/\/fpsuperiorufv.es\/blog\/2023\/01\/05\/cual-es-la-diferencia-entre-un-asesor-de-imagen-y-un-estilista-personal\/"},"modified":"2025-12-15T14:30:16","modified_gmt":"2025-12-15T13:30:16","slug":"cual-es-la-diferencia-entre-un-asesor-de-imagen-y-un-estilista-personal","status":"publish","type":"post","link":"https:\/\/fpsuperiorufv.es\/blog\/cual-es-la-diferencia-entre-un-asesor-de-imagen-y-un-estilista-personal\/","title":{"rendered":"\u00bfCu\u00e1l es la diferencia entre un asesor de imagen y un estilista personal?"},"content":{"rendered":"<p><a name=\"_heading=h.gjdgxs\"><\/a><a name=\"_heading=h.gjdgxs\"><\/a><\/p>\n\n<p>Para responder a la pregunta \u201c\u00bfcu\u00e1l es la diferencia entre un asesor de imagen y un estilista personal?\u201d debemos desmentir la falsa idea de que todos los estilistas personales son asesores de imagen. Un estilista personal puede ayudarte con tu vestuario, pero no te ofrecer\u00e1 cambios de imagen ni consejos para mejorar tu aspecto general. En cambio, un asesor de imagen trabajar\u00e1 contigo para crear un plan estrat\u00e9gico que incorpore tu ropa, maquillaje y accesorios. Un asesor de imagen tambi\u00e9n te ayudar\u00e1 con tu aspecto general, pero no se centrar\u00e1 tanto en tu ropa.<\/p>\n<h2>\u00bfQu\u00e9 se necesita para ser un asesor de imagen de \u00e9xito?<\/h2>\n<p>No hay requisitos educativos espec\u00edficos para ser asesor de imagen, pero muchos tienen formaci\u00f3n en dise\u00f1o de moda, marketing, relaciones p\u00fablicas o psicolog\u00eda. Lo primero y m\u00e1s importante es aprender sobre los distintos tipos de cuerpo y c\u00f3mo vestirlos. Tambi\u00e9n debes aprender sobre teor\u00eda del color, tejidos y tendencias. La formaci\u00f3n tambi\u00e9n es esencial, y existen muchos programas acreditados que te ense\u00f1ar\u00e1n las habilidades necesarias para tener \u00e9xito.<\/p>\n<h2>\u00bfQu\u00e9 necesitas para ser una estilista personal de \u00e9xito?<\/h2>\n<p>La mayor\u00eda de los estilistas personales tienen formaci\u00f3n formal, ya sea en una escuela de estilismo o trabajando con un estilista m\u00e1s experimentado. Estudiar el <u><a href=\"https:\/\/fpsuperiorufv.es\/ciclo-superior-en-asesoria-de-imagen-personal-y-corporativa\/\">T\u00e9cnico Superior en Asesor\u00eda de Imagen Personal y Corporativa<\/a><\/u> puede darte la base para poner en marcha tu propio negocio de estilismo.<\/p>\n<h2>\u00bfQu\u00e9 servicios ofrecen los asesores de imagen?<\/h2>\n<p>Los asesores de imagen ofrecen varios servicios para ayudar a sus clientes a verse y sentirse lo mejor posible. Algunos de los servicios m\u00e1s comunes que ofrecen los asesores de imagen son compras personales, an\u00e1lisis del color, asesoramiento sobre vestuario y consejos sobre maquillaje.<\/p>\n<p>Adem\u00e1s de estos servicios generales, algunos asesores de imagen tambi\u00e9n ofrecen servicios m\u00e1s especializados, como coaching de etiqueta o asesoramiento profesional. Independientemente del tipo de servicio que busques, es probable que haya un asesor de imagen que pueda ayudarte a conseguir tus objetivos.<\/p>\n<h2>\u00bfQu\u00e9 servicios ofrecen los estilistas personales?<\/h2>\n<p>Uno de los servicios m\u00e1s populares es ayudar a los clientes a encontrar ropa que les quede bien y favorezca su figura. Los estilistas personales suelen tener un excelente sentido de la moda y pueden ayudar a los clientes a crear conjuntos elegantes y adecuados a su estilo de vida.<\/p>\n<p>Otro servicio popular es ayudar a los clientes a organizar su armario. Los estilistas personales pueden ayudar a deshacerse de las prendas que ya no se usan y sugerir qu\u00e9 prendas conservar en funci\u00f3n del estilo y las necesidades de ropa del cliente.<\/p>\n<p>&nbsp;<\/p>\n<h2>\u00bfQui\u00e9nes son los clientes t\u00edpicos de un asesor de imagen?<\/h2>\n<p>La mayor\u00eda de los asesores de imagen trabajan con un amplio abanico de clientes, desde famosos y ejecutivos de empresas hasta gente corriente que quiere mejorar su propio aspecto. Sin embargo, algunos tipos de clientes son m\u00e1s habituales que otros.Un tipo com\u00fan de cliente es la mujer profesional. Una mujer en esta situaci\u00f3n puede estar intentando avanzar en su carrera o cambiar de profesi\u00f3n, y sabe que su aspecto puede influir en ello.<\/p>\n<p>Otro tipo de cliente habitual es el reci\u00e9n licenciado. Esta persona puede estar empezando en su primer trabajo y no sabe c\u00f3mo vestirse para triunfar.<\/p>\n<h2>\u00bfQui\u00e9nes son los clientes t\u00edpicos de un estilista personal?<\/h2>\n<p>No hay un tipo espec\u00edfico de cliente que acuda a un estilista personal. De hecho, los estilistas personales suelen trabajar con varios clientes, cada uno con sus propias necesidades y deseos. Algunos clientes pueden buscar ayuda para desarrollar un nuevo estilo o vestuario, mientras que otros pueden necesitar ayuda para vestirse para un acontecimiento especial. Muchos estilistas personales tambi\u00e9n ofrecen servicios de consulta para ayudar a los clientes a comprar ropa y accesorios que se ajusten a su tipo de cuerpo y a sus gustos personales.<\/p>\n<h2>Conclusi\u00f3n<\/h2>\n<p>Tanto el<strong> asesor de imagen <\/strong>como el estilista personal pueden ayudarte a tener el mejor aspecto posible, pero se centran en \u00e1reas diferentes. Un asesor de imagen suele trabajar con los clientes para crear un aspecto cohesionado que represente su marca profesional o personal. Por otra parte, un<strong> estilista personal<\/strong> suele trabajar con los clientes de forma m\u00e1s individual para encontrar estilos que les hagan sentirse c\u00f3modos y seguros de s\u00ed mismos.<\/p>\n<p>&nbsp;<\/p>\n<p>En definitiva, un asesor de imagen y un estilista personal pueden ayudarte a desarrollar tu propio estilo y ahora puedes formarte de forma online gracias a el <u><a href=\"https:\/\/fpsuperiorufv.es\/tecnico-superior-en-asesoria-de-imagen-personal-y-corporativa-online\/\">T\u00e9cnico Superior en Asesor\u00eda de Imagen Personal y Corporativa Online<\/a><\/u><u><\/u><\/p>\n<p>&nbsp;<\/p>\n<p><\/p>\n","protected":false},"excerpt":{"rendered":"<p>[vc_section][vc_row][vc_column css=\".vc_custom_1655805738975{margin-top: 0px !important;margin-right: 0px !important;margin-bottom: 0px !important;margin-left: 0px !important;}\"][vc_breadcrumbs_module][\/vc_column][\/vc_row][\/vc_section][vc_section][vc_row el_class=\"container\" css=\".vc_custom_1655802988397{padding-top: 50px !important;padding-bottom: 50px !important;}\"][vc_column][vc_single_image source=\"featured_image\" img_size=\"full\" alignment=\"center\" css=\".vc_custom_1660030768789{padding-top: 20px !important;padding-bottom: 20px !important;}\"][vc_column_text] Para responder a la pregunta \u201c\u00bfcu\u00e1l es la diferencia entre un asesor de imagen y un estilista personal?\u201d debemos desmentir la falsa idea de que todos los estilistas personales son asesores &hellip;<\/p>\n","protected":false},"author":1,"featured_media":1136,"comment_status":"closed","ping_status":"open","sticky":false,"template":"","format":"standard","meta":{"inline_featured_image":false,"footnotes":""},"categories":[377,9],"tags":[],"class_list":["post-1135","post","type-post","status-publish","format-standard","has-post-thumbnail","hentry","category-asesoria-de-imagen-personal-y-corporativa","category-blog"],"yoast_head":"<!-- This site is optimized with the Yoast SEO plugin v27.4 - https:\/\/yoast.com\/product\/yoast-seo-wordpress\/ -->\n<title>\u00bfDiferencia entre un asesor de imagen y un estilista personal? - CETYS<\/title>\n<meta name=\"description\" content=\"Un estilista personal y un asesor de imagen pueden parecer lo mismo, pero tienen una serie de matices y diferencias. \u00a1Continua leyendo!\" \/>\n<meta name=\"robots\" content=\"index, follow, max-snippet:-1, max-image-preview:large, max-video-preview:-1\" \/>\n<link rel=\"canonical\" href=\"https:\/\/fpsuperiorufv.es\/blog\/cual-es-la-diferencia-entre-un-asesor-de-imagen-y-un-estilista-personal\/\" \/>\n<meta property=\"og:locale\" content=\"es_ES\" \/>\n<meta property=\"og:type\" content=\"article\" \/>\n<meta property=\"og:title\" content=\"\u00bfDiferencia entre un asesor de imagen y un estilista personal? - CETYS\" \/>\n<meta property=\"og:description\" content=\"Un estilista personal y un asesor de imagen pueden parecer lo mismo, pero tienen una serie de matices y diferencias. \u00a1Continua leyendo!\" \/>\n<meta property=\"og:url\" content=\"https:\/\/fpsuperiorufv.es\/blog\/cual-es-la-diferencia-entre-un-asesor-de-imagen-y-un-estilista-personal\/\" \/>\n<meta property=\"og:site_name\" content=\"Cetys\" \/>\n<meta property=\"article:published_time\" content=\"2025-12-05T11:34:47+00:00\" \/>\n<meta property=\"article:modified_time\" content=\"2025-12-15T13:30:16+00:00\" \/>\n<meta property=\"og:image\" content=\"https:\/\/fpsuperiorufv.es\/blog\/wp-content\/uploads\/2025\/07\/estilista-recogiendo-sombra-ojos-paleta-scaled-1.jpg\" \/>\n\t<meta property=\"og:image:width\" content=\"2560\" \/>\n\t<meta property=\"og:image:height\" content=\"1709\" \/>\n\t<meta property=\"og:image:type\" content=\"image\/jpeg\" \/>\n<meta name=\"author\" content=\"FP Superior UFV\" \/>\n<meta name=\"twitter:card\" content=\"summary_large_image\" \/>\n<meta name=\"twitter:label1\" content=\"Escrito por\" \/>\n\t<meta name=\"twitter:data1\" content=\"FP Superior UFV\" \/>\n\t<meta name=\"twitter:label2\" content=\"Tiempo de lectura\" \/>\n\t<meta name=\"twitter:data2\" content=\"5 minutos\" \/>\n<script type=\"application\/ld+json\" class=\"yoast-schema-graph\">{\"@context\":\"https:\\\/\\\/schema.org\",\"@graph\":[{\"@type\":\"Article\",\"@id\":\"https:\\\/\\\/fpsuperiorufv.es\\\/blog\\\/cual-es-la-diferencia-entre-un-asesor-de-imagen-y-un-estilista-personal\\\/#article\",\"isPartOf\":{\"@id\":\"https:\\\/\\\/fpsuperiorufv.es\\\/blog\\\/cual-es-la-diferencia-entre-un-asesor-de-imagen-y-un-estilista-personal\\\/\"},\"author\":{\"name\":\"FP Superior UFV\",\"@id\":\"https:\\\/\\\/fpsuperiorufv.es\\\/blog\\\/#\\\/schema\\\/person\\\/c7ac6e2e7af298050da8d956ac824347\"},\"headline\":\"\u00bfCu\u00e1l es la diferencia entre un asesor de imagen y un estilista personal?\",\"datePublished\":\"2025-12-05T11:34:47+00:00\",\"dateModified\":\"2025-12-15T13:30:16+00:00\",\"mainEntityOfPage\":{\"@id\":\"https:\\\/\\\/fpsuperiorufv.es\\\/blog\\\/cual-es-la-diferencia-entre-un-asesor-de-imagen-y-un-estilista-personal\\\/\"},\"wordCount\":923,\"publisher\":{\"@id\":\"https:\\\/\\\/fpsuperiorufv.es\\\/blog\\\/#organization\"},\"image\":{\"@id\":\"https:\\\/\\\/fpsuperiorufv.es\\\/blog\\\/cual-es-la-diferencia-entre-un-asesor-de-imagen-y-un-estilista-personal\\\/#primaryimage\"},\"thumbnailUrl\":\"https:\\\/\\\/fpsuperiorufv.es\\\/blog\\\/wp-content\\\/uploads\\\/2025\\\/07\\\/estilista-recogiendo-sombra-ojos-paleta-scaled-1.jpg\",\"articleSection\":[\"Asesor\u00eda de Imagen Personal y Corporativa\",\"Blog\"],\"inLanguage\":\"es\"},{\"@type\":\"WebPage\",\"@id\":\"https:\\\/\\\/fpsuperiorufv.es\\\/blog\\\/cual-es-la-diferencia-entre-un-asesor-de-imagen-y-un-estilista-personal\\\/\",\"url\":\"https:\\\/\\\/fpsuperiorufv.es\\\/blog\\\/cual-es-la-diferencia-entre-un-asesor-de-imagen-y-un-estilista-personal\\\/\",\"name\":\"\u00bfDiferencia entre un asesor de imagen y un estilista personal? - CETYS\",\"isPartOf\":{\"@id\":\"https:\\\/\\\/fpsuperiorufv.es\\\/blog\\\/#website\"},\"primaryImageOfPage\":{\"@id\":\"https:\\\/\\\/fpsuperiorufv.es\\\/blog\\\/cual-es-la-diferencia-entre-un-asesor-de-imagen-y-un-estilista-personal\\\/#primaryimage\"},\"image\":{\"@id\":\"https:\\\/\\\/fpsuperiorufv.es\\\/blog\\\/cual-es-la-diferencia-entre-un-asesor-de-imagen-y-un-estilista-personal\\\/#primaryimage\"},\"thumbnailUrl\":\"https:\\\/\\\/fpsuperiorufv.es\\\/blog\\\/wp-content\\\/uploads\\\/2025\\\/07\\\/estilista-recogiendo-sombra-ojos-paleta-scaled-1.jpg\",\"datePublished\":\"2025-12-05T11:34:47+00:00\",\"dateModified\":\"2025-12-15T13:30:16+00:00\",\"description\":\"Un estilista personal y un asesor de imagen pueden parecer lo mismo, pero tienen una serie de matices y diferencias. \u00a1Continua leyendo!\",\"breadcrumb\":{\"@id\":\"https:\\\/\\\/fpsuperiorufv.es\\\/blog\\\/cual-es-la-diferencia-entre-un-asesor-de-imagen-y-un-estilista-personal\\\/#breadcrumb\"},\"inLanguage\":\"es\",\"potentialAction\":[{\"@type\":\"ReadAction\",\"target\":[\"https:\\\/\\\/fpsuperiorufv.es\\\/blog\\\/cual-es-la-diferencia-entre-un-asesor-de-imagen-y-un-estilista-personal\\\/\"]}]},{\"@type\":\"ImageObject\",\"inLanguage\":\"es\",\"@id\":\"https:\\\/\\\/fpsuperiorufv.es\\\/blog\\\/cual-es-la-diferencia-entre-un-asesor-de-imagen-y-un-estilista-personal\\\/#primaryimage\",\"url\":\"https:\\\/\\\/fpsuperiorufv.es\\\/blog\\\/wp-content\\\/uploads\\\/2025\\\/07\\\/estilista-recogiendo-sombra-ojos-paleta-scaled-1.jpg\",\"contentUrl\":\"https:\\\/\\\/fpsuperiorufv.es\\\/blog\\\/wp-content\\\/uploads\\\/2025\\\/07\\\/estilista-recogiendo-sombra-ojos-paleta-scaled-1.jpg\",\"width\":2560,\"height\":1709},{\"@type\":\"BreadcrumbList\",\"@id\":\"https:\\\/\\\/fpsuperiorufv.es\\\/blog\\\/cual-es-la-diferencia-entre-un-asesor-de-imagen-y-un-estilista-personal\\\/#breadcrumb\",\"itemListElement\":[{\"@type\":\"ListItem\",\"position\":1,\"name\":\"Home\",\"item\":\"https:\\\/\\\/fpsuperiorufv.es\\\/blog\\\/\"},{\"@type\":\"ListItem\",\"position\":2,\"name\":\"\u00bfCu\u00e1l es la diferencia entre un asesor de imagen y un estilista personal?\"}]},{\"@type\":\"WebSite\",\"@id\":\"https:\\\/\\\/fpsuperiorufv.es\\\/blog\\\/#website\",\"url\":\"https:\\\/\\\/fpsuperiorufv.es\\\/blog\\\/\",\"name\":\"Fp Superior Francisco de Vitoria\",\"description\":\"\",\"publisher\":{\"@id\":\"https:\\\/\\\/fpsuperiorufv.es\\\/blog\\\/#organization\"},\"alternateName\":\"Cetys\",\"potentialAction\":[{\"@type\":\"SearchAction\",\"target\":{\"@type\":\"EntryPoint\",\"urlTemplate\":\"https:\\\/\\\/fpsuperiorufv.es\\\/blog\\\/?s={search_term_string}\"},\"query-input\":{\"@type\":\"PropertyValueSpecification\",\"valueRequired\":true,\"valueName\":\"search_term_string\"}}],\"inLanguage\":\"es\"},{\"@type\":\"Organization\",\"@id\":\"https:\\\/\\\/fpsuperiorufv.es\\\/blog\\\/#organization\",\"name\":\"Cetys\",\"url\":\"https:\\\/\\\/fpsuperiorufv.es\\\/blog\\\/\",\"logo\":{\"@type\":\"ImageObject\",\"inLanguage\":\"es\",\"@id\":\"https:\\\/\\\/fpsuperiorufv.es\\\/blog\\\/#\\\/schema\\\/logo\\\/image\\\/\",\"url\":\"https:\\\/\\\/fpsuperiorufv.lo\\\/wp-content\\\/uploads\\\/2025\\\/02\\\/logo.svg\",\"contentUrl\":\"https:\\\/\\\/fpsuperiorufv.lo\\\/wp-content\\\/uploads\\\/2025\\\/02\\\/logo.svg\",\"width\":\"1024\",\"height\":\"1024\",\"caption\":\"Cetys\"},\"image\":{\"@id\":\"https:\\\/\\\/fpsuperiorufv.es\\\/blog\\\/#\\\/schema\\\/logo\\\/image\\\/\"}},{\"@type\":\"Person\",\"@id\":\"https:\\\/\\\/fpsuperiorufv.es\\\/blog\\\/#\\\/schema\\\/person\\\/c7ac6e2e7af298050da8d956ac824347\",\"name\":\"FP Superior UFV\",\"image\":{\"@type\":\"ImageObject\",\"inLanguage\":\"es\",\"@id\":\"https:\\\/\\\/secure.gravatar.com\\\/avatar\\\/002af9a4377d87096f281de7725cae2f359bff0b0b7439b98b80936e58af2d91?s=96&d=mm&r=g\",\"url\":\"https:\\\/\\\/secure.gravatar.com\\\/avatar\\\/002af9a4377d87096f281de7725cae2f359bff0b0b7439b98b80936e58af2d91?s=96&d=mm&r=g\",\"contentUrl\":\"https:\\\/\\\/secure.gravatar.com\\\/avatar\\\/002af9a4377d87096f281de7725cae2f359bff0b0b7439b98b80936e58af2d91?s=96&d=mm&r=g\",\"caption\":\"FP Superior UFV\"},\"sameAs\":[\"https:\\\/\\\/fpsuperiorufv.lo\"],\"url\":\"https:\\\/\\\/fpsuperiorufv.es\\\/blog\\\/author\\\/administrador\\\/\"}]}<\/script>\n<!-- \/ Yoast SEO plugin. -->","yoast_head_json":{"title":"\u00bfDiferencia entre un asesor de imagen y un estilista personal? - CETYS","description":"Un estilista personal y un asesor de imagen pueden parecer lo mismo, pero tienen una serie de matices y diferencias. \u00a1Continua leyendo!","robots":{"index":"index","follow":"follow","max-snippet":"max-snippet:-1","max-image-preview":"max-image-preview:large","max-video-preview":"max-video-preview:-1"},"canonical":"https:\/\/fpsuperiorufv.es\/blog\/cual-es-la-diferencia-entre-un-asesor-de-imagen-y-un-estilista-personal\/","og_locale":"es_ES","og_type":"article","og_title":"\u00bfDiferencia entre un asesor de imagen y un estilista personal? - CETYS","og_description":"Un estilista personal y un asesor de imagen pueden parecer lo mismo, pero tienen una serie de matices y diferencias. \u00a1Continua leyendo!","og_url":"https:\/\/fpsuperiorufv.es\/blog\/cual-es-la-diferencia-entre-un-asesor-de-imagen-y-un-estilista-personal\/","og_site_name":"Cetys","article_published_time":"2025-12-05T11:34:47+00:00","article_modified_time":"2025-12-15T13:30:16+00:00","og_image":[{"width":2560,"height":1709,"url":"https:\/\/fpsuperiorufv.es\/blog\/wp-content\/uploads\/2025\/07\/estilista-recogiendo-sombra-ojos-paleta-scaled-1.jpg","type":"image\/jpeg"}],"author":"FP Superior UFV","twitter_card":"summary_large_image","twitter_misc":{"Escrito por":"FP Superior UFV","Tiempo de lectura":"5 minutos"},"schema":{"@context":"https:\/\/schema.org","@graph":[{"@type":"Article","@id":"https:\/\/fpsuperiorufv.es\/blog\/cual-es-la-diferencia-entre-un-asesor-de-imagen-y-un-estilista-personal\/#article","isPartOf":{"@id":"https:\/\/fpsuperiorufv.es\/blog\/cual-es-la-diferencia-entre-un-asesor-de-imagen-y-un-estilista-personal\/"},"author":{"name":"FP Superior UFV","@id":"https:\/\/fpsuperiorufv.es\/blog\/#\/schema\/person\/c7ac6e2e7af298050da8d956ac824347"},"headline":"\u00bfCu\u00e1l es la diferencia entre un asesor de imagen y un estilista personal?","datePublished":"2025-12-05T11:34:47+00:00","dateModified":"2025-12-15T13:30:16+00:00","mainEntityOfPage":{"@id":"https:\/\/fpsuperiorufv.es\/blog\/cual-es-la-diferencia-entre-un-asesor-de-imagen-y-un-estilista-personal\/"},"wordCount":923,"publisher":{"@id":"https:\/\/fpsuperiorufv.es\/blog\/#organization"},"image":{"@id":"https:\/\/fpsuperiorufv.es\/blog\/cual-es-la-diferencia-entre-un-asesor-de-imagen-y-un-estilista-personal\/#primaryimage"},"thumbnailUrl":"https:\/\/fpsuperiorufv.es\/blog\/wp-content\/uploads\/2025\/07\/estilista-recogiendo-sombra-ojos-paleta-scaled-1.jpg","articleSection":["Asesor\u00eda de Imagen Personal y Corporativa","Blog"],"inLanguage":"es"},{"@type":"WebPage","@id":"https:\/\/fpsuperiorufv.es\/blog\/cual-es-la-diferencia-entre-un-asesor-de-imagen-y-un-estilista-personal\/","url":"https:\/\/fpsuperiorufv.es\/blog\/cual-es-la-diferencia-entre-un-asesor-de-imagen-y-un-estilista-personal\/","name":"\u00bfDiferencia entre un asesor de imagen y un estilista personal? - CETYS","isPartOf":{"@id":"https:\/\/fpsuperiorufv.es\/blog\/#website"},"primaryImageOfPage":{"@id":"https:\/\/fpsuperiorufv.es\/blog\/cual-es-la-diferencia-entre-un-asesor-de-imagen-y-un-estilista-personal\/#primaryimage"},"image":{"@id":"https:\/\/fpsuperiorufv.es\/blog\/cual-es-la-diferencia-entre-un-asesor-de-imagen-y-un-estilista-personal\/#primaryimage"},"thumbnailUrl":"https:\/\/fpsuperiorufv.es\/blog\/wp-content\/uploads\/2025\/07\/estilista-recogiendo-sombra-ojos-paleta-scaled-1.jpg","datePublished":"2025-12-05T11:34:47+00:00","dateModified":"2025-12-15T13:30:16+00:00","description":"Un estilista personal y un asesor de imagen pueden parecer lo mismo, pero tienen una serie de matices y diferencias. \u00a1Continua leyendo!","breadcrumb":{"@id":"https:\/\/fpsuperiorufv.es\/blog\/cual-es-la-diferencia-entre-un-asesor-de-imagen-y-un-estilista-personal\/#breadcrumb"},"inLanguage":"es","potentialAction":[{"@type":"ReadAction","target":["https:\/\/fpsuperiorufv.es\/blog\/cual-es-la-diferencia-entre-un-asesor-de-imagen-y-un-estilista-personal\/"]}]},{"@type":"ImageObject","inLanguage":"es","@id":"https:\/\/fpsuperiorufv.es\/blog\/cual-es-la-diferencia-entre-un-asesor-de-imagen-y-un-estilista-personal\/#primaryimage","url":"https:\/\/fpsuperiorufv.es\/blog\/wp-content\/uploads\/2025\/07\/estilista-recogiendo-sombra-ojos-paleta-scaled-1.jpg","contentUrl":"https:\/\/fpsuperiorufv.es\/blog\/wp-content\/uploads\/2025\/07\/estilista-recogiendo-sombra-ojos-paleta-scaled-1.jpg","width":2560,"height":1709},{"@type":"BreadcrumbList","@id":"https:\/\/fpsuperiorufv.es\/blog\/cual-es-la-diferencia-entre-un-asesor-de-imagen-y-un-estilista-personal\/#breadcrumb","itemListElement":[{"@type":"ListItem","position":1,"name":"Home","item":"https:\/\/fpsuperiorufv.es\/blog\/"},{"@type":"ListItem","position":2,"name":"\u00bfCu\u00e1l es la diferencia entre un asesor de imagen y un estilista personal?"}]},{"@type":"WebSite","@id":"https:\/\/fpsuperiorufv.es\/blog\/#website","url":"https:\/\/fpsuperiorufv.es\/blog\/","name":"Fp Superior Francisco de Vitoria","description":"","publisher":{"@id":"https:\/\/fpsuperiorufv.es\/blog\/#organization"},"alternateName":"Cetys","potentialAction":[{"@type":"SearchAction","target":{"@type":"EntryPoint","urlTemplate":"https:\/\/fpsuperiorufv.es\/blog\/?s={search_term_string}"},"query-input":{"@type":"PropertyValueSpecification","valueRequired":true,"valueName":"search_term_string"}}],"inLanguage":"es"},{"@type":"Organization","@id":"https:\/\/fpsuperiorufv.es\/blog\/#organization","name":"Cetys","url":"https:\/\/fpsuperiorufv.es\/blog\/","logo":{"@type":"ImageObject","inLanguage":"es","@id":"https:\/\/fpsuperiorufv.es\/blog\/#\/schema\/logo\/image\/","url":"https:\/\/fpsuperiorufv.lo\/wp-content\/uploads\/2025\/02\/logo.svg","contentUrl":"https:\/\/fpsuperiorufv.lo\/wp-content\/uploads\/2025\/02\/logo.svg","width":"1024","height":"1024","caption":"Cetys"},"image":{"@id":"https:\/\/fpsuperiorufv.es\/blog\/#\/schema\/logo\/image\/"}},{"@type":"Person","@id":"https:\/\/fpsuperiorufv.es\/blog\/#\/schema\/person\/c7ac6e2e7af298050da8d956ac824347","name":"FP Superior UFV","image":{"@type":"ImageObject","inLanguage":"es","@id":"https:\/\/secure.gravatar.com\/avatar\/002af9a4377d87096f281de7725cae2f359bff0b0b7439b98b80936e58af2d91?s=96&d=mm&r=g","url":"https:\/\/secure.gravatar.com\/avatar\/002af9a4377d87096f281de7725cae2f359bff0b0b7439b98b80936e58af2d91?s=96&d=mm&r=g","contentUrl":"https:\/\/secure.gravatar.com\/avatar\/002af9a4377d87096f281de7725cae2f359bff0b0b7439b98b80936e58af2d91?s=96&d=mm&r=g","caption":"FP Superior UFV"},"sameAs":["https:\/\/fpsuperiorufv.lo"],"url":"https:\/\/fpsuperiorufv.es\/blog\/author\/administrador\/"}]}},"_links":{"self":[{"href":"https:\/\/fpsuperiorufv.es\/blog\/wp-json\/wp\/v2\/posts\/1135","targetHints":{"allow":["GET"]}}],"collection":[{"href":"https:\/\/fpsuperiorufv.es\/blog\/wp-json\/wp\/v2\/posts"}],"about":[{"href":"https:\/\/fpsuperiorufv.es\/blog\/wp-json\/wp\/v2\/types\/post"}],"author":[{"embeddable":true,"href":"https:\/\/fpsuperiorufv.es\/blog\/wp-json\/wp\/v2\/users\/1"}],"replies":[{"embeddable":true,"href":"https:\/\/fpsuperiorufv.es\/blog\/wp-json\/wp\/v2\/comments?post=1135"}],"version-history":[{"count":1,"href":"https:\/\/fpsuperiorufv.es\/blog\/wp-json\/wp\/v2\/posts\/1135\/revisions"}],"predecessor-version":[{"id":2027,"href":"https:\/\/fpsuperiorufv.es\/blog\/wp-json\/wp\/v2\/posts\/1135\/revisions\/2027"}],"wp:featuredmedia":[{"embeddable":true,"href":"https:\/\/fpsuperiorufv.es\/blog\/wp-json\/wp\/v2\/media\/1136"}],"wp:attachment":[{"href":"https:\/\/fpsuperiorufv.es\/blog\/wp-json\/wp\/v2\/media?parent=1135"}],"wp:term":[{"taxonomy":"category","embeddable":true,"href":"https:\/\/fpsuperiorufv.es\/blog\/wp-json\/wp\/v2\/categories?post=1135"},{"taxonomy":"post_tag","embeddable":true,"href":"https:\/\/fpsuperiorufv.es\/blog\/wp-json\/wp\/v2\/tags?post=1135"}],"curies":[{"name":"wp","href":"https:\/\/api.w.org\/{rel}","templated":true}]}}