{"id":1185,"date":"2025-12-04T04:18:49","date_gmt":"2025-12-04T03:18:49","guid":{"rendered":"https:\/\/fpsuperiorufv.es\/blog\/2023\/03\/07\/que-es-el-desarrollo-socioafectivo\/"},"modified":"2025-12-15T14:43:32","modified_gmt":"2025-12-15T13:43:32","slug":"que-es-el-desarrollo-socioafectivo","status":"publish","type":"post","link":"https:\/\/fpsuperiorufv.es\/blog\/que-es-el-desarrollo-socioafectivo\/","title":{"rendered":"\u00bfQu\u00e9 es el desarrollo socioafectivo?"},"content":{"rendered":"<p><\/p>\n\n<p><span style=\"font-weight: 400;\">Desde que somos peque\u00f1os necesitamos desarrollar una serie de habilidades que ser\u00e1n fundamentales para formarnos como individuos sociales. Un ejemplo es la gesti\u00f3n asertiva de emociones.\u00a0<\/span><\/p>\n<p><span style=\"font-weight: 400;\">Es aqu\u00ed cuando entra en escena <\/span><b>el desarrollo socioafectivo<\/b><span style=\"font-weight: 400;\">, que <\/span><b>es la capacidad que tenemos los individuos para interactuar con otros, expresar nuestras emociones y tejer relaciones interpersonales de una manera correcta y sana.<\/b><\/p>\n<p><span style=\"font-weight: 400;\">En el siguiente art\u00edculo vamos a ver por qu\u00e9 es tan importante el desarrollo socioafectivo desde que somos ni\u00f1os y presentaremos una serie de buenas conductas para una \u00f3ptima educaci\u00f3n emocional.<\/span><\/p>\n<p><a name=\"_heading=h.gjdgxs\"><\/a><\/p>\n<h2><strong>\u00bfPor qu\u00e9 es importante el desarrollo socioafectivo?<\/strong><\/h2>\n<p><span style=\"font-weight: 400;\"><\/span><\/p>\n<p><span style=\"font-weight: 400;\">Si queremos convertirnos en personas con una gran seguridad en nosotras mismas, con habilidades interpersonales y capaces de integrarnos socialmente dentro del respeto es necesario contar con una buena educaci\u00f3n socioafectiva de base.\u00a0<\/span><\/p>\n<p><span style=\"font-weight: 400;\">A continuaci\u00f3n vamos a destacar algunos aspectos que ponen en relieve <\/span><b>la importancia del desarrollo socioafectivo desde la infancia<\/b><span style=\"font-weight: 400;\">:<\/span><\/p>\n<p><b>Bienestar emocional y emocional<\/b><\/p>\n<p><span style=\"font-weight: 400;\">Parte de nuestra calidad de vida y salud mental depende directamente de nuestra capacidad para interrelacionarnos con otras personas y gestionar nuestras emociones de una manera asertiva y no hiriente. Hoy en d\u00eda, vivimos en una sociedad en la que la ansiedad o la depresi\u00f3n se han colado en nuestra rutina por lo que es fundamental conocerse a s\u00ed mismos y saber manejar cierto tipo de situaciones que puedan alterarnos para ser menos propensos a tener problemas de salud mental.<\/span><\/p>\n<p><b>Desarrollo cognitivo<\/b><\/p>\n<p><span style=\"font-weight: 400;\">Tanto los ni\u00f1os como los j\u00f3venes pueden aprender a resolver problemas, a aplicar pensamientos cr\u00edticos y a comprender el entorno que los rodea si cuentan con habilidades socioafectivas. Es decir, el desarrollo cognitivo est\u00e1 directamente relacionado con el desarrollo socioafectivo.<\/span><\/p>\n<p><b>Inclusi\u00f3n social<\/b><\/p>\n<p><span style=\"font-weight: 400;\">Cuanto mayor sea nuestra capacidad para mantener relaciones interpersonales sanas m\u00e1s facilidad tendremos para adaptarnos a la sociedad, trabajar en equipo en una empresa, saber respetar las distintas opiniones de la gente y colaborar con los dem\u00e1s para alcanzar objetivos comunes o, simplemente, por el mero hecho de ayudar sin recibir nada a cambio.<\/span><\/p>\n<p><b>Prevenci\u00f3n de comportamientos violentos<\/b><\/p>\n<p><span style=\"font-weight: 400;\">Si sabemos resolver cualquier conflicto de una manera eficaz, sin interponer nuestros intereses, y mantener relaciones sanas con otras personas, seremos menos propensos a comportarnos de una manera violenta o, incluso, delictiva.<\/span><\/p>\n<h2><strong>6 consejos para un buen desarrollo socioafectivo<\/strong><\/h2>\n<p><span style=\"font-weight: 400;\">\u00bfC\u00f3mo podemos fomentar un buen desarrollo socioafectivo desde la infancia? Toma nota de los siguientes consejos para <\/span><b>favorecer un ambiente seguro y respetuoso <\/b><span style=\"font-weight: 400;\">en el que los ni\u00f1os y j\u00f3venes puedan aprender a <\/span><b>gestionar sus emociones<\/b><span style=\"font-weight: 400;\"> y a <\/span><b>construir relaciones interpersonales sanas<\/b><span style=\"font-weight: 400;\">.\u00a0<\/span><b><\/b><\/p>\n<ul>\n<li aria-level=\"1\"><b>Fomenta la empat\u00eda<\/b><\/li>\n<\/ul>\n<p><span style=\"font-weight: 400;\">Educa a tus hijos dentro del respeto y la aceptaci\u00f3n de otros puntos de vista, sentimientos o formas de ser para que se integren en el mundo que les rodea de una manera emp\u00e1tica.<\/span><\/p>\n<ul>\n<li aria-level=\"1\"><b>Promueve la comunicaci\u00f3n efectiva<\/b><\/li>\n<\/ul>\n<p><span style=\"font-weight: 400;\">Ens\u00e9\u00f1alos a compartir sus emociones sin miedo, de una forma respetuosa, y promueve su escucha activa.<\/span><\/p>\n<ul>\n<li aria-level=\"1\"><b>Fomenta la cooperaci\u00f3n y el trabajo en equipo<\/b><\/li>\n<\/ul>\n<p><span style=\"font-weight: 400;\">Saber trabajar en equipo y colaborar con otras personas es muy importante en cualquier etapa de nuestra vida. Si desde el principio involucramos a nuestros hijos en el respeto podr\u00e1n ser capaces de construir relaciones sanas y duraderas.<\/span><\/p>\n<ul>\n<li aria-level=\"1\"><b>Promueve la autoestima y la autoaceptaci\u00f3n<\/b><\/li>\n<\/ul>\n<p><span style=\"font-weight: 400;\">Quererse a nosotros mismos y aceptarnos tal y como somos no es menos importante, y es que la autoestima es una gran aliada a la hora de enfrentarnos de una manera positiva a todo tipo de situaciones cotidianas.<\/span><\/p>\n<ul>\n<li aria-level=\"1\"><b>Fomenta el respeto y la tolerancia<\/b><\/li>\n<\/ul>\n<p><span style=\"font-weight: 400;\">Vivimos en una sociedad en la que todos somos distintos, ya sea por nuestra edad, nuestro g\u00e9nero, nuestras creencias religiosas o nuestra forma de enfrentarnos al mundo. Por ello, hay que saber respetar a los dem\u00e1s y fomentar la tolerancia para construir relaciones inclusivas y de igualdad.<\/span><\/p>\n<ul>\n<li aria-level=\"1\"><b>Proporciona modelos a seguir<\/b><\/li>\n<\/ul>\n<p><span style=\"font-weight: 400;\">Comparte con tus hijos modelos de comportamientos positivos. Ya sabes que los ni\u00f1os imitan todo por lo que es fundamental que tengan buenos ejemplos a su alrededor.<\/span><\/p>\n<p><span style=\"font-weight: 400;\">\u00bfTe apasiona la Educaci\u00f3n infantil y buscas un sitio donde formarte? La <\/span><b>Universidad Francisco de Vitoria <\/b><span style=\"font-weight: 400;\">cuenta con un <\/span><a href=\"https:\/\/fpsuperiorufv.es\/grado-superior-en-educacion-infantil\/\"><span style=\"font-weight: 400;\">Grado Superior de Educaci\u00f3n Infantil<\/span><\/a><span style=\"font-weight: 400;\"> en el que seguir\u00e1s un <\/span><b>plan de formaci\u00f3n dual<\/b><span style=\"font-weight: 400;\"> con clases te\u00f3ricas y pr\u00e1cticas en centros educativos. Y, si no puedes acudir presencialmente, tienes la opci\u00f3n de conseguir este t\u00edtulo en modo <\/span><a href=\"https:\/\/fpsuperiorufv.es\/grado-superior-en-educacion-infantil-online\/\"><span style=\"font-weight: 400;\">online<\/span><\/a><span style=\"font-weight: 400;\">.<\/span><\/p>\n<p><\/p>\n<p><\/p>\n","protected":false},"excerpt":{"rendered":"<p>[vc_section][vc_row][vc_column css=\".vc_custom_1655805738975{margin-top: 0px !important;margin-right: 0px !important;margin-bottom: 0px !important;margin-left: 0px !important;}\"][vc_breadcrumbs_module][\/vc_column][\/vc_row][\/vc_section][vc_section][vc_row el_class=\"container\" css=\".vc_custom_1655802988397{padding-top: 50px !important;padding-bottom: 50px !important;}\"][vc_column][vc_single_image source=\"featured_image\" img_size=\"full\" alignment=\"center\" css=\".vc_custom_1660030768789{padding-top: 20px !important;padding-bottom: 20px !important;}\"][vc_column_text] Desde que somos peque\u00f1os necesitamos desarrollar una serie de habilidades que ser\u00e1n fundamentales para formarnos como individuos sociales. Un ejemplo es la gesti\u00f3n asertiva de emociones.\u00a0 Es aqu\u00ed cuando entra en &hellip;<\/p>\n","protected":false},"author":1,"featured_media":1186,"comment_status":"closed","ping_status":"open","sticky":false,"template":"","format":"standard","meta":{"inline_featured_image":false,"footnotes":""},"categories":[12,9],"tags":[],"class_list":["post-1185","post","type-post","status-publish","format-standard","has-post-thumbnail","hentry","category-anatomia","category-blog"],"yoast_head":"<!-- This site is optimized with the Yoast SEO plugin v27.4 - https:\/\/yoast.com\/product\/yoast-seo-wordpress\/ -->\n<title>\u00bfQu\u00e9 es el desarrollo Socioafectivo? - UFV Madrid<\/title>\n<meta name=\"description\" content=\"Descubre la importancia del desarrollo socioafectivo desde la infancia y toma nota de los consejos para fomentar las habilidades sociales y emocionales.\" \/>\n<meta name=\"robots\" content=\"index, follow, max-snippet:-1, max-image-preview:large, max-video-preview:-1\" \/>\n<link rel=\"canonical\" href=\"https:\/\/fpsuperiorufv.es\/blog\/que-es-el-desarrollo-socioafectivo\/\" \/>\n<meta property=\"og:locale\" content=\"es_ES\" \/>\n<meta property=\"og:type\" content=\"article\" \/>\n<meta property=\"og:title\" content=\"\u00bfQu\u00e9 es el desarrollo Socioafectivo? - UFV Madrid\" \/>\n<meta property=\"og:description\" content=\"Descubre la importancia del desarrollo socioafectivo desde la infancia y toma nota de los consejos para fomentar las habilidades sociales y emocionales.\" \/>\n<meta property=\"og:url\" content=\"https:\/\/fpsuperiorufv.es\/blog\/que-es-el-desarrollo-socioafectivo\/\" \/>\n<meta property=\"og:site_name\" content=\"Cetys\" \/>\n<meta property=\"article:published_time\" content=\"2025-12-04T03:18:49+00:00\" \/>\n<meta property=\"article:modified_time\" content=\"2025-12-15T13:43:32+00:00\" \/>\n<meta property=\"og:image\" content=\"https:\/\/fpsuperiorufv.es\/blog\/wp-content\/uploads\/2025\/07\/volver-al-concepto-escuela-bloques-madera-figura-humana-lapices-mesa-madera-vista-angulo-alto-scaled-1.jpg\" \/>\n\t<meta property=\"og:image:width\" content=\"2560\" \/>\n\t<meta property=\"og:image:height\" content=\"1707\" \/>\n\t<meta property=\"og:image:type\" content=\"image\/jpeg\" \/>\n<meta name=\"author\" content=\"FP Superior UFV\" \/>\n<meta name=\"twitter:card\" content=\"summary_large_image\" \/>\n<meta name=\"twitter:label1\" content=\"Escrito por\" \/>\n\t<meta name=\"twitter:data1\" content=\"FP Superior UFV\" \/>\n\t<meta name=\"twitter:label2\" content=\"Tiempo de lectura\" \/>\n\t<meta name=\"twitter:data2\" content=\"4 minutos\" \/>\n<script type=\"application\/ld+json\" class=\"yoast-schema-graph\">{\"@context\":\"https:\\\/\\\/schema.org\",\"@graph\":[{\"@type\":\"Article\",\"@id\":\"https:\\\/\\\/fpsuperiorufv.es\\\/blog\\\/que-es-el-desarrollo-socioafectivo\\\/#article\",\"isPartOf\":{\"@id\":\"https:\\\/\\\/fpsuperiorufv.es\\\/blog\\\/que-es-el-desarrollo-socioafectivo\\\/\"},\"author\":{\"name\":\"FP Superior UFV\",\"@id\":\"https:\\\/\\\/fpsuperiorufv.es\\\/blog\\\/#\\\/schema\\\/person\\\/c7ac6e2e7af298050da8d956ac824347\"},\"headline\":\"\u00bfQu\u00e9 es el desarrollo socioafectivo?\",\"datePublished\":\"2025-12-04T03:18:49+00:00\",\"dateModified\":\"2025-12-15T13:43:32+00:00\",\"mainEntityOfPage\":{\"@id\":\"https:\\\/\\\/fpsuperiorufv.es\\\/blog\\\/que-es-el-desarrollo-socioafectivo\\\/\"},\"wordCount\":863,\"publisher\":{\"@id\":\"https:\\\/\\\/fpsuperiorufv.es\\\/blog\\\/#organization\"},\"image\":{\"@id\":\"https:\\\/\\\/fpsuperiorufv.es\\\/blog\\\/que-es-el-desarrollo-socioafectivo\\\/#primaryimage\"},\"thumbnailUrl\":\"https:\\\/\\\/fpsuperiorufv.es\\\/blog\\\/wp-content\\\/uploads\\\/2025\\\/07\\\/volver-al-concepto-escuela-bloques-madera-figura-humana-lapices-mesa-madera-vista-angulo-alto-scaled-1.jpg\",\"articleSection\":[\"Anatom\u00eda\",\"Blog\"],\"inLanguage\":\"es\"},{\"@type\":\"WebPage\",\"@id\":\"https:\\\/\\\/fpsuperiorufv.es\\\/blog\\\/que-es-el-desarrollo-socioafectivo\\\/\",\"url\":\"https:\\\/\\\/fpsuperiorufv.es\\\/blog\\\/que-es-el-desarrollo-socioafectivo\\\/\",\"name\":\"\u00bfQu\u00e9 es el desarrollo Socioafectivo? - UFV Madrid\",\"isPartOf\":{\"@id\":\"https:\\\/\\\/fpsuperiorufv.es\\\/blog\\\/#website\"},\"primaryImageOfPage\":{\"@id\":\"https:\\\/\\\/fpsuperiorufv.es\\\/blog\\\/que-es-el-desarrollo-socioafectivo\\\/#primaryimage\"},\"image\":{\"@id\":\"https:\\\/\\\/fpsuperiorufv.es\\\/blog\\\/que-es-el-desarrollo-socioafectivo\\\/#primaryimage\"},\"thumbnailUrl\":\"https:\\\/\\\/fpsuperiorufv.es\\\/blog\\\/wp-content\\\/uploads\\\/2025\\\/07\\\/volver-al-concepto-escuela-bloques-madera-figura-humana-lapices-mesa-madera-vista-angulo-alto-scaled-1.jpg\",\"datePublished\":\"2025-12-04T03:18:49+00:00\",\"dateModified\":\"2025-12-15T13:43:32+00:00\",\"description\":\"Descubre la importancia del desarrollo socioafectivo desde la infancia y toma nota de los consejos para fomentar las habilidades sociales y emocionales.\",\"breadcrumb\":{\"@id\":\"https:\\\/\\\/fpsuperiorufv.es\\\/blog\\\/que-es-el-desarrollo-socioafectivo\\\/#breadcrumb\"},\"inLanguage\":\"es\",\"potentialAction\":[{\"@type\":\"ReadAction\",\"target\":[\"https:\\\/\\\/fpsuperiorufv.es\\\/blog\\\/que-es-el-desarrollo-socioafectivo\\\/\"]}]},{\"@type\":\"ImageObject\",\"inLanguage\":\"es\",\"@id\":\"https:\\\/\\\/fpsuperiorufv.es\\\/blog\\\/que-es-el-desarrollo-socioafectivo\\\/#primaryimage\",\"url\":\"https:\\\/\\\/fpsuperiorufv.es\\\/blog\\\/wp-content\\\/uploads\\\/2025\\\/07\\\/volver-al-concepto-escuela-bloques-madera-figura-humana-lapices-mesa-madera-vista-angulo-alto-scaled-1.jpg\",\"contentUrl\":\"https:\\\/\\\/fpsuperiorufv.es\\\/blog\\\/wp-content\\\/uploads\\\/2025\\\/07\\\/volver-al-concepto-escuela-bloques-madera-figura-humana-lapices-mesa-madera-vista-angulo-alto-scaled-1.jpg\",\"width\":2560,\"height\":1707},{\"@type\":\"BreadcrumbList\",\"@id\":\"https:\\\/\\\/fpsuperiorufv.es\\\/blog\\\/que-es-el-desarrollo-socioafectivo\\\/#breadcrumb\",\"itemListElement\":[{\"@type\":\"ListItem\",\"position\":1,\"name\":\"Home\",\"item\":\"https:\\\/\\\/fpsuperiorufv.es\\\/blog\\\/\"},{\"@type\":\"ListItem\",\"position\":2,\"name\":\"\u00bfQu\u00e9 es el desarrollo socioafectivo?\"}]},{\"@type\":\"WebSite\",\"@id\":\"https:\\\/\\\/fpsuperiorufv.es\\\/blog\\\/#website\",\"url\":\"https:\\\/\\\/fpsuperiorufv.es\\\/blog\\\/\",\"name\":\"Fp Superior Francisco de Vitoria\",\"description\":\"\",\"publisher\":{\"@id\":\"https:\\\/\\\/fpsuperiorufv.es\\\/blog\\\/#organization\"},\"alternateName\":\"Cetys\",\"potentialAction\":[{\"@type\":\"SearchAction\",\"target\":{\"@type\":\"EntryPoint\",\"urlTemplate\":\"https:\\\/\\\/fpsuperiorufv.es\\\/blog\\\/?s={search_term_string}\"},\"query-input\":{\"@type\":\"PropertyValueSpecification\",\"valueRequired\":true,\"valueName\":\"search_term_string\"}}],\"inLanguage\":\"es\"},{\"@type\":\"Organization\",\"@id\":\"https:\\\/\\\/fpsuperiorufv.es\\\/blog\\\/#organization\",\"name\":\"Cetys\",\"url\":\"https:\\\/\\\/fpsuperiorufv.es\\\/blog\\\/\",\"logo\":{\"@type\":\"ImageObject\",\"inLanguage\":\"es\",\"@id\":\"https:\\\/\\\/fpsuperiorufv.es\\\/blog\\\/#\\\/schema\\\/logo\\\/image\\\/\",\"url\":\"https:\\\/\\\/fpsuperiorufv.lo\\\/wp-content\\\/uploads\\\/2025\\\/02\\\/logo.svg\",\"contentUrl\":\"https:\\\/\\\/fpsuperiorufv.lo\\\/wp-content\\\/uploads\\\/2025\\\/02\\\/logo.svg\",\"width\":\"1024\",\"height\":\"1024\",\"caption\":\"Cetys\"},\"image\":{\"@id\":\"https:\\\/\\\/fpsuperiorufv.es\\\/blog\\\/#\\\/schema\\\/logo\\\/image\\\/\"}},{\"@type\":\"Person\",\"@id\":\"https:\\\/\\\/fpsuperiorufv.es\\\/blog\\\/#\\\/schema\\\/person\\\/c7ac6e2e7af298050da8d956ac824347\",\"name\":\"FP Superior UFV\",\"image\":{\"@type\":\"ImageObject\",\"inLanguage\":\"es\",\"@id\":\"https:\\\/\\\/secure.gravatar.com\\\/avatar\\\/002af9a4377d87096f281de7725cae2f359bff0b0b7439b98b80936e58af2d91?s=96&d=mm&r=g\",\"url\":\"https:\\\/\\\/secure.gravatar.com\\\/avatar\\\/002af9a4377d87096f281de7725cae2f359bff0b0b7439b98b80936e58af2d91?s=96&d=mm&r=g\",\"contentUrl\":\"https:\\\/\\\/secure.gravatar.com\\\/avatar\\\/002af9a4377d87096f281de7725cae2f359bff0b0b7439b98b80936e58af2d91?s=96&d=mm&r=g\",\"caption\":\"FP Superior UFV\"},\"sameAs\":[\"https:\\\/\\\/fpsuperiorufv.lo\"],\"url\":\"https:\\\/\\\/fpsuperiorufv.es\\\/blog\\\/author\\\/administrador\\\/\"}]}<\/script>\n<!-- \/ Yoast SEO plugin. -->","yoast_head_json":{"title":"\u00bfQu\u00e9 es el desarrollo Socioafectivo? - UFV Madrid","description":"Descubre la importancia del desarrollo socioafectivo desde la infancia y toma nota de los consejos para fomentar las habilidades sociales y emocionales.","robots":{"index":"index","follow":"follow","max-snippet":"max-snippet:-1","max-image-preview":"max-image-preview:large","max-video-preview":"max-video-preview:-1"},"canonical":"https:\/\/fpsuperiorufv.es\/blog\/que-es-el-desarrollo-socioafectivo\/","og_locale":"es_ES","og_type":"article","og_title":"\u00bfQu\u00e9 es el desarrollo Socioafectivo? - UFV Madrid","og_description":"Descubre la importancia del desarrollo socioafectivo desde la infancia y toma nota de los consejos para fomentar las habilidades sociales y emocionales.","og_url":"https:\/\/fpsuperiorufv.es\/blog\/que-es-el-desarrollo-socioafectivo\/","og_site_name":"Cetys","article_published_time":"2025-12-04T03:18:49+00:00","article_modified_time":"2025-12-15T13:43:32+00:00","og_image":[{"width":2560,"height":1707,"url":"https:\/\/fpsuperiorufv.es\/blog\/wp-content\/uploads\/2025\/07\/volver-al-concepto-escuela-bloques-madera-figura-humana-lapices-mesa-madera-vista-angulo-alto-scaled-1.jpg","type":"image\/jpeg"}],"author":"FP Superior UFV","twitter_card":"summary_large_image","twitter_misc":{"Escrito por":"FP Superior UFV","Tiempo de lectura":"4 minutos"},"schema":{"@context":"https:\/\/schema.org","@graph":[{"@type":"Article","@id":"https:\/\/fpsuperiorufv.es\/blog\/que-es-el-desarrollo-socioafectivo\/#article","isPartOf":{"@id":"https:\/\/fpsuperiorufv.es\/blog\/que-es-el-desarrollo-socioafectivo\/"},"author":{"name":"FP Superior UFV","@id":"https:\/\/fpsuperiorufv.es\/blog\/#\/schema\/person\/c7ac6e2e7af298050da8d956ac824347"},"headline":"\u00bfQu\u00e9 es el desarrollo socioafectivo?","datePublished":"2025-12-04T03:18:49+00:00","dateModified":"2025-12-15T13:43:32+00:00","mainEntityOfPage":{"@id":"https:\/\/fpsuperiorufv.es\/blog\/que-es-el-desarrollo-socioafectivo\/"},"wordCount":863,"publisher":{"@id":"https:\/\/fpsuperiorufv.es\/blog\/#organization"},"image":{"@id":"https:\/\/fpsuperiorufv.es\/blog\/que-es-el-desarrollo-socioafectivo\/#primaryimage"},"thumbnailUrl":"https:\/\/fpsuperiorufv.es\/blog\/wp-content\/uploads\/2025\/07\/volver-al-concepto-escuela-bloques-madera-figura-humana-lapices-mesa-madera-vista-angulo-alto-scaled-1.jpg","articleSection":["Anatom\u00eda","Blog"],"inLanguage":"es"},{"@type":"WebPage","@id":"https:\/\/fpsuperiorufv.es\/blog\/que-es-el-desarrollo-socioafectivo\/","url":"https:\/\/fpsuperiorufv.es\/blog\/que-es-el-desarrollo-socioafectivo\/","name":"\u00bfQu\u00e9 es el desarrollo Socioafectivo? - UFV Madrid","isPartOf":{"@id":"https:\/\/fpsuperiorufv.es\/blog\/#website"},"primaryImageOfPage":{"@id":"https:\/\/fpsuperiorufv.es\/blog\/que-es-el-desarrollo-socioafectivo\/#primaryimage"},"image":{"@id":"https:\/\/fpsuperiorufv.es\/blog\/que-es-el-desarrollo-socioafectivo\/#primaryimage"},"thumbnailUrl":"https:\/\/fpsuperiorufv.es\/blog\/wp-content\/uploads\/2025\/07\/volver-al-concepto-escuela-bloques-madera-figura-humana-lapices-mesa-madera-vista-angulo-alto-scaled-1.jpg","datePublished":"2025-12-04T03:18:49+00:00","dateModified":"2025-12-15T13:43:32+00:00","description":"Descubre la importancia del desarrollo socioafectivo desde la infancia y toma nota de los consejos para fomentar las habilidades sociales y emocionales.","breadcrumb":{"@id":"https:\/\/fpsuperiorufv.es\/blog\/que-es-el-desarrollo-socioafectivo\/#breadcrumb"},"inLanguage":"es","potentialAction":[{"@type":"ReadAction","target":["https:\/\/fpsuperiorufv.es\/blog\/que-es-el-desarrollo-socioafectivo\/"]}]},{"@type":"ImageObject","inLanguage":"es","@id":"https:\/\/fpsuperiorufv.es\/blog\/que-es-el-desarrollo-socioafectivo\/#primaryimage","url":"https:\/\/fpsuperiorufv.es\/blog\/wp-content\/uploads\/2025\/07\/volver-al-concepto-escuela-bloques-madera-figura-humana-lapices-mesa-madera-vista-angulo-alto-scaled-1.jpg","contentUrl":"https:\/\/fpsuperiorufv.es\/blog\/wp-content\/uploads\/2025\/07\/volver-al-concepto-escuela-bloques-madera-figura-humana-lapices-mesa-madera-vista-angulo-alto-scaled-1.jpg","width":2560,"height":1707},{"@type":"BreadcrumbList","@id":"https:\/\/fpsuperiorufv.es\/blog\/que-es-el-desarrollo-socioafectivo\/#breadcrumb","itemListElement":[{"@type":"ListItem","position":1,"name":"Home","item":"https:\/\/fpsuperiorufv.es\/blog\/"},{"@type":"ListItem","position":2,"name":"\u00bfQu\u00e9 es el desarrollo socioafectivo?"}]},{"@type":"WebSite","@id":"https:\/\/fpsuperiorufv.es\/blog\/#website","url":"https:\/\/fpsuperiorufv.es\/blog\/","name":"Fp Superior Francisco de Vitoria","description":"","publisher":{"@id":"https:\/\/fpsuperiorufv.es\/blog\/#organization"},"alternateName":"Cetys","potentialAction":[{"@type":"SearchAction","target":{"@type":"EntryPoint","urlTemplate":"https:\/\/fpsuperiorufv.es\/blog\/?s={search_term_string}"},"query-input":{"@type":"PropertyValueSpecification","valueRequired":true,"valueName":"search_term_string"}}],"inLanguage":"es"},{"@type":"Organization","@id":"https:\/\/fpsuperiorufv.es\/blog\/#organization","name":"Cetys","url":"https:\/\/fpsuperiorufv.es\/blog\/","logo":{"@type":"ImageObject","inLanguage":"es","@id":"https:\/\/fpsuperiorufv.es\/blog\/#\/schema\/logo\/image\/","url":"https:\/\/fpsuperiorufv.lo\/wp-content\/uploads\/2025\/02\/logo.svg","contentUrl":"https:\/\/fpsuperiorufv.lo\/wp-content\/uploads\/2025\/02\/logo.svg","width":"1024","height":"1024","caption":"Cetys"},"image":{"@id":"https:\/\/fpsuperiorufv.es\/blog\/#\/schema\/logo\/image\/"}},{"@type":"Person","@id":"https:\/\/fpsuperiorufv.es\/blog\/#\/schema\/person\/c7ac6e2e7af298050da8d956ac824347","name":"FP Superior UFV","image":{"@type":"ImageObject","inLanguage":"es","@id":"https:\/\/secure.gravatar.com\/avatar\/002af9a4377d87096f281de7725cae2f359bff0b0b7439b98b80936e58af2d91?s=96&d=mm&r=g","url":"https:\/\/secure.gravatar.com\/avatar\/002af9a4377d87096f281de7725cae2f359bff0b0b7439b98b80936e58af2d91?s=96&d=mm&r=g","contentUrl":"https:\/\/secure.gravatar.com\/avatar\/002af9a4377d87096f281de7725cae2f359bff0b0b7439b98b80936e58af2d91?s=96&d=mm&r=g","caption":"FP Superior UFV"},"sameAs":["https:\/\/fpsuperiorufv.lo"],"url":"https:\/\/fpsuperiorufv.es\/blog\/author\/administrador\/"}]}},"_links":{"self":[{"href":"https:\/\/fpsuperiorufv.es\/blog\/wp-json\/wp\/v2\/posts\/1185","targetHints":{"allow":["GET"]}}],"collection":[{"href":"https:\/\/fpsuperiorufv.es\/blog\/wp-json\/wp\/v2\/posts"}],"about":[{"href":"https:\/\/fpsuperiorufv.es\/blog\/wp-json\/wp\/v2\/types\/post"}],"author":[{"embeddable":true,"href":"https:\/\/fpsuperiorufv.es\/blog\/wp-json\/wp\/v2\/users\/1"}],"replies":[{"embeddable":true,"href":"https:\/\/fpsuperiorufv.es\/blog\/wp-json\/wp\/v2\/comments?post=1185"}],"version-history":[{"count":1,"href":"https:\/\/fpsuperiorufv.es\/blog\/wp-json\/wp\/v2\/posts\/1185\/revisions"}],"predecessor-version":[{"id":2052,"href":"https:\/\/fpsuperiorufv.es\/blog\/wp-json\/wp\/v2\/posts\/1185\/revisions\/2052"}],"wp:featuredmedia":[{"embeddable":true,"href":"https:\/\/fpsuperiorufv.es\/blog\/wp-json\/wp\/v2\/media\/1186"}],"wp:attachment":[{"href":"https:\/\/fpsuperiorufv.es\/blog\/wp-json\/wp\/v2\/media?parent=1185"}],"wp:term":[{"taxonomy":"category","embeddable":true,"href":"https:\/\/fpsuperiorufv.es\/blog\/wp-json\/wp\/v2\/categories?post=1185"},{"taxonomy":"post_tag","embeddable":true,"href":"https:\/\/fpsuperiorufv.es\/blog\/wp-json\/wp\/v2\/tags?post=1185"}],"curies":[{"name":"wp","href":"https:\/\/api.w.org\/{rel}","templated":true}]}}