{"id":1227,"date":"2025-12-06T14:33:02","date_gmt":"2025-12-06T13:33:02","guid":{"rendered":"https:\/\/fpsuperiorufv.es\/blog\/2023\/04\/27\/salidas-laborales-de-marketing-y-publicidad\/"},"modified":"2025-12-15T14:18:58","modified_gmt":"2025-12-15T13:18:58","slug":"salidas-laborales-de-marketing-y-publicidad","status":"publish","type":"post","link":"https:\/\/fpsuperiorufv.es\/blog\/salidas-laborales-de-marketing-y-publicidad\/","title":{"rendered":"Salidas laborales de Marketing y Publicidad"},"content":{"rendered":"<p><\/p>\n\n<p><span style=\"font-weight: 400;\">\u00bfConoces el amplio abanico de salidas laborales de Marketing y Publicidad que hay en el mercado actual? Si est\u00e1s estudiando este Grado Superior o ya cuentas con el t\u00edtulo seguramente te interesar\u00e1 saber cu\u00e1les son <\/span><b>los puestos m\u00e1s demandados del sector. <\/b><span style=\"font-weight: 400;\">La buena noticia es que esta profesi\u00f3n est\u00e1 experimentando un aumento de popularidad en los \u00faltimos a\u00f1os gracias, entre otras causas, a su relaci\u00f3n directa con el \u00e1mbito digital. En el siguiente art\u00edculo te vamos a presentar las principales salidas laborales del <\/span><b>Grado Superior de Marketing y Publicidad<\/b><span style=\"font-weight: 400;\"> para que descubras todas las posibilidades que existen en el mercado profesional actual.<\/span><\/p>\n<p><a name=\"_heading=h.gjdgxs\"><\/a><\/p>\n<h2><strong>Principales salidas laborales de Marketing y Publicidad<\/strong><\/h2>\n<p><span style=\"font-weight: 400;\"><\/span><\/p>\n<p><span style=\"font-weight: 400;\">El Marketing y la Publicidad son dos ramas que permiten especializarse en distintas \u00e1reas como la creaci\u00f3n de contenidos, el SEO y SEM, el Social Media o la anal\u00edtica de resultados.<\/span><\/p>\n<p><span style=\"font-weight: 400;\">Es muy habitual que estos profesionales trabajen <\/span><b>como aut\u00f3nomos<\/b><span style=\"font-weight: 400;\">, con su propia cartera de clientes, o <\/span><b>para agencias de comunicaci\u00f3n, publicidad o marketing<\/b><span style=\"font-weight: 400;\">. Asimismo, si cuentan con una titulaci\u00f3n oficial, pueden optar a ejercer su profesi\u00f3n en el sector p\u00fablico.<\/span><\/p>\n<p>&nbsp;<\/p>\n<p><span style=\"font-weight: 400;\">A continuaci\u00f3n te vamos a presentar algunas de las salidas laborales m\u00e1s demandadas dentro del mundo de la publicidad y el marketing:<\/span><\/p>\n<ul>\n<li>\n<h3><span style=\"font-weight: 400;\">T\u00e9cnico de Marketing\u00a0<\/span><\/h3>\n<\/li>\n<\/ul>\n<p><span style=\"font-weight: 400;\">Este t\u00e9cnico es el responsable de la planificaci\u00f3n y ejecuci\u00f3n de las estrategias de marketing de una marca, producto o servicio determinados.<\/span><\/p>\n<ul>\n<li style=\"font-weight: 400;\" aria-level=\"1\">\n<h3><span style=\"font-weight: 400;\">T\u00e9cnico de Publicidad<\/span><\/h3>\n<\/li>\n<\/ul>\n<p><span style=\"font-weight: 400;\">El t\u00e9cnico de publicidad se encargar\u00e1 principalmente del lanzamiento al mercado de un producto o servicio con el fin de que, tanto la visibilidad como el n\u00famero de ventas de su empresa, aumenten.\u00a0<\/span><\/p>\n<ul>\n<li style=\"font-weight: 400;\" aria-level=\"1\">\n<h3><span style=\"font-weight: 400;\">Creador de contenidos digitales\u00a0\u00a0<\/span><\/h3>\n<\/li>\n<\/ul>\n<p><span style=\"font-weight: 400;\">Estos profesionales se encargan de crear contenidos de calidad para aumentar el n\u00famero de visitas a la web de una determinada marca.<\/span><\/p>\n<ul>\n<li style=\"font-weight: 400;\" aria-level=\"1\">\n<h3><span style=\"font-weight: 400;\">Community Manager\u00a0<\/span><\/h3>\n<\/li>\n<\/ul>\n<p><span style=\"font-weight: 400;\">Al igual que el t\u00e9cnico de contenidos digitales, el community manager tambi\u00e9n se ocupa de dar contenido a la marca. M\u00e1s concretamente, a sus redes sociales, con la intenci\u00f3n de aumentar la interacci\u00f3n de los usuarios y de llegar a clientes potenciales.<\/span><\/p>\n<ul>\n<li style=\"font-weight: 400;\" aria-level=\"1\">\n<h3><span style=\"font-weight: 400;\">Analista Digital\u00a0<\/span><\/h3>\n<\/li>\n<\/ul>\n<p><span style=\"font-weight: 400;\">Esta figura es imprescindible si se quieren analizar los datos m\u00e1s relevantes de una campa\u00f1a. Un ejemplo son el n\u00famero de visitas a la web, los usuarios nuevos y recurrentes o el n\u00famero de ventas.<\/span><\/p>\n<ul>\n<li style=\"font-weight: 400;\" aria-level=\"1\">\n<h3><span style=\"font-weight: 400;\">Organizador de eventos<\/span><\/h3>\n<\/li>\n<\/ul>\n<h3><span style=\"font-weight: 400;\">Cada vez es m\u00e1s habitual que las empresas organicen eventos para visibilizar su marca por lo que estos profesionales son unos de los m\u00e1s requeridos en el \u00e1mbito del marketing y la publicidad.<\/span><\/h3>\n<ul>\n<li style=\"font-weight: 400;\" aria-level=\"1\">\n<h3><span style=\"font-weight: 400;\">Consultor SEM<\/span><\/h3>\n<\/li>\n<\/ul>\n<p><span style=\"font-weight: 400;\">Los consultores SEM tienen como objetivo conseguir aumentar el tr\u00e1fico web y la visibilidad de una marca mediante campa\u00f1as publicitarias en los motores de b\u00fasqueda. Para ello, deber\u00e1n crear anuncios a partir de t\u00e9rminos relevantes teniendo en cuenta costes y presupuesto.<\/span><\/p>\n<ul>\n<li style=\"font-weight: 400;\" aria-level=\"1\">\n<h3><span style=\"font-weight: 400;\">Consultor SEO<\/span><\/h3>\n<\/li>\n<\/ul>\n<h3><span style=\"font-weight: 400;\">En el caso de los consultores SEO, la estrategia de captaci\u00f3n se centrar\u00e1 en el tr\u00e1fico org\u00e1nico de tal forma que, gracias al posicionamiento en los primeros resultados de los motores de b\u00fasqueda, la marca gane visibilidad y sea m\u00e1s f\u00e1cil que los usuarios hagan clic en las p\u00e1ginas posicionadas del sitio.<\/span><\/h3>\n<ul>\n<li style=\"font-weight: 400;\" aria-level=\"1\">\n<h3><span style=\"font-weight: 400;\">T\u00e9cnico de estudios de mercado\u00a0<\/span><\/h3>\n<\/li>\n<\/ul>\n<p><span style=\"font-weight: 400;\">Se ocupan de supervisar y analizar informaci\u00f3n actualizada sobre el mercado que pueda afectar a la empresa.<\/span><\/p>\n<ul>\n<li>\n<h3><span style=\"font-weight: 400;\">T\u00e9cnico de Marketing Digital<\/span><\/h3>\n<\/li>\n<\/ul>\n<p><span style=\"font-weight: 400;\">Se trata de la variante digital dentro del mundo del marketing. Un t\u00e9cnico de marketing digital, por tanto, se ocupar\u00e1 de la estrategia online de la empresa para ganar visibilidad web y en sus redes sociales.<\/span><\/p>\n<ul>\n<li>\n<h3><span style=\"font-weight: 400;\">Social Media Manager<\/span><\/h3>\n<\/li>\n<\/ul>\n<p><span style=\"font-weight: 400;\">El Social Media Manager tiene entre sus funciones principales la elaboraci\u00f3n de la estrategia que se llevar\u00e1 a cabo para generar comunidad, ganar visibilidad y crear contenidos de calidad en las redes sociales.<\/span><\/p>\n<ul>\n<li>\n<h3><span style=\"font-weight: 400;\">Copywriter<\/span><\/h3>\n<\/li>\n<\/ul>\n<p><span style=\"font-weight: 400;\">Un copywriter se dedica primordialmente al estudio del cliente ideal para conocer sus frustraciones, miedos, motivaciones y necesidades ante la compra de un producto o servicio. Gracias a ello, conseguir\u00e1 empatizar con \u00e9l para crear contenidos que le llamen la atenci\u00f3n y resulten relevantes, dando un especial protagonismo a las emociones.<\/span><\/p>\n<p><span style=\"font-weight: 400;\">En conclusi\u00f3n, estudiar un <\/span><a href=\"https:\/\/fpsuperiorufv.es\/tecnico-superior-en-marketing-y-publicidad\/\"><span style=\"font-weight: 400;\">t\u00edtulo de T\u00e9cnico Superior en Marketing y Publicidad<\/span><\/a><span style=\"font-weight: 400;\"> como el ofertado por la <\/span><b>Universidad<\/b> <b>Francisco de Vitoria de Madrid<\/b><span style=\"font-weight: 400;\">, es una gran oportunidad para poder trabajar dentro de un sector en auge que cuenta con m\u00faltiples salidas laborales.<\/span><\/p>\n<p><\/p>\n<p><\/p>\n","protected":false},"excerpt":{"rendered":"<p>[vc_section][vc_row][vc_column css=\".vc_custom_1655805738975{margin-top: 0px !important;margin-right: 0px !important;margin-bottom: 0px !important;margin-left: 0px !important;}\"][vc_breadcrumbs_module][\/vc_column][\/vc_row][\/vc_section][vc_section][vc_row el_class=\"container\" css=\".vc_custom_1655802988397{padding-top: 50px !important;padding-bottom: 50px !important;}\"][vc_column][vc_single_image source=\"featured_image\" img_size=\"full\" alignment=\"center\" css=\".vc_custom_1660030768789{padding-top: 20px !important;padding-bottom: 20px !important;}\"][vc_column_text] \u00bfConoces el amplio abanico de salidas laborales de Marketing y Publicidad que hay en el mercado actual? Si est\u00e1s estudiando este Grado Superior o ya cuentas con el t\u00edtulo seguramente te &hellip;<\/p>\n","protected":false},"author":1,"featured_media":1228,"comment_status":"closed","ping_status":"open","sticky":false,"template":"","format":"standard","meta":{"inline_featured_image":false,"footnotes":""},"categories":[9,374],"tags":[],"class_list":["post-1227","post","type-post","status-publish","format-standard","has-post-thumbnail","hentry","category-blog","category-marketing"],"yoast_head":"<!-- This site is optimized with the Yoast SEO plugin v27.4 - https:\/\/yoast.com\/product\/yoast-seo-wordpress\/ -->\n<title>Salidas laborales de Marketing y Publicidad - UFV Madrid<\/title>\n<meta name=\"description\" content=\"Te presentamos salidas laborales de Marketing y Publicidad como T\u00e9cnico SEO, T\u00e9cnico SEM, Organizador de eventos, Social Media Manager o Copy\" \/>\n<meta name=\"robots\" content=\"index, follow, max-snippet:-1, max-image-preview:large, max-video-preview:-1\" \/>\n<link rel=\"canonical\" href=\"https:\/\/fpsuperiorufv.es\/blog\/salidas-laborales-de-marketing-y-publicidad\/\" \/>\n<meta property=\"og:locale\" content=\"es_ES\" \/>\n<meta property=\"og:type\" content=\"article\" \/>\n<meta property=\"og:title\" content=\"Salidas laborales de Marketing y Publicidad - UFV Madrid\" \/>\n<meta property=\"og:description\" content=\"Te presentamos salidas laborales de Marketing y Publicidad como T\u00e9cnico SEO, T\u00e9cnico SEM, Organizador de eventos, Social Media Manager o Copy\" \/>\n<meta property=\"og:url\" content=\"https:\/\/fpsuperiorufv.es\/blog\/salidas-laborales-de-marketing-y-publicidad\/\" \/>\n<meta property=\"og:site_name\" content=\"Cetys\" \/>\n<meta property=\"article:published_time\" content=\"2025-12-06T13:33:02+00:00\" \/>\n<meta property=\"article:modified_time\" content=\"2025-12-15T13:18:58+00:00\" \/>\n<meta property=\"og:image\" content=\"https:\/\/fpsuperiorufv.es\/blog\/wp-content\/uploads\/2025\/07\/concepto-marca-solucion-estrategia-gestion-corporativa.jpg\" \/>\n\t<meta property=\"og:image:width\" content=\"1500\" \/>\n\t<meta property=\"og:image:height\" content=\"909\" \/>\n\t<meta property=\"og:image:type\" content=\"image\/jpeg\" \/>\n<meta name=\"author\" content=\"FP Superior UFV\" \/>\n<meta name=\"twitter:card\" content=\"summary_large_image\" \/>\n<meta name=\"twitter:label1\" content=\"Escrito por\" \/>\n\t<meta name=\"twitter:data1\" content=\"FP Superior UFV\" \/>\n\t<meta name=\"twitter:label2\" content=\"Tiempo de lectura\" \/>\n\t<meta name=\"twitter:data2\" content=\"4 minutos\" \/>\n<script type=\"application\/ld+json\" class=\"yoast-schema-graph\">{\"@context\":\"https:\\\/\\\/schema.org\",\"@graph\":[{\"@type\":\"Article\",\"@id\":\"https:\\\/\\\/fpsuperiorufv.es\\\/blog\\\/salidas-laborales-de-marketing-y-publicidad\\\/#article\",\"isPartOf\":{\"@id\":\"https:\\\/\\\/fpsuperiorufv.es\\\/blog\\\/salidas-laborales-de-marketing-y-publicidad\\\/\"},\"author\":{\"name\":\"FP Superior UFV\",\"@id\":\"https:\\\/\\\/fpsuperiorufv.es\\\/blog\\\/#\\\/schema\\\/person\\\/c7ac6e2e7af298050da8d956ac824347\"},\"headline\":\"Salidas laborales de Marketing y Publicidad\",\"datePublished\":\"2025-12-06T13:33:02+00:00\",\"dateModified\":\"2025-12-15T13:18:58+00:00\",\"mainEntityOfPage\":{\"@id\":\"https:\\\/\\\/fpsuperiorufv.es\\\/blog\\\/salidas-laborales-de-marketing-y-publicidad\\\/\"},\"wordCount\":876,\"publisher\":{\"@id\":\"https:\\\/\\\/fpsuperiorufv.es\\\/blog\\\/#organization\"},\"image\":{\"@id\":\"https:\\\/\\\/fpsuperiorufv.es\\\/blog\\\/salidas-laborales-de-marketing-y-publicidad\\\/#primaryimage\"},\"thumbnailUrl\":\"https:\\\/\\\/fpsuperiorufv.es\\\/blog\\\/wp-content\\\/uploads\\\/2025\\\/07\\\/concepto-marca-solucion-estrategia-gestion-corporativa.jpg\",\"articleSection\":[\"Blog\",\"Marketing\"],\"inLanguage\":\"es\"},{\"@type\":\"WebPage\",\"@id\":\"https:\\\/\\\/fpsuperiorufv.es\\\/blog\\\/salidas-laborales-de-marketing-y-publicidad\\\/\",\"url\":\"https:\\\/\\\/fpsuperiorufv.es\\\/blog\\\/salidas-laborales-de-marketing-y-publicidad\\\/\",\"name\":\"Salidas laborales de Marketing y Publicidad - UFV Madrid\",\"isPartOf\":{\"@id\":\"https:\\\/\\\/fpsuperiorufv.es\\\/blog\\\/#website\"},\"primaryImageOfPage\":{\"@id\":\"https:\\\/\\\/fpsuperiorufv.es\\\/blog\\\/salidas-laborales-de-marketing-y-publicidad\\\/#primaryimage\"},\"image\":{\"@id\":\"https:\\\/\\\/fpsuperiorufv.es\\\/blog\\\/salidas-laborales-de-marketing-y-publicidad\\\/#primaryimage\"},\"thumbnailUrl\":\"https:\\\/\\\/fpsuperiorufv.es\\\/blog\\\/wp-content\\\/uploads\\\/2025\\\/07\\\/concepto-marca-solucion-estrategia-gestion-corporativa.jpg\",\"datePublished\":\"2025-12-06T13:33:02+00:00\",\"dateModified\":\"2025-12-15T13:18:58+00:00\",\"description\":\"Te presentamos salidas laborales de Marketing y Publicidad como T\u00e9cnico SEO, T\u00e9cnico SEM, Organizador de eventos, Social Media Manager o Copy\",\"breadcrumb\":{\"@id\":\"https:\\\/\\\/fpsuperiorufv.es\\\/blog\\\/salidas-laborales-de-marketing-y-publicidad\\\/#breadcrumb\"},\"inLanguage\":\"es\",\"potentialAction\":[{\"@type\":\"ReadAction\",\"target\":[\"https:\\\/\\\/fpsuperiorufv.es\\\/blog\\\/salidas-laborales-de-marketing-y-publicidad\\\/\"]}]},{\"@type\":\"ImageObject\",\"inLanguage\":\"es\",\"@id\":\"https:\\\/\\\/fpsuperiorufv.es\\\/blog\\\/salidas-laborales-de-marketing-y-publicidad\\\/#primaryimage\",\"url\":\"https:\\\/\\\/fpsuperiorufv.es\\\/blog\\\/wp-content\\\/uploads\\\/2025\\\/07\\\/concepto-marca-solucion-estrategia-gestion-corporativa.jpg\",\"contentUrl\":\"https:\\\/\\\/fpsuperiorufv.es\\\/blog\\\/wp-content\\\/uploads\\\/2025\\\/07\\\/concepto-marca-solucion-estrategia-gestion-corporativa.jpg\",\"width\":1500,\"height\":909},{\"@type\":\"BreadcrumbList\",\"@id\":\"https:\\\/\\\/fpsuperiorufv.es\\\/blog\\\/salidas-laborales-de-marketing-y-publicidad\\\/#breadcrumb\",\"itemListElement\":[{\"@type\":\"ListItem\",\"position\":1,\"name\":\"Home\",\"item\":\"https:\\\/\\\/fpsuperiorufv.es\\\/blog\\\/\"},{\"@type\":\"ListItem\",\"position\":2,\"name\":\"Salidas laborales de Marketing y Publicidad\"}]},{\"@type\":\"WebSite\",\"@id\":\"https:\\\/\\\/fpsuperiorufv.es\\\/blog\\\/#website\",\"url\":\"https:\\\/\\\/fpsuperiorufv.es\\\/blog\\\/\",\"name\":\"Fp Superior Francisco de Vitoria\",\"description\":\"\",\"publisher\":{\"@id\":\"https:\\\/\\\/fpsuperiorufv.es\\\/blog\\\/#organization\"},\"alternateName\":\"Cetys\",\"potentialAction\":[{\"@type\":\"SearchAction\",\"target\":{\"@type\":\"EntryPoint\",\"urlTemplate\":\"https:\\\/\\\/fpsuperiorufv.es\\\/blog\\\/?s={search_term_string}\"},\"query-input\":{\"@type\":\"PropertyValueSpecification\",\"valueRequired\":true,\"valueName\":\"search_term_string\"}}],\"inLanguage\":\"es\"},{\"@type\":\"Organization\",\"@id\":\"https:\\\/\\\/fpsuperiorufv.es\\\/blog\\\/#organization\",\"name\":\"Cetys\",\"url\":\"https:\\\/\\\/fpsuperiorufv.es\\\/blog\\\/\",\"logo\":{\"@type\":\"ImageObject\",\"inLanguage\":\"es\",\"@id\":\"https:\\\/\\\/fpsuperiorufv.es\\\/blog\\\/#\\\/schema\\\/logo\\\/image\\\/\",\"url\":\"https:\\\/\\\/fpsuperiorufv.lo\\\/wp-content\\\/uploads\\\/2025\\\/02\\\/logo.svg\",\"contentUrl\":\"https:\\\/\\\/fpsuperiorufv.lo\\\/wp-content\\\/uploads\\\/2025\\\/02\\\/logo.svg\",\"width\":\"1024\",\"height\":\"1024\",\"caption\":\"Cetys\"},\"image\":{\"@id\":\"https:\\\/\\\/fpsuperiorufv.es\\\/blog\\\/#\\\/schema\\\/logo\\\/image\\\/\"}},{\"@type\":\"Person\",\"@id\":\"https:\\\/\\\/fpsuperiorufv.es\\\/blog\\\/#\\\/schema\\\/person\\\/c7ac6e2e7af298050da8d956ac824347\",\"name\":\"FP Superior UFV\",\"image\":{\"@type\":\"ImageObject\",\"inLanguage\":\"es\",\"@id\":\"https:\\\/\\\/secure.gravatar.com\\\/avatar\\\/002af9a4377d87096f281de7725cae2f359bff0b0b7439b98b80936e58af2d91?s=96&d=mm&r=g\",\"url\":\"https:\\\/\\\/secure.gravatar.com\\\/avatar\\\/002af9a4377d87096f281de7725cae2f359bff0b0b7439b98b80936e58af2d91?s=96&d=mm&r=g\",\"contentUrl\":\"https:\\\/\\\/secure.gravatar.com\\\/avatar\\\/002af9a4377d87096f281de7725cae2f359bff0b0b7439b98b80936e58af2d91?s=96&d=mm&r=g\",\"caption\":\"FP Superior UFV\"},\"sameAs\":[\"https:\\\/\\\/fpsuperiorufv.lo\"],\"url\":\"https:\\\/\\\/fpsuperiorufv.es\\\/blog\\\/author\\\/administrador\\\/\"}]}<\/script>\n<!-- \/ Yoast SEO plugin. -->","yoast_head_json":{"title":"Salidas laborales de Marketing y Publicidad - UFV Madrid","description":"Te presentamos salidas laborales de Marketing y Publicidad como T\u00e9cnico SEO, T\u00e9cnico SEM, Organizador de eventos, Social Media Manager o Copy","robots":{"index":"index","follow":"follow","max-snippet":"max-snippet:-1","max-image-preview":"max-image-preview:large","max-video-preview":"max-video-preview:-1"},"canonical":"https:\/\/fpsuperiorufv.es\/blog\/salidas-laborales-de-marketing-y-publicidad\/","og_locale":"es_ES","og_type":"article","og_title":"Salidas laborales de Marketing y Publicidad - UFV Madrid","og_description":"Te presentamos salidas laborales de Marketing y Publicidad como T\u00e9cnico SEO, T\u00e9cnico SEM, Organizador de eventos, Social Media Manager o Copy","og_url":"https:\/\/fpsuperiorufv.es\/blog\/salidas-laborales-de-marketing-y-publicidad\/","og_site_name":"Cetys","article_published_time":"2025-12-06T13:33:02+00:00","article_modified_time":"2025-12-15T13:18:58+00:00","og_image":[{"width":1500,"height":909,"url":"https:\/\/fpsuperiorufv.es\/blog\/wp-content\/uploads\/2025\/07\/concepto-marca-solucion-estrategia-gestion-corporativa.jpg","type":"image\/jpeg"}],"author":"FP Superior UFV","twitter_card":"summary_large_image","twitter_misc":{"Escrito por":"FP Superior UFV","Tiempo de lectura":"4 minutos"},"schema":{"@context":"https:\/\/schema.org","@graph":[{"@type":"Article","@id":"https:\/\/fpsuperiorufv.es\/blog\/salidas-laborales-de-marketing-y-publicidad\/#article","isPartOf":{"@id":"https:\/\/fpsuperiorufv.es\/blog\/salidas-laborales-de-marketing-y-publicidad\/"},"author":{"name":"FP Superior UFV","@id":"https:\/\/fpsuperiorufv.es\/blog\/#\/schema\/person\/c7ac6e2e7af298050da8d956ac824347"},"headline":"Salidas laborales de Marketing y Publicidad","datePublished":"2025-12-06T13:33:02+00:00","dateModified":"2025-12-15T13:18:58+00:00","mainEntityOfPage":{"@id":"https:\/\/fpsuperiorufv.es\/blog\/salidas-laborales-de-marketing-y-publicidad\/"},"wordCount":876,"publisher":{"@id":"https:\/\/fpsuperiorufv.es\/blog\/#organization"},"image":{"@id":"https:\/\/fpsuperiorufv.es\/blog\/salidas-laborales-de-marketing-y-publicidad\/#primaryimage"},"thumbnailUrl":"https:\/\/fpsuperiorufv.es\/blog\/wp-content\/uploads\/2025\/07\/concepto-marca-solucion-estrategia-gestion-corporativa.jpg","articleSection":["Blog","Marketing"],"inLanguage":"es"},{"@type":"WebPage","@id":"https:\/\/fpsuperiorufv.es\/blog\/salidas-laborales-de-marketing-y-publicidad\/","url":"https:\/\/fpsuperiorufv.es\/blog\/salidas-laborales-de-marketing-y-publicidad\/","name":"Salidas laborales de Marketing y Publicidad - UFV Madrid","isPartOf":{"@id":"https:\/\/fpsuperiorufv.es\/blog\/#website"},"primaryImageOfPage":{"@id":"https:\/\/fpsuperiorufv.es\/blog\/salidas-laborales-de-marketing-y-publicidad\/#primaryimage"},"image":{"@id":"https:\/\/fpsuperiorufv.es\/blog\/salidas-laborales-de-marketing-y-publicidad\/#primaryimage"},"thumbnailUrl":"https:\/\/fpsuperiorufv.es\/blog\/wp-content\/uploads\/2025\/07\/concepto-marca-solucion-estrategia-gestion-corporativa.jpg","datePublished":"2025-12-06T13:33:02+00:00","dateModified":"2025-12-15T13:18:58+00:00","description":"Te presentamos salidas laborales de Marketing y Publicidad como T\u00e9cnico SEO, T\u00e9cnico SEM, Organizador de eventos, Social Media Manager o Copy","breadcrumb":{"@id":"https:\/\/fpsuperiorufv.es\/blog\/salidas-laborales-de-marketing-y-publicidad\/#breadcrumb"},"inLanguage":"es","potentialAction":[{"@type":"ReadAction","target":["https:\/\/fpsuperiorufv.es\/blog\/salidas-laborales-de-marketing-y-publicidad\/"]}]},{"@type":"ImageObject","inLanguage":"es","@id":"https:\/\/fpsuperiorufv.es\/blog\/salidas-laborales-de-marketing-y-publicidad\/#primaryimage","url":"https:\/\/fpsuperiorufv.es\/blog\/wp-content\/uploads\/2025\/07\/concepto-marca-solucion-estrategia-gestion-corporativa.jpg","contentUrl":"https:\/\/fpsuperiorufv.es\/blog\/wp-content\/uploads\/2025\/07\/concepto-marca-solucion-estrategia-gestion-corporativa.jpg","width":1500,"height":909},{"@type":"BreadcrumbList","@id":"https:\/\/fpsuperiorufv.es\/blog\/salidas-laborales-de-marketing-y-publicidad\/#breadcrumb","itemListElement":[{"@type":"ListItem","position":1,"name":"Home","item":"https:\/\/fpsuperiorufv.es\/blog\/"},{"@type":"ListItem","position":2,"name":"Salidas laborales de Marketing y Publicidad"}]},{"@type":"WebSite","@id":"https:\/\/fpsuperiorufv.es\/blog\/#website","url":"https:\/\/fpsuperiorufv.es\/blog\/","name":"Fp Superior Francisco de Vitoria","description":"","publisher":{"@id":"https:\/\/fpsuperiorufv.es\/blog\/#organization"},"alternateName":"Cetys","potentialAction":[{"@type":"SearchAction","target":{"@type":"EntryPoint","urlTemplate":"https:\/\/fpsuperiorufv.es\/blog\/?s={search_term_string}"},"query-input":{"@type":"PropertyValueSpecification","valueRequired":true,"valueName":"search_term_string"}}],"inLanguage":"es"},{"@type":"Organization","@id":"https:\/\/fpsuperiorufv.es\/blog\/#organization","name":"Cetys","url":"https:\/\/fpsuperiorufv.es\/blog\/","logo":{"@type":"ImageObject","inLanguage":"es","@id":"https:\/\/fpsuperiorufv.es\/blog\/#\/schema\/logo\/image\/","url":"https:\/\/fpsuperiorufv.lo\/wp-content\/uploads\/2025\/02\/logo.svg","contentUrl":"https:\/\/fpsuperiorufv.lo\/wp-content\/uploads\/2025\/02\/logo.svg","width":"1024","height":"1024","caption":"Cetys"},"image":{"@id":"https:\/\/fpsuperiorufv.es\/blog\/#\/schema\/logo\/image\/"}},{"@type":"Person","@id":"https:\/\/fpsuperiorufv.es\/blog\/#\/schema\/person\/c7ac6e2e7af298050da8d956ac824347","name":"FP Superior UFV","image":{"@type":"ImageObject","inLanguage":"es","@id":"https:\/\/secure.gravatar.com\/avatar\/002af9a4377d87096f281de7725cae2f359bff0b0b7439b98b80936e58af2d91?s=96&d=mm&r=g","url":"https:\/\/secure.gravatar.com\/avatar\/002af9a4377d87096f281de7725cae2f359bff0b0b7439b98b80936e58af2d91?s=96&d=mm&r=g","contentUrl":"https:\/\/secure.gravatar.com\/avatar\/002af9a4377d87096f281de7725cae2f359bff0b0b7439b98b80936e58af2d91?s=96&d=mm&r=g","caption":"FP Superior UFV"},"sameAs":["https:\/\/fpsuperiorufv.lo"],"url":"https:\/\/fpsuperiorufv.es\/blog\/author\/administrador\/"}]}},"_links":{"self":[{"href":"https:\/\/fpsuperiorufv.es\/blog\/wp-json\/wp\/v2\/posts\/1227","targetHints":{"allow":["GET"]}}],"collection":[{"href":"https:\/\/fpsuperiorufv.es\/blog\/wp-json\/wp\/v2\/posts"}],"about":[{"href":"https:\/\/fpsuperiorufv.es\/blog\/wp-json\/wp\/v2\/types\/post"}],"author":[{"embeddable":true,"href":"https:\/\/fpsuperiorufv.es\/blog\/wp-json\/wp\/v2\/users\/1"}],"replies":[{"embeddable":true,"href":"https:\/\/fpsuperiorufv.es\/blog\/wp-json\/wp\/v2\/comments?post=1227"}],"version-history":[{"count":1,"href":"https:\/\/fpsuperiorufv.es\/blog\/wp-json\/wp\/v2\/posts\/1227\/revisions"}],"predecessor-version":[{"id":2073,"href":"https:\/\/fpsuperiorufv.es\/blog\/wp-json\/wp\/v2\/posts\/1227\/revisions\/2073"}],"wp:featuredmedia":[{"embeddable":true,"href":"https:\/\/fpsuperiorufv.es\/blog\/wp-json\/wp\/v2\/media\/1228"}],"wp:attachment":[{"href":"https:\/\/fpsuperiorufv.es\/blog\/wp-json\/wp\/v2\/media?parent=1227"}],"wp:term":[{"taxonomy":"category","embeddable":true,"href":"https:\/\/fpsuperiorufv.es\/blog\/wp-json\/wp\/v2\/categories?post=1227"},{"taxonomy":"post_tag","embeddable":true,"href":"https:\/\/fpsuperiorufv.es\/blog\/wp-json\/wp\/v2\/tags?post=1227"}],"curies":[{"name":"wp","href":"https:\/\/api.w.org\/{rel}","templated":true}]}}