{"id":1245,"date":"2025-12-05T19:03:42","date_gmt":"2025-12-05T18:03:42","guid":{"rendered":"https:\/\/fpsuperiorufv.es\/blog\/2023\/05\/17\/alteraciones-del-desarrollo-motor-infantil\/"},"modified":"2025-12-15T14:46:31","modified_gmt":"2025-12-15T13:46:31","slug":"alteraciones-del-desarrollo-motor-infantil","status":"publish","type":"post","link":"https:\/\/fpsuperiorufv.es\/blog\/alteraciones-del-desarrollo-motor-infantil\/","title":{"rendered":"Alteraciones del Desarrollo motor infantil"},"content":{"rendered":"<p><\/p>\n\n<p><span style=\"font-weight: 400;\">Dentro de las distintas etapas en las que nuestro desarrollo f\u00edsico y mental cobra una mayor importancia, la infancia es una de las m\u00e1s destacadas. A lo largo de esta fase, los ni\u00f1os pueden sufrir distintos trastornos o deficiencias que impiden su correcto desarrollo, llegando a tener consecuencias a lo largo de toda su vida. Con este art\u00edculo queremos que conozcas las alteraciones del desarrollo motor infantil m\u00e1s habituales, en qu\u00e9 consiste cada una de ellas y su tipolog\u00eda.<\/span><\/p>\n<p><a name=\"_heading=h.gjdgxs\"><\/a><\/p>\n<h2><strong>\u00bfQu\u00e9 son las alteraciones del Desarrollo motor infantil?<\/strong><\/h2>\n<p><span style=\"font-weight: 400;\"><\/span><\/p>\n<p><span style=\"font-weight: 400;\">Las alteraciones del desarrollo motor infantil, tambi\u00e9n conocidas como<\/span><b> trastornos motores infantiles<\/b><span style=\"font-weight: 400;\">, suelen aparecer a temprana edad, normalmente durante las primeras etapas educativas. Este tipo de patolog\u00edas pueden afectar al ni\u00f1o, no s\u00f3lo en su crecimiento o movilidad, sino tambi\u00e9n en su capacidad para concentrarse, aprender o relacionarse con otros ni\u00f1os y adultos.<\/span><\/p>\n<p><span style=\"font-weight: 400;\">La m\u00e1s conocida es el S\u00edndrome de Tourette y es que seguramente hayas presenciado alg\u00fan caso en el que el peque\u00f1o no pod\u00eda controlar sus tics. No obstante, existen muchos m\u00e1s trastornos motores que te explicamos a continuaci\u00f3n.<\/span><\/p>\n<h2><strong>Tipos de alteraciones del Desarrollo motor infantil<\/strong><\/h2>\n<p><span style=\"font-weight: 400;\">Dentro de las alteraciones del desarrollo motor infantil podemos identificar tres tipos que dependen de factores como la detecci\u00f3n temprana o la edad del ni\u00f1o. \u00c9stas son: <\/span><b>alteraciones en el desarrollo de la coordinaci\u00f3n, dificultad para controlar movimientos y tics continuos.\u00a0<\/b><\/p>\n<ul>\n<li><strong>Alteraciones en el desarrollo de la coordinaci\u00f3n<\/strong><\/li>\n<\/ul>\n<p><span style=\"font-weight: 400;\">Los trastornos en el desarrollo de la coordinaci\u00f3n suelen aparecer en ni\u00f1os <\/span><b>a partir de los 5 a\u00f1os y hasta que cumplen los 11<\/b><span style=\"font-weight: 400;\">, aproximadamente. Se trata de una alteraci\u00f3n que conlleva la <\/span><b>dificultad para coordinar movimientos<\/b><span style=\"font-weight: 400;\"> y que afecta a la motricidad de los m\u00e1s peque\u00f1os. Cabe se\u00f1alar que su origen no est\u00e1 relacionado con ninguna enfermedad ni discapacidad intelectual.<\/span><\/p>\n<p><span style=\"font-weight: 400;\">Algunas de las actividades diarias que pueden verse afectadas por este trastorno son la sujeci\u00f3n de objetos, la estabilidad al andar, escribir o caminar sin tropezarse. Los m\u00e1s peque\u00f1os, incluso, pueden tener dificultades a la hora de gatear o atarse los zapatos.<\/span><\/p>\n<p><span style=\"font-weight: 400;\">Por ello, es muy importante que se intervenga desde que se empiezan a notar los primeros s\u00edntomas con el fin de evitar que esto afecte al desarrollo de otro tipo de habilidades.<\/span><\/p>\n<ul>\n<li><strong>Dificultad para controlar movimientos\u00a0<\/strong><\/li>\n<\/ul>\n<p><span style=\"font-weight: 400;\">Las alteraciones de movimientos est\u00e1n relacionadas con la <\/span><b>repetici\u00f3n constante y fuera de control de gestos que no tienen ning\u00fan fin<\/b><span style=\"font-weight: 400;\">. Por ejemplo, balancear continuamente el cuerpo, agitar las manos o morderse y darse golpes sin ning\u00fan sentido aparente. Este trastorno suele desarrollarse hasta que el ni\u00f1o cumple los 3 a\u00f1os.<\/span><\/p>\n<p><span style=\"font-weight: 400;\">Al contrario que las alteraciones en el desarrollo de la coordinaci\u00f3n, esta dificultad a la hora de controlar movimientos <\/span><b>s\u00ed est\u00e1 directamente relacionada con la gen\u00e9tica<\/b><span style=\"font-weight: 400;\">, pudiendo ser la causante una discapacidad intelectual. Asimismo, tambi\u00e9n se han dado casos de ni\u00f1os ciegos o sordos que han experimentado este trastorno.<\/span><\/p>\n<p><span style=\"font-weight: 400;\">\u00bfQu\u00e9 consecuencias puede acarrear esta alteraci\u00f3n? Una de las m\u00e1s comunes es la autolesi\u00f3n.<\/span><\/p>\n<ul>\n<li><strong>Tics continuos<\/strong><\/li>\n<\/ul>\n<p><span style=\"font-weight: 400;\">Un tic es un <\/span><b>movimiento involuntario, espasmo o sonido que se repite continuadamente y sin control<\/b><span style=\"font-weight: 400;\">. Podemos clasificar los tics en los siguientes cuatro grupos:<\/span><b><\/b><\/p>\n<ul>\n<li style=\"list-style-type: none;\">\n<ul>\n<li aria-level=\"1\"><b>S\u00edndrome de Tourette.<\/b><\/li>\n<\/ul>\n<\/li>\n<\/ul>\n<ul>\n<li style=\"list-style-type: none;\">\n<ul>\n<li aria-level=\"1\"><b>Tics no especificados.<\/b><\/li>\n<\/ul>\n<\/li>\n<\/ul>\n<ul>\n<li style=\"list-style-type: none;\">\n<ul>\n<li aria-level=\"1\"><b>Tics persistentes.<\/b><\/li>\n<\/ul>\n<\/li>\n<\/ul>\n<ul>\n<li style=\"list-style-type: none;\">\n<ul>\n<li aria-level=\"1\"><b>Tics transitorios.<\/b><\/li>\n<\/ul>\n<\/li>\n<\/ul>\n<p><span style=\"font-weight: 400;\">A la hora de diagnosticarlos habr\u00e1 que tener en cuenta la edad del ni\u00f1o, la duraci\u00f3n y su tipolog\u00eda. Por ejemplo, los tics que se desarrollan en el S\u00edndrome de Tourette son intermitentes y pueden persistir en periodos superiores al a\u00f1o. Respecto a los persistentes, no aparecen a la vez, como s\u00ed ocurr\u00eda en el caso anterior, sino que s\u00f3lo existe un tipo. Su duraci\u00f3n m\u00ednima es de un a\u00f1o. Por \u00faltimo, los transitorios, que son de naturaleza motora y vocal y duran menos de doce meses.<\/span><\/p>\n<p><span style=\"font-weight: 400;\">Cabe destacar que <\/span><b>un movimiento estereotipado no puede ser considerado como tic<\/b><span style=\"font-weight: 400;\"> ya que tiene un patr\u00f3n establecido que normalmente afecta las extremidades del cuerpo.\u00a0<\/span><span style=\"font-weight: 400;\">\u00bfTe apasiona la etapa infantil y sue\u00f1as con ser maestro o maestra? \u00bfQuieres aprender sobre el desarrollo cognitivo y motor de los m\u00e1s peque\u00f1os? Durante los dos a\u00f1os que dura el Ciclo<\/span><a href=\"https:\/\/fpsuperiorufv.es\/grado-superior-en-educacion-infantil\/\"><span style=\"font-weight: 400;\"> de T\u00e9cnico Superior en Educaci\u00f3n Infantil<\/span><\/a><span style=\"font-weight: 400;\"> de la <\/span><b>Universidad<\/b> <b>Francisco de Vitoria de Madrid<\/b><span style=\"font-weight: 400;\"> adquirir\u00e1s todas las competencias que necesitas para trabajar en los mejores colegios y escuelas infantiles del pa\u00eds.<\/span><\/p>\n<p><\/p>\n<p><\/p>\n","protected":false},"excerpt":{"rendered":"<p>[vc_section][vc_row][vc_column css=\".vc_custom_1655805738975{margin-top: 0px !important;margin-right: 0px !important;margin-bottom: 0px !important;margin-left: 0px !important;}\"][vc_breadcrumbs_module][\/vc_column][\/vc_row][\/vc_section][vc_section][vc_row el_class=\"container\" css=\".vc_custom_1655802988397{padding-top: 50px !important;padding-bottom: 50px !important;}\"][vc_column][vc_single_image source=\"featured_image\" img_size=\"full\" alignment=\"center\" css=\".vc_custom_1660030768789{padding-top: 20px !important;padding-bottom: 20px !important;}\"][vc_column_text] Dentro de las distintas etapas en las que nuestro desarrollo f\u00edsico y mental cobra una mayor importancia, la infancia es una de las m\u00e1s destacadas. A lo largo de esta fase, &hellip;<\/p>\n","protected":false},"author":1,"featured_media":1246,"comment_status":"closed","ping_status":"open","sticky":false,"template":"","format":"standard","meta":{"inline_featured_image":false,"footnotes":""},"categories":[9,376],"tags":[],"class_list":["post-1245","post","type-post","status-publish","format-standard","has-post-thumbnail","hentry","category-blog","category-educacion-infantil"],"yoast_head":"<!-- This site is optimized with the Yoast SEO plugin v27.4 - https:\/\/yoast.com\/product\/yoast-seo-wordpress\/ -->\n<title>Alteraciones del Desarrollo motor infantil - UFV Madrid<\/title>\n<meta name=\"description\" content=\"Descubre qu\u00e9 son las Alteraciones del Desarrollo motor infantil y c\u00f3mo afectan los trastornos de coordinaci\u00f3n, de movimientos y los tics a los ni\u00f1os\" \/>\n<meta name=\"robots\" content=\"index, follow, max-snippet:-1, max-image-preview:large, max-video-preview:-1\" \/>\n<link rel=\"canonical\" href=\"https:\/\/fpsuperiorufv.es\/blog\/alteraciones-del-desarrollo-motor-infantil\/\" \/>\n<meta property=\"og:locale\" content=\"es_ES\" \/>\n<meta property=\"og:type\" content=\"article\" \/>\n<meta property=\"og:title\" content=\"Alteraciones del Desarrollo motor infantil - UFV Madrid\" \/>\n<meta property=\"og:description\" content=\"Descubre qu\u00e9 son las Alteraciones del Desarrollo motor infantil y c\u00f3mo afectan los trastornos de coordinaci\u00f3n, de movimientos y los tics a los ni\u00f1os\" \/>\n<meta property=\"og:url\" content=\"https:\/\/fpsuperiorufv.es\/blog\/alteraciones-del-desarrollo-motor-infantil\/\" \/>\n<meta property=\"og:site_name\" content=\"Cetys\" \/>\n<meta property=\"article:published_time\" content=\"2025-12-05T18:03:42+00:00\" \/>\n<meta property=\"article:modified_time\" content=\"2025-12-15T13:46:31+00:00\" \/>\n<meta property=\"og:image\" content=\"https:\/\/fpsuperiorufv.es\/blog\/wp-content\/uploads\/2025\/07\/persona-cerca-pequeno-bebe-juguete-sentado-cama-scaled-1.jpg\" \/>\n\t<meta property=\"og:image:width\" content=\"2560\" \/>\n\t<meta property=\"og:image:height\" content=\"1707\" \/>\n\t<meta property=\"og:image:type\" content=\"image\/jpeg\" \/>\n<meta name=\"author\" content=\"FP Superior UFV\" \/>\n<meta name=\"twitter:card\" content=\"summary_large_image\" \/>\n<meta name=\"twitter:label1\" content=\"Escrito por\" \/>\n\t<meta name=\"twitter:data1\" content=\"FP Superior UFV\" \/>\n\t<meta name=\"twitter:label2\" content=\"Tiempo de lectura\" \/>\n\t<meta name=\"twitter:data2\" content=\"4 minutos\" \/>\n<script type=\"application\/ld+json\" class=\"yoast-schema-graph\">{\"@context\":\"https:\\\/\\\/schema.org\",\"@graph\":[{\"@type\":\"Article\",\"@id\":\"https:\\\/\\\/fpsuperiorufv.es\\\/blog\\\/alteraciones-del-desarrollo-motor-infantil\\\/#article\",\"isPartOf\":{\"@id\":\"https:\\\/\\\/fpsuperiorufv.es\\\/blog\\\/alteraciones-del-desarrollo-motor-infantil\\\/\"},\"author\":{\"name\":\"FP Superior UFV\",\"@id\":\"https:\\\/\\\/fpsuperiorufv.es\\\/blog\\\/#\\\/schema\\\/person\\\/c7ac6e2e7af298050da8d956ac824347\"},\"headline\":\"Alteraciones del Desarrollo motor infantil\",\"datePublished\":\"2025-12-05T18:03:42+00:00\",\"dateModified\":\"2025-12-15T13:46:31+00:00\",\"mainEntityOfPage\":{\"@id\":\"https:\\\/\\\/fpsuperiorufv.es\\\/blog\\\/alteraciones-del-desarrollo-motor-infantil\\\/\"},\"wordCount\":882,\"publisher\":{\"@id\":\"https:\\\/\\\/fpsuperiorufv.es\\\/blog\\\/#organization\"},\"image\":{\"@id\":\"https:\\\/\\\/fpsuperiorufv.es\\\/blog\\\/alteraciones-del-desarrollo-motor-infantil\\\/#primaryimage\"},\"thumbnailUrl\":\"https:\\\/\\\/fpsuperiorufv.es\\\/blog\\\/wp-content\\\/uploads\\\/2025\\\/07\\\/persona-cerca-pequeno-bebe-juguete-sentado-cama-scaled-1.jpg\",\"articleSection\":[\"Blog\",\"Educaci\u00f3n Infantil\"],\"inLanguage\":\"es\"},{\"@type\":\"WebPage\",\"@id\":\"https:\\\/\\\/fpsuperiorufv.es\\\/blog\\\/alteraciones-del-desarrollo-motor-infantil\\\/\",\"url\":\"https:\\\/\\\/fpsuperiorufv.es\\\/blog\\\/alteraciones-del-desarrollo-motor-infantil\\\/\",\"name\":\"Alteraciones del Desarrollo motor infantil - UFV Madrid\",\"isPartOf\":{\"@id\":\"https:\\\/\\\/fpsuperiorufv.es\\\/blog\\\/#website\"},\"primaryImageOfPage\":{\"@id\":\"https:\\\/\\\/fpsuperiorufv.es\\\/blog\\\/alteraciones-del-desarrollo-motor-infantil\\\/#primaryimage\"},\"image\":{\"@id\":\"https:\\\/\\\/fpsuperiorufv.es\\\/blog\\\/alteraciones-del-desarrollo-motor-infantil\\\/#primaryimage\"},\"thumbnailUrl\":\"https:\\\/\\\/fpsuperiorufv.es\\\/blog\\\/wp-content\\\/uploads\\\/2025\\\/07\\\/persona-cerca-pequeno-bebe-juguete-sentado-cama-scaled-1.jpg\",\"datePublished\":\"2025-12-05T18:03:42+00:00\",\"dateModified\":\"2025-12-15T13:46:31+00:00\",\"description\":\"Descubre qu\u00e9 son las Alteraciones del Desarrollo motor infantil y c\u00f3mo afectan los trastornos de coordinaci\u00f3n, de movimientos y los tics a los ni\u00f1os\",\"breadcrumb\":{\"@id\":\"https:\\\/\\\/fpsuperiorufv.es\\\/blog\\\/alteraciones-del-desarrollo-motor-infantil\\\/#breadcrumb\"},\"inLanguage\":\"es\",\"potentialAction\":[{\"@type\":\"ReadAction\",\"target\":[\"https:\\\/\\\/fpsuperiorufv.es\\\/blog\\\/alteraciones-del-desarrollo-motor-infantil\\\/\"]}]},{\"@type\":\"ImageObject\",\"inLanguage\":\"es\",\"@id\":\"https:\\\/\\\/fpsuperiorufv.es\\\/blog\\\/alteraciones-del-desarrollo-motor-infantil\\\/#primaryimage\",\"url\":\"https:\\\/\\\/fpsuperiorufv.es\\\/blog\\\/wp-content\\\/uploads\\\/2025\\\/07\\\/persona-cerca-pequeno-bebe-juguete-sentado-cama-scaled-1.jpg\",\"contentUrl\":\"https:\\\/\\\/fpsuperiorufv.es\\\/blog\\\/wp-content\\\/uploads\\\/2025\\\/07\\\/persona-cerca-pequeno-bebe-juguete-sentado-cama-scaled-1.jpg\",\"width\":2560,\"height\":1707},{\"@type\":\"BreadcrumbList\",\"@id\":\"https:\\\/\\\/fpsuperiorufv.es\\\/blog\\\/alteraciones-del-desarrollo-motor-infantil\\\/#breadcrumb\",\"itemListElement\":[{\"@type\":\"ListItem\",\"position\":1,\"name\":\"Home\",\"item\":\"https:\\\/\\\/fpsuperiorufv.es\\\/blog\\\/\"},{\"@type\":\"ListItem\",\"position\":2,\"name\":\"Alteraciones del Desarrollo motor infantil\"}]},{\"@type\":\"WebSite\",\"@id\":\"https:\\\/\\\/fpsuperiorufv.es\\\/blog\\\/#website\",\"url\":\"https:\\\/\\\/fpsuperiorufv.es\\\/blog\\\/\",\"name\":\"Fp Superior Francisco de Vitoria\",\"description\":\"\",\"publisher\":{\"@id\":\"https:\\\/\\\/fpsuperiorufv.es\\\/blog\\\/#organization\"},\"alternateName\":\"Cetys\",\"potentialAction\":[{\"@type\":\"SearchAction\",\"target\":{\"@type\":\"EntryPoint\",\"urlTemplate\":\"https:\\\/\\\/fpsuperiorufv.es\\\/blog\\\/?s={search_term_string}\"},\"query-input\":{\"@type\":\"PropertyValueSpecification\",\"valueRequired\":true,\"valueName\":\"search_term_string\"}}],\"inLanguage\":\"es\"},{\"@type\":\"Organization\",\"@id\":\"https:\\\/\\\/fpsuperiorufv.es\\\/blog\\\/#organization\",\"name\":\"Cetys\",\"url\":\"https:\\\/\\\/fpsuperiorufv.es\\\/blog\\\/\",\"logo\":{\"@type\":\"ImageObject\",\"inLanguage\":\"es\",\"@id\":\"https:\\\/\\\/fpsuperiorufv.es\\\/blog\\\/#\\\/schema\\\/logo\\\/image\\\/\",\"url\":\"https:\\\/\\\/fpsuperiorufv.lo\\\/wp-content\\\/uploads\\\/2025\\\/02\\\/logo.svg\",\"contentUrl\":\"https:\\\/\\\/fpsuperiorufv.lo\\\/wp-content\\\/uploads\\\/2025\\\/02\\\/logo.svg\",\"width\":\"1024\",\"height\":\"1024\",\"caption\":\"Cetys\"},\"image\":{\"@id\":\"https:\\\/\\\/fpsuperiorufv.es\\\/blog\\\/#\\\/schema\\\/logo\\\/image\\\/\"}},{\"@type\":\"Person\",\"@id\":\"https:\\\/\\\/fpsuperiorufv.es\\\/blog\\\/#\\\/schema\\\/person\\\/c7ac6e2e7af298050da8d956ac824347\",\"name\":\"FP Superior UFV\",\"image\":{\"@type\":\"ImageObject\",\"inLanguage\":\"es\",\"@id\":\"https:\\\/\\\/secure.gravatar.com\\\/avatar\\\/002af9a4377d87096f281de7725cae2f359bff0b0b7439b98b80936e58af2d91?s=96&d=mm&r=g\",\"url\":\"https:\\\/\\\/secure.gravatar.com\\\/avatar\\\/002af9a4377d87096f281de7725cae2f359bff0b0b7439b98b80936e58af2d91?s=96&d=mm&r=g\",\"contentUrl\":\"https:\\\/\\\/secure.gravatar.com\\\/avatar\\\/002af9a4377d87096f281de7725cae2f359bff0b0b7439b98b80936e58af2d91?s=96&d=mm&r=g\",\"caption\":\"FP Superior UFV\"},\"sameAs\":[\"https:\\\/\\\/fpsuperiorufv.lo\"],\"url\":\"https:\\\/\\\/fpsuperiorufv.es\\\/blog\\\/author\\\/administrador\\\/\"}]}<\/script>\n<!-- \/ Yoast SEO plugin. -->","yoast_head_json":{"title":"Alteraciones del Desarrollo motor infantil - UFV Madrid","description":"Descubre qu\u00e9 son las Alteraciones del Desarrollo motor infantil y c\u00f3mo afectan los trastornos de coordinaci\u00f3n, de movimientos y los tics a los ni\u00f1os","robots":{"index":"index","follow":"follow","max-snippet":"max-snippet:-1","max-image-preview":"max-image-preview:large","max-video-preview":"max-video-preview:-1"},"canonical":"https:\/\/fpsuperiorufv.es\/blog\/alteraciones-del-desarrollo-motor-infantil\/","og_locale":"es_ES","og_type":"article","og_title":"Alteraciones del Desarrollo motor infantil - UFV Madrid","og_description":"Descubre qu\u00e9 son las Alteraciones del Desarrollo motor infantil y c\u00f3mo afectan los trastornos de coordinaci\u00f3n, de movimientos y los tics a los ni\u00f1os","og_url":"https:\/\/fpsuperiorufv.es\/blog\/alteraciones-del-desarrollo-motor-infantil\/","og_site_name":"Cetys","article_published_time":"2025-12-05T18:03:42+00:00","article_modified_time":"2025-12-15T13:46:31+00:00","og_image":[{"width":2560,"height":1707,"url":"https:\/\/fpsuperiorufv.es\/blog\/wp-content\/uploads\/2025\/07\/persona-cerca-pequeno-bebe-juguete-sentado-cama-scaled-1.jpg","type":"image\/jpeg"}],"author":"FP Superior UFV","twitter_card":"summary_large_image","twitter_misc":{"Escrito por":"FP Superior UFV","Tiempo de lectura":"4 minutos"},"schema":{"@context":"https:\/\/schema.org","@graph":[{"@type":"Article","@id":"https:\/\/fpsuperiorufv.es\/blog\/alteraciones-del-desarrollo-motor-infantil\/#article","isPartOf":{"@id":"https:\/\/fpsuperiorufv.es\/blog\/alteraciones-del-desarrollo-motor-infantil\/"},"author":{"name":"FP Superior UFV","@id":"https:\/\/fpsuperiorufv.es\/blog\/#\/schema\/person\/c7ac6e2e7af298050da8d956ac824347"},"headline":"Alteraciones del Desarrollo motor infantil","datePublished":"2025-12-05T18:03:42+00:00","dateModified":"2025-12-15T13:46:31+00:00","mainEntityOfPage":{"@id":"https:\/\/fpsuperiorufv.es\/blog\/alteraciones-del-desarrollo-motor-infantil\/"},"wordCount":882,"publisher":{"@id":"https:\/\/fpsuperiorufv.es\/blog\/#organization"},"image":{"@id":"https:\/\/fpsuperiorufv.es\/blog\/alteraciones-del-desarrollo-motor-infantil\/#primaryimage"},"thumbnailUrl":"https:\/\/fpsuperiorufv.es\/blog\/wp-content\/uploads\/2025\/07\/persona-cerca-pequeno-bebe-juguete-sentado-cama-scaled-1.jpg","articleSection":["Blog","Educaci\u00f3n Infantil"],"inLanguage":"es"},{"@type":"WebPage","@id":"https:\/\/fpsuperiorufv.es\/blog\/alteraciones-del-desarrollo-motor-infantil\/","url":"https:\/\/fpsuperiorufv.es\/blog\/alteraciones-del-desarrollo-motor-infantil\/","name":"Alteraciones del Desarrollo motor infantil - UFV Madrid","isPartOf":{"@id":"https:\/\/fpsuperiorufv.es\/blog\/#website"},"primaryImageOfPage":{"@id":"https:\/\/fpsuperiorufv.es\/blog\/alteraciones-del-desarrollo-motor-infantil\/#primaryimage"},"image":{"@id":"https:\/\/fpsuperiorufv.es\/blog\/alteraciones-del-desarrollo-motor-infantil\/#primaryimage"},"thumbnailUrl":"https:\/\/fpsuperiorufv.es\/blog\/wp-content\/uploads\/2025\/07\/persona-cerca-pequeno-bebe-juguete-sentado-cama-scaled-1.jpg","datePublished":"2025-12-05T18:03:42+00:00","dateModified":"2025-12-15T13:46:31+00:00","description":"Descubre qu\u00e9 son las Alteraciones del Desarrollo motor infantil y c\u00f3mo afectan los trastornos de coordinaci\u00f3n, de movimientos y los tics a los ni\u00f1os","breadcrumb":{"@id":"https:\/\/fpsuperiorufv.es\/blog\/alteraciones-del-desarrollo-motor-infantil\/#breadcrumb"},"inLanguage":"es","potentialAction":[{"@type":"ReadAction","target":["https:\/\/fpsuperiorufv.es\/blog\/alteraciones-del-desarrollo-motor-infantil\/"]}]},{"@type":"ImageObject","inLanguage":"es","@id":"https:\/\/fpsuperiorufv.es\/blog\/alteraciones-del-desarrollo-motor-infantil\/#primaryimage","url":"https:\/\/fpsuperiorufv.es\/blog\/wp-content\/uploads\/2025\/07\/persona-cerca-pequeno-bebe-juguete-sentado-cama-scaled-1.jpg","contentUrl":"https:\/\/fpsuperiorufv.es\/blog\/wp-content\/uploads\/2025\/07\/persona-cerca-pequeno-bebe-juguete-sentado-cama-scaled-1.jpg","width":2560,"height":1707},{"@type":"BreadcrumbList","@id":"https:\/\/fpsuperiorufv.es\/blog\/alteraciones-del-desarrollo-motor-infantil\/#breadcrumb","itemListElement":[{"@type":"ListItem","position":1,"name":"Home","item":"https:\/\/fpsuperiorufv.es\/blog\/"},{"@type":"ListItem","position":2,"name":"Alteraciones del Desarrollo motor infantil"}]},{"@type":"WebSite","@id":"https:\/\/fpsuperiorufv.es\/blog\/#website","url":"https:\/\/fpsuperiorufv.es\/blog\/","name":"Fp Superior Francisco de Vitoria","description":"","publisher":{"@id":"https:\/\/fpsuperiorufv.es\/blog\/#organization"},"alternateName":"Cetys","potentialAction":[{"@type":"SearchAction","target":{"@type":"EntryPoint","urlTemplate":"https:\/\/fpsuperiorufv.es\/blog\/?s={search_term_string}"},"query-input":{"@type":"PropertyValueSpecification","valueRequired":true,"valueName":"search_term_string"}}],"inLanguage":"es"},{"@type":"Organization","@id":"https:\/\/fpsuperiorufv.es\/blog\/#organization","name":"Cetys","url":"https:\/\/fpsuperiorufv.es\/blog\/","logo":{"@type":"ImageObject","inLanguage":"es","@id":"https:\/\/fpsuperiorufv.es\/blog\/#\/schema\/logo\/image\/","url":"https:\/\/fpsuperiorufv.lo\/wp-content\/uploads\/2025\/02\/logo.svg","contentUrl":"https:\/\/fpsuperiorufv.lo\/wp-content\/uploads\/2025\/02\/logo.svg","width":"1024","height":"1024","caption":"Cetys"},"image":{"@id":"https:\/\/fpsuperiorufv.es\/blog\/#\/schema\/logo\/image\/"}},{"@type":"Person","@id":"https:\/\/fpsuperiorufv.es\/blog\/#\/schema\/person\/c7ac6e2e7af298050da8d956ac824347","name":"FP Superior UFV","image":{"@type":"ImageObject","inLanguage":"es","@id":"https:\/\/secure.gravatar.com\/avatar\/002af9a4377d87096f281de7725cae2f359bff0b0b7439b98b80936e58af2d91?s=96&d=mm&r=g","url":"https:\/\/secure.gravatar.com\/avatar\/002af9a4377d87096f281de7725cae2f359bff0b0b7439b98b80936e58af2d91?s=96&d=mm&r=g","contentUrl":"https:\/\/secure.gravatar.com\/avatar\/002af9a4377d87096f281de7725cae2f359bff0b0b7439b98b80936e58af2d91?s=96&d=mm&r=g","caption":"FP Superior UFV"},"sameAs":["https:\/\/fpsuperiorufv.lo"],"url":"https:\/\/fpsuperiorufv.es\/blog\/author\/administrador\/"}]}},"_links":{"self":[{"href":"https:\/\/fpsuperiorufv.es\/blog\/wp-json\/wp\/v2\/posts\/1245","targetHints":{"allow":["GET"]}}],"collection":[{"href":"https:\/\/fpsuperiorufv.es\/blog\/wp-json\/wp\/v2\/posts"}],"about":[{"href":"https:\/\/fpsuperiorufv.es\/blog\/wp-json\/wp\/v2\/types\/post"}],"author":[{"embeddable":true,"href":"https:\/\/fpsuperiorufv.es\/blog\/wp-json\/wp\/v2\/users\/1"}],"replies":[{"embeddable":true,"href":"https:\/\/fpsuperiorufv.es\/blog\/wp-json\/wp\/v2\/comments?post=1245"}],"version-history":[{"count":1,"href":"https:\/\/fpsuperiorufv.es\/blog\/wp-json\/wp\/v2\/posts\/1245\/revisions"}],"predecessor-version":[{"id":2082,"href":"https:\/\/fpsuperiorufv.es\/blog\/wp-json\/wp\/v2\/posts\/1245\/revisions\/2082"}],"wp:featuredmedia":[{"embeddable":true,"href":"https:\/\/fpsuperiorufv.es\/blog\/wp-json\/wp\/v2\/media\/1246"}],"wp:attachment":[{"href":"https:\/\/fpsuperiorufv.es\/blog\/wp-json\/wp\/v2\/media?parent=1245"}],"wp:term":[{"taxonomy":"category","embeddable":true,"href":"https:\/\/fpsuperiorufv.es\/blog\/wp-json\/wp\/v2\/categories?post=1245"},{"taxonomy":"post_tag","embeddable":true,"href":"https:\/\/fpsuperiorufv.es\/blog\/wp-json\/wp\/v2\/tags?post=1245"}],"curies":[{"name":"wp","href":"https:\/\/api.w.org\/{rel}","templated":true}]}}