{"id":1287,"date":"2025-12-12T09:32:43","date_gmt":"2025-12-12T08:32:43","guid":{"rendered":"https:\/\/fpsuperiorufv.es\/blog\/2023\/07\/14\/la-teoria-del-desarrollo-cognitivo-de-piaget\/"},"modified":"2025-12-15T15:01:01","modified_gmt":"2025-12-15T14:01:01","slug":"la-teoria-del-desarrollo-cognitivo-de-piaget","status":"publish","type":"post","link":"https:\/\/fpsuperiorufv.es\/blog\/la-teoria-del-desarrollo-cognitivo-de-piaget\/","title":{"rendered":"La Teor\u00eda del desarrollo cognitivo de Piaget"},"content":{"rendered":"<p><\/p>\n\n<p><span style=\"font-weight: 400;\">El estudio del desarrollo cognitivo ha sido fundamental para comprender c\u00f3mo los seres humanos adquieren conocimientos y desarrollan habilidades mentales a lo largo de su vida. Uno de los te\u00f3ricos m\u00e1s influyentes en este campo es Jean Piaget, cuya teor\u00eda revolucionaria ha dejado una huella duradera en la psicolog\u00eda del desarrollo. En este art\u00edculo vamos a conocer en profundidad la Teor\u00eda del Desarrollo Cognitivo de Piaget examinando sus principales conceptos y su impacto en nuestra comprensi\u00f3n del crecimiento intelectual.<\/span><\/p>\n<p><a name=\"_heading=h.gjdgxs\"><\/a><\/p>\n<h2>Caracter\u00edsticas principales de la Teor\u00eda del desarrollo cognitivo de Piaget<\/h2>\n<p><span style=\"font-weight: 400;\"><\/span><\/p>\n<h3><span style=\"font-weight: 400;\">1. Los estadios del desarrollo<\/span><\/h3>\n<p><span style=\"font-weight: 400;\">Piaget postul\u00f3 que el desarrollo cognitivo ocurre en una serie de estadios secuenciales, cada uno caracterizado por formas \u00fanicas de pensamiento y razonamiento. Estos estadios son: el sensoriomotor (de 0 a 2 a\u00f1os), el preoperacional (de 2 a 7 a\u00f1os), el de operaciones concretas (de 7 a 11 a\u00f1os) y el de operaciones formales (a partir de los 11 a\u00f1os). Cada etapa representa una nueva capacidad cognitiva que se construye sobre las adquiridas en la etapa anterior.<\/span><\/p>\n<h3><span style=\"font-weight: 400;\">2. Asimilaci\u00f3n y acomodaci\u00f3n<\/span><\/h3>\n<p><span style=\"font-weight: 400;\">Seg\u00fan Piaget, los ni\u00f1os interact\u00faan con el mundo a trav\u00e9s de la asimilaci\u00f3n y la acomodaci\u00f3n. La asimilaci\u00f3n ocurre cuando los ni\u00f1os interpretan nuevas experiencias a trav\u00e9s de sus esquemas mentales existentes. Por otro lado, la acomodaci\u00f3n se produce cuando los esquemas mentales se modifican para adaptarse a la nueva informaci\u00f3n. Estos procesos de equilibraci\u00f3n y ajuste constante son fundamentales para el desarrollo cognitivo.<\/span><\/p>\n<h3><span style=\"font-weight: 400;\">3. Esquemas y organizaci\u00f3n<\/span><\/h3>\n<p><span style=\"font-weight: 400;\">Piaget describi\u00f3 los esquemas como las estructuras mentales que utilizamos para organizar y comprender el mundo. En las primeras etapas del desarrollo, los esquemas son simples y centrados en acciones f\u00edsicas. Con el tiempo, los esquemas se vuelven m\u00e1s complejos y abstractos, y los ni\u00f1os comienzan a organizarlos en estructuras cognitivas m\u00e1s amplias y coherentes. Este proceso de organizaci\u00f3n contribuye a la adquisici\u00f3n de habilidades cognitivas m\u00e1s avanzadas.<\/span><\/p>\n<h3><span style=\"font-weight: 400;\">4. La importancia del juego<\/span><\/h3>\n<p><span style=\"font-weight: 400;\">Piaget reconoci\u00f3 el papel fundamental del juego en el desarrollo cognitivo de los ni\u00f1os. A trav\u00e9s del juego, los ni\u00f1os exploran, experimentan y ponen en pr\u00e1ctica sus conocimientos en un entorno seguro. El juego tambi\u00e9n les permite probar nuevas ideas y resolver problemas, lo que fomenta su desarrollo intelectual y creativo. Para Piaget, el juego era una actividad crucial que reflejaba el nivel de desarrollo cognitivo de un ni\u00f1o.<\/span><\/p>\n<h3><span style=\"font-weight: 400;\">5. El error cognitivo<\/span><\/h3>\n<p><span style=\"font-weight: 400;\">Seg\u00fan Piaget, los errores cognitivos de los ni\u00f1os no deben verse como fracasos, sino como oportunidades para el aprendizaje. Estos errores revelan los l\u00edmites de su pensamiento en un determinado estadio y, al enfrentarlos, los ni\u00f1os pueden reevaluar y modificar sus esquemas mentales. El error es parte del proceso de construcci\u00f3n del conocimiento y es esencial para el desarrollo cognitivo.<\/span><\/p>\n<h2><strong>Conclusi\u00f3n<\/strong><\/h2>\n<p><span style=\"font-weight: 400;\">La Teor\u00eda del Desarrollo Cognitivo de Piaget ha sido una influencia duradera en el campo de la psicolog\u00eda del desarrollo. Su enfoque en los estadios del desarrollo, la asimilaci\u00f3n y la acomodaci\u00f3n, los esquemas y la importancia del juego ha proporcionado una base s\u00f3lida para comprender c\u00f3mo los ni\u00f1os adquieren conocimientos y desarrollan habilidades cognitivas. Aunque la teor\u00eda ha sido objeto de debate y ha recibido cr\u00edticas, su impacto en nuestra comprensi\u00f3n del crecimiento intelectual sigue siendo significativo. La obra de Piaget nos recuerda la importancia de comprender y apreciar la forma en que los individuos construyen y organizan su conocimiento a medida que crecen y se desarrollan.<\/span><\/p>\n<p><span style=\"font-weight: 400;\">\u00bfTe apasiona la docencia y el trato directo con los m\u00e1s peque\u00f1os? \u00bfQuieres ampliar tu formaci\u00f3n adquiriendo todos los conocimientos necesarios sobre el desarrollo y crecimiento de ni\u00f1os de 0 a 3 a\u00f1os? Convi\u00e9rtete en maestro o maestra en colegios y escuelas infantiles de la mano de la <\/span><b>Universidad Francisco de Vitoria de Madrid <\/b><span style=\"font-weight: 400;\">con el <\/span><a href=\"https:\/\/fpsuperiorufv.es\/grado-superior-en-educacion-infantil\/\"><span style=\"font-weight: 400;\">t\u00edtulo de T\u00e9cnico Superior en Educaci\u00f3n Infantil<\/span><\/a><span style=\"font-weight: 400;\">.<\/span><\/p>\n<p><\/p>\n<p><\/p>\n","protected":false},"excerpt":{"rendered":"<p>[vc_section][vc_row][vc_column css=\".vc_custom_1655805738975{margin-top: 0px !important;margin-right: 0px !important;margin-bottom: 0px !important;margin-left: 0px !important;}\"][vc_breadcrumbs_module][\/vc_column][\/vc_row][\/vc_section][vc_section][vc_row el_class=\"container\" css=\".vc_custom_1655802988397{padding-top: 50px !important;padding-bottom: 50px !important;}\"][vc_column][vc_single_image source=\"featured_image\" img_size=\"full\" alignment=\"center\" css=\".vc_custom_1660030768789{padding-top: 20px !important;padding-bottom: 20px !important;}\"][vc_column_text] El estudio del desarrollo cognitivo ha sido fundamental para comprender c\u00f3mo los seres humanos adquieren conocimientos y desarrollan habilidades mentales a lo largo de su vida. Uno de los te\u00f3ricos m\u00e1s &hellip;<\/p>\n","protected":false},"author":1,"featured_media":1288,"comment_status":"closed","ping_status":"open","sticky":false,"template":"","format":"standard","meta":{"inline_featured_image":false,"footnotes":""},"categories":[9,376],"tags":[],"class_list":["post-1287","post","type-post","status-publish","format-standard","has-post-thumbnail","hentry","category-blog","category-educacion-infantil"],"yoast_head":"<!-- This site is optimized with the Yoast SEO plugin v27.4 - https:\/\/yoast.com\/product\/yoast-seo-wordpress\/ -->\n<title>La Teor\u00eda del desarrollo cognitivo de Piaget - UFV Madrid<\/title>\n<meta name=\"description\" content=\"Descubre qu\u00e9 es la Teor\u00eda del desarrollo cognitivo de Piaget y en qu\u00e9 consisten sus fundamentos de asimilaci\u00f3n y acomodaci\u00f3n.\" \/>\n<meta name=\"robots\" content=\"index, follow, max-snippet:-1, max-image-preview:large, max-video-preview:-1\" \/>\n<link rel=\"canonical\" href=\"https:\/\/fpsuperiorufv.es\/blog\/la-teoria-del-desarrollo-cognitivo-de-piaget\/\" \/>\n<meta property=\"og:locale\" content=\"es_ES\" \/>\n<meta property=\"og:type\" content=\"article\" \/>\n<meta property=\"og:title\" content=\"La Teor\u00eda del desarrollo cognitivo de Piaget - UFV Madrid\" \/>\n<meta property=\"og:description\" content=\"Descubre qu\u00e9 es la Teor\u00eda del desarrollo cognitivo de Piaget y en qu\u00e9 consisten sus fundamentos de asimilaci\u00f3n y acomodaci\u00f3n.\" \/>\n<meta property=\"og:url\" content=\"https:\/\/fpsuperiorufv.es\/blog\/la-teoria-del-desarrollo-cognitivo-de-piaget\/\" \/>\n<meta property=\"og:site_name\" content=\"Cetys\" \/>\n<meta property=\"article:published_time\" content=\"2025-12-12T08:32:43+00:00\" \/>\n<meta property=\"article:modified_time\" content=\"2025-12-15T14:01:01+00:00\" \/>\n<meta property=\"og:image\" content=\"https:\/\/fpsuperiorufv.es\/blog\/wp-content\/uploads\/2025\/07\/desarrollo-piaget.jpg\" \/>\n\t<meta property=\"og:image:width\" content=\"1280\" \/>\n\t<meta property=\"og:image:height\" content=\"853\" \/>\n\t<meta property=\"og:image:type\" content=\"image\/jpeg\" \/>\n<meta name=\"author\" content=\"FP Superior UFV\" \/>\n<meta name=\"twitter:card\" content=\"summary_large_image\" \/>\n<meta name=\"twitter:label1\" content=\"Escrito por\" \/>\n\t<meta name=\"twitter:data1\" content=\"FP Superior UFV\" \/>\n\t<meta name=\"twitter:label2\" content=\"Tiempo de lectura\" \/>\n\t<meta name=\"twitter:data2\" content=\"4 minutos\" \/>\n<script type=\"application\/ld+json\" class=\"yoast-schema-graph\">{\"@context\":\"https:\\\/\\\/schema.org\",\"@graph\":[{\"@type\":\"Article\",\"@id\":\"https:\\\/\\\/fpsuperiorufv.es\\\/blog\\\/la-teoria-del-desarrollo-cognitivo-de-piaget\\\/#article\",\"isPartOf\":{\"@id\":\"https:\\\/\\\/fpsuperiorufv.es\\\/blog\\\/la-teoria-del-desarrollo-cognitivo-de-piaget\\\/\"},\"author\":{\"name\":\"FP Superior UFV\",\"@id\":\"https:\\\/\\\/fpsuperiorufv.es\\\/blog\\\/#\\\/schema\\\/person\\\/c7ac6e2e7af298050da8d956ac824347\"},\"headline\":\"La Teor\u00eda del desarrollo cognitivo de Piaget\",\"datePublished\":\"2025-12-12T08:32:43+00:00\",\"dateModified\":\"2025-12-15T14:01:01+00:00\",\"mainEntityOfPage\":{\"@id\":\"https:\\\/\\\/fpsuperiorufv.es\\\/blog\\\/la-teoria-del-desarrollo-cognitivo-de-piaget\\\/\"},\"wordCount\":800,\"publisher\":{\"@id\":\"https:\\\/\\\/fpsuperiorufv.es\\\/blog\\\/#organization\"},\"image\":{\"@id\":\"https:\\\/\\\/fpsuperiorufv.es\\\/blog\\\/la-teoria-del-desarrollo-cognitivo-de-piaget\\\/#primaryimage\"},\"thumbnailUrl\":\"https:\\\/\\\/fpsuperiorufv.es\\\/blog\\\/wp-content\\\/uploads\\\/2025\\\/07\\\/desarrollo-piaget.jpg\",\"articleSection\":[\"Blog\",\"Educaci\u00f3n Infantil\"],\"inLanguage\":\"es\"},{\"@type\":\"WebPage\",\"@id\":\"https:\\\/\\\/fpsuperiorufv.es\\\/blog\\\/la-teoria-del-desarrollo-cognitivo-de-piaget\\\/\",\"url\":\"https:\\\/\\\/fpsuperiorufv.es\\\/blog\\\/la-teoria-del-desarrollo-cognitivo-de-piaget\\\/\",\"name\":\"La Teor\u00eda del desarrollo cognitivo de Piaget - UFV Madrid\",\"isPartOf\":{\"@id\":\"https:\\\/\\\/fpsuperiorufv.es\\\/blog\\\/#website\"},\"primaryImageOfPage\":{\"@id\":\"https:\\\/\\\/fpsuperiorufv.es\\\/blog\\\/la-teoria-del-desarrollo-cognitivo-de-piaget\\\/#primaryimage\"},\"image\":{\"@id\":\"https:\\\/\\\/fpsuperiorufv.es\\\/blog\\\/la-teoria-del-desarrollo-cognitivo-de-piaget\\\/#primaryimage\"},\"thumbnailUrl\":\"https:\\\/\\\/fpsuperiorufv.es\\\/blog\\\/wp-content\\\/uploads\\\/2025\\\/07\\\/desarrollo-piaget.jpg\",\"datePublished\":\"2025-12-12T08:32:43+00:00\",\"dateModified\":\"2025-12-15T14:01:01+00:00\",\"description\":\"Descubre qu\u00e9 es la Teor\u00eda del desarrollo cognitivo de Piaget y en qu\u00e9 consisten sus fundamentos de asimilaci\u00f3n y acomodaci\u00f3n.\",\"breadcrumb\":{\"@id\":\"https:\\\/\\\/fpsuperiorufv.es\\\/blog\\\/la-teoria-del-desarrollo-cognitivo-de-piaget\\\/#breadcrumb\"},\"inLanguage\":\"es\",\"potentialAction\":[{\"@type\":\"ReadAction\",\"target\":[\"https:\\\/\\\/fpsuperiorufv.es\\\/blog\\\/la-teoria-del-desarrollo-cognitivo-de-piaget\\\/\"]}]},{\"@type\":\"ImageObject\",\"inLanguage\":\"es\",\"@id\":\"https:\\\/\\\/fpsuperiorufv.es\\\/blog\\\/la-teoria-del-desarrollo-cognitivo-de-piaget\\\/#primaryimage\",\"url\":\"https:\\\/\\\/fpsuperiorufv.es\\\/blog\\\/wp-content\\\/uploads\\\/2025\\\/07\\\/desarrollo-piaget.jpg\",\"contentUrl\":\"https:\\\/\\\/fpsuperiorufv.es\\\/blog\\\/wp-content\\\/uploads\\\/2025\\\/07\\\/desarrollo-piaget.jpg\",\"width\":1280,\"height\":853},{\"@type\":\"BreadcrumbList\",\"@id\":\"https:\\\/\\\/fpsuperiorufv.es\\\/blog\\\/la-teoria-del-desarrollo-cognitivo-de-piaget\\\/#breadcrumb\",\"itemListElement\":[{\"@type\":\"ListItem\",\"position\":1,\"name\":\"Home\",\"item\":\"https:\\\/\\\/fpsuperiorufv.es\\\/blog\\\/\"},{\"@type\":\"ListItem\",\"position\":2,\"name\":\"La Teor\u00eda del desarrollo cognitivo de Piaget\"}]},{\"@type\":\"WebSite\",\"@id\":\"https:\\\/\\\/fpsuperiorufv.es\\\/blog\\\/#website\",\"url\":\"https:\\\/\\\/fpsuperiorufv.es\\\/blog\\\/\",\"name\":\"Fp Superior Francisco de Vitoria\",\"description\":\"\",\"publisher\":{\"@id\":\"https:\\\/\\\/fpsuperiorufv.es\\\/blog\\\/#organization\"},\"alternateName\":\"Cetys\",\"potentialAction\":[{\"@type\":\"SearchAction\",\"target\":{\"@type\":\"EntryPoint\",\"urlTemplate\":\"https:\\\/\\\/fpsuperiorufv.es\\\/blog\\\/?s={search_term_string}\"},\"query-input\":{\"@type\":\"PropertyValueSpecification\",\"valueRequired\":true,\"valueName\":\"search_term_string\"}}],\"inLanguage\":\"es\"},{\"@type\":\"Organization\",\"@id\":\"https:\\\/\\\/fpsuperiorufv.es\\\/blog\\\/#organization\",\"name\":\"Cetys\",\"url\":\"https:\\\/\\\/fpsuperiorufv.es\\\/blog\\\/\",\"logo\":{\"@type\":\"ImageObject\",\"inLanguage\":\"es\",\"@id\":\"https:\\\/\\\/fpsuperiorufv.es\\\/blog\\\/#\\\/schema\\\/logo\\\/image\\\/\",\"url\":\"https:\\\/\\\/fpsuperiorufv.lo\\\/wp-content\\\/uploads\\\/2025\\\/02\\\/logo.svg\",\"contentUrl\":\"https:\\\/\\\/fpsuperiorufv.lo\\\/wp-content\\\/uploads\\\/2025\\\/02\\\/logo.svg\",\"width\":\"1024\",\"height\":\"1024\",\"caption\":\"Cetys\"},\"image\":{\"@id\":\"https:\\\/\\\/fpsuperiorufv.es\\\/blog\\\/#\\\/schema\\\/logo\\\/image\\\/\"}},{\"@type\":\"Person\",\"@id\":\"https:\\\/\\\/fpsuperiorufv.es\\\/blog\\\/#\\\/schema\\\/person\\\/c7ac6e2e7af298050da8d956ac824347\",\"name\":\"FP Superior UFV\",\"image\":{\"@type\":\"ImageObject\",\"inLanguage\":\"es\",\"@id\":\"https:\\\/\\\/secure.gravatar.com\\\/avatar\\\/002af9a4377d87096f281de7725cae2f359bff0b0b7439b98b80936e58af2d91?s=96&d=mm&r=g\",\"url\":\"https:\\\/\\\/secure.gravatar.com\\\/avatar\\\/002af9a4377d87096f281de7725cae2f359bff0b0b7439b98b80936e58af2d91?s=96&d=mm&r=g\",\"contentUrl\":\"https:\\\/\\\/secure.gravatar.com\\\/avatar\\\/002af9a4377d87096f281de7725cae2f359bff0b0b7439b98b80936e58af2d91?s=96&d=mm&r=g\",\"caption\":\"FP Superior UFV\"},\"sameAs\":[\"https:\\\/\\\/fpsuperiorufv.lo\"],\"url\":\"https:\\\/\\\/fpsuperiorufv.es\\\/blog\\\/author\\\/administrador\\\/\"}]}<\/script>\n<!-- \/ Yoast SEO plugin. -->","yoast_head_json":{"title":"La Teor\u00eda del desarrollo cognitivo de Piaget - UFV Madrid","description":"Descubre qu\u00e9 es la Teor\u00eda del desarrollo cognitivo de Piaget y en qu\u00e9 consisten sus fundamentos de asimilaci\u00f3n y acomodaci\u00f3n.","robots":{"index":"index","follow":"follow","max-snippet":"max-snippet:-1","max-image-preview":"max-image-preview:large","max-video-preview":"max-video-preview:-1"},"canonical":"https:\/\/fpsuperiorufv.es\/blog\/la-teoria-del-desarrollo-cognitivo-de-piaget\/","og_locale":"es_ES","og_type":"article","og_title":"La Teor\u00eda del desarrollo cognitivo de Piaget - UFV Madrid","og_description":"Descubre qu\u00e9 es la Teor\u00eda del desarrollo cognitivo de Piaget y en qu\u00e9 consisten sus fundamentos de asimilaci\u00f3n y acomodaci\u00f3n.","og_url":"https:\/\/fpsuperiorufv.es\/blog\/la-teoria-del-desarrollo-cognitivo-de-piaget\/","og_site_name":"Cetys","article_published_time":"2025-12-12T08:32:43+00:00","article_modified_time":"2025-12-15T14:01:01+00:00","og_image":[{"width":1280,"height":853,"url":"https:\/\/fpsuperiorufv.es\/blog\/wp-content\/uploads\/2025\/07\/desarrollo-piaget.jpg","type":"image\/jpeg"}],"author":"FP Superior UFV","twitter_card":"summary_large_image","twitter_misc":{"Escrito por":"FP Superior UFV","Tiempo de lectura":"4 minutos"},"schema":{"@context":"https:\/\/schema.org","@graph":[{"@type":"Article","@id":"https:\/\/fpsuperiorufv.es\/blog\/la-teoria-del-desarrollo-cognitivo-de-piaget\/#article","isPartOf":{"@id":"https:\/\/fpsuperiorufv.es\/blog\/la-teoria-del-desarrollo-cognitivo-de-piaget\/"},"author":{"name":"FP Superior UFV","@id":"https:\/\/fpsuperiorufv.es\/blog\/#\/schema\/person\/c7ac6e2e7af298050da8d956ac824347"},"headline":"La Teor\u00eda del desarrollo cognitivo de Piaget","datePublished":"2025-12-12T08:32:43+00:00","dateModified":"2025-12-15T14:01:01+00:00","mainEntityOfPage":{"@id":"https:\/\/fpsuperiorufv.es\/blog\/la-teoria-del-desarrollo-cognitivo-de-piaget\/"},"wordCount":800,"publisher":{"@id":"https:\/\/fpsuperiorufv.es\/blog\/#organization"},"image":{"@id":"https:\/\/fpsuperiorufv.es\/blog\/la-teoria-del-desarrollo-cognitivo-de-piaget\/#primaryimage"},"thumbnailUrl":"https:\/\/fpsuperiorufv.es\/blog\/wp-content\/uploads\/2025\/07\/desarrollo-piaget.jpg","articleSection":["Blog","Educaci\u00f3n Infantil"],"inLanguage":"es"},{"@type":"WebPage","@id":"https:\/\/fpsuperiorufv.es\/blog\/la-teoria-del-desarrollo-cognitivo-de-piaget\/","url":"https:\/\/fpsuperiorufv.es\/blog\/la-teoria-del-desarrollo-cognitivo-de-piaget\/","name":"La Teor\u00eda del desarrollo cognitivo de Piaget - UFV Madrid","isPartOf":{"@id":"https:\/\/fpsuperiorufv.es\/blog\/#website"},"primaryImageOfPage":{"@id":"https:\/\/fpsuperiorufv.es\/blog\/la-teoria-del-desarrollo-cognitivo-de-piaget\/#primaryimage"},"image":{"@id":"https:\/\/fpsuperiorufv.es\/blog\/la-teoria-del-desarrollo-cognitivo-de-piaget\/#primaryimage"},"thumbnailUrl":"https:\/\/fpsuperiorufv.es\/blog\/wp-content\/uploads\/2025\/07\/desarrollo-piaget.jpg","datePublished":"2025-12-12T08:32:43+00:00","dateModified":"2025-12-15T14:01:01+00:00","description":"Descubre qu\u00e9 es la Teor\u00eda del desarrollo cognitivo de Piaget y en qu\u00e9 consisten sus fundamentos de asimilaci\u00f3n y acomodaci\u00f3n.","breadcrumb":{"@id":"https:\/\/fpsuperiorufv.es\/blog\/la-teoria-del-desarrollo-cognitivo-de-piaget\/#breadcrumb"},"inLanguage":"es","potentialAction":[{"@type":"ReadAction","target":["https:\/\/fpsuperiorufv.es\/blog\/la-teoria-del-desarrollo-cognitivo-de-piaget\/"]}]},{"@type":"ImageObject","inLanguage":"es","@id":"https:\/\/fpsuperiorufv.es\/blog\/la-teoria-del-desarrollo-cognitivo-de-piaget\/#primaryimage","url":"https:\/\/fpsuperiorufv.es\/blog\/wp-content\/uploads\/2025\/07\/desarrollo-piaget.jpg","contentUrl":"https:\/\/fpsuperiorufv.es\/blog\/wp-content\/uploads\/2025\/07\/desarrollo-piaget.jpg","width":1280,"height":853},{"@type":"BreadcrumbList","@id":"https:\/\/fpsuperiorufv.es\/blog\/la-teoria-del-desarrollo-cognitivo-de-piaget\/#breadcrumb","itemListElement":[{"@type":"ListItem","position":1,"name":"Home","item":"https:\/\/fpsuperiorufv.es\/blog\/"},{"@type":"ListItem","position":2,"name":"La Teor\u00eda del desarrollo cognitivo de Piaget"}]},{"@type":"WebSite","@id":"https:\/\/fpsuperiorufv.es\/blog\/#website","url":"https:\/\/fpsuperiorufv.es\/blog\/","name":"Fp Superior Francisco de Vitoria","description":"","publisher":{"@id":"https:\/\/fpsuperiorufv.es\/blog\/#organization"},"alternateName":"Cetys","potentialAction":[{"@type":"SearchAction","target":{"@type":"EntryPoint","urlTemplate":"https:\/\/fpsuperiorufv.es\/blog\/?s={search_term_string}"},"query-input":{"@type":"PropertyValueSpecification","valueRequired":true,"valueName":"search_term_string"}}],"inLanguage":"es"},{"@type":"Organization","@id":"https:\/\/fpsuperiorufv.es\/blog\/#organization","name":"Cetys","url":"https:\/\/fpsuperiorufv.es\/blog\/","logo":{"@type":"ImageObject","inLanguage":"es","@id":"https:\/\/fpsuperiorufv.es\/blog\/#\/schema\/logo\/image\/","url":"https:\/\/fpsuperiorufv.lo\/wp-content\/uploads\/2025\/02\/logo.svg","contentUrl":"https:\/\/fpsuperiorufv.lo\/wp-content\/uploads\/2025\/02\/logo.svg","width":"1024","height":"1024","caption":"Cetys"},"image":{"@id":"https:\/\/fpsuperiorufv.es\/blog\/#\/schema\/logo\/image\/"}},{"@type":"Person","@id":"https:\/\/fpsuperiorufv.es\/blog\/#\/schema\/person\/c7ac6e2e7af298050da8d956ac824347","name":"FP Superior UFV","image":{"@type":"ImageObject","inLanguage":"es","@id":"https:\/\/secure.gravatar.com\/avatar\/002af9a4377d87096f281de7725cae2f359bff0b0b7439b98b80936e58af2d91?s=96&d=mm&r=g","url":"https:\/\/secure.gravatar.com\/avatar\/002af9a4377d87096f281de7725cae2f359bff0b0b7439b98b80936e58af2d91?s=96&d=mm&r=g","contentUrl":"https:\/\/secure.gravatar.com\/avatar\/002af9a4377d87096f281de7725cae2f359bff0b0b7439b98b80936e58af2d91?s=96&d=mm&r=g","caption":"FP Superior UFV"},"sameAs":["https:\/\/fpsuperiorufv.lo"],"url":"https:\/\/fpsuperiorufv.es\/blog\/author\/administrador\/"}]}},"_links":{"self":[{"href":"https:\/\/fpsuperiorufv.es\/blog\/wp-json\/wp\/v2\/posts\/1287","targetHints":{"allow":["GET"]}}],"collection":[{"href":"https:\/\/fpsuperiorufv.es\/blog\/wp-json\/wp\/v2\/posts"}],"about":[{"href":"https:\/\/fpsuperiorufv.es\/blog\/wp-json\/wp\/v2\/types\/post"}],"author":[{"embeddable":true,"href":"https:\/\/fpsuperiorufv.es\/blog\/wp-json\/wp\/v2\/users\/1"}],"replies":[{"embeddable":true,"href":"https:\/\/fpsuperiorufv.es\/blog\/wp-json\/wp\/v2\/comments?post=1287"}],"version-history":[{"count":1,"href":"https:\/\/fpsuperiorufv.es\/blog\/wp-json\/wp\/v2\/posts\/1287\/revisions"}],"predecessor-version":[{"id":2103,"href":"https:\/\/fpsuperiorufv.es\/blog\/wp-json\/wp\/v2\/posts\/1287\/revisions\/2103"}],"wp:featuredmedia":[{"embeddable":true,"href":"https:\/\/fpsuperiorufv.es\/blog\/wp-json\/wp\/v2\/media\/1288"}],"wp:attachment":[{"href":"https:\/\/fpsuperiorufv.es\/blog\/wp-json\/wp\/v2\/media?parent=1287"}],"wp:term":[{"taxonomy":"category","embeddable":true,"href":"https:\/\/fpsuperiorufv.es\/blog\/wp-json\/wp\/v2\/categories?post=1287"},{"taxonomy":"post_tag","embeddable":true,"href":"https:\/\/fpsuperiorufv.es\/blog\/wp-json\/wp\/v2\/tags?post=1287"}],"curies":[{"name":"wp","href":"https:\/\/api.w.org\/{rel}","templated":true}]}}