{"id":1331,"date":"2025-12-15T07:52:35","date_gmt":"2025-12-15T06:52:35","guid":{"rendered":"https:\/\/fpsuperiorufv.es\/blog\/2023\/09\/13\/actividades-en-el-aula-para-la-vuelta-al-cole\/"},"modified":"2025-12-15T14:45:18","modified_gmt":"2025-12-15T13:45:18","slug":"actividades-en-el-aula-para-la-vuelta-al-cole","status":"publish","type":"post","link":"https:\/\/fpsuperiorufv.es\/blog\/actividades-en-el-aula-para-la-vuelta-al-cole\/","title":{"rendered":"Actividades en el aula para la vuelta al cole"},"content":{"rendered":"<p><\/p>\n\n<p><span style=\"font-weight: 400;\">El inicio o <\/span><span style=\"font-weight: 400;\">la vuelta al cole es un momento emocionante tanto para los padres como para los ni\u00f1os, especialmente cuando se trata de ni\u00f1os peque\u00f1os de 0 a 3 a\u00f1os. En esta etapa temprana de desarrollo es fundamental que las actividades en el aula sean estimulantes, educativas y, sobre todo, divertidas. En este art\u00edculo vamos a presentar una variedad de actividades dise\u00f1adas para hacer que la vuelta al cole sea una experiencia enriquecedora y placentera para los ni\u00f1os m\u00e1s peque\u00f1os.<\/span><\/p>\n<p><a name=\"_heading=h.gjdgxs\"><\/a><\/p>\n<h2><span style=\"font-weight: 400;\">Actividades para la vuelta al cole de ni\u00f1os de 0 a 3 a\u00f1os<\/span><\/h2>\n<p><span style=\"font-weight: 400;\"><\/span><\/p>\n<h3><span style=\"font-weight: 400;\">1. Juego de bienvenida con globos de colores<\/span><\/h3>\n<p><span style=\"font-weight: 400;\">Comenzar el primer d\u00eda de clases con un juego de bienvenida puede ayudar a los ni\u00f1os a sentirse m\u00e1s c\u00f3modos en el nuevo entorno. Una actividad popular es inflar globos de colores y escribir el nombre de cada ni\u00f1o en uno de ellos. Luego, los ni\u00f1os pueden buscar su globo y llevarlo consigo durante el d\u00eda. Esta actividad fomenta la interacci\u00f3n, la emoci\u00f3n y la familiarizaci\u00f3n con los compa\u00f1eros de clase.<\/span><\/p>\n<h3><span style=\"font-weight: 400;\">2. C\u00edrculo de canciones y cuentos<\/span><\/h3>\n<p><span style=\"font-weight: 400;\">Reunir a los ni\u00f1os en un c\u00edrculo para cantar canciones y contar cuentos es una excelente manera de construir la comunidad en el aula. Los ni\u00f1os pueden participar cantando canciones simples como \"La ara\u00f1a peque\u00f1ita subi\u00f3, subi\u00f3\" o escuchando cuentos cortos que capturan su atenci\u00f3n. Esta actividad fomenta las habilidades sociales, la escucha activa y el amor por la lectura.<\/span><\/p>\n<h3><span style=\"font-weight: 400;\">3. Arte con las manos<\/span><\/h3>\n<p><span style=\"font-weight: 400;\">A los ni\u00f1os peque\u00f1os les encanta explorar y experimentar con diferentes texturas y colores. Proporciona papel, pintura no t\u00f3xica y hojas de papel de burbujas. Los ni\u00f1os pueden sumergir sus manos en la pintura y luego presionarlas sobre el papel de burbujas, creando una obra de arte \u00fanica. Esta actividad estimula la creatividad, la coordinaci\u00f3n mano-ojo y la expresi\u00f3n art\u00edstica.<\/span><\/p>\n<h3><span style=\"font-weight: 400;\">4. Juegos sensoriales<\/span><\/h3>\n<p><span style=\"font-weight: 400;\">Los juegos sensoriales son esenciales para el desarrollo de los ni\u00f1os peque\u00f1os. Crea estaciones sensoriales con diferentes materiales como arena, agua, harina, arroz o gelatina. Los ni\u00f1os pueden explorar estos materiales con las manos y los sentidos. Incorpora juguetes y objetos ocultos en los materiales para fomentar la exploraci\u00f3n y el descubrimiento.<\/span><\/p>\n<h3><span style=\"font-weight: 400;\">5. M\u00fasica y movimiento<\/span><\/h3>\n<p><span style=\"font-weight: 400;\">La m\u00fasica y el movimiento son una excelente manera de liberar energ\u00eda y promover la coordinaci\u00f3n motora. Organiza una sesi\u00f3n de baile con canciones alegres y pegajosas. Los ni\u00f1os pueden moverse, bailar y saltar al ritmo de la m\u00fasica. Esta actividad tambi\u00e9n puede incluir la introducci\u00f3n de instrumentos musicales simples como maracas o campanas.<\/span><\/p>\n<h3><span style=\"font-weight: 400;\">6. Hora del cuento interactiva<\/span><\/h3>\n<p><span style=\"font-weight: 400;\">Las historias interactivas involucran a los ni\u00f1os en la narraci\u00f3n. Lee cuentos que tengan elementos con los que los ni\u00f1os puedan interactuar, como texturas en los libros t\u00e1ctiles o pop-ups sorpresa. Puedes hacer preguntas y animar a los ni\u00f1os a participar en la narraci\u00f3n, como hacer sonidos de animales o contar los personajes.<\/span><\/p>\n<h3><span style=\"font-weight: 400;\">7. Aprender colores y formas con juguetes<\/span><\/h3>\n<p><span style=\"font-weight: 400;\">Utiliza juguetes educativos para ense\u00f1arles a los ni\u00f1os sobre colores y formas. Proporciona bloques de construcci\u00f3n de colores diferentes y anima a los ni\u00f1os a identificar los colores mientras juegan. Tambi\u00e9n puedes mostrarles formas simples como c\u00edrculos, tri\u00e1ngulos y cuadrados utilizando juguetes o tarjetas educativas.<\/span><\/p>\n<h3><span style=\"font-weight: 400;\">8. Actividades al aire libre<\/span><\/h3>\n<p><span style=\"font-weight: 400;\">Si es posible, dedica tiempo a actividades al aire libre. Los ni\u00f1os pueden explorar el entorno natural, jugar en el parque o participar en juegos al aire libre. Estas actividades fomentan la coordinaci\u00f3n f\u00edsica, la exploraci\u00f3n y la conexi\u00f3n con la naturaleza.<\/span><\/p>\n<h3><span style=\"font-weight: 400;\">9. Hora de la merienda<\/span><\/h3>\n<p><span style=\"font-weight: 400;\">La hora de la merienda es una oportunidad para fomentar la independencia y las habilidades sociales. Proporciona una variedad de alimentos saludables y permite que los ni\u00f1os elijan y se sirvan ellos mismos, con supervisi\u00f3n. Esto les ayuda a desarrollar habilidades motoras finas y a aprender sobre la nutrici\u00f3n.<\/span><\/p>\n<h3><span style=\"font-weight: 400;\">10. Descanso y momentos de relax<\/span><\/h3>\n<p><span style=\"font-weight: 400;\">Es importante incluir momentos de descanso y tranquilidad durante el d\u00eda. Proporciona un rinc\u00f3n acogedor con almohadas y mantas donde los ni\u00f1os puedan descansar, escuchar m\u00fasica suave o mirar libros. Estos momentos permiten que los ni\u00f1os se relajen y recarguen energ\u00edas.<\/span><\/p>\n<h2><span style=\"font-weight: 400;\">Conclusi\u00f3n<\/span><\/h2>\n<p><span style=\"font-weight: 400;\">El inicio o l<\/span><span style=\"font-weight: 400;\">a vuelta al cole para ni\u00f1os de 0 a 3 a\u00f1os puede ser una experiencia emocionante y enriquecedora si se planifican actividades apropiadas para su edad. Estas actividades no solo fomentan el aprendizaje y el desarrollo, sino que tambi\u00e9n promueven la interacci\u00f3n social y la diversi\u00f3n. Al crear un entorno de aula estimulante y acogedor, los ni\u00f1os peque\u00f1os pueden disfrutar de su primera experiencia educativa y establecer bases s\u00f3lidas para su futuro aprendizaje.<\/span><\/p>\n<p><span style=\"font-weight: 400;\">F\u00f3rmate para dar clases a los m\u00e1s peque\u00f1os con el <\/span><a href=\"https:\/\/fpsuperiorufv.es\/grado-superior-en-educacion-infantil\/\"><span style=\"font-weight: 400;\">Grado superior en Educaci\u00f3n infantil<\/span><\/a><span style=\"font-weight: 400;\"> DUAL de la <\/span><b>Universidad Francisco de Vitoria de Madrid<\/b><span style=\"font-weight: 400;\">.<\/span><\/p>\n<p><\/p>\n<p><\/p>\n","protected":false},"excerpt":{"rendered":"<p>[vc_section][vc_row][vc_column css=\".vc_custom_1655805738975{margin-top: 0px !important;margin-right: 0px !important;margin-bottom: 0px !important;margin-left: 0px !important;}\"][vc_breadcrumbs_module][\/vc_column][\/vc_row][\/vc_section][vc_section][vc_row el_class=\"container\" css=\".vc_custom_1655802988397{padding-top: 50px !important;padding-bottom: 50px !important;}\"][vc_column][vc_single_image source=\"featured_image\" img_size=\"full\" alignment=\"center\" css=\".vc_custom_1660030768789{padding-top: 20px !important;padding-bottom: 20px !important;}\"][vc_column_text] El inicio o la vuelta al cole es un momento emocionante tanto para los padres como para los ni\u00f1os, especialmente cuando se trata de ni\u00f1os peque\u00f1os de 0 a 3 a\u00f1os. &hellip;<\/p>\n","protected":false},"author":1,"featured_media":1332,"comment_status":"closed","ping_status":"open","sticky":false,"template":"","format":"standard","meta":{"inline_featured_image":false,"footnotes":""},"categories":[9,376],"tags":[],"class_list":["post-1331","post","type-post","status-publish","format-standard","has-post-thumbnail","hentry","category-blog","category-educacion-infantil"],"yoast_head":"<!-- This site is optimized with the Yoast SEO plugin v27.4 - https:\/\/yoast.com\/product\/yoast-seo-wordpress\/ -->\n<title>Actividades en el aula para la vuelta al cole - UFV Madrid<\/title>\n<meta name=\"description\" content=\"Toma nota de las mejores actividades en el aula para la vuelta al cole de ni\u00f1os de 0 a 3 a\u00f1os y ponlas en pr\u00e1ctica en el comienzo de curso.\" \/>\n<meta name=\"robots\" content=\"index, follow, max-snippet:-1, max-image-preview:large, max-video-preview:-1\" \/>\n<link rel=\"canonical\" href=\"https:\/\/fpsuperiorufv.es\/blog\/actividades-en-el-aula-para-la-vuelta-al-cole\/\" \/>\n<meta property=\"og:locale\" content=\"es_ES\" \/>\n<meta property=\"og:type\" content=\"article\" \/>\n<meta property=\"og:title\" content=\"Actividades en el aula para la vuelta al cole - UFV Madrid\" \/>\n<meta property=\"og:description\" content=\"Toma nota de las mejores actividades en el aula para la vuelta al cole de ni\u00f1os de 0 a 3 a\u00f1os y ponlas en pr\u00e1ctica en el comienzo de curso.\" \/>\n<meta property=\"og:url\" content=\"https:\/\/fpsuperiorufv.es\/blog\/actividades-en-el-aula-para-la-vuelta-al-cole\/\" \/>\n<meta property=\"og:site_name\" content=\"Cetys\" \/>\n<meta property=\"article:published_time\" content=\"2025-12-15T06:52:35+00:00\" \/>\n<meta property=\"article:modified_time\" content=\"2025-12-15T13:45:18+00:00\" \/>\n<meta property=\"og:image\" content=\"https:\/\/fpsuperiorufv.es\/blog\/wp-content\/uploads\/2025\/07\/actividades-vuelta-cole.jpg\" \/>\n\t<meta property=\"og:image:width\" content=\"1280\" \/>\n\t<meta property=\"og:image:height\" content=\"853\" \/>\n\t<meta property=\"og:image:type\" content=\"image\/jpeg\" \/>\n<meta name=\"author\" content=\"FP Superior UFV\" \/>\n<meta name=\"twitter:card\" content=\"summary_large_image\" \/>\n<meta name=\"twitter:label1\" content=\"Escrito por\" \/>\n\t<meta name=\"twitter:data1\" content=\"FP Superior UFV\" \/>\n\t<meta name=\"twitter:label2\" content=\"Tiempo de lectura\" \/>\n\t<meta name=\"twitter:data2\" content=\"5 minutos\" \/>\n<script type=\"application\/ld+json\" class=\"yoast-schema-graph\">{\"@context\":\"https:\\\/\\\/schema.org\",\"@graph\":[{\"@type\":\"Article\",\"@id\":\"https:\\\/\\\/fpsuperiorufv.es\\\/blog\\\/actividades-en-el-aula-para-la-vuelta-al-cole\\\/#article\",\"isPartOf\":{\"@id\":\"https:\\\/\\\/fpsuperiorufv.es\\\/blog\\\/actividades-en-el-aula-para-la-vuelta-al-cole\\\/\"},\"author\":{\"name\":\"FP Superior UFV\",\"@id\":\"https:\\\/\\\/fpsuperiorufv.es\\\/blog\\\/#\\\/schema\\\/person\\\/c7ac6e2e7af298050da8d956ac824347\"},\"headline\":\"Actividades en el aula para la vuelta al cole\",\"datePublished\":\"2025-12-15T06:52:35+00:00\",\"dateModified\":\"2025-12-15T13:45:18+00:00\",\"mainEntityOfPage\":{\"@id\":\"https:\\\/\\\/fpsuperiorufv.es\\\/blog\\\/actividades-en-el-aula-para-la-vuelta-al-cole\\\/\"},\"wordCount\":978,\"publisher\":{\"@id\":\"https:\\\/\\\/fpsuperiorufv.es\\\/blog\\\/#organization\"},\"image\":{\"@id\":\"https:\\\/\\\/fpsuperiorufv.es\\\/blog\\\/actividades-en-el-aula-para-la-vuelta-al-cole\\\/#primaryimage\"},\"thumbnailUrl\":\"https:\\\/\\\/fpsuperiorufv.es\\\/blog\\\/wp-content\\\/uploads\\\/2025\\\/07\\\/actividades-vuelta-cole.jpg\",\"articleSection\":[\"Blog\",\"Educaci\u00f3n Infantil\"],\"inLanguage\":\"es\"},{\"@type\":\"WebPage\",\"@id\":\"https:\\\/\\\/fpsuperiorufv.es\\\/blog\\\/actividades-en-el-aula-para-la-vuelta-al-cole\\\/\",\"url\":\"https:\\\/\\\/fpsuperiorufv.es\\\/blog\\\/actividades-en-el-aula-para-la-vuelta-al-cole\\\/\",\"name\":\"Actividades en el aula para la vuelta al cole - UFV Madrid\",\"isPartOf\":{\"@id\":\"https:\\\/\\\/fpsuperiorufv.es\\\/blog\\\/#website\"},\"primaryImageOfPage\":{\"@id\":\"https:\\\/\\\/fpsuperiorufv.es\\\/blog\\\/actividades-en-el-aula-para-la-vuelta-al-cole\\\/#primaryimage\"},\"image\":{\"@id\":\"https:\\\/\\\/fpsuperiorufv.es\\\/blog\\\/actividades-en-el-aula-para-la-vuelta-al-cole\\\/#primaryimage\"},\"thumbnailUrl\":\"https:\\\/\\\/fpsuperiorufv.es\\\/blog\\\/wp-content\\\/uploads\\\/2025\\\/07\\\/actividades-vuelta-cole.jpg\",\"datePublished\":\"2025-12-15T06:52:35+00:00\",\"dateModified\":\"2025-12-15T13:45:18+00:00\",\"description\":\"Toma nota de las mejores actividades en el aula para la vuelta al cole de ni\u00f1os de 0 a 3 a\u00f1os y ponlas en pr\u00e1ctica en el comienzo de curso.\",\"breadcrumb\":{\"@id\":\"https:\\\/\\\/fpsuperiorufv.es\\\/blog\\\/actividades-en-el-aula-para-la-vuelta-al-cole\\\/#breadcrumb\"},\"inLanguage\":\"es\",\"potentialAction\":[{\"@type\":\"ReadAction\",\"target\":[\"https:\\\/\\\/fpsuperiorufv.es\\\/blog\\\/actividades-en-el-aula-para-la-vuelta-al-cole\\\/\"]}]},{\"@type\":\"ImageObject\",\"inLanguage\":\"es\",\"@id\":\"https:\\\/\\\/fpsuperiorufv.es\\\/blog\\\/actividades-en-el-aula-para-la-vuelta-al-cole\\\/#primaryimage\",\"url\":\"https:\\\/\\\/fpsuperiorufv.es\\\/blog\\\/wp-content\\\/uploads\\\/2025\\\/07\\\/actividades-vuelta-cole.jpg\",\"contentUrl\":\"https:\\\/\\\/fpsuperiorufv.es\\\/blog\\\/wp-content\\\/uploads\\\/2025\\\/07\\\/actividades-vuelta-cole.jpg\",\"width\":1280,\"height\":853},{\"@type\":\"BreadcrumbList\",\"@id\":\"https:\\\/\\\/fpsuperiorufv.es\\\/blog\\\/actividades-en-el-aula-para-la-vuelta-al-cole\\\/#breadcrumb\",\"itemListElement\":[{\"@type\":\"ListItem\",\"position\":1,\"name\":\"Home\",\"item\":\"https:\\\/\\\/fpsuperiorufv.es\\\/blog\\\/\"},{\"@type\":\"ListItem\",\"position\":2,\"name\":\"Actividades en el aula para la vuelta al cole\"}]},{\"@type\":\"WebSite\",\"@id\":\"https:\\\/\\\/fpsuperiorufv.es\\\/blog\\\/#website\",\"url\":\"https:\\\/\\\/fpsuperiorufv.es\\\/blog\\\/\",\"name\":\"Fp Superior Francisco de Vitoria\",\"description\":\"\",\"publisher\":{\"@id\":\"https:\\\/\\\/fpsuperiorufv.es\\\/blog\\\/#organization\"},\"alternateName\":\"Cetys\",\"potentialAction\":[{\"@type\":\"SearchAction\",\"target\":{\"@type\":\"EntryPoint\",\"urlTemplate\":\"https:\\\/\\\/fpsuperiorufv.es\\\/blog\\\/?s={search_term_string}\"},\"query-input\":{\"@type\":\"PropertyValueSpecification\",\"valueRequired\":true,\"valueName\":\"search_term_string\"}}],\"inLanguage\":\"es\"},{\"@type\":\"Organization\",\"@id\":\"https:\\\/\\\/fpsuperiorufv.es\\\/blog\\\/#organization\",\"name\":\"Cetys\",\"url\":\"https:\\\/\\\/fpsuperiorufv.es\\\/blog\\\/\",\"logo\":{\"@type\":\"ImageObject\",\"inLanguage\":\"es\",\"@id\":\"https:\\\/\\\/fpsuperiorufv.es\\\/blog\\\/#\\\/schema\\\/logo\\\/image\\\/\",\"url\":\"https:\\\/\\\/fpsuperiorufv.lo\\\/wp-content\\\/uploads\\\/2025\\\/02\\\/logo.svg\",\"contentUrl\":\"https:\\\/\\\/fpsuperiorufv.lo\\\/wp-content\\\/uploads\\\/2025\\\/02\\\/logo.svg\",\"width\":\"1024\",\"height\":\"1024\",\"caption\":\"Cetys\"},\"image\":{\"@id\":\"https:\\\/\\\/fpsuperiorufv.es\\\/blog\\\/#\\\/schema\\\/logo\\\/image\\\/\"}},{\"@type\":\"Person\",\"@id\":\"https:\\\/\\\/fpsuperiorufv.es\\\/blog\\\/#\\\/schema\\\/person\\\/c7ac6e2e7af298050da8d956ac824347\",\"name\":\"FP Superior UFV\",\"image\":{\"@type\":\"ImageObject\",\"inLanguage\":\"es\",\"@id\":\"https:\\\/\\\/secure.gravatar.com\\\/avatar\\\/002af9a4377d87096f281de7725cae2f359bff0b0b7439b98b80936e58af2d91?s=96&d=mm&r=g\",\"url\":\"https:\\\/\\\/secure.gravatar.com\\\/avatar\\\/002af9a4377d87096f281de7725cae2f359bff0b0b7439b98b80936e58af2d91?s=96&d=mm&r=g\",\"contentUrl\":\"https:\\\/\\\/secure.gravatar.com\\\/avatar\\\/002af9a4377d87096f281de7725cae2f359bff0b0b7439b98b80936e58af2d91?s=96&d=mm&r=g\",\"caption\":\"FP Superior UFV\"},\"sameAs\":[\"https:\\\/\\\/fpsuperiorufv.lo\"],\"url\":\"https:\\\/\\\/fpsuperiorufv.es\\\/blog\\\/author\\\/administrador\\\/\"}]}<\/script>\n<!-- \/ Yoast SEO plugin. -->","yoast_head_json":{"title":"Actividades en el aula para la vuelta al cole - UFV Madrid","description":"Toma nota de las mejores actividades en el aula para la vuelta al cole de ni\u00f1os de 0 a 3 a\u00f1os y ponlas en pr\u00e1ctica en el comienzo de curso.","robots":{"index":"index","follow":"follow","max-snippet":"max-snippet:-1","max-image-preview":"max-image-preview:large","max-video-preview":"max-video-preview:-1"},"canonical":"https:\/\/fpsuperiorufv.es\/blog\/actividades-en-el-aula-para-la-vuelta-al-cole\/","og_locale":"es_ES","og_type":"article","og_title":"Actividades en el aula para la vuelta al cole - UFV Madrid","og_description":"Toma nota de las mejores actividades en el aula para la vuelta al cole de ni\u00f1os de 0 a 3 a\u00f1os y ponlas en pr\u00e1ctica en el comienzo de curso.","og_url":"https:\/\/fpsuperiorufv.es\/blog\/actividades-en-el-aula-para-la-vuelta-al-cole\/","og_site_name":"Cetys","article_published_time":"2025-12-15T06:52:35+00:00","article_modified_time":"2025-12-15T13:45:18+00:00","og_image":[{"width":1280,"height":853,"url":"https:\/\/fpsuperiorufv.es\/blog\/wp-content\/uploads\/2025\/07\/actividades-vuelta-cole.jpg","type":"image\/jpeg"}],"author":"FP Superior UFV","twitter_card":"summary_large_image","twitter_misc":{"Escrito por":"FP Superior UFV","Tiempo de lectura":"5 minutos"},"schema":{"@context":"https:\/\/schema.org","@graph":[{"@type":"Article","@id":"https:\/\/fpsuperiorufv.es\/blog\/actividades-en-el-aula-para-la-vuelta-al-cole\/#article","isPartOf":{"@id":"https:\/\/fpsuperiorufv.es\/blog\/actividades-en-el-aula-para-la-vuelta-al-cole\/"},"author":{"name":"FP Superior UFV","@id":"https:\/\/fpsuperiorufv.es\/blog\/#\/schema\/person\/c7ac6e2e7af298050da8d956ac824347"},"headline":"Actividades en el aula para la vuelta al cole","datePublished":"2025-12-15T06:52:35+00:00","dateModified":"2025-12-15T13:45:18+00:00","mainEntityOfPage":{"@id":"https:\/\/fpsuperiorufv.es\/blog\/actividades-en-el-aula-para-la-vuelta-al-cole\/"},"wordCount":978,"publisher":{"@id":"https:\/\/fpsuperiorufv.es\/blog\/#organization"},"image":{"@id":"https:\/\/fpsuperiorufv.es\/blog\/actividades-en-el-aula-para-la-vuelta-al-cole\/#primaryimage"},"thumbnailUrl":"https:\/\/fpsuperiorufv.es\/blog\/wp-content\/uploads\/2025\/07\/actividades-vuelta-cole.jpg","articleSection":["Blog","Educaci\u00f3n Infantil"],"inLanguage":"es"},{"@type":"WebPage","@id":"https:\/\/fpsuperiorufv.es\/blog\/actividades-en-el-aula-para-la-vuelta-al-cole\/","url":"https:\/\/fpsuperiorufv.es\/blog\/actividades-en-el-aula-para-la-vuelta-al-cole\/","name":"Actividades en el aula para la vuelta al cole - UFV Madrid","isPartOf":{"@id":"https:\/\/fpsuperiorufv.es\/blog\/#website"},"primaryImageOfPage":{"@id":"https:\/\/fpsuperiorufv.es\/blog\/actividades-en-el-aula-para-la-vuelta-al-cole\/#primaryimage"},"image":{"@id":"https:\/\/fpsuperiorufv.es\/blog\/actividades-en-el-aula-para-la-vuelta-al-cole\/#primaryimage"},"thumbnailUrl":"https:\/\/fpsuperiorufv.es\/blog\/wp-content\/uploads\/2025\/07\/actividades-vuelta-cole.jpg","datePublished":"2025-12-15T06:52:35+00:00","dateModified":"2025-12-15T13:45:18+00:00","description":"Toma nota de las mejores actividades en el aula para la vuelta al cole de ni\u00f1os de 0 a 3 a\u00f1os y ponlas en pr\u00e1ctica en el comienzo de curso.","breadcrumb":{"@id":"https:\/\/fpsuperiorufv.es\/blog\/actividades-en-el-aula-para-la-vuelta-al-cole\/#breadcrumb"},"inLanguage":"es","potentialAction":[{"@type":"ReadAction","target":["https:\/\/fpsuperiorufv.es\/blog\/actividades-en-el-aula-para-la-vuelta-al-cole\/"]}]},{"@type":"ImageObject","inLanguage":"es","@id":"https:\/\/fpsuperiorufv.es\/blog\/actividades-en-el-aula-para-la-vuelta-al-cole\/#primaryimage","url":"https:\/\/fpsuperiorufv.es\/blog\/wp-content\/uploads\/2025\/07\/actividades-vuelta-cole.jpg","contentUrl":"https:\/\/fpsuperiorufv.es\/blog\/wp-content\/uploads\/2025\/07\/actividades-vuelta-cole.jpg","width":1280,"height":853},{"@type":"BreadcrumbList","@id":"https:\/\/fpsuperiorufv.es\/blog\/actividades-en-el-aula-para-la-vuelta-al-cole\/#breadcrumb","itemListElement":[{"@type":"ListItem","position":1,"name":"Home","item":"https:\/\/fpsuperiorufv.es\/blog\/"},{"@type":"ListItem","position":2,"name":"Actividades en el aula para la vuelta al cole"}]},{"@type":"WebSite","@id":"https:\/\/fpsuperiorufv.es\/blog\/#website","url":"https:\/\/fpsuperiorufv.es\/blog\/","name":"Fp Superior Francisco de Vitoria","description":"","publisher":{"@id":"https:\/\/fpsuperiorufv.es\/blog\/#organization"},"alternateName":"Cetys","potentialAction":[{"@type":"SearchAction","target":{"@type":"EntryPoint","urlTemplate":"https:\/\/fpsuperiorufv.es\/blog\/?s={search_term_string}"},"query-input":{"@type":"PropertyValueSpecification","valueRequired":true,"valueName":"search_term_string"}}],"inLanguage":"es"},{"@type":"Organization","@id":"https:\/\/fpsuperiorufv.es\/blog\/#organization","name":"Cetys","url":"https:\/\/fpsuperiorufv.es\/blog\/","logo":{"@type":"ImageObject","inLanguage":"es","@id":"https:\/\/fpsuperiorufv.es\/blog\/#\/schema\/logo\/image\/","url":"https:\/\/fpsuperiorufv.lo\/wp-content\/uploads\/2025\/02\/logo.svg","contentUrl":"https:\/\/fpsuperiorufv.lo\/wp-content\/uploads\/2025\/02\/logo.svg","width":"1024","height":"1024","caption":"Cetys"},"image":{"@id":"https:\/\/fpsuperiorufv.es\/blog\/#\/schema\/logo\/image\/"}},{"@type":"Person","@id":"https:\/\/fpsuperiorufv.es\/blog\/#\/schema\/person\/c7ac6e2e7af298050da8d956ac824347","name":"FP Superior UFV","image":{"@type":"ImageObject","inLanguage":"es","@id":"https:\/\/secure.gravatar.com\/avatar\/002af9a4377d87096f281de7725cae2f359bff0b0b7439b98b80936e58af2d91?s=96&d=mm&r=g","url":"https:\/\/secure.gravatar.com\/avatar\/002af9a4377d87096f281de7725cae2f359bff0b0b7439b98b80936e58af2d91?s=96&d=mm&r=g","contentUrl":"https:\/\/secure.gravatar.com\/avatar\/002af9a4377d87096f281de7725cae2f359bff0b0b7439b98b80936e58af2d91?s=96&d=mm&r=g","caption":"FP Superior UFV"},"sameAs":["https:\/\/fpsuperiorufv.lo"],"url":"https:\/\/fpsuperiorufv.es\/blog\/author\/administrador\/"}]}},"_links":{"self":[{"href":"https:\/\/fpsuperiorufv.es\/blog\/wp-json\/wp\/v2\/posts\/1331","targetHints":{"allow":["GET"]}}],"collection":[{"href":"https:\/\/fpsuperiorufv.es\/blog\/wp-json\/wp\/v2\/posts"}],"about":[{"href":"https:\/\/fpsuperiorufv.es\/blog\/wp-json\/wp\/v2\/types\/post"}],"author":[{"embeddable":true,"href":"https:\/\/fpsuperiorufv.es\/blog\/wp-json\/wp\/v2\/users\/1"}],"replies":[{"embeddable":true,"href":"https:\/\/fpsuperiorufv.es\/blog\/wp-json\/wp\/v2\/comments?post=1331"}],"version-history":[{"count":1,"href":"https:\/\/fpsuperiorufv.es\/blog\/wp-json\/wp\/v2\/posts\/1331\/revisions"}],"predecessor-version":[{"id":2125,"href":"https:\/\/fpsuperiorufv.es\/blog\/wp-json\/wp\/v2\/posts\/1331\/revisions\/2125"}],"wp:featuredmedia":[{"embeddable":true,"href":"https:\/\/fpsuperiorufv.es\/blog\/wp-json\/wp\/v2\/media\/1332"}],"wp:attachment":[{"href":"https:\/\/fpsuperiorufv.es\/blog\/wp-json\/wp\/v2\/media?parent=1331"}],"wp:term":[{"taxonomy":"category","embeddable":true,"href":"https:\/\/fpsuperiorufv.es\/blog\/wp-json\/wp\/v2\/categories?post=1331"},{"taxonomy":"post_tag","embeddable":true,"href":"https:\/\/fpsuperiorufv.es\/blog\/wp-json\/wp\/v2\/tags?post=1331"}],"curies":[{"name":"wp","href":"https:\/\/api.w.org\/{rel}","templated":true}]}}