{"id":1367,"date":"2025-12-05T12:52:03","date_gmt":"2025-12-05T11:52:03","guid":{"rendered":"https:\/\/fpsuperiorufv.es\/blog\/2024\/04\/30\/que-es-el-desarrollo-cognitivo\/"},"modified":"2025-12-15T14:16:50","modified_gmt":"2025-12-15T13:16:50","slug":"que-es-el-desarrollo-cognitivo","status":"publish","type":"post","link":"https:\/\/fpsuperiorufv.es\/blog\/que-es-el-desarrollo-cognitivo\/","title":{"rendered":"\u00bfQu\u00e9 es el desarrollo cognitivo?"},"content":{"rendered":"<p><\/p>\n\n<p><span style=\"font-weight: 400;\">Si te apasiona la mente humana y la <\/span><a href=\"https:\/\/fpsuperiorufv.es\/grado-superior-en-educacion-infantil\/\"><span style=\"font-weight: 400;\">Educaci\u00f3n Infantil<\/span><\/a><span style=\"font-weight: 400;\"> seguramente alguna vez te has preguntado qu\u00e9 es el desarrollo cognitivo y c\u00f3mo se va presentando a lo largo de las diferentes etapas de nuestra vida. Existen muchas teor\u00edas que se enfocan en intentar comprender c\u00f3mo nuestra mente se forma y se va adaptando a cada fase vital. Hoy nos vamos a centrar en c\u00f3mo influye la teor\u00eda del desarrollo cognitivo de Piaget en la educaci\u00f3n. \u00bfQuieres conocerla? \u00a1Sigue leyendo!<\/span><\/p>\n<p><span style=\"font-weight: 400;\"><\/span><\/p>\n<p><a name=\"_heading=h.gjdgxs\"><\/a><\/p>\n<h2><b>Caracter\u00edsticas del desarrollo cognitivo<\/b><\/h2>\n<p><span style=\"font-weight: 400;\">El desarrollo cognitivo est\u00e1 directamente relacionado con la evoluci\u00f3n de las personas. Es decir, abarca todo el proceso por el cual los seres humanos nos interrelacionamos con nuestro entorno y vamos procesando toda la informaci\u00f3n que recibimos a cada instante. \u00bfCu\u00e1nto dura este proceso? La evoluci\u00f3n de nuestra mente es un camino que transcurre desde la infancia hasta que somos adultos y se centra en cuatro \u00e1reas principales: la percepci\u00f3n, la l\u00f3gica, la memoria y la capacidad para la resoluci\u00f3n de problemas.<\/span><\/p>\n<p><span style=\"font-weight: 400;\"><\/span><\/p>\n<h2><b>\u00bfQu\u00e9 nos dice la Teor\u00eda del desarrollo cognitivo de Piaget?<\/b><\/h2>\n<p><span style=\"font-weight: 400;\">Seg\u00fan la Teor\u00eda del desarrollo cognitivo de Piaget, existen cuatro etapas de crecimiento: <\/span><b>la fase sensoriomotora, la fase preoperacional, la fase de operaciones concretas y la fase de operaciones formales<\/b><span style=\"font-weight: 400;\">. \u00c9stas, a su vez, dependen en gran medida de nuestra experiencia con el entorno y del grado de conocimientos que vayamos desarrollando. A continuaci\u00f3n te vamos a presentar cada una de ellas:<\/span><\/p>\n<p><b>Fase sensoriomotora <\/b><span style=\"font-weight: 400;\">(desde que nacemos hasta que cumplimos 2 a\u00f1os): en esta etapa cobra protagonismo el autoconocimiento sensitivo, motor y org\u00e1nico. A medida que los ni\u00f1os van interaccionando con su entorno, por ejemplo, gateando o tirando juguetes al suelo, modifican su comportamiento gracias al aprendizaje de ensayo y error.<\/span><\/p>\n<p><b>Fase preoperacional<\/b><span style=\"font-weight: 400;\"> (desde los 2 hasta los 7 a\u00f1os): esta fase se caracteriza por la capacidad de los ni\u00f1os de crear im\u00e1genes en su cabeza as\u00ed como de imitar gestos o acciones de otros ni\u00f1os y adultos. Durante este periodo es f\u00e1cil comprobar c\u00f3mo mejoran sus competencias ling\u00fc\u00edsticas.<\/span><\/p>\n<p><b>Fase de operaciones concretas <\/b><span style=\"font-weight: 400;\">(desde los 8 hasta los 12 a\u00f1os): los ni\u00f1os de 8 a 12 a\u00f1os empiezan a emplear la l\u00f3gica y a analizar racionalmente el mundo que les rodea por medio de los sentidos. Este aprendizaje es personal e individual, ya que hay ni\u00f1os a los que les resultar\u00e1 m\u00e1s f\u00e1cil que a otros poner en pr\u00e1ctica este tipo de conocimientos.<\/span><\/p>\n<p><b>Fase de operaciones formales <\/b><span style=\"font-weight: 400;\">(a partir de los 12 a\u00f1os): a lo largo de la etapa adolescente somos capaces de aplicar el razonamiento hipot\u00e9tico deductivo. En otras palabras, cuando nos enfrentamos a una situaci\u00f3n dif\u00edcil tenemos la capacidad de valorar distintas opciones o hip\u00f3tesis sobre sus causas o consecuencias, sin que sea necesario haberla experimentado previamente.\u00a0<\/span><\/p>\n<p><span style=\"font-weight: 400;\"><\/span><\/p>\n<h2><b>\u00bfC\u00f3mo influye el desarrollo cognitivo en la educaci\u00f3n?<\/b><\/h2>\n<p><span style=\"font-weight: 400;\">Como podr\u00e1s imaginar, la Teor\u00eda de Piaget ha tenido y tiene una gran influencia dentro de los modelos de educaci\u00f3n actuales. Un ejemplo son los profesores de Educaci\u00f3n Infantil, que deber\u00e1n adaptar los contenidos del programa educativo correspondiente seg\u00fan la fase en la que se encuentren sus alumnos, todo ello con el objetivo de incentivar su desarrollo cognitivo. \u00bfC\u00f3mo hacerlo? Antiguamente la relaci\u00f3n tutor-alumno era primordialmente unidireccional por lo que no se incentivaba la interacci\u00f3n de los ni\u00f1os. Sin embargo, hoy en d\u00eda son muchos los modelos educativos que buscan potenciar su curiosidad con el fin de que investiguen y sean parte activa en el entorno que les rodea. De esta manera se estimulan y potencian sus capacidades psicomotrices desde que son peque\u00f1os, as\u00ed como la memoria o la percepci\u00f3n. Este punto es clave para un correcto desarrollo cognitivo, ya que se estar\u00e1 trabajando en la prevenci\u00f3n de posibles problemas en el aprendizaje.\u00a0<\/span><\/p>\n<p><span style=\"font-weight: 400;\"><\/span><\/p>\n<h2><b>\u00bfC\u00f3mo estimular el desarrollo cognitivo?<\/b><\/h2>\n<p><span style=\"font-weight: 400;\">Tanto si eres padre o madre como si trabajas en Educaci\u00f3n Infantil, seguro que alguna vez te has planteado c\u00f3mo estimular el desarrollo cognitivo de tus hijos o alumnos. Son muchas las actividades recomendadas para fomentar habilidades como la capacidad de retentiva o la percepci\u00f3n del entorno. Algunas de las m\u00e1s efectivas son:<\/span><\/p>\n<ul>\n<li><b>Uso de juguetes educativos: <\/b><span style=\"font-weight: 400;\">desde rompecabezas hasta los t\u00edpicos juegos de bloques. Para los ni\u00f1os m\u00e1s curiosos, la mejor opci\u00f3n son los juegos de experimentos.<\/span><\/li>\n<li aria-level=\"1\"><b>Lectura: <\/b><span style=\"font-weight: 400;\">leer es una de las mejores actividades para despejar la mente, especialmente si lo hacemos antes de dormir. Pero \u00e9sta no es su \u00fanica ventaja y es que la lectura es una gran herramienta para mejorar las capacidades ling\u00fc\u00edsticas de los m\u00e1s peque\u00f1os.<\/span><\/li>\n<li aria-level=\"1\"><b>Hacer actividades al aire libre: <\/b><span style=\"font-weight: 400;\">\u00bfqu\u00e9 mejor para estimular los sentidos que hacer una excursi\u00f3n al aire libre? A los ni\u00f1os les encanta explorar y no hay mejor forma para incentivar su curiosidad y conectar con la naturaleza que descubrir nuevos entornos.<br \/>\n<\/span><\/li>\n<\/ul>\n<p><span style=\"font-weight: 400;\">Si quieres formarte como profesor de Educaci\u00f3n Infantil y obtener el t\u00edtulo oficial de la <b>Universidad Francisco de Vitoria, <\/b>matric\u00falate ahora en nuestro t\u00edtulo de <a href=\"https:\/\/fpsuperiorufv.es\/grado-superior-en-educacion-infantil\/\">T\u00e9cnico Superior en Educaci\u00f3n Infantil<\/a> Dual o en <a href=\"https:\/\/fpsuperiorufv.es\/grado-superior-en-educacion-infantil-online\/\">modalidad Online.<\/a><br \/>\n<\/span><\/p>\n<p><\/p>\n<p><\/p>\n","protected":false},"excerpt":{"rendered":"<p>[vc_section][vc_row][vc_column css=\".vc_custom_1655805738975{margin-top: 0px !important;margin-right: 0px !important;margin-bottom: 0px !important;margin-left: 0px !important;}\"][vc_breadcrumbs_module][\/vc_column][\/vc_row][\/vc_section][vc_section][vc_row el_class=\"container\" css=\".vc_custom_1655802988397{padding-top: 50px !important;padding-bottom: 50px !important;}\"][vc_column][vc_single_image source=\"featured_image\" img_size=\"full\" alignment=\"center\" css=\".vc_custom_1660030768789{padding-top: 20px !important;padding-bottom: 20px !important;}\"][vc_column_text] Si te apasiona la mente humana y la Educaci\u00f3n Infantil seguramente alguna vez te has preguntado qu\u00e9 es el desarrollo cognitivo y c\u00f3mo se va presentando a lo largo de las &hellip;<\/p>\n","protected":false},"author":1,"featured_media":2586,"comment_status":"closed","ping_status":"open","sticky":false,"template":"","format":"standard","meta":{"inline_featured_image":false,"footnotes":""},"categories":[9,376],"tags":[],"class_list":["post-1367","post","type-post","status-publish","format-standard","has-post-thumbnail","hentry","category-blog","category-educacion-infantil"],"yoast_head":"<!-- This site is optimized with the Yoast SEO plugin v27.4 - https:\/\/yoast.com\/product\/yoast-seo-wordpress\/ -->\n<title>\u00bfQu\u00e9 es el desarrollo cognitivo? - UFV Madrid<\/title>\n<meta name=\"description\" content=\"Descubre qu\u00e9 es el desarrollo cognitivo, qu\u00e9 nos dice la Teor\u00eda del desarrollo cognitivo de Piaget y c\u00f3mo influye en la educaci\u00f3n infantil.\" \/>\n<meta name=\"robots\" content=\"index, follow, max-snippet:-1, max-image-preview:large, max-video-preview:-1\" \/>\n<link rel=\"canonical\" href=\"https:\/\/fpsuperiorufv.es\/blog\/que-es-el-desarrollo-cognitivo\/\" \/>\n<meta property=\"og:locale\" content=\"es_ES\" \/>\n<meta property=\"og:type\" content=\"article\" \/>\n<meta property=\"og:title\" content=\"\u00bfQu\u00e9 es el desarrollo cognitivo? - UFV Madrid\" \/>\n<meta property=\"og:description\" content=\"Descubre qu\u00e9 es el desarrollo cognitivo, qu\u00e9 nos dice la Teor\u00eda del desarrollo cognitivo de Piaget y c\u00f3mo influye en la educaci\u00f3n infantil.\" \/>\n<meta property=\"og:url\" content=\"https:\/\/fpsuperiorufv.es\/blog\/que-es-el-desarrollo-cognitivo\/\" \/>\n<meta property=\"og:site_name\" content=\"Cetys\" \/>\n<meta property=\"article:published_time\" content=\"2025-12-05T11:52:03+00:00\" \/>\n<meta property=\"article:modified_time\" content=\"2025-12-15T13:16:50+00:00\" \/>\n<meta property=\"og:image\" content=\"https:\/\/fpsuperiorufv.es\/blog\/wp-content\/uploads\/2025\/08\/que-es-el-desarrollo-cognitivo.png\" \/>\n\t<meta property=\"og:image:width\" content=\"1280\" \/>\n\t<meta property=\"og:image:height\" content=\"854\" \/>\n\t<meta property=\"og:image:type\" content=\"image\/png\" \/>\n<meta name=\"author\" content=\"FP Superior UFV\" \/>\n<meta name=\"twitter:card\" content=\"summary_large_image\" \/>\n<meta name=\"twitter:label1\" content=\"Escrito por\" \/>\n\t<meta name=\"twitter:data1\" content=\"FP Superior UFV\" \/>\n\t<meta name=\"twitter:label2\" content=\"Tiempo de lectura\" \/>\n\t<meta name=\"twitter:data2\" content=\"5 minutos\" \/>\n<script type=\"application\/ld+json\" class=\"yoast-schema-graph\">{\"@context\":\"https:\\\/\\\/schema.org\",\"@graph\":[{\"@type\":\"Article\",\"@id\":\"https:\\\/\\\/fpsuperiorufv.es\\\/blog\\\/que-es-el-desarrollo-cognitivo\\\/#article\",\"isPartOf\":{\"@id\":\"https:\\\/\\\/fpsuperiorufv.es\\\/blog\\\/que-es-el-desarrollo-cognitivo\\\/\"},\"author\":{\"name\":\"FP Superior UFV\",\"@id\":\"https:\\\/\\\/fpsuperiorufv.es\\\/blog\\\/#\\\/schema\\\/person\\\/c7ac6e2e7af298050da8d956ac824347\"},\"headline\":\"\u00bfQu\u00e9 es el desarrollo cognitivo?\",\"datePublished\":\"2025-12-05T11:52:03+00:00\",\"dateModified\":\"2025-12-15T13:16:50+00:00\",\"mainEntityOfPage\":{\"@id\":\"https:\\\/\\\/fpsuperiorufv.es\\\/blog\\\/que-es-el-desarrollo-cognitivo\\\/\"},\"wordCount\":1055,\"publisher\":{\"@id\":\"https:\\\/\\\/fpsuperiorufv.es\\\/blog\\\/#organization\"},\"image\":{\"@id\":\"https:\\\/\\\/fpsuperiorufv.es\\\/blog\\\/que-es-el-desarrollo-cognitivo\\\/#primaryimage\"},\"thumbnailUrl\":\"https:\\\/\\\/fpsuperiorufv.es\\\/blog\\\/wp-content\\\/uploads\\\/2025\\\/08\\\/que-es-el-desarrollo-cognitivo.png\",\"articleSection\":[\"Blog\",\"Educaci\u00f3n Infantil\"],\"inLanguage\":\"es\"},{\"@type\":\"WebPage\",\"@id\":\"https:\\\/\\\/fpsuperiorufv.es\\\/blog\\\/que-es-el-desarrollo-cognitivo\\\/\",\"url\":\"https:\\\/\\\/fpsuperiorufv.es\\\/blog\\\/que-es-el-desarrollo-cognitivo\\\/\",\"name\":\"\u00bfQu\u00e9 es el desarrollo cognitivo? - UFV Madrid\",\"isPartOf\":{\"@id\":\"https:\\\/\\\/fpsuperiorufv.es\\\/blog\\\/#website\"},\"primaryImageOfPage\":{\"@id\":\"https:\\\/\\\/fpsuperiorufv.es\\\/blog\\\/que-es-el-desarrollo-cognitivo\\\/#primaryimage\"},\"image\":{\"@id\":\"https:\\\/\\\/fpsuperiorufv.es\\\/blog\\\/que-es-el-desarrollo-cognitivo\\\/#primaryimage\"},\"thumbnailUrl\":\"https:\\\/\\\/fpsuperiorufv.es\\\/blog\\\/wp-content\\\/uploads\\\/2025\\\/08\\\/que-es-el-desarrollo-cognitivo.png\",\"datePublished\":\"2025-12-05T11:52:03+00:00\",\"dateModified\":\"2025-12-15T13:16:50+00:00\",\"description\":\"Descubre qu\u00e9 es el desarrollo cognitivo, qu\u00e9 nos dice la Teor\u00eda del desarrollo cognitivo de Piaget y c\u00f3mo influye en la educaci\u00f3n infantil.\",\"breadcrumb\":{\"@id\":\"https:\\\/\\\/fpsuperiorufv.es\\\/blog\\\/que-es-el-desarrollo-cognitivo\\\/#breadcrumb\"},\"inLanguage\":\"es\",\"potentialAction\":[{\"@type\":\"ReadAction\",\"target\":[\"https:\\\/\\\/fpsuperiorufv.es\\\/blog\\\/que-es-el-desarrollo-cognitivo\\\/\"]}]},{\"@type\":\"ImageObject\",\"inLanguage\":\"es\",\"@id\":\"https:\\\/\\\/fpsuperiorufv.es\\\/blog\\\/que-es-el-desarrollo-cognitivo\\\/#primaryimage\",\"url\":\"https:\\\/\\\/fpsuperiorufv.es\\\/blog\\\/wp-content\\\/uploads\\\/2025\\\/08\\\/que-es-el-desarrollo-cognitivo.png\",\"contentUrl\":\"https:\\\/\\\/fpsuperiorufv.es\\\/blog\\\/wp-content\\\/uploads\\\/2025\\\/08\\\/que-es-el-desarrollo-cognitivo.png\",\"width\":1280,\"height\":854},{\"@type\":\"BreadcrumbList\",\"@id\":\"https:\\\/\\\/fpsuperiorufv.es\\\/blog\\\/que-es-el-desarrollo-cognitivo\\\/#breadcrumb\",\"itemListElement\":[{\"@type\":\"ListItem\",\"position\":1,\"name\":\"Home\",\"item\":\"https:\\\/\\\/fpsuperiorufv.es\\\/blog\\\/\"},{\"@type\":\"ListItem\",\"position\":2,\"name\":\"\u00bfQu\u00e9 es el desarrollo cognitivo?\"}]},{\"@type\":\"WebSite\",\"@id\":\"https:\\\/\\\/fpsuperiorufv.es\\\/blog\\\/#website\",\"url\":\"https:\\\/\\\/fpsuperiorufv.es\\\/blog\\\/\",\"name\":\"Fp Superior Francisco de Vitoria\",\"description\":\"\",\"publisher\":{\"@id\":\"https:\\\/\\\/fpsuperiorufv.es\\\/blog\\\/#organization\"},\"alternateName\":\"Cetys\",\"potentialAction\":[{\"@type\":\"SearchAction\",\"target\":{\"@type\":\"EntryPoint\",\"urlTemplate\":\"https:\\\/\\\/fpsuperiorufv.es\\\/blog\\\/?s={search_term_string}\"},\"query-input\":{\"@type\":\"PropertyValueSpecification\",\"valueRequired\":true,\"valueName\":\"search_term_string\"}}],\"inLanguage\":\"es\"},{\"@type\":\"Organization\",\"@id\":\"https:\\\/\\\/fpsuperiorufv.es\\\/blog\\\/#organization\",\"name\":\"Cetys\",\"url\":\"https:\\\/\\\/fpsuperiorufv.es\\\/blog\\\/\",\"logo\":{\"@type\":\"ImageObject\",\"inLanguage\":\"es\",\"@id\":\"https:\\\/\\\/fpsuperiorufv.es\\\/blog\\\/#\\\/schema\\\/logo\\\/image\\\/\",\"url\":\"https:\\\/\\\/fpsuperiorufv.lo\\\/wp-content\\\/uploads\\\/2025\\\/02\\\/logo.svg\",\"contentUrl\":\"https:\\\/\\\/fpsuperiorufv.lo\\\/wp-content\\\/uploads\\\/2025\\\/02\\\/logo.svg\",\"width\":\"1024\",\"height\":\"1024\",\"caption\":\"Cetys\"},\"image\":{\"@id\":\"https:\\\/\\\/fpsuperiorufv.es\\\/blog\\\/#\\\/schema\\\/logo\\\/image\\\/\"}},{\"@type\":\"Person\",\"@id\":\"https:\\\/\\\/fpsuperiorufv.es\\\/blog\\\/#\\\/schema\\\/person\\\/c7ac6e2e7af298050da8d956ac824347\",\"name\":\"FP Superior UFV\",\"image\":{\"@type\":\"ImageObject\",\"inLanguage\":\"es\",\"@id\":\"https:\\\/\\\/secure.gravatar.com\\\/avatar\\\/002af9a4377d87096f281de7725cae2f359bff0b0b7439b98b80936e58af2d91?s=96&d=mm&r=g\",\"url\":\"https:\\\/\\\/secure.gravatar.com\\\/avatar\\\/002af9a4377d87096f281de7725cae2f359bff0b0b7439b98b80936e58af2d91?s=96&d=mm&r=g\",\"contentUrl\":\"https:\\\/\\\/secure.gravatar.com\\\/avatar\\\/002af9a4377d87096f281de7725cae2f359bff0b0b7439b98b80936e58af2d91?s=96&d=mm&r=g\",\"caption\":\"FP Superior UFV\"},\"sameAs\":[\"https:\\\/\\\/fpsuperiorufv.lo\"],\"url\":\"https:\\\/\\\/fpsuperiorufv.es\\\/blog\\\/author\\\/administrador\\\/\"}]}<\/script>\n<!-- \/ Yoast SEO plugin. -->","yoast_head_json":{"title":"\u00bfQu\u00e9 es el desarrollo cognitivo? - UFV Madrid","description":"Descubre qu\u00e9 es el desarrollo cognitivo, qu\u00e9 nos dice la Teor\u00eda del desarrollo cognitivo de Piaget y c\u00f3mo influye en la educaci\u00f3n infantil.","robots":{"index":"index","follow":"follow","max-snippet":"max-snippet:-1","max-image-preview":"max-image-preview:large","max-video-preview":"max-video-preview:-1"},"canonical":"https:\/\/fpsuperiorufv.es\/blog\/que-es-el-desarrollo-cognitivo\/","og_locale":"es_ES","og_type":"article","og_title":"\u00bfQu\u00e9 es el desarrollo cognitivo? - UFV Madrid","og_description":"Descubre qu\u00e9 es el desarrollo cognitivo, qu\u00e9 nos dice la Teor\u00eda del desarrollo cognitivo de Piaget y c\u00f3mo influye en la educaci\u00f3n infantil.","og_url":"https:\/\/fpsuperiorufv.es\/blog\/que-es-el-desarrollo-cognitivo\/","og_site_name":"Cetys","article_published_time":"2025-12-05T11:52:03+00:00","article_modified_time":"2025-12-15T13:16:50+00:00","og_image":[{"width":1280,"height":854,"url":"https:\/\/fpsuperiorufv.es\/blog\/wp-content\/uploads\/2025\/08\/que-es-el-desarrollo-cognitivo.png","type":"image\/png"}],"author":"FP Superior UFV","twitter_card":"summary_large_image","twitter_misc":{"Escrito por":"FP Superior UFV","Tiempo de lectura":"5 minutos"},"schema":{"@context":"https:\/\/schema.org","@graph":[{"@type":"Article","@id":"https:\/\/fpsuperiorufv.es\/blog\/que-es-el-desarrollo-cognitivo\/#article","isPartOf":{"@id":"https:\/\/fpsuperiorufv.es\/blog\/que-es-el-desarrollo-cognitivo\/"},"author":{"name":"FP Superior UFV","@id":"https:\/\/fpsuperiorufv.es\/blog\/#\/schema\/person\/c7ac6e2e7af298050da8d956ac824347"},"headline":"\u00bfQu\u00e9 es el desarrollo cognitivo?","datePublished":"2025-12-05T11:52:03+00:00","dateModified":"2025-12-15T13:16:50+00:00","mainEntityOfPage":{"@id":"https:\/\/fpsuperiorufv.es\/blog\/que-es-el-desarrollo-cognitivo\/"},"wordCount":1055,"publisher":{"@id":"https:\/\/fpsuperiorufv.es\/blog\/#organization"},"image":{"@id":"https:\/\/fpsuperiorufv.es\/blog\/que-es-el-desarrollo-cognitivo\/#primaryimage"},"thumbnailUrl":"https:\/\/fpsuperiorufv.es\/blog\/wp-content\/uploads\/2025\/08\/que-es-el-desarrollo-cognitivo.png","articleSection":["Blog","Educaci\u00f3n Infantil"],"inLanguage":"es"},{"@type":"WebPage","@id":"https:\/\/fpsuperiorufv.es\/blog\/que-es-el-desarrollo-cognitivo\/","url":"https:\/\/fpsuperiorufv.es\/blog\/que-es-el-desarrollo-cognitivo\/","name":"\u00bfQu\u00e9 es el desarrollo cognitivo? - UFV Madrid","isPartOf":{"@id":"https:\/\/fpsuperiorufv.es\/blog\/#website"},"primaryImageOfPage":{"@id":"https:\/\/fpsuperiorufv.es\/blog\/que-es-el-desarrollo-cognitivo\/#primaryimage"},"image":{"@id":"https:\/\/fpsuperiorufv.es\/blog\/que-es-el-desarrollo-cognitivo\/#primaryimage"},"thumbnailUrl":"https:\/\/fpsuperiorufv.es\/blog\/wp-content\/uploads\/2025\/08\/que-es-el-desarrollo-cognitivo.png","datePublished":"2025-12-05T11:52:03+00:00","dateModified":"2025-12-15T13:16:50+00:00","description":"Descubre qu\u00e9 es el desarrollo cognitivo, qu\u00e9 nos dice la Teor\u00eda del desarrollo cognitivo de Piaget y c\u00f3mo influye en la educaci\u00f3n infantil.","breadcrumb":{"@id":"https:\/\/fpsuperiorufv.es\/blog\/que-es-el-desarrollo-cognitivo\/#breadcrumb"},"inLanguage":"es","potentialAction":[{"@type":"ReadAction","target":["https:\/\/fpsuperiorufv.es\/blog\/que-es-el-desarrollo-cognitivo\/"]}]},{"@type":"ImageObject","inLanguage":"es","@id":"https:\/\/fpsuperiorufv.es\/blog\/que-es-el-desarrollo-cognitivo\/#primaryimage","url":"https:\/\/fpsuperiorufv.es\/blog\/wp-content\/uploads\/2025\/08\/que-es-el-desarrollo-cognitivo.png","contentUrl":"https:\/\/fpsuperiorufv.es\/blog\/wp-content\/uploads\/2025\/08\/que-es-el-desarrollo-cognitivo.png","width":1280,"height":854},{"@type":"BreadcrumbList","@id":"https:\/\/fpsuperiorufv.es\/blog\/que-es-el-desarrollo-cognitivo\/#breadcrumb","itemListElement":[{"@type":"ListItem","position":1,"name":"Home","item":"https:\/\/fpsuperiorufv.es\/blog\/"},{"@type":"ListItem","position":2,"name":"\u00bfQu\u00e9 es el desarrollo cognitivo?"}]},{"@type":"WebSite","@id":"https:\/\/fpsuperiorufv.es\/blog\/#website","url":"https:\/\/fpsuperiorufv.es\/blog\/","name":"Fp Superior Francisco de Vitoria","description":"","publisher":{"@id":"https:\/\/fpsuperiorufv.es\/blog\/#organization"},"alternateName":"Cetys","potentialAction":[{"@type":"SearchAction","target":{"@type":"EntryPoint","urlTemplate":"https:\/\/fpsuperiorufv.es\/blog\/?s={search_term_string}"},"query-input":{"@type":"PropertyValueSpecification","valueRequired":true,"valueName":"search_term_string"}}],"inLanguage":"es"},{"@type":"Organization","@id":"https:\/\/fpsuperiorufv.es\/blog\/#organization","name":"Cetys","url":"https:\/\/fpsuperiorufv.es\/blog\/","logo":{"@type":"ImageObject","inLanguage":"es","@id":"https:\/\/fpsuperiorufv.es\/blog\/#\/schema\/logo\/image\/","url":"https:\/\/fpsuperiorufv.lo\/wp-content\/uploads\/2025\/02\/logo.svg","contentUrl":"https:\/\/fpsuperiorufv.lo\/wp-content\/uploads\/2025\/02\/logo.svg","width":"1024","height":"1024","caption":"Cetys"},"image":{"@id":"https:\/\/fpsuperiorufv.es\/blog\/#\/schema\/logo\/image\/"}},{"@type":"Person","@id":"https:\/\/fpsuperiorufv.es\/blog\/#\/schema\/person\/c7ac6e2e7af298050da8d956ac824347","name":"FP Superior UFV","image":{"@type":"ImageObject","inLanguage":"es","@id":"https:\/\/secure.gravatar.com\/avatar\/002af9a4377d87096f281de7725cae2f359bff0b0b7439b98b80936e58af2d91?s=96&d=mm&r=g","url":"https:\/\/secure.gravatar.com\/avatar\/002af9a4377d87096f281de7725cae2f359bff0b0b7439b98b80936e58af2d91?s=96&d=mm&r=g","contentUrl":"https:\/\/secure.gravatar.com\/avatar\/002af9a4377d87096f281de7725cae2f359bff0b0b7439b98b80936e58af2d91?s=96&d=mm&r=g","caption":"FP Superior UFV"},"sameAs":["https:\/\/fpsuperiorufv.lo"],"url":"https:\/\/fpsuperiorufv.es\/blog\/author\/administrador\/"}]}},"_links":{"self":[{"href":"https:\/\/fpsuperiorufv.es\/blog\/wp-json\/wp\/v2\/posts\/1367","targetHints":{"allow":["GET"]}}],"collection":[{"href":"https:\/\/fpsuperiorufv.es\/blog\/wp-json\/wp\/v2\/posts"}],"about":[{"href":"https:\/\/fpsuperiorufv.es\/blog\/wp-json\/wp\/v2\/types\/post"}],"author":[{"embeddable":true,"href":"https:\/\/fpsuperiorufv.es\/blog\/wp-json\/wp\/v2\/users\/1"}],"replies":[{"embeddable":true,"href":"https:\/\/fpsuperiorufv.es\/blog\/wp-json\/wp\/v2\/comments?post=1367"}],"version-history":[{"count":1,"href":"https:\/\/fpsuperiorufv.es\/blog\/wp-json\/wp\/v2\/posts\/1367\/revisions"}],"predecessor-version":[{"id":2143,"href":"https:\/\/fpsuperiorufv.es\/blog\/wp-json\/wp\/v2\/posts\/1367\/revisions\/2143"}],"wp:featuredmedia":[{"embeddable":true,"href":"https:\/\/fpsuperiorufv.es\/blog\/wp-json\/wp\/v2\/media\/2586"}],"wp:attachment":[{"href":"https:\/\/fpsuperiorufv.es\/blog\/wp-json\/wp\/v2\/media?parent=1367"}],"wp:term":[{"taxonomy":"category","embeddable":true,"href":"https:\/\/fpsuperiorufv.es\/blog\/wp-json\/wp\/v2\/categories?post=1367"},{"taxonomy":"post_tag","embeddable":true,"href":"https:\/\/fpsuperiorufv.es\/blog\/wp-json\/wp\/v2\/tags?post=1367"}],"curies":[{"name":"wp","href":"https:\/\/api.w.org\/{rel}","templated":true}]}}