{"id":1415,"date":"2025-12-08T00:56:17","date_gmt":"2025-12-07T23:56:17","guid":{"rendered":"https:\/\/fpsuperiorufv.es\/blog\/2024\/11\/26\/fp-superior-en-madrid-que-opinan-nuestros-antiguos-alumnos-sobre-fp-superior-francisco-de-vitoria\/"},"modified":"2025-12-15T14:36:33","modified_gmt":"2025-12-15T13:36:33","slug":"fp-superior-en-madrid-que-opinan-nuestros-antiguos-alumnos-sobre-fp-superior-francisco-de-vitoria-blog","status":"publish","type":"post","link":"https:\/\/fpsuperiorufv.es\/blog\/fp-superior-en-madrid-que-opinan-nuestros-antiguos-alumnos-sobre-fp-superior-francisco-de-vitoria-blog\/","title":{"rendered":"FP Superior en Madrid: \u00bfQu\u00e9 opinan nuestros antiguos alumnos sobre FP Superior Francisco de Vitoria?"},"content":{"rendered":"<p><\/p>\n\n<section><span style=\"font-weight: 400;\">\u00bfEst\u00e1s pensando en dar el siguiente paso en tu formaci\u00f3n y no sabes si elegir FP Superior? Aqu\u00ed en FP Superior Francisco de Vitoria, nos esforzamos por ofrecerte una educaci\u00f3n de calidad y un entorno que fomente tu desarrollo profesional. Pero no solo queremos que conf\u00edes en nosotros; queremos que escuches lo que nuestros antiguos alumnos tienen que decir.<\/span><\/section>\n<section>\n<h2>Curiosidades y datos sobre FP Superior Francisco de Vitoria<\/h2>\n<ul>\n<li>M\u00e1s del 80% de nuestros graduados encuentran empleo en menos de seis meses tras finalizar su formaci\u00f3n.<\/li>\n<li>Contamos con un 90% de satisfacci\u00f3n entre nuestros alumnos en cuanto a la calidad de los docentes.<\/li>\n<li>El 75% de nuestros antiguos alumnos recomienda nuestros ciclos formativos a futuros estudiantes.<\/li>\n<li>Ofrecemos formaci\u00f3n en \u00e1reas innovadoras como la educaci\u00f3n, empresa y deporte.<\/li>\n<li>Nuestros programas est\u00e1n dise\u00f1ados en colaboraci\u00f3n con empresas relevantes en el sector, aumentando tus oportunidades laborales.<\/li>\n<\/ul>\n<\/section>\n<section>\n<h2>La voz de nuestros antiguos alumnos<\/h2>\n<p><span style=\"font-weight: 400;\">La experiencia de nuestros estudiantes es fundamental para entender la calidad de nuestra ense\u00f1anza y el impacto que tiene en sus carreras. A continuaci\u00f3n, compartimos algunas opiniones que reflejan el valor de estudiar en FP Superior Francisco de Vitoria.<\/span><\/p>\n<h3>Historias de \u00e9xito<\/h3>\n<p><span style=\"font-weight: 400;\">Muchos de nuestros antiguos alumnos han encontrado su camino profesional gracias a la formaci\u00f3n que recibieron aqu\u00ed. Algunos de los testimonios m\u00e1s destacados incluyen:<\/span><\/p>\n<ul>\n<li><strong>Mar\u00eda, graduada en Administraci\u00f3n y Finanzas:<\/strong> Gracias a la FP Superior Francisco de Vitoria, consegu\u00ed un trabajo en una empresa multinacional. La formaci\u00f3n pr\u00e1ctica que recib\u00ed fue clave para mi \u00e9xito.<\/li>\n<li><strong>Javier, graduado en Desarrollo de Aplicaciones Multiplataforma:<\/strong> El apoyo de los profesores y la posibilidad de realizar pr\u00e1cticas en empresas me ayudaron a desarrollar mis habilidades. Ahora trabajo en una start-up que est\u00e1 creciendo r\u00e1pidamente.<\/li>\n<li><strong>Ana, graduada en Marketing y Publicidad:<\/strong> El enfoque en proyectos reales me prepar\u00f3 para enfrentar los desaf\u00edos del mundo laboral. Sin duda, recomendar\u00eda este centro a cualquier persona que quiera formarse en un ambiente din\u00e1mico.<\/li>\n<\/ul>\n<h3>Ventajas de estudiar en FP Superior Francisco de Vitoria<\/h3>\n<p><span style=\"font-weight: 400;\">Nuestros antiguos alumnos destacan varias ventajas que hacen de nuestra instituci\u00f3n una opci\u00f3n atractiva:<\/span><\/p>\n<ul>\n<li><strong>Formaci\u00f3n pr\u00e1ctica:<\/strong> Nuestros ciclos formativos incluyen proyectos reales que permiten aplicar lo aprendido en situaciones del d\u00eda a d\u00eda.<\/li>\n<li><strong>Red de contactos:<\/strong> Las conexiones que se forman durante los estudios son valiosas para futuras oportunidades laborales.<\/li>\n<li><strong>Docentes con experiencia:<\/strong> Nuestro equipo est\u00e1 compuesto por profesionales en activo que comparten sus conocimientos y experiencias.<\/li>\n<li><strong>Orientaci\u00f3n laboral:<\/strong> Ofrecemos apoyo en la inserci\u00f3n laboral, ayudando a nuestros alumnos a encontrar las mejores oportunidades.<\/li>\n<\/ul>\n<\/section>\n<section>\n<h2>Estad\u00edsticas sobre el impacto de la FP Superior<\/h2>\n<p><span style=\"font-weight: 400;\">Los datos hablan por s\u00ed mismos. La formaci\u00f3n profesional superior es una de las v\u00edas m\u00e1s efectivas para acceder al mercado laboral en Espa\u00f1a. Aqu\u00ed te dejamos algunas estad\u00edsticas relevantes:<\/span><\/p>\n<ul>\n<li>El 60% de las empresas en Espa\u00f1a valoran positivamente la formaci\u00f3n profesional a la hora de contratar.<\/li>\n<li>La tasa de empleo de los graduados de FP Superior es superior al 70% en sectores como tecnolog\u00eda, salud y servicios.<\/li>\n<li>Las remuneraciones de los graduados en FP Superior son un 20% m\u00e1s altas que las de los graduados en educaci\u00f3n secundaria.<\/li>\n<\/ul>\n<\/section>\n<section>\n<h2>\u00bfPor qu\u00e9 elegir FP Superior Francisco de Vitoria?<\/h2>\n<p><span style=\"font-weight: 400;\">Elegir d\u00f3nde estudiar es una decisi\u00f3n crucial, y nosotros en FP Superior Francisco de Vitoria te ofrecemos razones de peso para que optes por nosotros:<\/span><\/p>\n<ul>\n<li><strong>Ambiente de aprendizaje:<\/strong> Creamos un entorno estimulante que promueve la colaboraci\u00f3n y el crecimiento personal.<\/li>\n<li><strong>Programas actualizados:<\/strong> Nuestros ciclos formativos se adaptan a las necesidades del mercado laboral actual.<\/li>\n<li><strong>Pr\u00e1cticas en empresas:<\/strong> Facilitamos la realizaci\u00f3n de pr\u00e1cticas en empresas reconocidas, lo que te da una ventaja competitiva.<\/li>\n<li><strong>Formaci\u00f3n integral:<\/strong> No solo te formamos en contenidos t\u00e9cnicos, sino tambi\u00e9n en habilidades blandas esenciales para tu desarrollo profesional.<\/li>\n<\/ul>\n<\/section>\n<section>\n<h2>Preguntas frecuentes<\/h2>\n<h3>\u00bfQu\u00e9 ciclos formativos ofrecen en FP Superior Francisco de Vitoria?<\/h3>\n<p><span style=\"font-weight: 400;\">Ofrecemos una amplia variedad de ciclos formativos en \u00e1reas como administraci\u00f3n, tecnolog\u00eda, salud, y muchos m\u00e1s. Puedes consultar nuestra oferta completa en nuestra web.<\/span><\/p>\n<h3>\u00bfC\u00f3mo puedo matricularme?<\/h3>\n<p><span style=\"font-weight: 400;\">El proceso de matriculaci\u00f3n es sencillo. Solo tienes que visitar nuestra p\u00e1gina web y seguir las instrucciones. Si necesitas ayuda, no dudes en <a href=\"https:\/\/fpsuperiorufv.es\/contacto\/\">solicitar m\u00e1s informaci\u00f3n<\/a>.<\/span><\/p>\n<h3>\u00bfTienen bolsa de trabajo para antiguos alumnos?<\/h3>\n<p><span style=\"font-weight: 400;\">S\u00ed, contamos con una bolsa de trabajo que facilita la conexi\u00f3n entre nuestros antiguos alumnos y empresas que buscan talento. Esto te ayudar\u00e1 a acceder a oportunidades laborales una vez que te grad\u00faes.<\/span><\/p>\n<h3>\u00bfQu\u00e9 apoyo ofrecen para la b\u00fasqueda de empleo?<\/h3>\n<p><span style=\"font-weight: 400;\">Nuestro equipo est\u00e1 comprometido a ofrecer orientaci\u00f3n laboral, ayud\u00e1ndote a preparar tu CV, practicar entrevistas y a identificar oportunidades que se ajusten a tu perfil.<\/span><\/p>\n<\/section>\n<footer><span style=\"font-weight: 400;\">Si est\u00e1s interesado en conocer m\u00e1s sobre nuestros ciclos formativos y c\u00f3mo pueden ayudarte a alcanzar tus metas profesionales, no dudes en <a href=\"https:\/\/fpsuperiorufv.es\/contacto\/\">solicitar m\u00e1s informaci\u00f3n aqu\u00ed<\/a>.<\/span><br \/>\n<span style=\"font-weight: 400;\">Descubre todo lo que FP Superior Francisco de Vitoria tiene para ofrecerte visitando nuestra <a href=\"https:\/\/fpsuperiorufv.es\/\">p\u00e1gina web<\/a>.<\/span><\/footer>\n<p><\/p>\n<p><\/p>\n","protected":false},"excerpt":{"rendered":"<p>[vc_section][vc_row][vc_column css=\".vc_custom_1655805738975{margin-top: 0px !important;margin-right: 0px !important;margin-bottom: 0px !important;margin-left: 0px !important;}\"][vc_breadcrumbs_module][\/vc_column][\/vc_row][\/vc_section][vc_section][vc_row el_class=\"container\" css=\".vc_custom_1655802988397{padding-top: 50px !important;padding-bottom: 50px !important;}\"][vc_column][vc_single_image source=\"featured_image\" img_size=\"full\" alignment=\"center\" css=\".vc_custom_1660030768789{padding-top: 20px !important;padding-bottom: 20px !important;}\"][vc_column_text] \u00bfEst\u00e1s pensando en dar el siguiente paso en tu formaci\u00f3n y no sabes si elegir FP Superior? Aqu\u00ed en FP Superior Francisco de Vitoria, nos esforzamos por ofrecerte una educaci\u00f3n de &hellip;<\/p>\n","protected":false},"author":1,"featured_media":1270,"comment_status":"closed","ping_status":"open","sticky":false,"template":"","format":"standard","meta":{"inline_featured_image":false,"footnotes":""},"categories":[9,393],"tags":[],"class_list":["post-1415","post","type-post","status-publish","format-standard","has-post-thumbnail","hentry","category-blog","category-preguntas-frecuentes"],"yoast_head":"<!-- This site is optimized with the Yoast SEO plugin v27.4 - https:\/\/yoast.com\/product\/yoast-seo-wordpress\/ -->\n<title>FP Superior en Madrid: \u00bfQu\u00e9 opinan nuestros antiguos alumnos sobre FP Superior Francisco de Vitoria? - Cetys<\/title>\n<meta name=\"robots\" content=\"index, follow, max-snippet:-1, max-image-preview:large, max-video-preview:-1\" \/>\n<link rel=\"canonical\" href=\"https:\/\/fpsuperiorufv.es\/blog\/fp-superior-en-madrid-que-opinan-nuestros-antiguos-alumnos-sobre-fp-superior-francisco-de-vitoria-blog\/\" \/>\n<meta property=\"og:locale\" content=\"es_ES\" \/>\n<meta property=\"og:type\" content=\"article\" \/>\n<meta property=\"og:title\" content=\"FP Superior en Madrid: \u00bfQu\u00e9 opinan nuestros antiguos alumnos sobre FP Superior Francisco de Vitoria? - Cetys\" \/>\n<meta property=\"og:description\" content=\"\u00bfEst\u00e1s pensando en dar el siguiente paso en tu formaci\u00f3n y no sabes si elegir FP Superior? Aqu\u00ed en FP Superior Francisco de Vitoria, nos esforzamos por ofrecerte una educaci\u00f3n de &hellip;\" \/>\n<meta property=\"og:url\" content=\"https:\/\/fpsuperiorufv.es\/blog\/fp-superior-en-madrid-que-opinan-nuestros-antiguos-alumnos-sobre-fp-superior-francisco-de-vitoria-blog\/\" \/>\n<meta property=\"og:site_name\" content=\"Cetys\" \/>\n<meta property=\"article:published_time\" content=\"2025-12-07T23:56:17+00:00\" \/>\n<meta property=\"article:modified_time\" content=\"2025-12-15T13:36:33+00:00\" \/>\n<meta property=\"og:image\" content=\"https:\/\/fpsuperiorufv.es\/blog\/wp-content\/uploads\/2025\/07\/hembra-mime-leyendo-manuscrito-escenario.jpg\" \/>\n\t<meta property=\"og:image:width\" content=\"1000\" \/>\n\t<meta property=\"og:image:height\" content=\"667\" \/>\n\t<meta property=\"og:image:type\" content=\"image\/jpeg\" \/>\n<meta name=\"author\" content=\"FP Superior UFV\" \/>\n<meta name=\"twitter:card\" content=\"summary_large_image\" \/>\n<meta name=\"twitter:label1\" content=\"Escrito por\" \/>\n\t<meta name=\"twitter:data1\" content=\"FP Superior UFV\" \/>\n\t<meta name=\"twitter:label2\" content=\"Tiempo de lectura\" \/>\n\t<meta name=\"twitter:data2\" content=\"5 minutos\" \/>\n<script type=\"application\/ld+json\" class=\"yoast-schema-graph\">{\"@context\":\"https:\\\/\\\/schema.org\",\"@graph\":[{\"@type\":\"Article\",\"@id\":\"https:\\\/\\\/fpsuperiorufv.es\\\/blog\\\/fp-superior-en-madrid-que-opinan-nuestros-antiguos-alumnos-sobre-fp-superior-francisco-de-vitoria-blog\\\/#article\",\"isPartOf\":{\"@id\":\"https:\\\/\\\/fpsuperiorufv.es\\\/blog\\\/fp-superior-en-madrid-que-opinan-nuestros-antiguos-alumnos-sobre-fp-superior-francisco-de-vitoria-blog\\\/\"},\"author\":{\"name\":\"FP Superior UFV\",\"@id\":\"https:\\\/\\\/fpsuperiorufv.es\\\/blog\\\/#\\\/schema\\\/person\\\/c7ac6e2e7af298050da8d956ac824347\"},\"headline\":\"FP Superior en Madrid: \u00bfQu\u00e9 opinan nuestros antiguos alumnos sobre FP Superior Francisco de Vitoria?\",\"datePublished\":\"2025-12-07T23:56:17+00:00\",\"dateModified\":\"2025-12-15T13:36:33+00:00\",\"mainEntityOfPage\":{\"@id\":\"https:\\\/\\\/fpsuperiorufv.es\\\/blog\\\/fp-superior-en-madrid-que-opinan-nuestros-antiguos-alumnos-sobre-fp-superior-francisco-de-vitoria-blog\\\/\"},\"wordCount\":975,\"publisher\":{\"@id\":\"https:\\\/\\\/fpsuperiorufv.es\\\/blog\\\/#organization\"},\"image\":{\"@id\":\"https:\\\/\\\/fpsuperiorufv.es\\\/blog\\\/fp-superior-en-madrid-que-opinan-nuestros-antiguos-alumnos-sobre-fp-superior-francisco-de-vitoria-blog\\\/#primaryimage\"},\"thumbnailUrl\":\"https:\\\/\\\/fpsuperiorufv.es\\\/blog\\\/wp-content\\\/uploads\\\/2025\\\/07\\\/hembra-mime-leyendo-manuscrito-escenario.jpg\",\"articleSection\":[\"Blog\",\"Preguntas frecuentes\"],\"inLanguage\":\"es\"},{\"@type\":\"WebPage\",\"@id\":\"https:\\\/\\\/fpsuperiorufv.es\\\/blog\\\/fp-superior-en-madrid-que-opinan-nuestros-antiguos-alumnos-sobre-fp-superior-francisco-de-vitoria-blog\\\/\",\"url\":\"https:\\\/\\\/fpsuperiorufv.es\\\/blog\\\/fp-superior-en-madrid-que-opinan-nuestros-antiguos-alumnos-sobre-fp-superior-francisco-de-vitoria-blog\\\/\",\"name\":\"FP Superior en Madrid: \u00bfQu\u00e9 opinan nuestros antiguos alumnos sobre FP Superior Francisco de Vitoria? - Cetys\",\"isPartOf\":{\"@id\":\"https:\\\/\\\/fpsuperiorufv.es\\\/blog\\\/#website\"},\"primaryImageOfPage\":{\"@id\":\"https:\\\/\\\/fpsuperiorufv.es\\\/blog\\\/fp-superior-en-madrid-que-opinan-nuestros-antiguos-alumnos-sobre-fp-superior-francisco-de-vitoria-blog\\\/#primaryimage\"},\"image\":{\"@id\":\"https:\\\/\\\/fpsuperiorufv.es\\\/blog\\\/fp-superior-en-madrid-que-opinan-nuestros-antiguos-alumnos-sobre-fp-superior-francisco-de-vitoria-blog\\\/#primaryimage\"},\"thumbnailUrl\":\"https:\\\/\\\/fpsuperiorufv.es\\\/blog\\\/wp-content\\\/uploads\\\/2025\\\/07\\\/hembra-mime-leyendo-manuscrito-escenario.jpg\",\"datePublished\":\"2025-12-07T23:56:17+00:00\",\"dateModified\":\"2025-12-15T13:36:33+00:00\",\"breadcrumb\":{\"@id\":\"https:\\\/\\\/fpsuperiorufv.es\\\/blog\\\/fp-superior-en-madrid-que-opinan-nuestros-antiguos-alumnos-sobre-fp-superior-francisco-de-vitoria-blog\\\/#breadcrumb\"},\"inLanguage\":\"es\",\"potentialAction\":[{\"@type\":\"ReadAction\",\"target\":[\"https:\\\/\\\/fpsuperiorufv.es\\\/blog\\\/fp-superior-en-madrid-que-opinan-nuestros-antiguos-alumnos-sobre-fp-superior-francisco-de-vitoria-blog\\\/\"]}]},{\"@type\":\"ImageObject\",\"inLanguage\":\"es\",\"@id\":\"https:\\\/\\\/fpsuperiorufv.es\\\/blog\\\/fp-superior-en-madrid-que-opinan-nuestros-antiguos-alumnos-sobre-fp-superior-francisco-de-vitoria-blog\\\/#primaryimage\",\"url\":\"https:\\\/\\\/fpsuperiorufv.es\\\/blog\\\/wp-content\\\/uploads\\\/2025\\\/07\\\/hembra-mime-leyendo-manuscrito-escenario.jpg\",\"contentUrl\":\"https:\\\/\\\/fpsuperiorufv.es\\\/blog\\\/wp-content\\\/uploads\\\/2025\\\/07\\\/hembra-mime-leyendo-manuscrito-escenario.jpg\",\"width\":1000,\"height\":667},{\"@type\":\"BreadcrumbList\",\"@id\":\"https:\\\/\\\/fpsuperiorufv.es\\\/blog\\\/fp-superior-en-madrid-que-opinan-nuestros-antiguos-alumnos-sobre-fp-superior-francisco-de-vitoria-blog\\\/#breadcrumb\",\"itemListElement\":[{\"@type\":\"ListItem\",\"position\":1,\"name\":\"Home\",\"item\":\"https:\\\/\\\/fpsuperiorufv.es\\\/blog\\\/\"},{\"@type\":\"ListItem\",\"position\":2,\"name\":\"FP Superior en Madrid: \u00bfQu\u00e9 opinan nuestros antiguos alumnos sobre FP Superior Francisco de Vitoria?\"}]},{\"@type\":\"WebSite\",\"@id\":\"https:\\\/\\\/fpsuperiorufv.es\\\/blog\\\/#website\",\"url\":\"https:\\\/\\\/fpsuperiorufv.es\\\/blog\\\/\",\"name\":\"Fp Superior Francisco de Vitoria\",\"description\":\"\",\"publisher\":{\"@id\":\"https:\\\/\\\/fpsuperiorufv.es\\\/blog\\\/#organization\"},\"alternateName\":\"Cetys\",\"potentialAction\":[{\"@type\":\"SearchAction\",\"target\":{\"@type\":\"EntryPoint\",\"urlTemplate\":\"https:\\\/\\\/fpsuperiorufv.es\\\/blog\\\/?s={search_term_string}\"},\"query-input\":{\"@type\":\"PropertyValueSpecification\",\"valueRequired\":true,\"valueName\":\"search_term_string\"}}],\"inLanguage\":\"es\"},{\"@type\":\"Organization\",\"@id\":\"https:\\\/\\\/fpsuperiorufv.es\\\/blog\\\/#organization\",\"name\":\"Cetys\",\"url\":\"https:\\\/\\\/fpsuperiorufv.es\\\/blog\\\/\",\"logo\":{\"@type\":\"ImageObject\",\"inLanguage\":\"es\",\"@id\":\"https:\\\/\\\/fpsuperiorufv.es\\\/blog\\\/#\\\/schema\\\/logo\\\/image\\\/\",\"url\":\"https:\\\/\\\/fpsuperiorufv.lo\\\/wp-content\\\/uploads\\\/2025\\\/02\\\/logo.svg\",\"contentUrl\":\"https:\\\/\\\/fpsuperiorufv.lo\\\/wp-content\\\/uploads\\\/2025\\\/02\\\/logo.svg\",\"width\":\"1024\",\"height\":\"1024\",\"caption\":\"Cetys\"},\"image\":{\"@id\":\"https:\\\/\\\/fpsuperiorufv.es\\\/blog\\\/#\\\/schema\\\/logo\\\/image\\\/\"}},{\"@type\":\"Person\",\"@id\":\"https:\\\/\\\/fpsuperiorufv.es\\\/blog\\\/#\\\/schema\\\/person\\\/c7ac6e2e7af298050da8d956ac824347\",\"name\":\"FP Superior UFV\",\"image\":{\"@type\":\"ImageObject\",\"inLanguage\":\"es\",\"@id\":\"https:\\\/\\\/secure.gravatar.com\\\/avatar\\\/002af9a4377d87096f281de7725cae2f359bff0b0b7439b98b80936e58af2d91?s=96&d=mm&r=g\",\"url\":\"https:\\\/\\\/secure.gravatar.com\\\/avatar\\\/002af9a4377d87096f281de7725cae2f359bff0b0b7439b98b80936e58af2d91?s=96&d=mm&r=g\",\"contentUrl\":\"https:\\\/\\\/secure.gravatar.com\\\/avatar\\\/002af9a4377d87096f281de7725cae2f359bff0b0b7439b98b80936e58af2d91?s=96&d=mm&r=g\",\"caption\":\"FP Superior UFV\"},\"sameAs\":[\"https:\\\/\\\/fpsuperiorufv.lo\"],\"url\":\"https:\\\/\\\/fpsuperiorufv.es\\\/blog\\\/author\\\/administrador\\\/\"}]}<\/script>\n<!-- \/ Yoast SEO plugin. -->","yoast_head_json":{"title":"FP Superior en Madrid: \u00bfQu\u00e9 opinan nuestros antiguos alumnos sobre FP Superior Francisco de Vitoria? - Cetys","robots":{"index":"index","follow":"follow","max-snippet":"max-snippet:-1","max-image-preview":"max-image-preview:large","max-video-preview":"max-video-preview:-1"},"canonical":"https:\/\/fpsuperiorufv.es\/blog\/fp-superior-en-madrid-que-opinan-nuestros-antiguos-alumnos-sobre-fp-superior-francisco-de-vitoria-blog\/","og_locale":"es_ES","og_type":"article","og_title":"FP Superior en Madrid: \u00bfQu\u00e9 opinan nuestros antiguos alumnos sobre FP Superior Francisco de Vitoria? - Cetys","og_description":"\u00bfEst\u00e1s pensando en dar el siguiente paso en tu formaci\u00f3n y no sabes si elegir FP Superior? Aqu\u00ed en FP Superior Francisco de Vitoria, nos esforzamos por ofrecerte una educaci\u00f3n de &hellip;","og_url":"https:\/\/fpsuperiorufv.es\/blog\/fp-superior-en-madrid-que-opinan-nuestros-antiguos-alumnos-sobre-fp-superior-francisco-de-vitoria-blog\/","og_site_name":"Cetys","article_published_time":"2025-12-07T23:56:17+00:00","article_modified_time":"2025-12-15T13:36:33+00:00","og_image":[{"width":1000,"height":667,"url":"https:\/\/fpsuperiorufv.es\/blog\/wp-content\/uploads\/2025\/07\/hembra-mime-leyendo-manuscrito-escenario.jpg","type":"image\/jpeg"}],"author":"FP Superior UFV","twitter_card":"summary_large_image","twitter_misc":{"Escrito por":"FP Superior UFV","Tiempo de lectura":"5 minutos"},"schema":{"@context":"https:\/\/schema.org","@graph":[{"@type":"Article","@id":"https:\/\/fpsuperiorufv.es\/blog\/fp-superior-en-madrid-que-opinan-nuestros-antiguos-alumnos-sobre-fp-superior-francisco-de-vitoria-blog\/#article","isPartOf":{"@id":"https:\/\/fpsuperiorufv.es\/blog\/fp-superior-en-madrid-que-opinan-nuestros-antiguos-alumnos-sobre-fp-superior-francisco-de-vitoria-blog\/"},"author":{"name":"FP Superior UFV","@id":"https:\/\/fpsuperiorufv.es\/blog\/#\/schema\/person\/c7ac6e2e7af298050da8d956ac824347"},"headline":"FP Superior en Madrid: \u00bfQu\u00e9 opinan nuestros antiguos alumnos sobre FP Superior Francisco de Vitoria?","datePublished":"2025-12-07T23:56:17+00:00","dateModified":"2025-12-15T13:36:33+00:00","mainEntityOfPage":{"@id":"https:\/\/fpsuperiorufv.es\/blog\/fp-superior-en-madrid-que-opinan-nuestros-antiguos-alumnos-sobre-fp-superior-francisco-de-vitoria-blog\/"},"wordCount":975,"publisher":{"@id":"https:\/\/fpsuperiorufv.es\/blog\/#organization"},"image":{"@id":"https:\/\/fpsuperiorufv.es\/blog\/fp-superior-en-madrid-que-opinan-nuestros-antiguos-alumnos-sobre-fp-superior-francisco-de-vitoria-blog\/#primaryimage"},"thumbnailUrl":"https:\/\/fpsuperiorufv.es\/blog\/wp-content\/uploads\/2025\/07\/hembra-mime-leyendo-manuscrito-escenario.jpg","articleSection":["Blog","Preguntas frecuentes"],"inLanguage":"es"},{"@type":"WebPage","@id":"https:\/\/fpsuperiorufv.es\/blog\/fp-superior-en-madrid-que-opinan-nuestros-antiguos-alumnos-sobre-fp-superior-francisco-de-vitoria-blog\/","url":"https:\/\/fpsuperiorufv.es\/blog\/fp-superior-en-madrid-que-opinan-nuestros-antiguos-alumnos-sobre-fp-superior-francisco-de-vitoria-blog\/","name":"FP Superior en Madrid: \u00bfQu\u00e9 opinan nuestros antiguos alumnos sobre FP Superior Francisco de Vitoria? - Cetys","isPartOf":{"@id":"https:\/\/fpsuperiorufv.es\/blog\/#website"},"primaryImageOfPage":{"@id":"https:\/\/fpsuperiorufv.es\/blog\/fp-superior-en-madrid-que-opinan-nuestros-antiguos-alumnos-sobre-fp-superior-francisco-de-vitoria-blog\/#primaryimage"},"image":{"@id":"https:\/\/fpsuperiorufv.es\/blog\/fp-superior-en-madrid-que-opinan-nuestros-antiguos-alumnos-sobre-fp-superior-francisco-de-vitoria-blog\/#primaryimage"},"thumbnailUrl":"https:\/\/fpsuperiorufv.es\/blog\/wp-content\/uploads\/2025\/07\/hembra-mime-leyendo-manuscrito-escenario.jpg","datePublished":"2025-12-07T23:56:17+00:00","dateModified":"2025-12-15T13:36:33+00:00","breadcrumb":{"@id":"https:\/\/fpsuperiorufv.es\/blog\/fp-superior-en-madrid-que-opinan-nuestros-antiguos-alumnos-sobre-fp-superior-francisco-de-vitoria-blog\/#breadcrumb"},"inLanguage":"es","potentialAction":[{"@type":"ReadAction","target":["https:\/\/fpsuperiorufv.es\/blog\/fp-superior-en-madrid-que-opinan-nuestros-antiguos-alumnos-sobre-fp-superior-francisco-de-vitoria-blog\/"]}]},{"@type":"ImageObject","inLanguage":"es","@id":"https:\/\/fpsuperiorufv.es\/blog\/fp-superior-en-madrid-que-opinan-nuestros-antiguos-alumnos-sobre-fp-superior-francisco-de-vitoria-blog\/#primaryimage","url":"https:\/\/fpsuperiorufv.es\/blog\/wp-content\/uploads\/2025\/07\/hembra-mime-leyendo-manuscrito-escenario.jpg","contentUrl":"https:\/\/fpsuperiorufv.es\/blog\/wp-content\/uploads\/2025\/07\/hembra-mime-leyendo-manuscrito-escenario.jpg","width":1000,"height":667},{"@type":"BreadcrumbList","@id":"https:\/\/fpsuperiorufv.es\/blog\/fp-superior-en-madrid-que-opinan-nuestros-antiguos-alumnos-sobre-fp-superior-francisco-de-vitoria-blog\/#breadcrumb","itemListElement":[{"@type":"ListItem","position":1,"name":"Home","item":"https:\/\/fpsuperiorufv.es\/blog\/"},{"@type":"ListItem","position":2,"name":"FP Superior en Madrid: \u00bfQu\u00e9 opinan nuestros antiguos alumnos sobre FP Superior Francisco de Vitoria?"}]},{"@type":"WebSite","@id":"https:\/\/fpsuperiorufv.es\/blog\/#website","url":"https:\/\/fpsuperiorufv.es\/blog\/","name":"Fp Superior Francisco de Vitoria","description":"","publisher":{"@id":"https:\/\/fpsuperiorufv.es\/blog\/#organization"},"alternateName":"Cetys","potentialAction":[{"@type":"SearchAction","target":{"@type":"EntryPoint","urlTemplate":"https:\/\/fpsuperiorufv.es\/blog\/?s={search_term_string}"},"query-input":{"@type":"PropertyValueSpecification","valueRequired":true,"valueName":"search_term_string"}}],"inLanguage":"es"},{"@type":"Organization","@id":"https:\/\/fpsuperiorufv.es\/blog\/#organization","name":"Cetys","url":"https:\/\/fpsuperiorufv.es\/blog\/","logo":{"@type":"ImageObject","inLanguage":"es","@id":"https:\/\/fpsuperiorufv.es\/blog\/#\/schema\/logo\/image\/","url":"https:\/\/fpsuperiorufv.lo\/wp-content\/uploads\/2025\/02\/logo.svg","contentUrl":"https:\/\/fpsuperiorufv.lo\/wp-content\/uploads\/2025\/02\/logo.svg","width":"1024","height":"1024","caption":"Cetys"},"image":{"@id":"https:\/\/fpsuperiorufv.es\/blog\/#\/schema\/logo\/image\/"}},{"@type":"Person","@id":"https:\/\/fpsuperiorufv.es\/blog\/#\/schema\/person\/c7ac6e2e7af298050da8d956ac824347","name":"FP Superior UFV","image":{"@type":"ImageObject","inLanguage":"es","@id":"https:\/\/secure.gravatar.com\/avatar\/002af9a4377d87096f281de7725cae2f359bff0b0b7439b98b80936e58af2d91?s=96&d=mm&r=g","url":"https:\/\/secure.gravatar.com\/avatar\/002af9a4377d87096f281de7725cae2f359bff0b0b7439b98b80936e58af2d91?s=96&d=mm&r=g","contentUrl":"https:\/\/secure.gravatar.com\/avatar\/002af9a4377d87096f281de7725cae2f359bff0b0b7439b98b80936e58af2d91?s=96&d=mm&r=g","caption":"FP Superior UFV"},"sameAs":["https:\/\/fpsuperiorufv.lo"],"url":"https:\/\/fpsuperiorufv.es\/blog\/author\/administrador\/"}]}},"_links":{"self":[{"href":"https:\/\/fpsuperiorufv.es\/blog\/wp-json\/wp\/v2\/posts\/1415","targetHints":{"allow":["GET"]}}],"collection":[{"href":"https:\/\/fpsuperiorufv.es\/blog\/wp-json\/wp\/v2\/posts"}],"about":[{"href":"https:\/\/fpsuperiorufv.es\/blog\/wp-json\/wp\/v2\/types\/post"}],"author":[{"embeddable":true,"href":"https:\/\/fpsuperiorufv.es\/blog\/wp-json\/wp\/v2\/users\/1"}],"replies":[{"embeddable":true,"href":"https:\/\/fpsuperiorufv.es\/blog\/wp-json\/wp\/v2\/comments?post=1415"}],"version-history":[{"count":1,"href":"https:\/\/fpsuperiorufv.es\/blog\/wp-json\/wp\/v2\/posts\/1415\/revisions"}],"predecessor-version":[{"id":2169,"href":"https:\/\/fpsuperiorufv.es\/blog\/wp-json\/wp\/v2\/posts\/1415\/revisions\/2169"}],"wp:featuredmedia":[{"embeddable":true,"href":"https:\/\/fpsuperiorufv.es\/blog\/wp-json\/wp\/v2\/media\/1270"}],"wp:attachment":[{"href":"https:\/\/fpsuperiorufv.es\/blog\/wp-json\/wp\/v2\/media?parent=1415"}],"wp:term":[{"taxonomy":"category","embeddable":true,"href":"https:\/\/fpsuperiorufv.es\/blog\/wp-json\/wp\/v2\/categories?post=1415"},{"taxonomy":"post_tag","embeddable":true,"href":"https:\/\/fpsuperiorufv.es\/blog\/wp-json\/wp\/v2\/tags?post=1415"}],"curies":[{"name":"wp","href":"https:\/\/api.w.org\/{rel}","templated":true}]}}