{"id":1418,"date":"2025-12-14T17:44:07","date_gmt":"2025-12-14T16:44:07","guid":{"rendered":"https:\/\/fpsuperiorufv.es\/blog\/2024\/11\/27\/exito-laboral-con-grados-superiores-en-madrid-historias-reales-de-graduados-de-fp-superior-francisco-de-vitoria\/"},"modified":"2025-12-15T14:56:10","modified_gmt":"2025-12-15T13:56:10","slug":"exito-laboral-con-grados-superiores-en-madrid-historias-reales-de-graduados-de-fp-superior-francisco-de-vitoria-blog","status":"publish","type":"post","link":"https:\/\/fpsuperiorufv.es\/blog\/exito-laboral-con-grados-superiores-en-madrid-historias-reales-de-graduados-de-fp-superior-francisco-de-vitoria-blog\/","title":{"rendered":"\u00c9xito laboral con Grados Superiores en Madrid: Historias reales de graduados de FP Superior Francisco de Vitoria."},"content":{"rendered":"<p><\/p>\n\n<section><span style=\"font-weight: 400;\">\u00bfEst\u00e1s pensando en dar un impulso a tu carrera profesional? En <strong>FP Superior Francisco de Vitoria<\/strong>, no solo te ofrecemos una formaci\u00f3n de alta calidad, sino que tambi\u00e9n te ayudamos a construir un futuro brillante con nuestros <strong>Ciclos Formativos de Grado Superior<\/strong>. A trav\u00e9s de este art\u00edculo, queremos compartir contigo algunas historias inspiradoras de nuestros graduados y mostrarte c\u00f3mo ellos han alcanzado el \u00e9xito laboral en Madrid.<\/span><\/section>\n<section>\n<h2>Curiosidades y estad\u00edsticas sobre el \u00e9xito laboral en Grados Superiores<\/h2>\n<ul>\n<li>El 80% de nuestros graduados encuentra trabajo en menos de seis meses.<\/li>\n<li>M\u00e1s del 70% de nuestros alumnos trabaja en empresas con las que hemos firmado acuerdos de colaboraci\u00f3n.<\/li>\n<li>El sector de la formaci\u00f3n profesional ha crecido un 20% en los \u00faltimos cinco a\u00f1os en Madrid.<\/li>\n<li>Nuestros estudiantes obtienen una media de un 8,5 en sus calificaciones finales.<\/li>\n<li>M\u00e1s del 60% de nuestros egresados ocupa puestos de responsabilidad en sus empresas.<\/li>\n<\/ul>\n<\/section>\n<h2>Historias de \u00e9xito de nuestros graduados<\/h2>\n<p><span style=\"font-weight: 400;\">En <strong>FP Superior Francisco de Vitoria<\/strong>, creemos que cada estudiante tiene un potencial \u00fanico. A continuaci\u00f3n, te presentamos algunas historias de graduados que han transformado sus vidas gracias a nuestra formaci\u00f3n.<\/span><\/p>\n<h3>Mar\u00eda: Del aula al mundo empresarial<\/h3>\n<p><span style=\"font-weight: 400;\">Mar\u00eda se gradu\u00f3 en el Ciclo Formativo de Grado Superior en <strong>Marketing y Publicidad<\/strong>. Inmediatamente despu\u00e9s de finalizar sus estudios, comenz\u00f3 a trabajar como asistente de marketing en una startup tecnol\u00f3gica en Madrid. Hoy en d\u00eda, es directora de marketing de la misma empresa y atribuye su \u00e9xito a las pr\u00e1cticas y la formaci\u00f3n que recibi\u00f3 en nuestra instituci\u00f3n.<\/span><\/p>\n<h3>Miguel: Un emprendedor en el sector tecnol\u00f3gico<\/h3>\n<p><span style=\"font-weight: 400;\">Miguel siempre so\u00f1\u00f3 con poder convertir su afici\u00f3n en una profesi\u00f3n. Tras finalizar su Ciclo Formativo de Grado Superior en <strong>Desarrollo de Aplicaciones Multiplataforma<\/strong>, se lanz\u00f3 a la aventura y, con el apoyo de algunos profesores, logr\u00f3 convertirse en uno de los transformadores digitales de la sociedad, a trav\u00e9s del desarrollo de diferentes aplicaciones inform\u00e1ticas en una multinacional.<\/span><\/p>\n<h3>Javier: Innovando en el \u00e1mbito de la salud<\/h3>\n<p><span style=\"font-weight: 400;\">Javier se form\u00f3 en el Ciclo Formativo de Grado Superior en <strong>Anatom\u00eda Patol\u00f3gica y Citodiagn\u00f3stico<\/strong>. Su dedicaci\u00f3n y esfuerzo le permitieron conseguir una beca para trabajar en un laboratorio de investigaci\u00f3n, donde est\u00e1 contribuyendo a proyectos innovadores en el campo de la salud. Javier considera que su formaci\u00f3n fue clave para poder alcanzar sus metas.<\/span><\/p>\n<section>\n<h2>\u00bfPor qu\u00e9 elegir un Grado Superior en FP Superior Francisco de Vitoria?<\/h2>\n<p><span style=\"font-weight: 400;\">Elegir nuestro centro para tu formaci\u00f3n en <strong>Ciclos Formativos de Grado Superior<\/strong> te ofrece m\u00faltiples beneficios:<\/span><\/p>\n<ul>\n<li><strong>Docentes altamente cualificados:<\/strong> Nuestro equipo de profesores est\u00e1 formado por profesionales en activo en sus respectivos sectores.<\/li>\n<li><strong>Pr\u00e1cticas en empresas:<\/strong> Facilitamos la inserci\u00f3n laboral a trav\u00e9s de convenios de colaboraci\u00f3n con empresas de prestigio.<\/li>\n<li><strong>Formaci\u00f3n personalizada:<\/strong> Nos adaptamos a las necesidades de cada alumno, ofreciendo apoyo y orientaci\u00f3n durante todo el proceso.<\/li>\n<li><strong>Infraestructura moderna:<\/strong> Contamos con instalaciones equipadas con la \u00faltima tecnolog\u00eda para que tu aprendizaje sea \u00f3ptimo.<\/li>\n<\/ul>\n<\/section>\n<section>\n<h2>Preguntas frecuentes<\/h2>\n<h3>\u00bfQu\u00e9 salidas laborales tengo al terminar un Grado Superior?<\/h3>\n<p><span style=\"font-weight: 400;\">Al finalizar tu formaci\u00f3n, podr\u00e1s acceder a m\u00faltiples salidas laborales en funci\u00f3n de tu especialidad. Nuestros ciclos formativos est\u00e1n orientados a ofrecerte las competencias necesarias para que puedas trabajar en empresas de diversos sectores.<\/span><\/p>\n<h3>\u00bfC\u00f3mo son las pr\u00e1cticas en empresas?<\/h3>\n<p><span style=\"font-weight: 400;\">Las pr\u00e1cticas son una parte fundamental de tu formaci\u00f3n. Gracias a nuestros convenios, tendr\u00e1s la oportunidad de realizar pr\u00e1cticas en empresas reales, donde aplicar\u00e1s lo aprendido y adquirir\u00e1s experiencia.<\/span><\/p>\n<h3>\u00bfQu\u00e9 tipo de apoyo ofrece FP Superior Francisco de Vitoria a los graduados?<\/h3>\n<p><span style=\"font-weight: 400;\">Nos comprometemos a acompa\u00f1arte durante tu proceso de inserci\u00f3n laboral, ofreci\u00e9ndote orientaci\u00f3n y acceso a ofertas de empleo en el sector.<\/span><\/p>\n<h3>\u00bfPuedo realizar un Grado Superior si ya tengo un t\u00edtulo universitario?<\/h3>\n<p><span style=\"font-weight: 400;\">\u00a1Por supuesto! Nuestros Grados Superiores son una excelente opci\u00f3n para complementar tu formaci\u00f3n y adquirir habilidades pr\u00e1cticas espec\u00edficas en un \u00e1rea de tu inter\u00e9s.<\/span><\/p>\n<\/section>\n<footer><span style=\"font-weight: 400;\">Si est\u00e1s interesado en conocer m\u00e1s sobre nuestros <strong>Ciclos Formativos de Grado Superior<\/strong>, no dudes en <a href=\"https:\/\/fpsuperiorufv.es\/contacto\/\">solicitar m\u00e1s informaci\u00f3n<\/a>. Estamos aqu\u00ed para ayudarte a dar el siguiente paso en tu carrera.<\/span><br \/>\n<span style=\"font-weight: 400;\">Descubre todo lo que podemos ofrecerte en <a href=\"https:\/\/fpsuperiorufv.es\/\">FP Superior Francisco de Vitoria<\/a>. Juntos, construiremos un futuro exitoso.<\/span><\/footer>\n<p><\/p>\n<p><\/p>\n","protected":false},"excerpt":{"rendered":"<p>[vc_section][vc_row][vc_column css=\".vc_custom_1655805738975{margin-top: 0px !important;margin-right: 0px !important;margin-bottom: 0px !important;margin-left: 0px !important;}\"][vc_breadcrumbs_module][\/vc_column][\/vc_row][\/vc_section][vc_section][vc_row el_class=\"container\" css=\".vc_custom_1655802988397{padding-top: 50px !important;padding-bottom: 50px !important;}\"][vc_column][vc_single_image source=\"featured_image\" img_size=\"full\" alignment=\"center\" css=\".vc_custom_1660030768789{padding-top: 20px !important;padding-bottom: 20px !important;}\"][vc_column_text] \u00bfEst\u00e1s pensando en dar un impulso a tu carrera profesional? En FP Superior Francisco de Vitoria, no solo te ofrecemos una formaci\u00f3n de alta calidad, sino que tambi\u00e9n te ayudamos a &hellip;<\/p>\n","protected":false},"author":1,"featured_media":2587,"comment_status":"closed","ping_status":"open","sticky":false,"template":"","format":"standard","meta":{"inline_featured_image":false,"footnotes":""},"categories":[9,393],"tags":[],"class_list":["post-1418","post","type-post","status-publish","format-standard","has-post-thumbnail","hentry","category-blog","category-preguntas-frecuentes"],"yoast_head":"<!-- This site is optimized with the Yoast SEO plugin v27.4 - https:\/\/yoast.com\/product\/yoast-seo-wordpress\/ -->\n<title>\u00c9xito laboral con Grados Superiores en Madrid: Historias reales de graduados de FP Superior Francisco de Vitoria. - Cetys<\/title>\n<meta name=\"robots\" content=\"index, follow, max-snippet:-1, max-image-preview:large, max-video-preview:-1\" \/>\n<link rel=\"canonical\" href=\"https:\/\/fpsuperiorufv.es\/blog\/exito-laboral-con-grados-superiores-en-madrid-historias-reales-de-graduados-de-fp-superior-francisco-de-vitoria-blog\/\" \/>\n<meta property=\"og:locale\" content=\"es_ES\" \/>\n<meta property=\"og:type\" content=\"article\" \/>\n<meta property=\"og:title\" content=\"\u00c9xito laboral con Grados Superiores en Madrid: Historias reales de graduados de FP Superior Francisco de Vitoria. - Cetys\" \/>\n<meta property=\"og:description\" content=\"\u00bfEst\u00e1s pensando en dar un impulso a tu carrera profesional? En FP Superior Francisco de Vitoria, no solo te ofrecemos una formaci\u00f3n de alta calidad, sino que tambi\u00e9n te ayudamos a &hellip;\" \/>\n<meta property=\"og:url\" content=\"https:\/\/fpsuperiorufv.es\/blog\/exito-laboral-con-grados-superiores-en-madrid-historias-reales-de-graduados-de-fp-superior-francisco-de-vitoria-blog\/\" \/>\n<meta property=\"og:site_name\" content=\"Cetys\" \/>\n<meta property=\"article:published_time\" content=\"2025-12-14T16:44:07+00:00\" \/>\n<meta property=\"article:modified_time\" content=\"2025-12-15T13:56:10+00:00\" \/>\n<meta property=\"og:image\" content=\"https:\/\/fpsuperiorufv.es\/blog\/wp-content\/uploads\/2025\/08\/tipos-de-tomografia-axial-computarizada.png\" \/>\n\t<meta property=\"og:image:width\" content=\"1280\" \/>\n\t<meta property=\"og:image:height\" content=\"854\" \/>\n\t<meta property=\"og:image:type\" content=\"image\/png\" \/>\n<meta name=\"author\" content=\"FP Superior UFV\" \/>\n<meta name=\"twitter:card\" content=\"summary_large_image\" \/>\n<meta name=\"twitter:label1\" content=\"Escrito por\" \/>\n\t<meta name=\"twitter:data1\" content=\"FP Superior UFV\" \/>\n\t<meta name=\"twitter:label2\" content=\"Tiempo de lectura\" \/>\n\t<meta name=\"twitter:data2\" content=\"4 minutos\" \/>\n<script type=\"application\/ld+json\" class=\"yoast-schema-graph\">{\"@context\":\"https:\\\/\\\/schema.org\",\"@graph\":[{\"@type\":\"Article\",\"@id\":\"https:\\\/\\\/fpsuperiorufv.es\\\/blog\\\/exito-laboral-con-grados-superiores-en-madrid-historias-reales-de-graduados-de-fp-superior-francisco-de-vitoria-blog\\\/#article\",\"isPartOf\":{\"@id\":\"https:\\\/\\\/fpsuperiorufv.es\\\/blog\\\/exito-laboral-con-grados-superiores-en-madrid-historias-reales-de-graduados-de-fp-superior-francisco-de-vitoria-blog\\\/\"},\"author\":{\"name\":\"FP Superior UFV\",\"@id\":\"https:\\\/\\\/fpsuperiorufv.es\\\/blog\\\/#\\\/schema\\\/person\\\/c7ac6e2e7af298050da8d956ac824347\"},\"headline\":\"\u00c9xito laboral con Grados Superiores en Madrid: Historias reales de graduados de FP Superior Francisco de Vitoria.\",\"datePublished\":\"2025-12-14T16:44:07+00:00\",\"dateModified\":\"2025-12-15T13:56:10+00:00\",\"mainEntityOfPage\":{\"@id\":\"https:\\\/\\\/fpsuperiorufv.es\\\/blog\\\/exito-laboral-con-grados-superiores-en-madrid-historias-reales-de-graduados-de-fp-superior-francisco-de-vitoria-blog\\\/\"},\"wordCount\":864,\"publisher\":{\"@id\":\"https:\\\/\\\/fpsuperiorufv.es\\\/blog\\\/#organization\"},\"image\":{\"@id\":\"https:\\\/\\\/fpsuperiorufv.es\\\/blog\\\/exito-laboral-con-grados-superiores-en-madrid-historias-reales-de-graduados-de-fp-superior-francisco-de-vitoria-blog\\\/#primaryimage\"},\"thumbnailUrl\":\"https:\\\/\\\/fpsuperiorufv.es\\\/blog\\\/wp-content\\\/uploads\\\/2025\\\/08\\\/tipos-de-tomografia-axial-computarizada.png\",\"articleSection\":[\"Blog\",\"Preguntas frecuentes\"],\"inLanguage\":\"es\"},{\"@type\":\"WebPage\",\"@id\":\"https:\\\/\\\/fpsuperiorufv.es\\\/blog\\\/exito-laboral-con-grados-superiores-en-madrid-historias-reales-de-graduados-de-fp-superior-francisco-de-vitoria-blog\\\/\",\"url\":\"https:\\\/\\\/fpsuperiorufv.es\\\/blog\\\/exito-laboral-con-grados-superiores-en-madrid-historias-reales-de-graduados-de-fp-superior-francisco-de-vitoria-blog\\\/\",\"name\":\"\u00c9xito laboral con Grados Superiores en Madrid: Historias reales de graduados de FP Superior Francisco de Vitoria. - Cetys\",\"isPartOf\":{\"@id\":\"https:\\\/\\\/fpsuperiorufv.es\\\/blog\\\/#website\"},\"primaryImageOfPage\":{\"@id\":\"https:\\\/\\\/fpsuperiorufv.es\\\/blog\\\/exito-laboral-con-grados-superiores-en-madrid-historias-reales-de-graduados-de-fp-superior-francisco-de-vitoria-blog\\\/#primaryimage\"},\"image\":{\"@id\":\"https:\\\/\\\/fpsuperiorufv.es\\\/blog\\\/exito-laboral-con-grados-superiores-en-madrid-historias-reales-de-graduados-de-fp-superior-francisco-de-vitoria-blog\\\/#primaryimage\"},\"thumbnailUrl\":\"https:\\\/\\\/fpsuperiorufv.es\\\/blog\\\/wp-content\\\/uploads\\\/2025\\\/08\\\/tipos-de-tomografia-axial-computarizada.png\",\"datePublished\":\"2025-12-14T16:44:07+00:00\",\"dateModified\":\"2025-12-15T13:56:10+00:00\",\"breadcrumb\":{\"@id\":\"https:\\\/\\\/fpsuperiorufv.es\\\/blog\\\/exito-laboral-con-grados-superiores-en-madrid-historias-reales-de-graduados-de-fp-superior-francisco-de-vitoria-blog\\\/#breadcrumb\"},\"inLanguage\":\"es\",\"potentialAction\":[{\"@type\":\"ReadAction\",\"target\":[\"https:\\\/\\\/fpsuperiorufv.es\\\/blog\\\/exito-laboral-con-grados-superiores-en-madrid-historias-reales-de-graduados-de-fp-superior-francisco-de-vitoria-blog\\\/\"]}]},{\"@type\":\"ImageObject\",\"inLanguage\":\"es\",\"@id\":\"https:\\\/\\\/fpsuperiorufv.es\\\/blog\\\/exito-laboral-con-grados-superiores-en-madrid-historias-reales-de-graduados-de-fp-superior-francisco-de-vitoria-blog\\\/#primaryimage\",\"url\":\"https:\\\/\\\/fpsuperiorufv.es\\\/blog\\\/wp-content\\\/uploads\\\/2025\\\/08\\\/tipos-de-tomografia-axial-computarizada.png\",\"contentUrl\":\"https:\\\/\\\/fpsuperiorufv.es\\\/blog\\\/wp-content\\\/uploads\\\/2025\\\/08\\\/tipos-de-tomografia-axial-computarizada.png\",\"width\":1280,\"height\":854},{\"@type\":\"BreadcrumbList\",\"@id\":\"https:\\\/\\\/fpsuperiorufv.es\\\/blog\\\/exito-laboral-con-grados-superiores-en-madrid-historias-reales-de-graduados-de-fp-superior-francisco-de-vitoria-blog\\\/#breadcrumb\",\"itemListElement\":[{\"@type\":\"ListItem\",\"position\":1,\"name\":\"Home\",\"item\":\"https:\\\/\\\/fpsuperiorufv.es\\\/blog\\\/\"},{\"@type\":\"ListItem\",\"position\":2,\"name\":\"\u00c9xito laboral con Grados Superiores en Madrid: Historias reales de graduados de FP Superior Francisco de Vitoria.\"}]},{\"@type\":\"WebSite\",\"@id\":\"https:\\\/\\\/fpsuperiorufv.es\\\/blog\\\/#website\",\"url\":\"https:\\\/\\\/fpsuperiorufv.es\\\/blog\\\/\",\"name\":\"Fp Superior Francisco de Vitoria\",\"description\":\"\",\"publisher\":{\"@id\":\"https:\\\/\\\/fpsuperiorufv.es\\\/blog\\\/#organization\"},\"alternateName\":\"Cetys\",\"potentialAction\":[{\"@type\":\"SearchAction\",\"target\":{\"@type\":\"EntryPoint\",\"urlTemplate\":\"https:\\\/\\\/fpsuperiorufv.es\\\/blog\\\/?s={search_term_string}\"},\"query-input\":{\"@type\":\"PropertyValueSpecification\",\"valueRequired\":true,\"valueName\":\"search_term_string\"}}],\"inLanguage\":\"es\"},{\"@type\":\"Organization\",\"@id\":\"https:\\\/\\\/fpsuperiorufv.es\\\/blog\\\/#organization\",\"name\":\"Cetys\",\"url\":\"https:\\\/\\\/fpsuperiorufv.es\\\/blog\\\/\",\"logo\":{\"@type\":\"ImageObject\",\"inLanguage\":\"es\",\"@id\":\"https:\\\/\\\/fpsuperiorufv.es\\\/blog\\\/#\\\/schema\\\/logo\\\/image\\\/\",\"url\":\"https:\\\/\\\/fpsuperiorufv.lo\\\/wp-content\\\/uploads\\\/2025\\\/02\\\/logo.svg\",\"contentUrl\":\"https:\\\/\\\/fpsuperiorufv.lo\\\/wp-content\\\/uploads\\\/2025\\\/02\\\/logo.svg\",\"width\":\"1024\",\"height\":\"1024\",\"caption\":\"Cetys\"},\"image\":{\"@id\":\"https:\\\/\\\/fpsuperiorufv.es\\\/blog\\\/#\\\/schema\\\/logo\\\/image\\\/\"}},{\"@type\":\"Person\",\"@id\":\"https:\\\/\\\/fpsuperiorufv.es\\\/blog\\\/#\\\/schema\\\/person\\\/c7ac6e2e7af298050da8d956ac824347\",\"name\":\"FP Superior UFV\",\"image\":{\"@type\":\"ImageObject\",\"inLanguage\":\"es\",\"@id\":\"https:\\\/\\\/secure.gravatar.com\\\/avatar\\\/002af9a4377d87096f281de7725cae2f359bff0b0b7439b98b80936e58af2d91?s=96&d=mm&r=g\",\"url\":\"https:\\\/\\\/secure.gravatar.com\\\/avatar\\\/002af9a4377d87096f281de7725cae2f359bff0b0b7439b98b80936e58af2d91?s=96&d=mm&r=g\",\"contentUrl\":\"https:\\\/\\\/secure.gravatar.com\\\/avatar\\\/002af9a4377d87096f281de7725cae2f359bff0b0b7439b98b80936e58af2d91?s=96&d=mm&r=g\",\"caption\":\"FP Superior UFV\"},\"sameAs\":[\"https:\\\/\\\/fpsuperiorufv.lo\"],\"url\":\"https:\\\/\\\/fpsuperiorufv.es\\\/blog\\\/author\\\/administrador\\\/\"}]}<\/script>\n<!-- \/ Yoast SEO plugin. -->","yoast_head_json":{"title":"\u00c9xito laboral con Grados Superiores en Madrid: Historias reales de graduados de FP Superior Francisco de Vitoria. - Cetys","robots":{"index":"index","follow":"follow","max-snippet":"max-snippet:-1","max-image-preview":"max-image-preview:large","max-video-preview":"max-video-preview:-1"},"canonical":"https:\/\/fpsuperiorufv.es\/blog\/exito-laboral-con-grados-superiores-en-madrid-historias-reales-de-graduados-de-fp-superior-francisco-de-vitoria-blog\/","og_locale":"es_ES","og_type":"article","og_title":"\u00c9xito laboral con Grados Superiores en Madrid: Historias reales de graduados de FP Superior Francisco de Vitoria. - Cetys","og_description":"\u00bfEst\u00e1s pensando en dar un impulso a tu carrera profesional? En FP Superior Francisco de Vitoria, no solo te ofrecemos una formaci\u00f3n de alta calidad, sino que tambi\u00e9n te ayudamos a &hellip;","og_url":"https:\/\/fpsuperiorufv.es\/blog\/exito-laboral-con-grados-superiores-en-madrid-historias-reales-de-graduados-de-fp-superior-francisco-de-vitoria-blog\/","og_site_name":"Cetys","article_published_time":"2025-12-14T16:44:07+00:00","article_modified_time":"2025-12-15T13:56:10+00:00","og_image":[{"width":1280,"height":854,"url":"https:\/\/fpsuperiorufv.es\/blog\/wp-content\/uploads\/2025\/08\/tipos-de-tomografia-axial-computarizada.png","type":"image\/png"}],"author":"FP Superior UFV","twitter_card":"summary_large_image","twitter_misc":{"Escrito por":"FP Superior UFV","Tiempo de lectura":"4 minutos"},"schema":{"@context":"https:\/\/schema.org","@graph":[{"@type":"Article","@id":"https:\/\/fpsuperiorufv.es\/blog\/exito-laboral-con-grados-superiores-en-madrid-historias-reales-de-graduados-de-fp-superior-francisco-de-vitoria-blog\/#article","isPartOf":{"@id":"https:\/\/fpsuperiorufv.es\/blog\/exito-laboral-con-grados-superiores-en-madrid-historias-reales-de-graduados-de-fp-superior-francisco-de-vitoria-blog\/"},"author":{"name":"FP Superior UFV","@id":"https:\/\/fpsuperiorufv.es\/blog\/#\/schema\/person\/c7ac6e2e7af298050da8d956ac824347"},"headline":"\u00c9xito laboral con Grados Superiores en Madrid: Historias reales de graduados de FP Superior Francisco de Vitoria.","datePublished":"2025-12-14T16:44:07+00:00","dateModified":"2025-12-15T13:56:10+00:00","mainEntityOfPage":{"@id":"https:\/\/fpsuperiorufv.es\/blog\/exito-laboral-con-grados-superiores-en-madrid-historias-reales-de-graduados-de-fp-superior-francisco-de-vitoria-blog\/"},"wordCount":864,"publisher":{"@id":"https:\/\/fpsuperiorufv.es\/blog\/#organization"},"image":{"@id":"https:\/\/fpsuperiorufv.es\/blog\/exito-laboral-con-grados-superiores-en-madrid-historias-reales-de-graduados-de-fp-superior-francisco-de-vitoria-blog\/#primaryimage"},"thumbnailUrl":"https:\/\/fpsuperiorufv.es\/blog\/wp-content\/uploads\/2025\/08\/tipos-de-tomografia-axial-computarizada.png","articleSection":["Blog","Preguntas frecuentes"],"inLanguage":"es"},{"@type":"WebPage","@id":"https:\/\/fpsuperiorufv.es\/blog\/exito-laboral-con-grados-superiores-en-madrid-historias-reales-de-graduados-de-fp-superior-francisco-de-vitoria-blog\/","url":"https:\/\/fpsuperiorufv.es\/blog\/exito-laboral-con-grados-superiores-en-madrid-historias-reales-de-graduados-de-fp-superior-francisco-de-vitoria-blog\/","name":"\u00c9xito laboral con Grados Superiores en Madrid: Historias reales de graduados de FP Superior Francisco de Vitoria. - Cetys","isPartOf":{"@id":"https:\/\/fpsuperiorufv.es\/blog\/#website"},"primaryImageOfPage":{"@id":"https:\/\/fpsuperiorufv.es\/blog\/exito-laboral-con-grados-superiores-en-madrid-historias-reales-de-graduados-de-fp-superior-francisco-de-vitoria-blog\/#primaryimage"},"image":{"@id":"https:\/\/fpsuperiorufv.es\/blog\/exito-laboral-con-grados-superiores-en-madrid-historias-reales-de-graduados-de-fp-superior-francisco-de-vitoria-blog\/#primaryimage"},"thumbnailUrl":"https:\/\/fpsuperiorufv.es\/blog\/wp-content\/uploads\/2025\/08\/tipos-de-tomografia-axial-computarizada.png","datePublished":"2025-12-14T16:44:07+00:00","dateModified":"2025-12-15T13:56:10+00:00","breadcrumb":{"@id":"https:\/\/fpsuperiorufv.es\/blog\/exito-laboral-con-grados-superiores-en-madrid-historias-reales-de-graduados-de-fp-superior-francisco-de-vitoria-blog\/#breadcrumb"},"inLanguage":"es","potentialAction":[{"@type":"ReadAction","target":["https:\/\/fpsuperiorufv.es\/blog\/exito-laboral-con-grados-superiores-en-madrid-historias-reales-de-graduados-de-fp-superior-francisco-de-vitoria-blog\/"]}]},{"@type":"ImageObject","inLanguage":"es","@id":"https:\/\/fpsuperiorufv.es\/blog\/exito-laboral-con-grados-superiores-en-madrid-historias-reales-de-graduados-de-fp-superior-francisco-de-vitoria-blog\/#primaryimage","url":"https:\/\/fpsuperiorufv.es\/blog\/wp-content\/uploads\/2025\/08\/tipos-de-tomografia-axial-computarizada.png","contentUrl":"https:\/\/fpsuperiorufv.es\/blog\/wp-content\/uploads\/2025\/08\/tipos-de-tomografia-axial-computarizada.png","width":1280,"height":854},{"@type":"BreadcrumbList","@id":"https:\/\/fpsuperiorufv.es\/blog\/exito-laboral-con-grados-superiores-en-madrid-historias-reales-de-graduados-de-fp-superior-francisco-de-vitoria-blog\/#breadcrumb","itemListElement":[{"@type":"ListItem","position":1,"name":"Home","item":"https:\/\/fpsuperiorufv.es\/blog\/"},{"@type":"ListItem","position":2,"name":"\u00c9xito laboral con Grados Superiores en Madrid: Historias reales de graduados de FP Superior Francisco de Vitoria."}]},{"@type":"WebSite","@id":"https:\/\/fpsuperiorufv.es\/blog\/#website","url":"https:\/\/fpsuperiorufv.es\/blog\/","name":"Fp Superior Francisco de Vitoria","description":"","publisher":{"@id":"https:\/\/fpsuperiorufv.es\/blog\/#organization"},"alternateName":"Cetys","potentialAction":[{"@type":"SearchAction","target":{"@type":"EntryPoint","urlTemplate":"https:\/\/fpsuperiorufv.es\/blog\/?s={search_term_string}"},"query-input":{"@type":"PropertyValueSpecification","valueRequired":true,"valueName":"search_term_string"}}],"inLanguage":"es"},{"@type":"Organization","@id":"https:\/\/fpsuperiorufv.es\/blog\/#organization","name":"Cetys","url":"https:\/\/fpsuperiorufv.es\/blog\/","logo":{"@type":"ImageObject","inLanguage":"es","@id":"https:\/\/fpsuperiorufv.es\/blog\/#\/schema\/logo\/image\/","url":"https:\/\/fpsuperiorufv.lo\/wp-content\/uploads\/2025\/02\/logo.svg","contentUrl":"https:\/\/fpsuperiorufv.lo\/wp-content\/uploads\/2025\/02\/logo.svg","width":"1024","height":"1024","caption":"Cetys"},"image":{"@id":"https:\/\/fpsuperiorufv.es\/blog\/#\/schema\/logo\/image\/"}},{"@type":"Person","@id":"https:\/\/fpsuperiorufv.es\/blog\/#\/schema\/person\/c7ac6e2e7af298050da8d956ac824347","name":"FP Superior UFV","image":{"@type":"ImageObject","inLanguage":"es","@id":"https:\/\/secure.gravatar.com\/avatar\/002af9a4377d87096f281de7725cae2f359bff0b0b7439b98b80936e58af2d91?s=96&d=mm&r=g","url":"https:\/\/secure.gravatar.com\/avatar\/002af9a4377d87096f281de7725cae2f359bff0b0b7439b98b80936e58af2d91?s=96&d=mm&r=g","contentUrl":"https:\/\/secure.gravatar.com\/avatar\/002af9a4377d87096f281de7725cae2f359bff0b0b7439b98b80936e58af2d91?s=96&d=mm&r=g","caption":"FP Superior UFV"},"sameAs":["https:\/\/fpsuperiorufv.lo"],"url":"https:\/\/fpsuperiorufv.es\/blog\/author\/administrador\/"}]}},"_links":{"self":[{"href":"https:\/\/fpsuperiorufv.es\/blog\/wp-json\/wp\/v2\/posts\/1418","targetHints":{"allow":["GET"]}}],"collection":[{"href":"https:\/\/fpsuperiorufv.es\/blog\/wp-json\/wp\/v2\/posts"}],"about":[{"href":"https:\/\/fpsuperiorufv.es\/blog\/wp-json\/wp\/v2\/types\/post"}],"author":[{"embeddable":true,"href":"https:\/\/fpsuperiorufv.es\/blog\/wp-json\/wp\/v2\/users\/1"}],"replies":[{"embeddable":true,"href":"https:\/\/fpsuperiorufv.es\/blog\/wp-json\/wp\/v2\/comments?post=1418"}],"version-history":[{"count":1,"href":"https:\/\/fpsuperiorufv.es\/blog\/wp-json\/wp\/v2\/posts\/1418\/revisions"}],"predecessor-version":[{"id":2172,"href":"https:\/\/fpsuperiorufv.es\/blog\/wp-json\/wp\/v2\/posts\/1418\/revisions\/2172"}],"wp:featuredmedia":[{"embeddable":true,"href":"https:\/\/fpsuperiorufv.es\/blog\/wp-json\/wp\/v2\/media\/2587"}],"wp:attachment":[{"href":"https:\/\/fpsuperiorufv.es\/blog\/wp-json\/wp\/v2\/media?parent=1418"}],"wp:term":[{"taxonomy":"category","embeddable":true,"href":"https:\/\/fpsuperiorufv.es\/blog\/wp-json\/wp\/v2\/categories?post=1418"},{"taxonomy":"post_tag","embeddable":true,"href":"https:\/\/fpsuperiorufv.es\/blog\/wp-json\/wp\/v2\/tags?post=1418"}],"curies":[{"name":"wp","href":"https:\/\/api.w.org\/{rel}","templated":true}]}}