{"id":1423,"date":"2025-12-09T08:08:46","date_gmt":"2025-12-09T07:08:46","guid":{"rendered":"https:\/\/fpsuperiorufv.es\/blog\/2024\/11\/27\/indeciso-entre-universidad-y-fp-superior-en-madrid-descubre-por-que-fp-superior-francisco-de-vitoria-puede-ser-tu-mejor-eleccion\/"},"modified":"2025-12-15T14:14:36","modified_gmt":"2025-12-15T13:14:36","slug":"indeciso-entre-universidad-y-fp-superior-en-madrid-descubre-por-que-fp-superior-francisco-de-vitoria-puede-ser-tu-mejor-eleccion-blog","status":"publish","type":"post","link":"https:\/\/fpsuperiorufv.es\/blog\/indeciso-entre-universidad-y-fp-superior-en-madrid-descubre-por-que-fp-superior-francisco-de-vitoria-puede-ser-tu-mejor-eleccion-blog\/","title":{"rendered":"\u00bfIndeciso entre universidad y FP superior en Madrid? Descubre por qu\u00e9 FP Superior Francisco de Vitoria puede ser tu mejor elecci\u00f3n."},"content":{"rendered":"<p><\/p>\n\n<p><span style=\"font-weight: 400;\">\u00bfTe sientes atrapado entre la opci\u00f3n de estudiar en la universidad o elegir un Ciclo Formativo de Grado Superior? No est\u00e1s solo. Esta decisi\u00f3n puede ser abrumadora. Pero en FP Superior Francisco de Vitoria, queremos ayudarte a encontrar el camino que mejor se adapte a tus intereses y metas profesionales.<\/span><\/p>\n<h2>Curiosidades y estad\u00edsticas sobre la FP Superior en Madrid<\/h2>\n<ul>\n<li>El 80% de los estudiantes que finalizan un ciclo formativo de grado superior encuentran trabajo en menos de un a\u00f1o.<\/li>\n<li>La tasa de empleabilidad en Espa\u00f1a para los graduados de FP es del 70%, superior a la de muchos grados universitarios.<\/li>\n<li>Los ciclos formativos ofrecen una formaci\u00f3n pr\u00e1ctica que se adapta r\u00e1pidamente a las necesidades del mercado laboral.<\/li>\n<li>M\u00e1s del 30% de los estudiantes prefieren la FP sobre la universidad por la cercan\u00eda al mundo laboral.<\/li>\n<li>Las empresas valoran cada vez m\u00e1s la experiencia pr\u00e1ctica que aporta la FP, lo que se traduce en mayores oportunidades laborales.<\/li>\n<\/ul>\n<h2>\u00bfPor qu\u00e9 elegir FP Superior Francisco de Vitoria?<\/h2>\n<p><span style=\"font-weight: 400;\">En un mundo laboral cada vez m\u00e1s competitivo, la elecci\u00f3n de tu formaci\u00f3n es clave. En FP Superior Francisco de Vitoria, te ofrecemos una alternativa s\u00f3lida y pr\u00e1ctica que te preparar\u00e1 para el futuro. Aqu\u00ed te contamos algunas razones para considerar nuestra oferta educativa:<\/span><\/p>\n<h2>Formaci\u00f3n pr\u00e1ctica y actualizada<\/h2>\n<p><span style=\"font-weight: 400;\">En FP Superior, la formaci\u00f3n pr\u00e1ctica es fundamental. Nuestros ciclos est\u00e1n dise\u00f1ados para proporcionarte las habilidades y conocimientos que realmente se necesitan en el mercado laboral. Te sumergir\u00e1s en un ambiente de aprendizaje pr\u00e1ctico que te permitir\u00e1 aplicar lo que aprendes en situaciones reales.<\/span><\/p>\n<h2>Variedad de ciclos formativos<\/h2>\n<p><span style=\"font-weight: 400;\">Ofrecemos una amplia gama de ciclos formativos de grado superior en diferentes \u00e1reas:<\/span><\/p>\n<ul>\n<li>\u00c1rea de Comunicaci\u00f3n<\/li>\n<li>\u00c1rea de Inform\u00e1tica<\/li>\n<li>\u00c1rea Sanitaria<\/li>\n<li>\u00c1rea Qu\u00edmica<\/li>\n<li>\u00c1rea de Servicios Socioculturales<\/li>\n<li>\u00c1rea de Empresa<\/li>\n<li>\u00c1rea de Imagen Personal<\/li>\n<li>\u00c1rea Deportiva<\/li>\n<\/ul>\n<p><span style=\"font-weight: 400;\">Esto significa que, independientemente de tus intereses, seguro que encontrar\u00e1s un programa que se ajuste a tus metas profesionales.<\/span><\/p>\n<h2>Metodolog\u00eda innovadora<\/h2>\n<p><span style=\"font-weight: 400;\">En FP Superior Francisco de Vitoria, nos enorgullecemos de nuestra metodolog\u00eda educativa. Utilizamos t\u00e9cnicas de ense\u00f1anza modernas que fomentan la participaci\u00f3n activa y el trabajo en equipo. Esto te permite no solo adquirir conocimientos, sino tambi\u00e9n desarrollar habilidades interpersonales que son esenciales en cualquier entorno laboral.<\/span><\/p>\n<h2>Convenios con empresas<\/h2>\n<p><span style=\"font-weight: 400;\">Contamos con una red de colaboraciones con empresas l\u00edderes en distintos sectores. Esto te brinda la oportunidad de realizar pr\u00e1cticas profesionales que te acercar\u00e1n al mundo laboral. Estas experiencias son una excelente manera de aplicar lo que has aprendido y hacer contactos valiosos para tu futuro profesional.<\/span><\/p>\n<h2>Flexibilidad y adaptabilidad<\/h2>\n<p><span style=\"font-weight: 400;\">Sabemos que cada estudiante tiene su propio camino. Por eso, ofrecemos horarios flexibles y modalidades de estudio que se adaptan a tus necesidades. Puedes elegir entre formaci\u00f3n dual, dual intensiva y a distancia, lo que te permitir\u00e1 gestionar mejor tu tiempo y tus responsabilidades.<\/span><\/p>\n<h2>Apoyo y orientaci\u00f3n profesional<\/h2>\n<p><span style=\"font-weight: 400;\">En FP Superior Francisco de Vitoria, no est\u00e1s solo en este viaje. Nuestro equipo de orientadores est\u00e1 aqu\u00ed para ayudarte a tomar decisiones informadas sobre tu futuro. Te proporcionaremos asesoramiento y apoyo en cada etapa de tu formaci\u00f3n, desde la elecci\u00f3n del ciclo hasta la b\u00fasqueda de empleo.<\/span><\/p>\n<h2>\u00c9xito de nuestros alumnos<\/h2>\n<p><span style=\"font-weight: 400;\">Los testimonios de nuestros alumnos hablan por s\u00ed mismos. Muchos de ellos han encontrado empleo en prestigiosas empresas y han desarrollado carreras exitosas gracias a la formaci\u00f3n recibida. Nos enorgullecemos de ver c\u00f3mo nuestros graduados se convierten en profesionales competentes y valorados en el mercado laboral.<\/span><\/p>\n<p><span style=\"font-weight: 400;\">Si deseas conocer m\u00e1s sobre nuestros ciclos formativos de grado superior, no dudes en <a href=\"https:\/\/fpsuperiorufv.es\/\">visitar nuestra p\u00e1gina web<\/a> para obtener m\u00e1s informaci\u00f3n.<\/span><\/p>\n<h2>Preguntas Frecuentes<\/h2>\n<h3>\u00bfCu\u00e1l es la duraci\u00f3n de un Ciclo Formativo de Grado Superior?<\/h3>\n<p><span style=\"font-weight: 400;\">Generalmente, un ciclo formativo de grado superior tiene una duraci\u00f3n de dos a\u00f1os acad\u00e9micos. Esto incluye tanto la formaci\u00f3n te\u00f3rica como las pr\u00e1cticas en empresas.<\/span><\/p>\n<h3>\u00bfEs posible trabajar y estudiar a la vez en FP Superior?<\/h3>\n<p><span style=\"font-weight: 400;\">S\u00ed, ofrecemos modalidades de estudio que te permiten compaginar el trabajo con tus estudios. Adem\u00e1s, la flexibilidad en nuestros horarios facilita esta combinaci\u00f3n.<\/span><\/p>\n<h3>\u00bfQu\u00e9 tipo de titulaci\u00f3n obtengo al finalizar un Ciclo Formativo de Grado Superior?<\/h3>\n<p><span style=\"font-weight: 400;\">Al finalizar, obtendr\u00e1s un t\u00edtulo oficial de T\u00e9cnico Superior en la especialidad que hayas cursado, que te permitir\u00e1 acceder al mundo laboral o continuar tus estudios en la universidad.<\/span><\/p>\n<h3>\u00bfHay ayudas o becas disponibles?<\/h3>\n<p><span style=\"font-weight: 400;\">S\u00ed, existen diversas becas y ayudas para estudiantes de FP. Te recomendamos que consultes con nuestro equipo de orientaci\u00f3n para conocer las opciones disponibles.<\/span><\/p>\n<p><span style=\"font-weight: 400;\">\u00bfA\u00fan tienes dudas? No dudes en <a href=\"https:\/\/fpsuperiorufv.es\/contacto\/\">solicitar m\u00e1s informaci\u00f3n sobre nuestros ciclos formativos de grado superior<\/a>. Estamos aqu\u00ed para ayudarte a dar el siguiente paso hacia tu futuro profesional.<\/span><\/p>\n<p><span style=\"font-weight: 400;\">En FP Superior Francisco de Vitoria, estamos comprometidos con tu \u00e9xito y desarrollo profesional. \u00a1No esperes m\u00e1s y elige la formaci\u00f3n que te llevar\u00e1 a alcanzar tus metas!<\/span><\/p>\n<p><span style=\"font-weight: 400;\">Para obtener m\u00e1s informaci\u00f3n sobre nuestros programas, visita <a href=\"https:\/\/fpsuperiorufv.es\/\">nuestra web<\/a> y descubre todas las oportunidades que tenemos para ti.<\/span><\/p>\n<p><\/p>\n<p><\/p>\n","protected":false},"excerpt":{"rendered":"<p>[vc_section][vc_row][vc_column css=\".vc_custom_1655805738975{margin-top: 0px !important;margin-right: 0px !important;margin-bottom: 0px !important;margin-left: 0px !important;}\"][vc_breadcrumbs_module][\/vc_column][\/vc_row][\/vc_section][vc_section][vc_row el_class=\"container\" css=\".vc_custom_1655802988397{padding-top: 50px !important;padding-bottom: 50px !important;}\"][vc_column][vc_single_image source=\"featured_image\" img_size=\"full\" alignment=\"center\" css=\".vc_custom_1660030768789{padding-top: 20px !important;padding-bottom: 20px !important;}\"][vc_column_text] \u00bfTe sientes atrapado entre la opci\u00f3n de estudiar en la universidad o elegir un Ciclo Formativo de Grado Superior? No est\u00e1s solo. Esta decisi\u00f3n puede ser abrumadora. Pero en FP Superior &hellip;<\/p>\n","protected":false},"author":1,"featured_media":1130,"comment_status":"closed","ping_status":"open","sticky":false,"template":"","format":"standard","meta":{"inline_featured_image":false,"footnotes":""},"categories":[9,393],"tags":[],"class_list":["post-1423","post","type-post","status-publish","format-standard","has-post-thumbnail","hentry","category-blog","category-preguntas-frecuentes"],"yoast_head":"<!-- This site is optimized with the Yoast SEO plugin v27.4 - https:\/\/yoast.com\/product\/yoast-seo-wordpress\/ -->\n<title>\u00bfIndeciso entre universidad y FP superior en Madrid? Descubre por qu\u00e9 FP Superior Francisco de Vitoria puede ser tu mejor elecci\u00f3n. - Cetys<\/title>\n<meta name=\"robots\" content=\"index, follow, max-snippet:-1, max-image-preview:large, max-video-preview:-1\" \/>\n<link rel=\"canonical\" href=\"https:\/\/fpsuperiorufv.es\/blog\/indeciso-entre-universidad-y-fp-superior-en-madrid-descubre-por-que-fp-superior-francisco-de-vitoria-puede-ser-tu-mejor-eleccion-blog\/\" \/>\n<meta property=\"og:locale\" content=\"es_ES\" \/>\n<meta property=\"og:type\" content=\"article\" \/>\n<meta property=\"og:title\" content=\"\u00bfIndeciso entre universidad y FP superior en Madrid? Descubre por qu\u00e9 FP Superior Francisco de Vitoria puede ser tu mejor elecci\u00f3n. - Cetys\" \/>\n<meta property=\"og:description\" content=\"\u00bfTe sientes atrapado entre la opci\u00f3n de estudiar en la universidad o elegir un Ciclo Formativo de Grado Superior? No est\u00e1s solo. Esta decisi\u00f3n puede ser abrumadora. Pero en FP Superior &hellip;\" \/>\n<meta property=\"og:url\" content=\"https:\/\/fpsuperiorufv.es\/blog\/indeciso-entre-universidad-y-fp-superior-en-madrid-descubre-por-que-fp-superior-francisco-de-vitoria-puede-ser-tu-mejor-eleccion-blog\/\" \/>\n<meta property=\"og:site_name\" content=\"Cetys\" \/>\n<meta property=\"article:published_time\" content=\"2025-12-09T07:08:46+00:00\" \/>\n<meta property=\"article:modified_time\" content=\"2025-12-15T13:14:36+00:00\" \/>\n<meta property=\"og:image\" content=\"https:\/\/fpsuperiorufv.es\/blog\/wp-content\/uploads\/2025\/07\/handshake-close-up-of-executives-scaled-1.jpg\" \/>\n\t<meta property=\"og:image:width\" content=\"2560\" \/>\n\t<meta property=\"og:image:height\" content=\"1707\" \/>\n\t<meta property=\"og:image:type\" content=\"image\/jpeg\" \/>\n<meta name=\"author\" content=\"FP Superior UFV\" \/>\n<meta name=\"twitter:card\" content=\"summary_large_image\" \/>\n<meta name=\"twitter:label1\" content=\"Escrito por\" \/>\n\t<meta name=\"twitter:data1\" content=\"FP Superior UFV\" \/>\n\t<meta name=\"twitter:label2\" content=\"Tiempo de lectura\" \/>\n\t<meta name=\"twitter:data2\" content=\"5 minutos\" \/>\n<script type=\"application\/ld+json\" class=\"yoast-schema-graph\">{\"@context\":\"https:\\\/\\\/schema.org\",\"@graph\":[{\"@type\":\"Article\",\"@id\":\"https:\\\/\\\/fpsuperiorufv.es\\\/blog\\\/indeciso-entre-universidad-y-fp-superior-en-madrid-descubre-por-que-fp-superior-francisco-de-vitoria-puede-ser-tu-mejor-eleccion-blog\\\/#article\",\"isPartOf\":{\"@id\":\"https:\\\/\\\/fpsuperiorufv.es\\\/blog\\\/indeciso-entre-universidad-y-fp-superior-en-madrid-descubre-por-que-fp-superior-francisco-de-vitoria-puede-ser-tu-mejor-eleccion-blog\\\/\"},\"author\":{\"name\":\"FP Superior UFV\",\"@id\":\"https:\\\/\\\/fpsuperiorufv.es\\\/blog\\\/#\\\/schema\\\/person\\\/c7ac6e2e7af298050da8d956ac824347\"},\"headline\":\"\u00bfIndeciso entre universidad y FP superior en Madrid? Descubre por qu\u00e9 FP Superior Francisco de Vitoria puede ser tu mejor elecci\u00f3n.\",\"datePublished\":\"2025-12-09T07:08:46+00:00\",\"dateModified\":\"2025-12-15T13:14:36+00:00\",\"mainEntityOfPage\":{\"@id\":\"https:\\\/\\\/fpsuperiorufv.es\\\/blog\\\/indeciso-entre-universidad-y-fp-superior-en-madrid-descubre-por-que-fp-superior-francisco-de-vitoria-puede-ser-tu-mejor-eleccion-blog\\\/\"},\"wordCount\":1012,\"publisher\":{\"@id\":\"https:\\\/\\\/fpsuperiorufv.es\\\/blog\\\/#organization\"},\"image\":{\"@id\":\"https:\\\/\\\/fpsuperiorufv.es\\\/blog\\\/indeciso-entre-universidad-y-fp-superior-en-madrid-descubre-por-que-fp-superior-francisco-de-vitoria-puede-ser-tu-mejor-eleccion-blog\\\/#primaryimage\"},\"thumbnailUrl\":\"https:\\\/\\\/fpsuperiorufv.es\\\/blog\\\/wp-content\\\/uploads\\\/2025\\\/07\\\/handshake-close-up-of-executives-scaled-1.jpg\",\"articleSection\":[\"Blog\",\"Preguntas frecuentes\"],\"inLanguage\":\"es\"},{\"@type\":\"WebPage\",\"@id\":\"https:\\\/\\\/fpsuperiorufv.es\\\/blog\\\/indeciso-entre-universidad-y-fp-superior-en-madrid-descubre-por-que-fp-superior-francisco-de-vitoria-puede-ser-tu-mejor-eleccion-blog\\\/\",\"url\":\"https:\\\/\\\/fpsuperiorufv.es\\\/blog\\\/indeciso-entre-universidad-y-fp-superior-en-madrid-descubre-por-que-fp-superior-francisco-de-vitoria-puede-ser-tu-mejor-eleccion-blog\\\/\",\"name\":\"\u00bfIndeciso entre universidad y FP superior en Madrid? Descubre por qu\u00e9 FP Superior Francisco de Vitoria puede ser tu mejor elecci\u00f3n. - Cetys\",\"isPartOf\":{\"@id\":\"https:\\\/\\\/fpsuperiorufv.es\\\/blog\\\/#website\"},\"primaryImageOfPage\":{\"@id\":\"https:\\\/\\\/fpsuperiorufv.es\\\/blog\\\/indeciso-entre-universidad-y-fp-superior-en-madrid-descubre-por-que-fp-superior-francisco-de-vitoria-puede-ser-tu-mejor-eleccion-blog\\\/#primaryimage\"},\"image\":{\"@id\":\"https:\\\/\\\/fpsuperiorufv.es\\\/blog\\\/indeciso-entre-universidad-y-fp-superior-en-madrid-descubre-por-que-fp-superior-francisco-de-vitoria-puede-ser-tu-mejor-eleccion-blog\\\/#primaryimage\"},\"thumbnailUrl\":\"https:\\\/\\\/fpsuperiorufv.es\\\/blog\\\/wp-content\\\/uploads\\\/2025\\\/07\\\/handshake-close-up-of-executives-scaled-1.jpg\",\"datePublished\":\"2025-12-09T07:08:46+00:00\",\"dateModified\":\"2025-12-15T13:14:36+00:00\",\"breadcrumb\":{\"@id\":\"https:\\\/\\\/fpsuperiorufv.es\\\/blog\\\/indeciso-entre-universidad-y-fp-superior-en-madrid-descubre-por-que-fp-superior-francisco-de-vitoria-puede-ser-tu-mejor-eleccion-blog\\\/#breadcrumb\"},\"inLanguage\":\"es\",\"potentialAction\":[{\"@type\":\"ReadAction\",\"target\":[\"https:\\\/\\\/fpsuperiorufv.es\\\/blog\\\/indeciso-entre-universidad-y-fp-superior-en-madrid-descubre-por-que-fp-superior-francisco-de-vitoria-puede-ser-tu-mejor-eleccion-blog\\\/\"]}]},{\"@type\":\"ImageObject\",\"inLanguage\":\"es\",\"@id\":\"https:\\\/\\\/fpsuperiorufv.es\\\/blog\\\/indeciso-entre-universidad-y-fp-superior-en-madrid-descubre-por-que-fp-superior-francisco-de-vitoria-puede-ser-tu-mejor-eleccion-blog\\\/#primaryimage\",\"url\":\"https:\\\/\\\/fpsuperiorufv.es\\\/blog\\\/wp-content\\\/uploads\\\/2025\\\/07\\\/handshake-close-up-of-executives-scaled-1.jpg\",\"contentUrl\":\"https:\\\/\\\/fpsuperiorufv.es\\\/blog\\\/wp-content\\\/uploads\\\/2025\\\/07\\\/handshake-close-up-of-executives-scaled-1.jpg\",\"width\":2560,\"height\":1707},{\"@type\":\"BreadcrumbList\",\"@id\":\"https:\\\/\\\/fpsuperiorufv.es\\\/blog\\\/indeciso-entre-universidad-y-fp-superior-en-madrid-descubre-por-que-fp-superior-francisco-de-vitoria-puede-ser-tu-mejor-eleccion-blog\\\/#breadcrumb\",\"itemListElement\":[{\"@type\":\"ListItem\",\"position\":1,\"name\":\"Home\",\"item\":\"https:\\\/\\\/fpsuperiorufv.es\\\/blog\\\/\"},{\"@type\":\"ListItem\",\"position\":2,\"name\":\"\u00bfIndeciso entre universidad y FP superior en Madrid? Descubre por qu\u00e9 FP Superior Francisco de Vitoria puede ser tu mejor elecci\u00f3n.\"}]},{\"@type\":\"WebSite\",\"@id\":\"https:\\\/\\\/fpsuperiorufv.es\\\/blog\\\/#website\",\"url\":\"https:\\\/\\\/fpsuperiorufv.es\\\/blog\\\/\",\"name\":\"Fp Superior Francisco de Vitoria\",\"description\":\"\",\"publisher\":{\"@id\":\"https:\\\/\\\/fpsuperiorufv.es\\\/blog\\\/#organization\"},\"alternateName\":\"Cetys\",\"potentialAction\":[{\"@type\":\"SearchAction\",\"target\":{\"@type\":\"EntryPoint\",\"urlTemplate\":\"https:\\\/\\\/fpsuperiorufv.es\\\/blog\\\/?s={search_term_string}\"},\"query-input\":{\"@type\":\"PropertyValueSpecification\",\"valueRequired\":true,\"valueName\":\"search_term_string\"}}],\"inLanguage\":\"es\"},{\"@type\":\"Organization\",\"@id\":\"https:\\\/\\\/fpsuperiorufv.es\\\/blog\\\/#organization\",\"name\":\"Cetys\",\"url\":\"https:\\\/\\\/fpsuperiorufv.es\\\/blog\\\/\",\"logo\":{\"@type\":\"ImageObject\",\"inLanguage\":\"es\",\"@id\":\"https:\\\/\\\/fpsuperiorufv.es\\\/blog\\\/#\\\/schema\\\/logo\\\/image\\\/\",\"url\":\"https:\\\/\\\/fpsuperiorufv.lo\\\/wp-content\\\/uploads\\\/2025\\\/02\\\/logo.svg\",\"contentUrl\":\"https:\\\/\\\/fpsuperiorufv.lo\\\/wp-content\\\/uploads\\\/2025\\\/02\\\/logo.svg\",\"width\":\"1024\",\"height\":\"1024\",\"caption\":\"Cetys\"},\"image\":{\"@id\":\"https:\\\/\\\/fpsuperiorufv.es\\\/blog\\\/#\\\/schema\\\/logo\\\/image\\\/\"}},{\"@type\":\"Person\",\"@id\":\"https:\\\/\\\/fpsuperiorufv.es\\\/blog\\\/#\\\/schema\\\/person\\\/c7ac6e2e7af298050da8d956ac824347\",\"name\":\"FP Superior UFV\",\"image\":{\"@type\":\"ImageObject\",\"inLanguage\":\"es\",\"@id\":\"https:\\\/\\\/secure.gravatar.com\\\/avatar\\\/002af9a4377d87096f281de7725cae2f359bff0b0b7439b98b80936e58af2d91?s=96&d=mm&r=g\",\"url\":\"https:\\\/\\\/secure.gravatar.com\\\/avatar\\\/002af9a4377d87096f281de7725cae2f359bff0b0b7439b98b80936e58af2d91?s=96&d=mm&r=g\",\"contentUrl\":\"https:\\\/\\\/secure.gravatar.com\\\/avatar\\\/002af9a4377d87096f281de7725cae2f359bff0b0b7439b98b80936e58af2d91?s=96&d=mm&r=g\",\"caption\":\"FP Superior UFV\"},\"sameAs\":[\"https:\\\/\\\/fpsuperiorufv.lo\"],\"url\":\"https:\\\/\\\/fpsuperiorufv.es\\\/blog\\\/author\\\/administrador\\\/\"}]}<\/script>\n<!-- \/ Yoast SEO plugin. -->","yoast_head_json":{"title":"\u00bfIndeciso entre universidad y FP superior en Madrid? Descubre por qu\u00e9 FP Superior Francisco de Vitoria puede ser tu mejor elecci\u00f3n. - Cetys","robots":{"index":"index","follow":"follow","max-snippet":"max-snippet:-1","max-image-preview":"max-image-preview:large","max-video-preview":"max-video-preview:-1"},"canonical":"https:\/\/fpsuperiorufv.es\/blog\/indeciso-entre-universidad-y-fp-superior-en-madrid-descubre-por-que-fp-superior-francisco-de-vitoria-puede-ser-tu-mejor-eleccion-blog\/","og_locale":"es_ES","og_type":"article","og_title":"\u00bfIndeciso entre universidad y FP superior en Madrid? Descubre por qu\u00e9 FP Superior Francisco de Vitoria puede ser tu mejor elecci\u00f3n. - Cetys","og_description":"\u00bfTe sientes atrapado entre la opci\u00f3n de estudiar en la universidad o elegir un Ciclo Formativo de Grado Superior? No est\u00e1s solo. Esta decisi\u00f3n puede ser abrumadora. Pero en FP Superior &hellip;","og_url":"https:\/\/fpsuperiorufv.es\/blog\/indeciso-entre-universidad-y-fp-superior-en-madrid-descubre-por-que-fp-superior-francisco-de-vitoria-puede-ser-tu-mejor-eleccion-blog\/","og_site_name":"Cetys","article_published_time":"2025-12-09T07:08:46+00:00","article_modified_time":"2025-12-15T13:14:36+00:00","og_image":[{"width":2560,"height":1707,"url":"https:\/\/fpsuperiorufv.es\/blog\/wp-content\/uploads\/2025\/07\/handshake-close-up-of-executives-scaled-1.jpg","type":"image\/jpeg"}],"author":"FP Superior UFV","twitter_card":"summary_large_image","twitter_misc":{"Escrito por":"FP Superior UFV","Tiempo de lectura":"5 minutos"},"schema":{"@context":"https:\/\/schema.org","@graph":[{"@type":"Article","@id":"https:\/\/fpsuperiorufv.es\/blog\/indeciso-entre-universidad-y-fp-superior-en-madrid-descubre-por-que-fp-superior-francisco-de-vitoria-puede-ser-tu-mejor-eleccion-blog\/#article","isPartOf":{"@id":"https:\/\/fpsuperiorufv.es\/blog\/indeciso-entre-universidad-y-fp-superior-en-madrid-descubre-por-que-fp-superior-francisco-de-vitoria-puede-ser-tu-mejor-eleccion-blog\/"},"author":{"name":"FP Superior UFV","@id":"https:\/\/fpsuperiorufv.es\/blog\/#\/schema\/person\/c7ac6e2e7af298050da8d956ac824347"},"headline":"\u00bfIndeciso entre universidad y FP superior en Madrid? Descubre por qu\u00e9 FP Superior Francisco de Vitoria puede ser tu mejor elecci\u00f3n.","datePublished":"2025-12-09T07:08:46+00:00","dateModified":"2025-12-15T13:14:36+00:00","mainEntityOfPage":{"@id":"https:\/\/fpsuperiorufv.es\/blog\/indeciso-entre-universidad-y-fp-superior-en-madrid-descubre-por-que-fp-superior-francisco-de-vitoria-puede-ser-tu-mejor-eleccion-blog\/"},"wordCount":1012,"publisher":{"@id":"https:\/\/fpsuperiorufv.es\/blog\/#organization"},"image":{"@id":"https:\/\/fpsuperiorufv.es\/blog\/indeciso-entre-universidad-y-fp-superior-en-madrid-descubre-por-que-fp-superior-francisco-de-vitoria-puede-ser-tu-mejor-eleccion-blog\/#primaryimage"},"thumbnailUrl":"https:\/\/fpsuperiorufv.es\/blog\/wp-content\/uploads\/2025\/07\/handshake-close-up-of-executives-scaled-1.jpg","articleSection":["Blog","Preguntas frecuentes"],"inLanguage":"es"},{"@type":"WebPage","@id":"https:\/\/fpsuperiorufv.es\/blog\/indeciso-entre-universidad-y-fp-superior-en-madrid-descubre-por-que-fp-superior-francisco-de-vitoria-puede-ser-tu-mejor-eleccion-blog\/","url":"https:\/\/fpsuperiorufv.es\/blog\/indeciso-entre-universidad-y-fp-superior-en-madrid-descubre-por-que-fp-superior-francisco-de-vitoria-puede-ser-tu-mejor-eleccion-blog\/","name":"\u00bfIndeciso entre universidad y FP superior en Madrid? Descubre por qu\u00e9 FP Superior Francisco de Vitoria puede ser tu mejor elecci\u00f3n. - Cetys","isPartOf":{"@id":"https:\/\/fpsuperiorufv.es\/blog\/#website"},"primaryImageOfPage":{"@id":"https:\/\/fpsuperiorufv.es\/blog\/indeciso-entre-universidad-y-fp-superior-en-madrid-descubre-por-que-fp-superior-francisco-de-vitoria-puede-ser-tu-mejor-eleccion-blog\/#primaryimage"},"image":{"@id":"https:\/\/fpsuperiorufv.es\/blog\/indeciso-entre-universidad-y-fp-superior-en-madrid-descubre-por-que-fp-superior-francisco-de-vitoria-puede-ser-tu-mejor-eleccion-blog\/#primaryimage"},"thumbnailUrl":"https:\/\/fpsuperiorufv.es\/blog\/wp-content\/uploads\/2025\/07\/handshake-close-up-of-executives-scaled-1.jpg","datePublished":"2025-12-09T07:08:46+00:00","dateModified":"2025-12-15T13:14:36+00:00","breadcrumb":{"@id":"https:\/\/fpsuperiorufv.es\/blog\/indeciso-entre-universidad-y-fp-superior-en-madrid-descubre-por-que-fp-superior-francisco-de-vitoria-puede-ser-tu-mejor-eleccion-blog\/#breadcrumb"},"inLanguage":"es","potentialAction":[{"@type":"ReadAction","target":["https:\/\/fpsuperiorufv.es\/blog\/indeciso-entre-universidad-y-fp-superior-en-madrid-descubre-por-que-fp-superior-francisco-de-vitoria-puede-ser-tu-mejor-eleccion-blog\/"]}]},{"@type":"ImageObject","inLanguage":"es","@id":"https:\/\/fpsuperiorufv.es\/blog\/indeciso-entre-universidad-y-fp-superior-en-madrid-descubre-por-que-fp-superior-francisco-de-vitoria-puede-ser-tu-mejor-eleccion-blog\/#primaryimage","url":"https:\/\/fpsuperiorufv.es\/blog\/wp-content\/uploads\/2025\/07\/handshake-close-up-of-executives-scaled-1.jpg","contentUrl":"https:\/\/fpsuperiorufv.es\/blog\/wp-content\/uploads\/2025\/07\/handshake-close-up-of-executives-scaled-1.jpg","width":2560,"height":1707},{"@type":"BreadcrumbList","@id":"https:\/\/fpsuperiorufv.es\/blog\/indeciso-entre-universidad-y-fp-superior-en-madrid-descubre-por-que-fp-superior-francisco-de-vitoria-puede-ser-tu-mejor-eleccion-blog\/#breadcrumb","itemListElement":[{"@type":"ListItem","position":1,"name":"Home","item":"https:\/\/fpsuperiorufv.es\/blog\/"},{"@type":"ListItem","position":2,"name":"\u00bfIndeciso entre universidad y FP superior en Madrid? Descubre por qu\u00e9 FP Superior Francisco de Vitoria puede ser tu mejor elecci\u00f3n."}]},{"@type":"WebSite","@id":"https:\/\/fpsuperiorufv.es\/blog\/#website","url":"https:\/\/fpsuperiorufv.es\/blog\/","name":"Fp Superior Francisco de Vitoria","description":"","publisher":{"@id":"https:\/\/fpsuperiorufv.es\/blog\/#organization"},"alternateName":"Cetys","potentialAction":[{"@type":"SearchAction","target":{"@type":"EntryPoint","urlTemplate":"https:\/\/fpsuperiorufv.es\/blog\/?s={search_term_string}"},"query-input":{"@type":"PropertyValueSpecification","valueRequired":true,"valueName":"search_term_string"}}],"inLanguage":"es"},{"@type":"Organization","@id":"https:\/\/fpsuperiorufv.es\/blog\/#organization","name":"Cetys","url":"https:\/\/fpsuperiorufv.es\/blog\/","logo":{"@type":"ImageObject","inLanguage":"es","@id":"https:\/\/fpsuperiorufv.es\/blog\/#\/schema\/logo\/image\/","url":"https:\/\/fpsuperiorufv.lo\/wp-content\/uploads\/2025\/02\/logo.svg","contentUrl":"https:\/\/fpsuperiorufv.lo\/wp-content\/uploads\/2025\/02\/logo.svg","width":"1024","height":"1024","caption":"Cetys"},"image":{"@id":"https:\/\/fpsuperiorufv.es\/blog\/#\/schema\/logo\/image\/"}},{"@type":"Person","@id":"https:\/\/fpsuperiorufv.es\/blog\/#\/schema\/person\/c7ac6e2e7af298050da8d956ac824347","name":"FP Superior UFV","image":{"@type":"ImageObject","inLanguage":"es","@id":"https:\/\/secure.gravatar.com\/avatar\/002af9a4377d87096f281de7725cae2f359bff0b0b7439b98b80936e58af2d91?s=96&d=mm&r=g","url":"https:\/\/secure.gravatar.com\/avatar\/002af9a4377d87096f281de7725cae2f359bff0b0b7439b98b80936e58af2d91?s=96&d=mm&r=g","contentUrl":"https:\/\/secure.gravatar.com\/avatar\/002af9a4377d87096f281de7725cae2f359bff0b0b7439b98b80936e58af2d91?s=96&d=mm&r=g","caption":"FP Superior UFV"},"sameAs":["https:\/\/fpsuperiorufv.lo"],"url":"https:\/\/fpsuperiorufv.es\/blog\/author\/administrador\/"}]}},"_links":{"self":[{"href":"https:\/\/fpsuperiorufv.es\/blog\/wp-json\/wp\/v2\/posts\/1423","targetHints":{"allow":["GET"]}}],"collection":[{"href":"https:\/\/fpsuperiorufv.es\/blog\/wp-json\/wp\/v2\/posts"}],"about":[{"href":"https:\/\/fpsuperiorufv.es\/blog\/wp-json\/wp\/v2\/types\/post"}],"author":[{"embeddable":true,"href":"https:\/\/fpsuperiorufv.es\/blog\/wp-json\/wp\/v2\/users\/1"}],"replies":[{"embeddable":true,"href":"https:\/\/fpsuperiorufv.es\/blog\/wp-json\/wp\/v2\/comments?post=1423"}],"version-history":[{"count":1,"href":"https:\/\/fpsuperiorufv.es\/blog\/wp-json\/wp\/v2\/posts\/1423\/revisions"}],"predecessor-version":[{"id":2176,"href":"https:\/\/fpsuperiorufv.es\/blog\/wp-json\/wp\/v2\/posts\/1423\/revisions\/2176"}],"wp:featuredmedia":[{"embeddable":true,"href":"https:\/\/fpsuperiorufv.es\/blog\/wp-json\/wp\/v2\/media\/1130"}],"wp:attachment":[{"href":"https:\/\/fpsuperiorufv.es\/blog\/wp-json\/wp\/v2\/media?parent=1423"}],"wp:term":[{"taxonomy":"category","embeddable":true,"href":"https:\/\/fpsuperiorufv.es\/blog\/wp-json\/wp\/v2\/categories?post=1423"},{"taxonomy":"post_tag","embeddable":true,"href":"https:\/\/fpsuperiorufv.es\/blog\/wp-json\/wp\/v2\/tags?post=1423"}],"curies":[{"name":"wp","href":"https:\/\/api.w.org\/{rel}","templated":true}]}}