{"id":1434,"date":"2025-12-14T16:33:43","date_gmt":"2025-12-14T15:33:43","guid":{"rendered":"https:\/\/fpsuperiorufv.es\/blog\/2024\/11\/30\/fp-superior-en-madrid-el-retorno-de-inversion-de-estudiar-en-fp-superior-francisco-de-vitoria\/"},"modified":"2025-12-15T14:40:49","modified_gmt":"2025-12-15T13:40:49","slug":"fp-superior-en-madrid-el-retorno-de-inversion-de-estudiar-en-fp-superior-francisco-de-vitoria-blog","status":"publish","type":"post","link":"https:\/\/fpsuperiorufv.es\/blog\/fp-superior-en-madrid-el-retorno-de-inversion-de-estudiar-en-fp-superior-francisco-de-vitoria-blog\/","title":{"rendered":"FP Superior en Madrid: El retorno de inversi\u00f3n de estudiar en FP Superior Francisco de Vitoria."},"content":{"rendered":"<p><\/p>\n\n<p><span style=\"font-weight: 400;\">\u00bfEst\u00e1s pensando en dar un impulso a tu carrera profesional? Estudiar un Ciclo Formativo de Grado Superior en FP Superior Francisco de Vitoria en Madrid puede ser la clave para abrirte las puertas a un futuro lleno de oportunidades. En este art\u00edculo, vamos a explorar c\u00f3mo tu inversi\u00f3n en formaci\u00f3n puede traducirse en beneficios tangibles a lo largo de tu vida profesional.<\/span><\/p>\n<h2>Curiosidades y datos interesantes sobre la FP Superior en Madrid<\/h2>\n<ul>\n<li>M\u00e1s del 90% de los estudiantes que finalizan un FP Superior encuentran trabajo en menos de seis meses.<\/li>\n<li>El 80% de las empresas que buscan talento prefieren candidatos con formaci\u00f3n t\u00e9cnica especializada.<\/li>\n<li>Los titulados en FP Superior suelen tener un 20% m\u00e1s de posibilidades de acceder a un puesto de trabajo que aquellos con solo la educaci\u00f3n secundaria.<\/li>\n<li>La FP Superior en sectores como la tecnolog\u00eda o la salud est\u00e1 en constante crecimiento, lo que genera una alta demanda de profesionales.<\/li>\n<li>El retorno de inversi\u00f3n de un FP Superior puede ser superior al 150% en comparaci\u00f3n con el coste de la formaci\u00f3n en solo unos a\u00f1os.<\/li>\n<\/ul>\n<h2>\u00bfPor qu\u00e9 elegir FP Superior Francisco de Vitoria?<\/h2>\n<p><span style=\"font-weight: 400;\">Cuando decides estudiar en FP Superior Francisco de Vitoria, no solo eliges una instituci\u00f3n con una s\u00f3lida reputaci\u00f3n, sino que tambi\u00e9n te adentras en un entorno educativo innovador y din\u00e1mico. Ofrecemos una amplia variedad de ciclos formativos que se adaptan a las necesidades del mercado laboral.<\/span><\/p>\n<p><span style=\"font-weight: 400;\">En nuestra instituci\u00f3n, creemos en la formaci\u00f3n pr\u00e1ctica. Esto significa que tendr\u00e1s acceso a instalaciones modernas y aprender\u00e1s de profesionales en activo. Adem\u00e1s, fomentamos la colaboraci\u00f3n con empresas que buscan talento, lo que te permitir\u00e1 realizar pr\u00e1cticas que te acerquen a tu futura profesi\u00f3n.<\/span><\/p>\n<h2>El retorno de inversi\u00f3n de estudiar un ciclo formativo<\/h2>\n<p><span style=\"font-weight: 400;\">La formaci\u00f3n profesional no es solo un gasto, sino una inversi\u00f3n que puede ofrecerte un alto retorno. Aqu\u00ed te mostramos algunas de las razones por las que estudiar un Ciclo Formativo de Grado Superior puede ser una decisi\u00f3n inteligente:<\/span><\/p>\n<ul>\n<li><strong>Alta empleabilidad:<\/strong> Los titulados en FP Superior tienen una tasa de empleo significativamente m\u00e1s alta.<\/li>\n<li><strong>Salarios competitivos:<\/strong> Los graduados en FP suelen comenzar con sueldos por encima de la media nacional.<\/li>\n<li><strong>Posibilidad de avanzar en la carrera:<\/strong> Muchos titulados contin\u00faan su formaci\u00f3n con estudios universitarios, aumentando a\u00fan m\u00e1s su potencial de ingresos.<\/li>\n<\/ul>\n<h2>Ejemplos de retorno de inversi\u00f3n<\/h2>\n<p><span style=\"font-weight: 400;\">Veamos algunos ejemplos concretos que ilustran el retorno de inversi\u00f3n al estudiar en FP Superior Francisco de Vitoria:<\/span><\/p>\n<ul>\n<li>Un estudiante que invierte 6.000 euros en su formaci\u00f3n puede recuperar esa inversi\u00f3n en menos de dos a\u00f1os de trabajo.<\/li>\n<li>Un titulado en un ciclo de FP Superior en inform\u00e1tica puede acceder a un salario inicial de 30.000 euros anuales, superior al salario medio en Espa\u00f1a.<\/li>\n<li>Los graduados en ciclos relacionados con la salud, como Imagen para el Diagn\u00f3stico y Medicina Nuclear, pueden ver un aumento salarial significativo en sus primeros a\u00f1os de trabajo.<\/li>\n<\/ul>\n<h2>La importancia de la formaci\u00f3n pr\u00e1ctica<\/h2>\n<p><span style=\"font-weight: 400;\">En FP Superior Francisco de Vitoria, entendemos que la teor\u00eda es importante, pero la pr\u00e1ctica es esencial. Por eso, nuestros ciclos formativos incluyen:<\/span><\/p>\n<ul>\n<li>Acceso a laboratorios y talleres equipados con tecnolog\u00eda de \u00faltima generaci\u00f3n.<\/li>\n<li>Colaboraciones con empresas locales que ofrecen pr\u00e1cticas profesionales.<\/li>\n<li>Proyectos reales que permiten aplicar lo aprendido en situaciones del mundo laboral.<\/li>\n<\/ul>\n<h2>Testimonios de nuestros estudiantes<\/h2>\n<p><span style=\"font-weight: 400;\">La satisfacci\u00f3n de nuestros estudiantes es nuestra mejor carta de presentaci\u00f3n. Aqu\u00ed algunos testimonios:<\/span><\/p>\n<blockquote><p><span style=\"font-weight: 400;\">Decidirme por FP Superior Francisco de Vitoria fue una de las mejores decisiones de mi vida. La formaci\u00f3n pr\u00e1ctica me prepar\u00f3 para el mundo real y encontr\u00e9 trabajo casi de inmediato.<\/span><\/p>\n<footer>- Juan, Titulado en el \u00e1rea de Inform\u00e1tica<\/footer>\n<\/blockquote>\n<blockquote><p><span style=\"font-weight: 400;\">Las pr\u00e1cticas en empresas me dieron la confianza y la experiencia que necesitaba para destacar en mis entrevistas. Ahora trabajo en una de las mejores cl\u00ednicas de Madrid.<\/span><\/p>\n<footer>- Mar\u00eda, Titulada en el \u00e1rea de Salud<\/footer>\n<\/blockquote>\n<h2>Oportunidades de crecimiento profesional<\/h2>\n<p><span style=\"font-weight: 400;\">La formaci\u00f3n en FP Superior no solo te prepara para tu primer empleo, sino que tambi\u00e9n abre las puertas a futuras oportunidades:<\/span><\/p>\n<ul>\n<li>Acceso a programas de formaci\u00f3n continua y especializaciones.<\/li>\n<li>Posibilidad de acceder a un t\u00edtulo universitario tras completar tu ciclo formativo.<\/li>\n<li>Red de contactos con empresas y profesionales del sector.<\/li>\n<\/ul>\n<h2>Preguntas frecuentes<\/h2>\n<h3>\u00bfQu\u00e9 tipos de Ciclos Formativos de Grado Superior se ofrecen?<\/h3>\n<p><span style=\"font-weight: 400;\">Ofrecemos una amplia variedad de ciclos formativos en \u00e1reas como inform\u00e1tica, salud, empresa y m\u00e1s. Puedes consultar nuestra oferta formativa en nuestra web.<\/span><\/p>\n<h3>\u00bfQu\u00e9 duraci\u00f3n tienen los Ciclos Formativos de Grado Superior?<\/h3>\n<p><span style=\"font-weight: 400;\">Generalmente, los ciclos formativos tienen una duraci\u00f3n de dos a\u00f1os, con un enfoque en la formaci\u00f3n pr\u00e1ctica y te\u00f3rica.<\/span><\/p>\n<h3>\u00bfEs posible compaginar el estudio con un trabajo?<\/h3>\n<p><span style=\"font-weight: 400;\">S\u00ed, muchos de nuestros estudiantes trabajan mientras estudian, gracias a la flexibilidad de nuestros horarios.<\/span><\/p>\n<h3>\u00bfC\u00f3mo puedo solicitar m\u00e1s informaci\u00f3n sobre los ciclos formativos?<\/h3>\n<p><span style=\"font-weight: 400;\">Si est\u00e1s interesado en conocer m\u00e1s sobre nuestros ciclos formativos de grado superior, no dudes en <a href=\"https:\/\/fpsuperiorufv.es\/contacto\/\">solicitar m\u00e1s informaci\u00f3n aqu\u00ed<\/a>.<\/span><\/p>\n<h2>Conclusi\u00f3n<\/h2>\n<p><span style=\"font-weight: 400;\">Invertir en tu formaci\u00f3n en FP Superior Francisco de Vitoria es una decisi\u00f3n que puede transformar tu futuro. Con una alta tasa de empleo, salarios competitivos y un enfoque pr\u00e1ctico, nuestros ciclos formativos te preparan para los desaf\u00edos del mercado laboral. No dejes pasar la oportunidad de dar un paso hacia tu futuro profesional.<\/span><\/p>\n<p><span style=\"font-weight: 400;\">Para m\u00e1s informaci\u00f3n sobre nuestros ciclos formativos, visita nuestra p\u00e1gina web en <a href=\"https:\/\/fpsuperiorufv.es\/\">FP Superior Francisco de Vitoria<\/a>.<\/span><\/p>\n<p><\/p>\n<p><\/p>\n","protected":false},"excerpt":{"rendered":"<p>[vc_section][vc_row][vc_column css=\".vc_custom_1655805738975{margin-top: 0px !important;margin-right: 0px !important;margin-bottom: 0px !important;margin-left: 0px !important;}\"][vc_breadcrumbs_module][\/vc_column][\/vc_row][\/vc_section][vc_section][vc_row el_class=\"container\" css=\".vc_custom_1655802988397{padding-top: 50px !important;padding-bottom: 50px !important;}\"][vc_column][vc_single_image source=\"featured_image\" img_size=\"full\" alignment=\"center\" css=\".vc_custom_1660030768789{padding-top: 20px !important;padding-bottom: 20px !important;}\"][vc_column_text] \u00bfEst\u00e1s pensando en dar un impulso a tu carrera profesional? Estudiar un Ciclo Formativo de Grado Superior en FP Superior Francisco de Vitoria en Madrid puede ser la clave para abrirte &hellip;<\/p>\n","protected":false},"author":1,"featured_media":1174,"comment_status":"closed","ping_status":"open","sticky":false,"template":"","format":"standard","meta":{"inline_featured_image":false,"footnotes":""},"categories":[9,393],"tags":[],"class_list":["post-1434","post","type-post","status-publish","format-standard","has-post-thumbnail","hentry","category-blog","category-preguntas-frecuentes"],"yoast_head":"<!-- This site is optimized with the Yoast SEO plugin v27.4 - https:\/\/yoast.com\/product\/yoast-seo-wordpress\/ -->\n<title>FP Superior en Madrid: El retorno de inversi\u00f3n de estudiar en FP Superior Francisco de Vitoria. - Cetys<\/title>\n<meta name=\"robots\" content=\"index, follow, max-snippet:-1, max-image-preview:large, max-video-preview:-1\" \/>\n<link rel=\"canonical\" href=\"https:\/\/fpsuperiorufv.es\/blog\/fp-superior-en-madrid-el-retorno-de-inversion-de-estudiar-en-fp-superior-francisco-de-vitoria-blog\/\" \/>\n<meta property=\"og:locale\" content=\"es_ES\" \/>\n<meta property=\"og:type\" content=\"article\" \/>\n<meta property=\"og:title\" content=\"FP Superior en Madrid: El retorno de inversi\u00f3n de estudiar en FP Superior Francisco de Vitoria. - Cetys\" \/>\n<meta property=\"og:description\" content=\"\u00bfEst\u00e1s pensando en dar un impulso a tu carrera profesional? Estudiar un Ciclo Formativo de Grado Superior en FP Superior Francisco de Vitoria en Madrid puede ser la clave para abrirte &hellip;\" \/>\n<meta property=\"og:url\" content=\"https:\/\/fpsuperiorufv.es\/blog\/fp-superior-en-madrid-el-retorno-de-inversion-de-estudiar-en-fp-superior-francisco-de-vitoria-blog\/\" \/>\n<meta property=\"og:site_name\" content=\"Cetys\" \/>\n<meta property=\"article:published_time\" content=\"2025-12-14T15:33:43+00:00\" \/>\n<meta property=\"article:modified_time\" content=\"2025-12-15T13:40:49+00:00\" \/>\n<meta property=\"og:image\" content=\"https:\/\/fpsuperiorufv.es\/blog\/wp-content\/uploads\/2025\/07\/equipo-negocios-presente-inversionista-profesional-trabajando-nuevo-proyecto-inicio-reunion-finanzas-1-scaled-1.jpg\" \/>\n\t<meta property=\"og:image:width\" content=\"2560\" \/>\n\t<meta property=\"og:image:height\" content=\"1707\" \/>\n\t<meta property=\"og:image:type\" content=\"image\/jpeg\" \/>\n<meta name=\"author\" content=\"FP Superior UFV\" \/>\n<meta name=\"twitter:card\" content=\"summary_large_image\" \/>\n<meta name=\"twitter:label1\" content=\"Escrito por\" \/>\n\t<meta name=\"twitter:data1\" content=\"FP Superior UFV\" \/>\n\t<meta name=\"twitter:label2\" content=\"Tiempo de lectura\" \/>\n\t<meta name=\"twitter:data2\" content=\"5 minutos\" \/>\n<script type=\"application\/ld+json\" class=\"yoast-schema-graph\">{\"@context\":\"https:\\\/\\\/schema.org\",\"@graph\":[{\"@type\":\"Article\",\"@id\":\"https:\\\/\\\/fpsuperiorufv.es\\\/blog\\\/fp-superior-en-madrid-el-retorno-de-inversion-de-estudiar-en-fp-superior-francisco-de-vitoria-blog\\\/#article\",\"isPartOf\":{\"@id\":\"https:\\\/\\\/fpsuperiorufv.es\\\/blog\\\/fp-superior-en-madrid-el-retorno-de-inversion-de-estudiar-en-fp-superior-francisco-de-vitoria-blog\\\/\"},\"author\":{\"name\":\"FP Superior UFV\",\"@id\":\"https:\\\/\\\/fpsuperiorufv.es\\\/blog\\\/#\\\/schema\\\/person\\\/c7ac6e2e7af298050da8d956ac824347\"},\"headline\":\"FP Superior en Madrid: El retorno de inversi\u00f3n de estudiar en FP Superior Francisco de Vitoria.\",\"datePublished\":\"2025-12-14T15:33:43+00:00\",\"dateModified\":\"2025-12-15T13:40:49+00:00\",\"mainEntityOfPage\":{\"@id\":\"https:\\\/\\\/fpsuperiorufv.es\\\/blog\\\/fp-superior-en-madrid-el-retorno-de-inversion-de-estudiar-en-fp-superior-francisco-de-vitoria-blog\\\/\"},\"wordCount\":1080,\"publisher\":{\"@id\":\"https:\\\/\\\/fpsuperiorufv.es\\\/blog\\\/#organization\"},\"image\":{\"@id\":\"https:\\\/\\\/fpsuperiorufv.es\\\/blog\\\/fp-superior-en-madrid-el-retorno-de-inversion-de-estudiar-en-fp-superior-francisco-de-vitoria-blog\\\/#primaryimage\"},\"thumbnailUrl\":\"https:\\\/\\\/fpsuperiorufv.es\\\/blog\\\/wp-content\\\/uploads\\\/2025\\\/07\\\/equipo-negocios-presente-inversionista-profesional-trabajando-nuevo-proyecto-inicio-reunion-finanzas-1-scaled-1.jpg\",\"articleSection\":[\"Blog\",\"Preguntas frecuentes\"],\"inLanguage\":\"es\"},{\"@type\":\"WebPage\",\"@id\":\"https:\\\/\\\/fpsuperiorufv.es\\\/blog\\\/fp-superior-en-madrid-el-retorno-de-inversion-de-estudiar-en-fp-superior-francisco-de-vitoria-blog\\\/\",\"url\":\"https:\\\/\\\/fpsuperiorufv.es\\\/blog\\\/fp-superior-en-madrid-el-retorno-de-inversion-de-estudiar-en-fp-superior-francisco-de-vitoria-blog\\\/\",\"name\":\"FP Superior en Madrid: El retorno de inversi\u00f3n de estudiar en FP Superior Francisco de Vitoria. - Cetys\",\"isPartOf\":{\"@id\":\"https:\\\/\\\/fpsuperiorufv.es\\\/blog\\\/#website\"},\"primaryImageOfPage\":{\"@id\":\"https:\\\/\\\/fpsuperiorufv.es\\\/blog\\\/fp-superior-en-madrid-el-retorno-de-inversion-de-estudiar-en-fp-superior-francisco-de-vitoria-blog\\\/#primaryimage\"},\"image\":{\"@id\":\"https:\\\/\\\/fpsuperiorufv.es\\\/blog\\\/fp-superior-en-madrid-el-retorno-de-inversion-de-estudiar-en-fp-superior-francisco-de-vitoria-blog\\\/#primaryimage\"},\"thumbnailUrl\":\"https:\\\/\\\/fpsuperiorufv.es\\\/blog\\\/wp-content\\\/uploads\\\/2025\\\/07\\\/equipo-negocios-presente-inversionista-profesional-trabajando-nuevo-proyecto-inicio-reunion-finanzas-1-scaled-1.jpg\",\"datePublished\":\"2025-12-14T15:33:43+00:00\",\"dateModified\":\"2025-12-15T13:40:49+00:00\",\"breadcrumb\":{\"@id\":\"https:\\\/\\\/fpsuperiorufv.es\\\/blog\\\/fp-superior-en-madrid-el-retorno-de-inversion-de-estudiar-en-fp-superior-francisco-de-vitoria-blog\\\/#breadcrumb\"},\"inLanguage\":\"es\",\"potentialAction\":[{\"@type\":\"ReadAction\",\"target\":[\"https:\\\/\\\/fpsuperiorufv.es\\\/blog\\\/fp-superior-en-madrid-el-retorno-de-inversion-de-estudiar-en-fp-superior-francisco-de-vitoria-blog\\\/\"]}]},{\"@type\":\"ImageObject\",\"inLanguage\":\"es\",\"@id\":\"https:\\\/\\\/fpsuperiorufv.es\\\/blog\\\/fp-superior-en-madrid-el-retorno-de-inversion-de-estudiar-en-fp-superior-francisco-de-vitoria-blog\\\/#primaryimage\",\"url\":\"https:\\\/\\\/fpsuperiorufv.es\\\/blog\\\/wp-content\\\/uploads\\\/2025\\\/07\\\/equipo-negocios-presente-inversionista-profesional-trabajando-nuevo-proyecto-inicio-reunion-finanzas-1-scaled-1.jpg\",\"contentUrl\":\"https:\\\/\\\/fpsuperiorufv.es\\\/blog\\\/wp-content\\\/uploads\\\/2025\\\/07\\\/equipo-negocios-presente-inversionista-profesional-trabajando-nuevo-proyecto-inicio-reunion-finanzas-1-scaled-1.jpg\",\"width\":2560,\"height\":1707},{\"@type\":\"BreadcrumbList\",\"@id\":\"https:\\\/\\\/fpsuperiorufv.es\\\/blog\\\/fp-superior-en-madrid-el-retorno-de-inversion-de-estudiar-en-fp-superior-francisco-de-vitoria-blog\\\/#breadcrumb\",\"itemListElement\":[{\"@type\":\"ListItem\",\"position\":1,\"name\":\"Home\",\"item\":\"https:\\\/\\\/fpsuperiorufv.es\\\/blog\\\/\"},{\"@type\":\"ListItem\",\"position\":2,\"name\":\"FP Superior en Madrid: El retorno de inversi\u00f3n de estudiar en FP Superior Francisco de Vitoria.\"}]},{\"@type\":\"WebSite\",\"@id\":\"https:\\\/\\\/fpsuperiorufv.es\\\/blog\\\/#website\",\"url\":\"https:\\\/\\\/fpsuperiorufv.es\\\/blog\\\/\",\"name\":\"Fp Superior Francisco de Vitoria\",\"description\":\"\",\"publisher\":{\"@id\":\"https:\\\/\\\/fpsuperiorufv.es\\\/blog\\\/#organization\"},\"alternateName\":\"Cetys\",\"potentialAction\":[{\"@type\":\"SearchAction\",\"target\":{\"@type\":\"EntryPoint\",\"urlTemplate\":\"https:\\\/\\\/fpsuperiorufv.es\\\/blog\\\/?s={search_term_string}\"},\"query-input\":{\"@type\":\"PropertyValueSpecification\",\"valueRequired\":true,\"valueName\":\"search_term_string\"}}],\"inLanguage\":\"es\"},{\"@type\":\"Organization\",\"@id\":\"https:\\\/\\\/fpsuperiorufv.es\\\/blog\\\/#organization\",\"name\":\"Cetys\",\"url\":\"https:\\\/\\\/fpsuperiorufv.es\\\/blog\\\/\",\"logo\":{\"@type\":\"ImageObject\",\"inLanguage\":\"es\",\"@id\":\"https:\\\/\\\/fpsuperiorufv.es\\\/blog\\\/#\\\/schema\\\/logo\\\/image\\\/\",\"url\":\"https:\\\/\\\/fpsuperiorufv.lo\\\/wp-content\\\/uploads\\\/2025\\\/02\\\/logo.svg\",\"contentUrl\":\"https:\\\/\\\/fpsuperiorufv.lo\\\/wp-content\\\/uploads\\\/2025\\\/02\\\/logo.svg\",\"width\":\"1024\",\"height\":\"1024\",\"caption\":\"Cetys\"},\"image\":{\"@id\":\"https:\\\/\\\/fpsuperiorufv.es\\\/blog\\\/#\\\/schema\\\/logo\\\/image\\\/\"}},{\"@type\":\"Person\",\"@id\":\"https:\\\/\\\/fpsuperiorufv.es\\\/blog\\\/#\\\/schema\\\/person\\\/c7ac6e2e7af298050da8d956ac824347\",\"name\":\"FP Superior UFV\",\"image\":{\"@type\":\"ImageObject\",\"inLanguage\":\"es\",\"@id\":\"https:\\\/\\\/secure.gravatar.com\\\/avatar\\\/002af9a4377d87096f281de7725cae2f359bff0b0b7439b98b80936e58af2d91?s=96&d=mm&r=g\",\"url\":\"https:\\\/\\\/secure.gravatar.com\\\/avatar\\\/002af9a4377d87096f281de7725cae2f359bff0b0b7439b98b80936e58af2d91?s=96&d=mm&r=g\",\"contentUrl\":\"https:\\\/\\\/secure.gravatar.com\\\/avatar\\\/002af9a4377d87096f281de7725cae2f359bff0b0b7439b98b80936e58af2d91?s=96&d=mm&r=g\",\"caption\":\"FP Superior UFV\"},\"sameAs\":[\"https:\\\/\\\/fpsuperiorufv.lo\"],\"url\":\"https:\\\/\\\/fpsuperiorufv.es\\\/blog\\\/author\\\/administrador\\\/\"}]}<\/script>\n<!-- \/ Yoast SEO plugin. -->","yoast_head_json":{"title":"FP Superior en Madrid: El retorno de inversi\u00f3n de estudiar en FP Superior Francisco de Vitoria. - Cetys","robots":{"index":"index","follow":"follow","max-snippet":"max-snippet:-1","max-image-preview":"max-image-preview:large","max-video-preview":"max-video-preview:-1"},"canonical":"https:\/\/fpsuperiorufv.es\/blog\/fp-superior-en-madrid-el-retorno-de-inversion-de-estudiar-en-fp-superior-francisco-de-vitoria-blog\/","og_locale":"es_ES","og_type":"article","og_title":"FP Superior en Madrid: El retorno de inversi\u00f3n de estudiar en FP Superior Francisco de Vitoria. - Cetys","og_description":"\u00bfEst\u00e1s pensando en dar un impulso a tu carrera profesional? Estudiar un Ciclo Formativo de Grado Superior en FP Superior Francisco de Vitoria en Madrid puede ser la clave para abrirte &hellip;","og_url":"https:\/\/fpsuperiorufv.es\/blog\/fp-superior-en-madrid-el-retorno-de-inversion-de-estudiar-en-fp-superior-francisco-de-vitoria-blog\/","og_site_name":"Cetys","article_published_time":"2025-12-14T15:33:43+00:00","article_modified_time":"2025-12-15T13:40:49+00:00","og_image":[{"width":2560,"height":1707,"url":"https:\/\/fpsuperiorufv.es\/blog\/wp-content\/uploads\/2025\/07\/equipo-negocios-presente-inversionista-profesional-trabajando-nuevo-proyecto-inicio-reunion-finanzas-1-scaled-1.jpg","type":"image\/jpeg"}],"author":"FP Superior UFV","twitter_card":"summary_large_image","twitter_misc":{"Escrito por":"FP Superior UFV","Tiempo de lectura":"5 minutos"},"schema":{"@context":"https:\/\/schema.org","@graph":[{"@type":"Article","@id":"https:\/\/fpsuperiorufv.es\/blog\/fp-superior-en-madrid-el-retorno-de-inversion-de-estudiar-en-fp-superior-francisco-de-vitoria-blog\/#article","isPartOf":{"@id":"https:\/\/fpsuperiorufv.es\/blog\/fp-superior-en-madrid-el-retorno-de-inversion-de-estudiar-en-fp-superior-francisco-de-vitoria-blog\/"},"author":{"name":"FP Superior UFV","@id":"https:\/\/fpsuperiorufv.es\/blog\/#\/schema\/person\/c7ac6e2e7af298050da8d956ac824347"},"headline":"FP Superior en Madrid: El retorno de inversi\u00f3n de estudiar en FP Superior Francisco de Vitoria.","datePublished":"2025-12-14T15:33:43+00:00","dateModified":"2025-12-15T13:40:49+00:00","mainEntityOfPage":{"@id":"https:\/\/fpsuperiorufv.es\/blog\/fp-superior-en-madrid-el-retorno-de-inversion-de-estudiar-en-fp-superior-francisco-de-vitoria-blog\/"},"wordCount":1080,"publisher":{"@id":"https:\/\/fpsuperiorufv.es\/blog\/#organization"},"image":{"@id":"https:\/\/fpsuperiorufv.es\/blog\/fp-superior-en-madrid-el-retorno-de-inversion-de-estudiar-en-fp-superior-francisco-de-vitoria-blog\/#primaryimage"},"thumbnailUrl":"https:\/\/fpsuperiorufv.es\/blog\/wp-content\/uploads\/2025\/07\/equipo-negocios-presente-inversionista-profesional-trabajando-nuevo-proyecto-inicio-reunion-finanzas-1-scaled-1.jpg","articleSection":["Blog","Preguntas frecuentes"],"inLanguage":"es"},{"@type":"WebPage","@id":"https:\/\/fpsuperiorufv.es\/blog\/fp-superior-en-madrid-el-retorno-de-inversion-de-estudiar-en-fp-superior-francisco-de-vitoria-blog\/","url":"https:\/\/fpsuperiorufv.es\/blog\/fp-superior-en-madrid-el-retorno-de-inversion-de-estudiar-en-fp-superior-francisco-de-vitoria-blog\/","name":"FP Superior en Madrid: El retorno de inversi\u00f3n de estudiar en FP Superior Francisco de Vitoria. - Cetys","isPartOf":{"@id":"https:\/\/fpsuperiorufv.es\/blog\/#website"},"primaryImageOfPage":{"@id":"https:\/\/fpsuperiorufv.es\/blog\/fp-superior-en-madrid-el-retorno-de-inversion-de-estudiar-en-fp-superior-francisco-de-vitoria-blog\/#primaryimage"},"image":{"@id":"https:\/\/fpsuperiorufv.es\/blog\/fp-superior-en-madrid-el-retorno-de-inversion-de-estudiar-en-fp-superior-francisco-de-vitoria-blog\/#primaryimage"},"thumbnailUrl":"https:\/\/fpsuperiorufv.es\/blog\/wp-content\/uploads\/2025\/07\/equipo-negocios-presente-inversionista-profesional-trabajando-nuevo-proyecto-inicio-reunion-finanzas-1-scaled-1.jpg","datePublished":"2025-12-14T15:33:43+00:00","dateModified":"2025-12-15T13:40:49+00:00","breadcrumb":{"@id":"https:\/\/fpsuperiorufv.es\/blog\/fp-superior-en-madrid-el-retorno-de-inversion-de-estudiar-en-fp-superior-francisco-de-vitoria-blog\/#breadcrumb"},"inLanguage":"es","potentialAction":[{"@type":"ReadAction","target":["https:\/\/fpsuperiorufv.es\/blog\/fp-superior-en-madrid-el-retorno-de-inversion-de-estudiar-en-fp-superior-francisco-de-vitoria-blog\/"]}]},{"@type":"ImageObject","inLanguage":"es","@id":"https:\/\/fpsuperiorufv.es\/blog\/fp-superior-en-madrid-el-retorno-de-inversion-de-estudiar-en-fp-superior-francisco-de-vitoria-blog\/#primaryimage","url":"https:\/\/fpsuperiorufv.es\/blog\/wp-content\/uploads\/2025\/07\/equipo-negocios-presente-inversionista-profesional-trabajando-nuevo-proyecto-inicio-reunion-finanzas-1-scaled-1.jpg","contentUrl":"https:\/\/fpsuperiorufv.es\/blog\/wp-content\/uploads\/2025\/07\/equipo-negocios-presente-inversionista-profesional-trabajando-nuevo-proyecto-inicio-reunion-finanzas-1-scaled-1.jpg","width":2560,"height":1707},{"@type":"BreadcrumbList","@id":"https:\/\/fpsuperiorufv.es\/blog\/fp-superior-en-madrid-el-retorno-de-inversion-de-estudiar-en-fp-superior-francisco-de-vitoria-blog\/#breadcrumb","itemListElement":[{"@type":"ListItem","position":1,"name":"Home","item":"https:\/\/fpsuperiorufv.es\/blog\/"},{"@type":"ListItem","position":2,"name":"FP Superior en Madrid: El retorno de inversi\u00f3n de estudiar en FP Superior Francisco de Vitoria."}]},{"@type":"WebSite","@id":"https:\/\/fpsuperiorufv.es\/blog\/#website","url":"https:\/\/fpsuperiorufv.es\/blog\/","name":"Fp Superior Francisco de Vitoria","description":"","publisher":{"@id":"https:\/\/fpsuperiorufv.es\/blog\/#organization"},"alternateName":"Cetys","potentialAction":[{"@type":"SearchAction","target":{"@type":"EntryPoint","urlTemplate":"https:\/\/fpsuperiorufv.es\/blog\/?s={search_term_string}"},"query-input":{"@type":"PropertyValueSpecification","valueRequired":true,"valueName":"search_term_string"}}],"inLanguage":"es"},{"@type":"Organization","@id":"https:\/\/fpsuperiorufv.es\/blog\/#organization","name":"Cetys","url":"https:\/\/fpsuperiorufv.es\/blog\/","logo":{"@type":"ImageObject","inLanguage":"es","@id":"https:\/\/fpsuperiorufv.es\/blog\/#\/schema\/logo\/image\/","url":"https:\/\/fpsuperiorufv.lo\/wp-content\/uploads\/2025\/02\/logo.svg","contentUrl":"https:\/\/fpsuperiorufv.lo\/wp-content\/uploads\/2025\/02\/logo.svg","width":"1024","height":"1024","caption":"Cetys"},"image":{"@id":"https:\/\/fpsuperiorufv.es\/blog\/#\/schema\/logo\/image\/"}},{"@type":"Person","@id":"https:\/\/fpsuperiorufv.es\/blog\/#\/schema\/person\/c7ac6e2e7af298050da8d956ac824347","name":"FP Superior UFV","image":{"@type":"ImageObject","inLanguage":"es","@id":"https:\/\/secure.gravatar.com\/avatar\/002af9a4377d87096f281de7725cae2f359bff0b0b7439b98b80936e58af2d91?s=96&d=mm&r=g","url":"https:\/\/secure.gravatar.com\/avatar\/002af9a4377d87096f281de7725cae2f359bff0b0b7439b98b80936e58af2d91?s=96&d=mm&r=g","contentUrl":"https:\/\/secure.gravatar.com\/avatar\/002af9a4377d87096f281de7725cae2f359bff0b0b7439b98b80936e58af2d91?s=96&d=mm&r=g","caption":"FP Superior UFV"},"sameAs":["https:\/\/fpsuperiorufv.lo"],"url":"https:\/\/fpsuperiorufv.es\/blog\/author\/administrador\/"}]}},"_links":{"self":[{"href":"https:\/\/fpsuperiorufv.es\/blog\/wp-json\/wp\/v2\/posts\/1434","targetHints":{"allow":["GET"]}}],"collection":[{"href":"https:\/\/fpsuperiorufv.es\/blog\/wp-json\/wp\/v2\/posts"}],"about":[{"href":"https:\/\/fpsuperiorufv.es\/blog\/wp-json\/wp\/v2\/types\/post"}],"author":[{"embeddable":true,"href":"https:\/\/fpsuperiorufv.es\/blog\/wp-json\/wp\/v2\/users\/1"}],"replies":[{"embeddable":true,"href":"https:\/\/fpsuperiorufv.es\/blog\/wp-json\/wp\/v2\/comments?post=1434"}],"version-history":[{"count":1,"href":"https:\/\/fpsuperiorufv.es\/blog\/wp-json\/wp\/v2\/posts\/1434\/revisions"}],"predecessor-version":[{"id":2185,"href":"https:\/\/fpsuperiorufv.es\/blog\/wp-json\/wp\/v2\/posts\/1434\/revisions\/2185"}],"wp:featuredmedia":[{"embeddable":true,"href":"https:\/\/fpsuperiorufv.es\/blog\/wp-json\/wp\/v2\/media\/1174"}],"wp:attachment":[{"href":"https:\/\/fpsuperiorufv.es\/blog\/wp-json\/wp\/v2\/media?parent=1434"}],"wp:term":[{"taxonomy":"category","embeddable":true,"href":"https:\/\/fpsuperiorufv.es\/blog\/wp-json\/wp\/v2\/categories?post=1434"},{"taxonomy":"post_tag","embeddable":true,"href":"https:\/\/fpsuperiorufv.es\/blog\/wp-json\/wp\/v2\/tags?post=1434"}],"curies":[{"name":"wp","href":"https:\/\/api.w.org\/{rel}","templated":true}]}}