{"id":1436,"date":"2025-12-02T20:06:20","date_gmt":"2025-12-02T19:06:20","guid":{"rendered":"https:\/\/fpsuperiorufv.es\/blog\/2024\/12\/01\/la-comunidad-fp-superior-francisco-de-vitoria-en-madrid-beneficios-de-pertenecer-a-nuestra-red-de-profesionales\/"},"modified":"2025-12-15T14:05:05","modified_gmt":"2025-12-15T13:05:05","slug":"la-comunidad-fp-superior-francisco-de-vitoria-en-madrid-beneficios-de-pertenecer-a-nuestra-red-de-profesionales-blog","status":"publish","type":"post","link":"https:\/\/fpsuperiorufv.es\/blog\/la-comunidad-fp-superior-francisco-de-vitoria-en-madrid-beneficios-de-pertenecer-a-nuestra-red-de-profesionales-blog\/","title":{"rendered":"La comunidad FP Superior Francisco de Vitoria en Madrid: Beneficios de pertenecer a nuestra red de profesionales."},"content":{"rendered":"<p><\/p>\n\n<section>\n<h2>Introducci\u00f3n<\/h2>\n<p><span style=\"font-weight: 400;\">Formar parte de la comunidad de FP Superior Francisco de Vitoria en Madrid es una experiencia \u00fanica y enriquecedora. Aqu\u00ed, no solo obtienes una formaci\u00f3n de calidad en tus ciclos formativos, sino que tambi\u00e9n te unes a una red de profesionales apasionados y comprometidos con su desarrollo personal y profesional. En este art\u00edculo, te presentamos los beneficios de ser parte de nuestra comunidad.<\/span><\/p>\n<\/section>\n<section>\n<h2>Curiosidades y estad\u00edsticas sobre nuestra comunidad<\/h2>\n<ul>\n<li>M\u00e1s de 1,000 estudiantes forman parte de nuestra comunidad cada a\u00f1o.<\/li>\n<li>M\u00e1s del 90% de nuestros graduados encuentran trabajo en menos de seis meses.<\/li>\n<li>Contamos con m\u00e1s de 500 empresas colaboradoras que ofrecen pr\u00e1cticas a nuestros estudiantes.<\/li>\n<li>El 85% de nuestros alumnos dice que la formaci\u00f3n recibida ha superado sus expectativas.<\/li>\n<li>Ofrecemos m\u00e1s de 17 ciclos formativos de grado superior, abarcando diversas \u00e1reas profesionales.<\/li>\n<\/ul>\n<\/section>\n<section>\n<h2>Beneficios de pertenecer a nuestra comunidad<\/h2>\n<h3>1. Formaci\u00f3n de calidad<\/h3>\n<p><span style=\"font-weight: 400;\">En FP Superior Francisco de Vitoria, nuestra prioridad es ofrecerte una formaci\u00f3n basada en la excelencia. Nuestros docentes son profesionales en activo que te ense\u00f1an con ejemplos reales del mercado laboral.<\/span><\/p>\n<h3>2. Redes de contacto<\/h3>\n<p><span style=\"font-weight: 400;\">Pertenecer a nuestra comunidad significa tener acceso a una amplia red de contactos profesionales. Esto no solo te ayudar\u00e1 durante tus estudios, sino que tambi\u00e9n te abrir\u00e1 puertas en tu futura carrera.<\/span><\/p>\n<h3>3. Oportunidades de pr\u00e1cticas<\/h3>\n<p><span style=\"font-weight: 400;\">Gracias a nuestras alianzas con empresas del sector, podr\u00e1s realizar pr\u00e1cticas que te permitir\u00e1n aplicar lo aprendido en el aula en un entorno real. Algunas de las ventajas son:<\/span><\/p>\n<ul>\n<li>Experiencia laboral mientras estudias.<\/li>\n<li>Posibilidad de contrataci\u00f3n tras las pr\u00e1cticas.<\/li>\n<li>Desarrollo de habilidades pr\u00e1cticas y soft skills.<\/li>\n<\/ul>\n<h3>4. Apoyo continuo<\/h3>\n<p><span style=\"font-weight: 400;\">En nuestra comunidad, no solo nos preocupamos por tu formaci\u00f3n acad\u00e9mica, sino tambi\u00e9n por tu bienestar personal. Ofrecemos apoyo acad\u00e9mico y de acompa\u00f1amiento para que puedas alcanzar tus metas sin problemas.<\/span><\/p>\n<h3>5. Actividades extraescolares<\/h3>\n<p><span style=\"font-weight: 400;\">Fomentamos la participaci\u00f3n en actividades fuera del aula, como talleres, conferencias y seminarios que complementan tu formaci\u00f3n. Estas actividades son una excelente oportunidad para:<\/span><\/p>\n<ul>\n<li>Ampliar tus conocimientos sobre temas espec\u00edficos.<\/li>\n<li>Conocer a otros estudiantes y profesionales.<\/li>\n<li>Desarrollar habilidades interpersonales.<\/li>\n<\/ul>\n<h3>6. Bolsa de empleo<\/h3>\n<p><span style=\"font-weight: 400;\">Como parte de nuestra comunidad, tendr\u00e1s acceso a una bolsa de empleo exclusiva, donde empresas de diversos sectores buscan candidatos como t\u00fa. Esto te facilitar\u00e1 el proceso de b\u00fasqueda de empleo al finalizar tus estudios.<\/span><\/p>\n<h3>7. Programa de mentor\u00edas<\/h3>\n<p><span style=\"font-weight: 400;\">Contamos con un programa de mentor\u00edas donde podr\u00e1s ser guiado por profesionales con experiencia en tu campo. Esto te permitir\u00e1 tener una visi\u00f3n m\u00e1s clara de tu futuro profesional y te ayudar\u00e1 a tomar decisiones informadas.<\/span><\/p>\n<\/section>\n<section>\n<h2>Ejemplos de \u00e9xito<\/h2>\n<p><span style=\"font-weight: 400;\">Muchos de nuestros graduados han alcanzado posiciones destacadas en sus respectivas industrias. Algunos ejemplos son:<\/span><\/p>\n<ul>\n<li>Mar\u00eda, quien tras finalizar su ciclo en Marketing y Publicidad, ahora es Responsable en Marketing Digital en una reconocida empresa.<\/li>\n<li>Javier, que gracias a sus pr\u00e1cticas en una empresa farmac\u00e9utica, se convirti\u00f3 en Supervisor de \u00e1rea de producci\u00f3n.<\/li>\n<li>Luc\u00eda, quien ha fundado su propia empresa de moda tras graduarse en Asesor\u00eda de Imagen Personal y Corporativa.<\/li>\n<\/ul>\n<\/section>\n<section>\n<h2>\u00bfPor qu\u00e9 elegir FP Superior Francisco de Vitoria?<\/h2>\n<p><span style=\"font-weight: 400;\">Elegirnos significa optar por una educaci\u00f3n que te prepara para el mundo real. Estamos comprometidos en ofrecerte todas las herramientas necesarias para que puedas destacar en tu carrera profesional. Nuestra comunidad es un lugar donde se fomenta el aprendizaje, la colaboraci\u00f3n y el \u00e9xito.<\/span><br \/>\n<span style=\"font-weight: 400;\">Si est\u00e1s interesado en formar parte de nuestra comunidad, no dudes en <a href=\"https:\/\/fpsuperiorufv.es\/\">visitar nuestra p\u00e1gina web<\/a> para obtener m\u00e1s informaci\u00f3n sobre nuestros ciclos formativos de grado superior.<\/span><\/p>\n<\/section>\n<section>\n<h2>Preguntas frecuentes<\/h2>\n<h3>\u00bfQu\u00e9 ciclos formativos est\u00e1n disponibles?<\/h3>\n<p><span style=\"font-weight: 400;\">Ofrecemos una amplia gama de ciclos formativos en \u00e1reas como comunicaci\u00f3n, empresa, salud y deportiva. Consulta nuestra web para ver todos los programas disponibles.<\/span><\/p>\n<h3>\u00bfC\u00f3mo puedo matricularme?<\/h3>\n<p><span style=\"font-weight: 400;\">La matr\u00edcula es un proceso sencillo. Solo necesitas seguir los pasos indicados en nuestra web y realizar el proceso de admisi\u00f3n. Si tienes dudas, puedes <a href=\"https:\/\/fpsuperiorufv.es\/contacto\/\">contactarnos<\/a> para recibir ayuda.<\/span><\/p>\n<h3>\u00bfQu\u00e9 tipo de apoyo acad\u00e9mico ofrecen?<\/h3>\n<p><span style=\"font-weight: 400;\">Brindamos tutor\u00edas personalizadas, sesiones de orientaci\u00f3n y recursos adicionales para que puedas superar cualquier dificultad que encuentres en tu camino acad\u00e9mico.<\/span><\/p>\n<h3>\u00bfHay oportunidades de becas?<\/h3>\n<p><span style=\"font-weight: 400;\">S\u00ed, ofrecemos diferentes becas y ayudas para que puedas financiar tu formaci\u00f3n. Inf\u00f3rmate sobre las opciones disponibles en nuestra p\u00e1gina web.<\/span><\/p>\n<\/section>\n<footer><span style=\"font-weight: 400;\">Unirte a la comunidad de FP Superior Francisco de Vitoria en Madrid es una decisi\u00f3n que puede cambiar tu vida. \u00a1Esperamos verte pronto y ayudarte a construir un futuro exitoso!<\/span><br \/>\n<span style=\"font-weight: 400;\">Para m\u00e1s informaci\u00f3n, no dudes en <a href=\"https:\/\/fpsuperiorufv.es\/contacto\/\">contactarnos<\/a> o visitar nuestra p\u00e1gina principal <a href=\"https:\/\/fpsuperiorufv.es\/\">FP Superior Francisco de Vitoria<\/a>.<\/span><\/footer>\n<p><\/p>\n<p><\/p>\n","protected":false},"excerpt":{"rendered":"<p>[vc_section][vc_row][vc_column css=\".vc_custom_1655805738975{margin-top: 0px !important;margin-right: 0px !important;margin-bottom: 0px !important;margin-left: 0px !important;}\"][vc_breadcrumbs_module][\/vc_column][\/vc_row][\/vc_section][vc_section][vc_row el_class=\"container\" css=\".vc_custom_1655802988397{padding-top: 50px !important;padding-bottom: 50px !important;}\"][vc_column][vc_single_image source=\"featured_image\" img_size=\"full\" alignment=\"center\" css=\".vc_custom_1660030768789{padding-top: 20px !important;padding-bottom: 20px !important;}\"][vc_column_text] Formar parte de la comunidad de FP Superior Francisco de Vitoria en Madrid es una experiencia \u00fanica y enriquecedora. Aqu\u00ed, no solo obtienes una formaci\u00f3n de calidad en tus ciclos formativos, &hellip;<\/p>\n","protected":false},"author":1,"featured_media":1226,"comment_status":"closed","ping_status":"open","sticky":false,"template":"","format":"standard","meta":{"inline_featured_image":false,"footnotes":""},"categories":[9,393],"tags":[],"class_list":["post-1436","post","type-post","status-publish","format-standard","has-post-thumbnail","hentry","category-blog","category-preguntas-frecuentes"],"yoast_head":"<!-- This site is optimized with the Yoast SEO plugin v27.4 - https:\/\/yoast.com\/product\/yoast-seo-wordpress\/ -->\n<title>La comunidad FP Superior Francisco de Vitoria en Madrid: Beneficios de pertenecer a nuestra red de profesionales. - Cetys<\/title>\n<meta name=\"robots\" content=\"index, follow, max-snippet:-1, max-image-preview:large, max-video-preview:-1\" \/>\n<link rel=\"canonical\" href=\"https:\/\/fpsuperiorufv.es\/blog\/la-comunidad-fp-superior-francisco-de-vitoria-en-madrid-beneficios-de-pertenecer-a-nuestra-red-de-profesionales-blog\/\" \/>\n<meta property=\"og:locale\" content=\"es_ES\" \/>\n<meta property=\"og:type\" content=\"article\" \/>\n<meta property=\"og:title\" content=\"La comunidad FP Superior Francisco de Vitoria en Madrid: Beneficios de pertenecer a nuestra red de profesionales. - Cetys\" \/>\n<meta property=\"og:description\" content=\"Formar parte de la comunidad de FP Superior Francisco de Vitoria en Madrid es una experiencia \u00fanica y enriquecedora. Aqu\u00ed, no solo obtienes una formaci\u00f3n de calidad en tus ciclos formativos, &hellip;\" \/>\n<meta property=\"og:url\" content=\"https:\/\/fpsuperiorufv.es\/blog\/la-comunidad-fp-superior-francisco-de-vitoria-en-madrid-beneficios-de-pertenecer-a-nuestra-red-de-profesionales-blog\/\" \/>\n<meta property=\"og:site_name\" content=\"Cetys\" \/>\n<meta property=\"article:published_time\" content=\"2025-12-02T19:06:20+00:00\" \/>\n<meta property=\"article:modified_time\" content=\"2025-12-15T13:05:05+00:00\" \/>\n<meta property=\"og:image\" content=\"https:\/\/fpsuperiorufv.es\/blog\/wp-content\/uploads\/2025\/07\/grupo-personas-teniendo-reunion.jpg\" \/>\n\t<meta property=\"og:image:width\" content=\"1500\" \/>\n\t<meta property=\"og:image:height\" content=\"1039\" \/>\n\t<meta property=\"og:image:type\" content=\"image\/jpeg\" \/>\n<meta name=\"author\" content=\"FP Superior UFV\" \/>\n<meta name=\"twitter:card\" content=\"summary_large_image\" \/>\n<meta name=\"twitter:label1\" content=\"Escrito por\" \/>\n\t<meta name=\"twitter:data1\" content=\"FP Superior UFV\" \/>\n\t<meta name=\"twitter:label2\" content=\"Tiempo de lectura\" \/>\n\t<meta name=\"twitter:data2\" content=\"4 minutos\" \/>\n<script type=\"application\/ld+json\" class=\"yoast-schema-graph\">{\"@context\":\"https:\\\/\\\/schema.org\",\"@graph\":[{\"@type\":\"Article\",\"@id\":\"https:\\\/\\\/fpsuperiorufv.es\\\/blog\\\/la-comunidad-fp-superior-francisco-de-vitoria-en-madrid-beneficios-de-pertenecer-a-nuestra-red-de-profesionales-blog\\\/#article\",\"isPartOf\":{\"@id\":\"https:\\\/\\\/fpsuperiorufv.es\\\/blog\\\/la-comunidad-fp-superior-francisco-de-vitoria-en-madrid-beneficios-de-pertenecer-a-nuestra-red-de-profesionales-blog\\\/\"},\"author\":{\"name\":\"FP Superior UFV\",\"@id\":\"https:\\\/\\\/fpsuperiorufv.es\\\/blog\\\/#\\\/schema\\\/person\\\/c7ac6e2e7af298050da8d956ac824347\"},\"headline\":\"La comunidad FP Superior Francisco de Vitoria en Madrid: Beneficios de pertenecer a nuestra red de profesionales.\",\"datePublished\":\"2025-12-02T19:06:20+00:00\",\"dateModified\":\"2025-12-15T13:05:05+00:00\",\"mainEntityOfPage\":{\"@id\":\"https:\\\/\\\/fpsuperiorufv.es\\\/blog\\\/la-comunidad-fp-superior-francisco-de-vitoria-en-madrid-beneficios-de-pertenecer-a-nuestra-red-de-profesionales-blog\\\/\"},\"wordCount\":914,\"publisher\":{\"@id\":\"https:\\\/\\\/fpsuperiorufv.es\\\/blog\\\/#organization\"},\"image\":{\"@id\":\"https:\\\/\\\/fpsuperiorufv.es\\\/blog\\\/la-comunidad-fp-superior-francisco-de-vitoria-en-madrid-beneficios-de-pertenecer-a-nuestra-red-de-profesionales-blog\\\/#primaryimage\"},\"thumbnailUrl\":\"https:\\\/\\\/fpsuperiorufv.es\\\/blog\\\/wp-content\\\/uploads\\\/2025\\\/07\\\/grupo-personas-teniendo-reunion.jpg\",\"articleSection\":[\"Blog\",\"Preguntas frecuentes\"],\"inLanguage\":\"es\"},{\"@type\":\"WebPage\",\"@id\":\"https:\\\/\\\/fpsuperiorufv.es\\\/blog\\\/la-comunidad-fp-superior-francisco-de-vitoria-en-madrid-beneficios-de-pertenecer-a-nuestra-red-de-profesionales-blog\\\/\",\"url\":\"https:\\\/\\\/fpsuperiorufv.es\\\/blog\\\/la-comunidad-fp-superior-francisco-de-vitoria-en-madrid-beneficios-de-pertenecer-a-nuestra-red-de-profesionales-blog\\\/\",\"name\":\"La comunidad FP Superior Francisco de Vitoria en Madrid: Beneficios de pertenecer a nuestra red de profesionales. - Cetys\",\"isPartOf\":{\"@id\":\"https:\\\/\\\/fpsuperiorufv.es\\\/blog\\\/#website\"},\"primaryImageOfPage\":{\"@id\":\"https:\\\/\\\/fpsuperiorufv.es\\\/blog\\\/la-comunidad-fp-superior-francisco-de-vitoria-en-madrid-beneficios-de-pertenecer-a-nuestra-red-de-profesionales-blog\\\/#primaryimage\"},\"image\":{\"@id\":\"https:\\\/\\\/fpsuperiorufv.es\\\/blog\\\/la-comunidad-fp-superior-francisco-de-vitoria-en-madrid-beneficios-de-pertenecer-a-nuestra-red-de-profesionales-blog\\\/#primaryimage\"},\"thumbnailUrl\":\"https:\\\/\\\/fpsuperiorufv.es\\\/blog\\\/wp-content\\\/uploads\\\/2025\\\/07\\\/grupo-personas-teniendo-reunion.jpg\",\"datePublished\":\"2025-12-02T19:06:20+00:00\",\"dateModified\":\"2025-12-15T13:05:05+00:00\",\"breadcrumb\":{\"@id\":\"https:\\\/\\\/fpsuperiorufv.es\\\/blog\\\/la-comunidad-fp-superior-francisco-de-vitoria-en-madrid-beneficios-de-pertenecer-a-nuestra-red-de-profesionales-blog\\\/#breadcrumb\"},\"inLanguage\":\"es\",\"potentialAction\":[{\"@type\":\"ReadAction\",\"target\":[\"https:\\\/\\\/fpsuperiorufv.es\\\/blog\\\/la-comunidad-fp-superior-francisco-de-vitoria-en-madrid-beneficios-de-pertenecer-a-nuestra-red-de-profesionales-blog\\\/\"]}]},{\"@type\":\"ImageObject\",\"inLanguage\":\"es\",\"@id\":\"https:\\\/\\\/fpsuperiorufv.es\\\/blog\\\/la-comunidad-fp-superior-francisco-de-vitoria-en-madrid-beneficios-de-pertenecer-a-nuestra-red-de-profesionales-blog\\\/#primaryimage\",\"url\":\"https:\\\/\\\/fpsuperiorufv.es\\\/blog\\\/wp-content\\\/uploads\\\/2025\\\/07\\\/grupo-personas-teniendo-reunion.jpg\",\"contentUrl\":\"https:\\\/\\\/fpsuperiorufv.es\\\/blog\\\/wp-content\\\/uploads\\\/2025\\\/07\\\/grupo-personas-teniendo-reunion.jpg\",\"width\":1500,\"height\":1039},{\"@type\":\"BreadcrumbList\",\"@id\":\"https:\\\/\\\/fpsuperiorufv.es\\\/blog\\\/la-comunidad-fp-superior-francisco-de-vitoria-en-madrid-beneficios-de-pertenecer-a-nuestra-red-de-profesionales-blog\\\/#breadcrumb\",\"itemListElement\":[{\"@type\":\"ListItem\",\"position\":1,\"name\":\"Home\",\"item\":\"https:\\\/\\\/fpsuperiorufv.es\\\/blog\\\/\"},{\"@type\":\"ListItem\",\"position\":2,\"name\":\"La comunidad FP Superior Francisco de Vitoria en Madrid: Beneficios de pertenecer a nuestra red de profesionales.\"}]},{\"@type\":\"WebSite\",\"@id\":\"https:\\\/\\\/fpsuperiorufv.es\\\/blog\\\/#website\",\"url\":\"https:\\\/\\\/fpsuperiorufv.es\\\/blog\\\/\",\"name\":\"Fp Superior Francisco de Vitoria\",\"description\":\"\",\"publisher\":{\"@id\":\"https:\\\/\\\/fpsuperiorufv.es\\\/blog\\\/#organization\"},\"alternateName\":\"Cetys\",\"potentialAction\":[{\"@type\":\"SearchAction\",\"target\":{\"@type\":\"EntryPoint\",\"urlTemplate\":\"https:\\\/\\\/fpsuperiorufv.es\\\/blog\\\/?s={search_term_string}\"},\"query-input\":{\"@type\":\"PropertyValueSpecification\",\"valueRequired\":true,\"valueName\":\"search_term_string\"}}],\"inLanguage\":\"es\"},{\"@type\":\"Organization\",\"@id\":\"https:\\\/\\\/fpsuperiorufv.es\\\/blog\\\/#organization\",\"name\":\"Cetys\",\"url\":\"https:\\\/\\\/fpsuperiorufv.es\\\/blog\\\/\",\"logo\":{\"@type\":\"ImageObject\",\"inLanguage\":\"es\",\"@id\":\"https:\\\/\\\/fpsuperiorufv.es\\\/blog\\\/#\\\/schema\\\/logo\\\/image\\\/\",\"url\":\"https:\\\/\\\/fpsuperiorufv.lo\\\/wp-content\\\/uploads\\\/2025\\\/02\\\/logo.svg\",\"contentUrl\":\"https:\\\/\\\/fpsuperiorufv.lo\\\/wp-content\\\/uploads\\\/2025\\\/02\\\/logo.svg\",\"width\":\"1024\",\"height\":\"1024\",\"caption\":\"Cetys\"},\"image\":{\"@id\":\"https:\\\/\\\/fpsuperiorufv.es\\\/blog\\\/#\\\/schema\\\/logo\\\/image\\\/\"}},{\"@type\":\"Person\",\"@id\":\"https:\\\/\\\/fpsuperiorufv.es\\\/blog\\\/#\\\/schema\\\/person\\\/c7ac6e2e7af298050da8d956ac824347\",\"name\":\"FP Superior UFV\",\"image\":{\"@type\":\"ImageObject\",\"inLanguage\":\"es\",\"@id\":\"https:\\\/\\\/secure.gravatar.com\\\/avatar\\\/002af9a4377d87096f281de7725cae2f359bff0b0b7439b98b80936e58af2d91?s=96&d=mm&r=g\",\"url\":\"https:\\\/\\\/secure.gravatar.com\\\/avatar\\\/002af9a4377d87096f281de7725cae2f359bff0b0b7439b98b80936e58af2d91?s=96&d=mm&r=g\",\"contentUrl\":\"https:\\\/\\\/secure.gravatar.com\\\/avatar\\\/002af9a4377d87096f281de7725cae2f359bff0b0b7439b98b80936e58af2d91?s=96&d=mm&r=g\",\"caption\":\"FP Superior UFV\"},\"sameAs\":[\"https:\\\/\\\/fpsuperiorufv.lo\"],\"url\":\"https:\\\/\\\/fpsuperiorufv.es\\\/blog\\\/author\\\/administrador\\\/\"}]}<\/script>\n<!-- \/ Yoast SEO plugin. -->","yoast_head_json":{"title":"La comunidad FP Superior Francisco de Vitoria en Madrid: Beneficios de pertenecer a nuestra red de profesionales. - Cetys","robots":{"index":"index","follow":"follow","max-snippet":"max-snippet:-1","max-image-preview":"max-image-preview:large","max-video-preview":"max-video-preview:-1"},"canonical":"https:\/\/fpsuperiorufv.es\/blog\/la-comunidad-fp-superior-francisco-de-vitoria-en-madrid-beneficios-de-pertenecer-a-nuestra-red-de-profesionales-blog\/","og_locale":"es_ES","og_type":"article","og_title":"La comunidad FP Superior Francisco de Vitoria en Madrid: Beneficios de pertenecer a nuestra red de profesionales. - Cetys","og_description":"Formar parte de la comunidad de FP Superior Francisco de Vitoria en Madrid es una experiencia \u00fanica y enriquecedora. Aqu\u00ed, no solo obtienes una formaci\u00f3n de calidad en tus ciclos formativos, &hellip;","og_url":"https:\/\/fpsuperiorufv.es\/blog\/la-comunidad-fp-superior-francisco-de-vitoria-en-madrid-beneficios-de-pertenecer-a-nuestra-red-de-profesionales-blog\/","og_site_name":"Cetys","article_published_time":"2025-12-02T19:06:20+00:00","article_modified_time":"2025-12-15T13:05:05+00:00","og_image":[{"width":1500,"height":1039,"url":"https:\/\/fpsuperiorufv.es\/blog\/wp-content\/uploads\/2025\/07\/grupo-personas-teniendo-reunion.jpg","type":"image\/jpeg"}],"author":"FP Superior UFV","twitter_card":"summary_large_image","twitter_misc":{"Escrito por":"FP Superior UFV","Tiempo de lectura":"4 minutos"},"schema":{"@context":"https:\/\/schema.org","@graph":[{"@type":"Article","@id":"https:\/\/fpsuperiorufv.es\/blog\/la-comunidad-fp-superior-francisco-de-vitoria-en-madrid-beneficios-de-pertenecer-a-nuestra-red-de-profesionales-blog\/#article","isPartOf":{"@id":"https:\/\/fpsuperiorufv.es\/blog\/la-comunidad-fp-superior-francisco-de-vitoria-en-madrid-beneficios-de-pertenecer-a-nuestra-red-de-profesionales-blog\/"},"author":{"name":"FP Superior UFV","@id":"https:\/\/fpsuperiorufv.es\/blog\/#\/schema\/person\/c7ac6e2e7af298050da8d956ac824347"},"headline":"La comunidad FP Superior Francisco de Vitoria en Madrid: Beneficios de pertenecer a nuestra red de profesionales.","datePublished":"2025-12-02T19:06:20+00:00","dateModified":"2025-12-15T13:05:05+00:00","mainEntityOfPage":{"@id":"https:\/\/fpsuperiorufv.es\/blog\/la-comunidad-fp-superior-francisco-de-vitoria-en-madrid-beneficios-de-pertenecer-a-nuestra-red-de-profesionales-blog\/"},"wordCount":914,"publisher":{"@id":"https:\/\/fpsuperiorufv.es\/blog\/#organization"},"image":{"@id":"https:\/\/fpsuperiorufv.es\/blog\/la-comunidad-fp-superior-francisco-de-vitoria-en-madrid-beneficios-de-pertenecer-a-nuestra-red-de-profesionales-blog\/#primaryimage"},"thumbnailUrl":"https:\/\/fpsuperiorufv.es\/blog\/wp-content\/uploads\/2025\/07\/grupo-personas-teniendo-reunion.jpg","articleSection":["Blog","Preguntas frecuentes"],"inLanguage":"es"},{"@type":"WebPage","@id":"https:\/\/fpsuperiorufv.es\/blog\/la-comunidad-fp-superior-francisco-de-vitoria-en-madrid-beneficios-de-pertenecer-a-nuestra-red-de-profesionales-blog\/","url":"https:\/\/fpsuperiorufv.es\/blog\/la-comunidad-fp-superior-francisco-de-vitoria-en-madrid-beneficios-de-pertenecer-a-nuestra-red-de-profesionales-blog\/","name":"La comunidad FP Superior Francisco de Vitoria en Madrid: Beneficios de pertenecer a nuestra red de profesionales. - Cetys","isPartOf":{"@id":"https:\/\/fpsuperiorufv.es\/blog\/#website"},"primaryImageOfPage":{"@id":"https:\/\/fpsuperiorufv.es\/blog\/la-comunidad-fp-superior-francisco-de-vitoria-en-madrid-beneficios-de-pertenecer-a-nuestra-red-de-profesionales-blog\/#primaryimage"},"image":{"@id":"https:\/\/fpsuperiorufv.es\/blog\/la-comunidad-fp-superior-francisco-de-vitoria-en-madrid-beneficios-de-pertenecer-a-nuestra-red-de-profesionales-blog\/#primaryimage"},"thumbnailUrl":"https:\/\/fpsuperiorufv.es\/blog\/wp-content\/uploads\/2025\/07\/grupo-personas-teniendo-reunion.jpg","datePublished":"2025-12-02T19:06:20+00:00","dateModified":"2025-12-15T13:05:05+00:00","breadcrumb":{"@id":"https:\/\/fpsuperiorufv.es\/blog\/la-comunidad-fp-superior-francisco-de-vitoria-en-madrid-beneficios-de-pertenecer-a-nuestra-red-de-profesionales-blog\/#breadcrumb"},"inLanguage":"es","potentialAction":[{"@type":"ReadAction","target":["https:\/\/fpsuperiorufv.es\/blog\/la-comunidad-fp-superior-francisco-de-vitoria-en-madrid-beneficios-de-pertenecer-a-nuestra-red-de-profesionales-blog\/"]}]},{"@type":"ImageObject","inLanguage":"es","@id":"https:\/\/fpsuperiorufv.es\/blog\/la-comunidad-fp-superior-francisco-de-vitoria-en-madrid-beneficios-de-pertenecer-a-nuestra-red-de-profesionales-blog\/#primaryimage","url":"https:\/\/fpsuperiorufv.es\/blog\/wp-content\/uploads\/2025\/07\/grupo-personas-teniendo-reunion.jpg","contentUrl":"https:\/\/fpsuperiorufv.es\/blog\/wp-content\/uploads\/2025\/07\/grupo-personas-teniendo-reunion.jpg","width":1500,"height":1039},{"@type":"BreadcrumbList","@id":"https:\/\/fpsuperiorufv.es\/blog\/la-comunidad-fp-superior-francisco-de-vitoria-en-madrid-beneficios-de-pertenecer-a-nuestra-red-de-profesionales-blog\/#breadcrumb","itemListElement":[{"@type":"ListItem","position":1,"name":"Home","item":"https:\/\/fpsuperiorufv.es\/blog\/"},{"@type":"ListItem","position":2,"name":"La comunidad FP Superior Francisco de Vitoria en Madrid: Beneficios de pertenecer a nuestra red de profesionales."}]},{"@type":"WebSite","@id":"https:\/\/fpsuperiorufv.es\/blog\/#website","url":"https:\/\/fpsuperiorufv.es\/blog\/","name":"Fp Superior Francisco de Vitoria","description":"","publisher":{"@id":"https:\/\/fpsuperiorufv.es\/blog\/#organization"},"alternateName":"Cetys","potentialAction":[{"@type":"SearchAction","target":{"@type":"EntryPoint","urlTemplate":"https:\/\/fpsuperiorufv.es\/blog\/?s={search_term_string}"},"query-input":{"@type":"PropertyValueSpecification","valueRequired":true,"valueName":"search_term_string"}}],"inLanguage":"es"},{"@type":"Organization","@id":"https:\/\/fpsuperiorufv.es\/blog\/#organization","name":"Cetys","url":"https:\/\/fpsuperiorufv.es\/blog\/","logo":{"@type":"ImageObject","inLanguage":"es","@id":"https:\/\/fpsuperiorufv.es\/blog\/#\/schema\/logo\/image\/","url":"https:\/\/fpsuperiorufv.lo\/wp-content\/uploads\/2025\/02\/logo.svg","contentUrl":"https:\/\/fpsuperiorufv.lo\/wp-content\/uploads\/2025\/02\/logo.svg","width":"1024","height":"1024","caption":"Cetys"},"image":{"@id":"https:\/\/fpsuperiorufv.es\/blog\/#\/schema\/logo\/image\/"}},{"@type":"Person","@id":"https:\/\/fpsuperiorufv.es\/blog\/#\/schema\/person\/c7ac6e2e7af298050da8d956ac824347","name":"FP Superior UFV","image":{"@type":"ImageObject","inLanguage":"es","@id":"https:\/\/secure.gravatar.com\/avatar\/002af9a4377d87096f281de7725cae2f359bff0b0b7439b98b80936e58af2d91?s=96&d=mm&r=g","url":"https:\/\/secure.gravatar.com\/avatar\/002af9a4377d87096f281de7725cae2f359bff0b0b7439b98b80936e58af2d91?s=96&d=mm&r=g","contentUrl":"https:\/\/secure.gravatar.com\/avatar\/002af9a4377d87096f281de7725cae2f359bff0b0b7439b98b80936e58af2d91?s=96&d=mm&r=g","caption":"FP Superior UFV"},"sameAs":["https:\/\/fpsuperiorufv.lo"],"url":"https:\/\/fpsuperiorufv.es\/blog\/author\/administrador\/"}]}},"_links":{"self":[{"href":"https:\/\/fpsuperiorufv.es\/blog\/wp-json\/wp\/v2\/posts\/1436","targetHints":{"allow":["GET"]}}],"collection":[{"href":"https:\/\/fpsuperiorufv.es\/blog\/wp-json\/wp\/v2\/posts"}],"about":[{"href":"https:\/\/fpsuperiorufv.es\/blog\/wp-json\/wp\/v2\/types\/post"}],"author":[{"embeddable":true,"href":"https:\/\/fpsuperiorufv.es\/blog\/wp-json\/wp\/v2\/users\/1"}],"replies":[{"embeddable":true,"href":"https:\/\/fpsuperiorufv.es\/blog\/wp-json\/wp\/v2\/comments?post=1436"}],"version-history":[{"count":1,"href":"https:\/\/fpsuperiorufv.es\/blog\/wp-json\/wp\/v2\/posts\/1436\/revisions"}],"predecessor-version":[{"id":2187,"href":"https:\/\/fpsuperiorufv.es\/blog\/wp-json\/wp\/v2\/posts\/1436\/revisions\/2187"}],"wp:featuredmedia":[{"embeddable":true,"href":"https:\/\/fpsuperiorufv.es\/blog\/wp-json\/wp\/v2\/media\/1226"}],"wp:attachment":[{"href":"https:\/\/fpsuperiorufv.es\/blog\/wp-json\/wp\/v2\/media?parent=1436"}],"wp:term":[{"taxonomy":"category","embeddable":true,"href":"https:\/\/fpsuperiorufv.es\/blog\/wp-json\/wp\/v2\/categories?post=1436"},{"taxonomy":"post_tag","embeddable":true,"href":"https:\/\/fpsuperiorufv.es\/blog\/wp-json\/wp\/v2\/tags?post=1436"}],"curies":[{"name":"wp","href":"https:\/\/api.w.org\/{rel}","templated":true}]}}