{"id":1497,"date":"2025-12-03T05:03:25","date_gmt":"2025-12-03T04:03:25","guid":{"rendered":"https:\/\/fpsuperiorufv.es\/blog\/2025\/02\/06\/que-es-asesoria-de-imagen-personal-y-corporativa\/"},"modified":"2025-12-15T14:44:27","modified_gmt":"2025-12-15T13:44:27","slug":"que-es-asesoria-de-imagen-personal-y-corporativa-blog","status":"publish","type":"post","link":"https:\/\/fpsuperiorufv.es\/blog\/que-es-asesoria-de-imagen-personal-y-corporativa-blog\/","title":{"rendered":"\u00bfQu\u00e9 es asesor\u00eda de imagen personal y corporativa?"},"content":{"rendered":"<p><\/p>\n\n<p><span style=\"font-weight: 400;\">La asesor\u00eda de imagen personal y corporativa es un campo en constante crecimiento que combina la est\u00e9tica, la comunicaci\u00f3n y la psicolog\u00eda para ayudar a las personas y empresas a proyectar una imagen positiva y atractiva. Nos dedicamos a entender c\u00f3mo la apariencia, el comportamiento y la forma de comunicarnos impactan en la percepci\u00f3n que los dem\u00e1s tienen de nosotros. En este art\u00edculo, exploraremos todos los aspectos de esta fascinante disciplina.<\/span><\/p>\n<h2>Curiosidades y datos interesantes sobre la asesor\u00eda de imagen<\/h2>\n<ul>\n<li>El 93% de la comunicaci\u00f3n es no verbal, lo que significa que la imagen que proyectamos tiene un fuerte impacto en c\u00f3mo nos perciben.<\/li>\n<li>El mercado de la moda y la imagen personal mueve m\u00e1s de 500 mil millones de euros al a\u00f1o a nivel global.<\/li>\n<li>Las primeras impresiones se forman en solo 7 segundos.<\/li>\n<li>El 55% de las decisiones de compra de productos se basan en la imagen de la marca.<\/li>\n<li>El 70% de los empleadores afirma que la apariencia de un candidato influye en su decisi\u00f3n de contrataci\u00f3n.<\/li>\n<\/ul>\n<h2>\u00bfQu\u00e9 abarca la asesor\u00eda de imagen personal?<\/h2>\n<p><span style=\"font-weight: 400;\">La asesor\u00eda de imagen personal se centra en el individuo y su presentaci\u00f3n al mundo. Esto incluye diversos aspectos:<\/span><\/p>\n<ul>\n<li><strong>Estilo personal:<\/strong> Ayudamos a identificar el estilo que mejor refleja la personalidad y los objetivos de cada persona.<\/li>\n<li><strong>Vestuario:<\/strong> Asesoramos sobre qu\u00e9 prendas y colores favorecen a cada persona, teniendo en cuenta su morfolog\u00eda y tono de piel.<\/li>\n<li><strong>Maquillaje:<\/strong> Ofrecemos consejos sobre t\u00e9cnicas de maquillaje que realzan la belleza natural.<\/li>\n<li><strong>Imagen corporal:<\/strong> Trabajamos en la confianza y la autoestima, ayudando a las personas a aceptar y amar su cuerpo.<\/li>\n<\/ul>\n<h2>\u00bfQu\u00e9 incluye la asesor\u00eda de imagen corporativa?<\/h2>\n<p><span style=\"font-weight: 400;\">En el \u00e1mbito corporativo, la asesor\u00eda de imagen se centra en la proyecci\u00f3n de la marca y la identidad empresarial. Esto involucra:<\/span><\/p>\n<ul>\n<li><strong>Branding:<\/strong> Definimos la imagen y el mensaje que la empresa quiere transmitir a sus clientes.<\/li>\n<li><strong>Uniformes y vestimenta del personal:<\/strong> Asesoramos sobre la vestimenta adecuada para el personal, alineada con la imagen de la empresa.<\/li>\n<li><strong>Comunicaci\u00f3n visual:<\/strong> Creamos estrategias de comunicaci\u00f3n que reflejan la misi\u00f3n y visi\u00f3n de la empresa.<\/li>\n<li><strong>Presentaciones y eventos:<\/strong> Asesoramos en la imagen visual y la comunicaci\u00f3n en eventos corporativos.<\/li>\n<\/ul>\n<h2>\u00bfPor qu\u00e9 es importante la asesor\u00eda de imagen?<\/h2>\n<p><span style=\"font-weight: 400;\">La asesor\u00eda de imagen no es solo una cuesti\u00f3n de est\u00e9tica. Tiene un impacto significativo en diversos aspectos de la vida personal y profesional:<\/span><\/p>\n<ul>\n<li><strong>Mejora la autoestima:<\/strong> Proyectar una imagen adecuada puede aumentar la confianza en uno mismo.<\/li>\n<li><strong>Impacto en las relaciones:<\/strong> La imagen que proyectamos influye en nuestras relaciones personales y profesionales.<\/li>\n<li><strong>\u00c9xito profesional:<\/strong> Una buena imagen puede abrir puertas en el \u00e1mbito laboral.<\/li>\n<li><strong>Identidad de marca:<\/strong> Las empresas con una imagen bien definida son m\u00e1s memorables para los clientes.<\/li>\n<\/ul>\n<h2>\u00bfQu\u00e9 habilidades se desarrollan en el T\u00e9cnico Superior en Asesor\u00eda de Imagen Personal y Corporativa?<\/h2>\n<p><span style=\"font-weight: 400;\">Al matricularte en el <a href=\"https:\/\/fpsuperiorufv.es\/ciclo-superior-en-asesoria-de-imagen-personal-y-corporativa\/\">T\u00e9cnico Superior en Asesor\u00eda de Imagen Personal y Corporativa<\/a>, desarrollar\u00e1s una serie de habilidades esenciales:<\/span><\/p>\n<ul>\n<li>Capacidad para analizar estilos y tendencias.<\/li>\n<li>Habilidades de comunicaci\u00f3n efectiva.<\/li>\n<li>Conocimientos sobre moda y est\u00e9tica.<\/li>\n<li>Competencias en marketing y branding.<\/li>\n<li>Destrezas en maquillaje y cuidado personal.<\/li>\n<\/ul>\n<h2>Ejemplos de \u00e9xito en asesor\u00eda de imagen<\/h2>\n<p><span style=\"font-weight: 400;\">Existen numerosos ejemplos de c\u00f3mo una buena asesor\u00eda de imagen puede transformar vidas y negocios:<\/span><\/p>\n<ul>\n<li><strong>Personas que buscan empleo:<\/strong> Muchas veces, un cambio en la forma de vestir y presentarse puede ser la clave para conseguir un trabajo.<\/li>\n<li><strong>Empresas en rebranding:<\/strong> Marcas que han reinventado su imagen han logrado atraer nuevos clientes y aumentar sus ventas.<\/li>\n<li><strong>Clientes que desean mejorar su autoestima:<\/strong> La asesor\u00eda de imagen puede ayudar a las personas a sentirse m\u00e1s seguras y a mejorar su calidad de vida.<\/li>\n<\/ul>\n<h2>\u00bfQui\u00e9nes pueden beneficiarse de la asesor\u00eda de imagen?<\/h2>\n<p><span style=\"font-weight: 400;\">La asesor\u00eda de imagen es beneficiosa para todos, pero hay ciertos grupos que pueden aprovecharla a\u00fan m\u00e1s:<\/span><\/p>\n<ul>\n<li>Profesionales en b\u00fasqueda de empleo.<\/li>\n<li>Empresarios que desean fortalecer su marca.<\/li>\n<li>Personas que atraviesan cambios en su vida personal.<\/li>\n<li>Estudiantes que se preparan para ingresar al mercado laboral.<\/li>\n<\/ul>\n<h2>Preguntas frecuentes<\/h2>\n<h3>\u00bfQu\u00e9 se necesita para ser asesor de imagen?<\/h3>\n<p><span style=\"font-weight: 400;\">Para ser asesor de imagen, es fundamental contar con una formaci\u00f3n adecuada, como la que ofrecemos en nuestro ciclo de T\u00e9cnico Superior en Asesor\u00eda de Imagen Personal y Corporativa. Adem\u00e1s, es importante tener habilidades de comunicaci\u00f3n y un buen sentido est\u00e9tico.<\/span><\/p>\n<h3>\u00bfCu\u00e1nto tiempo dura el curso de asesor\u00eda de imagen?<\/h3>\n<p><span style=\"font-weight: 400;\">El curso de T\u00e9cnico Superior en Asesor\u00eda de Imagen Personal y Corporativa suele tener una duraci\u00f3n de dos a\u00f1os, con un enfoque pr\u00e1ctico y te\u00f3rico que te prepara para el mercado laboral.<\/span><\/p>\n<h3>\u00bfQu\u00e9 salidas profesionales tiene la asesor\u00eda de imagen?<\/h3>\n<p><span style=\"font-weight: 400;\">Las salidas profesionales son diversas y abarcan desde trabajar como asesor independiente, estilista personal, consultor de imagen para empresas, hasta roles en marcas de moda y belleza.<\/span><\/p>\n<p><span style=\"font-weight: 400;\">Si deseas dar el siguiente paso en tu carrera y convertirte en un experto en asesor\u00eda de imagen, no dudes en consultar m\u00e1s sobre nuestro programa. La <a href=\"https:\/\/fpsuperiorufv.es\/ciclo-superior-en-asesoria-de-imagen-personal-y-corporativa\/\">formaci\u00f3n que ofrecemos en FP Superior Francisco de Vitoria<\/a> te brindar\u00e1 todas las herramientas necesarias para triunfar en este emocionante campo.<\/span><br \/>\n<\/p>\n<p><\/p>\n","protected":false},"excerpt":{"rendered":"<p>[vc_section][vc_row][vc_column css=\".vc_custom_1655805738975{margin-top: 0px !important;margin-right: 0px !important;margin-bottom: 0px !important;margin-left: 0px !important;}\"][vc_breadcrumbs_module][\/vc_column][\/vc_row][\/vc_section][vc_section][vc_row el_class=\"container\" css=\".vc_custom_1655802988397{padding-top: 50px !important;padding-bottom: 50px !important;}\"][vc_column][vc_single_image source=\"featured_image\" img_size=\"full\" alignment=\"center\" css=\".vc_custom_1660030768789{padding-top: 20px !important;padding-bottom: 20px !important;}\"][vc_column_text] La asesor\u00eda de imagen personal y corporativa es un campo en constante crecimiento que combina la est\u00e9tica, la comunicaci\u00f3n y la psicolog\u00eda para ayudar a las personas y empresas a proyectar &hellip;<\/p>\n","protected":false},"author":1,"featured_media":2623,"comment_status":"closed","ping_status":"open","sticky":false,"template":"","format":"standard","meta":{"inline_featured_image":false,"footnotes":""},"categories":[9,393],"tags":[],"class_list":["post-1497","post","type-post","status-publish","format-standard","has-post-thumbnail","hentry","category-blog","category-preguntas-frecuentes"],"yoast_head":"<!-- This site is optimized with the Yoast SEO plugin v27.4 - https:\/\/yoast.com\/product\/yoast-seo-wordpress\/ -->\n<title>\u00bfQu\u00e9 es asesor\u00eda de imagen personal y corporativa? - Cetys<\/title>\n<meta name=\"robots\" content=\"index, follow, max-snippet:-1, max-image-preview:large, max-video-preview:-1\" \/>\n<link rel=\"canonical\" href=\"https:\/\/fpsuperiorufv.es\/blog\/que-es-asesoria-de-imagen-personal-y-corporativa-blog\/\" \/>\n<meta property=\"og:locale\" content=\"es_ES\" \/>\n<meta property=\"og:type\" content=\"article\" \/>\n<meta property=\"og:title\" content=\"\u00bfQu\u00e9 es asesor\u00eda de imagen personal y corporativa? - Cetys\" \/>\n<meta property=\"og:description\" content=\"La asesor\u00eda de imagen personal y corporativa es un campo en constante crecimiento que combina la est\u00e9tica, la comunicaci\u00f3n y la psicolog\u00eda para ayudar a las personas y empresas a proyectar &hellip;\" \/>\n<meta property=\"og:url\" content=\"https:\/\/fpsuperiorufv.es\/blog\/que-es-asesoria-de-imagen-personal-y-corporativa-blog\/\" \/>\n<meta property=\"og:site_name\" content=\"Cetys\" \/>\n<meta property=\"article:published_time\" content=\"2025-12-03T04:03:25+00:00\" \/>\n<meta property=\"article:modified_time\" content=\"2025-12-15T13:44:27+00:00\" \/>\n<meta property=\"og:image\" content=\"https:\/\/fpsuperiorufv.es\/blog\/wp-content\/uploads\/2025\/08\/DSC8439-scaled-1.jpg\" \/>\n\t<meta property=\"og:image:width\" content=\"2560\" \/>\n\t<meta property=\"og:image:height\" content=\"1920\" \/>\n\t<meta property=\"og:image:type\" content=\"image\/jpeg\" \/>\n<meta name=\"author\" content=\"FP Superior UFV\" \/>\n<meta name=\"twitter:card\" content=\"summary_large_image\" \/>\n<meta name=\"twitter:label1\" content=\"Escrito por\" \/>\n\t<meta name=\"twitter:data1\" content=\"FP Superior UFV\" \/>\n\t<meta name=\"twitter:label2\" content=\"Tiempo de lectura\" \/>\n\t<meta name=\"twitter:data2\" content=\"5 minutos\" \/>\n<script type=\"application\/ld+json\" class=\"yoast-schema-graph\">{\"@context\":\"https:\\\/\\\/schema.org\",\"@graph\":[{\"@type\":\"Article\",\"@id\":\"https:\\\/\\\/fpsuperiorufv.es\\\/blog\\\/que-es-asesoria-de-imagen-personal-y-corporativa-blog\\\/#article\",\"isPartOf\":{\"@id\":\"https:\\\/\\\/fpsuperiorufv.es\\\/blog\\\/que-es-asesoria-de-imagen-personal-y-corporativa-blog\\\/\"},\"author\":{\"name\":\"FP Superior UFV\",\"@id\":\"https:\\\/\\\/fpsuperiorufv.es\\\/blog\\\/#\\\/schema\\\/person\\\/c7ac6e2e7af298050da8d956ac824347\"},\"headline\":\"\u00bfQu\u00e9 es asesor\u00eda de imagen personal y corporativa?\",\"datePublished\":\"2025-12-03T04:03:25+00:00\",\"dateModified\":\"2025-12-15T13:44:27+00:00\",\"mainEntityOfPage\":{\"@id\":\"https:\\\/\\\/fpsuperiorufv.es\\\/blog\\\/que-es-asesoria-de-imagen-personal-y-corporativa-blog\\\/\"},\"wordCount\":1001,\"publisher\":{\"@id\":\"https:\\\/\\\/fpsuperiorufv.es\\\/blog\\\/#organization\"},\"image\":{\"@id\":\"https:\\\/\\\/fpsuperiorufv.es\\\/blog\\\/que-es-asesoria-de-imagen-personal-y-corporativa-blog\\\/#primaryimage\"},\"thumbnailUrl\":\"https:\\\/\\\/fpsuperiorufv.es\\\/blog\\\/wp-content\\\/uploads\\\/2025\\\/08\\\/DSC8439-scaled-1.jpg\",\"articleSection\":[\"Blog\",\"Preguntas frecuentes\"],\"inLanguage\":\"es\"},{\"@type\":\"WebPage\",\"@id\":\"https:\\\/\\\/fpsuperiorufv.es\\\/blog\\\/que-es-asesoria-de-imagen-personal-y-corporativa-blog\\\/\",\"url\":\"https:\\\/\\\/fpsuperiorufv.es\\\/blog\\\/que-es-asesoria-de-imagen-personal-y-corporativa-blog\\\/\",\"name\":\"\u00bfQu\u00e9 es asesor\u00eda de imagen personal y corporativa? - Cetys\",\"isPartOf\":{\"@id\":\"https:\\\/\\\/fpsuperiorufv.es\\\/blog\\\/#website\"},\"primaryImageOfPage\":{\"@id\":\"https:\\\/\\\/fpsuperiorufv.es\\\/blog\\\/que-es-asesoria-de-imagen-personal-y-corporativa-blog\\\/#primaryimage\"},\"image\":{\"@id\":\"https:\\\/\\\/fpsuperiorufv.es\\\/blog\\\/que-es-asesoria-de-imagen-personal-y-corporativa-blog\\\/#primaryimage\"},\"thumbnailUrl\":\"https:\\\/\\\/fpsuperiorufv.es\\\/blog\\\/wp-content\\\/uploads\\\/2025\\\/08\\\/DSC8439-scaled-1.jpg\",\"datePublished\":\"2025-12-03T04:03:25+00:00\",\"dateModified\":\"2025-12-15T13:44:27+00:00\",\"breadcrumb\":{\"@id\":\"https:\\\/\\\/fpsuperiorufv.es\\\/blog\\\/que-es-asesoria-de-imagen-personal-y-corporativa-blog\\\/#breadcrumb\"},\"inLanguage\":\"es\",\"potentialAction\":[{\"@type\":\"ReadAction\",\"target\":[\"https:\\\/\\\/fpsuperiorufv.es\\\/blog\\\/que-es-asesoria-de-imagen-personal-y-corporativa-blog\\\/\"]}]},{\"@type\":\"ImageObject\",\"inLanguage\":\"es\",\"@id\":\"https:\\\/\\\/fpsuperiorufv.es\\\/blog\\\/que-es-asesoria-de-imagen-personal-y-corporativa-blog\\\/#primaryimage\",\"url\":\"https:\\\/\\\/fpsuperiorufv.es\\\/blog\\\/wp-content\\\/uploads\\\/2025\\\/08\\\/DSC8439-scaled-1.jpg\",\"contentUrl\":\"https:\\\/\\\/fpsuperiorufv.es\\\/blog\\\/wp-content\\\/uploads\\\/2025\\\/08\\\/DSC8439-scaled-1.jpg\",\"width\":2560,\"height\":1920},{\"@type\":\"BreadcrumbList\",\"@id\":\"https:\\\/\\\/fpsuperiorufv.es\\\/blog\\\/que-es-asesoria-de-imagen-personal-y-corporativa-blog\\\/#breadcrumb\",\"itemListElement\":[{\"@type\":\"ListItem\",\"position\":1,\"name\":\"Home\",\"item\":\"https:\\\/\\\/fpsuperiorufv.es\\\/blog\\\/\"},{\"@type\":\"ListItem\",\"position\":2,\"name\":\"\u00bfQu\u00e9 es asesor\u00eda de imagen personal y corporativa?\"}]},{\"@type\":\"WebSite\",\"@id\":\"https:\\\/\\\/fpsuperiorufv.es\\\/blog\\\/#website\",\"url\":\"https:\\\/\\\/fpsuperiorufv.es\\\/blog\\\/\",\"name\":\"Fp Superior Francisco de Vitoria\",\"description\":\"\",\"publisher\":{\"@id\":\"https:\\\/\\\/fpsuperiorufv.es\\\/blog\\\/#organization\"},\"alternateName\":\"Cetys\",\"potentialAction\":[{\"@type\":\"SearchAction\",\"target\":{\"@type\":\"EntryPoint\",\"urlTemplate\":\"https:\\\/\\\/fpsuperiorufv.es\\\/blog\\\/?s={search_term_string}\"},\"query-input\":{\"@type\":\"PropertyValueSpecification\",\"valueRequired\":true,\"valueName\":\"search_term_string\"}}],\"inLanguage\":\"es\"},{\"@type\":\"Organization\",\"@id\":\"https:\\\/\\\/fpsuperiorufv.es\\\/blog\\\/#organization\",\"name\":\"Cetys\",\"url\":\"https:\\\/\\\/fpsuperiorufv.es\\\/blog\\\/\",\"logo\":{\"@type\":\"ImageObject\",\"inLanguage\":\"es\",\"@id\":\"https:\\\/\\\/fpsuperiorufv.es\\\/blog\\\/#\\\/schema\\\/logo\\\/image\\\/\",\"url\":\"https:\\\/\\\/fpsuperiorufv.lo\\\/wp-content\\\/uploads\\\/2025\\\/02\\\/logo.svg\",\"contentUrl\":\"https:\\\/\\\/fpsuperiorufv.lo\\\/wp-content\\\/uploads\\\/2025\\\/02\\\/logo.svg\",\"width\":\"1024\",\"height\":\"1024\",\"caption\":\"Cetys\"},\"image\":{\"@id\":\"https:\\\/\\\/fpsuperiorufv.es\\\/blog\\\/#\\\/schema\\\/logo\\\/image\\\/\"}},{\"@type\":\"Person\",\"@id\":\"https:\\\/\\\/fpsuperiorufv.es\\\/blog\\\/#\\\/schema\\\/person\\\/c7ac6e2e7af298050da8d956ac824347\",\"name\":\"FP Superior UFV\",\"image\":{\"@type\":\"ImageObject\",\"inLanguage\":\"es\",\"@id\":\"https:\\\/\\\/secure.gravatar.com\\\/avatar\\\/002af9a4377d87096f281de7725cae2f359bff0b0b7439b98b80936e58af2d91?s=96&d=mm&r=g\",\"url\":\"https:\\\/\\\/secure.gravatar.com\\\/avatar\\\/002af9a4377d87096f281de7725cae2f359bff0b0b7439b98b80936e58af2d91?s=96&d=mm&r=g\",\"contentUrl\":\"https:\\\/\\\/secure.gravatar.com\\\/avatar\\\/002af9a4377d87096f281de7725cae2f359bff0b0b7439b98b80936e58af2d91?s=96&d=mm&r=g\",\"caption\":\"FP Superior UFV\"},\"sameAs\":[\"https:\\\/\\\/fpsuperiorufv.lo\"],\"url\":\"https:\\\/\\\/fpsuperiorufv.es\\\/blog\\\/author\\\/administrador\\\/\"}]}<\/script>\n<!-- \/ Yoast SEO plugin. -->","yoast_head_json":{"title":"\u00bfQu\u00e9 es asesor\u00eda de imagen personal y corporativa? - Cetys","robots":{"index":"index","follow":"follow","max-snippet":"max-snippet:-1","max-image-preview":"max-image-preview:large","max-video-preview":"max-video-preview:-1"},"canonical":"https:\/\/fpsuperiorufv.es\/blog\/que-es-asesoria-de-imagen-personal-y-corporativa-blog\/","og_locale":"es_ES","og_type":"article","og_title":"\u00bfQu\u00e9 es asesor\u00eda de imagen personal y corporativa? - Cetys","og_description":"La asesor\u00eda de imagen personal y corporativa es un campo en constante crecimiento que combina la est\u00e9tica, la comunicaci\u00f3n y la psicolog\u00eda para ayudar a las personas y empresas a proyectar &hellip;","og_url":"https:\/\/fpsuperiorufv.es\/blog\/que-es-asesoria-de-imagen-personal-y-corporativa-blog\/","og_site_name":"Cetys","article_published_time":"2025-12-03T04:03:25+00:00","article_modified_time":"2025-12-15T13:44:27+00:00","og_image":[{"width":2560,"height":1920,"url":"https:\/\/fpsuperiorufv.es\/blog\/wp-content\/uploads\/2025\/08\/DSC8439-scaled-1.jpg","type":"image\/jpeg"}],"author":"FP Superior UFV","twitter_card":"summary_large_image","twitter_misc":{"Escrito por":"FP Superior UFV","Tiempo de lectura":"5 minutos"},"schema":{"@context":"https:\/\/schema.org","@graph":[{"@type":"Article","@id":"https:\/\/fpsuperiorufv.es\/blog\/que-es-asesoria-de-imagen-personal-y-corporativa-blog\/#article","isPartOf":{"@id":"https:\/\/fpsuperiorufv.es\/blog\/que-es-asesoria-de-imagen-personal-y-corporativa-blog\/"},"author":{"name":"FP Superior UFV","@id":"https:\/\/fpsuperiorufv.es\/blog\/#\/schema\/person\/c7ac6e2e7af298050da8d956ac824347"},"headline":"\u00bfQu\u00e9 es asesor\u00eda de imagen personal y corporativa?","datePublished":"2025-12-03T04:03:25+00:00","dateModified":"2025-12-15T13:44:27+00:00","mainEntityOfPage":{"@id":"https:\/\/fpsuperiorufv.es\/blog\/que-es-asesoria-de-imagen-personal-y-corporativa-blog\/"},"wordCount":1001,"publisher":{"@id":"https:\/\/fpsuperiorufv.es\/blog\/#organization"},"image":{"@id":"https:\/\/fpsuperiorufv.es\/blog\/que-es-asesoria-de-imagen-personal-y-corporativa-blog\/#primaryimage"},"thumbnailUrl":"https:\/\/fpsuperiorufv.es\/blog\/wp-content\/uploads\/2025\/08\/DSC8439-scaled-1.jpg","articleSection":["Blog","Preguntas frecuentes"],"inLanguage":"es"},{"@type":"WebPage","@id":"https:\/\/fpsuperiorufv.es\/blog\/que-es-asesoria-de-imagen-personal-y-corporativa-blog\/","url":"https:\/\/fpsuperiorufv.es\/blog\/que-es-asesoria-de-imagen-personal-y-corporativa-blog\/","name":"\u00bfQu\u00e9 es asesor\u00eda de imagen personal y corporativa? - Cetys","isPartOf":{"@id":"https:\/\/fpsuperiorufv.es\/blog\/#website"},"primaryImageOfPage":{"@id":"https:\/\/fpsuperiorufv.es\/blog\/que-es-asesoria-de-imagen-personal-y-corporativa-blog\/#primaryimage"},"image":{"@id":"https:\/\/fpsuperiorufv.es\/blog\/que-es-asesoria-de-imagen-personal-y-corporativa-blog\/#primaryimage"},"thumbnailUrl":"https:\/\/fpsuperiorufv.es\/blog\/wp-content\/uploads\/2025\/08\/DSC8439-scaled-1.jpg","datePublished":"2025-12-03T04:03:25+00:00","dateModified":"2025-12-15T13:44:27+00:00","breadcrumb":{"@id":"https:\/\/fpsuperiorufv.es\/blog\/que-es-asesoria-de-imagen-personal-y-corporativa-blog\/#breadcrumb"},"inLanguage":"es","potentialAction":[{"@type":"ReadAction","target":["https:\/\/fpsuperiorufv.es\/blog\/que-es-asesoria-de-imagen-personal-y-corporativa-blog\/"]}]},{"@type":"ImageObject","inLanguage":"es","@id":"https:\/\/fpsuperiorufv.es\/blog\/que-es-asesoria-de-imagen-personal-y-corporativa-blog\/#primaryimage","url":"https:\/\/fpsuperiorufv.es\/blog\/wp-content\/uploads\/2025\/08\/DSC8439-scaled-1.jpg","contentUrl":"https:\/\/fpsuperiorufv.es\/blog\/wp-content\/uploads\/2025\/08\/DSC8439-scaled-1.jpg","width":2560,"height":1920},{"@type":"BreadcrumbList","@id":"https:\/\/fpsuperiorufv.es\/blog\/que-es-asesoria-de-imagen-personal-y-corporativa-blog\/#breadcrumb","itemListElement":[{"@type":"ListItem","position":1,"name":"Home","item":"https:\/\/fpsuperiorufv.es\/blog\/"},{"@type":"ListItem","position":2,"name":"\u00bfQu\u00e9 es asesor\u00eda de imagen personal y corporativa?"}]},{"@type":"WebSite","@id":"https:\/\/fpsuperiorufv.es\/blog\/#website","url":"https:\/\/fpsuperiorufv.es\/blog\/","name":"Fp Superior Francisco de Vitoria","description":"","publisher":{"@id":"https:\/\/fpsuperiorufv.es\/blog\/#organization"},"alternateName":"Cetys","potentialAction":[{"@type":"SearchAction","target":{"@type":"EntryPoint","urlTemplate":"https:\/\/fpsuperiorufv.es\/blog\/?s={search_term_string}"},"query-input":{"@type":"PropertyValueSpecification","valueRequired":true,"valueName":"search_term_string"}}],"inLanguage":"es"},{"@type":"Organization","@id":"https:\/\/fpsuperiorufv.es\/blog\/#organization","name":"Cetys","url":"https:\/\/fpsuperiorufv.es\/blog\/","logo":{"@type":"ImageObject","inLanguage":"es","@id":"https:\/\/fpsuperiorufv.es\/blog\/#\/schema\/logo\/image\/","url":"https:\/\/fpsuperiorufv.lo\/wp-content\/uploads\/2025\/02\/logo.svg","contentUrl":"https:\/\/fpsuperiorufv.lo\/wp-content\/uploads\/2025\/02\/logo.svg","width":"1024","height":"1024","caption":"Cetys"},"image":{"@id":"https:\/\/fpsuperiorufv.es\/blog\/#\/schema\/logo\/image\/"}},{"@type":"Person","@id":"https:\/\/fpsuperiorufv.es\/blog\/#\/schema\/person\/c7ac6e2e7af298050da8d956ac824347","name":"FP Superior UFV","image":{"@type":"ImageObject","inLanguage":"es","@id":"https:\/\/secure.gravatar.com\/avatar\/002af9a4377d87096f281de7725cae2f359bff0b0b7439b98b80936e58af2d91?s=96&d=mm&r=g","url":"https:\/\/secure.gravatar.com\/avatar\/002af9a4377d87096f281de7725cae2f359bff0b0b7439b98b80936e58af2d91?s=96&d=mm&r=g","contentUrl":"https:\/\/secure.gravatar.com\/avatar\/002af9a4377d87096f281de7725cae2f359bff0b0b7439b98b80936e58af2d91?s=96&d=mm&r=g","caption":"FP Superior UFV"},"sameAs":["https:\/\/fpsuperiorufv.lo"],"url":"https:\/\/fpsuperiorufv.es\/blog\/author\/administrador\/"}]}},"_links":{"self":[{"href":"https:\/\/fpsuperiorufv.es\/blog\/wp-json\/wp\/v2\/posts\/1497","targetHints":{"allow":["GET"]}}],"collection":[{"href":"https:\/\/fpsuperiorufv.es\/blog\/wp-json\/wp\/v2\/posts"}],"about":[{"href":"https:\/\/fpsuperiorufv.es\/blog\/wp-json\/wp\/v2\/types\/post"}],"author":[{"embeddable":true,"href":"https:\/\/fpsuperiorufv.es\/blog\/wp-json\/wp\/v2\/users\/1"}],"replies":[{"embeddable":true,"href":"https:\/\/fpsuperiorufv.es\/blog\/wp-json\/wp\/v2\/comments?post=1497"}],"version-history":[{"count":1,"href":"https:\/\/fpsuperiorufv.es\/blog\/wp-json\/wp\/v2\/posts\/1497\/revisions"}],"predecessor-version":[{"id":2231,"href":"https:\/\/fpsuperiorufv.es\/blog\/wp-json\/wp\/v2\/posts\/1497\/revisions\/2231"}],"wp:featuredmedia":[{"embeddable":true,"href":"https:\/\/fpsuperiorufv.es\/blog\/wp-json\/wp\/v2\/media\/2623"}],"wp:attachment":[{"href":"https:\/\/fpsuperiorufv.es\/blog\/wp-json\/wp\/v2\/media?parent=1497"}],"wp:term":[{"taxonomy":"category","embeddable":true,"href":"https:\/\/fpsuperiorufv.es\/blog\/wp-json\/wp\/v2\/categories?post=1497"},{"taxonomy":"post_tag","embeddable":true,"href":"https:\/\/fpsuperiorufv.es\/blog\/wp-json\/wp\/v2\/tags?post=1497"}],"curies":[{"name":"wp","href":"https:\/\/api.w.org\/{rel}","templated":true}]}}