{"id":1506,"date":"2025-12-09T04:20:48","date_gmt":"2025-12-09T03:20:48","guid":{"rendered":"https:\/\/fpsuperiorufv.es\/blog\/2025\/02\/11\/cuanto-cobra-una-asesor-de-imagen-personal\/"},"modified":"2025-12-15T14:31:39","modified_gmt":"2025-12-15T13:31:39","slug":"cuanto-cobra-un-asesor-de-imagen-personal-blog","status":"publish","type":"post","link":"https:\/\/fpsuperiorufv.es\/blog\/cuanto-cobra-un-asesor-de-imagen-personal-blog\/","title":{"rendered":"\u00bfCu\u00e1nto cobra una asesor de imagen personal?"},"content":{"rendered":"<p><\/p>\n\n<section><span style=\"font-weight: 400;\">El mundo de la imagen personal est\u00e1 en constante evoluci\u00f3n, y cada vez m\u00e1s personas buscan asesoramiento para mejorar su apariencia y transmitir una mejor imagen. Si te has preguntado cu\u00e1nto cobra una asesora de imagen personal, este art\u00edculo es para ti. Aqu\u00ed desglosaremos los aspectos econ\u00f3micos de esta profesi\u00f3n, as\u00ed como otros factores que pueden influir en la remuneraci\u00f3n.<\/span><\/section>\n<section>\n<h2>Curiosidades sobre la remuneraci\u00f3n de los asesores de imagen personal<\/h2>\n<ul>\n<li>El salario promedio de un asesor de imagen personal en Espa\u00f1a oscila entre 25.000 y 40.000 euros anuales.<\/li>\n<li>Los asesores de imagen que trabajan de manera independiente pueden establecer sus propias tarifas, que suelen variar seg\u00fan la experiencia y la demanda.<\/li>\n<li>Los servicios m\u00e1s solicitados son la asesor\u00eda de vestuario, maquillaje y cuidado personal.<\/li>\n<li>En grandes ciudades como Madrid o Barcelona, los honorarios pueden ser m\u00e1s altos debido a la mayor competencia y demanda.<\/li>\n<li>Las redes sociales han abierto nuevas oportunidades de negocio para los asesores de imagen, permiti\u00e9ndoles llegar a un p\u00fablico m\u00e1s amplio.<\/li>\n<\/ul>\n<\/section>\n<section>\n<h2>Factores que influyen en el salario de un asesor de imagen personal<\/h2>\n<p><span style=\"font-weight: 400;\">El salario de un asesor de imagen personal no es fijo y puede variar significativamente en funci\u00f3n de varios factores:<\/span><\/p>\n<ul>\n<li><strong>Experiencia:<\/strong> Los asesores con m\u00e1s trayectoria suelen cobrar tarifas m\u00e1s elevadas.<\/li>\n<li><strong>Ubicaci\u00f3n:<\/strong> Trabajar en \u00e1reas metropolitanas tiende a ser m\u00e1s rentable que en zonas rurales.<\/li>\n<li><strong>Tipo de cliente:<\/strong> Los clientes particulares suelen pagar menos que las empresas que contratan servicios de imagen corporativa.<\/li>\n<li><strong>Servicios ofrecidos:<\/strong> Los asesores que ofrecen un paquete completo de servicios pueden cobrar m\u00e1s que las que se especializan en un \u00e1rea espec\u00edfica.<\/li>\n<li><strong>Redes de contacto:<\/strong> Tener un buen networking puede ayudar a conseguir m\u00e1s clientes y, por ende, mayores ingresos.<\/li>\n<\/ul>\n<\/section>\n<section>\n<h2>Tarifas por servicios de asesor\u00eda de imagen personal<\/h2>\n<p><span style=\"font-weight: 400;\">Las tarifas de los servicios de asesor\u00eda de imagen pueden variar considerablemente. A continuaci\u00f3n, te mostramos un desglose de las tarifas m\u00e1s comunes:<\/span><\/p>\n<ul>\n<li><strong>Asesor\u00eda de vestuario:<\/strong> Entre 50 y 150 euros por sesi\u00f3n.<\/li>\n<li><strong>Asesor\u00eda de maquillaje:<\/strong> Entre 40 y 100 euros por sesi\u00f3n.<\/li>\n<li><strong>Estudio de color:<\/strong> Entre 30 y 80 euros.<\/li>\n<li><strong>Asesor\u00eda de imagen corporativa:<\/strong> Desde 200 euros hasta m\u00e1s de 1.000 euros, dependiendo del tama\u00f1o de la empresa y la complejidad del proyecto.<\/li>\n<\/ul>\n<p><span style=\"font-weight: 400;\">Si te interesa este apasionante mundo y deseas formarte para convertirte en un experto o experta en asesor\u00eda de imagen personal y corporativa, <a href=\"https:\/\/fpsuperiorufv.es\/ciclo-superior-en-asesoria-de-imagen-personal-y-corporativa\/\">descubre nuestro ciclo superior en Asesor\u00eda de Imagen Personal y Corporativa<\/a>.<\/span><\/p>\n<\/section>\n<section>\n<h2>Ejemplo de carrera profesional en la asesor\u00eda de imagen<\/h2>\n<p><span style=\"font-weight: 400;\">Imaginemos el caso de Laura, una asesora de imagen que ha estado en el negocio durante cinco a\u00f1os. Laura trabaja en Madrid y ha creado una s\u00f3lida reputaci\u00f3n gracias a su experiencia y formaci\u00f3n. Aqu\u00ed est\u00e1 c\u00f3mo se desglosa su carrera:<\/span><\/p>\n<ul>\n<li>Inicio de su carrera: Laura comenz\u00f3 cobrando 50 euros por sesi\u00f3n.<\/li>\n<li>Despu\u00e9s de un a\u00f1o, aument\u00f3 sus tarifas a 80 euros gracias a la experiencia adquirida.<\/li>\n<li>Con el tiempo, Laura decidi\u00f3 ofrecer paquetes de servicios, lo que le permiti\u00f3 incrementar sus ingresos hasta 1.500 euros al mes.<\/li>\n<li>Hoy en d\u00eda, Laura se enfoca en empresas y cobra alrededor de 800 euros por proyecto.<\/li>\n<\/ul>\n<\/section>\n<section>\n<h2>Perspectivas de futuro en la asesor\u00eda de imagen personal<\/h2>\n<p><span style=\"font-weight: 400;\">El sector de la asesor\u00eda de imagen personal est\u00e1 en crecimiento. Cada vez m\u00e1s personas valoran la importancia de una buena imagen, tanto a nivel personal como profesional. Esto abre un sinf\u00edn de oportunidades para quienes desean formarse en esta \u00e1rea.<\/span><br \/>\n<span style=\"font-weight: 400;\">Adem\u00e1s, la digitalizaci\u00f3n y el uso de redes sociales han cambiado la forma en que los asesores de imagen se promocionan y consiguen clientes. Los asesores que sepan adaptarse a estos cambios tendr\u00e1n una ventaja competitiva. Si quieres ser parte de este sector en auge, no dudes en <a href=\"https:\/\/fpsuperiorufv.es\/ciclo-superior-en-asesoria-de-imagen-personal-y-corporativa\/\">matricularte en nuestro ciclo superior en Asesor\u00eda de Imagen Personal y Corporativa<\/a>.<\/span><\/p>\n<\/section>\n<section>\n<h2>Preguntas frecuentes<\/h2>\n<h3>1. \u00bfCu\u00e1les son las habilidades necesarias para ser asesor o asesora de imagen personal?<\/h3>\n<p><span style=\"font-weight: 400;\">Es fundamental tener un buen sentido est\u00e9tico, habilidades de comunicaci\u00f3n y una comprensi\u00f3n de las tendencias de moda. Tambi\u00e9n es \u00fatil tener conocimientos en maquillaje y estilismo.<\/span><\/p>\n<h3>2. \u00bfEs necesario tener un t\u00edtulo para trabajar como asesor o asesora de imagen personal?<\/h3>\n<p><span style=\"font-weight: 400;\">No es obligatorio, pero contar con una formaci\u00f3n espec\u00edfica puede mejorar tus oportunidades laborales y aumentar tu credibilidad.<\/span><\/p>\n<h3>3. \u00bfD\u00f3nde puedo encontrar trabajo como asesor o asesora de imagen personal?<\/h3>\n<p><span style=\"font-weight: 400;\">Los asesores de imagen pueden trabajar de manera independiente, para empresas de moda, agencias de publicidad o incluso en plataformas online.<\/span><\/p>\n<h3>4. \u00bfCu\u00e1l es la mejor manera de promocionar mis servicios como asesorade imagen?<\/h3>\n<p><span style=\"font-weight: 400;\">Las redes sociales son herramientas clave para promocionar tus servicios. Tambi\u00e9n puedes considerar crear un sitio web o un blog para mostrar tu trabajo y atraer clientes.<\/span><\/p>\n<\/section>\n<footer><span style=\"font-weight: 400;\">Si est\u00e1s interesado en convertirte en un asesora o asesora de imagen personal, no esperes m\u00e1s. En FP Superior Francisco de Vitoria te ofrecemos la formaci\u00f3n que necesitas para destacar en este emocionante campo. \u00a1Matric\u00falate ya!<\/span><\/footer>\n<p><\/p>\n<p><\/p>\n","protected":false},"excerpt":{"rendered":"<p>[vc_section][vc_row][vc_column css=\".vc_custom_1655805738975{margin-top: 0px !important;margin-right: 0px !important;margin-bottom: 0px !important;margin-left: 0px !important;}\"][vc_breadcrumbs_module][\/vc_column][\/vc_row][\/vc_section][vc_section][vc_row el_class=\"container\" css=\".vc_custom_1655802988397{padding-top: 50px !important;padding-bottom: 50px !important;}\"][vc_column][vc_single_image source=\"featured_image\" img_size=\"full\" alignment=\"center\" css=\".vc_custom_1660030768789{padding-top: 20px !important;padding-bottom: 20px !important;}\"][vc_column_text] El mundo de la imagen personal est\u00e1 en constante evoluci\u00f3n, y cada vez m\u00e1s personas buscan asesoramiento para mejorar su apariencia y transmitir una mejor imagen. Si te has preguntado cu\u00e1nto &hellip;<\/p>\n","protected":false},"author":1,"featured_media":2627,"comment_status":"closed","ping_status":"open","sticky":false,"template":"","format":"standard","meta":{"inline_featured_image":false,"footnotes":""},"categories":[9,393],"tags":[],"class_list":["post-1506","post","type-post","status-publish","format-standard","has-post-thumbnail","hentry","category-blog","category-preguntas-frecuentes"],"yoast_head":"<!-- This site is optimized with the Yoast SEO plugin v27.4 - https:\/\/yoast.com\/product\/yoast-seo-wordpress\/ -->\n<title>\u00bfCu\u00e1nto cobra una asesor de imagen personal? - Cetys<\/title>\n<meta name=\"robots\" content=\"index, follow, max-snippet:-1, max-image-preview:large, max-video-preview:-1\" \/>\n<link rel=\"canonical\" href=\"https:\/\/fpsuperiorufv.es\/blog\/cuanto-cobra-un-asesor-de-imagen-personal-blog\/\" \/>\n<meta property=\"og:locale\" content=\"es_ES\" \/>\n<meta property=\"og:type\" content=\"article\" \/>\n<meta property=\"og:title\" content=\"\u00bfCu\u00e1nto cobra una asesor de imagen personal? - Cetys\" \/>\n<meta property=\"og:description\" content=\"El mundo de la imagen personal est\u00e1 en constante evoluci\u00f3n, y cada vez m\u00e1s personas buscan asesoramiento para mejorar su apariencia y transmitir una mejor imagen. Si te has preguntado cu\u00e1nto &hellip;\" \/>\n<meta property=\"og:url\" content=\"https:\/\/fpsuperiorufv.es\/blog\/cuanto-cobra-un-asesor-de-imagen-personal-blog\/\" \/>\n<meta property=\"og:site_name\" content=\"Cetys\" \/>\n<meta property=\"article:published_time\" content=\"2025-12-09T03:20:48+00:00\" \/>\n<meta property=\"article:modified_time\" content=\"2025-12-15T13:31:39+00:00\" \/>\n<meta property=\"og:image\" content=\"https:\/\/fpsuperiorufv.es\/blog\/wp-content\/uploads\/2025\/08\/DSC8106-scaled-1.jpg\" \/>\n\t<meta property=\"og:image:width\" content=\"1920\" \/>\n\t<meta property=\"og:image:height\" content=\"2560\" \/>\n\t<meta property=\"og:image:type\" content=\"image\/jpeg\" \/>\n<meta name=\"author\" content=\"FP Superior UFV\" \/>\n<meta name=\"twitter:card\" content=\"summary_large_image\" \/>\n<meta name=\"twitter:label1\" content=\"Escrito por\" \/>\n\t<meta name=\"twitter:data1\" content=\"FP Superior UFV\" \/>\n\t<meta name=\"twitter:label2\" content=\"Tiempo de lectura\" \/>\n\t<meta name=\"twitter:data2\" content=\"5 minutos\" \/>\n<script type=\"application\/ld+json\" class=\"yoast-schema-graph\">{\"@context\":\"https:\\\/\\\/schema.org\",\"@graph\":[{\"@type\":\"Article\",\"@id\":\"https:\\\/\\\/fpsuperiorufv.es\\\/blog\\\/cuanto-cobra-un-asesor-de-imagen-personal-blog\\\/#article\",\"isPartOf\":{\"@id\":\"https:\\\/\\\/fpsuperiorufv.es\\\/blog\\\/cuanto-cobra-un-asesor-de-imagen-personal-blog\\\/\"},\"author\":{\"name\":\"FP Superior UFV\",\"@id\":\"https:\\\/\\\/fpsuperiorufv.es\\\/blog\\\/#\\\/schema\\\/person\\\/c7ac6e2e7af298050da8d956ac824347\"},\"headline\":\"\u00bfCu\u00e1nto cobra una asesor de imagen personal?\",\"datePublished\":\"2025-12-09T03:20:48+00:00\",\"dateModified\":\"2025-12-15T13:31:39+00:00\",\"mainEntityOfPage\":{\"@id\":\"https:\\\/\\\/fpsuperiorufv.es\\\/blog\\\/cuanto-cobra-un-asesor-de-imagen-personal-blog\\\/\"},\"wordCount\":968,\"publisher\":{\"@id\":\"https:\\\/\\\/fpsuperiorufv.es\\\/blog\\\/#organization\"},\"image\":{\"@id\":\"https:\\\/\\\/fpsuperiorufv.es\\\/blog\\\/cuanto-cobra-un-asesor-de-imagen-personal-blog\\\/#primaryimage\"},\"thumbnailUrl\":\"https:\\\/\\\/fpsuperiorufv.es\\\/blog\\\/wp-content\\\/uploads\\\/2025\\\/08\\\/DSC8106-scaled-1.jpg\",\"articleSection\":[\"Blog\",\"Preguntas frecuentes\"],\"inLanguage\":\"es\"},{\"@type\":\"WebPage\",\"@id\":\"https:\\\/\\\/fpsuperiorufv.es\\\/blog\\\/cuanto-cobra-un-asesor-de-imagen-personal-blog\\\/\",\"url\":\"https:\\\/\\\/fpsuperiorufv.es\\\/blog\\\/cuanto-cobra-un-asesor-de-imagen-personal-blog\\\/\",\"name\":\"\u00bfCu\u00e1nto cobra una asesor de imagen personal? - Cetys\",\"isPartOf\":{\"@id\":\"https:\\\/\\\/fpsuperiorufv.es\\\/blog\\\/#website\"},\"primaryImageOfPage\":{\"@id\":\"https:\\\/\\\/fpsuperiorufv.es\\\/blog\\\/cuanto-cobra-un-asesor-de-imagen-personal-blog\\\/#primaryimage\"},\"image\":{\"@id\":\"https:\\\/\\\/fpsuperiorufv.es\\\/blog\\\/cuanto-cobra-un-asesor-de-imagen-personal-blog\\\/#primaryimage\"},\"thumbnailUrl\":\"https:\\\/\\\/fpsuperiorufv.es\\\/blog\\\/wp-content\\\/uploads\\\/2025\\\/08\\\/DSC8106-scaled-1.jpg\",\"datePublished\":\"2025-12-09T03:20:48+00:00\",\"dateModified\":\"2025-12-15T13:31:39+00:00\",\"breadcrumb\":{\"@id\":\"https:\\\/\\\/fpsuperiorufv.es\\\/blog\\\/cuanto-cobra-un-asesor-de-imagen-personal-blog\\\/#breadcrumb\"},\"inLanguage\":\"es\",\"potentialAction\":[{\"@type\":\"ReadAction\",\"target\":[\"https:\\\/\\\/fpsuperiorufv.es\\\/blog\\\/cuanto-cobra-un-asesor-de-imagen-personal-blog\\\/\"]}]},{\"@type\":\"ImageObject\",\"inLanguage\":\"es\",\"@id\":\"https:\\\/\\\/fpsuperiorufv.es\\\/blog\\\/cuanto-cobra-un-asesor-de-imagen-personal-blog\\\/#primaryimage\",\"url\":\"https:\\\/\\\/fpsuperiorufv.es\\\/blog\\\/wp-content\\\/uploads\\\/2025\\\/08\\\/DSC8106-scaled-1.jpg\",\"contentUrl\":\"https:\\\/\\\/fpsuperiorufv.es\\\/blog\\\/wp-content\\\/uploads\\\/2025\\\/08\\\/DSC8106-scaled-1.jpg\",\"width\":1920,\"height\":2560},{\"@type\":\"BreadcrumbList\",\"@id\":\"https:\\\/\\\/fpsuperiorufv.es\\\/blog\\\/cuanto-cobra-un-asesor-de-imagen-personal-blog\\\/#breadcrumb\",\"itemListElement\":[{\"@type\":\"ListItem\",\"position\":1,\"name\":\"Home\",\"item\":\"https:\\\/\\\/fpsuperiorufv.es\\\/blog\\\/\"},{\"@type\":\"ListItem\",\"position\":2,\"name\":\"\u00bfCu\u00e1nto cobra una asesor de imagen personal?\"}]},{\"@type\":\"WebSite\",\"@id\":\"https:\\\/\\\/fpsuperiorufv.es\\\/blog\\\/#website\",\"url\":\"https:\\\/\\\/fpsuperiorufv.es\\\/blog\\\/\",\"name\":\"Fp Superior Francisco de Vitoria\",\"description\":\"\",\"publisher\":{\"@id\":\"https:\\\/\\\/fpsuperiorufv.es\\\/blog\\\/#organization\"},\"alternateName\":\"Cetys\",\"potentialAction\":[{\"@type\":\"SearchAction\",\"target\":{\"@type\":\"EntryPoint\",\"urlTemplate\":\"https:\\\/\\\/fpsuperiorufv.es\\\/blog\\\/?s={search_term_string}\"},\"query-input\":{\"@type\":\"PropertyValueSpecification\",\"valueRequired\":true,\"valueName\":\"search_term_string\"}}],\"inLanguage\":\"es\"},{\"@type\":\"Organization\",\"@id\":\"https:\\\/\\\/fpsuperiorufv.es\\\/blog\\\/#organization\",\"name\":\"Cetys\",\"url\":\"https:\\\/\\\/fpsuperiorufv.es\\\/blog\\\/\",\"logo\":{\"@type\":\"ImageObject\",\"inLanguage\":\"es\",\"@id\":\"https:\\\/\\\/fpsuperiorufv.es\\\/blog\\\/#\\\/schema\\\/logo\\\/image\\\/\",\"url\":\"https:\\\/\\\/fpsuperiorufv.lo\\\/wp-content\\\/uploads\\\/2025\\\/02\\\/logo.svg\",\"contentUrl\":\"https:\\\/\\\/fpsuperiorufv.lo\\\/wp-content\\\/uploads\\\/2025\\\/02\\\/logo.svg\",\"width\":\"1024\",\"height\":\"1024\",\"caption\":\"Cetys\"},\"image\":{\"@id\":\"https:\\\/\\\/fpsuperiorufv.es\\\/blog\\\/#\\\/schema\\\/logo\\\/image\\\/\"}},{\"@type\":\"Person\",\"@id\":\"https:\\\/\\\/fpsuperiorufv.es\\\/blog\\\/#\\\/schema\\\/person\\\/c7ac6e2e7af298050da8d956ac824347\",\"name\":\"FP Superior UFV\",\"image\":{\"@type\":\"ImageObject\",\"inLanguage\":\"es\",\"@id\":\"https:\\\/\\\/secure.gravatar.com\\\/avatar\\\/002af9a4377d87096f281de7725cae2f359bff0b0b7439b98b80936e58af2d91?s=96&d=mm&r=g\",\"url\":\"https:\\\/\\\/secure.gravatar.com\\\/avatar\\\/002af9a4377d87096f281de7725cae2f359bff0b0b7439b98b80936e58af2d91?s=96&d=mm&r=g\",\"contentUrl\":\"https:\\\/\\\/secure.gravatar.com\\\/avatar\\\/002af9a4377d87096f281de7725cae2f359bff0b0b7439b98b80936e58af2d91?s=96&d=mm&r=g\",\"caption\":\"FP Superior UFV\"},\"sameAs\":[\"https:\\\/\\\/fpsuperiorufv.lo\"],\"url\":\"https:\\\/\\\/fpsuperiorufv.es\\\/blog\\\/author\\\/administrador\\\/\"}]}<\/script>\n<!-- \/ Yoast SEO plugin. -->","yoast_head_json":{"title":"\u00bfCu\u00e1nto cobra una asesor de imagen personal? - Cetys","robots":{"index":"index","follow":"follow","max-snippet":"max-snippet:-1","max-image-preview":"max-image-preview:large","max-video-preview":"max-video-preview:-1"},"canonical":"https:\/\/fpsuperiorufv.es\/blog\/cuanto-cobra-un-asesor-de-imagen-personal-blog\/","og_locale":"es_ES","og_type":"article","og_title":"\u00bfCu\u00e1nto cobra una asesor de imagen personal? - Cetys","og_description":"El mundo de la imagen personal est\u00e1 en constante evoluci\u00f3n, y cada vez m\u00e1s personas buscan asesoramiento para mejorar su apariencia y transmitir una mejor imagen. Si te has preguntado cu\u00e1nto &hellip;","og_url":"https:\/\/fpsuperiorufv.es\/blog\/cuanto-cobra-un-asesor-de-imagen-personal-blog\/","og_site_name":"Cetys","article_published_time":"2025-12-09T03:20:48+00:00","article_modified_time":"2025-12-15T13:31:39+00:00","og_image":[{"width":1920,"height":2560,"url":"https:\/\/fpsuperiorufv.es\/blog\/wp-content\/uploads\/2025\/08\/DSC8106-scaled-1.jpg","type":"image\/jpeg"}],"author":"FP Superior UFV","twitter_card":"summary_large_image","twitter_misc":{"Escrito por":"FP Superior UFV","Tiempo de lectura":"5 minutos"},"schema":{"@context":"https:\/\/schema.org","@graph":[{"@type":"Article","@id":"https:\/\/fpsuperiorufv.es\/blog\/cuanto-cobra-un-asesor-de-imagen-personal-blog\/#article","isPartOf":{"@id":"https:\/\/fpsuperiorufv.es\/blog\/cuanto-cobra-un-asesor-de-imagen-personal-blog\/"},"author":{"name":"FP Superior UFV","@id":"https:\/\/fpsuperiorufv.es\/blog\/#\/schema\/person\/c7ac6e2e7af298050da8d956ac824347"},"headline":"\u00bfCu\u00e1nto cobra una asesor de imagen personal?","datePublished":"2025-12-09T03:20:48+00:00","dateModified":"2025-12-15T13:31:39+00:00","mainEntityOfPage":{"@id":"https:\/\/fpsuperiorufv.es\/blog\/cuanto-cobra-un-asesor-de-imagen-personal-blog\/"},"wordCount":968,"publisher":{"@id":"https:\/\/fpsuperiorufv.es\/blog\/#organization"},"image":{"@id":"https:\/\/fpsuperiorufv.es\/blog\/cuanto-cobra-un-asesor-de-imagen-personal-blog\/#primaryimage"},"thumbnailUrl":"https:\/\/fpsuperiorufv.es\/blog\/wp-content\/uploads\/2025\/08\/DSC8106-scaled-1.jpg","articleSection":["Blog","Preguntas frecuentes"],"inLanguage":"es"},{"@type":"WebPage","@id":"https:\/\/fpsuperiorufv.es\/blog\/cuanto-cobra-un-asesor-de-imagen-personal-blog\/","url":"https:\/\/fpsuperiorufv.es\/blog\/cuanto-cobra-un-asesor-de-imagen-personal-blog\/","name":"\u00bfCu\u00e1nto cobra una asesor de imagen personal? - Cetys","isPartOf":{"@id":"https:\/\/fpsuperiorufv.es\/blog\/#website"},"primaryImageOfPage":{"@id":"https:\/\/fpsuperiorufv.es\/blog\/cuanto-cobra-un-asesor-de-imagen-personal-blog\/#primaryimage"},"image":{"@id":"https:\/\/fpsuperiorufv.es\/blog\/cuanto-cobra-un-asesor-de-imagen-personal-blog\/#primaryimage"},"thumbnailUrl":"https:\/\/fpsuperiorufv.es\/blog\/wp-content\/uploads\/2025\/08\/DSC8106-scaled-1.jpg","datePublished":"2025-12-09T03:20:48+00:00","dateModified":"2025-12-15T13:31:39+00:00","breadcrumb":{"@id":"https:\/\/fpsuperiorufv.es\/blog\/cuanto-cobra-un-asesor-de-imagen-personal-blog\/#breadcrumb"},"inLanguage":"es","potentialAction":[{"@type":"ReadAction","target":["https:\/\/fpsuperiorufv.es\/blog\/cuanto-cobra-un-asesor-de-imagen-personal-blog\/"]}]},{"@type":"ImageObject","inLanguage":"es","@id":"https:\/\/fpsuperiorufv.es\/blog\/cuanto-cobra-un-asesor-de-imagen-personal-blog\/#primaryimage","url":"https:\/\/fpsuperiorufv.es\/blog\/wp-content\/uploads\/2025\/08\/DSC8106-scaled-1.jpg","contentUrl":"https:\/\/fpsuperiorufv.es\/blog\/wp-content\/uploads\/2025\/08\/DSC8106-scaled-1.jpg","width":1920,"height":2560},{"@type":"BreadcrumbList","@id":"https:\/\/fpsuperiorufv.es\/blog\/cuanto-cobra-un-asesor-de-imagen-personal-blog\/#breadcrumb","itemListElement":[{"@type":"ListItem","position":1,"name":"Home","item":"https:\/\/fpsuperiorufv.es\/blog\/"},{"@type":"ListItem","position":2,"name":"\u00bfCu\u00e1nto cobra una asesor de imagen personal?"}]},{"@type":"WebSite","@id":"https:\/\/fpsuperiorufv.es\/blog\/#website","url":"https:\/\/fpsuperiorufv.es\/blog\/","name":"Fp Superior Francisco de Vitoria","description":"","publisher":{"@id":"https:\/\/fpsuperiorufv.es\/blog\/#organization"},"alternateName":"Cetys","potentialAction":[{"@type":"SearchAction","target":{"@type":"EntryPoint","urlTemplate":"https:\/\/fpsuperiorufv.es\/blog\/?s={search_term_string}"},"query-input":{"@type":"PropertyValueSpecification","valueRequired":true,"valueName":"search_term_string"}}],"inLanguage":"es"},{"@type":"Organization","@id":"https:\/\/fpsuperiorufv.es\/blog\/#organization","name":"Cetys","url":"https:\/\/fpsuperiorufv.es\/blog\/","logo":{"@type":"ImageObject","inLanguage":"es","@id":"https:\/\/fpsuperiorufv.es\/blog\/#\/schema\/logo\/image\/","url":"https:\/\/fpsuperiorufv.lo\/wp-content\/uploads\/2025\/02\/logo.svg","contentUrl":"https:\/\/fpsuperiorufv.lo\/wp-content\/uploads\/2025\/02\/logo.svg","width":"1024","height":"1024","caption":"Cetys"},"image":{"@id":"https:\/\/fpsuperiorufv.es\/blog\/#\/schema\/logo\/image\/"}},{"@type":"Person","@id":"https:\/\/fpsuperiorufv.es\/blog\/#\/schema\/person\/c7ac6e2e7af298050da8d956ac824347","name":"FP Superior UFV","image":{"@type":"ImageObject","inLanguage":"es","@id":"https:\/\/secure.gravatar.com\/avatar\/002af9a4377d87096f281de7725cae2f359bff0b0b7439b98b80936e58af2d91?s=96&d=mm&r=g","url":"https:\/\/secure.gravatar.com\/avatar\/002af9a4377d87096f281de7725cae2f359bff0b0b7439b98b80936e58af2d91?s=96&d=mm&r=g","contentUrl":"https:\/\/secure.gravatar.com\/avatar\/002af9a4377d87096f281de7725cae2f359bff0b0b7439b98b80936e58af2d91?s=96&d=mm&r=g","caption":"FP Superior UFV"},"sameAs":["https:\/\/fpsuperiorufv.lo"],"url":"https:\/\/fpsuperiorufv.es\/blog\/author\/administrador\/"}]}},"_links":{"self":[{"href":"https:\/\/fpsuperiorufv.es\/blog\/wp-json\/wp\/v2\/posts\/1506","targetHints":{"allow":["GET"]}}],"collection":[{"href":"https:\/\/fpsuperiorufv.es\/blog\/wp-json\/wp\/v2\/posts"}],"about":[{"href":"https:\/\/fpsuperiorufv.es\/blog\/wp-json\/wp\/v2\/types\/post"}],"author":[{"embeddable":true,"href":"https:\/\/fpsuperiorufv.es\/blog\/wp-json\/wp\/v2\/users\/1"}],"replies":[{"embeddable":true,"href":"https:\/\/fpsuperiorufv.es\/blog\/wp-json\/wp\/v2\/comments?post=1506"}],"version-history":[{"count":1,"href":"https:\/\/fpsuperiorufv.es\/blog\/wp-json\/wp\/v2\/posts\/1506\/revisions"}],"predecessor-version":[{"id":2236,"href":"https:\/\/fpsuperiorufv.es\/blog\/wp-json\/wp\/v2\/posts\/1506\/revisions\/2236"}],"wp:featuredmedia":[{"embeddable":true,"href":"https:\/\/fpsuperiorufv.es\/blog\/wp-json\/wp\/v2\/media\/2627"}],"wp:attachment":[{"href":"https:\/\/fpsuperiorufv.es\/blog\/wp-json\/wp\/v2\/media?parent=1506"}],"wp:term":[{"taxonomy":"category","embeddable":true,"href":"https:\/\/fpsuperiorufv.es\/blog\/wp-json\/wp\/v2\/categories?post=1506"},{"taxonomy":"post_tag","embeddable":true,"href":"https:\/\/fpsuperiorufv.es\/blog\/wp-json\/wp\/v2\/tags?post=1506"}],"curies":[{"name":"wp","href":"https:\/\/api.w.org\/{rel}","templated":true}]}}