{"id":1516,"date":"2025-12-08T21:17:54","date_gmt":"2025-12-08T20:17:54","guid":{"rendered":"https:\/\/fpsuperiorufv.es\/blog\/2025\/02\/06\/es-la-consultoria-de-imagen-una-buena-carrera\/"},"modified":"2025-12-15T14:17:18","modified_gmt":"2025-12-15T13:17:18","slug":"es-la-consultoria-de-imagen-una-buena-carrera-blog","status":"publish","type":"post","link":"https:\/\/fpsuperiorufv.es\/blog\/es-la-consultoria-de-imagen-una-buena-carrera-blog\/","title":{"rendered":"\u00bfEs la consultor\u00eda de imagen una buena carrera?"},"content":{"rendered":"<p><\/p>\n\n<p><span style=\"font-weight: 400;\">La consultor\u00eda de imagen es un campo en constante evoluci\u00f3n que ha cobrado gran relevancia en los \u00faltimos a\u00f1os. Cada vez m\u00e1s personas buscan mejorar su imagen personal y profesional, y nosotros estamos aqu\u00ed para explorar si esta podr\u00eda ser una carrera ideal para ti.<\/span><\/p>\n<h2>Curiosidades y estad\u00edsticas sobre la consultor\u00eda de imagen<\/h2>\n<ul>\n<li>El 80% de las personas cree que una buena imagen influye en su \u00e9xito profesional.<\/li>\n<li>Se estima que el mercado de la consultor\u00eda de imagen en Espa\u00f1a ha crecido un 20% en los \u00faltimos cinco a\u00f1os.<\/li>\n<li>La mayor\u00eda de los consultores de imagen trabaja de manera independiente o como freelancers.<\/li>\n<li>Las redes sociales han transformado la forma en que se percibe la imagen personal, aumentando la demanda de profesionales en este campo.<\/li>\n<li>La formaci\u00f3n en asesor\u00eda de imagen incluye \u00e1reas como el estilismo, la comunicaci\u00f3n y la psicolog\u00eda de la imagen.<\/li>\n<\/ul>\n<h2>\u00bfQu\u00e9 hace un consultor de imagen?<\/h2>\n<p><span style=\"font-weight: 400;\">Un consultor de imagen trabaja con individuos y empresas para mejorar su apariencia y la forma en que son percibidos por los dem\u00e1s. Esto incluye:<\/span><\/p>\n<ul>\n<li>Asesor\u00eda en vestimenta y estilo personal.<\/li>\n<li>Entrenamiento en habilidades de comunicaci\u00f3n y presentaci\u00f3n.<\/li>\n<li>Desarrollo de una marca personal coherente.<\/li>\n<li>Consejos sobre maquillaje, peluquer\u00eda y cuidado personal.<\/li>\n<\/ul>\n<h2>\u00bfPor qu\u00e9 elegir la consultor\u00eda de imagen como carrera?<\/h2>\n<p><span style=\"font-weight: 400;\">Elegir ser consultor de imagen puede ser una decisi\u00f3n muy gratificante. Algunas razones por las que podr\u00edas considerar esta carrera son:<\/span><\/p>\n<ul>\n<li><strong>Creatividad:<\/strong> Te permite expresar tu creatividad a trav\u00e9s del estilo y la est\u00e9tica.<\/li>\n<li><strong>Interacci\u00f3n social:<\/strong> Trabajar\u00e1s con diversas personas y aprender\u00e1s de sus historias.<\/li>\n<li><strong>Impacto positivo:<\/strong> Ayudar\u00e1s a las personas a sentirse mejor consigo mismas y a proyectar una imagen positiva.<\/li>\n<li><strong>Flexibilidad:<\/strong> Puedes trabajar de manera independiente o en empresas, adaptando tu carrera a tus necesidades.<\/li>\n<\/ul>\n<h2>Formaci\u00f3n necesaria para ser consultor de imagen<\/h2>\n<p><span style=\"font-weight: 400;\">Para convertirte en consultor de imagen, es esencial contar con una formaci\u00f3n adecuada. En nuestro ciclo formativo <a href=\"https:\/\/fpsuperiorufv.es\/ciclo-superior-en-asesoria-de-imagen-personal-y-corporativa\/\">T\u00e9cnico Superior en Asesor\u00eda de Imagen Personal y Corporativa<\/a>, adquirir\u00e1s las habilidades necesarias para destacar en este emocionante campo. Algunos de los temas que estudiar\u00e1s incluyen:<\/span><\/p>\n<ul>\n<li>Estilismo y asesor\u00eda de moda.<\/li>\n<li>Psicolog\u00eda de la imagen y la percepci\u00f3n.<\/li>\n<li>Comunicaci\u00f3n verbal y no verbal.<\/li>\n<li>Desarrollo de una marca personal.<\/li>\n<\/ul>\n<h2>El futuro de la consultor\u00eda de imagen<\/h2>\n<p><span style=\"font-weight: 400;\">El futuro de la consultor\u00eda de imagen se presenta lleno de oportunidades. Con el auge de las redes sociales, la imagen personal se ha vuelto m\u00e1s importante que nunca. Algunas tendencias que est\u00e1n marcando el futuro de esta profesi\u00f3n son:<\/span><\/p>\n<ul>\n<li>El aumento de la demanda por parte de empresas que buscan mejorar la imagen de sus empleados.<\/li>\n<li>La importancia de la imagen digital y la marca personal en l\u00ednea.<\/li>\n<li>El enfoque en la sostenibilidad en la moda y el estilo personal.<\/li>\n<\/ul>\n<h2>Ejemplos de \u00e9xito en la consultor\u00eda de imagen<\/h2>\n<p><span style=\"font-weight: 400;\">Existen numerosos casos de \u00e9xito en la consultor\u00eda de imagen que demuestran el impacto que puede tener esta profesi\u00f3n:<\/span><\/p>\n<ul>\n<li><strong>Consultores de imagen para celebridades:<\/strong> Muchos famosos cuentan con asesores de imagen que les ayudan a mantener su estilo y presencia p\u00fablica.<\/li>\n<li><strong>Empresas y marcas:<\/strong> Algunas empresas han cambiado su imagen y han aumentado sus ventas gracias a la asesor\u00eda de imagen profesional.<\/li>\n<li><strong>Transformaciones personales:<\/strong> Muchas personas han logrado cambios significativos en su vida personal y profesional tras recibir asesoramiento en imagen.<\/li>\n<\/ul>\n<h2>\u00bfQu\u00e9 habilidades necesitas para ser consultor de imagen?<\/h2>\n<p><span style=\"font-weight: 400;\">Para ser un buen consultor de imagen, es fundamental contar con ciertas habilidades y competencias. Algunas de las m\u00e1s importantes son:<\/span><\/p>\n<ul>\n<li><strong>Creatividad:<\/strong> Para desarrollar estilos \u00fanicos y personalizados.<\/li>\n<li><strong>Empat\u00eda:<\/strong> Para entender las necesidades y deseos de cada cliente.<\/li>\n<li><strong>Comunicaci\u00f3n:<\/strong> Para transmitir ideas de manera clara y efectiva.<\/li>\n<li><strong>Conocimiento de tendencias:<\/strong> Mantenerse al tanto de las \u00faltimas tendencias en moda y estilo.<\/li>\n<\/ul>\n<h2>Preguntas frecuentes<\/h2>\n<h3>\u00bfEs necesario tener un t\u00edtulo para ser consultor de imagen?<\/h3>\n<p><span style=\"font-weight: 400;\">No es estrictamente necesario, pero contar con una formaci\u00f3n especializada, como la que ofrecemos en nuestro ciclo formativo, puede abrirte muchas puertas y darte una ventaja competitiva.<\/span><\/p>\n<h3>\u00bfCu\u00e1nto se puede ganar como consultor de imagen?<\/h3>\n<p><span style=\"font-weight: 400;\">Los ingresos pueden variar dependiendo de la experiencia y el tipo de clientes. Un consultor de imagen puede ganar desde 30.000 hasta 60.000 euros anuales, o incluso m\u00e1s en el caso de trabajar con clientes de alto perfil.<\/span><\/p>\n<h3>\u00bfPuedo trabajar de manera independiente como consultor de imagen?<\/h3>\n<p><span style=\"font-weight: 400;\">S\u00ed, muchos consultores de imagen trabajan de forma independiente, ofreciendo servicios personalizados a sus clientes. Esto te permite tener mayor flexibilidad y control sobre tu carrera.<\/span><\/p>\n<h2>Conclusi\u00f3n<\/h2>\n<p><span style=\"font-weight: 400;\">La consultor\u00eda de imagen es una carrera emocionante y en crecimiento. Si te apasiona ayudar a las personas a mejorar su imagen y a desarrollar su marca personal, esta podr\u00eda ser la opci\u00f3n perfecta para ti. Recuerda que la formaci\u00f3n es clave, y en nuestro ciclo formativo <a href=\"https:\/\/fpsuperiorufv.es\/ciclo-superior-en-asesoria-de-imagen-personal-y-corporativa\/\">T\u00e9cnico Superior en Asesor\u00eda de Imagen Personal y Corporativa<\/a>, te proporcionaremos todas las herramientas necesarias para triunfar en este campo. \u00a1No esperes m\u00e1s para dar el primer paso hacia una carrera llena de oportunidades!<\/span><br \/>\n<\/p>\n<p><\/p>\n","protected":false},"excerpt":{"rendered":"<p>[vc_section][vc_row][vc_column css=\".vc_custom_1655805738975{margin-top: 0px !important;margin-right: 0px !important;margin-bottom: 0px !important;margin-left: 0px !important;}\"][vc_breadcrumbs_module][\/vc_column][\/vc_row][\/vc_section][vc_section][vc_row el_class=\"container\" css=\".vc_custom_1655802988397{padding-top: 50px !important;padding-bottom: 50px !important;}\"][vc_column][vc_single_image source=\"featured_image\" img_size=\"full\" alignment=\"center\" css=\".vc_custom_1660030768789{padding-top: 20px !important;padding-bottom: 20px !important;}\"][vc_column_text] La consultor\u00eda de imagen es un campo en constante evoluci\u00f3n que ha cobrado gran relevancia en los \u00faltimos a\u00f1os. Cada vez m\u00e1s personas buscan mejorar su imagen personal y profesional, y &hellip;<\/p>\n","protected":false},"author":1,"featured_media":2632,"comment_status":"closed","ping_status":"open","sticky":false,"template":"","format":"standard","meta":{"inline_featured_image":false,"footnotes":""},"categories":[9,393],"tags":[],"class_list":["post-1516","post","type-post","status-publish","format-standard","has-post-thumbnail","hentry","category-blog","category-preguntas-frecuentes"],"yoast_head":"<!-- This site is optimized with the Yoast SEO plugin v27.4 - https:\/\/yoast.com\/product\/yoast-seo-wordpress\/ -->\n<title>\u00bfEs la consultor\u00eda de imagen una buena carrera? - Cetys<\/title>\n<meta name=\"robots\" content=\"index, follow, max-snippet:-1, max-image-preview:large, max-video-preview:-1\" \/>\n<link rel=\"canonical\" href=\"https:\/\/fpsuperiorufv.es\/blog\/es-la-consultoria-de-imagen-una-buena-carrera-blog\/\" \/>\n<meta property=\"og:locale\" content=\"es_ES\" \/>\n<meta property=\"og:type\" content=\"article\" \/>\n<meta property=\"og:title\" content=\"\u00bfEs la consultor\u00eda de imagen una buena carrera? - Cetys\" \/>\n<meta property=\"og:description\" content=\"La consultor\u00eda de imagen es un campo en constante evoluci\u00f3n que ha cobrado gran relevancia en los \u00faltimos a\u00f1os. Cada vez m\u00e1s personas buscan mejorar su imagen personal y profesional, y &hellip;\" \/>\n<meta property=\"og:url\" content=\"https:\/\/fpsuperiorufv.es\/blog\/es-la-consultoria-de-imagen-una-buena-carrera-blog\/\" \/>\n<meta property=\"og:site_name\" content=\"Cetys\" \/>\n<meta property=\"article:published_time\" content=\"2025-12-08T20:17:54+00:00\" \/>\n<meta property=\"article:modified_time\" content=\"2025-12-15T13:17:18+00:00\" \/>\n<meta property=\"og:image\" content=\"https:\/\/fpsuperiorufv.es\/blog\/wp-content\/uploads\/2025\/08\/8-scaled-1.jpg\" \/>\n\t<meta property=\"og:image:width\" content=\"2560\" \/>\n\t<meta property=\"og:image:height\" content=\"1920\" \/>\n\t<meta property=\"og:image:type\" content=\"image\/jpeg\" \/>\n<meta name=\"author\" content=\"FP Superior UFV\" \/>\n<meta name=\"twitter:card\" content=\"summary_large_image\" \/>\n<meta name=\"twitter:label1\" content=\"Escrito por\" \/>\n\t<meta name=\"twitter:data1\" content=\"FP Superior UFV\" \/>\n\t<meta name=\"twitter:label2\" content=\"Tiempo de lectura\" \/>\n\t<meta name=\"twitter:data2\" content=\"5 minutos\" \/>\n<script type=\"application\/ld+json\" class=\"yoast-schema-graph\">{\"@context\":\"https:\\\/\\\/schema.org\",\"@graph\":[{\"@type\":\"Article\",\"@id\":\"https:\\\/\\\/fpsuperiorufv.es\\\/blog\\\/es-la-consultoria-de-imagen-una-buena-carrera-blog\\\/#article\",\"isPartOf\":{\"@id\":\"https:\\\/\\\/fpsuperiorufv.es\\\/blog\\\/es-la-consultoria-de-imagen-una-buena-carrera-blog\\\/\"},\"author\":{\"name\":\"FP Superior UFV\",\"@id\":\"https:\\\/\\\/fpsuperiorufv.es\\\/blog\\\/#\\\/schema\\\/person\\\/c7ac6e2e7af298050da8d956ac824347\"},\"headline\":\"\u00bfEs la consultor\u00eda de imagen una buena carrera?\",\"datePublished\":\"2025-12-08T20:17:54+00:00\",\"dateModified\":\"2025-12-15T13:17:18+00:00\",\"mainEntityOfPage\":{\"@id\":\"https:\\\/\\\/fpsuperiorufv.es\\\/blog\\\/es-la-consultoria-de-imagen-una-buena-carrera-blog\\\/\"},\"wordCount\":981,\"publisher\":{\"@id\":\"https:\\\/\\\/fpsuperiorufv.es\\\/blog\\\/#organization\"},\"image\":{\"@id\":\"https:\\\/\\\/fpsuperiorufv.es\\\/blog\\\/es-la-consultoria-de-imagen-una-buena-carrera-blog\\\/#primaryimage\"},\"thumbnailUrl\":\"https:\\\/\\\/fpsuperiorufv.es\\\/blog\\\/wp-content\\\/uploads\\\/2025\\\/08\\\/8-scaled-1.jpg\",\"articleSection\":[\"Blog\",\"Preguntas frecuentes\"],\"inLanguage\":\"es\"},{\"@type\":\"WebPage\",\"@id\":\"https:\\\/\\\/fpsuperiorufv.es\\\/blog\\\/es-la-consultoria-de-imagen-una-buena-carrera-blog\\\/\",\"url\":\"https:\\\/\\\/fpsuperiorufv.es\\\/blog\\\/es-la-consultoria-de-imagen-una-buena-carrera-blog\\\/\",\"name\":\"\u00bfEs la consultor\u00eda de imagen una buena carrera? - Cetys\",\"isPartOf\":{\"@id\":\"https:\\\/\\\/fpsuperiorufv.es\\\/blog\\\/#website\"},\"primaryImageOfPage\":{\"@id\":\"https:\\\/\\\/fpsuperiorufv.es\\\/blog\\\/es-la-consultoria-de-imagen-una-buena-carrera-blog\\\/#primaryimage\"},\"image\":{\"@id\":\"https:\\\/\\\/fpsuperiorufv.es\\\/blog\\\/es-la-consultoria-de-imagen-una-buena-carrera-blog\\\/#primaryimage\"},\"thumbnailUrl\":\"https:\\\/\\\/fpsuperiorufv.es\\\/blog\\\/wp-content\\\/uploads\\\/2025\\\/08\\\/8-scaled-1.jpg\",\"datePublished\":\"2025-12-08T20:17:54+00:00\",\"dateModified\":\"2025-12-15T13:17:18+00:00\",\"breadcrumb\":{\"@id\":\"https:\\\/\\\/fpsuperiorufv.es\\\/blog\\\/es-la-consultoria-de-imagen-una-buena-carrera-blog\\\/#breadcrumb\"},\"inLanguage\":\"es\",\"potentialAction\":[{\"@type\":\"ReadAction\",\"target\":[\"https:\\\/\\\/fpsuperiorufv.es\\\/blog\\\/es-la-consultoria-de-imagen-una-buena-carrera-blog\\\/\"]}]},{\"@type\":\"ImageObject\",\"inLanguage\":\"es\",\"@id\":\"https:\\\/\\\/fpsuperiorufv.es\\\/blog\\\/es-la-consultoria-de-imagen-una-buena-carrera-blog\\\/#primaryimage\",\"url\":\"https:\\\/\\\/fpsuperiorufv.es\\\/blog\\\/wp-content\\\/uploads\\\/2025\\\/08\\\/8-scaled-1.jpg\",\"contentUrl\":\"https:\\\/\\\/fpsuperiorufv.es\\\/blog\\\/wp-content\\\/uploads\\\/2025\\\/08\\\/8-scaled-1.jpg\",\"width\":2560,\"height\":1920},{\"@type\":\"BreadcrumbList\",\"@id\":\"https:\\\/\\\/fpsuperiorufv.es\\\/blog\\\/es-la-consultoria-de-imagen-una-buena-carrera-blog\\\/#breadcrumb\",\"itemListElement\":[{\"@type\":\"ListItem\",\"position\":1,\"name\":\"Home\",\"item\":\"https:\\\/\\\/fpsuperiorufv.es\\\/blog\\\/\"},{\"@type\":\"ListItem\",\"position\":2,\"name\":\"\u00bfEs la consultor\u00eda de imagen una buena carrera?\"}]},{\"@type\":\"WebSite\",\"@id\":\"https:\\\/\\\/fpsuperiorufv.es\\\/blog\\\/#website\",\"url\":\"https:\\\/\\\/fpsuperiorufv.es\\\/blog\\\/\",\"name\":\"Fp Superior Francisco de Vitoria\",\"description\":\"\",\"publisher\":{\"@id\":\"https:\\\/\\\/fpsuperiorufv.es\\\/blog\\\/#organization\"},\"alternateName\":\"Cetys\",\"potentialAction\":[{\"@type\":\"SearchAction\",\"target\":{\"@type\":\"EntryPoint\",\"urlTemplate\":\"https:\\\/\\\/fpsuperiorufv.es\\\/blog\\\/?s={search_term_string}\"},\"query-input\":{\"@type\":\"PropertyValueSpecification\",\"valueRequired\":true,\"valueName\":\"search_term_string\"}}],\"inLanguage\":\"es\"},{\"@type\":\"Organization\",\"@id\":\"https:\\\/\\\/fpsuperiorufv.es\\\/blog\\\/#organization\",\"name\":\"Cetys\",\"url\":\"https:\\\/\\\/fpsuperiorufv.es\\\/blog\\\/\",\"logo\":{\"@type\":\"ImageObject\",\"inLanguage\":\"es\",\"@id\":\"https:\\\/\\\/fpsuperiorufv.es\\\/blog\\\/#\\\/schema\\\/logo\\\/image\\\/\",\"url\":\"https:\\\/\\\/fpsuperiorufv.lo\\\/wp-content\\\/uploads\\\/2025\\\/02\\\/logo.svg\",\"contentUrl\":\"https:\\\/\\\/fpsuperiorufv.lo\\\/wp-content\\\/uploads\\\/2025\\\/02\\\/logo.svg\",\"width\":\"1024\",\"height\":\"1024\",\"caption\":\"Cetys\"},\"image\":{\"@id\":\"https:\\\/\\\/fpsuperiorufv.es\\\/blog\\\/#\\\/schema\\\/logo\\\/image\\\/\"}},{\"@type\":\"Person\",\"@id\":\"https:\\\/\\\/fpsuperiorufv.es\\\/blog\\\/#\\\/schema\\\/person\\\/c7ac6e2e7af298050da8d956ac824347\",\"name\":\"FP Superior UFV\",\"image\":{\"@type\":\"ImageObject\",\"inLanguage\":\"es\",\"@id\":\"https:\\\/\\\/secure.gravatar.com\\\/avatar\\\/002af9a4377d87096f281de7725cae2f359bff0b0b7439b98b80936e58af2d91?s=96&d=mm&r=g\",\"url\":\"https:\\\/\\\/secure.gravatar.com\\\/avatar\\\/002af9a4377d87096f281de7725cae2f359bff0b0b7439b98b80936e58af2d91?s=96&d=mm&r=g\",\"contentUrl\":\"https:\\\/\\\/secure.gravatar.com\\\/avatar\\\/002af9a4377d87096f281de7725cae2f359bff0b0b7439b98b80936e58af2d91?s=96&d=mm&r=g\",\"caption\":\"FP Superior UFV\"},\"sameAs\":[\"https:\\\/\\\/fpsuperiorufv.lo\"],\"url\":\"https:\\\/\\\/fpsuperiorufv.es\\\/blog\\\/author\\\/administrador\\\/\"}]}<\/script>\n<!-- \/ Yoast SEO plugin. -->","yoast_head_json":{"title":"\u00bfEs la consultor\u00eda de imagen una buena carrera? - Cetys","robots":{"index":"index","follow":"follow","max-snippet":"max-snippet:-1","max-image-preview":"max-image-preview:large","max-video-preview":"max-video-preview:-1"},"canonical":"https:\/\/fpsuperiorufv.es\/blog\/es-la-consultoria-de-imagen-una-buena-carrera-blog\/","og_locale":"es_ES","og_type":"article","og_title":"\u00bfEs la consultor\u00eda de imagen una buena carrera? - Cetys","og_description":"La consultor\u00eda de imagen es un campo en constante evoluci\u00f3n que ha cobrado gran relevancia en los \u00faltimos a\u00f1os. Cada vez m\u00e1s personas buscan mejorar su imagen personal y profesional, y &hellip;","og_url":"https:\/\/fpsuperiorufv.es\/blog\/es-la-consultoria-de-imagen-una-buena-carrera-blog\/","og_site_name":"Cetys","article_published_time":"2025-12-08T20:17:54+00:00","article_modified_time":"2025-12-15T13:17:18+00:00","og_image":[{"width":2560,"height":1920,"url":"https:\/\/fpsuperiorufv.es\/blog\/wp-content\/uploads\/2025\/08\/8-scaled-1.jpg","type":"image\/jpeg"}],"author":"FP Superior UFV","twitter_card":"summary_large_image","twitter_misc":{"Escrito por":"FP Superior UFV","Tiempo de lectura":"5 minutos"},"schema":{"@context":"https:\/\/schema.org","@graph":[{"@type":"Article","@id":"https:\/\/fpsuperiorufv.es\/blog\/es-la-consultoria-de-imagen-una-buena-carrera-blog\/#article","isPartOf":{"@id":"https:\/\/fpsuperiorufv.es\/blog\/es-la-consultoria-de-imagen-una-buena-carrera-blog\/"},"author":{"name":"FP Superior UFV","@id":"https:\/\/fpsuperiorufv.es\/blog\/#\/schema\/person\/c7ac6e2e7af298050da8d956ac824347"},"headline":"\u00bfEs la consultor\u00eda de imagen una buena carrera?","datePublished":"2025-12-08T20:17:54+00:00","dateModified":"2025-12-15T13:17:18+00:00","mainEntityOfPage":{"@id":"https:\/\/fpsuperiorufv.es\/blog\/es-la-consultoria-de-imagen-una-buena-carrera-blog\/"},"wordCount":981,"publisher":{"@id":"https:\/\/fpsuperiorufv.es\/blog\/#organization"},"image":{"@id":"https:\/\/fpsuperiorufv.es\/blog\/es-la-consultoria-de-imagen-una-buena-carrera-blog\/#primaryimage"},"thumbnailUrl":"https:\/\/fpsuperiorufv.es\/blog\/wp-content\/uploads\/2025\/08\/8-scaled-1.jpg","articleSection":["Blog","Preguntas frecuentes"],"inLanguage":"es"},{"@type":"WebPage","@id":"https:\/\/fpsuperiorufv.es\/blog\/es-la-consultoria-de-imagen-una-buena-carrera-blog\/","url":"https:\/\/fpsuperiorufv.es\/blog\/es-la-consultoria-de-imagen-una-buena-carrera-blog\/","name":"\u00bfEs la consultor\u00eda de imagen una buena carrera? - Cetys","isPartOf":{"@id":"https:\/\/fpsuperiorufv.es\/blog\/#website"},"primaryImageOfPage":{"@id":"https:\/\/fpsuperiorufv.es\/blog\/es-la-consultoria-de-imagen-una-buena-carrera-blog\/#primaryimage"},"image":{"@id":"https:\/\/fpsuperiorufv.es\/blog\/es-la-consultoria-de-imagen-una-buena-carrera-blog\/#primaryimage"},"thumbnailUrl":"https:\/\/fpsuperiorufv.es\/blog\/wp-content\/uploads\/2025\/08\/8-scaled-1.jpg","datePublished":"2025-12-08T20:17:54+00:00","dateModified":"2025-12-15T13:17:18+00:00","breadcrumb":{"@id":"https:\/\/fpsuperiorufv.es\/blog\/es-la-consultoria-de-imagen-una-buena-carrera-blog\/#breadcrumb"},"inLanguage":"es","potentialAction":[{"@type":"ReadAction","target":["https:\/\/fpsuperiorufv.es\/blog\/es-la-consultoria-de-imagen-una-buena-carrera-blog\/"]}]},{"@type":"ImageObject","inLanguage":"es","@id":"https:\/\/fpsuperiorufv.es\/blog\/es-la-consultoria-de-imagen-una-buena-carrera-blog\/#primaryimage","url":"https:\/\/fpsuperiorufv.es\/blog\/wp-content\/uploads\/2025\/08\/8-scaled-1.jpg","contentUrl":"https:\/\/fpsuperiorufv.es\/blog\/wp-content\/uploads\/2025\/08\/8-scaled-1.jpg","width":2560,"height":1920},{"@type":"BreadcrumbList","@id":"https:\/\/fpsuperiorufv.es\/blog\/es-la-consultoria-de-imagen-una-buena-carrera-blog\/#breadcrumb","itemListElement":[{"@type":"ListItem","position":1,"name":"Home","item":"https:\/\/fpsuperiorufv.es\/blog\/"},{"@type":"ListItem","position":2,"name":"\u00bfEs la consultor\u00eda de imagen una buena carrera?"}]},{"@type":"WebSite","@id":"https:\/\/fpsuperiorufv.es\/blog\/#website","url":"https:\/\/fpsuperiorufv.es\/blog\/","name":"Fp Superior Francisco de Vitoria","description":"","publisher":{"@id":"https:\/\/fpsuperiorufv.es\/blog\/#organization"},"alternateName":"Cetys","potentialAction":[{"@type":"SearchAction","target":{"@type":"EntryPoint","urlTemplate":"https:\/\/fpsuperiorufv.es\/blog\/?s={search_term_string}"},"query-input":{"@type":"PropertyValueSpecification","valueRequired":true,"valueName":"search_term_string"}}],"inLanguage":"es"},{"@type":"Organization","@id":"https:\/\/fpsuperiorufv.es\/blog\/#organization","name":"Cetys","url":"https:\/\/fpsuperiorufv.es\/blog\/","logo":{"@type":"ImageObject","inLanguage":"es","@id":"https:\/\/fpsuperiorufv.es\/blog\/#\/schema\/logo\/image\/","url":"https:\/\/fpsuperiorufv.lo\/wp-content\/uploads\/2025\/02\/logo.svg","contentUrl":"https:\/\/fpsuperiorufv.lo\/wp-content\/uploads\/2025\/02\/logo.svg","width":"1024","height":"1024","caption":"Cetys"},"image":{"@id":"https:\/\/fpsuperiorufv.es\/blog\/#\/schema\/logo\/image\/"}},{"@type":"Person","@id":"https:\/\/fpsuperiorufv.es\/blog\/#\/schema\/person\/c7ac6e2e7af298050da8d956ac824347","name":"FP Superior UFV","image":{"@type":"ImageObject","inLanguage":"es","@id":"https:\/\/secure.gravatar.com\/avatar\/002af9a4377d87096f281de7725cae2f359bff0b0b7439b98b80936e58af2d91?s=96&d=mm&r=g","url":"https:\/\/secure.gravatar.com\/avatar\/002af9a4377d87096f281de7725cae2f359bff0b0b7439b98b80936e58af2d91?s=96&d=mm&r=g","contentUrl":"https:\/\/secure.gravatar.com\/avatar\/002af9a4377d87096f281de7725cae2f359bff0b0b7439b98b80936e58af2d91?s=96&d=mm&r=g","caption":"FP Superior UFV"},"sameAs":["https:\/\/fpsuperiorufv.lo"],"url":"https:\/\/fpsuperiorufv.es\/blog\/author\/administrador\/"}]}},"_links":{"self":[{"href":"https:\/\/fpsuperiorufv.es\/blog\/wp-json\/wp\/v2\/posts\/1516","targetHints":{"allow":["GET"]}}],"collection":[{"href":"https:\/\/fpsuperiorufv.es\/blog\/wp-json\/wp\/v2\/posts"}],"about":[{"href":"https:\/\/fpsuperiorufv.es\/blog\/wp-json\/wp\/v2\/types\/post"}],"author":[{"embeddable":true,"href":"https:\/\/fpsuperiorufv.es\/blog\/wp-json\/wp\/v2\/users\/1"}],"replies":[{"embeddable":true,"href":"https:\/\/fpsuperiorufv.es\/blog\/wp-json\/wp\/v2\/comments?post=1516"}],"version-history":[{"count":1,"href":"https:\/\/fpsuperiorufv.es\/blog\/wp-json\/wp\/v2\/posts\/1516\/revisions"}],"predecessor-version":[{"id":2241,"href":"https:\/\/fpsuperiorufv.es\/blog\/wp-json\/wp\/v2\/posts\/1516\/revisions\/2241"}],"wp:featuredmedia":[{"embeddable":true,"href":"https:\/\/fpsuperiorufv.es\/blog\/wp-json\/wp\/v2\/media\/2632"}],"wp:attachment":[{"href":"https:\/\/fpsuperiorufv.es\/blog\/wp-json\/wp\/v2\/media?parent=1516"}],"wp:term":[{"taxonomy":"category","embeddable":true,"href":"https:\/\/fpsuperiorufv.es\/blog\/wp-json\/wp\/v2\/categories?post=1516"},{"taxonomy":"post_tag","embeddable":true,"href":"https:\/\/fpsuperiorufv.es\/blog\/wp-json\/wp\/v2\/tags?post=1516"}],"curies":[{"name":"wp","href":"https:\/\/api.w.org\/{rel}","templated":true}]}}