{"id":1576,"date":"2025-12-11T10:17:48","date_gmt":"2025-12-11T09:17:48","guid":{"rendered":"https:\/\/fpsuperiorufv.es\/blog\/2025\/02\/07\/como-ser-asesor-de-imagen\/"},"modified":"2025-12-15T14:18:17","modified_gmt":"2025-12-15T13:18:17","slug":"como-ser-asesor-de-imagen-blog","status":"publish","type":"post","link":"https:\/\/fpsuperiorufv.es\/blog\/como-ser-asesor-de-imagen-blog\/","title":{"rendered":"\u00bfC\u00f3mo ser asesor de imagen?"},"content":{"rendered":"<p><\/p>\n\n<p><span style=\"font-weight: 400;\">Si alguna vez has pensado en ayudar a otros a mejorar su imagen personal y profesional, \u00a1est\u00e1s en el lugar correcto! Ser asesor de imagen es una carrera apasionante que combina creatividad, psicolog\u00eda y una profunda comprensi\u00f3n de la moda y la belleza. En este art\u00edculo, te mostraremos c\u00f3mo puedes convertirte en un experto en asesor\u00eda de imagen y las habilidades que necesitar\u00e1s para triunfar en este campo.<\/span><\/p>\n<h2>Curiosidades e informaci\u00f3n interesante sobre ser asesor de imagen<\/h2>\n<ul>\n<li>El mercado de la asesor\u00eda de imagen ha crecido un 30% en los \u00faltimos cinco a\u00f1os.<\/li>\n<li>M\u00e1s del 70% de los clientes que contratan a un asesor de imagen reportan un aumento en su confianza personal.<\/li>\n<li>Las redes sociales han revolucionado la forma en que los asesores de imagen se promocionan.<\/li>\n<li>Las habilidades de comunicaci\u00f3n son esenciales; un 50% de nuestra labor consiste en escuchar a nuestros clientes.<\/li>\n<li>La asesor\u00eda de imagen no solo se trata de moda, tambi\u00e9n incluye el cuidado personal, la imagen online y el protocolo.<\/li>\n<\/ul>\n<h2>\u00bfQu\u00e9 es un asesor de imagen?<\/h2>\n<p><span style=\"font-weight: 400;\">Un asesor de imagen es un profesional que ayuda a individuos y empresas a mejorar su apariencia y presentaci\u00f3n. Esto no solo incluye la vestimenta, sino tambi\u00e9n el lenguaje corporal, la higiene personal y la forma en que se comunican. Nuestro objetivo principal es que nuestros clientes se sientan seguros y c\u00f3modos en su propia piel.<\/span><\/p>\n<h2>\u00bfQu\u00e9 habilidades necesitas para ser asesor de imagen?<\/h2>\n<p><span style=\"font-weight: 400;\">Para destacar como asesor de imagen, es fundamental contar con una variedad de habilidades. Algunas de las m\u00e1s importantes son:<\/span><\/p>\n<ul>\n<li><strong>Creatividad:<\/strong> Necesitamos ser capaces de pensar fuera de la caja y ofrecer soluciones \u00fanicas a cada cliente.<\/li>\n<li><strong>Empat\u00eda:<\/strong> Comprender las necesidades y deseos de nuestros clientes es esencial para brindar un buen servicio.<\/li>\n<li><strong>Conocimientos de moda:<\/strong> Estar al d\u00eda con las tendencias y estilos actuales es crucial.<\/li>\n<li><strong>Capacidades de comunicaci\u00f3n:<\/strong> Saber c\u00f3mo transmitir nuestras ideas de manera clara y efectiva es vital.<\/li>\n<li><strong>Conocimientos sobre protocolo y etiqueta:<\/strong> Entender las normas sociales y c\u00f3mo aplicarlas puede marcar la diferencia.<\/li>\n<\/ul>\n<h2>\u00bfC\u00f3mo formarse para ser asesor de imagen?<\/h2>\n<p><span style=\"font-weight: 400;\">Existen diversas v\u00edas para formarse en esta \u00e1rea. En <a href=\"https:\/\/fpsuperiorufv.es\/ciclo-superior-en-asesoria-de-imagen-personal-y-corporativa\/\">FP Superior Francisco de Vitoria<\/a>, ofrecemos un Ciclo Superior en Asesor\u00eda de Imagen Personal y Corporativa donde podr\u00e1s adquirir todas las habilidades necesarias para comenzar tu carrera. A continuaci\u00f3n, te mostramos algunos pasos a seguir:<\/span><\/p>\n<ul>\n<li><strong>Formaci\u00f3n acad\u00e9mica:<\/strong> Considera inscribirte en un ciclo formativo o curso especializado en asesor\u00eda de imagen.<\/li>\n<li><strong>Pr\u00e1ctica:<\/strong> Realiza pr\u00e1cticas en empresas o con profesionales del sector para ganar experiencia.<\/li>\n<li><strong>Networking:<\/strong> Con\u00e9ctate con otros profesionales del sector a trav\u00e9s de eventos y redes sociales.<\/li>\n<li><strong>Certificaciones:<\/strong> Algunas organizaciones ofrecen certificaciones que pueden mejorar tu curr\u00edculum.<\/li>\n<li><strong>Autoaprendizaje:<\/strong> Mantente al d\u00eda con libros, blogs y cursos online sobre moda y asesor\u00eda de imagen.<\/li>\n<\/ul>\n<h2>\u00c1reas de especializaci\u00f3n dentro de la asesor\u00eda de imagen<\/h2>\n<p><span style=\"font-weight: 400;\">La asesor\u00eda de imagen es un campo amplio y variado. Algunas \u00e1reas de especializaci\u00f3n incluyen:<\/span><\/p>\n<ul>\n<li><strong>Asesor\u00eda de imagen personal:<\/strong> Se centra en ayudar a individuos a mejorar su apariencia y estilo.<\/li>\n<li><strong>Asesor\u00eda de imagen corporativa:<\/strong> Ayuda a empresas a proyectar una imagen profesional y coherente.<\/li>\n<li><strong>Asesor\u00eda de imagen online:<\/strong> Se enfoca en la gesti\u00f3n de la reputaci\u00f3n digital y la presencia en redes sociales.<\/li>\n<li><strong>Protocolos y etiqueta:<\/strong> Ense\u00f1a a los clientes c\u00f3mo comportarse adecuadamente en diferentes situaciones sociales y profesionales.<\/li>\n<\/ul>\n<h2>Ejemplo de un d\u00eda en la vida de un asesor de imagen<\/h2>\n<p><span style=\"font-weight: 400;\">\u00bfTe imaginas c\u00f3mo ser\u00eda un d\u00eda t\u00edpico en esta profesi\u00f3n? Te lo contamos:<\/span><\/p>\n<ul>\n<li>Realizamos una reuni\u00f3n con un nuevo cliente para conocer sus necesidades y expectativas.<\/li>\n<li>Desarrollamos un an\u00e1lisis de su guardarropa actual y sugerimos nuevas combinaciones.<\/li>\n<li>Visitamos tiendas y boutiques para seleccionar prendas que se ajusten a su estilo y presupuesto.<\/li>\n<li>Ofrecemos consejos sobre maquillaje y cuidado personal.<\/li>\n<li>Finalizamos el d\u00eda con una revisi\u00f3n de lo aprendido y un plan de seguimiento.<\/li>\n<\/ul>\n<h2>Perspectivas laborales en asesor\u00eda de imagen<\/h2>\n<p><span style=\"font-weight: 400;\">La demanda de asesores de imagen est\u00e1 en aumento, lo que se traduce en excelentes oportunidades laborales. Algunos caminos que puedes seguir son:<\/span><\/p>\n<ul>\n<li>Trabajar de manera freelance, ofreciendo tus servicios de forma independiente.<\/li>\n<li>Unirte a una agencia de moda o asesor\u00eda.<\/li>\n<li>Crear tu propia marca personal y ofrecer talleres o seminarios.<\/li>\n<li>Colaborar con empresas en la creaci\u00f3n de programas de formaci\u00f3n en imagen.<\/li>\n<li>Especializarte en un nicho espec\u00edfico, como la asesor\u00eda para eventos o la moda sostenible.<\/li>\n<\/ul>\n<h2>Preguntas frecuentes<\/h2>\n<h3>\u00bfQu\u00e9 tipo de formaci\u00f3n se necesita para ser asesor de imagen?<\/h3>\n<p><span style=\"font-weight: 400;\">Generalmente, se recomienda realizar un ciclo formativo en asesor\u00eda de imagen o cursos especializados. Tambi\u00e9n es \u00fatil tener experiencia en moda, dise\u00f1o o comunicaci\u00f3n.<\/span><\/p>\n<h3>\u00bfCu\u00e1nto se puede ganar como asesor de imagen?<\/h3>\n<p><span style=\"font-weight: 400;\">Los ingresos pueden variar ampliamente. Un asesor de imagen freelance puede ganar desde 500 hasta 3,000 euros al mes, dependiendo de la demanda y la experiencia.<\/span><\/p>\n<h3>\u00bfEs necesario tener un estilo personal definido?<\/h3>\n<p><span style=\"font-weight: 400;\">No es obligatorio tener un estilo personal espec\u00edfico. Lo m\u00e1s importante es entender y adaptar el estilo a las necesidades de cada cliente.<\/span><\/p>\n<h3>\u00bfQu\u00e9 herramientas son \u00fatiles para un asesor de imagen?<\/h3>\n<p><span style=\"font-weight: 400;\">Algunas herramientas \u00fatiles incluyen:<\/span><\/p>\n<ul>\n<li>Software de dise\u00f1o gr\u00e1fico para crear moodboards.<\/li>\n<li>Aplicaciones de organizaci\u00f3n para gestionar citas y seguimientos.<\/li>\n<li>Material de presentaci\u00f3n para mostrar ejemplos a los clientes.<\/li>\n<\/ul>\n<p><span style=\"font-weight: 400;\">Si te apasiona ayudar a otros a mejorar su imagen y quieres adquirir las habilidades necesarias para triunfar, no dudes en considerar nuestro <a href=\"https:\/\/fpsuperiorufv.es\/ciclo-superior-en-asesoria-de-imagen-personal-y-corporativa\/\">Ciclo Superior en Asesor\u00eda de Imagen Personal y Corporativa<\/a> en FP Superior Francisco de Vitoria. \u00a1Estamos aqu\u00ed para acompa\u00f1arte en este emocionante viaje hacia tu futuro profesional!<\/span><\/p>\n<p><\/p>\n<p><\/p>\n","protected":false},"excerpt":{"rendered":"<p>[vc_section][vc_row][vc_column css=\".vc_custom_1655805738975{margin-top: 0px !important;margin-right: 0px !important;margin-bottom: 0px !important;margin-left: 0px !important;}\"][vc_breadcrumbs_module][\/vc_column][\/vc_row][\/vc_section][vc_section][vc_row el_class=\"container\" css=\".vc_custom_1655802988397{padding-top: 50px !important;padding-bottom: 50px !important;}\"][vc_column][vc_single_image source=\"featured_image\" img_size=\"full\" alignment=\"center\" css=\".vc_custom_1660030768789{padding-top: 20px !important;padding-bottom: 20px !important;}\"][vc_column_text] Si alguna vez has pensado en ayudar a otros a mejorar su imagen personal y profesional, \u00a1est\u00e1s en el lugar correcto! Ser asesor de imagen es una carrera apasionante que combina &hellip;<\/p>\n","protected":false},"author":1,"featured_media":2657,"comment_status":"closed","ping_status":"open","sticky":false,"template":"","format":"standard","meta":{"inline_featured_image":false,"footnotes":""},"categories":[9,393],"tags":[],"class_list":["post-1576","post","type-post","status-publish","format-standard","has-post-thumbnail","hentry","category-blog","category-preguntas-frecuentes"],"yoast_head":"<!-- This site is optimized with the Yoast SEO plugin v27.4 - https:\/\/yoast.com\/product\/yoast-seo-wordpress\/ -->\n<title>\u00bfC\u00f3mo ser asesor de imagen? - Cetys<\/title>\n<meta name=\"robots\" content=\"index, follow, max-snippet:-1, max-image-preview:large, max-video-preview:-1\" \/>\n<link rel=\"canonical\" href=\"https:\/\/fpsuperiorufv.es\/blog\/como-ser-asesor-de-imagen-blog\/\" \/>\n<meta property=\"og:locale\" content=\"es_ES\" \/>\n<meta property=\"og:type\" content=\"article\" \/>\n<meta property=\"og:title\" content=\"\u00bfC\u00f3mo ser asesor de imagen? - Cetys\" \/>\n<meta property=\"og:description\" content=\"Si alguna vez has pensado en ayudar a otros a mejorar su imagen personal y profesional, \u00a1est\u00e1s en el lugar correcto! Ser asesor de imagen es una carrera apasionante que combina &hellip;\" \/>\n<meta property=\"og:url\" content=\"https:\/\/fpsuperiorufv.es\/blog\/como-ser-asesor-de-imagen-blog\/\" \/>\n<meta property=\"og:site_name\" content=\"Cetys\" \/>\n<meta property=\"article:published_time\" content=\"2025-12-11T09:17:48+00:00\" \/>\n<meta property=\"article:modified_time\" content=\"2025-12-15T13:18:17+00:00\" \/>\n<meta property=\"og:image\" content=\"https:\/\/fpsuperiorufv.es\/blog\/wp-content\/uploads\/2025\/08\/DSC8727-scaled-1.jpg\" \/>\n\t<meta property=\"og:image:width\" content=\"2560\" \/>\n\t<meta property=\"og:image:height\" content=\"1707\" \/>\n\t<meta property=\"og:image:type\" content=\"image\/jpeg\" \/>\n<meta name=\"author\" content=\"FP Superior UFV\" \/>\n<meta name=\"twitter:card\" content=\"summary_large_image\" \/>\n<meta name=\"twitter:label1\" content=\"Escrito por\" \/>\n\t<meta name=\"twitter:data1\" content=\"FP Superior UFV\" \/>\n\t<meta name=\"twitter:label2\" content=\"Tiempo de lectura\" \/>\n\t<meta name=\"twitter:data2\" content=\"5 minutos\" \/>\n<script type=\"application\/ld+json\" class=\"yoast-schema-graph\">{\"@context\":\"https:\\\/\\\/schema.org\",\"@graph\":[{\"@type\":\"Article\",\"@id\":\"https:\\\/\\\/fpsuperiorufv.es\\\/blog\\\/como-ser-asesor-de-imagen-blog\\\/#article\",\"isPartOf\":{\"@id\":\"https:\\\/\\\/fpsuperiorufv.es\\\/blog\\\/como-ser-asesor-de-imagen-blog\\\/\"},\"author\":{\"name\":\"FP Superior UFV\",\"@id\":\"https:\\\/\\\/fpsuperiorufv.es\\\/blog\\\/#\\\/schema\\\/person\\\/c7ac6e2e7af298050da8d956ac824347\"},\"headline\":\"\u00bfC\u00f3mo ser asesor de imagen?\",\"datePublished\":\"2025-12-11T09:17:48+00:00\",\"dateModified\":\"2025-12-15T13:18:17+00:00\",\"mainEntityOfPage\":{\"@id\":\"https:\\\/\\\/fpsuperiorufv.es\\\/blog\\\/como-ser-asesor-de-imagen-blog\\\/\"},\"wordCount\":1079,\"publisher\":{\"@id\":\"https:\\\/\\\/fpsuperiorufv.es\\\/blog\\\/#organization\"},\"image\":{\"@id\":\"https:\\\/\\\/fpsuperiorufv.es\\\/blog\\\/como-ser-asesor-de-imagen-blog\\\/#primaryimage\"},\"thumbnailUrl\":\"https:\\\/\\\/fpsuperiorufv.es\\\/blog\\\/wp-content\\\/uploads\\\/2025\\\/08\\\/DSC8727-scaled-1.jpg\",\"articleSection\":[\"Blog\",\"Preguntas frecuentes\"],\"inLanguage\":\"es\"},{\"@type\":\"WebPage\",\"@id\":\"https:\\\/\\\/fpsuperiorufv.es\\\/blog\\\/como-ser-asesor-de-imagen-blog\\\/\",\"url\":\"https:\\\/\\\/fpsuperiorufv.es\\\/blog\\\/como-ser-asesor-de-imagen-blog\\\/\",\"name\":\"\u00bfC\u00f3mo ser asesor de imagen? - Cetys\",\"isPartOf\":{\"@id\":\"https:\\\/\\\/fpsuperiorufv.es\\\/blog\\\/#website\"},\"primaryImageOfPage\":{\"@id\":\"https:\\\/\\\/fpsuperiorufv.es\\\/blog\\\/como-ser-asesor-de-imagen-blog\\\/#primaryimage\"},\"image\":{\"@id\":\"https:\\\/\\\/fpsuperiorufv.es\\\/blog\\\/como-ser-asesor-de-imagen-blog\\\/#primaryimage\"},\"thumbnailUrl\":\"https:\\\/\\\/fpsuperiorufv.es\\\/blog\\\/wp-content\\\/uploads\\\/2025\\\/08\\\/DSC8727-scaled-1.jpg\",\"datePublished\":\"2025-12-11T09:17:48+00:00\",\"dateModified\":\"2025-12-15T13:18:17+00:00\",\"breadcrumb\":{\"@id\":\"https:\\\/\\\/fpsuperiorufv.es\\\/blog\\\/como-ser-asesor-de-imagen-blog\\\/#breadcrumb\"},\"inLanguage\":\"es\",\"potentialAction\":[{\"@type\":\"ReadAction\",\"target\":[\"https:\\\/\\\/fpsuperiorufv.es\\\/blog\\\/como-ser-asesor-de-imagen-blog\\\/\"]}]},{\"@type\":\"ImageObject\",\"inLanguage\":\"es\",\"@id\":\"https:\\\/\\\/fpsuperiorufv.es\\\/blog\\\/como-ser-asesor-de-imagen-blog\\\/#primaryimage\",\"url\":\"https:\\\/\\\/fpsuperiorufv.es\\\/blog\\\/wp-content\\\/uploads\\\/2025\\\/08\\\/DSC8727-scaled-1.jpg\",\"contentUrl\":\"https:\\\/\\\/fpsuperiorufv.es\\\/blog\\\/wp-content\\\/uploads\\\/2025\\\/08\\\/DSC8727-scaled-1.jpg\",\"width\":2560,\"height\":1707},{\"@type\":\"BreadcrumbList\",\"@id\":\"https:\\\/\\\/fpsuperiorufv.es\\\/blog\\\/como-ser-asesor-de-imagen-blog\\\/#breadcrumb\",\"itemListElement\":[{\"@type\":\"ListItem\",\"position\":1,\"name\":\"Home\",\"item\":\"https:\\\/\\\/fpsuperiorufv.es\\\/blog\\\/\"},{\"@type\":\"ListItem\",\"position\":2,\"name\":\"\u00bfC\u00f3mo ser asesor de imagen?\"}]},{\"@type\":\"WebSite\",\"@id\":\"https:\\\/\\\/fpsuperiorufv.es\\\/blog\\\/#website\",\"url\":\"https:\\\/\\\/fpsuperiorufv.es\\\/blog\\\/\",\"name\":\"Fp Superior Francisco de Vitoria\",\"description\":\"\",\"publisher\":{\"@id\":\"https:\\\/\\\/fpsuperiorufv.es\\\/blog\\\/#organization\"},\"alternateName\":\"Cetys\",\"potentialAction\":[{\"@type\":\"SearchAction\",\"target\":{\"@type\":\"EntryPoint\",\"urlTemplate\":\"https:\\\/\\\/fpsuperiorufv.es\\\/blog\\\/?s={search_term_string}\"},\"query-input\":{\"@type\":\"PropertyValueSpecification\",\"valueRequired\":true,\"valueName\":\"search_term_string\"}}],\"inLanguage\":\"es\"},{\"@type\":\"Organization\",\"@id\":\"https:\\\/\\\/fpsuperiorufv.es\\\/blog\\\/#organization\",\"name\":\"Cetys\",\"url\":\"https:\\\/\\\/fpsuperiorufv.es\\\/blog\\\/\",\"logo\":{\"@type\":\"ImageObject\",\"inLanguage\":\"es\",\"@id\":\"https:\\\/\\\/fpsuperiorufv.es\\\/blog\\\/#\\\/schema\\\/logo\\\/image\\\/\",\"url\":\"https:\\\/\\\/fpsuperiorufv.lo\\\/wp-content\\\/uploads\\\/2025\\\/02\\\/logo.svg\",\"contentUrl\":\"https:\\\/\\\/fpsuperiorufv.lo\\\/wp-content\\\/uploads\\\/2025\\\/02\\\/logo.svg\",\"width\":\"1024\",\"height\":\"1024\",\"caption\":\"Cetys\"},\"image\":{\"@id\":\"https:\\\/\\\/fpsuperiorufv.es\\\/blog\\\/#\\\/schema\\\/logo\\\/image\\\/\"}},{\"@type\":\"Person\",\"@id\":\"https:\\\/\\\/fpsuperiorufv.es\\\/blog\\\/#\\\/schema\\\/person\\\/c7ac6e2e7af298050da8d956ac824347\",\"name\":\"FP Superior UFV\",\"image\":{\"@type\":\"ImageObject\",\"inLanguage\":\"es\",\"@id\":\"https:\\\/\\\/secure.gravatar.com\\\/avatar\\\/002af9a4377d87096f281de7725cae2f359bff0b0b7439b98b80936e58af2d91?s=96&d=mm&r=g\",\"url\":\"https:\\\/\\\/secure.gravatar.com\\\/avatar\\\/002af9a4377d87096f281de7725cae2f359bff0b0b7439b98b80936e58af2d91?s=96&d=mm&r=g\",\"contentUrl\":\"https:\\\/\\\/secure.gravatar.com\\\/avatar\\\/002af9a4377d87096f281de7725cae2f359bff0b0b7439b98b80936e58af2d91?s=96&d=mm&r=g\",\"caption\":\"FP Superior UFV\"},\"sameAs\":[\"https:\\\/\\\/fpsuperiorufv.lo\"],\"url\":\"https:\\\/\\\/fpsuperiorufv.es\\\/blog\\\/author\\\/administrador\\\/\"}]}<\/script>\n<!-- \/ Yoast SEO plugin. -->","yoast_head_json":{"title":"\u00bfC\u00f3mo ser asesor de imagen? - Cetys","robots":{"index":"index","follow":"follow","max-snippet":"max-snippet:-1","max-image-preview":"max-image-preview:large","max-video-preview":"max-video-preview:-1"},"canonical":"https:\/\/fpsuperiorufv.es\/blog\/como-ser-asesor-de-imagen-blog\/","og_locale":"es_ES","og_type":"article","og_title":"\u00bfC\u00f3mo ser asesor de imagen? - Cetys","og_description":"Si alguna vez has pensado en ayudar a otros a mejorar su imagen personal y profesional, \u00a1est\u00e1s en el lugar correcto! Ser asesor de imagen es una carrera apasionante que combina &hellip;","og_url":"https:\/\/fpsuperiorufv.es\/blog\/como-ser-asesor-de-imagen-blog\/","og_site_name":"Cetys","article_published_time":"2025-12-11T09:17:48+00:00","article_modified_time":"2025-12-15T13:18:17+00:00","og_image":[{"width":2560,"height":1707,"url":"https:\/\/fpsuperiorufv.es\/blog\/wp-content\/uploads\/2025\/08\/DSC8727-scaled-1.jpg","type":"image\/jpeg"}],"author":"FP Superior UFV","twitter_card":"summary_large_image","twitter_misc":{"Escrito por":"FP Superior UFV","Tiempo de lectura":"5 minutos"},"schema":{"@context":"https:\/\/schema.org","@graph":[{"@type":"Article","@id":"https:\/\/fpsuperiorufv.es\/blog\/como-ser-asesor-de-imagen-blog\/#article","isPartOf":{"@id":"https:\/\/fpsuperiorufv.es\/blog\/como-ser-asesor-de-imagen-blog\/"},"author":{"name":"FP Superior UFV","@id":"https:\/\/fpsuperiorufv.es\/blog\/#\/schema\/person\/c7ac6e2e7af298050da8d956ac824347"},"headline":"\u00bfC\u00f3mo ser asesor de imagen?","datePublished":"2025-12-11T09:17:48+00:00","dateModified":"2025-12-15T13:18:17+00:00","mainEntityOfPage":{"@id":"https:\/\/fpsuperiorufv.es\/blog\/como-ser-asesor-de-imagen-blog\/"},"wordCount":1079,"publisher":{"@id":"https:\/\/fpsuperiorufv.es\/blog\/#organization"},"image":{"@id":"https:\/\/fpsuperiorufv.es\/blog\/como-ser-asesor-de-imagen-blog\/#primaryimage"},"thumbnailUrl":"https:\/\/fpsuperiorufv.es\/blog\/wp-content\/uploads\/2025\/08\/DSC8727-scaled-1.jpg","articleSection":["Blog","Preguntas frecuentes"],"inLanguage":"es"},{"@type":"WebPage","@id":"https:\/\/fpsuperiorufv.es\/blog\/como-ser-asesor-de-imagen-blog\/","url":"https:\/\/fpsuperiorufv.es\/blog\/como-ser-asesor-de-imagen-blog\/","name":"\u00bfC\u00f3mo ser asesor de imagen? - Cetys","isPartOf":{"@id":"https:\/\/fpsuperiorufv.es\/blog\/#website"},"primaryImageOfPage":{"@id":"https:\/\/fpsuperiorufv.es\/blog\/como-ser-asesor-de-imagen-blog\/#primaryimage"},"image":{"@id":"https:\/\/fpsuperiorufv.es\/blog\/como-ser-asesor-de-imagen-blog\/#primaryimage"},"thumbnailUrl":"https:\/\/fpsuperiorufv.es\/blog\/wp-content\/uploads\/2025\/08\/DSC8727-scaled-1.jpg","datePublished":"2025-12-11T09:17:48+00:00","dateModified":"2025-12-15T13:18:17+00:00","breadcrumb":{"@id":"https:\/\/fpsuperiorufv.es\/blog\/como-ser-asesor-de-imagen-blog\/#breadcrumb"},"inLanguage":"es","potentialAction":[{"@type":"ReadAction","target":["https:\/\/fpsuperiorufv.es\/blog\/como-ser-asesor-de-imagen-blog\/"]}]},{"@type":"ImageObject","inLanguage":"es","@id":"https:\/\/fpsuperiorufv.es\/blog\/como-ser-asesor-de-imagen-blog\/#primaryimage","url":"https:\/\/fpsuperiorufv.es\/blog\/wp-content\/uploads\/2025\/08\/DSC8727-scaled-1.jpg","contentUrl":"https:\/\/fpsuperiorufv.es\/blog\/wp-content\/uploads\/2025\/08\/DSC8727-scaled-1.jpg","width":2560,"height":1707},{"@type":"BreadcrumbList","@id":"https:\/\/fpsuperiorufv.es\/blog\/como-ser-asesor-de-imagen-blog\/#breadcrumb","itemListElement":[{"@type":"ListItem","position":1,"name":"Home","item":"https:\/\/fpsuperiorufv.es\/blog\/"},{"@type":"ListItem","position":2,"name":"\u00bfC\u00f3mo ser asesor de imagen?"}]},{"@type":"WebSite","@id":"https:\/\/fpsuperiorufv.es\/blog\/#website","url":"https:\/\/fpsuperiorufv.es\/blog\/","name":"Fp Superior Francisco de Vitoria","description":"","publisher":{"@id":"https:\/\/fpsuperiorufv.es\/blog\/#organization"},"alternateName":"Cetys","potentialAction":[{"@type":"SearchAction","target":{"@type":"EntryPoint","urlTemplate":"https:\/\/fpsuperiorufv.es\/blog\/?s={search_term_string}"},"query-input":{"@type":"PropertyValueSpecification","valueRequired":true,"valueName":"search_term_string"}}],"inLanguage":"es"},{"@type":"Organization","@id":"https:\/\/fpsuperiorufv.es\/blog\/#organization","name":"Cetys","url":"https:\/\/fpsuperiorufv.es\/blog\/","logo":{"@type":"ImageObject","inLanguage":"es","@id":"https:\/\/fpsuperiorufv.es\/blog\/#\/schema\/logo\/image\/","url":"https:\/\/fpsuperiorufv.lo\/wp-content\/uploads\/2025\/02\/logo.svg","contentUrl":"https:\/\/fpsuperiorufv.lo\/wp-content\/uploads\/2025\/02\/logo.svg","width":"1024","height":"1024","caption":"Cetys"},"image":{"@id":"https:\/\/fpsuperiorufv.es\/blog\/#\/schema\/logo\/image\/"}},{"@type":"Person","@id":"https:\/\/fpsuperiorufv.es\/blog\/#\/schema\/person\/c7ac6e2e7af298050da8d956ac824347","name":"FP Superior UFV","image":{"@type":"ImageObject","inLanguage":"es","@id":"https:\/\/secure.gravatar.com\/avatar\/002af9a4377d87096f281de7725cae2f359bff0b0b7439b98b80936e58af2d91?s=96&d=mm&r=g","url":"https:\/\/secure.gravatar.com\/avatar\/002af9a4377d87096f281de7725cae2f359bff0b0b7439b98b80936e58af2d91?s=96&d=mm&r=g","contentUrl":"https:\/\/secure.gravatar.com\/avatar\/002af9a4377d87096f281de7725cae2f359bff0b0b7439b98b80936e58af2d91?s=96&d=mm&r=g","caption":"FP Superior UFV"},"sameAs":["https:\/\/fpsuperiorufv.lo"],"url":"https:\/\/fpsuperiorufv.es\/blog\/author\/administrador\/"}]}},"_links":{"self":[{"href":"https:\/\/fpsuperiorufv.es\/blog\/wp-json\/wp\/v2\/posts\/1576","targetHints":{"allow":["GET"]}}],"collection":[{"href":"https:\/\/fpsuperiorufv.es\/blog\/wp-json\/wp\/v2\/posts"}],"about":[{"href":"https:\/\/fpsuperiorufv.es\/blog\/wp-json\/wp\/v2\/types\/post"}],"author":[{"embeddable":true,"href":"https:\/\/fpsuperiorufv.es\/blog\/wp-json\/wp\/v2\/users\/1"}],"replies":[{"embeddable":true,"href":"https:\/\/fpsuperiorufv.es\/blog\/wp-json\/wp\/v2\/comments?post=1576"}],"version-history":[{"count":1,"href":"https:\/\/fpsuperiorufv.es\/blog\/wp-json\/wp\/v2\/posts\/1576\/revisions"}],"predecessor-version":[{"id":2275,"href":"https:\/\/fpsuperiorufv.es\/blog\/wp-json\/wp\/v2\/posts\/1576\/revisions\/2275"}],"wp:featuredmedia":[{"embeddable":true,"href":"https:\/\/fpsuperiorufv.es\/blog\/wp-json\/wp\/v2\/media\/2657"}],"wp:attachment":[{"href":"https:\/\/fpsuperiorufv.es\/blog\/wp-json\/wp\/v2\/media?parent=1576"}],"wp:term":[{"taxonomy":"category","embeddable":true,"href":"https:\/\/fpsuperiorufv.es\/blog\/wp-json\/wp\/v2\/categories?post=1576"},{"taxonomy":"post_tag","embeddable":true,"href":"https:\/\/fpsuperiorufv.es\/blog\/wp-json\/wp\/v2\/tags?post=1576"}],"curies":[{"name":"wp","href":"https:\/\/api.w.org\/{rel}","templated":true}]}}