{"id":1584,"date":"2025-12-13T08:42:08","date_gmt":"2025-12-13T07:42:08","guid":{"rendered":"https:\/\/fpsuperiorufv.es\/blog\/2025\/02\/19\/que-es-un-negocio-de-asesoria-de-imagen\/"},"modified":"2025-12-15T14:42:38","modified_gmt":"2025-12-15T13:42:38","slug":"que-es-un-negocio-de-asesoria-de-imagen-blog","status":"publish","type":"post","link":"https:\/\/fpsuperiorufv.es\/blog\/que-es-un-negocio-de-asesoria-de-imagen-blog\/","title":{"rendered":"\u00bfQu\u00e9 es un negocio de asesor\u00eda de imagen?"},"content":{"rendered":"<p><\/p>\n\n<p><span style=\"font-weight: 400;\">La asesor\u00eda de imagen es una de las profesiones m\u00e1s emocionantes y en constante evoluci\u00f3n del mundo actual. Nos permite trabajar con personas y organizaciones para ayudarles a proyectar la imagen que desean, tanto en el \u00e1mbito personal como en el corporativo. En este art\u00edculo, exploraremos en profundidad qu\u00e9 implica este negocio y c\u00f3mo podemos convertirnos en expertos en este campo.<\/span><\/p>\n<h2>Curiosidades e informaci\u00f3n interesante sobre la asesor\u00eda de imagen<\/h2>\n<ul>\n<li>El 75% de la primera impresi\u00f3n que se tiene de una persona se basa en su apariencia.<\/li>\n<li>La industria de la moda y la belleza genera m\u00e1s de 500 mil millones de euros al a\u00f1o en todo el mundo.<\/li>\n<li>El 80% de los consumidores afirma que la imagen de una marca influye en su decisi\u00f3n de compra.<\/li>\n<li>El asesoramiento de imagen no solo se limita a la moda, sino que tambi\u00e9n incluye aspectos como la comunicaci\u00f3n y el comportamiento.<\/li>\n<li>Las redes sociales han transformado la manera en que se percibe la imagen personal y corporativa.<\/li>\n<\/ul>\n<h2>\u00bfQu\u00e9 es la asesor\u00eda de imagen?<\/h2>\n<p><span style=\"font-weight: 400;\">La asesor\u00eda de imagen es un proceso que busca ayudar a las personas y empresas a mejorar su imagen visual y la forma en que son percibidas por los dem\u00e1s. Esto incluye desde la elecci\u00f3n de la vestimenta hasta la manera de comunicarse y comportarse en diferentes situaciones.<\/span><\/p>\n<p><span style=\"font-weight: 400;\">Los asesores de imagen trabajan con clientes para identificar sus objetivos y necesidades, creando estrategias personalizadas que pueden abarcar:<\/span><\/p>\n<ul>\n<li>Estilo personal<\/li>\n<li>Maquillaje y cuidado personal<\/li>\n<li>Comunicaci\u00f3n verbal y no verbal<\/li>\n<li>Imagen de marca<\/li>\n<li>Redes sociales y presencia online<\/li>\n<\/ul>\n<h2>Tipos de asesor\u00eda de imagen<\/h2>\n<p><span style=\"font-weight: 400;\">Existen diferentes \u00e1reas en las que podemos especializarnos dentro del negocio de la asesor\u00eda de imagen. Algunas de ellas son:<\/span><\/p>\n<ul>\n<li><strong>Asesor\u00eda de imagen personal:<\/strong> Ayudamos a individuos a definir su estilo personal, mejorar su apariencia y aumentar su confianza.<\/li>\n<li><strong>Asesor\u00eda de imagen corporativa:<\/strong> Trabajamos con empresas para desarrollar su identidad de marca, incluyendo la vestimenta de sus empleados y la presentaci\u00f3n de sus productos.<\/li>\n<li><strong>Asesor\u00eda de moda:<\/strong> Nos enfocamos en las tendencias de moda y c\u00f3mo estas pueden ser aplicadas a nuestros clientes.<\/li>\n<li><strong>Asesor\u00eda de imagen online:<\/strong> Ayudamos a los clientes a gestionar su presencia en redes sociales y plataformas digitales.<\/li>\n<\/ul>\n<h2>\u00bfPor qu\u00e9 es importante la asesor\u00eda de imagen?<\/h2>\n<p><span style=\"font-weight: 400;\">La imagen que proyectamos tiene un impacto significativo en nuestras vidas personales y profesionales. Algunos de los beneficios de contar con una asesor\u00eda de imagen adecuada incluyen:<\/span><\/p>\n<ul>\n<li><strong>Aumento de la confianza:<\/strong> Una buena imagen puede mejorar nuestra autoestima y confianza.<\/li>\n<li><strong>Mejores oportunidades laborales:<\/strong> Una presentaci\u00f3n cuidada puede abrir puertas en el \u00e1mbito profesional.<\/li>\n<li><strong>Impacto positivo en relaciones:<\/strong> La forma en que nos presentamos puede influir en nuestras relaciones interpersonales.<\/li>\n<\/ul>\n<h2>El proceso de asesor\u00eda de imagen<\/h2>\n<p><span style=\"font-weight: 400;\">El proceso de asesor\u00eda de imagen suele seguir varias etapas clave:<\/span><\/p>\n<ul>\n<li><strong>Evaluaci\u00f3n inicial:<\/strong> Realizamos un an\u00e1lisis de la imagen actual del cliente y sus objetivos.<\/li>\n<li><strong>Planificaci\u00f3n:<\/strong> Creamos un plan personalizado que abarca todos los aspectos necesarios.<\/li>\n<li><strong>Implementaci\u00f3n:<\/strong> Asistimos al cliente en la implementaci\u00f3n de los cambios necesarios.<\/li>\n<li><strong>Seguimiento:<\/strong> Evaluamos los resultados y hacemos ajustes si es necesario.<\/li>\n<\/ul>\n<h2>Ejemplos de \u00e9xito en asesor\u00eda de imagen<\/h2>\n<p><span style=\"font-weight: 400;\">Numerosos casos de \u00e9xito demuestran la efectividad de la asesor\u00eda de imagen. Algunos ejemplos incluyen:<\/span><\/p>\n<ul>\n<li>Empresas que han aumentado sus ventas tras mejorar la presentaci\u00f3n de sus productos y sus empleados.<\/li>\n<li>Individuos que han conseguido trabajos so\u00f1ados gracias a una imagen m\u00e1s profesional.<\/li>\n<li>Personas que han transformado su estilo personal y han experimentado mejoras en su vida social.<\/li>\n<\/ul>\n<p><span style=\"font-weight: 400;\">Si est\u00e1s interesado en convertirte en un experto en este campo, te invitamos a descubrir nuestro <a href=\"https:\/\/fpsuperiorufv.es\/ciclo-superior-en-asesoria-de-imagen-personal-y-corporativa\/\">T\u00e9cnico Superior en Asesor\u00eda de Imagen Personal y Corporativa<\/a>, donde aprender\u00e1s todo lo necesario para destacar en esta emocionante profesi\u00f3n.<\/span><\/p>\n<h2>\u00bfA qui\u00e9n va dirigida la asesor\u00eda de imagen?<\/h2>\n<p><span style=\"font-weight: 400;\">La asesor\u00eda de imagen es beneficiosa para una amplia gama de personas y organizaciones, como:<\/span><\/p>\n<ul>\n<li>Profesionales que buscan mejorar su imagen para avanzar en sus carreras.<\/li>\n<li>Emprendedores que desean crear una marca fuerte y coherente.<\/li>\n<li>Personas que atraviesan cambios significativos en su vida, como una nueva carrera o un cambio de estilo.<\/li>\n<li>Empresas que buscan mejorar la percepci\u00f3n de su marca en el mercado.<\/li>\n<\/ul>\n<h2>Herramientas y recursos para la asesor\u00eda de imagen<\/h2>\n<p><span style=\"font-weight: 400;\">Los asesores de imagen utilizan diversas herramientas y recursos para ayudar a sus clientes, tales como:<\/span><\/p>\n<ul>\n<li><strong>Libros y gu\u00edas de estilo:<\/strong> Proporcionan informaci\u00f3n sobre tendencias y consejos pr\u00e1cticos.<\/li>\n<li><strong>Software de dise\u00f1o:<\/strong> Ayuda a visualizar cambios y propuestas de estilo.<\/li>\n<li><strong>Redes sociales:<\/strong> Son plataformas clave para entender las tendencias actuales y la percepci\u00f3n de la imagen.<\/li>\n<\/ul>\n<h2>\u00bfC\u00f3mo empezar un negocio de asesor\u00eda de imagen?<\/h2>\n<p><span style=\"font-weight: 400;\">Iniciar un negocio de asesor\u00eda de imagen puede ser un camino emocionante y gratificante. Aqu\u00ed tienes algunos pasos a seguir:<\/span><\/p>\n<ul>\n<li><strong>Formaci\u00f3n:<\/strong> Es fundamental adquirir conocimientos y habilidades en este campo. Nuestra formaci\u00f3n en <a href=\"https:\/\/fpsuperiorufv.es\/ciclo-superior-en-asesoria-de-imagen-personal-y-corporativa\/\">Asesor\u00eda de Imagen Personal y Corporativa<\/a> te preparar\u00e1 para ello.<\/li>\n<li><strong>Definir tu nicho:<\/strong> Decide en qu\u00e9 \u00e1rea de asesor\u00eda de imagen deseas especializarte.<\/li>\n<li><strong>Crear un portafolio:<\/strong> Muestra ejemplos de tu trabajo y resultados anteriores.<\/li>\n<li><strong>Networking:<\/strong> Construye relaciones con otros profesionales y potenciales clientes.<\/li>\n<\/ul>\n<h2>Preguntas frecuentes<\/h2>\n<h3>\u00bfQu\u00e9 tipo de formaci\u00f3n se necesita para ser asesor de imagen?<\/h3>\n<p><span style=\"font-weight: 400;\">Existen diversas opciones de formaci\u00f3n, desde cursos cortos hasta titulaciones de grado superior como la que ofrecemos en nuestra instituci\u00f3n. Es recomendable tener un conocimiento completo sobre moda, comunicaci\u00f3n y comportamiento.<\/span><\/p>\n<h3>\u00bfCu\u00e1l es el perfil ideal de un asesor de imagen?<\/h3>\n<p><span style=\"font-weight: 400;\">El perfil ideal incluye habilidades de comunicaci\u00f3n, creatividad, empat\u00eda y un buen sentido est\u00e9tico. Tambi\u00e9n es importante estar al tanto de las tendencias actuales.<\/span><\/p>\n<h3>\u00bfSe necesita experiencia previa para iniciar un negocio de asesor\u00eda de imagen?<\/h3>\n<p><span style=\"font-weight: 400;\">No es estrictamente necesario tener experiencia previa, pero contar con formaci\u00f3n y conocimientos en el \u00e1rea te dar\u00e1 una ventaja competitiva.<\/span><\/p>\n<h3>\u00bfC\u00f3mo se mide el \u00e9xito en la asesor\u00eda de imagen?<\/h3>\n<p><span style=\"font-weight: 400;\">El \u00e9xito se puede medir a trav\u00e9s de la satisfacci\u00f3n del cliente, el aumento de la confianza del cliente y la mejora en su imagen personal o corporativa.<\/span><\/p>\n<p><\/p>\n<p><\/p>\n","protected":false},"excerpt":{"rendered":"<p>[vc_section][vc_row][vc_column css=\".vc_custom_1655805738975{margin-top: 0px !important;margin-right: 0px !important;margin-bottom: 0px !important;margin-left: 0px !important;}\"][vc_breadcrumbs_module][\/vc_column][\/vc_row][\/vc_section][vc_section][vc_row el_class=\"container\" css=\".vc_custom_1655802988397{padding-top: 50px !important;padding-bottom: 50px !important;}\"][vc_column][vc_single_image source=\"featured_image\" img_size=\"full\" alignment=\"center\" css=\".vc_custom_1660030768789{padding-top: 20px !important;padding-bottom: 20px !important;}\"][vc_column_text] La asesor\u00eda de imagen es una de las profesiones m\u00e1s emocionantes y en constante evoluci\u00f3n del mundo actual. Nos permite trabajar con personas y organizaciones para ayudarles a proyectar la imagen &hellip;<\/p>\n","protected":false},"author":1,"featured_media":2661,"comment_status":"closed","ping_status":"open","sticky":false,"template":"","format":"standard","meta":{"inline_featured_image":false,"footnotes":""},"categories":[377,9,393],"tags":[],"class_list":["post-1584","post","type-post","status-publish","format-standard","has-post-thumbnail","hentry","category-asesoria-de-imagen-personal-y-corporativa","category-blog","category-preguntas-frecuentes"],"yoast_head":"<!-- This site is optimized with the Yoast SEO plugin v27.4 - https:\/\/yoast.com\/product\/yoast-seo-wordpress\/ -->\n<title>\u00bfQu\u00e9 es un negocio de asesor\u00eda de imagen? - Cetys<\/title>\n<meta name=\"robots\" content=\"index, follow, max-snippet:-1, max-image-preview:large, max-video-preview:-1\" \/>\n<link rel=\"canonical\" href=\"https:\/\/fpsuperiorufv.es\/blog\/que-es-un-negocio-de-asesoria-de-imagen-blog\/\" \/>\n<meta property=\"og:locale\" content=\"es_ES\" \/>\n<meta property=\"og:type\" content=\"article\" \/>\n<meta property=\"og:title\" content=\"\u00bfQu\u00e9 es un negocio de asesor\u00eda de imagen? - Cetys\" \/>\n<meta property=\"og:description\" content=\"La asesor\u00eda de imagen es una de las profesiones m\u00e1s emocionantes y en constante evoluci\u00f3n del mundo actual. Nos permite trabajar con personas y organizaciones para ayudarles a proyectar la imagen &hellip;\" \/>\n<meta property=\"og:url\" content=\"https:\/\/fpsuperiorufv.es\/blog\/que-es-un-negocio-de-asesoria-de-imagen-blog\/\" \/>\n<meta property=\"og:site_name\" content=\"Cetys\" \/>\n<meta property=\"article:published_time\" content=\"2025-12-13T07:42:08+00:00\" \/>\n<meta property=\"article:modified_time\" content=\"2025-12-15T13:42:38+00:00\" \/>\n<meta property=\"og:image\" content=\"https:\/\/fpsuperiorufv.es\/blog\/wp-content\/uploads\/2025\/08\/15-scaled-1.jpg\" \/>\n\t<meta property=\"og:image:width\" content=\"2560\" \/>\n\t<meta property=\"og:image:height\" content=\"1920\" \/>\n\t<meta property=\"og:image:type\" content=\"image\/jpeg\" \/>\n<meta name=\"author\" content=\"FP Superior UFV\" \/>\n<meta name=\"twitter:card\" content=\"summary_large_image\" \/>\n<meta name=\"twitter:label1\" content=\"Escrito por\" \/>\n\t<meta name=\"twitter:data1\" content=\"FP Superior UFV\" \/>\n\t<meta name=\"twitter:label2\" content=\"Tiempo de lectura\" \/>\n\t<meta name=\"twitter:data2\" content=\"6 minutos\" \/>\n<script type=\"application\/ld+json\" class=\"yoast-schema-graph\">{\"@context\":\"https:\\\/\\\/schema.org\",\"@graph\":[{\"@type\":\"Article\",\"@id\":\"https:\\\/\\\/fpsuperiorufv.es\\\/blog\\\/que-es-un-negocio-de-asesoria-de-imagen-blog\\\/#article\",\"isPartOf\":{\"@id\":\"https:\\\/\\\/fpsuperiorufv.es\\\/blog\\\/que-es-un-negocio-de-asesoria-de-imagen-blog\\\/\"},\"author\":{\"name\":\"FP Superior UFV\",\"@id\":\"https:\\\/\\\/fpsuperiorufv.es\\\/blog\\\/#\\\/schema\\\/person\\\/c7ac6e2e7af298050da8d956ac824347\"},\"headline\":\"\u00bfQu\u00e9 es un negocio de asesor\u00eda de imagen?\",\"datePublished\":\"2025-12-13T07:42:08+00:00\",\"dateModified\":\"2025-12-15T13:42:38+00:00\",\"mainEntityOfPage\":{\"@id\":\"https:\\\/\\\/fpsuperiorufv.es\\\/blog\\\/que-es-un-negocio-de-asesoria-de-imagen-blog\\\/\"},\"wordCount\":1160,\"publisher\":{\"@id\":\"https:\\\/\\\/fpsuperiorufv.es\\\/blog\\\/#organization\"},\"image\":{\"@id\":\"https:\\\/\\\/fpsuperiorufv.es\\\/blog\\\/que-es-un-negocio-de-asesoria-de-imagen-blog\\\/#primaryimage\"},\"thumbnailUrl\":\"https:\\\/\\\/fpsuperiorufv.es\\\/blog\\\/wp-content\\\/uploads\\\/2025\\\/08\\\/15-scaled-1.jpg\",\"articleSection\":[\"Asesor\u00eda de Imagen Personal y Corporativa\",\"Blog\",\"Preguntas frecuentes\"],\"inLanguage\":\"es\"},{\"@type\":\"WebPage\",\"@id\":\"https:\\\/\\\/fpsuperiorufv.es\\\/blog\\\/que-es-un-negocio-de-asesoria-de-imagen-blog\\\/\",\"url\":\"https:\\\/\\\/fpsuperiorufv.es\\\/blog\\\/que-es-un-negocio-de-asesoria-de-imagen-blog\\\/\",\"name\":\"\u00bfQu\u00e9 es un negocio de asesor\u00eda de imagen? - Cetys\",\"isPartOf\":{\"@id\":\"https:\\\/\\\/fpsuperiorufv.es\\\/blog\\\/#website\"},\"primaryImageOfPage\":{\"@id\":\"https:\\\/\\\/fpsuperiorufv.es\\\/blog\\\/que-es-un-negocio-de-asesoria-de-imagen-blog\\\/#primaryimage\"},\"image\":{\"@id\":\"https:\\\/\\\/fpsuperiorufv.es\\\/blog\\\/que-es-un-negocio-de-asesoria-de-imagen-blog\\\/#primaryimage\"},\"thumbnailUrl\":\"https:\\\/\\\/fpsuperiorufv.es\\\/blog\\\/wp-content\\\/uploads\\\/2025\\\/08\\\/15-scaled-1.jpg\",\"datePublished\":\"2025-12-13T07:42:08+00:00\",\"dateModified\":\"2025-12-15T13:42:38+00:00\",\"breadcrumb\":{\"@id\":\"https:\\\/\\\/fpsuperiorufv.es\\\/blog\\\/que-es-un-negocio-de-asesoria-de-imagen-blog\\\/#breadcrumb\"},\"inLanguage\":\"es\",\"potentialAction\":[{\"@type\":\"ReadAction\",\"target\":[\"https:\\\/\\\/fpsuperiorufv.es\\\/blog\\\/que-es-un-negocio-de-asesoria-de-imagen-blog\\\/\"]}]},{\"@type\":\"ImageObject\",\"inLanguage\":\"es\",\"@id\":\"https:\\\/\\\/fpsuperiorufv.es\\\/blog\\\/que-es-un-negocio-de-asesoria-de-imagen-blog\\\/#primaryimage\",\"url\":\"https:\\\/\\\/fpsuperiorufv.es\\\/blog\\\/wp-content\\\/uploads\\\/2025\\\/08\\\/15-scaled-1.jpg\",\"contentUrl\":\"https:\\\/\\\/fpsuperiorufv.es\\\/blog\\\/wp-content\\\/uploads\\\/2025\\\/08\\\/15-scaled-1.jpg\",\"width\":2560,\"height\":1920},{\"@type\":\"BreadcrumbList\",\"@id\":\"https:\\\/\\\/fpsuperiorufv.es\\\/blog\\\/que-es-un-negocio-de-asesoria-de-imagen-blog\\\/#breadcrumb\",\"itemListElement\":[{\"@type\":\"ListItem\",\"position\":1,\"name\":\"Home\",\"item\":\"https:\\\/\\\/fpsuperiorufv.es\\\/blog\\\/\"},{\"@type\":\"ListItem\",\"position\":2,\"name\":\"\u00bfQu\u00e9 es un negocio de asesor\u00eda de imagen?\"}]},{\"@type\":\"WebSite\",\"@id\":\"https:\\\/\\\/fpsuperiorufv.es\\\/blog\\\/#website\",\"url\":\"https:\\\/\\\/fpsuperiorufv.es\\\/blog\\\/\",\"name\":\"Fp Superior Francisco de Vitoria\",\"description\":\"\",\"publisher\":{\"@id\":\"https:\\\/\\\/fpsuperiorufv.es\\\/blog\\\/#organization\"},\"alternateName\":\"Cetys\",\"potentialAction\":[{\"@type\":\"SearchAction\",\"target\":{\"@type\":\"EntryPoint\",\"urlTemplate\":\"https:\\\/\\\/fpsuperiorufv.es\\\/blog\\\/?s={search_term_string}\"},\"query-input\":{\"@type\":\"PropertyValueSpecification\",\"valueRequired\":true,\"valueName\":\"search_term_string\"}}],\"inLanguage\":\"es\"},{\"@type\":\"Organization\",\"@id\":\"https:\\\/\\\/fpsuperiorufv.es\\\/blog\\\/#organization\",\"name\":\"Cetys\",\"url\":\"https:\\\/\\\/fpsuperiorufv.es\\\/blog\\\/\",\"logo\":{\"@type\":\"ImageObject\",\"inLanguage\":\"es\",\"@id\":\"https:\\\/\\\/fpsuperiorufv.es\\\/blog\\\/#\\\/schema\\\/logo\\\/image\\\/\",\"url\":\"https:\\\/\\\/fpsuperiorufv.lo\\\/wp-content\\\/uploads\\\/2025\\\/02\\\/logo.svg\",\"contentUrl\":\"https:\\\/\\\/fpsuperiorufv.lo\\\/wp-content\\\/uploads\\\/2025\\\/02\\\/logo.svg\",\"width\":\"1024\",\"height\":\"1024\",\"caption\":\"Cetys\"},\"image\":{\"@id\":\"https:\\\/\\\/fpsuperiorufv.es\\\/blog\\\/#\\\/schema\\\/logo\\\/image\\\/\"}},{\"@type\":\"Person\",\"@id\":\"https:\\\/\\\/fpsuperiorufv.es\\\/blog\\\/#\\\/schema\\\/person\\\/c7ac6e2e7af298050da8d956ac824347\",\"name\":\"FP Superior UFV\",\"image\":{\"@type\":\"ImageObject\",\"inLanguage\":\"es\",\"@id\":\"https:\\\/\\\/secure.gravatar.com\\\/avatar\\\/002af9a4377d87096f281de7725cae2f359bff0b0b7439b98b80936e58af2d91?s=96&d=mm&r=g\",\"url\":\"https:\\\/\\\/secure.gravatar.com\\\/avatar\\\/002af9a4377d87096f281de7725cae2f359bff0b0b7439b98b80936e58af2d91?s=96&d=mm&r=g\",\"contentUrl\":\"https:\\\/\\\/secure.gravatar.com\\\/avatar\\\/002af9a4377d87096f281de7725cae2f359bff0b0b7439b98b80936e58af2d91?s=96&d=mm&r=g\",\"caption\":\"FP Superior UFV\"},\"sameAs\":[\"https:\\\/\\\/fpsuperiorufv.lo\"],\"url\":\"https:\\\/\\\/fpsuperiorufv.es\\\/blog\\\/author\\\/administrador\\\/\"}]}<\/script>\n<!-- \/ Yoast SEO plugin. -->","yoast_head_json":{"title":"\u00bfQu\u00e9 es un negocio de asesor\u00eda de imagen? - Cetys","robots":{"index":"index","follow":"follow","max-snippet":"max-snippet:-1","max-image-preview":"max-image-preview:large","max-video-preview":"max-video-preview:-1"},"canonical":"https:\/\/fpsuperiorufv.es\/blog\/que-es-un-negocio-de-asesoria-de-imagen-blog\/","og_locale":"es_ES","og_type":"article","og_title":"\u00bfQu\u00e9 es un negocio de asesor\u00eda de imagen? - Cetys","og_description":"La asesor\u00eda de imagen es una de las profesiones m\u00e1s emocionantes y en constante evoluci\u00f3n del mundo actual. Nos permite trabajar con personas y organizaciones para ayudarles a proyectar la imagen &hellip;","og_url":"https:\/\/fpsuperiorufv.es\/blog\/que-es-un-negocio-de-asesoria-de-imagen-blog\/","og_site_name":"Cetys","article_published_time":"2025-12-13T07:42:08+00:00","article_modified_time":"2025-12-15T13:42:38+00:00","og_image":[{"width":2560,"height":1920,"url":"https:\/\/fpsuperiorufv.es\/blog\/wp-content\/uploads\/2025\/08\/15-scaled-1.jpg","type":"image\/jpeg"}],"author":"FP Superior UFV","twitter_card":"summary_large_image","twitter_misc":{"Escrito por":"FP Superior UFV","Tiempo de lectura":"6 minutos"},"schema":{"@context":"https:\/\/schema.org","@graph":[{"@type":"Article","@id":"https:\/\/fpsuperiorufv.es\/blog\/que-es-un-negocio-de-asesoria-de-imagen-blog\/#article","isPartOf":{"@id":"https:\/\/fpsuperiorufv.es\/blog\/que-es-un-negocio-de-asesoria-de-imagen-blog\/"},"author":{"name":"FP Superior UFV","@id":"https:\/\/fpsuperiorufv.es\/blog\/#\/schema\/person\/c7ac6e2e7af298050da8d956ac824347"},"headline":"\u00bfQu\u00e9 es un negocio de asesor\u00eda de imagen?","datePublished":"2025-12-13T07:42:08+00:00","dateModified":"2025-12-15T13:42:38+00:00","mainEntityOfPage":{"@id":"https:\/\/fpsuperiorufv.es\/blog\/que-es-un-negocio-de-asesoria-de-imagen-blog\/"},"wordCount":1160,"publisher":{"@id":"https:\/\/fpsuperiorufv.es\/blog\/#organization"},"image":{"@id":"https:\/\/fpsuperiorufv.es\/blog\/que-es-un-negocio-de-asesoria-de-imagen-blog\/#primaryimage"},"thumbnailUrl":"https:\/\/fpsuperiorufv.es\/blog\/wp-content\/uploads\/2025\/08\/15-scaled-1.jpg","articleSection":["Asesor\u00eda de Imagen Personal y Corporativa","Blog","Preguntas frecuentes"],"inLanguage":"es"},{"@type":"WebPage","@id":"https:\/\/fpsuperiorufv.es\/blog\/que-es-un-negocio-de-asesoria-de-imagen-blog\/","url":"https:\/\/fpsuperiorufv.es\/blog\/que-es-un-negocio-de-asesoria-de-imagen-blog\/","name":"\u00bfQu\u00e9 es un negocio de asesor\u00eda de imagen? - Cetys","isPartOf":{"@id":"https:\/\/fpsuperiorufv.es\/blog\/#website"},"primaryImageOfPage":{"@id":"https:\/\/fpsuperiorufv.es\/blog\/que-es-un-negocio-de-asesoria-de-imagen-blog\/#primaryimage"},"image":{"@id":"https:\/\/fpsuperiorufv.es\/blog\/que-es-un-negocio-de-asesoria-de-imagen-blog\/#primaryimage"},"thumbnailUrl":"https:\/\/fpsuperiorufv.es\/blog\/wp-content\/uploads\/2025\/08\/15-scaled-1.jpg","datePublished":"2025-12-13T07:42:08+00:00","dateModified":"2025-12-15T13:42:38+00:00","breadcrumb":{"@id":"https:\/\/fpsuperiorufv.es\/blog\/que-es-un-negocio-de-asesoria-de-imagen-blog\/#breadcrumb"},"inLanguage":"es","potentialAction":[{"@type":"ReadAction","target":["https:\/\/fpsuperiorufv.es\/blog\/que-es-un-negocio-de-asesoria-de-imagen-blog\/"]}]},{"@type":"ImageObject","inLanguage":"es","@id":"https:\/\/fpsuperiorufv.es\/blog\/que-es-un-negocio-de-asesoria-de-imagen-blog\/#primaryimage","url":"https:\/\/fpsuperiorufv.es\/blog\/wp-content\/uploads\/2025\/08\/15-scaled-1.jpg","contentUrl":"https:\/\/fpsuperiorufv.es\/blog\/wp-content\/uploads\/2025\/08\/15-scaled-1.jpg","width":2560,"height":1920},{"@type":"BreadcrumbList","@id":"https:\/\/fpsuperiorufv.es\/blog\/que-es-un-negocio-de-asesoria-de-imagen-blog\/#breadcrumb","itemListElement":[{"@type":"ListItem","position":1,"name":"Home","item":"https:\/\/fpsuperiorufv.es\/blog\/"},{"@type":"ListItem","position":2,"name":"\u00bfQu\u00e9 es un negocio de asesor\u00eda de imagen?"}]},{"@type":"WebSite","@id":"https:\/\/fpsuperiorufv.es\/blog\/#website","url":"https:\/\/fpsuperiorufv.es\/blog\/","name":"Fp Superior Francisco de Vitoria","description":"","publisher":{"@id":"https:\/\/fpsuperiorufv.es\/blog\/#organization"},"alternateName":"Cetys","potentialAction":[{"@type":"SearchAction","target":{"@type":"EntryPoint","urlTemplate":"https:\/\/fpsuperiorufv.es\/blog\/?s={search_term_string}"},"query-input":{"@type":"PropertyValueSpecification","valueRequired":true,"valueName":"search_term_string"}}],"inLanguage":"es"},{"@type":"Organization","@id":"https:\/\/fpsuperiorufv.es\/blog\/#organization","name":"Cetys","url":"https:\/\/fpsuperiorufv.es\/blog\/","logo":{"@type":"ImageObject","inLanguage":"es","@id":"https:\/\/fpsuperiorufv.es\/blog\/#\/schema\/logo\/image\/","url":"https:\/\/fpsuperiorufv.lo\/wp-content\/uploads\/2025\/02\/logo.svg","contentUrl":"https:\/\/fpsuperiorufv.lo\/wp-content\/uploads\/2025\/02\/logo.svg","width":"1024","height":"1024","caption":"Cetys"},"image":{"@id":"https:\/\/fpsuperiorufv.es\/blog\/#\/schema\/logo\/image\/"}},{"@type":"Person","@id":"https:\/\/fpsuperiorufv.es\/blog\/#\/schema\/person\/c7ac6e2e7af298050da8d956ac824347","name":"FP Superior UFV","image":{"@type":"ImageObject","inLanguage":"es","@id":"https:\/\/secure.gravatar.com\/avatar\/002af9a4377d87096f281de7725cae2f359bff0b0b7439b98b80936e58af2d91?s=96&d=mm&r=g","url":"https:\/\/secure.gravatar.com\/avatar\/002af9a4377d87096f281de7725cae2f359bff0b0b7439b98b80936e58af2d91?s=96&d=mm&r=g","contentUrl":"https:\/\/secure.gravatar.com\/avatar\/002af9a4377d87096f281de7725cae2f359bff0b0b7439b98b80936e58af2d91?s=96&d=mm&r=g","caption":"FP Superior UFV"},"sameAs":["https:\/\/fpsuperiorufv.lo"],"url":"https:\/\/fpsuperiorufv.es\/blog\/author\/administrador\/"}]}},"_links":{"self":[{"href":"https:\/\/fpsuperiorufv.es\/blog\/wp-json\/wp\/v2\/posts\/1584","targetHints":{"allow":["GET"]}}],"collection":[{"href":"https:\/\/fpsuperiorufv.es\/blog\/wp-json\/wp\/v2\/posts"}],"about":[{"href":"https:\/\/fpsuperiorufv.es\/blog\/wp-json\/wp\/v2\/types\/post"}],"author":[{"embeddable":true,"href":"https:\/\/fpsuperiorufv.es\/blog\/wp-json\/wp\/v2\/users\/1"}],"replies":[{"embeddable":true,"href":"https:\/\/fpsuperiorufv.es\/blog\/wp-json\/wp\/v2\/comments?post=1584"}],"version-history":[{"count":1,"href":"https:\/\/fpsuperiorufv.es\/blog\/wp-json\/wp\/v2\/posts\/1584\/revisions"}],"predecessor-version":[{"id":2279,"href":"https:\/\/fpsuperiorufv.es\/blog\/wp-json\/wp\/v2\/posts\/1584\/revisions\/2279"}],"wp:featuredmedia":[{"embeddable":true,"href":"https:\/\/fpsuperiorufv.es\/blog\/wp-json\/wp\/v2\/media\/2661"}],"wp:attachment":[{"href":"https:\/\/fpsuperiorufv.es\/blog\/wp-json\/wp\/v2\/media?parent=1584"}],"wp:term":[{"taxonomy":"category","embeddable":true,"href":"https:\/\/fpsuperiorufv.es\/blog\/wp-json\/wp\/v2\/categories?post=1584"},{"taxonomy":"post_tag","embeddable":true,"href":"https:\/\/fpsuperiorufv.es\/blog\/wp-json\/wp\/v2\/tags?post=1584"}],"curies":[{"name":"wp","href":"https:\/\/api.w.org\/{rel}","templated":true}]}}