{"id":1628,"date":"2025-12-14T16:08:19","date_gmt":"2025-12-14T15:08:19","guid":{"rendered":"https:\/\/fpsuperiorufv.es\/blog\/2025\/02\/24\/fp-superior-francisco-de-vitoria-brilla-en-japan-week-2\/"},"modified":"2025-12-15T14:58:56","modified_gmt":"2025-12-15T13:58:56","slug":"fp-superior-francisco-de-vitoria-brilla-en-japan-week","status":"publish","type":"post","link":"https:\/\/fpsuperiorufv.es\/blog\/fp-superior-francisco-de-vitoria-brilla-en-japan-week\/","title":{"rendered":"FP Superior Francisco de Vitoria brilla en\u00a0Japan\u00a0Week"},"content":{"rendered":"\n<p><\/p>\n\n\n\n<p>El pasado 15 y 16 de febrero, IFEMA MADRID se convirti\u00f3 en el centro neur\u00e1lgico del manga con la feria Japan Week. Entre los cientos de actividades que llenaron el evento de creatividad y espect\u00e1culo, FP Superior Francisco de Vitoria destac\u00f3 en interacci\u00f3n con asistentes.<\/p>\n\n\n\n<p>Nuestro stand fue un espacio de exhibici\u00f3n, creando una aut\u00e9ntica experiencia inmersiva. Los visitantes pudieron disfrutar de impresionantes exposiciones de trabajos realizados por nuestros estudiantes, sumergirse en una muestra exclusiva del videojuego Just Dance, explorar el fascinante mundo de la impresi\u00f3n 3D y llevarse regalos personalizados. Todo ello con la participaci\u00f3n de nuestro equipo docente del ciclo formativo de Grado Superior en Animaci\u00f3n 3D, Videojuegos y Entornos Interactivos, quienes demostraron el alto nivel de innovaci\u00f3n y talento que caracteriza a nuestro centro y a la formaci\u00f3n impartida.<\/p>\n\n\n\n<p>Este \u00e9xito, una vez m\u00e1s, reafirma nuestro compromiso con un modelo educativo basado en el aprendizaje basado en proyectos, donde cada estudiante desarrolla su creatividad en un entorno real, prepar\u00e1ndose para el futuro de la industria audiovisual y del entretenimiento digital.<\/p>\n\n\n\n<p>Si quieres formar parte de una instituci\u00f3n que te prepara para triunfar en el sector, ven a conocernos. Solicita informaci\u00f3n y descubre c\u00f3mo convertir tu pasi\u00f3n en una carrera de \u00e9xito. \u00a1Te esperamos!<\/p>\n\n\n\n<p><\/p>\n","protected":false},"excerpt":{"rendered":"<p>[vc_section][vc_row][vc_column css=\".vc_custom_1655805738975{margin-top: 0px !important;margin-right: 0px !important;margin-bottom: 0px !important;margin-left: 0px !important;}\"][vc_breadcrumbs_module][\/vc_column][\/vc_row][\/vc_section][vc_section][vc_row el_class=\"container\" css=\".vc_custom_1655802988397{padding-top: 50px !important;padding-bottom: 50px !important;}\"][vc_column][vc_single_image source=\"featured_image\" img_size=\"full\" alignment=\"center\" css=\".vc_custom_1660030768789{padding-top: 20px !important;padding-bottom: 20px !important;}\"][vc_column_text] El pasado 15 y 16 de febrero, IFEMA MADRID se convirti\u00f3 en el centro neur\u00e1lgico del manga con la feria Japan Week. Entre los cientos de actividades que llenaron el evento &hellip;<\/p>\n","protected":false},"author":1,"featured_media":2681,"comment_status":"closed","ping_status":"open","sticky":false,"template":"","format":"standard","meta":{"inline_featured_image":false,"footnotes":""},"categories":[9,392],"tags":[],"class_list":["post-1628","post","type-post","status-publish","format-standard","has-post-thumbnail","hentry","category-blog","category-noticias"],"yoast_head":"<!-- This site is optimized with the Yoast SEO plugin v27.4 - https:\/\/yoast.com\/product\/yoast-seo-wordpress\/ -->\n<title>FP Superior Francisco de Vitoria brilla en\u00a0Japan\u00a0Week - Cetys<\/title>\n<meta name=\"robots\" content=\"index, follow, max-snippet:-1, max-image-preview:large, max-video-preview:-1\" \/>\n<link rel=\"canonical\" href=\"https:\/\/fpsuperiorufv.es\/blog\/fp-superior-francisco-de-vitoria-brilla-en-japan-week\/\" \/>\n<meta property=\"og:locale\" content=\"es_ES\" \/>\n<meta property=\"og:type\" content=\"article\" \/>\n<meta property=\"og:title\" content=\"FP Superior Francisco de Vitoria brilla en\u00a0Japan\u00a0Week - Cetys\" \/>\n<meta property=\"og:description\" content=\"El pasado 15 y 16 de febrero, IFEMA MADRID se convirti\u00f3 en el centro neur\u00e1lgico del manga con la feria Japan Week. Entre los cientos de actividades que llenaron el evento &hellip;\" \/>\n<meta property=\"og:url\" content=\"https:\/\/fpsuperiorufv.es\/blog\/fp-superior-francisco-de-vitoria-brilla-en-japan-week\/\" \/>\n<meta property=\"og:site_name\" content=\"Cetys\" \/>\n<meta property=\"article:published_time\" content=\"2025-12-14T15:08:19+00:00\" \/>\n<meta property=\"article:modified_time\" content=\"2025-12-15T13:58:56+00:00\" \/>\n<meta property=\"og:image\" content=\"https:\/\/fpsuperiorufv.es\/blog\/wp-content\/uploads\/2025\/08\/Japan-Week.jpg\" \/>\n\t<meta property=\"og:image:width\" content=\"1600\" \/>\n\t<meta property=\"og:image:height\" content=\"1200\" \/>\n\t<meta property=\"og:image:type\" content=\"image\/jpeg\" \/>\n<meta name=\"author\" content=\"FP Superior UFV\" \/>\n<meta name=\"twitter:card\" content=\"summary_large_image\" \/>\n<meta name=\"twitter:label1\" content=\"Escrito por\" \/>\n\t<meta name=\"twitter:data1\" content=\"FP Superior UFV\" \/>\n\t<meta name=\"twitter:label2\" content=\"Tiempo de lectura\" \/>\n\t<meta name=\"twitter:data2\" content=\"2 minutos\" \/>\n<script type=\"application\/ld+json\" class=\"yoast-schema-graph\">{\"@context\":\"https:\\\/\\\/schema.org\",\"@graph\":[{\"@type\":\"Article\",\"@id\":\"https:\\\/\\\/fpsuperiorufv.es\\\/blog\\\/fp-superior-francisco-de-vitoria-brilla-en-japan-week\\\/#article\",\"isPartOf\":{\"@id\":\"https:\\\/\\\/fpsuperiorufv.es\\\/blog\\\/fp-superior-francisco-de-vitoria-brilla-en-japan-week\\\/\"},\"author\":{\"name\":\"FP Superior UFV\",\"@id\":\"https:\\\/\\\/fpsuperiorufv.es\\\/blog\\\/#\\\/schema\\\/person\\\/c7ac6e2e7af298050da8d956ac824347\"},\"headline\":\"FP Superior Francisco de Vitoria brilla en\u00a0Japan\u00a0Week\",\"datePublished\":\"2025-12-14T15:08:19+00:00\",\"dateModified\":\"2025-12-15T13:58:56+00:00\",\"mainEntityOfPage\":{\"@id\":\"https:\\\/\\\/fpsuperiorufv.es\\\/blog\\\/fp-superior-francisco-de-vitoria-brilla-en-japan-week\\\/\"},\"wordCount\":324,\"publisher\":{\"@id\":\"https:\\\/\\\/fpsuperiorufv.es\\\/blog\\\/#organization\"},\"image\":{\"@id\":\"https:\\\/\\\/fpsuperiorufv.es\\\/blog\\\/fp-superior-francisco-de-vitoria-brilla-en-japan-week\\\/#primaryimage\"},\"thumbnailUrl\":\"https:\\\/\\\/fpsuperiorufv.es\\\/blog\\\/wp-content\\\/uploads\\\/2025\\\/08\\\/Japan-Week.jpg\",\"articleSection\":[\"Blog\",\"Noticias\"],\"inLanguage\":\"es\"},{\"@type\":\"WebPage\",\"@id\":\"https:\\\/\\\/fpsuperiorufv.es\\\/blog\\\/fp-superior-francisco-de-vitoria-brilla-en-japan-week\\\/\",\"url\":\"https:\\\/\\\/fpsuperiorufv.es\\\/blog\\\/fp-superior-francisco-de-vitoria-brilla-en-japan-week\\\/\",\"name\":\"FP Superior Francisco de Vitoria brilla en\u00a0Japan\u00a0Week - Cetys\",\"isPartOf\":{\"@id\":\"https:\\\/\\\/fpsuperiorufv.es\\\/blog\\\/#website\"},\"primaryImageOfPage\":{\"@id\":\"https:\\\/\\\/fpsuperiorufv.es\\\/blog\\\/fp-superior-francisco-de-vitoria-brilla-en-japan-week\\\/#primaryimage\"},\"image\":{\"@id\":\"https:\\\/\\\/fpsuperiorufv.es\\\/blog\\\/fp-superior-francisco-de-vitoria-brilla-en-japan-week\\\/#primaryimage\"},\"thumbnailUrl\":\"https:\\\/\\\/fpsuperiorufv.es\\\/blog\\\/wp-content\\\/uploads\\\/2025\\\/08\\\/Japan-Week.jpg\",\"datePublished\":\"2025-12-14T15:08:19+00:00\",\"dateModified\":\"2025-12-15T13:58:56+00:00\",\"breadcrumb\":{\"@id\":\"https:\\\/\\\/fpsuperiorufv.es\\\/blog\\\/fp-superior-francisco-de-vitoria-brilla-en-japan-week\\\/#breadcrumb\"},\"inLanguage\":\"es\",\"potentialAction\":[{\"@type\":\"ReadAction\",\"target\":[\"https:\\\/\\\/fpsuperiorufv.es\\\/blog\\\/fp-superior-francisco-de-vitoria-brilla-en-japan-week\\\/\"]}]},{\"@type\":\"ImageObject\",\"inLanguage\":\"es\",\"@id\":\"https:\\\/\\\/fpsuperiorufv.es\\\/blog\\\/fp-superior-francisco-de-vitoria-brilla-en-japan-week\\\/#primaryimage\",\"url\":\"https:\\\/\\\/fpsuperiorufv.es\\\/blog\\\/wp-content\\\/uploads\\\/2025\\\/08\\\/Japan-Week.jpg\",\"contentUrl\":\"https:\\\/\\\/fpsuperiorufv.es\\\/blog\\\/wp-content\\\/uploads\\\/2025\\\/08\\\/Japan-Week.jpg\",\"width\":1600,\"height\":1200},{\"@type\":\"BreadcrumbList\",\"@id\":\"https:\\\/\\\/fpsuperiorufv.es\\\/blog\\\/fp-superior-francisco-de-vitoria-brilla-en-japan-week\\\/#breadcrumb\",\"itemListElement\":[{\"@type\":\"ListItem\",\"position\":1,\"name\":\"Home\",\"item\":\"https:\\\/\\\/fpsuperiorufv.es\\\/blog\\\/\"},{\"@type\":\"ListItem\",\"position\":2,\"name\":\"FP Superior Francisco de Vitoria brilla en\u00a0Japan\u00a0Week\"}]},{\"@type\":\"WebSite\",\"@id\":\"https:\\\/\\\/fpsuperiorufv.es\\\/blog\\\/#website\",\"url\":\"https:\\\/\\\/fpsuperiorufv.es\\\/blog\\\/\",\"name\":\"Fp Superior Francisco de Vitoria\",\"description\":\"\",\"publisher\":{\"@id\":\"https:\\\/\\\/fpsuperiorufv.es\\\/blog\\\/#organization\"},\"alternateName\":\"Cetys\",\"potentialAction\":[{\"@type\":\"SearchAction\",\"target\":{\"@type\":\"EntryPoint\",\"urlTemplate\":\"https:\\\/\\\/fpsuperiorufv.es\\\/blog\\\/?s={search_term_string}\"},\"query-input\":{\"@type\":\"PropertyValueSpecification\",\"valueRequired\":true,\"valueName\":\"search_term_string\"}}],\"inLanguage\":\"es\"},{\"@type\":\"Organization\",\"@id\":\"https:\\\/\\\/fpsuperiorufv.es\\\/blog\\\/#organization\",\"name\":\"Cetys\",\"url\":\"https:\\\/\\\/fpsuperiorufv.es\\\/blog\\\/\",\"logo\":{\"@type\":\"ImageObject\",\"inLanguage\":\"es\",\"@id\":\"https:\\\/\\\/fpsuperiorufv.es\\\/blog\\\/#\\\/schema\\\/logo\\\/image\\\/\",\"url\":\"https:\\\/\\\/fpsuperiorufv.lo\\\/wp-content\\\/uploads\\\/2025\\\/02\\\/logo.svg\",\"contentUrl\":\"https:\\\/\\\/fpsuperiorufv.lo\\\/wp-content\\\/uploads\\\/2025\\\/02\\\/logo.svg\",\"width\":\"1024\",\"height\":\"1024\",\"caption\":\"Cetys\"},\"image\":{\"@id\":\"https:\\\/\\\/fpsuperiorufv.es\\\/blog\\\/#\\\/schema\\\/logo\\\/image\\\/\"}},{\"@type\":\"Person\",\"@id\":\"https:\\\/\\\/fpsuperiorufv.es\\\/blog\\\/#\\\/schema\\\/person\\\/c7ac6e2e7af298050da8d956ac824347\",\"name\":\"FP Superior UFV\",\"image\":{\"@type\":\"ImageObject\",\"inLanguage\":\"es\",\"@id\":\"https:\\\/\\\/secure.gravatar.com\\\/avatar\\\/002af9a4377d87096f281de7725cae2f359bff0b0b7439b98b80936e58af2d91?s=96&d=mm&r=g\",\"url\":\"https:\\\/\\\/secure.gravatar.com\\\/avatar\\\/002af9a4377d87096f281de7725cae2f359bff0b0b7439b98b80936e58af2d91?s=96&d=mm&r=g\",\"contentUrl\":\"https:\\\/\\\/secure.gravatar.com\\\/avatar\\\/002af9a4377d87096f281de7725cae2f359bff0b0b7439b98b80936e58af2d91?s=96&d=mm&r=g\",\"caption\":\"FP Superior UFV\"},\"sameAs\":[\"https:\\\/\\\/fpsuperiorufv.lo\"],\"url\":\"https:\\\/\\\/fpsuperiorufv.es\\\/blog\\\/author\\\/administrador\\\/\"}]}<\/script>\n<!-- \/ Yoast SEO plugin. -->","yoast_head_json":{"title":"FP Superior Francisco de Vitoria brilla en\u00a0Japan\u00a0Week - Cetys","robots":{"index":"index","follow":"follow","max-snippet":"max-snippet:-1","max-image-preview":"max-image-preview:large","max-video-preview":"max-video-preview:-1"},"canonical":"https:\/\/fpsuperiorufv.es\/blog\/fp-superior-francisco-de-vitoria-brilla-en-japan-week\/","og_locale":"es_ES","og_type":"article","og_title":"FP Superior Francisco de Vitoria brilla en\u00a0Japan\u00a0Week - Cetys","og_description":"El pasado 15 y 16 de febrero, IFEMA MADRID se convirti\u00f3 en el centro neur\u00e1lgico del manga con la feria Japan Week. Entre los cientos de actividades que llenaron el evento &hellip;","og_url":"https:\/\/fpsuperiorufv.es\/blog\/fp-superior-francisco-de-vitoria-brilla-en-japan-week\/","og_site_name":"Cetys","article_published_time":"2025-12-14T15:08:19+00:00","article_modified_time":"2025-12-15T13:58:56+00:00","og_image":[{"width":1600,"height":1200,"url":"https:\/\/fpsuperiorufv.es\/blog\/wp-content\/uploads\/2025\/08\/Japan-Week.jpg","type":"image\/jpeg"}],"author":"FP Superior UFV","twitter_card":"summary_large_image","twitter_misc":{"Escrito por":"FP Superior UFV","Tiempo de lectura":"2 minutos"},"schema":{"@context":"https:\/\/schema.org","@graph":[{"@type":"Article","@id":"https:\/\/fpsuperiorufv.es\/blog\/fp-superior-francisco-de-vitoria-brilla-en-japan-week\/#article","isPartOf":{"@id":"https:\/\/fpsuperiorufv.es\/blog\/fp-superior-francisco-de-vitoria-brilla-en-japan-week\/"},"author":{"name":"FP Superior UFV","@id":"https:\/\/fpsuperiorufv.es\/blog\/#\/schema\/person\/c7ac6e2e7af298050da8d956ac824347"},"headline":"FP Superior Francisco de Vitoria brilla en\u00a0Japan\u00a0Week","datePublished":"2025-12-14T15:08:19+00:00","dateModified":"2025-12-15T13:58:56+00:00","mainEntityOfPage":{"@id":"https:\/\/fpsuperiorufv.es\/blog\/fp-superior-francisco-de-vitoria-brilla-en-japan-week\/"},"wordCount":324,"publisher":{"@id":"https:\/\/fpsuperiorufv.es\/blog\/#organization"},"image":{"@id":"https:\/\/fpsuperiorufv.es\/blog\/fp-superior-francisco-de-vitoria-brilla-en-japan-week\/#primaryimage"},"thumbnailUrl":"https:\/\/fpsuperiorufv.es\/blog\/wp-content\/uploads\/2025\/08\/Japan-Week.jpg","articleSection":["Blog","Noticias"],"inLanguage":"es"},{"@type":"WebPage","@id":"https:\/\/fpsuperiorufv.es\/blog\/fp-superior-francisco-de-vitoria-brilla-en-japan-week\/","url":"https:\/\/fpsuperiorufv.es\/blog\/fp-superior-francisco-de-vitoria-brilla-en-japan-week\/","name":"FP Superior Francisco de Vitoria brilla en\u00a0Japan\u00a0Week - Cetys","isPartOf":{"@id":"https:\/\/fpsuperiorufv.es\/blog\/#website"},"primaryImageOfPage":{"@id":"https:\/\/fpsuperiorufv.es\/blog\/fp-superior-francisco-de-vitoria-brilla-en-japan-week\/#primaryimage"},"image":{"@id":"https:\/\/fpsuperiorufv.es\/blog\/fp-superior-francisco-de-vitoria-brilla-en-japan-week\/#primaryimage"},"thumbnailUrl":"https:\/\/fpsuperiorufv.es\/blog\/wp-content\/uploads\/2025\/08\/Japan-Week.jpg","datePublished":"2025-12-14T15:08:19+00:00","dateModified":"2025-12-15T13:58:56+00:00","breadcrumb":{"@id":"https:\/\/fpsuperiorufv.es\/blog\/fp-superior-francisco-de-vitoria-brilla-en-japan-week\/#breadcrumb"},"inLanguage":"es","potentialAction":[{"@type":"ReadAction","target":["https:\/\/fpsuperiorufv.es\/blog\/fp-superior-francisco-de-vitoria-brilla-en-japan-week\/"]}]},{"@type":"ImageObject","inLanguage":"es","@id":"https:\/\/fpsuperiorufv.es\/blog\/fp-superior-francisco-de-vitoria-brilla-en-japan-week\/#primaryimage","url":"https:\/\/fpsuperiorufv.es\/blog\/wp-content\/uploads\/2025\/08\/Japan-Week.jpg","contentUrl":"https:\/\/fpsuperiorufv.es\/blog\/wp-content\/uploads\/2025\/08\/Japan-Week.jpg","width":1600,"height":1200},{"@type":"BreadcrumbList","@id":"https:\/\/fpsuperiorufv.es\/blog\/fp-superior-francisco-de-vitoria-brilla-en-japan-week\/#breadcrumb","itemListElement":[{"@type":"ListItem","position":1,"name":"Home","item":"https:\/\/fpsuperiorufv.es\/blog\/"},{"@type":"ListItem","position":2,"name":"FP Superior Francisco de Vitoria brilla en\u00a0Japan\u00a0Week"}]},{"@type":"WebSite","@id":"https:\/\/fpsuperiorufv.es\/blog\/#website","url":"https:\/\/fpsuperiorufv.es\/blog\/","name":"Fp Superior Francisco de Vitoria","description":"","publisher":{"@id":"https:\/\/fpsuperiorufv.es\/blog\/#organization"},"alternateName":"Cetys","potentialAction":[{"@type":"SearchAction","target":{"@type":"EntryPoint","urlTemplate":"https:\/\/fpsuperiorufv.es\/blog\/?s={search_term_string}"},"query-input":{"@type":"PropertyValueSpecification","valueRequired":true,"valueName":"search_term_string"}}],"inLanguage":"es"},{"@type":"Organization","@id":"https:\/\/fpsuperiorufv.es\/blog\/#organization","name":"Cetys","url":"https:\/\/fpsuperiorufv.es\/blog\/","logo":{"@type":"ImageObject","inLanguage":"es","@id":"https:\/\/fpsuperiorufv.es\/blog\/#\/schema\/logo\/image\/","url":"https:\/\/fpsuperiorufv.lo\/wp-content\/uploads\/2025\/02\/logo.svg","contentUrl":"https:\/\/fpsuperiorufv.lo\/wp-content\/uploads\/2025\/02\/logo.svg","width":"1024","height":"1024","caption":"Cetys"},"image":{"@id":"https:\/\/fpsuperiorufv.es\/blog\/#\/schema\/logo\/image\/"}},{"@type":"Person","@id":"https:\/\/fpsuperiorufv.es\/blog\/#\/schema\/person\/c7ac6e2e7af298050da8d956ac824347","name":"FP Superior UFV","image":{"@type":"ImageObject","inLanguage":"es","@id":"https:\/\/secure.gravatar.com\/avatar\/002af9a4377d87096f281de7725cae2f359bff0b0b7439b98b80936e58af2d91?s=96&d=mm&r=g","url":"https:\/\/secure.gravatar.com\/avatar\/002af9a4377d87096f281de7725cae2f359bff0b0b7439b98b80936e58af2d91?s=96&d=mm&r=g","contentUrl":"https:\/\/secure.gravatar.com\/avatar\/002af9a4377d87096f281de7725cae2f359bff0b0b7439b98b80936e58af2d91?s=96&d=mm&r=g","caption":"FP Superior UFV"},"sameAs":["https:\/\/fpsuperiorufv.lo"],"url":"https:\/\/fpsuperiorufv.es\/blog\/author\/administrador\/"}]}},"_links":{"self":[{"href":"https:\/\/fpsuperiorufv.es\/blog\/wp-json\/wp\/v2\/posts\/1628","targetHints":{"allow":["GET"]}}],"collection":[{"href":"https:\/\/fpsuperiorufv.es\/blog\/wp-json\/wp\/v2\/posts"}],"about":[{"href":"https:\/\/fpsuperiorufv.es\/blog\/wp-json\/wp\/v2\/types\/post"}],"author":[{"embeddable":true,"href":"https:\/\/fpsuperiorufv.es\/blog\/wp-json\/wp\/v2\/users\/1"}],"replies":[{"embeddable":true,"href":"https:\/\/fpsuperiorufv.es\/blog\/wp-json\/wp\/v2\/comments?post=1628"}],"version-history":[{"count":1,"href":"https:\/\/fpsuperiorufv.es\/blog\/wp-json\/wp\/v2\/posts\/1628\/revisions"}],"predecessor-version":[{"id":2303,"href":"https:\/\/fpsuperiorufv.es\/blog\/wp-json\/wp\/v2\/posts\/1628\/revisions\/2303"}],"wp:featuredmedia":[{"embeddable":true,"href":"https:\/\/fpsuperiorufv.es\/blog\/wp-json\/wp\/v2\/media\/2681"}],"wp:attachment":[{"href":"https:\/\/fpsuperiorufv.es\/blog\/wp-json\/wp\/v2\/media?parent=1628"}],"wp:term":[{"taxonomy":"category","embeddable":true,"href":"https:\/\/fpsuperiorufv.es\/blog\/wp-json\/wp\/v2\/categories?post=1628"},{"taxonomy":"post_tag","embeddable":true,"href":"https:\/\/fpsuperiorufv.es\/blog\/wp-json\/wp\/v2\/tags?post=1628"}],"curies":[{"name":"wp","href":"https:\/\/api.w.org\/{rel}","templated":true}]}}