{"id":1647,"date":"2025-12-14T01:21:49","date_gmt":"2025-12-14T00:21:49","guid":{"rendered":"https:\/\/fpsuperiorufv.es\/blog\/2025\/03\/08\/que-hacer-despues-del-grado-superior-de-educacion-infantil\/"},"modified":"2025-12-15T15:03:09","modified_gmt":"2025-12-15T14:03:09","slug":"que-hacer-despues-del-grado-superior-de-educacion-infantil-blog","status":"publish","type":"post","link":"https:\/\/fpsuperiorufv.es\/blog\/que-hacer-despues-del-grado-superior-de-educacion-infantil-blog\/","title":{"rendered":"\u00bfQu\u00e9 hacer despu\u00e9s del grado superior de Educaci\u00f3n Infantil?"},"content":{"rendered":"<p><\/p>\n\n<p><span style=\"font-weight: 400;\">Terminar el Grado Superior en Educaci\u00f3n Infantil es solo el comienzo de un emocionante viaje. Imagina estar rodeado de ni\u00f1os, llenos de alegr\u00eda y vitalidad, mientras contribuyes a su futuro. \u00bfTe has preguntado qu\u00e9 pasos seguir despu\u00e9s de finalizar tu formaci\u00f3n? Aqu\u00ed te damos las claves para que tu carrera despegue.<\/span><\/p>\n<h2>Curiosidades y datos interesantes<\/h2>\n<ul>\n<li>En Espa\u00f1a, m\u00e1s del 70% de los profesionales en educaci\u00f3n infantil est\u00e1n satisfechos con su trabajo.<\/li>\n<li>El sector de la educaci\u00f3n infantil sigue en crecimiento, con una demanda constante de profesionales cualificados.<\/li>\n<li>Aproximadamente el 40% de los graduados en educaci\u00f3n infantil optan por continuar sus estudios.<\/li>\n<li>Los educadores infantiles tienen un impacto directo en el desarrollo emocional y social de los ni\u00f1os.<\/li>\n<li>Trabajar con ni\u00f1os no solo es gratificante, sino que tambi\u00e9n mejora tus habilidades de comunicaci\u00f3n y resoluci\u00f3n de conflictos.<\/li>\n<\/ul>\n<h2>Oportunidades laborales<\/h2>\n<p><span style=\"font-weight: 400;\">Una vez que completes tu <a href=\"https:\/\/fpsuperiorufv.es\/grado-superior-en-educacion-infantil\/\">T\u00e9cnico Superior en Educaci\u00f3n Infantil<\/a>, tendr\u00e1s m\u00faltiples opciones laborales. Las m\u00e1s destacadas incluyen:<\/span><\/p>\n<ul>\n<li><strong>Educador\/a infantil en escuelas<\/strong>: Trabajar en guarder\u00edas o colegios, donde formar\u00e1s parte del desarrollo integral de ni\u00f1os de 0 a 6 a\u00f1os.<\/li>\n<li><strong>Maestro\/a de educaci\u00f3n infantil<\/strong>: Si decides continuar tus estudios, podr\u00e1s acceder a la carrera de Magisterio y especializarte en educaci\u00f3n infantil.<\/li>\n<li><strong>Monitor\/a de actividades extraescolares<\/strong>: Organizar y dirigir actividades l\u00fadicas y educativas fuera del horario escolar.<\/li>\n<li><strong>Asistente en programas de intervenci\u00f3n social<\/strong>: Colaborar con organizaciones que apoyan a ni\u00f1os en situaciones desfavorables.<\/li>\n<li><strong>Educador\/a en centros de ocio<\/strong>: Conducir actividades recreativas en campamentos o centros de d\u00eda.<\/li>\n<\/ul>\n<h2>Formaci\u00f3n continua<\/h2>\n<p><span style=\"font-weight: 400;\">La educaci\u00f3n nunca termina. Despu\u00e9s de obtener tu t\u00edtulo, puedes considerar seguir form\u00e1ndote. Algunas opciones son:<\/span><\/p>\n<ul>\n<li><strong>Especializaciones<\/strong>: Cursos en pedagog\u00eda, psicolog\u00eda infantil o atenci\u00f3n a la diversidad.<\/li>\n<li><strong>M\u00e1steres<\/strong>: Programas de posgrado que te permitir\u00e1n profundizar en \u00e1reas espec\u00edficas de la educaci\u00f3n.<\/li>\n<li><strong>Seminarios y talleres<\/strong>: Asistir a eventos que te mantendr\u00e1n actualizado sobre las \u00faltimas tendencias en educaci\u00f3n infantil.<\/li>\n<\/ul>\n<h2>Creaci\u00f3n de un proyecto propio<\/h2>\n<p><span style=\"font-weight: 400;\">Si tienes un esp\u00edritu emprendedor, podr\u00edas considerar crear tu propio proyecto educativo. Algunas ideas son:<\/span><\/p>\n<ul>\n<li><strong>Guarder\u00eda o centro de educaci\u00f3n infantil<\/strong>: Un espacio donde puedas aplicar tus conocimientos y brindar un servicio de calidad.<\/li>\n<li><strong>Clases particulares o tutor\u00edas<\/strong>: Ofrecer apoyo educativo a ni\u00f1os que lo necesiten.<\/li>\n<li><strong>Desarrollo de materiales educativos<\/strong>: Dise\u00f1ar recursos que ayuden a otros educadores en su labor diaria.<\/li>\n<\/ul>\n<h2>Voluntariado y pr\u00e1cticas profesionales<\/h2>\n<p><span style=\"font-weight: 400;\">El voluntariado es una excelente manera de adquirir experiencia. Considera:<\/span><\/p>\n<ul>\n<li><strong>Colaborar con ONGs<\/strong>: Ayudar en proyectos que apoyan a la infancia en situaciones dif\u00edciles.<\/li>\n<li><strong>Pr\u00e1cticas en escuelas<\/strong>: Muchas instituciones ofrecen la posibilidad de realizar pr\u00e1cticas que enriquecer\u00e1n tu curr\u00edculum.<\/li>\n<\/ul>\n<h2>Networking y contactos<\/h2>\n<p><span style=\"font-weight: 400;\">Construir una red de contactos es crucial en cualquier profesi\u00f3n. Aqu\u00ed tienes algunas estrategias:<\/span><\/p>\n<ul>\n<li><strong>Asistir a conferencias<\/strong>: Participar en eventos relacionados con la educaci\u00f3n.<\/li>\n<li><strong>Unirte a asociaciones profesionales<\/strong>: Estas organizaciones suelen ofrecer recursos y oportunidades de trabajo.<\/li>\n<li><strong>Conectar en redes sociales<\/strong>: Utiliza plataformas como LinkedIn para conocer a otros profesionales del sector.<\/li>\n<\/ul>\n<h2>La importancia de la educaci\u00f3n emocional<\/h2>\n<p><span style=\"font-weight: 400;\">Una de las \u00e1reas m\u00e1s relevantes en la educaci\u00f3n infantil es la educaci\u00f3n emocional. Te ayudar\u00e1 a:<\/span><\/p>\n<ul>\n<li>Fomentar la empat\u00eda y la comprensi\u00f3n entre los ni\u00f1os.<\/li>\n<li>Desarrollar habilidades sociales y comunicativas.<\/li>\n<li>Crear un ambiente seguro y positivo en el aula.<\/li>\n<\/ul>\n<h2>Preguntas frecuentes<\/h2>\n<h3>\u00bfNecesito un m\u00e1ster para trabajar en educaci\u00f3n infantil?<\/h3>\n<p><span style=\"font-weight: 400;\">No es obligatorio, pero un m\u00e1ster puede abrirte m\u00e1s puertas y darte una ventaja competitiva en el mercado laboral. Tambi\u00e9n se puede optar por hacer un grado universitario u otras formaciones adicionales que lo habilitan.<\/span><\/p>\n<h3>\u00bfPuedo trabajar en el extranjero con mi t\u00edtulo?<\/h3>\n<p><span style=\"font-weight: 400;\">S\u00ed, muchos pa\u00edses valoran los t\u00edtulos de formaci\u00f3n profesional espa\u00f1ola, pero es importante informarte sobre la homologaci\u00f3n en el pa\u00eds donde desees trabajar.<\/span><\/p>\n<h3>\u00bfQu\u00e9 habilidades son importantes para un educador infantil?<\/h3>\n<p><span style=\"font-weight: 400;\">Entre las habilidades m\u00e1s valoradas est\u00e1n la creatividad, la paciencia, la comunicaci\u00f3n efectiva y la capacidad de adaptarse a diferentes situaciones.<\/span><\/p>\n<h3>\u00bfC\u00f3mo puedo mejorar mis oportunidades laborales despu\u00e9s del grado?<\/h3>\n<p><span style=\"font-weight: 400;\">La formaci\u00f3n continua, el voluntariado y la creaci\u00f3n de una red de contactos son claves para mejorar tus oportunidades laborales.<\/span><\/p>\n<p><span style=\"font-weight: 400;\">Estamos emocionados de acompa\u00f1arte en este viaje educativo y profesional. Si quieres saber m\u00e1s sobre el <a href=\"https:\/\/fpsuperiorufv.es\/grado-superior-en-educacion-infantil\/\">T\u00e9cnico Superior en Educaci\u00f3n Infantil<\/a>, no dudes en contactarnos. \u00a1Tu futuro comienza aqu\u00ed!<\/span><\/p>\n<p><\/p>\n<p><\/p>\n","protected":false},"excerpt":{"rendered":"<p>[vc_section][vc_row][vc_column css=\".vc_custom_1655805738975{margin-top: 0px !important;margin-right: 0px !important;margin-bottom: 0px !important;margin-left: 0px !important;}\"][vc_breadcrumbs_module][\/vc_column][\/vc_row][\/vc_section][vc_section][vc_row el_class=\"container\" css=\".vc_custom_1655802988397{padding-top: 50px !important;padding-bottom: 50px !important;}\"][vc_column][vc_single_image source=\"featured_image\" img_size=\"full\" alignment=\"center\" css=\".vc_custom_1660030768789{padding-top: 20px !important;padding-bottom: 20px !important;}\"][vc_column_text] Terminar el Grado Superior en Educaci\u00f3n Infantil es solo el comienzo de un emocionante viaje. Imagina estar rodeado de ni\u00f1os, llenos de alegr\u00eda y vitalidad, mientras contribuyes a su futuro. \u00bfTe &hellip;<\/p>\n","protected":false},"author":1,"featured_media":2593,"comment_status":"closed","ping_status":"open","sticky":false,"template":"","format":"standard","meta":{"inline_featured_image":false,"footnotes":""},"categories":[9,393],"tags":[],"class_list":["post-1647","post","type-post","status-publish","format-standard","has-post-thumbnail","hentry","category-blog","category-preguntas-frecuentes"],"yoast_head":"<!-- This site is optimized with the Yoast SEO plugin v27.4 - https:\/\/yoast.com\/product\/yoast-seo-wordpress\/ -->\n<title>\u00bfQu\u00e9 hacer despu\u00e9s del grado superior de Educaci\u00f3n Infantil? - Cetys<\/title>\n<meta name=\"robots\" content=\"index, follow, max-snippet:-1, max-image-preview:large, max-video-preview:-1\" \/>\n<link rel=\"canonical\" href=\"https:\/\/fpsuperiorufv.es\/blog\/que-hacer-despues-del-grado-superior-de-educacion-infantil-blog\/\" \/>\n<meta property=\"og:locale\" content=\"es_ES\" \/>\n<meta property=\"og:type\" content=\"article\" \/>\n<meta property=\"og:title\" content=\"\u00bfQu\u00e9 hacer despu\u00e9s del grado superior de Educaci\u00f3n Infantil? - Cetys\" \/>\n<meta property=\"og:description\" content=\"Terminar el Grado Superior en Educaci\u00f3n Infantil es solo el comienzo de un emocionante viaje. Imagina estar rodeado de ni\u00f1os, llenos de alegr\u00eda y vitalidad, mientras contribuyes a su futuro. \u00bfTe &hellip;\" \/>\n<meta property=\"og:url\" content=\"https:\/\/fpsuperiorufv.es\/blog\/que-hacer-despues-del-grado-superior-de-educacion-infantil-blog\/\" \/>\n<meta property=\"og:site_name\" content=\"Cetys\" \/>\n<meta property=\"article:published_time\" content=\"2025-12-14T00:21:49+00:00\" \/>\n<meta property=\"article:modified_time\" content=\"2025-12-15T14:03:09+00:00\" \/>\n<meta property=\"og:image\" content=\"https:\/\/fpsuperiorufv.es\/blog\/wp-content\/uploads\/2025\/08\/como-desarrollar-habilidades-sociales-en-ninos.png\" \/>\n\t<meta property=\"og:image:width\" content=\"1280\" \/>\n\t<meta property=\"og:image:height\" content=\"854\" \/>\n\t<meta property=\"og:image:type\" content=\"image\/png\" \/>\n<meta name=\"author\" content=\"FP Superior UFV\" \/>\n<meta name=\"twitter:card\" content=\"summary_large_image\" \/>\n<meta name=\"twitter:label1\" content=\"Escrito por\" \/>\n\t<meta name=\"twitter:data1\" content=\"FP Superior UFV\" \/>\n\t<meta name=\"twitter:label2\" content=\"Tiempo de lectura\" \/>\n\t<meta name=\"twitter:data2\" content=\"4 minutos\" \/>\n<script type=\"application\/ld+json\" class=\"yoast-schema-graph\">{\"@context\":\"https:\\\/\\\/schema.org\",\"@graph\":[{\"@type\":\"Article\",\"@id\":\"https:\\\/\\\/fpsuperiorufv.es\\\/blog\\\/que-hacer-despues-del-grado-superior-de-educacion-infantil-blog\\\/#article\",\"isPartOf\":{\"@id\":\"https:\\\/\\\/fpsuperiorufv.es\\\/blog\\\/que-hacer-despues-del-grado-superior-de-educacion-infantil-blog\\\/\"},\"author\":{\"name\":\"FP Superior UFV\",\"@id\":\"https:\\\/\\\/fpsuperiorufv.es\\\/blog\\\/#\\\/schema\\\/person\\\/c7ac6e2e7af298050da8d956ac824347\"},\"headline\":\"\u00bfQu\u00e9 hacer despu\u00e9s del grado superior de Educaci\u00f3n Infantil?\",\"datePublished\":\"2025-12-14T00:21:49+00:00\",\"dateModified\":\"2025-12-15T14:03:09+00:00\",\"mainEntityOfPage\":{\"@id\":\"https:\\\/\\\/fpsuperiorufv.es\\\/blog\\\/que-hacer-despues-del-grado-superior-de-educacion-infantil-blog\\\/\"},\"wordCount\":886,\"publisher\":{\"@id\":\"https:\\\/\\\/fpsuperiorufv.es\\\/blog\\\/#organization\"},\"image\":{\"@id\":\"https:\\\/\\\/fpsuperiorufv.es\\\/blog\\\/que-hacer-despues-del-grado-superior-de-educacion-infantil-blog\\\/#primaryimage\"},\"thumbnailUrl\":\"https:\\\/\\\/fpsuperiorufv.es\\\/blog\\\/wp-content\\\/uploads\\\/2025\\\/08\\\/como-desarrollar-habilidades-sociales-en-ninos.png\",\"articleSection\":[\"Blog\",\"Preguntas frecuentes\"],\"inLanguage\":\"es\"},{\"@type\":\"WebPage\",\"@id\":\"https:\\\/\\\/fpsuperiorufv.es\\\/blog\\\/que-hacer-despues-del-grado-superior-de-educacion-infantil-blog\\\/\",\"url\":\"https:\\\/\\\/fpsuperiorufv.es\\\/blog\\\/que-hacer-despues-del-grado-superior-de-educacion-infantil-blog\\\/\",\"name\":\"\u00bfQu\u00e9 hacer despu\u00e9s del grado superior de Educaci\u00f3n Infantil? - Cetys\",\"isPartOf\":{\"@id\":\"https:\\\/\\\/fpsuperiorufv.es\\\/blog\\\/#website\"},\"primaryImageOfPage\":{\"@id\":\"https:\\\/\\\/fpsuperiorufv.es\\\/blog\\\/que-hacer-despues-del-grado-superior-de-educacion-infantil-blog\\\/#primaryimage\"},\"image\":{\"@id\":\"https:\\\/\\\/fpsuperiorufv.es\\\/blog\\\/que-hacer-despues-del-grado-superior-de-educacion-infantil-blog\\\/#primaryimage\"},\"thumbnailUrl\":\"https:\\\/\\\/fpsuperiorufv.es\\\/blog\\\/wp-content\\\/uploads\\\/2025\\\/08\\\/como-desarrollar-habilidades-sociales-en-ninos.png\",\"datePublished\":\"2025-12-14T00:21:49+00:00\",\"dateModified\":\"2025-12-15T14:03:09+00:00\",\"breadcrumb\":{\"@id\":\"https:\\\/\\\/fpsuperiorufv.es\\\/blog\\\/que-hacer-despues-del-grado-superior-de-educacion-infantil-blog\\\/#breadcrumb\"},\"inLanguage\":\"es\",\"potentialAction\":[{\"@type\":\"ReadAction\",\"target\":[\"https:\\\/\\\/fpsuperiorufv.es\\\/blog\\\/que-hacer-despues-del-grado-superior-de-educacion-infantil-blog\\\/\"]}]},{\"@type\":\"ImageObject\",\"inLanguage\":\"es\",\"@id\":\"https:\\\/\\\/fpsuperiorufv.es\\\/blog\\\/que-hacer-despues-del-grado-superior-de-educacion-infantil-blog\\\/#primaryimage\",\"url\":\"https:\\\/\\\/fpsuperiorufv.es\\\/blog\\\/wp-content\\\/uploads\\\/2025\\\/08\\\/como-desarrollar-habilidades-sociales-en-ninos.png\",\"contentUrl\":\"https:\\\/\\\/fpsuperiorufv.es\\\/blog\\\/wp-content\\\/uploads\\\/2025\\\/08\\\/como-desarrollar-habilidades-sociales-en-ninos.png\",\"width\":1280,\"height\":854},{\"@type\":\"BreadcrumbList\",\"@id\":\"https:\\\/\\\/fpsuperiorufv.es\\\/blog\\\/que-hacer-despues-del-grado-superior-de-educacion-infantil-blog\\\/#breadcrumb\",\"itemListElement\":[{\"@type\":\"ListItem\",\"position\":1,\"name\":\"Home\",\"item\":\"https:\\\/\\\/fpsuperiorufv.es\\\/blog\\\/\"},{\"@type\":\"ListItem\",\"position\":2,\"name\":\"\u00bfQu\u00e9 hacer despu\u00e9s del grado superior de Educaci\u00f3n Infantil?\"}]},{\"@type\":\"WebSite\",\"@id\":\"https:\\\/\\\/fpsuperiorufv.es\\\/blog\\\/#website\",\"url\":\"https:\\\/\\\/fpsuperiorufv.es\\\/blog\\\/\",\"name\":\"Fp Superior Francisco de Vitoria\",\"description\":\"\",\"publisher\":{\"@id\":\"https:\\\/\\\/fpsuperiorufv.es\\\/blog\\\/#organization\"},\"alternateName\":\"Cetys\",\"potentialAction\":[{\"@type\":\"SearchAction\",\"target\":{\"@type\":\"EntryPoint\",\"urlTemplate\":\"https:\\\/\\\/fpsuperiorufv.es\\\/blog\\\/?s={search_term_string}\"},\"query-input\":{\"@type\":\"PropertyValueSpecification\",\"valueRequired\":true,\"valueName\":\"search_term_string\"}}],\"inLanguage\":\"es\"},{\"@type\":\"Organization\",\"@id\":\"https:\\\/\\\/fpsuperiorufv.es\\\/blog\\\/#organization\",\"name\":\"Cetys\",\"url\":\"https:\\\/\\\/fpsuperiorufv.es\\\/blog\\\/\",\"logo\":{\"@type\":\"ImageObject\",\"inLanguage\":\"es\",\"@id\":\"https:\\\/\\\/fpsuperiorufv.es\\\/blog\\\/#\\\/schema\\\/logo\\\/image\\\/\",\"url\":\"https:\\\/\\\/fpsuperiorufv.lo\\\/wp-content\\\/uploads\\\/2025\\\/02\\\/logo.svg\",\"contentUrl\":\"https:\\\/\\\/fpsuperiorufv.lo\\\/wp-content\\\/uploads\\\/2025\\\/02\\\/logo.svg\",\"width\":\"1024\",\"height\":\"1024\",\"caption\":\"Cetys\"},\"image\":{\"@id\":\"https:\\\/\\\/fpsuperiorufv.es\\\/blog\\\/#\\\/schema\\\/logo\\\/image\\\/\"}},{\"@type\":\"Person\",\"@id\":\"https:\\\/\\\/fpsuperiorufv.es\\\/blog\\\/#\\\/schema\\\/person\\\/c7ac6e2e7af298050da8d956ac824347\",\"name\":\"FP Superior UFV\",\"image\":{\"@type\":\"ImageObject\",\"inLanguage\":\"es\",\"@id\":\"https:\\\/\\\/secure.gravatar.com\\\/avatar\\\/002af9a4377d87096f281de7725cae2f359bff0b0b7439b98b80936e58af2d91?s=96&d=mm&r=g\",\"url\":\"https:\\\/\\\/secure.gravatar.com\\\/avatar\\\/002af9a4377d87096f281de7725cae2f359bff0b0b7439b98b80936e58af2d91?s=96&d=mm&r=g\",\"contentUrl\":\"https:\\\/\\\/secure.gravatar.com\\\/avatar\\\/002af9a4377d87096f281de7725cae2f359bff0b0b7439b98b80936e58af2d91?s=96&d=mm&r=g\",\"caption\":\"FP Superior UFV\"},\"sameAs\":[\"https:\\\/\\\/fpsuperiorufv.lo\"],\"url\":\"https:\\\/\\\/fpsuperiorufv.es\\\/blog\\\/author\\\/administrador\\\/\"}]}<\/script>\n<!-- \/ Yoast SEO plugin. -->","yoast_head_json":{"title":"\u00bfQu\u00e9 hacer despu\u00e9s del grado superior de Educaci\u00f3n Infantil? - Cetys","robots":{"index":"index","follow":"follow","max-snippet":"max-snippet:-1","max-image-preview":"max-image-preview:large","max-video-preview":"max-video-preview:-1"},"canonical":"https:\/\/fpsuperiorufv.es\/blog\/que-hacer-despues-del-grado-superior-de-educacion-infantil-blog\/","og_locale":"es_ES","og_type":"article","og_title":"\u00bfQu\u00e9 hacer despu\u00e9s del grado superior de Educaci\u00f3n Infantil? - Cetys","og_description":"Terminar el Grado Superior en Educaci\u00f3n Infantil es solo el comienzo de un emocionante viaje. Imagina estar rodeado de ni\u00f1os, llenos de alegr\u00eda y vitalidad, mientras contribuyes a su futuro. \u00bfTe &hellip;","og_url":"https:\/\/fpsuperiorufv.es\/blog\/que-hacer-despues-del-grado-superior-de-educacion-infantil-blog\/","og_site_name":"Cetys","article_published_time":"2025-12-14T00:21:49+00:00","article_modified_time":"2025-12-15T14:03:09+00:00","og_image":[{"width":1280,"height":854,"url":"https:\/\/fpsuperiorufv.es\/blog\/wp-content\/uploads\/2025\/08\/como-desarrollar-habilidades-sociales-en-ninos.png","type":"image\/png"}],"author":"FP Superior UFV","twitter_card":"summary_large_image","twitter_misc":{"Escrito por":"FP Superior UFV","Tiempo de lectura":"4 minutos"},"schema":{"@context":"https:\/\/schema.org","@graph":[{"@type":"Article","@id":"https:\/\/fpsuperiorufv.es\/blog\/que-hacer-despues-del-grado-superior-de-educacion-infantil-blog\/#article","isPartOf":{"@id":"https:\/\/fpsuperiorufv.es\/blog\/que-hacer-despues-del-grado-superior-de-educacion-infantil-blog\/"},"author":{"name":"FP Superior UFV","@id":"https:\/\/fpsuperiorufv.es\/blog\/#\/schema\/person\/c7ac6e2e7af298050da8d956ac824347"},"headline":"\u00bfQu\u00e9 hacer despu\u00e9s del grado superior de Educaci\u00f3n Infantil?","datePublished":"2025-12-14T00:21:49+00:00","dateModified":"2025-12-15T14:03:09+00:00","mainEntityOfPage":{"@id":"https:\/\/fpsuperiorufv.es\/blog\/que-hacer-despues-del-grado-superior-de-educacion-infantil-blog\/"},"wordCount":886,"publisher":{"@id":"https:\/\/fpsuperiorufv.es\/blog\/#organization"},"image":{"@id":"https:\/\/fpsuperiorufv.es\/blog\/que-hacer-despues-del-grado-superior-de-educacion-infantil-blog\/#primaryimage"},"thumbnailUrl":"https:\/\/fpsuperiorufv.es\/blog\/wp-content\/uploads\/2025\/08\/como-desarrollar-habilidades-sociales-en-ninos.png","articleSection":["Blog","Preguntas frecuentes"],"inLanguage":"es"},{"@type":"WebPage","@id":"https:\/\/fpsuperiorufv.es\/blog\/que-hacer-despues-del-grado-superior-de-educacion-infantil-blog\/","url":"https:\/\/fpsuperiorufv.es\/blog\/que-hacer-despues-del-grado-superior-de-educacion-infantil-blog\/","name":"\u00bfQu\u00e9 hacer despu\u00e9s del grado superior de Educaci\u00f3n Infantil? - Cetys","isPartOf":{"@id":"https:\/\/fpsuperiorufv.es\/blog\/#website"},"primaryImageOfPage":{"@id":"https:\/\/fpsuperiorufv.es\/blog\/que-hacer-despues-del-grado-superior-de-educacion-infantil-blog\/#primaryimage"},"image":{"@id":"https:\/\/fpsuperiorufv.es\/blog\/que-hacer-despues-del-grado-superior-de-educacion-infantil-blog\/#primaryimage"},"thumbnailUrl":"https:\/\/fpsuperiorufv.es\/blog\/wp-content\/uploads\/2025\/08\/como-desarrollar-habilidades-sociales-en-ninos.png","datePublished":"2025-12-14T00:21:49+00:00","dateModified":"2025-12-15T14:03:09+00:00","breadcrumb":{"@id":"https:\/\/fpsuperiorufv.es\/blog\/que-hacer-despues-del-grado-superior-de-educacion-infantil-blog\/#breadcrumb"},"inLanguage":"es","potentialAction":[{"@type":"ReadAction","target":["https:\/\/fpsuperiorufv.es\/blog\/que-hacer-despues-del-grado-superior-de-educacion-infantil-blog\/"]}]},{"@type":"ImageObject","inLanguage":"es","@id":"https:\/\/fpsuperiorufv.es\/blog\/que-hacer-despues-del-grado-superior-de-educacion-infantil-blog\/#primaryimage","url":"https:\/\/fpsuperiorufv.es\/blog\/wp-content\/uploads\/2025\/08\/como-desarrollar-habilidades-sociales-en-ninos.png","contentUrl":"https:\/\/fpsuperiorufv.es\/blog\/wp-content\/uploads\/2025\/08\/como-desarrollar-habilidades-sociales-en-ninos.png","width":1280,"height":854},{"@type":"BreadcrumbList","@id":"https:\/\/fpsuperiorufv.es\/blog\/que-hacer-despues-del-grado-superior-de-educacion-infantil-blog\/#breadcrumb","itemListElement":[{"@type":"ListItem","position":1,"name":"Home","item":"https:\/\/fpsuperiorufv.es\/blog\/"},{"@type":"ListItem","position":2,"name":"\u00bfQu\u00e9 hacer despu\u00e9s del grado superior de Educaci\u00f3n Infantil?"}]},{"@type":"WebSite","@id":"https:\/\/fpsuperiorufv.es\/blog\/#website","url":"https:\/\/fpsuperiorufv.es\/blog\/","name":"Fp Superior Francisco de Vitoria","description":"","publisher":{"@id":"https:\/\/fpsuperiorufv.es\/blog\/#organization"},"alternateName":"Cetys","potentialAction":[{"@type":"SearchAction","target":{"@type":"EntryPoint","urlTemplate":"https:\/\/fpsuperiorufv.es\/blog\/?s={search_term_string}"},"query-input":{"@type":"PropertyValueSpecification","valueRequired":true,"valueName":"search_term_string"}}],"inLanguage":"es"},{"@type":"Organization","@id":"https:\/\/fpsuperiorufv.es\/blog\/#organization","name":"Cetys","url":"https:\/\/fpsuperiorufv.es\/blog\/","logo":{"@type":"ImageObject","inLanguage":"es","@id":"https:\/\/fpsuperiorufv.es\/blog\/#\/schema\/logo\/image\/","url":"https:\/\/fpsuperiorufv.lo\/wp-content\/uploads\/2025\/02\/logo.svg","contentUrl":"https:\/\/fpsuperiorufv.lo\/wp-content\/uploads\/2025\/02\/logo.svg","width":"1024","height":"1024","caption":"Cetys"},"image":{"@id":"https:\/\/fpsuperiorufv.es\/blog\/#\/schema\/logo\/image\/"}},{"@type":"Person","@id":"https:\/\/fpsuperiorufv.es\/blog\/#\/schema\/person\/c7ac6e2e7af298050da8d956ac824347","name":"FP Superior UFV","image":{"@type":"ImageObject","inLanguage":"es","@id":"https:\/\/secure.gravatar.com\/avatar\/002af9a4377d87096f281de7725cae2f359bff0b0b7439b98b80936e58af2d91?s=96&d=mm&r=g","url":"https:\/\/secure.gravatar.com\/avatar\/002af9a4377d87096f281de7725cae2f359bff0b0b7439b98b80936e58af2d91?s=96&d=mm&r=g","contentUrl":"https:\/\/secure.gravatar.com\/avatar\/002af9a4377d87096f281de7725cae2f359bff0b0b7439b98b80936e58af2d91?s=96&d=mm&r=g","caption":"FP Superior UFV"},"sameAs":["https:\/\/fpsuperiorufv.lo"],"url":"https:\/\/fpsuperiorufv.es\/blog\/author\/administrador\/"}]}},"_links":{"self":[{"href":"https:\/\/fpsuperiorufv.es\/blog\/wp-json\/wp\/v2\/posts\/1647","targetHints":{"allow":["GET"]}}],"collection":[{"href":"https:\/\/fpsuperiorufv.es\/blog\/wp-json\/wp\/v2\/posts"}],"about":[{"href":"https:\/\/fpsuperiorufv.es\/blog\/wp-json\/wp\/v2\/types\/post"}],"author":[{"embeddable":true,"href":"https:\/\/fpsuperiorufv.es\/blog\/wp-json\/wp\/v2\/users\/1"}],"replies":[{"embeddable":true,"href":"https:\/\/fpsuperiorufv.es\/blog\/wp-json\/wp\/v2\/comments?post=1647"}],"version-history":[{"count":1,"href":"https:\/\/fpsuperiorufv.es\/blog\/wp-json\/wp\/v2\/posts\/1647\/revisions"}],"predecessor-version":[{"id":2313,"href":"https:\/\/fpsuperiorufv.es\/blog\/wp-json\/wp\/v2\/posts\/1647\/revisions\/2313"}],"wp:featuredmedia":[{"embeddable":true,"href":"https:\/\/fpsuperiorufv.es\/blog\/wp-json\/wp\/v2\/media\/2593"}],"wp:attachment":[{"href":"https:\/\/fpsuperiorufv.es\/blog\/wp-json\/wp\/v2\/media?parent=1647"}],"wp:term":[{"taxonomy":"category","embeddable":true,"href":"https:\/\/fpsuperiorufv.es\/blog\/wp-json\/wp\/v2\/categories?post=1647"},{"taxonomy":"post_tag","embeddable":true,"href":"https:\/\/fpsuperiorufv.es\/blog\/wp-json\/wp\/v2\/tags?post=1647"}],"curies":[{"name":"wp","href":"https:\/\/api.w.org\/{rel}","templated":true}]}}