{"id":1723,"date":"2025-12-03T06:02:10","date_gmt":"2025-12-03T05:02:10","guid":{"rendered":"https:\/\/fpsuperiorufv.es\/blog\/2025\/05\/13\/donde-se-puede-estudiar-realizacion-audiovisual-en-madrid\/"},"modified":"2025-12-15T14:54:37","modified_gmt":"2025-12-15T13:54:37","slug":"donde-se-puede-estudiar-realizacion-audiovisual-en-madrid-blog","status":"publish","type":"post","link":"https:\/\/fpsuperiorufv.es\/blog\/donde-se-puede-estudiar-realizacion-audiovisual-en-madrid-blog\/","title":{"rendered":"\u00bfD\u00f3nde se puede estudiar Realizaci\u00f3n Audiovisual en Madrid?"},"content":{"rendered":"<p><\/p>\n\n<p>\u00bfTe apasiona el mundo de la imagen y el sonido? \u00bfQuieres convertirte en un profesional capaz de crear proyectos audiovisuales impactantes? En Madrid, tienes m\u00faltiples opciones para estudiar Realizaci\u00f3n Audiovisual que te ayudar\u00e1n a alcanzar tus sue\u00f1os. Acomp\u00e1\u00f1anos a descubrir las mejores alternativas y c\u00f3mo puedes dar el primer paso hacia tu futura carrera.<\/p>\n<h2><strong>Curiosidades sobre la Realizaci\u00f3n Audiovisual en Madrid<\/strong><\/h2>\n<ul>\n<li>Madrid es uno de los principales centros de producci\u00f3n audiovisual en Espa\u00f1a, con m\u00e1s de 500 empresas del sector.<\/li>\n<li>La industria cinematogr\u00e1fica y de televisi\u00f3n en Madrid genera m\u00e1s de 15.000 empleos anuales.<\/li>\n<li>El 80% de los estudiantes de Realizaci\u00f3n Audiovisual en Madrid encuentran trabajo en menos de un a\u00f1o tras finalizar sus estudios.<\/li>\n<li>Las universidades y centros de formaci\u00f3n ofrecen pr\u00e1cticas en empresas del sector, facilitando la inserci\u00f3n laboral.<\/li>\n<li>Existen m\u00e1s de 10 instituciones en Madrid donde puedes cursar un Ciclo Formativo de Grado Superior en Realizaci\u00f3n Audiovisual.<\/li>\n<\/ul>\n<h2><strong>Opciones para estudiar Realizaci\u00f3n Audiovisual en Madrid<\/strong><\/h2>\n<p>Algunos de los centros m\u00e1s destacados donde puedes estudiar Realizaci\u00f3n de Proyectos Audiovisuales y Espect\u00e1culos incluyen:<\/p>\n<ul>\n<li><strong>FP Superior Francisco de Vitoria:<\/strong> Ofrecemos un programa integral que abarca tanto la parte t\u00e9cnica como creativa del sector audiovisual. Puedes conocer m\u00e1s sobre nuestro <a href=\"https:\/\/fpsuperiorufv.es\/tecnico-superior-en-realizacion-de-proyectos-audiovisuales-y-espectaculos\/\">T\u00e9cnico Superior en Realizaci\u00f3n de Proyectos Audiovisuales y Espect\u00e1culos<\/a>.<\/li>\n<li><strong>Escuela Universitaria de Artes y Espect\u00e1culos TAI:<\/strong> Situada en el centro de Madrid, cuenta con una amplia oferta formativa en artes audiovisuales y esc\u00e9nicas.<\/li>\n<li><strong>ESCAC (Escuela Superior de Cine y Audiovisuales de Catalu\u00f1a):<\/strong> Aunque est\u00e1 en Barcelona, ofrece programas online que puedes complementar desde Madrid.<\/li>\n<li><strong>CEU San Pablo:<\/strong> Ofrece un Grado en Comunicaci\u00f3n Audiovisual con un enfoque pr\u00e1ctico y un alto nivel de inserci\u00f3n laboral.<\/li>\n<li><strong>Universidad Complutense de Madrid:<\/strong> Con un programa de Comunicaci\u00f3n Audiovisual que incluye asignaturas de realizaci\u00f3n y producci\u00f3n.<\/li>\n<\/ul>\n<h2><strong>\u00bfQu\u00e9 estudiar en el Ciclo Formativo de Grado Superior en Realizaci\u00f3n Audiovisual?<\/strong><\/h2>\n<p>En nuestro Ciclo Formativo, aprender\u00e1s a:<\/p>\n<ul>\n<li>Dise\u00f1ar y realizar proyectos audiovisuales desde su concepci\u00f3n hasta su postproducci\u00f3n.<\/li>\n<li>Dominar las herramientas y t\u00e9cnicas de grabaci\u00f3n y edici\u00f3n de sonido e imagen.<\/li>\n<li>Trabajar en equipo y gestionar proyectos en diversas \u00e1reas como cine, televisi\u00f3n y publicidad.<\/li>\n<li>Desarrollar tu creatividad y capacidad cr\u00edtica en la creaci\u00f3n de contenidos.<\/li>\n<li>Conocer las tendencias actuales del sector y c\u00f3mo adaptarte a ellas.<\/li>\n<\/ul>\n<h2><strong>Ventajas de estudiar en FP Superior Francisco de Vitoria<\/strong><\/h2>\n<p>Elegir nuestro centro tiene m\u00faltiples beneficios:<\/p>\n<ul>\n<li><strong>Metodolog\u00eda pr\u00e1ctica:<\/strong> Nuestros cursos est\u00e1n dise\u00f1ados para que aprendas haciendo. Desde el primer d\u00eda, estar\u00e1s trabajando en proyectos reales.<\/li>\n<li><strong>Profesores expertos:<\/strong> Contamos con un equipo docente formado por profesionales en activo del sector audiovisual.<\/li>\n<li><strong>Instalaciones modernas:<\/strong> Disponemos de equipamiento t\u00e9cnico de \u00faltima generaci\u00f3n para que te familiarices con las herramientas que utilizar\u00e1s en el mercado laboral.<\/li>\n<li><strong>Red de contactos:<\/strong> Gracias a nuestras colaboraciones con empresas del sector, tendr\u00e1s la oportunidad de realizar pr\u00e1cticas y conocer a profesionales del medio.<\/li>\n<li><strong>Flexibilidad:<\/strong> Ofrecemos horarios adaptados a las necesidades de los estudiantes, permitiendo compaginar estudios y trabajo.<\/li>\n<\/ul>\n<h2><strong>\u00bfQu\u00e9 oportunidades laborales hay tras estudiar Realizaci\u00f3n Audiovisual?<\/strong><\/h2>\n<p>Al finalizar tu formaci\u00f3n, podr\u00e1s acceder a diversas posiciones en el \u00e1mbito audiovisual, tales como:<\/p>\n<ul>\n<li>Realizador\/a de cine y televisi\u00f3n.<\/li>\n<li>Editor\/a de v\u00eddeo.<\/li>\n<li>Productor\/a de eventos.<\/li>\n<li>Director\/a de fotograf\u00eda.<\/li>\n<li>Guionista\/a.<\/li>\n<\/ul>\n<p>Las posibilidades son amplias y el mercado est\u00e1 en constante crecimiento, lo que significa que siempre habr\u00e1 demanda de profesionales capacitados.<\/p>\n<h2><strong>Preguntas Frecuentes<\/strong><\/h2>\n<h2><strong>\u00bfQu\u00e9 requisitos necesito para acceder al Ciclo Formativo?<\/strong><\/h2>\n<p>Para acceder a nuestro Ciclo Formativo, necesitas tener el t\u00edtulo de Bachillerato, un t\u00edtulo de Grado Medio o haber superado la prueba de acceso a ciclos formativos de grado superior.<\/p>\n<h2><strong>\u00bfCu\u00e1nto dura el ciclo formativo?<\/strong><\/h2>\n<p>El Ciclo Formativo de Grado Superior en Realizaci\u00f3n Audiovisual tiene una duraci\u00f3n de 2 a\u00f1os, distribuidos en 2000 horas de formaci\u00f3n te\u00f3rica y pr\u00e1ctica.<\/p>\n<h2><strong>\u00bfHay posibilidad de realizar pr\u00e1cticas en empresas?<\/strong><\/h2>\n<p>S\u00ed, en nuestro programa incluimos un m\u00f3dulo de pr\u00e1cticas en empresas, lo que te permitir\u00e1 adquirir experiencia real en el sector y hacer contactos profesionales.<\/p>\n<h2><strong>\u00bfD\u00f3nde puedo obtener m\u00e1s informaci\u00f3n sobre el T\u00e9cnico Superior en Realizaci\u00f3n de Proyectos Audiovisuales y Espect\u00e1culos?<\/strong><\/h2>\n<p>Puedes visitar nuestra p\u00e1gina web para obtener toda la informaci\u00f3n que necesites sobre el <a href=\"https:\/\/fpsuperiorufv.es\/tecnico-superior-en-realizacion-de-proyectos-audiovisuales-y-espectaculos\/\">T\u00e9cnico Superior en Realizaci\u00f3n de Proyectos Audiovisuales y Espect\u00e1culos<\/a>.<\/p>\n<h2><strong>Conclusi\u00f3n<\/strong><\/h2>\n<p>Estudiar Realizaci\u00f3n Audiovisual en Madrid es una decisi\u00f3n emocionante que te abrir\u00e1 las puertas a un mundo lleno de creatividad y oportunidades. Con m\u00faltiples opciones disponibles, como el FP Superior Francisco de Vitoria, no tienes excusa para no dar el primer paso hacia tu futuro profesional. \u00a1Te esperamos para comenzar esta aventura juntos!<\/p>\n<p><\/p>\n<p><\/p>\n","protected":false},"excerpt":{"rendered":"<p>[vc_section][vc_row][vc_column css=\".vc_custom_1655805738975{margin-top: 0px !important;margin-right: 0px !important;margin-bottom: 0px !important;margin-left: 0px !important;}\"][vc_breadcrumbs_module][\/vc_column][\/vc_row][\/vc_section][vc_section][vc_row el_class=\"container\" css=\".vc_custom_1655802988397{padding-top: 50px !important;padding-bottom: 50px !important;}\"][vc_column][vc_single_image source=\"featured_image\" img_size=\"full\" alignment=\"center\" css=\".vc_custom_1660030768789{padding-top: 20px !important;padding-bottom: 20px !important;}\"][vc_column_text] \u00bfTe apasiona el mundo de la imagen y el sonido? \u00bfQuieres convertirte en un profesional capaz de crear proyectos audiovisuales impactantes? En Madrid, tienes m\u00faltiples opciones para estudiar Realizaci\u00f3n Audiovisual que &hellip;<\/p>\n","protected":false},"author":1,"featured_media":2723,"comment_status":"closed","ping_status":"open","sticky":false,"template":"","format":"standard","meta":{"inline_featured_image":false,"footnotes":""},"categories":[9,393,388],"tags":[],"class_list":["post-1723","post","type-post","status-publish","format-standard","has-post-thumbnail","hentry","category-blog","category-preguntas-frecuentes","category-realizacion-de-proyectos-audiovisuales-y-espectaculos"],"yoast_head":"<!-- This site is optimized with the Yoast SEO plugin v27.4 - https:\/\/yoast.com\/product\/yoast-seo-wordpress\/ -->\n<title>\u00bfD\u00f3nde se puede estudiar Realizaci\u00f3n Audiovisual en Madrid? - Cetys<\/title>\n<meta name=\"robots\" content=\"index, follow, max-snippet:-1, max-image-preview:large, max-video-preview:-1\" \/>\n<link rel=\"canonical\" href=\"https:\/\/fpsuperiorufv.es\/blog\/donde-se-puede-estudiar-realizacion-audiovisual-en-madrid-blog\/\" \/>\n<meta property=\"og:locale\" content=\"es_ES\" \/>\n<meta property=\"og:type\" content=\"article\" \/>\n<meta property=\"og:title\" content=\"\u00bfD\u00f3nde se puede estudiar Realizaci\u00f3n Audiovisual en Madrid? - Cetys\" \/>\n<meta property=\"og:description\" content=\"\u00bfTe apasiona el mundo de la imagen y el sonido? \u00bfQuieres convertirte en un profesional capaz de crear proyectos audiovisuales impactantes? En Madrid, tienes m\u00faltiples opciones para estudiar Realizaci\u00f3n Audiovisual que &hellip;\" \/>\n<meta property=\"og:url\" content=\"https:\/\/fpsuperiorufv.es\/blog\/donde-se-puede-estudiar-realizacion-audiovisual-en-madrid-blog\/\" \/>\n<meta property=\"og:site_name\" content=\"Cetys\" \/>\n<meta property=\"article:published_time\" content=\"2025-12-03T05:02:10+00:00\" \/>\n<meta property=\"article:modified_time\" content=\"2025-12-15T13:54:37+00:00\" \/>\n<meta property=\"og:image\" content=\"https:\/\/fpsuperiorufv.es\/blog\/wp-content\/uploads\/2025\/08\/Comunicacion27-scaled-1.jpg\" \/>\n\t<meta property=\"og:image:width\" content=\"1707\" \/>\n\t<meta property=\"og:image:height\" content=\"2560\" \/>\n\t<meta property=\"og:image:type\" content=\"image\/jpeg\" \/>\n<meta name=\"author\" content=\"FP Superior UFV\" \/>\n<meta name=\"twitter:card\" content=\"summary_large_image\" \/>\n<meta name=\"twitter:label1\" content=\"Escrito por\" \/>\n\t<meta name=\"twitter:data1\" content=\"FP Superior UFV\" \/>\n\t<meta name=\"twitter:label2\" content=\"Tiempo de lectura\" \/>\n\t<meta name=\"twitter:data2\" content=\"5 minutos\" \/>\n<script type=\"application\/ld+json\" class=\"yoast-schema-graph\">{\"@context\":\"https:\\\/\\\/schema.org\",\"@graph\":[{\"@type\":\"Article\",\"@id\":\"https:\\\/\\\/fpsuperiorufv.es\\\/blog\\\/donde-se-puede-estudiar-realizacion-audiovisual-en-madrid-blog\\\/#article\",\"isPartOf\":{\"@id\":\"https:\\\/\\\/fpsuperiorufv.es\\\/blog\\\/donde-se-puede-estudiar-realizacion-audiovisual-en-madrid-blog\\\/\"},\"author\":{\"name\":\"FP Superior UFV\",\"@id\":\"https:\\\/\\\/fpsuperiorufv.es\\\/blog\\\/#\\\/schema\\\/person\\\/c7ac6e2e7af298050da8d956ac824347\"},\"headline\":\"\u00bfD\u00f3nde se puede estudiar Realizaci\u00f3n Audiovisual en Madrid?\",\"datePublished\":\"2025-12-03T05:02:10+00:00\",\"dateModified\":\"2025-12-15T13:54:37+00:00\",\"mainEntityOfPage\":{\"@id\":\"https:\\\/\\\/fpsuperiorufv.es\\\/blog\\\/donde-se-puede-estudiar-realizacion-audiovisual-en-madrid-blog\\\/\"},\"wordCount\":938,\"publisher\":{\"@id\":\"https:\\\/\\\/fpsuperiorufv.es\\\/blog\\\/#organization\"},\"image\":{\"@id\":\"https:\\\/\\\/fpsuperiorufv.es\\\/blog\\\/donde-se-puede-estudiar-realizacion-audiovisual-en-madrid-blog\\\/#primaryimage\"},\"thumbnailUrl\":\"https:\\\/\\\/fpsuperiorufv.es\\\/blog\\\/wp-content\\\/uploads\\\/2025\\\/08\\\/Comunicacion27-scaled-1.jpg\",\"articleSection\":[\"Blog\",\"Preguntas frecuentes\",\"Realizaci\u00f3n de Proyectos Audiovisuales y Espect\u00e1culos\"],\"inLanguage\":\"es\"},{\"@type\":\"WebPage\",\"@id\":\"https:\\\/\\\/fpsuperiorufv.es\\\/blog\\\/donde-se-puede-estudiar-realizacion-audiovisual-en-madrid-blog\\\/\",\"url\":\"https:\\\/\\\/fpsuperiorufv.es\\\/blog\\\/donde-se-puede-estudiar-realizacion-audiovisual-en-madrid-blog\\\/\",\"name\":\"\u00bfD\u00f3nde se puede estudiar Realizaci\u00f3n Audiovisual en Madrid? - Cetys\",\"isPartOf\":{\"@id\":\"https:\\\/\\\/fpsuperiorufv.es\\\/blog\\\/#website\"},\"primaryImageOfPage\":{\"@id\":\"https:\\\/\\\/fpsuperiorufv.es\\\/blog\\\/donde-se-puede-estudiar-realizacion-audiovisual-en-madrid-blog\\\/#primaryimage\"},\"image\":{\"@id\":\"https:\\\/\\\/fpsuperiorufv.es\\\/blog\\\/donde-se-puede-estudiar-realizacion-audiovisual-en-madrid-blog\\\/#primaryimage\"},\"thumbnailUrl\":\"https:\\\/\\\/fpsuperiorufv.es\\\/blog\\\/wp-content\\\/uploads\\\/2025\\\/08\\\/Comunicacion27-scaled-1.jpg\",\"datePublished\":\"2025-12-03T05:02:10+00:00\",\"dateModified\":\"2025-12-15T13:54:37+00:00\",\"breadcrumb\":{\"@id\":\"https:\\\/\\\/fpsuperiorufv.es\\\/blog\\\/donde-se-puede-estudiar-realizacion-audiovisual-en-madrid-blog\\\/#breadcrumb\"},\"inLanguage\":\"es\",\"potentialAction\":[{\"@type\":\"ReadAction\",\"target\":[\"https:\\\/\\\/fpsuperiorufv.es\\\/blog\\\/donde-se-puede-estudiar-realizacion-audiovisual-en-madrid-blog\\\/\"]}]},{\"@type\":\"ImageObject\",\"inLanguage\":\"es\",\"@id\":\"https:\\\/\\\/fpsuperiorufv.es\\\/blog\\\/donde-se-puede-estudiar-realizacion-audiovisual-en-madrid-blog\\\/#primaryimage\",\"url\":\"https:\\\/\\\/fpsuperiorufv.es\\\/blog\\\/wp-content\\\/uploads\\\/2025\\\/08\\\/Comunicacion27-scaled-1.jpg\",\"contentUrl\":\"https:\\\/\\\/fpsuperiorufv.es\\\/blog\\\/wp-content\\\/uploads\\\/2025\\\/08\\\/Comunicacion27-scaled-1.jpg\",\"width\":1707,\"height\":2560},{\"@type\":\"BreadcrumbList\",\"@id\":\"https:\\\/\\\/fpsuperiorufv.es\\\/blog\\\/donde-se-puede-estudiar-realizacion-audiovisual-en-madrid-blog\\\/#breadcrumb\",\"itemListElement\":[{\"@type\":\"ListItem\",\"position\":1,\"name\":\"Home\",\"item\":\"https:\\\/\\\/fpsuperiorufv.es\\\/blog\\\/\"},{\"@type\":\"ListItem\",\"position\":2,\"name\":\"\u00bfD\u00f3nde se puede estudiar Realizaci\u00f3n Audiovisual en Madrid?\"}]},{\"@type\":\"WebSite\",\"@id\":\"https:\\\/\\\/fpsuperiorufv.es\\\/blog\\\/#website\",\"url\":\"https:\\\/\\\/fpsuperiorufv.es\\\/blog\\\/\",\"name\":\"Fp Superior Francisco de Vitoria\",\"description\":\"\",\"publisher\":{\"@id\":\"https:\\\/\\\/fpsuperiorufv.es\\\/blog\\\/#organization\"},\"alternateName\":\"Cetys\",\"potentialAction\":[{\"@type\":\"SearchAction\",\"target\":{\"@type\":\"EntryPoint\",\"urlTemplate\":\"https:\\\/\\\/fpsuperiorufv.es\\\/blog\\\/?s={search_term_string}\"},\"query-input\":{\"@type\":\"PropertyValueSpecification\",\"valueRequired\":true,\"valueName\":\"search_term_string\"}}],\"inLanguage\":\"es\"},{\"@type\":\"Organization\",\"@id\":\"https:\\\/\\\/fpsuperiorufv.es\\\/blog\\\/#organization\",\"name\":\"Cetys\",\"url\":\"https:\\\/\\\/fpsuperiorufv.es\\\/blog\\\/\",\"logo\":{\"@type\":\"ImageObject\",\"inLanguage\":\"es\",\"@id\":\"https:\\\/\\\/fpsuperiorufv.es\\\/blog\\\/#\\\/schema\\\/logo\\\/image\\\/\",\"url\":\"https:\\\/\\\/fpsuperiorufv.lo\\\/wp-content\\\/uploads\\\/2025\\\/02\\\/logo.svg\",\"contentUrl\":\"https:\\\/\\\/fpsuperiorufv.lo\\\/wp-content\\\/uploads\\\/2025\\\/02\\\/logo.svg\",\"width\":\"1024\",\"height\":\"1024\",\"caption\":\"Cetys\"},\"image\":{\"@id\":\"https:\\\/\\\/fpsuperiorufv.es\\\/blog\\\/#\\\/schema\\\/logo\\\/image\\\/\"}},{\"@type\":\"Person\",\"@id\":\"https:\\\/\\\/fpsuperiorufv.es\\\/blog\\\/#\\\/schema\\\/person\\\/c7ac6e2e7af298050da8d956ac824347\",\"name\":\"FP Superior UFV\",\"image\":{\"@type\":\"ImageObject\",\"inLanguage\":\"es\",\"@id\":\"https:\\\/\\\/secure.gravatar.com\\\/avatar\\\/002af9a4377d87096f281de7725cae2f359bff0b0b7439b98b80936e58af2d91?s=96&d=mm&r=g\",\"url\":\"https:\\\/\\\/secure.gravatar.com\\\/avatar\\\/002af9a4377d87096f281de7725cae2f359bff0b0b7439b98b80936e58af2d91?s=96&d=mm&r=g\",\"contentUrl\":\"https:\\\/\\\/secure.gravatar.com\\\/avatar\\\/002af9a4377d87096f281de7725cae2f359bff0b0b7439b98b80936e58af2d91?s=96&d=mm&r=g\",\"caption\":\"FP Superior UFV\"},\"sameAs\":[\"https:\\\/\\\/fpsuperiorufv.lo\"],\"url\":\"https:\\\/\\\/fpsuperiorufv.es\\\/blog\\\/author\\\/administrador\\\/\"}]}<\/script>\n<!-- \/ Yoast SEO plugin. -->","yoast_head_json":{"title":"\u00bfD\u00f3nde se puede estudiar Realizaci\u00f3n Audiovisual en Madrid? - Cetys","robots":{"index":"index","follow":"follow","max-snippet":"max-snippet:-1","max-image-preview":"max-image-preview:large","max-video-preview":"max-video-preview:-1"},"canonical":"https:\/\/fpsuperiorufv.es\/blog\/donde-se-puede-estudiar-realizacion-audiovisual-en-madrid-blog\/","og_locale":"es_ES","og_type":"article","og_title":"\u00bfD\u00f3nde se puede estudiar Realizaci\u00f3n Audiovisual en Madrid? - Cetys","og_description":"\u00bfTe apasiona el mundo de la imagen y el sonido? \u00bfQuieres convertirte en un profesional capaz de crear proyectos audiovisuales impactantes? En Madrid, tienes m\u00faltiples opciones para estudiar Realizaci\u00f3n Audiovisual que &hellip;","og_url":"https:\/\/fpsuperiorufv.es\/blog\/donde-se-puede-estudiar-realizacion-audiovisual-en-madrid-blog\/","og_site_name":"Cetys","article_published_time":"2025-12-03T05:02:10+00:00","article_modified_time":"2025-12-15T13:54:37+00:00","og_image":[{"width":1707,"height":2560,"url":"https:\/\/fpsuperiorufv.es\/blog\/wp-content\/uploads\/2025\/08\/Comunicacion27-scaled-1.jpg","type":"image\/jpeg"}],"author":"FP Superior UFV","twitter_card":"summary_large_image","twitter_misc":{"Escrito por":"FP Superior UFV","Tiempo de lectura":"5 minutos"},"schema":{"@context":"https:\/\/schema.org","@graph":[{"@type":"Article","@id":"https:\/\/fpsuperiorufv.es\/blog\/donde-se-puede-estudiar-realizacion-audiovisual-en-madrid-blog\/#article","isPartOf":{"@id":"https:\/\/fpsuperiorufv.es\/blog\/donde-se-puede-estudiar-realizacion-audiovisual-en-madrid-blog\/"},"author":{"name":"FP Superior UFV","@id":"https:\/\/fpsuperiorufv.es\/blog\/#\/schema\/person\/c7ac6e2e7af298050da8d956ac824347"},"headline":"\u00bfD\u00f3nde se puede estudiar Realizaci\u00f3n Audiovisual en Madrid?","datePublished":"2025-12-03T05:02:10+00:00","dateModified":"2025-12-15T13:54:37+00:00","mainEntityOfPage":{"@id":"https:\/\/fpsuperiorufv.es\/blog\/donde-se-puede-estudiar-realizacion-audiovisual-en-madrid-blog\/"},"wordCount":938,"publisher":{"@id":"https:\/\/fpsuperiorufv.es\/blog\/#organization"},"image":{"@id":"https:\/\/fpsuperiorufv.es\/blog\/donde-se-puede-estudiar-realizacion-audiovisual-en-madrid-blog\/#primaryimage"},"thumbnailUrl":"https:\/\/fpsuperiorufv.es\/blog\/wp-content\/uploads\/2025\/08\/Comunicacion27-scaled-1.jpg","articleSection":["Blog","Preguntas frecuentes","Realizaci\u00f3n de Proyectos Audiovisuales y Espect\u00e1culos"],"inLanguage":"es"},{"@type":"WebPage","@id":"https:\/\/fpsuperiorufv.es\/blog\/donde-se-puede-estudiar-realizacion-audiovisual-en-madrid-blog\/","url":"https:\/\/fpsuperiorufv.es\/blog\/donde-se-puede-estudiar-realizacion-audiovisual-en-madrid-blog\/","name":"\u00bfD\u00f3nde se puede estudiar Realizaci\u00f3n Audiovisual en Madrid? - Cetys","isPartOf":{"@id":"https:\/\/fpsuperiorufv.es\/blog\/#website"},"primaryImageOfPage":{"@id":"https:\/\/fpsuperiorufv.es\/blog\/donde-se-puede-estudiar-realizacion-audiovisual-en-madrid-blog\/#primaryimage"},"image":{"@id":"https:\/\/fpsuperiorufv.es\/blog\/donde-se-puede-estudiar-realizacion-audiovisual-en-madrid-blog\/#primaryimage"},"thumbnailUrl":"https:\/\/fpsuperiorufv.es\/blog\/wp-content\/uploads\/2025\/08\/Comunicacion27-scaled-1.jpg","datePublished":"2025-12-03T05:02:10+00:00","dateModified":"2025-12-15T13:54:37+00:00","breadcrumb":{"@id":"https:\/\/fpsuperiorufv.es\/blog\/donde-se-puede-estudiar-realizacion-audiovisual-en-madrid-blog\/#breadcrumb"},"inLanguage":"es","potentialAction":[{"@type":"ReadAction","target":["https:\/\/fpsuperiorufv.es\/blog\/donde-se-puede-estudiar-realizacion-audiovisual-en-madrid-blog\/"]}]},{"@type":"ImageObject","inLanguage":"es","@id":"https:\/\/fpsuperiorufv.es\/blog\/donde-se-puede-estudiar-realizacion-audiovisual-en-madrid-blog\/#primaryimage","url":"https:\/\/fpsuperiorufv.es\/blog\/wp-content\/uploads\/2025\/08\/Comunicacion27-scaled-1.jpg","contentUrl":"https:\/\/fpsuperiorufv.es\/blog\/wp-content\/uploads\/2025\/08\/Comunicacion27-scaled-1.jpg","width":1707,"height":2560},{"@type":"BreadcrumbList","@id":"https:\/\/fpsuperiorufv.es\/blog\/donde-se-puede-estudiar-realizacion-audiovisual-en-madrid-blog\/#breadcrumb","itemListElement":[{"@type":"ListItem","position":1,"name":"Home","item":"https:\/\/fpsuperiorufv.es\/blog\/"},{"@type":"ListItem","position":2,"name":"\u00bfD\u00f3nde se puede estudiar Realizaci\u00f3n Audiovisual en Madrid?"}]},{"@type":"WebSite","@id":"https:\/\/fpsuperiorufv.es\/blog\/#website","url":"https:\/\/fpsuperiorufv.es\/blog\/","name":"Fp Superior Francisco de Vitoria","description":"","publisher":{"@id":"https:\/\/fpsuperiorufv.es\/blog\/#organization"},"alternateName":"Cetys","potentialAction":[{"@type":"SearchAction","target":{"@type":"EntryPoint","urlTemplate":"https:\/\/fpsuperiorufv.es\/blog\/?s={search_term_string}"},"query-input":{"@type":"PropertyValueSpecification","valueRequired":true,"valueName":"search_term_string"}}],"inLanguage":"es"},{"@type":"Organization","@id":"https:\/\/fpsuperiorufv.es\/blog\/#organization","name":"Cetys","url":"https:\/\/fpsuperiorufv.es\/blog\/","logo":{"@type":"ImageObject","inLanguage":"es","@id":"https:\/\/fpsuperiorufv.es\/blog\/#\/schema\/logo\/image\/","url":"https:\/\/fpsuperiorufv.lo\/wp-content\/uploads\/2025\/02\/logo.svg","contentUrl":"https:\/\/fpsuperiorufv.lo\/wp-content\/uploads\/2025\/02\/logo.svg","width":"1024","height":"1024","caption":"Cetys"},"image":{"@id":"https:\/\/fpsuperiorufv.es\/blog\/#\/schema\/logo\/image\/"}},{"@type":"Person","@id":"https:\/\/fpsuperiorufv.es\/blog\/#\/schema\/person\/c7ac6e2e7af298050da8d956ac824347","name":"FP Superior UFV","image":{"@type":"ImageObject","inLanguage":"es","@id":"https:\/\/secure.gravatar.com\/avatar\/002af9a4377d87096f281de7725cae2f359bff0b0b7439b98b80936e58af2d91?s=96&d=mm&r=g","url":"https:\/\/secure.gravatar.com\/avatar\/002af9a4377d87096f281de7725cae2f359bff0b0b7439b98b80936e58af2d91?s=96&d=mm&r=g","contentUrl":"https:\/\/secure.gravatar.com\/avatar\/002af9a4377d87096f281de7725cae2f359bff0b0b7439b98b80936e58af2d91?s=96&d=mm&r=g","caption":"FP Superior UFV"},"sameAs":["https:\/\/fpsuperiorufv.lo"],"url":"https:\/\/fpsuperiorufv.es\/blog\/author\/administrador\/"}]}},"_links":{"self":[{"href":"https:\/\/fpsuperiorufv.es\/blog\/wp-json\/wp\/v2\/posts\/1723","targetHints":{"allow":["GET"]}}],"collection":[{"href":"https:\/\/fpsuperiorufv.es\/blog\/wp-json\/wp\/v2\/posts"}],"about":[{"href":"https:\/\/fpsuperiorufv.es\/blog\/wp-json\/wp\/v2\/types\/post"}],"author":[{"embeddable":true,"href":"https:\/\/fpsuperiorufv.es\/blog\/wp-json\/wp\/v2\/users\/1"}],"replies":[{"embeddable":true,"href":"https:\/\/fpsuperiorufv.es\/blog\/wp-json\/wp\/v2\/comments?post=1723"}],"version-history":[{"count":1,"href":"https:\/\/fpsuperiorufv.es\/blog\/wp-json\/wp\/v2\/posts\/1723\/revisions"}],"predecessor-version":[{"id":2356,"href":"https:\/\/fpsuperiorufv.es\/blog\/wp-json\/wp\/v2\/posts\/1723\/revisions\/2356"}],"wp:featuredmedia":[{"embeddable":true,"href":"https:\/\/fpsuperiorufv.es\/blog\/wp-json\/wp\/v2\/media\/2723"}],"wp:attachment":[{"href":"https:\/\/fpsuperiorufv.es\/blog\/wp-json\/wp\/v2\/media?parent=1723"}],"wp:term":[{"taxonomy":"category","embeddable":true,"href":"https:\/\/fpsuperiorufv.es\/blog\/wp-json\/wp\/v2\/categories?post=1723"},{"taxonomy":"post_tag","embeddable":true,"href":"https:\/\/fpsuperiorufv.es\/blog\/wp-json\/wp\/v2\/tags?post=1723"}],"curies":[{"name":"wp","href":"https:\/\/api.w.org\/{rel}","templated":true}]}}