{"id":280817,"date":"2026-01-01T23:15:31","date_gmt":"2026-01-01T23:15:31","guid":{"rendered":"https:\/\/soleyantonio.es\/de-la-pasion-por-el-deporte-al-empleo-estable-plan-de-carrera-tras-el-fp-en-acondicionamiento-fisico\/"},"modified":"2026-01-07T11:07:52","modified_gmt":"2026-01-07T10:07:52","slug":"de-la-pasion-por-el-deporte-al-empleo-estable-plan-de-carrera-tras-el-fp-en-acondicionamiento-fisico-blog","status":"publish","type":"post","link":"https:\/\/fpsuperiorufv.es\/blog\/de-la-pasion-por-el-deporte-al-empleo-estable-plan-de-carrera-tras-el-fp-en-acondicionamiento-fisico-blog\/","title":{"rendered":"De la pasi\u00f3n por el deporte al empleo estable: plan de carrera tras e la FP en Acondicionamiento F\u00edsico"},"content":{"rendered":"<h2>De la pasi\u00f3n por el deporte al empleo estable: plan de carrera tras la FP en Acondicionamiento F\u00edsico<\/h2>\n<p>Si eres un apasionado del deporte y te gustar\u00eda convertir esa pasi\u00f3n en una carrera profesional, el Ciclo Formativo de Grado Superior en Acondicionamiento F\u00edsico es tu oportunidad. En este art\u00edculo, te mostraremos c\u00f3mo transformar tu amor por la actividad f\u00edsica en un empleo estable y gratificante. Te acompa\u00f1aremos en tu camino hacia el \u00e9xito profesional.<\/p>\n<h2>Curiosidades y datos interesantes<\/h2>\n<ul>\n<li>El sector del deporte en Espa\u00f1a genera m\u00e1s de 6.000 millones de euros al a\u00f1o.<\/li>\n<li>M\u00e1s del 50% de los espa\u00f1oles realiza alg\u00fan tipo de actividad f\u00edsica regularmente.<\/li>\n<li>El empleo en el \u00e1mbito del acondicionamiento f\u00edsico ha crecido un 20% en los \u00faltimos cinco a\u00f1os.<\/li>\n<li>La demanda de entrenadores personales y monitores de fitness ha aumentado exponencialmente.<\/li>\n<li>El 75% de los graduados en Acondicionamiento F\u00edsico encuentran empleo en menos de 6 meses.<\/li>\n<\/ul>\n<h2>\u00bfPor qu\u00e9 elegir la FP en Acondicionamiento F\u00edsico?<\/h2>\n<p>Elegir un Ciclo Formativo de Grado Superior en Acondicionamiento F\u00edsico es una decisi\u00f3n que puede cambiar tu vida. Nos enfocamos en brindarte una formaci\u00f3n integral que combine teor\u00eda y pr\u00e1ctica, adaptada a las necesidades del mercado laboral.<\/p>\n<p>Al matricularte en nuestro programa, disfrutar\u00e1s de:<\/p>\n<ul>\n<li>Una ense\u00f1anza basada en metodolog\u00edas innovadoras y pr\u00e1cticas.<\/li>\n<li>Acceso a instalaciones modernas y equipadas.<\/li>\n<li>Oportunidades de pr\u00e1cticas en empresas del sector.<\/li>\n<li>Un equipo docente formado por profesionales con amplia experiencia.<\/li>\n<\/ul>\n<h2>El plan de estudios<\/h2>\n<p>Nuestro Ciclo Formativo de Grado Superior en Acondicionamiento F\u00edsico se estructura en dos a\u00f1os, donde aprender\u00e1s las competencias necesarias para trabajar en el sector del deporte. Algunas de las asignaturas que cursar\u00e1s son:<\/p>\n<ul>\n<li>Condicionamiento f\u00edsico en el medio natural.<\/li>\n<li>Entrenamiento deportivo.<\/li>\n<li>Nutrici\u00f3n y salud.<\/li>\n<li>Gesti\u00f3n de instalaciones deportivas.<\/li>\n<li>Primeros auxilios y atenci\u00f3n sanitaria.<\/li>\n<\/ul>\n<h2>Salidas profesionales<\/h2>\n<p>Una vez finalices el ciclo, tendr\u00e1s m\u00faltiples opciones laborales a tu disposici\u00f3n. Algunas de las salidas profesionales m\u00e1s destacadas son:<\/p>\n<ul>\n<li>Entrenador personal.<\/li>\n<li>Monitor de actividades f\u00edsicas.<\/li>\n<li>Gestor de instalaciones deportivas.<\/li>\n<li>Asesor en nutrici\u00f3n y salud.<\/li>\n<li>Preparador f\u00edsico de equipos deportivos.<\/li>\n<\/ul>\n<p>La versatilidad de nuestra formaci\u00f3n te permitir\u00e1 desempe\u00f1arte en diferentes entornos, desde gimnasios hasta centros de rehabilitaci\u00f3n o entidades deportivas.<\/p>\n<h2>El mercado laboral y sus oportunidades<\/h2>\n<p>El mercado laboral en el \u00e1mbito del deporte est\u00e1 en constante crecimiento. Seg\u00fan estad\u00edsticas recientes, se espera que la demanda de profesionales en acondicionamiento f\u00edsico siga aumentando. Esto significa que, al finalizar tu formaci\u00f3n, tendr\u00e1s muchas oportunidades para encontrar un empleo estable.<\/p>\n<p>Adem\u00e1s, el auge de la cultura del fitness y el bienestar ha hecho que empresas y organizaciones busquen profesionales cualificados que puedan ofrecer servicios de calidad. Nosotros te proporcionaremos las herramientas necesarias para destacarte en este competitivo sector.<\/p>\n<h2>C\u00f3mo potenciar tu empleabilidad<\/h2>\n<p>No solo se trata de obtener un t\u00edtulo, sino de convertirte en un profesional completo. Aqu\u00ed te damos algunas claves para potenciar tu empleabilidad:<\/p>\n<ul>\n<li>Realiza pr\u00e1cticas en empresas durante tu formaci\u00f3n.<\/li>\n<li>Participa en eventos y competiciones deportivas.<\/li>\n<li>Contin\u00faa tu formaci\u00f3n con cursos de especializaci\u00f3n.<\/li>\n<li>Construye una red de contactos en el sector.<\/li>\n<li>Desarrolla habilidades blandas como la comunicaci\u00f3n y el trabajo en equipo.<\/li>\n<\/ul>\n<h2>Testimonios de nuestros alumnos<\/h2>\n<p>Escuchar a quienes ya han pasado por nuestro ciclo es fundamental. Aqu\u00ed te compartimos algunas experiencias:<\/p>\n<blockquote><p>Estudiar Acondicionamiento F\u00edsico en la FP Superior Francisco de Vitoria me abri\u00f3 muchas puertas. Gracias a las pr\u00e1cticas, encontr\u00e9 trabajo en un gimnasio de renombre. - Mar\u00eda, Graduada.<\/p><\/blockquote>\n<blockquote><p>La formaci\u00f3n es muy completa y el equipo docente siempre est\u00e1 dispuesto a ayudar. Me siento preparado para afrontar mis retos laborales. - Javier, Estudiante.<\/p><\/blockquote>\n<h2>\u00bfC\u00f3mo matricularte en la FP en Acondicionamiento F\u00edsico?<\/h2>\n<p>El proceso de admisi\u00f3n es sencillo. Solo necesitas seguir estos pasos:<\/p>\n<ul>\n<li>Consulta los requisitos de acceso en nuestra web.<\/li>\n<li>Completa la solicitud de admisi\u00f3n.<\/li>\n<li>Presenta la documentaci\u00f3n requerida.<\/li>\n<\/ul>\n<p>Si est\u00e1s listo para dar el siguiente paso en tu carrera profesional, visita nuestra p\u00e1gina de <a href=\"https:\/\/fpsuperiorufv.es\/secretaria-admision-y-ayuda\/\">Proceso de Admisi\u00f3n<\/a> para obtener m\u00e1s informaci\u00f3n.<\/p>\n<h2>Preguntas frecuentes<\/h2>\n<h2>\u00bfQu\u00e9 requisitos necesito para acceder a la FP en Acondicionamiento F\u00edsico?<\/h2>\n<p>Para acceder, necesitas contar con el t\u00edtulo de Bachillerato o un ciclo formativo de grado medio relacionado. Consulta nuestra web para m\u00e1s detalles espec\u00edficos.<\/p>\n<h2>\u00bfPuedo realizar pr\u00e1cticas mientras estudio?<\/h2>\n<p>S\u00ed, ofrecemos la posibilidad de realizar pr\u00e1cticas en empresas del sector, lo que te permitir\u00e1 adquirir experiencia y mejorar tu empleabilidad.<\/p>\n<h2>\u00bfQu\u00e9 oportunidades de empleo hay tras finalizar el ciclo?<\/h2>\n<p>Las oportunidades son diversas y abarcan desde el entrenamiento personal hasta la gesti\u00f3n de instalaciones deportivas. La demanda sigue en aumento.<\/p>\n<h2>\u00bfHay posibilidad de continuar mis estudios despu\u00e9s de la FP?<\/h2>\n<p>Por supuesto, puedes acceder a grados universitarios relacionados o cursos de especializaci\u00f3n para seguir creciendo profesionalmente.<\/p>\n<p>Transforma tu pasi\u00f3n por el deporte en una carrera exitosa. \u00a1Matric\u00falate en nuestro Ciclo Formativo de Grado Superior en Acondicionamiento F\u00edsico y comienza tu camino hacia el \u00e9xito profesional!<\/p>\n<p>Para m\u00e1s informaci\u00f3n sobre el proceso de admisi\u00f3n, visita nuestra p\u00e1gina de <a href=\"https:\/\/fpsuperiorufv.es\/secretaria-admision-y-ayuda\/\">Proceso de Admisi\u00f3n<\/a>.<\/p>\n","protected":false},"excerpt":{"rendered":"<p>De la pasi\u00f3n por el deporte al empleo estable: plan de carrera tras la FP en Acondicionamiento F\u00edsico Si eres un apasionado del deporte y te gustar\u00eda convertir esa pasi\u00f3n en una carrera profesional, el Ciclo Formativo de Grado Superior en Acondicionamiento F\u00edsico es tu oportunidad. En este art\u00edculo, te mostraremos c\u00f3mo transformar tu amor [&hellip;]<\/p>\n","protected":false},"author":3,"featured_media":2640,"comment_status":"open","ping_status":"open","sticky":false,"template":"","format":"standard","meta":{"inline_featured_image":false,"footnotes":""},"categories":[384,378,393],"tags":[],"class_list":["post-280817","post","type-post","status-publish","format-standard","has-post-thumbnail","hentry","category-beneficios-del-deporte-en-equipodeporte","category-deporte","category-preguntas-frecuentes"],"yoast_head":"<!-- This site is optimized with the Yoast SEO plugin v27.4 - https:\/\/yoast.com\/product\/yoast-seo-wordpress\/ -->\n<title>De la pasi\u00f3n por el deporte al empleo estable: plan de carrera tras e la FP en Acondicionamiento F\u00edsico - Cetys<\/title>\n<meta name=\"robots\" content=\"index, follow, max-snippet:-1, max-image-preview:large, max-video-preview:-1\" \/>\n<link rel=\"canonical\" href=\"https:\/\/fpsuperiorufv.es\/blog\/de-la-pasion-por-el-deporte-al-empleo-estable-plan-de-carrera-tras-el-fp-en-acondicionamiento-fisico-blog\/\" \/>\n<meta property=\"og:locale\" content=\"es_ES\" \/>\n<meta property=\"og:type\" content=\"article\" \/>\n<meta property=\"og:title\" content=\"De la pasi\u00f3n por el deporte al empleo estable: plan de carrera tras e la FP en Acondicionamiento F\u00edsico - Cetys\" \/>\n<meta property=\"og:description\" content=\"De la pasi\u00f3n por el deporte al empleo estable: plan de carrera tras la FP en Acondicionamiento F\u00edsico Si eres un apasionado del deporte y te gustar\u00eda convertir esa pasi\u00f3n en una carrera profesional, el Ciclo Formativo de Grado Superior en Acondicionamiento F\u00edsico es tu oportunidad. En este art\u00edculo, te mostraremos c\u00f3mo transformar tu amor [&hellip;]\" \/>\n<meta property=\"og:url\" content=\"https:\/\/fpsuperiorufv.es\/blog\/de-la-pasion-por-el-deporte-al-empleo-estable-plan-de-carrera-tras-el-fp-en-acondicionamiento-fisico-blog\/\" \/>\n<meta property=\"og:site_name\" content=\"Cetys\" \/>\n<meta property=\"article:published_time\" content=\"2026-01-01T23:15:31+00:00\" \/>\n<meta property=\"article:modified_time\" content=\"2026-01-07T10:07:52+00:00\" \/>\n<meta property=\"og:image\" content=\"https:\/\/fpsuperiorufv.es\/blog\/wp-content\/uploads\/2025\/08\/DSC07742-scaled-1.jpg\" \/>\n\t<meta property=\"og:image:width\" content=\"2560\" \/>\n\t<meta property=\"og:image:height\" content=\"1707\" \/>\n\t<meta property=\"og:image:type\" content=\"image\/jpeg\" \/>\n<meta name=\"author\" content=\"FP Superior UFV\" \/>\n<meta name=\"twitter:card\" content=\"summary_large_image\" \/>\n<meta name=\"twitter:label1\" content=\"Escrito por\" \/>\n\t<meta name=\"twitter:data1\" content=\"FP Superior UFV\" \/>\n\t<meta name=\"twitter:label2\" content=\"Tiempo de lectura\" \/>\n\t<meta name=\"twitter:data2\" content=\"4 minutos\" \/>\n<script type=\"application\/ld+json\" class=\"yoast-schema-graph\">{\"@context\":\"https:\\\/\\\/schema.org\",\"@graph\":[{\"@type\":\"Article\",\"@id\":\"https:\\\/\\\/fpsuperiorufv.es\\\/blog\\\/de-la-pasion-por-el-deporte-al-empleo-estable-plan-de-carrera-tras-el-fp-en-acondicionamiento-fisico-blog\\\/#article\",\"isPartOf\":{\"@id\":\"https:\\\/\\\/fpsuperiorufv.es\\\/blog\\\/de-la-pasion-por-el-deporte-al-empleo-estable-plan-de-carrera-tras-el-fp-en-acondicionamiento-fisico-blog\\\/\"},\"author\":{\"name\":\"FP Superior UFV\",\"@id\":\"https:\\\/\\\/fpsuperiorufv.es\\\/blog\\\/#\\\/schema\\\/person\\\/6eed41dc866f12d961994f51f39f8796\"},\"headline\":\"De la pasi\u00f3n por el deporte al empleo estable: plan de carrera tras e la FP en Acondicionamiento F\u00edsico\",\"datePublished\":\"2026-01-01T23:15:31+00:00\",\"dateModified\":\"2026-01-07T10:07:52+00:00\",\"mainEntityOfPage\":{\"@id\":\"https:\\\/\\\/fpsuperiorufv.es\\\/blog\\\/de-la-pasion-por-el-deporte-al-empleo-estable-plan-de-carrera-tras-el-fp-en-acondicionamiento-fisico-blog\\\/\"},\"wordCount\":908,\"commentCount\":0,\"publisher\":{\"@id\":\"https:\\\/\\\/fpsuperiorufv.es\\\/blog\\\/#organization\"},\"image\":{\"@id\":\"https:\\\/\\\/fpsuperiorufv.es\\\/blog\\\/de-la-pasion-por-el-deporte-al-empleo-estable-plan-de-carrera-tras-el-fp-en-acondicionamiento-fisico-blog\\\/#primaryimage\"},\"thumbnailUrl\":\"https:\\\/\\\/fpsuperiorufv.es\\\/blog\\\/wp-content\\\/uploads\\\/2025\\\/08\\\/DSC07742-scaled-1.jpg\",\"articleSection\":[\"Beneficios del deporte en equipo|Deporte\",\"Deporte\",\"Preguntas frecuentes\"],\"inLanguage\":\"es\",\"potentialAction\":[{\"@type\":\"CommentAction\",\"name\":\"Comment\",\"target\":[\"https:\\\/\\\/fpsuperiorufv.es\\\/blog\\\/de-la-pasion-por-el-deporte-al-empleo-estable-plan-de-carrera-tras-el-fp-en-acondicionamiento-fisico-blog\\\/#respond\"]}]},{\"@type\":\"WebPage\",\"@id\":\"https:\\\/\\\/fpsuperiorufv.es\\\/blog\\\/de-la-pasion-por-el-deporte-al-empleo-estable-plan-de-carrera-tras-el-fp-en-acondicionamiento-fisico-blog\\\/\",\"url\":\"https:\\\/\\\/fpsuperiorufv.es\\\/blog\\\/de-la-pasion-por-el-deporte-al-empleo-estable-plan-de-carrera-tras-el-fp-en-acondicionamiento-fisico-blog\\\/\",\"name\":\"De la pasi\u00f3n por el deporte al empleo estable: plan de carrera tras e la FP en Acondicionamiento F\u00edsico - Cetys\",\"isPartOf\":{\"@id\":\"https:\\\/\\\/fpsuperiorufv.es\\\/blog\\\/#website\"},\"primaryImageOfPage\":{\"@id\":\"https:\\\/\\\/fpsuperiorufv.es\\\/blog\\\/de-la-pasion-por-el-deporte-al-empleo-estable-plan-de-carrera-tras-el-fp-en-acondicionamiento-fisico-blog\\\/#primaryimage\"},\"image\":{\"@id\":\"https:\\\/\\\/fpsuperiorufv.es\\\/blog\\\/de-la-pasion-por-el-deporte-al-empleo-estable-plan-de-carrera-tras-el-fp-en-acondicionamiento-fisico-blog\\\/#primaryimage\"},\"thumbnailUrl\":\"https:\\\/\\\/fpsuperiorufv.es\\\/blog\\\/wp-content\\\/uploads\\\/2025\\\/08\\\/DSC07742-scaled-1.jpg\",\"datePublished\":\"2026-01-01T23:15:31+00:00\",\"dateModified\":\"2026-01-07T10:07:52+00:00\",\"breadcrumb\":{\"@id\":\"https:\\\/\\\/fpsuperiorufv.es\\\/blog\\\/de-la-pasion-por-el-deporte-al-empleo-estable-plan-de-carrera-tras-el-fp-en-acondicionamiento-fisico-blog\\\/#breadcrumb\"},\"inLanguage\":\"es\",\"potentialAction\":[{\"@type\":\"ReadAction\",\"target\":[\"https:\\\/\\\/fpsuperiorufv.es\\\/blog\\\/de-la-pasion-por-el-deporte-al-empleo-estable-plan-de-carrera-tras-el-fp-en-acondicionamiento-fisico-blog\\\/\"]}]},{\"@type\":\"ImageObject\",\"inLanguage\":\"es\",\"@id\":\"https:\\\/\\\/fpsuperiorufv.es\\\/blog\\\/de-la-pasion-por-el-deporte-al-empleo-estable-plan-de-carrera-tras-el-fp-en-acondicionamiento-fisico-blog\\\/#primaryimage\",\"url\":\"https:\\\/\\\/fpsuperiorufv.es\\\/blog\\\/wp-content\\\/uploads\\\/2025\\\/08\\\/DSC07742-scaled-1.jpg\",\"contentUrl\":\"https:\\\/\\\/fpsuperiorufv.es\\\/blog\\\/wp-content\\\/uploads\\\/2025\\\/08\\\/DSC07742-scaled-1.jpg\",\"width\":2560,\"height\":1707},{\"@type\":\"BreadcrumbList\",\"@id\":\"https:\\\/\\\/fpsuperiorufv.es\\\/blog\\\/de-la-pasion-por-el-deporte-al-empleo-estable-plan-de-carrera-tras-el-fp-en-acondicionamiento-fisico-blog\\\/#breadcrumb\",\"itemListElement\":[{\"@type\":\"ListItem\",\"position\":1,\"name\":\"Home\",\"item\":\"https:\\\/\\\/fpsuperiorufv.es\\\/blog\\\/\"},{\"@type\":\"ListItem\",\"position\":2,\"name\":\"De la pasi\u00f3n por el deporte al empleo estable: plan de carrera tras e la FP en Acondicionamiento F\u00edsico\"}]},{\"@type\":\"WebSite\",\"@id\":\"https:\\\/\\\/fpsuperiorufv.es\\\/blog\\\/#website\",\"url\":\"https:\\\/\\\/fpsuperiorufv.es\\\/blog\\\/\",\"name\":\"Fp Superior Francisco de Vitoria\",\"description\":\"\",\"publisher\":{\"@id\":\"https:\\\/\\\/fpsuperiorufv.es\\\/blog\\\/#organization\"},\"alternateName\":\"Cetys\",\"potentialAction\":[{\"@type\":\"SearchAction\",\"target\":{\"@type\":\"EntryPoint\",\"urlTemplate\":\"https:\\\/\\\/fpsuperiorufv.es\\\/blog\\\/?s={search_term_string}\"},\"query-input\":{\"@type\":\"PropertyValueSpecification\",\"valueRequired\":true,\"valueName\":\"search_term_string\"}}],\"inLanguage\":\"es\"},{\"@type\":\"Organization\",\"@id\":\"https:\\\/\\\/fpsuperiorufv.es\\\/blog\\\/#organization\",\"name\":\"Cetys\",\"url\":\"https:\\\/\\\/fpsuperiorufv.es\\\/blog\\\/\",\"logo\":{\"@type\":\"ImageObject\",\"inLanguage\":\"es\",\"@id\":\"https:\\\/\\\/fpsuperiorufv.es\\\/blog\\\/#\\\/schema\\\/logo\\\/image\\\/\",\"url\":\"https:\\\/\\\/fpsuperiorufv.lo\\\/wp-content\\\/uploads\\\/2025\\\/02\\\/logo.svg\",\"contentUrl\":\"https:\\\/\\\/fpsuperiorufv.lo\\\/wp-content\\\/uploads\\\/2025\\\/02\\\/logo.svg\",\"width\":\"1024\",\"height\":\"1024\",\"caption\":\"Cetys\"},\"image\":{\"@id\":\"https:\\\/\\\/fpsuperiorufv.es\\\/blog\\\/#\\\/schema\\\/logo\\\/image\\\/\"}},{\"@type\":\"Person\",\"@id\":\"https:\\\/\\\/fpsuperiorufv.es\\\/blog\\\/#\\\/schema\\\/person\\\/6eed41dc866f12d961994f51f39f8796\",\"name\":\"FP Superior UFV\",\"image\":{\"@type\":\"ImageObject\",\"inLanguage\":\"es\",\"@id\":\"https:\\\/\\\/secure.gravatar.com\\\/avatar\\\/2cb5eeb90ddddf18129790c93583d4ae96ca8a625c07994637c8fc9d35252ce5?s=96&d=mm&r=g\",\"url\":\"https:\\\/\\\/secure.gravatar.com\\\/avatar\\\/2cb5eeb90ddddf18129790c93583d4ae96ca8a625c07994637c8fc9d35252ce5?s=96&d=mm&r=g\",\"contentUrl\":\"https:\\\/\\\/secure.gravatar.com\\\/avatar\\\/2cb5eeb90ddddf18129790c93583d4ae96ca8a625c07994637c8fc9d35252ce5?s=96&d=mm&r=g\",\"caption\":\"FP Superior UFV\"},\"url\":\"https:\\\/\\\/fpsuperiorufv.es\\\/blog\\\/author\\\/cetys\\\/\"}]}<\/script>\n<!-- \/ Yoast SEO plugin. -->","yoast_head_json":{"title":"De la pasi\u00f3n por el deporte al empleo estable: plan de carrera tras e la FP en Acondicionamiento F\u00edsico - Cetys","robots":{"index":"index","follow":"follow","max-snippet":"max-snippet:-1","max-image-preview":"max-image-preview:large","max-video-preview":"max-video-preview:-1"},"canonical":"https:\/\/fpsuperiorufv.es\/blog\/de-la-pasion-por-el-deporte-al-empleo-estable-plan-de-carrera-tras-el-fp-en-acondicionamiento-fisico-blog\/","og_locale":"es_ES","og_type":"article","og_title":"De la pasi\u00f3n por el deporte al empleo estable: plan de carrera tras e la FP en Acondicionamiento F\u00edsico - Cetys","og_description":"De la pasi\u00f3n por el deporte al empleo estable: plan de carrera tras la FP en Acondicionamiento F\u00edsico Si eres un apasionado del deporte y te gustar\u00eda convertir esa pasi\u00f3n en una carrera profesional, el Ciclo Formativo de Grado Superior en Acondicionamiento F\u00edsico es tu oportunidad. En este art\u00edculo, te mostraremos c\u00f3mo transformar tu amor [&hellip;]","og_url":"https:\/\/fpsuperiorufv.es\/blog\/de-la-pasion-por-el-deporte-al-empleo-estable-plan-de-carrera-tras-el-fp-en-acondicionamiento-fisico-blog\/","og_site_name":"Cetys","article_published_time":"2026-01-01T23:15:31+00:00","article_modified_time":"2026-01-07T10:07:52+00:00","og_image":[{"width":2560,"height":1707,"url":"https:\/\/fpsuperiorufv.es\/blog\/wp-content\/uploads\/2025\/08\/DSC07742-scaled-1.jpg","type":"image\/jpeg"}],"author":"FP Superior UFV","twitter_card":"summary_large_image","twitter_misc":{"Escrito por":"FP Superior UFV","Tiempo de lectura":"4 minutos"},"schema":{"@context":"https:\/\/schema.org","@graph":[{"@type":"Article","@id":"https:\/\/fpsuperiorufv.es\/blog\/de-la-pasion-por-el-deporte-al-empleo-estable-plan-de-carrera-tras-el-fp-en-acondicionamiento-fisico-blog\/#article","isPartOf":{"@id":"https:\/\/fpsuperiorufv.es\/blog\/de-la-pasion-por-el-deporte-al-empleo-estable-plan-de-carrera-tras-el-fp-en-acondicionamiento-fisico-blog\/"},"author":{"name":"FP Superior UFV","@id":"https:\/\/fpsuperiorufv.es\/blog\/#\/schema\/person\/6eed41dc866f12d961994f51f39f8796"},"headline":"De la pasi\u00f3n por el deporte al empleo estable: plan de carrera tras e la FP en Acondicionamiento F\u00edsico","datePublished":"2026-01-01T23:15:31+00:00","dateModified":"2026-01-07T10:07:52+00:00","mainEntityOfPage":{"@id":"https:\/\/fpsuperiorufv.es\/blog\/de-la-pasion-por-el-deporte-al-empleo-estable-plan-de-carrera-tras-el-fp-en-acondicionamiento-fisico-blog\/"},"wordCount":908,"commentCount":0,"publisher":{"@id":"https:\/\/fpsuperiorufv.es\/blog\/#organization"},"image":{"@id":"https:\/\/fpsuperiorufv.es\/blog\/de-la-pasion-por-el-deporte-al-empleo-estable-plan-de-carrera-tras-el-fp-en-acondicionamiento-fisico-blog\/#primaryimage"},"thumbnailUrl":"https:\/\/fpsuperiorufv.es\/blog\/wp-content\/uploads\/2025\/08\/DSC07742-scaled-1.jpg","articleSection":["Beneficios del deporte en equipo|Deporte","Deporte","Preguntas frecuentes"],"inLanguage":"es","potentialAction":[{"@type":"CommentAction","name":"Comment","target":["https:\/\/fpsuperiorufv.es\/blog\/de-la-pasion-por-el-deporte-al-empleo-estable-plan-de-carrera-tras-el-fp-en-acondicionamiento-fisico-blog\/#respond"]}]},{"@type":"WebPage","@id":"https:\/\/fpsuperiorufv.es\/blog\/de-la-pasion-por-el-deporte-al-empleo-estable-plan-de-carrera-tras-el-fp-en-acondicionamiento-fisico-blog\/","url":"https:\/\/fpsuperiorufv.es\/blog\/de-la-pasion-por-el-deporte-al-empleo-estable-plan-de-carrera-tras-el-fp-en-acondicionamiento-fisico-blog\/","name":"De la pasi\u00f3n por el deporte al empleo estable: plan de carrera tras e la FP en Acondicionamiento F\u00edsico - Cetys","isPartOf":{"@id":"https:\/\/fpsuperiorufv.es\/blog\/#website"},"primaryImageOfPage":{"@id":"https:\/\/fpsuperiorufv.es\/blog\/de-la-pasion-por-el-deporte-al-empleo-estable-plan-de-carrera-tras-el-fp-en-acondicionamiento-fisico-blog\/#primaryimage"},"image":{"@id":"https:\/\/fpsuperiorufv.es\/blog\/de-la-pasion-por-el-deporte-al-empleo-estable-plan-de-carrera-tras-el-fp-en-acondicionamiento-fisico-blog\/#primaryimage"},"thumbnailUrl":"https:\/\/fpsuperiorufv.es\/blog\/wp-content\/uploads\/2025\/08\/DSC07742-scaled-1.jpg","datePublished":"2026-01-01T23:15:31+00:00","dateModified":"2026-01-07T10:07:52+00:00","breadcrumb":{"@id":"https:\/\/fpsuperiorufv.es\/blog\/de-la-pasion-por-el-deporte-al-empleo-estable-plan-de-carrera-tras-el-fp-en-acondicionamiento-fisico-blog\/#breadcrumb"},"inLanguage":"es","potentialAction":[{"@type":"ReadAction","target":["https:\/\/fpsuperiorufv.es\/blog\/de-la-pasion-por-el-deporte-al-empleo-estable-plan-de-carrera-tras-el-fp-en-acondicionamiento-fisico-blog\/"]}]},{"@type":"ImageObject","inLanguage":"es","@id":"https:\/\/fpsuperiorufv.es\/blog\/de-la-pasion-por-el-deporte-al-empleo-estable-plan-de-carrera-tras-el-fp-en-acondicionamiento-fisico-blog\/#primaryimage","url":"https:\/\/fpsuperiorufv.es\/blog\/wp-content\/uploads\/2025\/08\/DSC07742-scaled-1.jpg","contentUrl":"https:\/\/fpsuperiorufv.es\/blog\/wp-content\/uploads\/2025\/08\/DSC07742-scaled-1.jpg","width":2560,"height":1707},{"@type":"BreadcrumbList","@id":"https:\/\/fpsuperiorufv.es\/blog\/de-la-pasion-por-el-deporte-al-empleo-estable-plan-de-carrera-tras-el-fp-en-acondicionamiento-fisico-blog\/#breadcrumb","itemListElement":[{"@type":"ListItem","position":1,"name":"Home","item":"https:\/\/fpsuperiorufv.es\/blog\/"},{"@type":"ListItem","position":2,"name":"De la pasi\u00f3n por el deporte al empleo estable: plan de carrera tras e la FP en Acondicionamiento F\u00edsico"}]},{"@type":"WebSite","@id":"https:\/\/fpsuperiorufv.es\/blog\/#website","url":"https:\/\/fpsuperiorufv.es\/blog\/","name":"Fp Superior Francisco de Vitoria","description":"","publisher":{"@id":"https:\/\/fpsuperiorufv.es\/blog\/#organization"},"alternateName":"Cetys","potentialAction":[{"@type":"SearchAction","target":{"@type":"EntryPoint","urlTemplate":"https:\/\/fpsuperiorufv.es\/blog\/?s={search_term_string}"},"query-input":{"@type":"PropertyValueSpecification","valueRequired":true,"valueName":"search_term_string"}}],"inLanguage":"es"},{"@type":"Organization","@id":"https:\/\/fpsuperiorufv.es\/blog\/#organization","name":"Cetys","url":"https:\/\/fpsuperiorufv.es\/blog\/","logo":{"@type":"ImageObject","inLanguage":"es","@id":"https:\/\/fpsuperiorufv.es\/blog\/#\/schema\/logo\/image\/","url":"https:\/\/fpsuperiorufv.lo\/wp-content\/uploads\/2025\/02\/logo.svg","contentUrl":"https:\/\/fpsuperiorufv.lo\/wp-content\/uploads\/2025\/02\/logo.svg","width":"1024","height":"1024","caption":"Cetys"},"image":{"@id":"https:\/\/fpsuperiorufv.es\/blog\/#\/schema\/logo\/image\/"}},{"@type":"Person","@id":"https:\/\/fpsuperiorufv.es\/blog\/#\/schema\/person\/6eed41dc866f12d961994f51f39f8796","name":"FP Superior UFV","image":{"@type":"ImageObject","inLanguage":"es","@id":"https:\/\/secure.gravatar.com\/avatar\/2cb5eeb90ddddf18129790c93583d4ae96ca8a625c07994637c8fc9d35252ce5?s=96&d=mm&r=g","url":"https:\/\/secure.gravatar.com\/avatar\/2cb5eeb90ddddf18129790c93583d4ae96ca8a625c07994637c8fc9d35252ce5?s=96&d=mm&r=g","contentUrl":"https:\/\/secure.gravatar.com\/avatar\/2cb5eeb90ddddf18129790c93583d4ae96ca8a625c07994637c8fc9d35252ce5?s=96&d=mm&r=g","caption":"FP Superior UFV"},"url":"https:\/\/fpsuperiorufv.es\/blog\/author\/cetys\/"}]}},"_links":{"self":[{"href":"https:\/\/fpsuperiorufv.es\/blog\/wp-json\/wp\/v2\/posts\/280817","targetHints":{"allow":["GET"]}}],"collection":[{"href":"https:\/\/fpsuperiorufv.es\/blog\/wp-json\/wp\/v2\/posts"}],"about":[{"href":"https:\/\/fpsuperiorufv.es\/blog\/wp-json\/wp\/v2\/types\/post"}],"author":[{"embeddable":true,"href":"https:\/\/fpsuperiorufv.es\/blog\/wp-json\/wp\/v2\/users\/3"}],"replies":[{"embeddable":true,"href":"https:\/\/fpsuperiorufv.es\/blog\/wp-json\/wp\/v2\/comments?post=280817"}],"version-history":[{"count":1,"href":"https:\/\/fpsuperiorufv.es\/blog\/wp-json\/wp\/v2\/posts\/280817\/revisions"}],"predecessor-version":[{"id":280885,"href":"https:\/\/fpsuperiorufv.es\/blog\/wp-json\/wp\/v2\/posts\/280817\/revisions\/280885"}],"wp:featuredmedia":[{"embeddable":true,"href":"https:\/\/fpsuperiorufv.es\/blog\/wp-json\/wp\/v2\/media\/2640"}],"wp:attachment":[{"href":"https:\/\/fpsuperiorufv.es\/blog\/wp-json\/wp\/v2\/media?parent=280817"}],"wp:term":[{"taxonomy":"category","embeddable":true,"href":"https:\/\/fpsuperiorufv.es\/blog\/wp-json\/wp\/v2\/categories?post=280817"},{"taxonomy":"post_tag","embeddable":true,"href":"https:\/\/fpsuperiorufv.es\/blog\/wp-json\/wp\/v2\/tags?post=280817"}],"curies":[{"name":"wp","href":"https:\/\/api.w.org\/{rel}","templated":true}]}}