{"id":280843,"date":"2026-01-01T06:03:49","date_gmt":"2026-01-01T06:03:49","guid":{"rendered":"https:\/\/soleyantonio.es\/fp-en-realizacion-o-grado-universitario-en-cine-comunicacion-que-te-interesa-mas-segun-tu-objetivo\/"},"modified":"2026-01-07T11:45:15","modified_gmt":"2026-01-07T10:45:15","slug":"fp-en-realizacion-o-grado-universitario-en-cine-comunicacion-que-te-interesa-mas-segun-tu-objetivo-blog","status":"publish","type":"post","link":"https:\/\/fpsuperiorufv.es\/blog\/fp-en-realizacion-o-grado-universitario-en-cine-comunicacion-que-te-interesa-mas-segun-tu-objetivo-blog\/","title":{"rendered":"FP en Realizaci\u00f3n o grado universitario en Cine\/Comunicaci\u00f3n: qu\u00e9 te interesa m\u00e1s seg\u00fan tu objetivo"},"content":{"rendered":"<h2>FP en Realizaci\u00f3n o Grado Universitario en Cine\/Comunicaci\u00f3n: \u00bfQu\u00e9 te interesa m\u00e1s seg\u00fan tu objetivo?<\/h2>\n<section>\n<p>Si est\u00e1s interesado en el mundo del cine y la comunicaci\u00f3n, seguramente te has planteado qu\u00e9 camino seguir. \u00bfTe atrae m\u00e1s la formaci\u00f3n profesional en realizaci\u00f3n o prefieres un grado universitario en cine y comunicaci\u00f3n? En este art\u00edculo, te ayudaremos a decidir qu\u00e9 opci\u00f3n se ajusta mejor a tus objetivos.<\/p>\n<\/section>\n<section>\n<h2>Curiosidades y datos interesantes<\/h2>\n<ul>\n<li>El sector audiovisual est\u00e1 en constante crecimiento, con una demanda creciente de profesionales capacitados.<\/li>\n<li>El 90% de los estudiantes de FP en Realizaci\u00f3n encuentran trabajo en menos de seis meses tras finalizar sus estudios.<\/li>\n<li>Los graduados en Cine\/Comunicaci\u00f3n suelen tener una tasa de empleo del 80% en un a\u00f1o.<\/li>\n<li>Las habilidades pr\u00e1cticas adquiridas en FP son altamente valoradas por la industria.<\/li>\n<li>La FP en Realizaci\u00f3n puede ofrecerte una formaci\u00f3n m\u00e1s enfocada en la pr\u00e1ctica en comparaci\u00f3n con un grado universitario.<\/li>\n<\/ul>\n<\/section>\n<section>\n<h2>\u00bfPor qu\u00e9 estudiar FP en Realizaci\u00f3n?<\/h2>\n<p>Elegir un Ciclo Formativo de Grado Superior en FP en Realizaci\u00f3n te brinda una serie de ventajas que pueden ser decisivas para tu desarrollo profesional.<\/p>\n<h3>Ventajas de la FP en Realizaci\u00f3n<\/h3>\n<ul>\n<li><strong>Enfoque pr\u00e1ctico:<\/strong> Aprender\u00e1s haciendo, lo que te permitir\u00e1 adquirir experiencia real desde el primer d\u00eda.<\/li>\n<li><strong>Equipamiento moderno:<\/strong> Contamos con instalaciones y tecnolog\u00eda de vanguardia para que puedas formarte con los mejores recursos.<\/li>\n<li><strong>Conexiones en la industria:<\/strong> Nuestro programa incluye pr\u00e1cticas en empresas del sector, lo que te ayudar\u00e1 a construir una red profesional s\u00f3lida.<\/li>\n<li><strong>Formaci\u00f3n especializada:<\/strong> Abordar\u00e1s temas espec\u00edficos como la direcci\u00f3n, la producci\u00f3n y la edici\u00f3n de proyectos audiovisuales.<\/li>\n<\/ul>\n<p>Si te gusta la idea de trabajar en un ambiente din\u00e1mico y creativo, la FP en Realizaci\u00f3n puede ser tu mejor opci\u00f3n. Adem\u00e1s, puedes consultar m\u00e1s sobre nuestro <a href=https:\/\/fpsuperiorufv.es\/secretaria-admision-y-ayuda\/>Proceso de Admisi\u00f3n<\/a> para empezar tu viaje hoy mismo.<\/p>\n<\/section>\n<section>\n<h2>\u00bfPor qu\u00e9 optar por un Grado Universitario en Cine\/Comunicaci\u00f3n?<\/h2>\n<p>Por otro lado, si tu inter\u00e9s se encuentra m\u00e1s en la teor\u00eda y el an\u00e1lisis cr\u00edtico del cine, un grado universitario en Cine o Comunicaci\u00f3n podr\u00eda ser el camino adecuado para ti.<\/p>\n<h3>Ventajas de un Grado Universitario<\/h3>\n<ul>\n<li><strong>Formaci\u00f3n te\u00f3rica s\u00f3lida:<\/strong> Profundizar\u00e1s en la historia, teor\u00eda y cr\u00edtica del cine, lo que te permitir\u00e1 tener un enfoque m\u00e1s acad\u00e9mico.<\/li>\n<li><strong>Versatilidad profesional:<\/strong> Un grado en comunicaci\u00f3n abre puertas a m\u00faltiples \u00e1reas dentro del sector audiovisual y de medios.<\/li>\n<li><strong>Investigaci\u00f3n y an\u00e1lisis:<\/strong> Aprender\u00e1s a realizar investigaciones profundas y a desarrollar proyectos acad\u00e9micos que pueden ser fundamentales para tu carrera.<\/li>\n<li><strong>Acceso a programas de posgrado:<\/strong> Un grado universitario te permitir\u00e1 acceder a estudios de m\u00e1ster y especializaci\u00f3n.<\/li>\n<\/ul>\n<p>Si te apasiona el estudio del cine desde una perspectiva m\u00e1s amplia y acad\u00e9mica, considera un grado universitario en Cine o Comunicaci\u00f3n.<\/p>\n<\/section>\n<section>\n<h2>Comparativa: FP en Realizaci\u00f3n vs. Grado Universitario<\/h2>\n<p>La elecci\u00f3n entre FP en Realizaci\u00f3n y un Grado Universitario en Cine\/Comunicaci\u00f3n depender\u00e1 de tus objetivos personales y profesionales. Aqu\u00ed te dejamos un resumen para que puedas comparar:<\/p>\n<h3>FP en Realizaci\u00f3n<\/h3>\n<ul>\n<li>Duraci\u00f3n: 2 a\u00f1os<\/li>\n<li>Enfoque pr\u00e1ctico: 70% pr\u00e1ctico, 30% te\u00f3rico<\/li>\n<li>Salidas laborales r\u00e1pidas<\/li>\n<li>T\u00edtulos: FP de Grado Superior<\/li>\n<\/ul>\n<h3>Grado Universitario en Cine\/Comunicaci\u00f3n<\/h3>\n<ul>\n<li>Duraci\u00f3n: 4 a\u00f1os<\/li>\n<li>Enfoque te\u00f3rico: 60% te\u00f3rico, 40% pr\u00e1ctico<\/li>\n<li>Salidas laborales a largo plazo<\/li>\n<li>T\u00edtulos: Grado Universitario<\/li>\n<\/ul>\n<p>Ambas opciones son v\u00e1lidas y tienen su propio conjunto de beneficios. Lo importante es que elijas la que m\u00e1s se adapte a tus intereses y metas profesionales.<\/p>\n<\/section>\n<section>\n<h2>\u00bfCu\u00e1l es la mejor opci\u00f3n para ti?<\/h2>\n<p>La decisi\u00f3n final depender\u00e1 de tus intereses. Aqu\u00ed hay algunas preguntas que puedes hacerte:<\/p>\n<ul>\n<li>\u00bfPrefieres aprender haciendo o investigando?<\/li>\n<li>\u00bfTe interesa m\u00e1s la pr\u00e1ctica en el rodaje o la teor\u00eda del cine?<\/li>\n<li>\u00bfBuscas entrar r\u00e1pidamente al mercado laboral o prefieres una formaci\u00f3n m\u00e1s prolongada y te\u00f3rica?<\/li>\n<\/ul>\n<p>Independientemente de tu elecci\u00f3n, en la FP Superior Francisco de Vitoria te ofrecemos un entorno de aprendizaje \u00fanico, con profesionales del sector que te guiar\u00e1n en tu camino. \u00a1Estamos aqu\u00ed para ayudarte a alcanzar tus metas!<\/p>\n<\/section>\n<section>\n<h2>Preguntas Frecuentes<\/h2>\n<h2>\u00bfPuedo trabajar mientras estudio FP en Realizaci\u00f3n?<\/h2>\n<p>S\u00ed, muchos estudiantes logran compaginar sus estudios con trabajos a tiempo parcial, especialmente en proyectos freelance.<\/p>\n<h2>\u00bfQu\u00e9 tipo de trabajos puedo conseguir con un Grado en Cine\/Comunicaci\u00f3n?<\/h2>\n<p>Las salidas profesionales son variadas: puedes trabajar en producci\u00f3n, direcci\u00f3n, cr\u00edtica de cine, comunicaci\u00f3n corporativa, y m\u00e1s.<\/p>\n<h2>\u00bfEs posible hacer pr\u00e1cticas en empresas durante el grado?<\/h2>\n<p>S\u00ed, tanto en la FP como en el Grado Universitario, ofrecemos oportunidades de pr\u00e1cticas en empresas del sector que te ayudar\u00e1n a adquirir experiencia.<\/p>\n<h2>\u00bfC\u00f3mo puedo matricularme en la FP Superior Francisco de Vitoria?<\/h2>\n<p>Puedes consultar toda la informaci\u00f3n necesaria sobre el <a href=https:\/\/fpsuperiorufv.es\/secretaria-admision-y-ayuda\/>Proceso de Admisi\u00f3n aqu\u00ed<\/a>.<\/p>\n<\/section>\n<footer>\n<p>\u00a1Te esperamos en la FP Superior Francisco de Vitoria para que inicies tu aventura en el mundo del cine y la comunicaci\u00f3n!<\/p>\n<\/footer>\n","protected":false},"excerpt":{"rendered":"<p>FP en Realizaci\u00f3n o Grado Universitario en Cine\/Comunicaci\u00f3n: \u00bfQu\u00e9 te interesa m\u00e1s seg\u00fan tu objetivo? Si est\u00e1s interesado en el mundo del cine y la comunicaci\u00f3n, seguramente te has planteado qu\u00e9 camino seguir. \u00bfTe atrae m\u00e1s la formaci\u00f3n profesional en realizaci\u00f3n o prefieres un grado universitario en cine y comunicaci\u00f3n? En este art\u00edculo, te ayudaremos [&hellip;]<\/p>\n","protected":false},"author":3,"featured_media":2704,"comment_status":"open","ping_status":"open","sticky":false,"template":"","format":"standard","meta":{"inline_featured_image":false,"footnotes":""},"categories":[393,388],"tags":[],"class_list":["post-280843","post","type-post","status-publish","format-standard","has-post-thumbnail","hentry","category-preguntas-frecuentes","category-realizacion-de-proyectos-audiovisuales-y-espectaculos"],"yoast_head":"<!-- This site is optimized with the Yoast SEO plugin v27.4 - https:\/\/yoast.com\/product\/yoast-seo-wordpress\/ -->\n<title>FP en Realizaci\u00f3n o grado universitario en Cine\/Comunicaci\u00f3n: qu\u00e9 te interesa m\u00e1s seg\u00fan tu objetivo - Cetys<\/title>\n<meta name=\"robots\" content=\"index, follow, max-snippet:-1, max-image-preview:large, max-video-preview:-1\" \/>\n<link rel=\"canonical\" href=\"https:\/\/fpsuperiorufv.es\/blog\/fp-en-realizacion-o-grado-universitario-en-cine-comunicacion-que-te-interesa-mas-segun-tu-objetivo-blog\/\" \/>\n<meta property=\"og:locale\" content=\"es_ES\" \/>\n<meta property=\"og:type\" content=\"article\" \/>\n<meta property=\"og:title\" content=\"FP en Realizaci\u00f3n o grado universitario en Cine\/Comunicaci\u00f3n: qu\u00e9 te interesa m\u00e1s seg\u00fan tu objetivo - Cetys\" \/>\n<meta property=\"og:description\" content=\"FP en Realizaci\u00f3n o Grado Universitario en Cine\/Comunicaci\u00f3n: \u00bfQu\u00e9 te interesa m\u00e1s seg\u00fan tu objetivo? Si est\u00e1s interesado en el mundo del cine y la comunicaci\u00f3n, seguramente te has planteado qu\u00e9 camino seguir. \u00bfTe atrae m\u00e1s la formaci\u00f3n profesional en realizaci\u00f3n o prefieres un grado universitario en cine y comunicaci\u00f3n? En este art\u00edculo, te ayudaremos [&hellip;]\" \/>\n<meta property=\"og:url\" content=\"https:\/\/fpsuperiorufv.es\/blog\/fp-en-realizacion-o-grado-universitario-en-cine-comunicacion-que-te-interesa-mas-segun-tu-objetivo-blog\/\" \/>\n<meta property=\"og:site_name\" content=\"Cetys\" \/>\n<meta property=\"article:published_time\" content=\"2026-01-01T06:03:49+00:00\" \/>\n<meta property=\"article:modified_time\" content=\"2026-01-07T10:45:15+00:00\" \/>\n<meta property=\"og:image\" content=\"https:\/\/fpsuperiorufv.es\/blog\/wp-content\/uploads\/2025\/08\/usar-scaled-1.jpeg\" \/>\n\t<meta property=\"og:image:width\" content=\"2560\" \/>\n\t<meta property=\"og:image:height\" content=\"1707\" \/>\n\t<meta property=\"og:image:type\" content=\"image\/jpeg\" \/>\n<meta name=\"author\" content=\"FP Superior UFV\" \/>\n<meta name=\"twitter:card\" content=\"summary_large_image\" \/>\n<meta name=\"twitter:label1\" content=\"Escrito por\" \/>\n\t<meta name=\"twitter:data1\" content=\"FP Superior UFV\" \/>\n\t<meta name=\"twitter:label2\" content=\"Tiempo de lectura\" \/>\n\t<meta name=\"twitter:data2\" content=\"4 minutos\" \/>\n<script type=\"application\/ld+json\" class=\"yoast-schema-graph\">{\"@context\":\"https:\\\/\\\/schema.org\",\"@graph\":[{\"@type\":\"Article\",\"@id\":\"https:\\\/\\\/fpsuperiorufv.es\\\/blog\\\/fp-en-realizacion-o-grado-universitario-en-cine-comunicacion-que-te-interesa-mas-segun-tu-objetivo-blog\\\/#article\",\"isPartOf\":{\"@id\":\"https:\\\/\\\/fpsuperiorufv.es\\\/blog\\\/fp-en-realizacion-o-grado-universitario-en-cine-comunicacion-que-te-interesa-mas-segun-tu-objetivo-blog\\\/\"},\"author\":{\"name\":\"FP Superior UFV\",\"@id\":\"https:\\\/\\\/fpsuperiorufv.es\\\/blog\\\/#\\\/schema\\\/person\\\/6eed41dc866f12d961994f51f39f8796\"},\"headline\":\"FP en Realizaci\u00f3n o grado universitario en Cine\\\/Comunicaci\u00f3n: qu\u00e9 te interesa m\u00e1s seg\u00fan tu objetivo\",\"datePublished\":\"2026-01-01T06:03:49+00:00\",\"dateModified\":\"2026-01-07T10:45:15+00:00\",\"mainEntityOfPage\":{\"@id\":\"https:\\\/\\\/fpsuperiorufv.es\\\/blog\\\/fp-en-realizacion-o-grado-universitario-en-cine-comunicacion-que-te-interesa-mas-segun-tu-objetivo-blog\\\/\"},\"wordCount\":893,\"commentCount\":0,\"publisher\":{\"@id\":\"https:\\\/\\\/fpsuperiorufv.es\\\/blog\\\/#organization\"},\"image\":{\"@id\":\"https:\\\/\\\/fpsuperiorufv.es\\\/blog\\\/fp-en-realizacion-o-grado-universitario-en-cine-comunicacion-que-te-interesa-mas-segun-tu-objetivo-blog\\\/#primaryimage\"},\"thumbnailUrl\":\"https:\\\/\\\/fpsuperiorufv.es\\\/blog\\\/wp-content\\\/uploads\\\/2025\\\/08\\\/usar-scaled-1.jpeg\",\"articleSection\":[\"Preguntas frecuentes\",\"Realizaci\u00f3n de Proyectos Audiovisuales y Espect\u00e1culos\"],\"inLanguage\":\"es\",\"potentialAction\":[{\"@type\":\"CommentAction\",\"name\":\"Comment\",\"target\":[\"https:\\\/\\\/fpsuperiorufv.es\\\/blog\\\/fp-en-realizacion-o-grado-universitario-en-cine-comunicacion-que-te-interesa-mas-segun-tu-objetivo-blog\\\/#respond\"]}]},{\"@type\":\"WebPage\",\"@id\":\"https:\\\/\\\/fpsuperiorufv.es\\\/blog\\\/fp-en-realizacion-o-grado-universitario-en-cine-comunicacion-que-te-interesa-mas-segun-tu-objetivo-blog\\\/\",\"url\":\"https:\\\/\\\/fpsuperiorufv.es\\\/blog\\\/fp-en-realizacion-o-grado-universitario-en-cine-comunicacion-que-te-interesa-mas-segun-tu-objetivo-blog\\\/\",\"name\":\"FP en Realizaci\u00f3n o grado universitario en Cine\\\/Comunicaci\u00f3n: qu\u00e9 te interesa m\u00e1s seg\u00fan tu objetivo - Cetys\",\"isPartOf\":{\"@id\":\"https:\\\/\\\/fpsuperiorufv.es\\\/blog\\\/#website\"},\"primaryImageOfPage\":{\"@id\":\"https:\\\/\\\/fpsuperiorufv.es\\\/blog\\\/fp-en-realizacion-o-grado-universitario-en-cine-comunicacion-que-te-interesa-mas-segun-tu-objetivo-blog\\\/#primaryimage\"},\"image\":{\"@id\":\"https:\\\/\\\/fpsuperiorufv.es\\\/blog\\\/fp-en-realizacion-o-grado-universitario-en-cine-comunicacion-que-te-interesa-mas-segun-tu-objetivo-blog\\\/#primaryimage\"},\"thumbnailUrl\":\"https:\\\/\\\/fpsuperiorufv.es\\\/blog\\\/wp-content\\\/uploads\\\/2025\\\/08\\\/usar-scaled-1.jpeg\",\"datePublished\":\"2026-01-01T06:03:49+00:00\",\"dateModified\":\"2026-01-07T10:45:15+00:00\",\"breadcrumb\":{\"@id\":\"https:\\\/\\\/fpsuperiorufv.es\\\/blog\\\/fp-en-realizacion-o-grado-universitario-en-cine-comunicacion-que-te-interesa-mas-segun-tu-objetivo-blog\\\/#breadcrumb\"},\"inLanguage\":\"es\",\"potentialAction\":[{\"@type\":\"ReadAction\",\"target\":[\"https:\\\/\\\/fpsuperiorufv.es\\\/blog\\\/fp-en-realizacion-o-grado-universitario-en-cine-comunicacion-que-te-interesa-mas-segun-tu-objetivo-blog\\\/\"]}]},{\"@type\":\"ImageObject\",\"inLanguage\":\"es\",\"@id\":\"https:\\\/\\\/fpsuperiorufv.es\\\/blog\\\/fp-en-realizacion-o-grado-universitario-en-cine-comunicacion-que-te-interesa-mas-segun-tu-objetivo-blog\\\/#primaryimage\",\"url\":\"https:\\\/\\\/fpsuperiorufv.es\\\/blog\\\/wp-content\\\/uploads\\\/2025\\\/08\\\/usar-scaled-1.jpeg\",\"contentUrl\":\"https:\\\/\\\/fpsuperiorufv.es\\\/blog\\\/wp-content\\\/uploads\\\/2025\\\/08\\\/usar-scaled-1.jpeg\",\"width\":2560,\"height\":1707},{\"@type\":\"BreadcrumbList\",\"@id\":\"https:\\\/\\\/fpsuperiorufv.es\\\/blog\\\/fp-en-realizacion-o-grado-universitario-en-cine-comunicacion-que-te-interesa-mas-segun-tu-objetivo-blog\\\/#breadcrumb\",\"itemListElement\":[{\"@type\":\"ListItem\",\"position\":1,\"name\":\"Home\",\"item\":\"https:\\\/\\\/fpsuperiorufv.es\\\/blog\\\/\"},{\"@type\":\"ListItem\",\"position\":2,\"name\":\"FP en Realizaci\u00f3n o grado universitario en Cine\\\/Comunicaci\u00f3n: qu\u00e9 te interesa m\u00e1s seg\u00fan tu objetivo\"}]},{\"@type\":\"WebSite\",\"@id\":\"https:\\\/\\\/fpsuperiorufv.es\\\/blog\\\/#website\",\"url\":\"https:\\\/\\\/fpsuperiorufv.es\\\/blog\\\/\",\"name\":\"Fp Superior Francisco de Vitoria\",\"description\":\"\",\"publisher\":{\"@id\":\"https:\\\/\\\/fpsuperiorufv.es\\\/blog\\\/#organization\"},\"alternateName\":\"Cetys\",\"potentialAction\":[{\"@type\":\"SearchAction\",\"target\":{\"@type\":\"EntryPoint\",\"urlTemplate\":\"https:\\\/\\\/fpsuperiorufv.es\\\/blog\\\/?s={search_term_string}\"},\"query-input\":{\"@type\":\"PropertyValueSpecification\",\"valueRequired\":true,\"valueName\":\"search_term_string\"}}],\"inLanguage\":\"es\"},{\"@type\":\"Organization\",\"@id\":\"https:\\\/\\\/fpsuperiorufv.es\\\/blog\\\/#organization\",\"name\":\"Cetys\",\"url\":\"https:\\\/\\\/fpsuperiorufv.es\\\/blog\\\/\",\"logo\":{\"@type\":\"ImageObject\",\"inLanguage\":\"es\",\"@id\":\"https:\\\/\\\/fpsuperiorufv.es\\\/blog\\\/#\\\/schema\\\/logo\\\/image\\\/\",\"url\":\"https:\\\/\\\/fpsuperiorufv.lo\\\/wp-content\\\/uploads\\\/2025\\\/02\\\/logo.svg\",\"contentUrl\":\"https:\\\/\\\/fpsuperiorufv.lo\\\/wp-content\\\/uploads\\\/2025\\\/02\\\/logo.svg\",\"width\":\"1024\",\"height\":\"1024\",\"caption\":\"Cetys\"},\"image\":{\"@id\":\"https:\\\/\\\/fpsuperiorufv.es\\\/blog\\\/#\\\/schema\\\/logo\\\/image\\\/\"}},{\"@type\":\"Person\",\"@id\":\"https:\\\/\\\/fpsuperiorufv.es\\\/blog\\\/#\\\/schema\\\/person\\\/6eed41dc866f12d961994f51f39f8796\",\"name\":\"FP Superior UFV\",\"image\":{\"@type\":\"ImageObject\",\"inLanguage\":\"es\",\"@id\":\"https:\\\/\\\/secure.gravatar.com\\\/avatar\\\/2cb5eeb90ddddf18129790c93583d4ae96ca8a625c07994637c8fc9d35252ce5?s=96&d=mm&r=g\",\"url\":\"https:\\\/\\\/secure.gravatar.com\\\/avatar\\\/2cb5eeb90ddddf18129790c93583d4ae96ca8a625c07994637c8fc9d35252ce5?s=96&d=mm&r=g\",\"contentUrl\":\"https:\\\/\\\/secure.gravatar.com\\\/avatar\\\/2cb5eeb90ddddf18129790c93583d4ae96ca8a625c07994637c8fc9d35252ce5?s=96&d=mm&r=g\",\"caption\":\"FP Superior UFV\"},\"url\":\"https:\\\/\\\/fpsuperiorufv.es\\\/blog\\\/author\\\/cetys\\\/\"}]}<\/script>\n<!-- \/ Yoast SEO plugin. -->","yoast_head_json":{"title":"FP en Realizaci\u00f3n o grado universitario en Cine\/Comunicaci\u00f3n: qu\u00e9 te interesa m\u00e1s seg\u00fan tu objetivo - Cetys","robots":{"index":"index","follow":"follow","max-snippet":"max-snippet:-1","max-image-preview":"max-image-preview:large","max-video-preview":"max-video-preview:-1"},"canonical":"https:\/\/fpsuperiorufv.es\/blog\/fp-en-realizacion-o-grado-universitario-en-cine-comunicacion-que-te-interesa-mas-segun-tu-objetivo-blog\/","og_locale":"es_ES","og_type":"article","og_title":"FP en Realizaci\u00f3n o grado universitario en Cine\/Comunicaci\u00f3n: qu\u00e9 te interesa m\u00e1s seg\u00fan tu objetivo - Cetys","og_description":"FP en Realizaci\u00f3n o Grado Universitario en Cine\/Comunicaci\u00f3n: \u00bfQu\u00e9 te interesa m\u00e1s seg\u00fan tu objetivo? Si est\u00e1s interesado en el mundo del cine y la comunicaci\u00f3n, seguramente te has planteado qu\u00e9 camino seguir. \u00bfTe atrae m\u00e1s la formaci\u00f3n profesional en realizaci\u00f3n o prefieres un grado universitario en cine y comunicaci\u00f3n? En este art\u00edculo, te ayudaremos [&hellip;]","og_url":"https:\/\/fpsuperiorufv.es\/blog\/fp-en-realizacion-o-grado-universitario-en-cine-comunicacion-que-te-interesa-mas-segun-tu-objetivo-blog\/","og_site_name":"Cetys","article_published_time":"2026-01-01T06:03:49+00:00","article_modified_time":"2026-01-07T10:45:15+00:00","og_image":[{"width":2560,"height":1707,"url":"https:\/\/fpsuperiorufv.es\/blog\/wp-content\/uploads\/2025\/08\/usar-scaled-1.jpeg","type":"image\/jpeg"}],"author":"FP Superior UFV","twitter_card":"summary_large_image","twitter_misc":{"Escrito por":"FP Superior UFV","Tiempo de lectura":"4 minutos"},"schema":{"@context":"https:\/\/schema.org","@graph":[{"@type":"Article","@id":"https:\/\/fpsuperiorufv.es\/blog\/fp-en-realizacion-o-grado-universitario-en-cine-comunicacion-que-te-interesa-mas-segun-tu-objetivo-blog\/#article","isPartOf":{"@id":"https:\/\/fpsuperiorufv.es\/blog\/fp-en-realizacion-o-grado-universitario-en-cine-comunicacion-que-te-interesa-mas-segun-tu-objetivo-blog\/"},"author":{"name":"FP Superior UFV","@id":"https:\/\/fpsuperiorufv.es\/blog\/#\/schema\/person\/6eed41dc866f12d961994f51f39f8796"},"headline":"FP en Realizaci\u00f3n o grado universitario en Cine\/Comunicaci\u00f3n: qu\u00e9 te interesa m\u00e1s seg\u00fan tu objetivo","datePublished":"2026-01-01T06:03:49+00:00","dateModified":"2026-01-07T10:45:15+00:00","mainEntityOfPage":{"@id":"https:\/\/fpsuperiorufv.es\/blog\/fp-en-realizacion-o-grado-universitario-en-cine-comunicacion-que-te-interesa-mas-segun-tu-objetivo-blog\/"},"wordCount":893,"commentCount":0,"publisher":{"@id":"https:\/\/fpsuperiorufv.es\/blog\/#organization"},"image":{"@id":"https:\/\/fpsuperiorufv.es\/blog\/fp-en-realizacion-o-grado-universitario-en-cine-comunicacion-que-te-interesa-mas-segun-tu-objetivo-blog\/#primaryimage"},"thumbnailUrl":"https:\/\/fpsuperiorufv.es\/blog\/wp-content\/uploads\/2025\/08\/usar-scaled-1.jpeg","articleSection":["Preguntas frecuentes","Realizaci\u00f3n de Proyectos Audiovisuales y Espect\u00e1culos"],"inLanguage":"es","potentialAction":[{"@type":"CommentAction","name":"Comment","target":["https:\/\/fpsuperiorufv.es\/blog\/fp-en-realizacion-o-grado-universitario-en-cine-comunicacion-que-te-interesa-mas-segun-tu-objetivo-blog\/#respond"]}]},{"@type":"WebPage","@id":"https:\/\/fpsuperiorufv.es\/blog\/fp-en-realizacion-o-grado-universitario-en-cine-comunicacion-que-te-interesa-mas-segun-tu-objetivo-blog\/","url":"https:\/\/fpsuperiorufv.es\/blog\/fp-en-realizacion-o-grado-universitario-en-cine-comunicacion-que-te-interesa-mas-segun-tu-objetivo-blog\/","name":"FP en Realizaci\u00f3n o grado universitario en Cine\/Comunicaci\u00f3n: qu\u00e9 te interesa m\u00e1s seg\u00fan tu objetivo - Cetys","isPartOf":{"@id":"https:\/\/fpsuperiorufv.es\/blog\/#website"},"primaryImageOfPage":{"@id":"https:\/\/fpsuperiorufv.es\/blog\/fp-en-realizacion-o-grado-universitario-en-cine-comunicacion-que-te-interesa-mas-segun-tu-objetivo-blog\/#primaryimage"},"image":{"@id":"https:\/\/fpsuperiorufv.es\/blog\/fp-en-realizacion-o-grado-universitario-en-cine-comunicacion-que-te-interesa-mas-segun-tu-objetivo-blog\/#primaryimage"},"thumbnailUrl":"https:\/\/fpsuperiorufv.es\/blog\/wp-content\/uploads\/2025\/08\/usar-scaled-1.jpeg","datePublished":"2026-01-01T06:03:49+00:00","dateModified":"2026-01-07T10:45:15+00:00","breadcrumb":{"@id":"https:\/\/fpsuperiorufv.es\/blog\/fp-en-realizacion-o-grado-universitario-en-cine-comunicacion-que-te-interesa-mas-segun-tu-objetivo-blog\/#breadcrumb"},"inLanguage":"es","potentialAction":[{"@type":"ReadAction","target":["https:\/\/fpsuperiorufv.es\/blog\/fp-en-realizacion-o-grado-universitario-en-cine-comunicacion-que-te-interesa-mas-segun-tu-objetivo-blog\/"]}]},{"@type":"ImageObject","inLanguage":"es","@id":"https:\/\/fpsuperiorufv.es\/blog\/fp-en-realizacion-o-grado-universitario-en-cine-comunicacion-que-te-interesa-mas-segun-tu-objetivo-blog\/#primaryimage","url":"https:\/\/fpsuperiorufv.es\/blog\/wp-content\/uploads\/2025\/08\/usar-scaled-1.jpeg","contentUrl":"https:\/\/fpsuperiorufv.es\/blog\/wp-content\/uploads\/2025\/08\/usar-scaled-1.jpeg","width":2560,"height":1707},{"@type":"BreadcrumbList","@id":"https:\/\/fpsuperiorufv.es\/blog\/fp-en-realizacion-o-grado-universitario-en-cine-comunicacion-que-te-interesa-mas-segun-tu-objetivo-blog\/#breadcrumb","itemListElement":[{"@type":"ListItem","position":1,"name":"Home","item":"https:\/\/fpsuperiorufv.es\/blog\/"},{"@type":"ListItem","position":2,"name":"FP en Realizaci\u00f3n o grado universitario en Cine\/Comunicaci\u00f3n: qu\u00e9 te interesa m\u00e1s seg\u00fan tu objetivo"}]},{"@type":"WebSite","@id":"https:\/\/fpsuperiorufv.es\/blog\/#website","url":"https:\/\/fpsuperiorufv.es\/blog\/","name":"Fp Superior Francisco de Vitoria","description":"","publisher":{"@id":"https:\/\/fpsuperiorufv.es\/blog\/#organization"},"alternateName":"Cetys","potentialAction":[{"@type":"SearchAction","target":{"@type":"EntryPoint","urlTemplate":"https:\/\/fpsuperiorufv.es\/blog\/?s={search_term_string}"},"query-input":{"@type":"PropertyValueSpecification","valueRequired":true,"valueName":"search_term_string"}}],"inLanguage":"es"},{"@type":"Organization","@id":"https:\/\/fpsuperiorufv.es\/blog\/#organization","name":"Cetys","url":"https:\/\/fpsuperiorufv.es\/blog\/","logo":{"@type":"ImageObject","inLanguage":"es","@id":"https:\/\/fpsuperiorufv.es\/blog\/#\/schema\/logo\/image\/","url":"https:\/\/fpsuperiorufv.lo\/wp-content\/uploads\/2025\/02\/logo.svg","contentUrl":"https:\/\/fpsuperiorufv.lo\/wp-content\/uploads\/2025\/02\/logo.svg","width":"1024","height":"1024","caption":"Cetys"},"image":{"@id":"https:\/\/fpsuperiorufv.es\/blog\/#\/schema\/logo\/image\/"}},{"@type":"Person","@id":"https:\/\/fpsuperiorufv.es\/blog\/#\/schema\/person\/6eed41dc866f12d961994f51f39f8796","name":"FP Superior UFV","image":{"@type":"ImageObject","inLanguage":"es","@id":"https:\/\/secure.gravatar.com\/avatar\/2cb5eeb90ddddf18129790c93583d4ae96ca8a625c07994637c8fc9d35252ce5?s=96&d=mm&r=g","url":"https:\/\/secure.gravatar.com\/avatar\/2cb5eeb90ddddf18129790c93583d4ae96ca8a625c07994637c8fc9d35252ce5?s=96&d=mm&r=g","contentUrl":"https:\/\/secure.gravatar.com\/avatar\/2cb5eeb90ddddf18129790c93583d4ae96ca8a625c07994637c8fc9d35252ce5?s=96&d=mm&r=g","caption":"FP Superior UFV"},"url":"https:\/\/fpsuperiorufv.es\/blog\/author\/cetys\/"}]}},"_links":{"self":[{"href":"https:\/\/fpsuperiorufv.es\/blog\/wp-json\/wp\/v2\/posts\/280843","targetHints":{"allow":["GET"]}}],"collection":[{"href":"https:\/\/fpsuperiorufv.es\/blog\/wp-json\/wp\/v2\/posts"}],"about":[{"href":"https:\/\/fpsuperiorufv.es\/blog\/wp-json\/wp\/v2\/types\/post"}],"author":[{"embeddable":true,"href":"https:\/\/fpsuperiorufv.es\/blog\/wp-json\/wp\/v2\/users\/3"}],"replies":[{"embeddable":true,"href":"https:\/\/fpsuperiorufv.es\/blog\/wp-json\/wp\/v2\/comments?post=280843"}],"version-history":[{"count":1,"href":"https:\/\/fpsuperiorufv.es\/blog\/wp-json\/wp\/v2\/posts\/280843\/revisions"}],"predecessor-version":[{"id":280888,"href":"https:\/\/fpsuperiorufv.es\/blog\/wp-json\/wp\/v2\/posts\/280843\/revisions\/280888"}],"wp:featuredmedia":[{"embeddable":true,"href":"https:\/\/fpsuperiorufv.es\/blog\/wp-json\/wp\/v2\/media\/2704"}],"wp:attachment":[{"href":"https:\/\/fpsuperiorufv.es\/blog\/wp-json\/wp\/v2\/media?parent=280843"}],"wp:term":[{"taxonomy":"category","embeddable":true,"href":"https:\/\/fpsuperiorufv.es\/blog\/wp-json\/wp\/v2\/categories?post=280843"},{"taxonomy":"post_tag","embeddable":true,"href":"https:\/\/fpsuperiorufv.es\/blog\/wp-json\/wp\/v2\/tags?post=280843"}],"curies":[{"name":"wp","href":"https:\/\/api.w.org\/{rel}","templated":true}]}}