{"id":280866,"date":"2025-12-29T19:31:45","date_gmt":"2025-12-29T19:31:45","guid":{"rendered":"https:\/\/soleyantonio.es\/educacion-infantil-o-integracion-social-que-ciclo-elegir-si-quieres-trabajar-con-ninos\/"},"modified":"2026-01-08T12:01:57","modified_gmt":"2026-01-08T11:01:57","slug":"educacion-infantil-o-integracion-social-que-ciclo-elegir-si-quieres-trabajar-con-ninos-blog","status":"publish","type":"post","link":"https:\/\/fpsuperiorufv.es\/blog\/educacion-infantil-o-integracion-social-que-ciclo-elegir-si-quieres-trabajar-con-ninos-blog\/","title":{"rendered":"Educaci\u00f3n Infantil o Integraci\u00f3n Social: qu\u00e9 ciclo elegir si quieres trabajar con ni\u00f1os"},"content":{"rendered":"<h2>Educaci\u00f3n Infantil o Integraci\u00f3n Social: \u00bfQu\u00e9 Ciclo Elegir si Quieres Trabajar con Ni\u00f1os?<\/h2>\n<p>Si est\u00e1s pensando en construir una carrera profesional que te permita trabajar con ni\u00f1os, has llegado al lugar adecuado. En el <strong>Ciclo Formativo de Grado Superior<\/strong> de la FP Superior Francisco de Vitoria, te ofrecemos dos opciones que destacan: Educaci\u00f3n Infantil e Integraci\u00f3n Social. Ambas son apasionantes y tienen su propio enfoque \u00fanico. Pero, \u00bfc\u00f3mo saber cu\u00e1l elegir?<\/p>\n<h2>Curiosidades y Datos Interesantes<\/h2>\n<ul>\n<li>El 20% de los ni\u00f1os en Espa\u00f1a necesitan alg\u00fan tipo de apoyo educativo.<\/li>\n<li>El sector de la educaci\u00f3n infantil est\u00e1 en constante crecimiento, con un aumento del 30% en la demanda de profesionales en los \u00faltimos a\u00f1os.<\/li>\n<li>Los educadores infantiles son clave en el desarrollo emocional y social de los ni\u00f1os.<\/li>\n<li>Los profesionales en integraci\u00f3n social pueden trabajar en diferentes contextos, no solo con ni\u00f1os, sino tambi\u00e9n con familias y colectivos en riesgo de exclusi\u00f3n.<\/li>\n<li>La formaci\u00f3n pr\u00e1ctica es fundamental, ya que el 70% del aprendizaje se realiza en entornos laborales reales.<\/li>\n<\/ul>\n<h2>\u00bfQu\u00e9 es el Ciclo Formativo de Educaci\u00f3n Infantil?<\/h2>\n<p>El <strong>Ciclo Formativo de Educaci\u00f3n Infantil<\/strong> est\u00e1 dise\u00f1ado para formar profesionales que se encargan de la educaci\u00f3n y el cuidado de ni\u00f1os de 0 a 6 a\u00f1os. A lo largo de este ciclo, aprender\u00e1s sobre el desarrollo infantil, la planificaci\u00f3n de actividades educativas y la creaci\u00f3n de un ambiente seguro y estimulante para los m\u00e1s peque\u00f1os.<\/p>\n<h2>\u00bfQu\u00e9 es el Ciclo Formativo de Integraci\u00f3n Social?<\/h2>\n<p>Por otro lado, el <strong>Ciclo Formativo de Integraci\u00f3n Social<\/strong> se centra en la intervenci\u00f3n sociocultural, buscando mejorar la vida de personas y grupos en situaci\u00f3n de vulnerabilidad. Aunque no est\u00e1 exclusivamente dirigido a ni\u00f1os, s\u00ed incluye formaci\u00f3n para trabajar en entornos educativos y comunitarios, donde puedes impactar positivamente en la vida de los m\u00e1s j\u00f3venes.<\/p>\n<h2>Aspectos a Considerar al Elegir un Ciclo Formativo<\/h2>\n<p>Al momento de decidir entre Educaci\u00f3n Infantil e Integraci\u00f3n Social, hay varios aspectos que debes tener en cuenta:<\/p>\n<ul>\n<li><strong>Pasi\u00f3n por la ense\u00f1anza:<\/strong> Si te encanta ense\u00f1ar y crear actividades l\u00fadicas para ni\u00f1os, Educaci\u00f3n Infantil puede ser la mejor opci\u00f3n.<\/li>\n<li><strong>Inter\u00e9s en la intervenci\u00f3n social:<\/strong> Si te preocupa el bienestar de los grupos vulnerables y quieres trabajar en la mejora de sus condiciones, entonces considera Integraci\u00f3n Social.<\/li>\n<li><strong>Salidas profesionales:<\/strong> Ambos ciclos ofrecen oportunidades laborales, pero en diferentes sectores. Es importante investigar qu\u00e9 camino se alinea mejor con tus objetivos profesionales.<\/li>\n<li><strong>Formaci\u00f3n pr\u00e1ctica:<\/strong> La experiencia en pr\u00e1cticas es crucial en ambos ciclos. Investiga c\u00f3mo se organizan las pr\u00e1cticas en cada uno.<\/li>\n<\/ul>\n<h2>Salidas Profesionales en Educaci\u00f3n Infantil<\/h2>\n<p>Los graduados en el <strong>Ciclo Formativo de Educaci\u00f3n Infantil<\/strong> pueden acceder a diversas oportunidades laborales, tales como:<\/p>\n<ul>\n<li>Educador\/a infantil en escuelas de educaci\u00f3n infantil.<\/li>\n<li>Auxiliar de guarder\u00eda.<\/li>\n<li>Monitores\/as de tiempo libre.<\/li>\n<li>Educador\/a en programas de atenci\u00f3n a la infancia.<\/li>\n<\/ul>\n<h2>Salidas Profesionales en Integraci\u00f3n Social<\/h2>\n<p>Por su parte, los graduados en <strong>Integraci\u00f3n Social<\/strong> pueden desempe\u00f1arse en diferentes \u00e1reas, incluyendo:<\/p>\n<ul>\n<li>T\u00e9cnico\/a de programas de intervenci\u00f3n social.<\/li>\n<li>Educador\/a social en centros de menores.<\/li>\n<li>Monitor\/a de actividades socioculturales.<\/li>\n<li>Coordinador\/a de proyectos de integraci\u00f3n social.<\/li>\n<\/ul>\n<h2>\u00bfC\u00f3mo es la Formaci\u00f3n en Cada Ciclo?<\/h2>\n<p>En ambos ciclos, la formaci\u00f3n es integral y se compone de m\u00f3dulos te\u00f3ricos y pr\u00e1cticos. Sin embargo, cada uno tiene su enfoque particular:<\/p>\n<ul>\n<li>En <strong>Educaci\u00f3n Infantil<\/strong>, aprender\u00e1s sobre desarrollo evolutivo, atenci\u00f3n a la diversidad y t\u00e9cnicas de ense\u00f1anza.<\/li>\n<li>En <strong>Integraci\u00f3n Social<\/strong>, te formar\u00e1s en mediaci\u00f3n comunitaria, intervenci\u00f3n en crisis y gesti\u00f3n de recursos sociales.<\/li>\n<\/ul>\n<h2>Proceso de Admisi\u00f3n<\/h2>\n<p>Si te has decidido a dar el paso hacia tu futuro profesional, te invitamos a que consultes nuestro <a href=https:\/\/fpsuperiorufv.es\/secretaria-admision-y-ayuda\/>Proceso de Admisi\u00f3n<\/a>. Es un proceso sencillo y estamos aqu\u00ed para ayudarte en cada paso.<\/p>\n<h2>\u00bfPor qu\u00e9 Elegir la FP Superior Francisco de Vitoria?<\/h2>\n<p>Elegirnos significa optar por una formaci\u00f3n de calidad, con un enfoque pr\u00e1ctico y un profesorado altamente cualificado. Algunas de las ventajas que ofrecemos son:<\/p>\n<ul>\n<li>Formaci\u00f3n pr\u00e1ctica en entornos laborales reales.<\/li>\n<li>Acceso a recursos y materiales de \u00faltima generaci\u00f3n.<\/li>\n<li>Oportunidades de networking con profesionales del sector.<\/li>\n<li>Ambiente educativo inclusivo y motivador.<\/li>\n<\/ul>\n<h2>Preguntas Frecuentes<\/h2>\n<h2>\u00bfCu\u00e1l es la duraci\u00f3n de cada ciclo formativo?<\/h2>\n<p>Ambos ciclos tienen una duraci\u00f3n de dos a\u00f1os, donde se combinan clases te\u00f3ricas con formaci\u00f3n pr\u00e1ctica.<\/p>\n<h2>\u00bfPuedo acceder a la universidad despu\u00e9s de completar un ciclo formativo?<\/h2>\n<p>S\u00ed, al finalizar tu ciclo formativo de grado superior, tendr\u00e1s acceso a la universidad, lo que te permitir\u00e1 continuar tu formaci\u00f3n en \u00e1reas relacionadas.<\/p>\n<h2>\u00bfQu\u00e9 tipo de pr\u00e1cticas se realizan en cada ciclo?<\/h2>\n<p>Las pr\u00e1cticas son una parte fundamental de la formaci\u00f3n. En Educaci\u00f3n Infantil, se realizan en escuelas y guarder\u00edas, mientras que en Integraci\u00f3n Social, pueden ser en centros de menores, asociaciones y programas comunitarios.<\/p>\n<h2>\u00bfQu\u00e9 requisitos necesito para matricularme?<\/h2>\n<p>Generalmente, necesitas tener el t\u00edtulo de bachillerato o un ciclo formativo de grado medio. Tambi\u00e9n es recomendable tener una gran vocaci\u00f3n hacia el trabajo con ni\u00f1os y personas en situaci\u00f3n de vulnerabilidad.<\/p>\n<h2>\u00bfD\u00f3nde puedo obtener m\u00e1s informaci\u00f3n sobre el proceso de admisi\u00f3n?<\/h2>\n<p>Para m\u00e1s informaci\u00f3n, visita nuestro <a href=https:\/\/fpsuperiorufv.es\/secretaria-admision-y-ayuda\/>Proceso de Admisi\u00f3n<\/a> y resuelve todas tus dudas.<\/p>\n","protected":false},"excerpt":{"rendered":"<p>Educaci\u00f3n Infantil o Integraci\u00f3n Social: \u00bfQu\u00e9 Ciclo Elegir si Quieres Trabajar con Ni\u00f1os? Si est\u00e1s pensando en construir una carrera profesional que te permita trabajar con ni\u00f1os, has llegado al lugar adecuado. En el Ciclo Formativo de Grado Superior de la FP Superior Francisco de Vitoria, te ofrecemos dos opciones que destacan: Educaci\u00f3n Infantil e [&hellip;]<\/p>\n","protected":false},"author":3,"featured_media":2684,"comment_status":"open","ping_status":"open","sticky":false,"template":"","format":"standard","meta":{"inline_featured_image":false,"footnotes":""},"categories":[376,406,393],"tags":[],"class_list":["post-280866","post","type-post","status-publish","format-standard","has-post-thumbnail","hentry","category-educacion-infantil","category-integracion-social","category-preguntas-frecuentes"],"yoast_head":"<!-- This site is optimized with the Yoast SEO plugin v27.4 - https:\/\/yoast.com\/product\/yoast-seo-wordpress\/ -->\n<title>Educaci\u00f3n Infantil o Integraci\u00f3n Social: qu\u00e9 ciclo elegir si quieres trabajar con ni\u00f1os - Cetys<\/title>\n<meta name=\"robots\" content=\"index, follow, max-snippet:-1, max-image-preview:large, max-video-preview:-1\" \/>\n<link rel=\"canonical\" href=\"https:\/\/fpsuperiorufv.es\/blog\/educacion-infantil-o-integracion-social-que-ciclo-elegir-si-quieres-trabajar-con-ninos-blog\/\" \/>\n<meta property=\"og:locale\" content=\"es_ES\" \/>\n<meta property=\"og:type\" content=\"article\" \/>\n<meta property=\"og:title\" content=\"Educaci\u00f3n Infantil o Integraci\u00f3n Social: qu\u00e9 ciclo elegir si quieres trabajar con ni\u00f1os - Cetys\" \/>\n<meta property=\"og:description\" content=\"Educaci\u00f3n Infantil o Integraci\u00f3n Social: \u00bfQu\u00e9 Ciclo Elegir si Quieres Trabajar con Ni\u00f1os? Si est\u00e1s pensando en construir una carrera profesional que te permita trabajar con ni\u00f1os, has llegado al lugar adecuado. En el Ciclo Formativo de Grado Superior de la FP Superior Francisco de Vitoria, te ofrecemos dos opciones que destacan: Educaci\u00f3n Infantil e [&hellip;]\" \/>\n<meta property=\"og:url\" content=\"https:\/\/fpsuperiorufv.es\/blog\/educacion-infantil-o-integracion-social-que-ciclo-elegir-si-quieres-trabajar-con-ninos-blog\/\" \/>\n<meta property=\"og:site_name\" content=\"Cetys\" \/>\n<meta property=\"article:published_time\" content=\"2025-12-29T19:31:45+00:00\" \/>\n<meta property=\"article:modified_time\" content=\"2026-01-08T11:01:57+00:00\" \/>\n<meta property=\"og:image\" content=\"https:\/\/fpsuperiorufv.es\/blog\/wp-content\/uploads\/2025\/08\/DSC08513-scaled-e1750860352920.jpg\" \/>\n\t<meta property=\"og:image:width\" content=\"1822\" \/>\n\t<meta property=\"og:image:height\" content=\"1707\" \/>\n\t<meta property=\"og:image:type\" content=\"image\/jpeg\" \/>\n<meta name=\"author\" content=\"FP Superior UFV\" \/>\n<meta name=\"twitter:card\" content=\"summary_large_image\" \/>\n<meta name=\"twitter:label1\" content=\"Escrito por\" \/>\n\t<meta name=\"twitter:data1\" content=\"FP Superior UFV\" \/>\n\t<meta name=\"twitter:label2\" content=\"Tiempo de lectura\" \/>\n\t<meta name=\"twitter:data2\" content=\"4 minutos\" \/>\n<script type=\"application\/ld+json\" class=\"yoast-schema-graph\">{\"@context\":\"https:\\\/\\\/schema.org\",\"@graph\":[{\"@type\":\"Article\",\"@id\":\"https:\\\/\\\/fpsuperiorufv.es\\\/blog\\\/educacion-infantil-o-integracion-social-que-ciclo-elegir-si-quieres-trabajar-con-ninos-blog\\\/#article\",\"isPartOf\":{\"@id\":\"https:\\\/\\\/fpsuperiorufv.es\\\/blog\\\/educacion-infantil-o-integracion-social-que-ciclo-elegir-si-quieres-trabajar-con-ninos-blog\\\/\"},\"author\":{\"name\":\"FP Superior UFV\",\"@id\":\"https:\\\/\\\/fpsuperiorufv.es\\\/blog\\\/#\\\/schema\\\/person\\\/6eed41dc866f12d961994f51f39f8796\"},\"headline\":\"Educaci\u00f3n Infantil o Integraci\u00f3n Social: qu\u00e9 ciclo elegir si quieres trabajar con ni\u00f1os\",\"datePublished\":\"2025-12-29T19:31:45+00:00\",\"dateModified\":\"2026-01-08T11:01:57+00:00\",\"mainEntityOfPage\":{\"@id\":\"https:\\\/\\\/fpsuperiorufv.es\\\/blog\\\/educacion-infantil-o-integracion-social-que-ciclo-elegir-si-quieres-trabajar-con-ninos-blog\\\/\"},\"wordCount\":952,\"commentCount\":0,\"publisher\":{\"@id\":\"https:\\\/\\\/fpsuperiorufv.es\\\/blog\\\/#organization\"},\"image\":{\"@id\":\"https:\\\/\\\/fpsuperiorufv.es\\\/blog\\\/educacion-infantil-o-integracion-social-que-ciclo-elegir-si-quieres-trabajar-con-ninos-blog\\\/#primaryimage\"},\"thumbnailUrl\":\"https:\\\/\\\/fpsuperiorufv.es\\\/blog\\\/wp-content\\\/uploads\\\/2025\\\/08\\\/DSC08513-scaled-e1750860352920.jpg\",\"articleSection\":[\"Educaci\u00f3n Infantil\",\"Integraci\u00f3n Social\",\"Preguntas frecuentes\"],\"inLanguage\":\"es\",\"potentialAction\":[{\"@type\":\"CommentAction\",\"name\":\"Comment\",\"target\":[\"https:\\\/\\\/fpsuperiorufv.es\\\/blog\\\/educacion-infantil-o-integracion-social-que-ciclo-elegir-si-quieres-trabajar-con-ninos-blog\\\/#respond\"]}]},{\"@type\":\"WebPage\",\"@id\":\"https:\\\/\\\/fpsuperiorufv.es\\\/blog\\\/educacion-infantil-o-integracion-social-que-ciclo-elegir-si-quieres-trabajar-con-ninos-blog\\\/\",\"url\":\"https:\\\/\\\/fpsuperiorufv.es\\\/blog\\\/educacion-infantil-o-integracion-social-que-ciclo-elegir-si-quieres-trabajar-con-ninos-blog\\\/\",\"name\":\"Educaci\u00f3n Infantil o Integraci\u00f3n Social: qu\u00e9 ciclo elegir si quieres trabajar con ni\u00f1os - Cetys\",\"isPartOf\":{\"@id\":\"https:\\\/\\\/fpsuperiorufv.es\\\/blog\\\/#website\"},\"primaryImageOfPage\":{\"@id\":\"https:\\\/\\\/fpsuperiorufv.es\\\/blog\\\/educacion-infantil-o-integracion-social-que-ciclo-elegir-si-quieres-trabajar-con-ninos-blog\\\/#primaryimage\"},\"image\":{\"@id\":\"https:\\\/\\\/fpsuperiorufv.es\\\/blog\\\/educacion-infantil-o-integracion-social-que-ciclo-elegir-si-quieres-trabajar-con-ninos-blog\\\/#primaryimage\"},\"thumbnailUrl\":\"https:\\\/\\\/fpsuperiorufv.es\\\/blog\\\/wp-content\\\/uploads\\\/2025\\\/08\\\/DSC08513-scaled-e1750860352920.jpg\",\"datePublished\":\"2025-12-29T19:31:45+00:00\",\"dateModified\":\"2026-01-08T11:01:57+00:00\",\"breadcrumb\":{\"@id\":\"https:\\\/\\\/fpsuperiorufv.es\\\/blog\\\/educacion-infantil-o-integracion-social-que-ciclo-elegir-si-quieres-trabajar-con-ninos-blog\\\/#breadcrumb\"},\"inLanguage\":\"es\",\"potentialAction\":[{\"@type\":\"ReadAction\",\"target\":[\"https:\\\/\\\/fpsuperiorufv.es\\\/blog\\\/educacion-infantil-o-integracion-social-que-ciclo-elegir-si-quieres-trabajar-con-ninos-blog\\\/\"]}]},{\"@type\":\"ImageObject\",\"inLanguage\":\"es\",\"@id\":\"https:\\\/\\\/fpsuperiorufv.es\\\/blog\\\/educacion-infantil-o-integracion-social-que-ciclo-elegir-si-quieres-trabajar-con-ninos-blog\\\/#primaryimage\",\"url\":\"https:\\\/\\\/fpsuperiorufv.es\\\/blog\\\/wp-content\\\/uploads\\\/2025\\\/08\\\/DSC08513-scaled-e1750860352920.jpg\",\"contentUrl\":\"https:\\\/\\\/fpsuperiorufv.es\\\/blog\\\/wp-content\\\/uploads\\\/2025\\\/08\\\/DSC08513-scaled-e1750860352920.jpg\",\"width\":1822,\"height\":1707},{\"@type\":\"BreadcrumbList\",\"@id\":\"https:\\\/\\\/fpsuperiorufv.es\\\/blog\\\/educacion-infantil-o-integracion-social-que-ciclo-elegir-si-quieres-trabajar-con-ninos-blog\\\/#breadcrumb\",\"itemListElement\":[{\"@type\":\"ListItem\",\"position\":1,\"name\":\"Home\",\"item\":\"https:\\\/\\\/fpsuperiorufv.es\\\/blog\\\/\"},{\"@type\":\"ListItem\",\"position\":2,\"name\":\"Educaci\u00f3n Infantil o Integraci\u00f3n Social: qu\u00e9 ciclo elegir si quieres trabajar con ni\u00f1os\"}]},{\"@type\":\"WebSite\",\"@id\":\"https:\\\/\\\/fpsuperiorufv.es\\\/blog\\\/#website\",\"url\":\"https:\\\/\\\/fpsuperiorufv.es\\\/blog\\\/\",\"name\":\"Fp Superior Francisco de Vitoria\",\"description\":\"\",\"publisher\":{\"@id\":\"https:\\\/\\\/fpsuperiorufv.es\\\/blog\\\/#organization\"},\"alternateName\":\"Cetys\",\"potentialAction\":[{\"@type\":\"SearchAction\",\"target\":{\"@type\":\"EntryPoint\",\"urlTemplate\":\"https:\\\/\\\/fpsuperiorufv.es\\\/blog\\\/?s={search_term_string}\"},\"query-input\":{\"@type\":\"PropertyValueSpecification\",\"valueRequired\":true,\"valueName\":\"search_term_string\"}}],\"inLanguage\":\"es\"},{\"@type\":\"Organization\",\"@id\":\"https:\\\/\\\/fpsuperiorufv.es\\\/blog\\\/#organization\",\"name\":\"Cetys\",\"url\":\"https:\\\/\\\/fpsuperiorufv.es\\\/blog\\\/\",\"logo\":{\"@type\":\"ImageObject\",\"inLanguage\":\"es\",\"@id\":\"https:\\\/\\\/fpsuperiorufv.es\\\/blog\\\/#\\\/schema\\\/logo\\\/image\\\/\",\"url\":\"https:\\\/\\\/fpsuperiorufv.lo\\\/wp-content\\\/uploads\\\/2025\\\/02\\\/logo.svg\",\"contentUrl\":\"https:\\\/\\\/fpsuperiorufv.lo\\\/wp-content\\\/uploads\\\/2025\\\/02\\\/logo.svg\",\"width\":\"1024\",\"height\":\"1024\",\"caption\":\"Cetys\"},\"image\":{\"@id\":\"https:\\\/\\\/fpsuperiorufv.es\\\/blog\\\/#\\\/schema\\\/logo\\\/image\\\/\"}},{\"@type\":\"Person\",\"@id\":\"https:\\\/\\\/fpsuperiorufv.es\\\/blog\\\/#\\\/schema\\\/person\\\/6eed41dc866f12d961994f51f39f8796\",\"name\":\"FP Superior UFV\",\"image\":{\"@type\":\"ImageObject\",\"inLanguage\":\"es\",\"@id\":\"https:\\\/\\\/secure.gravatar.com\\\/avatar\\\/2cb5eeb90ddddf18129790c93583d4ae96ca8a625c07994637c8fc9d35252ce5?s=96&d=mm&r=g\",\"url\":\"https:\\\/\\\/secure.gravatar.com\\\/avatar\\\/2cb5eeb90ddddf18129790c93583d4ae96ca8a625c07994637c8fc9d35252ce5?s=96&d=mm&r=g\",\"contentUrl\":\"https:\\\/\\\/secure.gravatar.com\\\/avatar\\\/2cb5eeb90ddddf18129790c93583d4ae96ca8a625c07994637c8fc9d35252ce5?s=96&d=mm&r=g\",\"caption\":\"FP Superior UFV\"},\"url\":\"https:\\\/\\\/fpsuperiorufv.es\\\/blog\\\/author\\\/cetys\\\/\"}]}<\/script>\n<!-- \/ Yoast SEO plugin. -->","yoast_head_json":{"title":"Educaci\u00f3n Infantil o Integraci\u00f3n Social: qu\u00e9 ciclo elegir si quieres trabajar con ni\u00f1os - Cetys","robots":{"index":"index","follow":"follow","max-snippet":"max-snippet:-1","max-image-preview":"max-image-preview:large","max-video-preview":"max-video-preview:-1"},"canonical":"https:\/\/fpsuperiorufv.es\/blog\/educacion-infantil-o-integracion-social-que-ciclo-elegir-si-quieres-trabajar-con-ninos-blog\/","og_locale":"es_ES","og_type":"article","og_title":"Educaci\u00f3n Infantil o Integraci\u00f3n Social: qu\u00e9 ciclo elegir si quieres trabajar con ni\u00f1os - Cetys","og_description":"Educaci\u00f3n Infantil o Integraci\u00f3n Social: \u00bfQu\u00e9 Ciclo Elegir si Quieres Trabajar con Ni\u00f1os? Si est\u00e1s pensando en construir una carrera profesional que te permita trabajar con ni\u00f1os, has llegado al lugar adecuado. En el Ciclo Formativo de Grado Superior de la FP Superior Francisco de Vitoria, te ofrecemos dos opciones que destacan: Educaci\u00f3n Infantil e [&hellip;]","og_url":"https:\/\/fpsuperiorufv.es\/blog\/educacion-infantil-o-integracion-social-que-ciclo-elegir-si-quieres-trabajar-con-ninos-blog\/","og_site_name":"Cetys","article_published_time":"2025-12-29T19:31:45+00:00","article_modified_time":"2026-01-08T11:01:57+00:00","og_image":[{"width":1822,"height":1707,"url":"https:\/\/fpsuperiorufv.es\/blog\/wp-content\/uploads\/2025\/08\/DSC08513-scaled-e1750860352920.jpg","type":"image\/jpeg"}],"author":"FP Superior UFV","twitter_card":"summary_large_image","twitter_misc":{"Escrito por":"FP Superior UFV","Tiempo de lectura":"4 minutos"},"schema":{"@context":"https:\/\/schema.org","@graph":[{"@type":"Article","@id":"https:\/\/fpsuperiorufv.es\/blog\/educacion-infantil-o-integracion-social-que-ciclo-elegir-si-quieres-trabajar-con-ninos-blog\/#article","isPartOf":{"@id":"https:\/\/fpsuperiorufv.es\/blog\/educacion-infantil-o-integracion-social-que-ciclo-elegir-si-quieres-trabajar-con-ninos-blog\/"},"author":{"name":"FP Superior UFV","@id":"https:\/\/fpsuperiorufv.es\/blog\/#\/schema\/person\/6eed41dc866f12d961994f51f39f8796"},"headline":"Educaci\u00f3n Infantil o Integraci\u00f3n Social: qu\u00e9 ciclo elegir si quieres trabajar con ni\u00f1os","datePublished":"2025-12-29T19:31:45+00:00","dateModified":"2026-01-08T11:01:57+00:00","mainEntityOfPage":{"@id":"https:\/\/fpsuperiorufv.es\/blog\/educacion-infantil-o-integracion-social-que-ciclo-elegir-si-quieres-trabajar-con-ninos-blog\/"},"wordCount":952,"commentCount":0,"publisher":{"@id":"https:\/\/fpsuperiorufv.es\/blog\/#organization"},"image":{"@id":"https:\/\/fpsuperiorufv.es\/blog\/educacion-infantil-o-integracion-social-que-ciclo-elegir-si-quieres-trabajar-con-ninos-blog\/#primaryimage"},"thumbnailUrl":"https:\/\/fpsuperiorufv.es\/blog\/wp-content\/uploads\/2025\/08\/DSC08513-scaled-e1750860352920.jpg","articleSection":["Educaci\u00f3n Infantil","Integraci\u00f3n Social","Preguntas frecuentes"],"inLanguage":"es","potentialAction":[{"@type":"CommentAction","name":"Comment","target":["https:\/\/fpsuperiorufv.es\/blog\/educacion-infantil-o-integracion-social-que-ciclo-elegir-si-quieres-trabajar-con-ninos-blog\/#respond"]}]},{"@type":"WebPage","@id":"https:\/\/fpsuperiorufv.es\/blog\/educacion-infantil-o-integracion-social-que-ciclo-elegir-si-quieres-trabajar-con-ninos-blog\/","url":"https:\/\/fpsuperiorufv.es\/blog\/educacion-infantil-o-integracion-social-que-ciclo-elegir-si-quieres-trabajar-con-ninos-blog\/","name":"Educaci\u00f3n Infantil o Integraci\u00f3n Social: qu\u00e9 ciclo elegir si quieres trabajar con ni\u00f1os - Cetys","isPartOf":{"@id":"https:\/\/fpsuperiorufv.es\/blog\/#website"},"primaryImageOfPage":{"@id":"https:\/\/fpsuperiorufv.es\/blog\/educacion-infantil-o-integracion-social-que-ciclo-elegir-si-quieres-trabajar-con-ninos-blog\/#primaryimage"},"image":{"@id":"https:\/\/fpsuperiorufv.es\/blog\/educacion-infantil-o-integracion-social-que-ciclo-elegir-si-quieres-trabajar-con-ninos-blog\/#primaryimage"},"thumbnailUrl":"https:\/\/fpsuperiorufv.es\/blog\/wp-content\/uploads\/2025\/08\/DSC08513-scaled-e1750860352920.jpg","datePublished":"2025-12-29T19:31:45+00:00","dateModified":"2026-01-08T11:01:57+00:00","breadcrumb":{"@id":"https:\/\/fpsuperiorufv.es\/blog\/educacion-infantil-o-integracion-social-que-ciclo-elegir-si-quieres-trabajar-con-ninos-blog\/#breadcrumb"},"inLanguage":"es","potentialAction":[{"@type":"ReadAction","target":["https:\/\/fpsuperiorufv.es\/blog\/educacion-infantil-o-integracion-social-que-ciclo-elegir-si-quieres-trabajar-con-ninos-blog\/"]}]},{"@type":"ImageObject","inLanguage":"es","@id":"https:\/\/fpsuperiorufv.es\/blog\/educacion-infantil-o-integracion-social-que-ciclo-elegir-si-quieres-trabajar-con-ninos-blog\/#primaryimage","url":"https:\/\/fpsuperiorufv.es\/blog\/wp-content\/uploads\/2025\/08\/DSC08513-scaled-e1750860352920.jpg","contentUrl":"https:\/\/fpsuperiorufv.es\/blog\/wp-content\/uploads\/2025\/08\/DSC08513-scaled-e1750860352920.jpg","width":1822,"height":1707},{"@type":"BreadcrumbList","@id":"https:\/\/fpsuperiorufv.es\/blog\/educacion-infantil-o-integracion-social-que-ciclo-elegir-si-quieres-trabajar-con-ninos-blog\/#breadcrumb","itemListElement":[{"@type":"ListItem","position":1,"name":"Home","item":"https:\/\/fpsuperiorufv.es\/blog\/"},{"@type":"ListItem","position":2,"name":"Educaci\u00f3n Infantil o Integraci\u00f3n Social: qu\u00e9 ciclo elegir si quieres trabajar con ni\u00f1os"}]},{"@type":"WebSite","@id":"https:\/\/fpsuperiorufv.es\/blog\/#website","url":"https:\/\/fpsuperiorufv.es\/blog\/","name":"Fp Superior Francisco de Vitoria","description":"","publisher":{"@id":"https:\/\/fpsuperiorufv.es\/blog\/#organization"},"alternateName":"Cetys","potentialAction":[{"@type":"SearchAction","target":{"@type":"EntryPoint","urlTemplate":"https:\/\/fpsuperiorufv.es\/blog\/?s={search_term_string}"},"query-input":{"@type":"PropertyValueSpecification","valueRequired":true,"valueName":"search_term_string"}}],"inLanguage":"es"},{"@type":"Organization","@id":"https:\/\/fpsuperiorufv.es\/blog\/#organization","name":"Cetys","url":"https:\/\/fpsuperiorufv.es\/blog\/","logo":{"@type":"ImageObject","inLanguage":"es","@id":"https:\/\/fpsuperiorufv.es\/blog\/#\/schema\/logo\/image\/","url":"https:\/\/fpsuperiorufv.lo\/wp-content\/uploads\/2025\/02\/logo.svg","contentUrl":"https:\/\/fpsuperiorufv.lo\/wp-content\/uploads\/2025\/02\/logo.svg","width":"1024","height":"1024","caption":"Cetys"},"image":{"@id":"https:\/\/fpsuperiorufv.es\/blog\/#\/schema\/logo\/image\/"}},{"@type":"Person","@id":"https:\/\/fpsuperiorufv.es\/blog\/#\/schema\/person\/6eed41dc866f12d961994f51f39f8796","name":"FP Superior UFV","image":{"@type":"ImageObject","inLanguage":"es","@id":"https:\/\/secure.gravatar.com\/avatar\/2cb5eeb90ddddf18129790c93583d4ae96ca8a625c07994637c8fc9d35252ce5?s=96&d=mm&r=g","url":"https:\/\/secure.gravatar.com\/avatar\/2cb5eeb90ddddf18129790c93583d4ae96ca8a625c07994637c8fc9d35252ce5?s=96&d=mm&r=g","contentUrl":"https:\/\/secure.gravatar.com\/avatar\/2cb5eeb90ddddf18129790c93583d4ae96ca8a625c07994637c8fc9d35252ce5?s=96&d=mm&r=g","caption":"FP Superior UFV"},"url":"https:\/\/fpsuperiorufv.es\/blog\/author\/cetys\/"}]}},"_links":{"self":[{"href":"https:\/\/fpsuperiorufv.es\/blog\/wp-json\/wp\/v2\/posts\/280866","targetHints":{"allow":["GET"]}}],"collection":[{"href":"https:\/\/fpsuperiorufv.es\/blog\/wp-json\/wp\/v2\/posts"}],"about":[{"href":"https:\/\/fpsuperiorufv.es\/blog\/wp-json\/wp\/v2\/types\/post"}],"author":[{"embeddable":true,"href":"https:\/\/fpsuperiorufv.es\/blog\/wp-json\/wp\/v2\/users\/3"}],"replies":[{"embeddable":true,"href":"https:\/\/fpsuperiorufv.es\/blog\/wp-json\/wp\/v2\/comments?post=280866"}],"version-history":[{"count":1,"href":"https:\/\/fpsuperiorufv.es\/blog\/wp-json\/wp\/v2\/posts\/280866\/revisions"}],"predecessor-version":[{"id":280907,"href":"https:\/\/fpsuperiorufv.es\/blog\/wp-json\/wp\/v2\/posts\/280866\/revisions\/280907"}],"wp:featuredmedia":[{"embeddable":true,"href":"https:\/\/fpsuperiorufv.es\/blog\/wp-json\/wp\/v2\/media\/2684"}],"wp:attachment":[{"href":"https:\/\/fpsuperiorufv.es\/blog\/wp-json\/wp\/v2\/media?parent=280866"}],"wp:term":[{"taxonomy":"category","embeddable":true,"href":"https:\/\/fpsuperiorufv.es\/blog\/wp-json\/wp\/v2\/categories?post=280866"},{"taxonomy":"post_tag","embeddable":true,"href":"https:\/\/fpsuperiorufv.es\/blog\/wp-json\/wp\/v2\/tags?post=280866"}],"curies":[{"name":"wp","href":"https:\/\/api.w.org\/{rel}","templated":true}]}}