{"id":281118,"date":"2026-01-10T22:18:43","date_gmt":"2026-01-10T22:18:43","guid":{"rendered":"https:\/\/soleyantonio.es\/que-fp-estudiar-si-te-gustan-la-salud-y-las-personas\/"},"modified":"2026-01-29T12:44:42","modified_gmt":"2026-01-29T11:44:42","slug":"que-fp-estudiar-si-te-gustan-la-salud-y-las-personas-blog","status":"publish","type":"post","link":"https:\/\/fpsuperiorufv.es\/blog\/que-fp-estudiar-si-te-gustan-la-salud-y-las-personas-blog\/","title":{"rendered":"Qu\u00e9 FP estudiar si te gustan la salud y las personas"},"content":{"rendered":"<h2>Qu\u00e9 FP estudiar si te gustan la salud y las personas<\/h2>\n<p>Si te apasiona el bienestar de los dem\u00e1s y sientes el deseo de contribuir a la salud de tu comunidad, \u00a1est\u00e1s en el lugar correcto! En este art\u00edculo, exploraremos las distintas opciones de FP Superior que puedes estudiar si te gusta la salud y trabajar con personas. Aqu\u00ed en la FP Superior Francisco de Vitoria, te ayudaremos a encontrar el camino perfecto para ti.<\/p>\n<h2>Curiosidades e informaci\u00f3n interesante<\/h2>\n<ul>\n<li>La salud es uno de los sectores que m\u00e1s crece en Espa\u00f1a, con una demanda constante de profesionales cualificados.<\/li>\n<li>Los Ciclos Formativos de Grado Superior en el \u00e1mbito de la salud ofrecen una formaci\u00f3n pr\u00e1ctica muy valorada por las empresas.<\/li>\n<li>En 2022, el 80% de los graduados en estos ciclos encontr\u00f3 trabajo en menos de 6 meses.<\/li>\n<li>Existen m\u00faltiples especialidades dentro de la salud, desde la enfermer\u00eda hasta la terapia ocupacional, \u00a1t\u00fa eliges!<\/li>\n<li>La empat\u00eda y la vocaci\u00f3n de servicio son habilidades clave en este sector.<\/li>\n<\/ul>\n<h2>Opciones de FP en salud<\/h2>\n<p>Algunas de las opciones que puedes considerar si te interesa el \u00e1mbito de la salud son:<\/p>\n<h3>T\u00e9cnico Superior en Integraci\u00f3n Social<\/h3>\n<p>Este ciclo formativo te prepara para trabajar con personas en situaciones de riesgo o vulnerabilidad. Aprender\u00e1s a dise\u00f1ar y aplicar programas de intervenci\u00f3n social.<\/p>\n<h3>Anatom\u00eda Patol\u00f3gica y Citodiagn\u00f3stico<\/h3>\n<p>Este ciclo formativo te forma como profesional en la obtenci\u00f3n de muestras biol\u00f3gicas, el acondicionamiento de las muestras para su estudio, la aplicaci\u00f3n de t\u00e9cnicas de an\u00e1lisis gen\u00e9tico y en la realizaci\u00f3n de necropsias cl\u00ednicas o m\u00e9dico-legales.<\/p>\n<h3>Imagen Para el Diagn\u00f3stico y Medicina Nuclear<\/h3>\n<p>Este ciclo formativo te capacita para ejercer tu actividad profesional en el sector sanitario p\u00fablico y privado, en unidades de radiodiagn\u00f3stico y de medicina nuclear.<\/p>\n<h2>\u00bfPor qu\u00e9 estudiar en FP Superior Francisco de Vitoria?<\/h2>\n<p>Elegir nuestra instituci\u00f3n para tu formaci\u00f3n en el \u00e1mbito de la salud tiene m\u00faltiples ventajas:<\/p>\n<ul>\n<li><strong>Formaci\u00f3n pr\u00e1ctica:<\/strong> Nuestros programas est\u00e1n dise\u00f1ados para ofrecerte un aprendizaje pr\u00e1ctico y adaptado a las necesidades del mercado laboral.<\/li>\n<li><strong>Profesorado cualificado:<\/strong> Contamos con un equipo de docentes con amplia experiencia en el sector de la salud.<\/li>\n<li><strong>Instalaciones modernas:<\/strong> Disponemos de equipamientos y recursos que te permitir\u00e1n realizar pr\u00e1cticas como si estuvieras en un entorno profesional.<\/li>\n<li><strong>Red de contactos:<\/strong> Te ayudamos a establecer conexiones con empresas del sector para facilitar tus oportunidades laborales.<\/li>\n<\/ul>\n<h2>Proceso de Admisi\u00f3n<\/h2>\n<p>Si te interesa alguno de nuestros Ciclos Formativos de Grado Superior, no dudes en consultar nuestro <a href=\"https:\/\/fpsuperiorufv.es\/secretaria-admision-y-ayuda\/\">Proceso de Admisi\u00f3n<\/a>. Te orientaremos en cada paso del camino.<\/p>\n<h2>Habilidades necesarias en el sector salud<\/h2>\n<p>Para ser un buen profesional en el \u00e1mbito de la salud, hay algunas habilidades que son fundamentales:<\/p>\n<ul>\n<li><strong>Empat\u00eda:<\/strong> Comprender y conectar con las personas que atiendes.<\/li>\n<li><strong>Comunicaci\u00f3n:<\/strong> Saber transmitir informaci\u00f3n de manera clara y efectiva.<\/li>\n<li><strong>Trabajo en equipo:<\/strong> Colaborar con otros profesionales para ofrecer el mejor cuidado posible.<\/li>\n<li><strong>Resoluci\u00f3n de problemas:<\/strong> Encontrar soluciones r\u00e1pidas y efectivas ante situaciones imprevistas.<\/li>\n<li><strong>Organizaci\u00f3n:<\/strong> Mantener un buen control de la informaci\u00f3n y las tareas a realizar.<\/li>\n<\/ul>\n<h2>Salidas laborales<\/h2>\n<p>Una vez que te grad\u00faes, tendr\u00e1s m\u00faltiples oportunidades laborales. Algunas de las salidas m\u00e1s comunes son:<\/p>\n<ul>\n<li>Trabajar en hospitales y cl\u00ednicas como auxiliar o t\u00e9cnico.<\/li>\n<li>Desarrollar programas de intervenci\u00f3n social en ONGs.<\/li>\n<li>Realizar actividades de terapia ocupacional en centros de rehabilitaci\u00f3n.<\/li>\n<li>Promover la salud ambiental en instituciones p\u00fablicas o privadas.<\/li>\n<\/ul>\n<h2>Preguntas frecuentes<\/h2>\n<h3>\u00bfQu\u00e9 requisitos necesito para acceder a un Ciclo Formativo de Grado Superior?<\/h3>\n<p>Generalmente, necesitar\u00e1s haber terminado el Bachillerato o un Ciclo Formativo de Grado Medio relacionado. Tambi\u00e9n hay opciones para quienes tienen experiencia laboral en el sector.<\/p>\n<h3>\u00bfCu\u00e1nto dura un Ciclo Formativo de Grado Superior?<\/h3>\n<p>Normalmente, la duraci\u00f3n es de dos a\u00f1os, aunque puede variar seg\u00fan el ciclo espec\u00edfico y las pr\u00e1cticas que realices.<\/p>\n<h3>\u00bfEs posible compaginar los estudios con un trabajo?<\/h3>\n<p>S\u00ed, muchos de nuestros alumnos trabajan mientras estudian. La flexibilidad en los horarios es una de nuestras prioridades.<\/p>\n<h3>\u00bfD\u00f3nde puedo encontrar m\u00e1s informaci\u00f3n sobre el Proceso de Admisi\u00f3n?<\/h3>\n<p>Puedes consultar todos los detalles en nuestra p\u00e1gina sobre el <a href=\"https:\/\/fpsuperiorufv.es\/secretaria-admision-y-ayuda\/\">Proceso de Admisi\u00f3n<\/a>.<\/p>\n<h2>Conclusi\u00f3n<\/h2>\n<p>Si te gustan la salud y las personas, un Ciclo Formativo de Grado Superior en nuestra instituci\u00f3n es una excelente opci\u00f3n. Te ofrecemos una formaci\u00f3n de calidad, con un enfoque pr\u00e1ctico y un apoyo constante en tu camino profesional. \u00a1No dudes en dar el primer paso hacia tu futuro!<\/p>\n","protected":false},"excerpt":{"rendered":"<p>Qu\u00e9 FP estudiar si te gustan la salud y las personas Si te apasiona el bienestar de los dem\u00e1s y sientes el deseo de contribuir a la salud de tu comunidad, \u00a1est\u00e1s en el lugar correcto! En este art\u00edculo, exploraremos las distintas opciones de FP Superior que puedes estudiar si te gusta la salud y [&hellip;]<\/p>\n","protected":false},"author":3,"featured_media":2735,"comment_status":"open","ping_status":"open","sticky":false,"template":"","format":"standard","meta":{"inline_featured_image":false,"footnotes":""},"categories":[408,391,390,393],"tags":[],"class_list":["post-281118","post","type-post","status-publish","format-standard","has-post-thumbnail","hentry","category-anatomia-patologica-y-citodiagnostico","category-fabricacion-de-productos-farmaceuticos","category-imagen-para-el-diagnostico-y-medicina-nuclear","category-preguntas-frecuentes"],"yoast_head":"<!-- This site is optimized with the Yoast SEO plugin v27.4 - https:\/\/yoast.com\/product\/yoast-seo-wordpress\/ -->\n<title>Qu\u00e9 FP estudiar si te gustan la salud y las personas - Cetys<\/title>\n<meta name=\"robots\" content=\"index, follow, max-snippet:-1, max-image-preview:large, max-video-preview:-1\" \/>\n<link rel=\"canonical\" href=\"https:\/\/fpsuperiorufv.es\/blog\/que-fp-estudiar-si-te-gustan-la-salud-y-las-personas-blog\/\" \/>\n<meta property=\"og:locale\" content=\"es_ES\" \/>\n<meta property=\"og:type\" content=\"article\" \/>\n<meta property=\"og:title\" content=\"Qu\u00e9 FP estudiar si te gustan la salud y las personas - Cetys\" \/>\n<meta property=\"og:description\" content=\"Qu\u00e9 FP estudiar si te gustan la salud y las personas Si te apasiona el bienestar de los dem\u00e1s y sientes el deseo de contribuir a la salud de tu comunidad, \u00a1est\u00e1s en el lugar correcto! En este art\u00edculo, exploraremos las distintas opciones de FP Superior que puedes estudiar si te gusta la salud y [&hellip;]\" \/>\n<meta property=\"og:url\" content=\"https:\/\/fpsuperiorufv.es\/blog\/que-fp-estudiar-si-te-gustan-la-salud-y-las-personas-blog\/\" \/>\n<meta property=\"og:site_name\" content=\"Cetys\" \/>\n<meta property=\"article:published_time\" content=\"2026-01-10T22:18:43+00:00\" \/>\n<meta property=\"article:modified_time\" content=\"2026-01-29T11:44:42+00:00\" \/>\n<meta property=\"og:image\" content=\"https:\/\/fpsuperiorufv.es\/blog\/wp-content\/uploads\/2025\/08\/FEO00232-scaled-1.jpg\" \/>\n\t<meta property=\"og:image:width\" content=\"2560\" \/>\n\t<meta property=\"og:image:height\" content=\"1710\" \/>\n\t<meta property=\"og:image:type\" content=\"image\/jpeg\" \/>\n<meta name=\"author\" content=\"FP Superior UFV\" \/>\n<meta name=\"twitter:card\" content=\"summary_large_image\" \/>\n<meta name=\"twitter:label1\" content=\"Escrito por\" \/>\n\t<meta name=\"twitter:data1\" content=\"FP Superior UFV\" \/>\n\t<meta name=\"twitter:label2\" content=\"Tiempo de lectura\" \/>\n\t<meta name=\"twitter:data2\" content=\"4 minutos\" \/>\n<script type=\"application\/ld+json\" class=\"yoast-schema-graph\">{\"@context\":\"https:\\\/\\\/schema.org\",\"@graph\":[{\"@type\":\"Article\",\"@id\":\"https:\\\/\\\/fpsuperiorufv.es\\\/blog\\\/que-fp-estudiar-si-te-gustan-la-salud-y-las-personas-blog\\\/#article\",\"isPartOf\":{\"@id\":\"https:\\\/\\\/fpsuperiorufv.es\\\/blog\\\/que-fp-estudiar-si-te-gustan-la-salud-y-las-personas-blog\\\/\"},\"author\":{\"name\":\"FP Superior UFV\",\"@id\":\"https:\\\/\\\/fpsuperiorufv.es\\\/blog\\\/#\\\/schema\\\/person\\\/6eed41dc866f12d961994f51f39f8796\"},\"headline\":\"Qu\u00e9 FP estudiar si te gustan la salud y las personas\",\"datePublished\":\"2026-01-10T22:18:43+00:00\",\"dateModified\":\"2026-01-29T11:44:42+00:00\",\"mainEntityOfPage\":{\"@id\":\"https:\\\/\\\/fpsuperiorufv.es\\\/blog\\\/que-fp-estudiar-si-te-gustan-la-salud-y-las-personas-blog\\\/\"},\"wordCount\":795,\"commentCount\":0,\"publisher\":{\"@id\":\"https:\\\/\\\/fpsuperiorufv.es\\\/blog\\\/#organization\"},\"image\":{\"@id\":\"https:\\\/\\\/fpsuperiorufv.es\\\/blog\\\/que-fp-estudiar-si-te-gustan-la-salud-y-las-personas-blog\\\/#primaryimage\"},\"thumbnailUrl\":\"https:\\\/\\\/fpsuperiorufv.es\\\/blog\\\/wp-content\\\/uploads\\\/2025\\\/08\\\/FEO00232-scaled-1.jpg\",\"articleSection\":[\"Anatom\u00eda Patol\u00f3gica y Citodiagn\u00f3stico\",\"Fabricaci\u00f3n de Productos Farmac\u00e9uticos\",\"Imagen para el Diagn\u00f3stico y Medicina Nuclear\",\"Preguntas frecuentes\"],\"inLanguage\":\"es\",\"potentialAction\":[{\"@type\":\"CommentAction\",\"name\":\"Comment\",\"target\":[\"https:\\\/\\\/fpsuperiorufv.es\\\/blog\\\/que-fp-estudiar-si-te-gustan-la-salud-y-las-personas-blog\\\/#respond\"]}]},{\"@type\":\"WebPage\",\"@id\":\"https:\\\/\\\/fpsuperiorufv.es\\\/blog\\\/que-fp-estudiar-si-te-gustan-la-salud-y-las-personas-blog\\\/\",\"url\":\"https:\\\/\\\/fpsuperiorufv.es\\\/blog\\\/que-fp-estudiar-si-te-gustan-la-salud-y-las-personas-blog\\\/\",\"name\":\"Qu\u00e9 FP estudiar si te gustan la salud y las personas - Cetys\",\"isPartOf\":{\"@id\":\"https:\\\/\\\/fpsuperiorufv.es\\\/blog\\\/#website\"},\"primaryImageOfPage\":{\"@id\":\"https:\\\/\\\/fpsuperiorufv.es\\\/blog\\\/que-fp-estudiar-si-te-gustan-la-salud-y-las-personas-blog\\\/#primaryimage\"},\"image\":{\"@id\":\"https:\\\/\\\/fpsuperiorufv.es\\\/blog\\\/que-fp-estudiar-si-te-gustan-la-salud-y-las-personas-blog\\\/#primaryimage\"},\"thumbnailUrl\":\"https:\\\/\\\/fpsuperiorufv.es\\\/blog\\\/wp-content\\\/uploads\\\/2025\\\/08\\\/FEO00232-scaled-1.jpg\",\"datePublished\":\"2026-01-10T22:18:43+00:00\",\"dateModified\":\"2026-01-29T11:44:42+00:00\",\"breadcrumb\":{\"@id\":\"https:\\\/\\\/fpsuperiorufv.es\\\/blog\\\/que-fp-estudiar-si-te-gustan-la-salud-y-las-personas-blog\\\/#breadcrumb\"},\"inLanguage\":\"es\",\"potentialAction\":[{\"@type\":\"ReadAction\",\"target\":[\"https:\\\/\\\/fpsuperiorufv.es\\\/blog\\\/que-fp-estudiar-si-te-gustan-la-salud-y-las-personas-blog\\\/\"]}]},{\"@type\":\"ImageObject\",\"inLanguage\":\"es\",\"@id\":\"https:\\\/\\\/fpsuperiorufv.es\\\/blog\\\/que-fp-estudiar-si-te-gustan-la-salud-y-las-personas-blog\\\/#primaryimage\",\"url\":\"https:\\\/\\\/fpsuperiorufv.es\\\/blog\\\/wp-content\\\/uploads\\\/2025\\\/08\\\/FEO00232-scaled-1.jpg\",\"contentUrl\":\"https:\\\/\\\/fpsuperiorufv.es\\\/blog\\\/wp-content\\\/uploads\\\/2025\\\/08\\\/FEO00232-scaled-1.jpg\",\"width\":2560,\"height\":1710},{\"@type\":\"BreadcrumbList\",\"@id\":\"https:\\\/\\\/fpsuperiorufv.es\\\/blog\\\/que-fp-estudiar-si-te-gustan-la-salud-y-las-personas-blog\\\/#breadcrumb\",\"itemListElement\":[{\"@type\":\"ListItem\",\"position\":1,\"name\":\"Home\",\"item\":\"https:\\\/\\\/fpsuperiorufv.es\\\/blog\\\/\"},{\"@type\":\"ListItem\",\"position\":2,\"name\":\"Qu\u00e9 FP estudiar si te gustan la salud y las personas\"}]},{\"@type\":\"WebSite\",\"@id\":\"https:\\\/\\\/fpsuperiorufv.es\\\/blog\\\/#website\",\"url\":\"https:\\\/\\\/fpsuperiorufv.es\\\/blog\\\/\",\"name\":\"Fp Superior Francisco de Vitoria\",\"description\":\"\",\"publisher\":{\"@id\":\"https:\\\/\\\/fpsuperiorufv.es\\\/blog\\\/#organization\"},\"alternateName\":\"Cetys\",\"potentialAction\":[{\"@type\":\"SearchAction\",\"target\":{\"@type\":\"EntryPoint\",\"urlTemplate\":\"https:\\\/\\\/fpsuperiorufv.es\\\/blog\\\/?s={search_term_string}\"},\"query-input\":{\"@type\":\"PropertyValueSpecification\",\"valueRequired\":true,\"valueName\":\"search_term_string\"}}],\"inLanguage\":\"es\"},{\"@type\":\"Organization\",\"@id\":\"https:\\\/\\\/fpsuperiorufv.es\\\/blog\\\/#organization\",\"name\":\"Cetys\",\"url\":\"https:\\\/\\\/fpsuperiorufv.es\\\/blog\\\/\",\"logo\":{\"@type\":\"ImageObject\",\"inLanguage\":\"es\",\"@id\":\"https:\\\/\\\/fpsuperiorufv.es\\\/blog\\\/#\\\/schema\\\/logo\\\/image\\\/\",\"url\":\"https:\\\/\\\/fpsuperiorufv.lo\\\/wp-content\\\/uploads\\\/2025\\\/02\\\/logo.svg\",\"contentUrl\":\"https:\\\/\\\/fpsuperiorufv.lo\\\/wp-content\\\/uploads\\\/2025\\\/02\\\/logo.svg\",\"width\":\"1024\",\"height\":\"1024\",\"caption\":\"Cetys\"},\"image\":{\"@id\":\"https:\\\/\\\/fpsuperiorufv.es\\\/blog\\\/#\\\/schema\\\/logo\\\/image\\\/\"}},{\"@type\":\"Person\",\"@id\":\"https:\\\/\\\/fpsuperiorufv.es\\\/blog\\\/#\\\/schema\\\/person\\\/6eed41dc866f12d961994f51f39f8796\",\"name\":\"FP Superior UFV\",\"image\":{\"@type\":\"ImageObject\",\"inLanguage\":\"es\",\"@id\":\"https:\\\/\\\/secure.gravatar.com\\\/avatar\\\/2cb5eeb90ddddf18129790c93583d4ae96ca8a625c07994637c8fc9d35252ce5?s=96&d=mm&r=g\",\"url\":\"https:\\\/\\\/secure.gravatar.com\\\/avatar\\\/2cb5eeb90ddddf18129790c93583d4ae96ca8a625c07994637c8fc9d35252ce5?s=96&d=mm&r=g\",\"contentUrl\":\"https:\\\/\\\/secure.gravatar.com\\\/avatar\\\/2cb5eeb90ddddf18129790c93583d4ae96ca8a625c07994637c8fc9d35252ce5?s=96&d=mm&r=g\",\"caption\":\"FP Superior UFV\"},\"url\":\"https:\\\/\\\/fpsuperiorufv.es\\\/blog\\\/author\\\/cetys\\\/\"}]}<\/script>\n<!-- \/ Yoast SEO plugin. -->","yoast_head_json":{"title":"Qu\u00e9 FP estudiar si te gustan la salud y las personas - Cetys","robots":{"index":"index","follow":"follow","max-snippet":"max-snippet:-1","max-image-preview":"max-image-preview:large","max-video-preview":"max-video-preview:-1"},"canonical":"https:\/\/fpsuperiorufv.es\/blog\/que-fp-estudiar-si-te-gustan-la-salud-y-las-personas-blog\/","og_locale":"es_ES","og_type":"article","og_title":"Qu\u00e9 FP estudiar si te gustan la salud y las personas - Cetys","og_description":"Qu\u00e9 FP estudiar si te gustan la salud y las personas Si te apasiona el bienestar de los dem\u00e1s y sientes el deseo de contribuir a la salud de tu comunidad, \u00a1est\u00e1s en el lugar correcto! En este art\u00edculo, exploraremos las distintas opciones de FP Superior que puedes estudiar si te gusta la salud y [&hellip;]","og_url":"https:\/\/fpsuperiorufv.es\/blog\/que-fp-estudiar-si-te-gustan-la-salud-y-las-personas-blog\/","og_site_name":"Cetys","article_published_time":"2026-01-10T22:18:43+00:00","article_modified_time":"2026-01-29T11:44:42+00:00","og_image":[{"width":2560,"height":1710,"url":"https:\/\/fpsuperiorufv.es\/blog\/wp-content\/uploads\/2025\/08\/FEO00232-scaled-1.jpg","type":"image\/jpeg"}],"author":"FP Superior UFV","twitter_card":"summary_large_image","twitter_misc":{"Escrito por":"FP Superior UFV","Tiempo de lectura":"4 minutos"},"schema":{"@context":"https:\/\/schema.org","@graph":[{"@type":"Article","@id":"https:\/\/fpsuperiorufv.es\/blog\/que-fp-estudiar-si-te-gustan-la-salud-y-las-personas-blog\/#article","isPartOf":{"@id":"https:\/\/fpsuperiorufv.es\/blog\/que-fp-estudiar-si-te-gustan-la-salud-y-las-personas-blog\/"},"author":{"name":"FP Superior UFV","@id":"https:\/\/fpsuperiorufv.es\/blog\/#\/schema\/person\/6eed41dc866f12d961994f51f39f8796"},"headline":"Qu\u00e9 FP estudiar si te gustan la salud y las personas","datePublished":"2026-01-10T22:18:43+00:00","dateModified":"2026-01-29T11:44:42+00:00","mainEntityOfPage":{"@id":"https:\/\/fpsuperiorufv.es\/blog\/que-fp-estudiar-si-te-gustan-la-salud-y-las-personas-blog\/"},"wordCount":795,"commentCount":0,"publisher":{"@id":"https:\/\/fpsuperiorufv.es\/blog\/#organization"},"image":{"@id":"https:\/\/fpsuperiorufv.es\/blog\/que-fp-estudiar-si-te-gustan-la-salud-y-las-personas-blog\/#primaryimage"},"thumbnailUrl":"https:\/\/fpsuperiorufv.es\/blog\/wp-content\/uploads\/2025\/08\/FEO00232-scaled-1.jpg","articleSection":["Anatom\u00eda Patol\u00f3gica y Citodiagn\u00f3stico","Fabricaci\u00f3n de Productos Farmac\u00e9uticos","Imagen para el Diagn\u00f3stico y Medicina Nuclear","Preguntas frecuentes"],"inLanguage":"es","potentialAction":[{"@type":"CommentAction","name":"Comment","target":["https:\/\/fpsuperiorufv.es\/blog\/que-fp-estudiar-si-te-gustan-la-salud-y-las-personas-blog\/#respond"]}]},{"@type":"WebPage","@id":"https:\/\/fpsuperiorufv.es\/blog\/que-fp-estudiar-si-te-gustan-la-salud-y-las-personas-blog\/","url":"https:\/\/fpsuperiorufv.es\/blog\/que-fp-estudiar-si-te-gustan-la-salud-y-las-personas-blog\/","name":"Qu\u00e9 FP estudiar si te gustan la salud y las personas - Cetys","isPartOf":{"@id":"https:\/\/fpsuperiorufv.es\/blog\/#website"},"primaryImageOfPage":{"@id":"https:\/\/fpsuperiorufv.es\/blog\/que-fp-estudiar-si-te-gustan-la-salud-y-las-personas-blog\/#primaryimage"},"image":{"@id":"https:\/\/fpsuperiorufv.es\/blog\/que-fp-estudiar-si-te-gustan-la-salud-y-las-personas-blog\/#primaryimage"},"thumbnailUrl":"https:\/\/fpsuperiorufv.es\/blog\/wp-content\/uploads\/2025\/08\/FEO00232-scaled-1.jpg","datePublished":"2026-01-10T22:18:43+00:00","dateModified":"2026-01-29T11:44:42+00:00","breadcrumb":{"@id":"https:\/\/fpsuperiorufv.es\/blog\/que-fp-estudiar-si-te-gustan-la-salud-y-las-personas-blog\/#breadcrumb"},"inLanguage":"es","potentialAction":[{"@type":"ReadAction","target":["https:\/\/fpsuperiorufv.es\/blog\/que-fp-estudiar-si-te-gustan-la-salud-y-las-personas-blog\/"]}]},{"@type":"ImageObject","inLanguage":"es","@id":"https:\/\/fpsuperiorufv.es\/blog\/que-fp-estudiar-si-te-gustan-la-salud-y-las-personas-blog\/#primaryimage","url":"https:\/\/fpsuperiorufv.es\/blog\/wp-content\/uploads\/2025\/08\/FEO00232-scaled-1.jpg","contentUrl":"https:\/\/fpsuperiorufv.es\/blog\/wp-content\/uploads\/2025\/08\/FEO00232-scaled-1.jpg","width":2560,"height":1710},{"@type":"BreadcrumbList","@id":"https:\/\/fpsuperiorufv.es\/blog\/que-fp-estudiar-si-te-gustan-la-salud-y-las-personas-blog\/#breadcrumb","itemListElement":[{"@type":"ListItem","position":1,"name":"Home","item":"https:\/\/fpsuperiorufv.es\/blog\/"},{"@type":"ListItem","position":2,"name":"Qu\u00e9 FP estudiar si te gustan la salud y las personas"}]},{"@type":"WebSite","@id":"https:\/\/fpsuperiorufv.es\/blog\/#website","url":"https:\/\/fpsuperiorufv.es\/blog\/","name":"Fp Superior Francisco de Vitoria","description":"","publisher":{"@id":"https:\/\/fpsuperiorufv.es\/blog\/#organization"},"alternateName":"Cetys","potentialAction":[{"@type":"SearchAction","target":{"@type":"EntryPoint","urlTemplate":"https:\/\/fpsuperiorufv.es\/blog\/?s={search_term_string}"},"query-input":{"@type":"PropertyValueSpecification","valueRequired":true,"valueName":"search_term_string"}}],"inLanguage":"es"},{"@type":"Organization","@id":"https:\/\/fpsuperiorufv.es\/blog\/#organization","name":"Cetys","url":"https:\/\/fpsuperiorufv.es\/blog\/","logo":{"@type":"ImageObject","inLanguage":"es","@id":"https:\/\/fpsuperiorufv.es\/blog\/#\/schema\/logo\/image\/","url":"https:\/\/fpsuperiorufv.lo\/wp-content\/uploads\/2025\/02\/logo.svg","contentUrl":"https:\/\/fpsuperiorufv.lo\/wp-content\/uploads\/2025\/02\/logo.svg","width":"1024","height":"1024","caption":"Cetys"},"image":{"@id":"https:\/\/fpsuperiorufv.es\/blog\/#\/schema\/logo\/image\/"}},{"@type":"Person","@id":"https:\/\/fpsuperiorufv.es\/blog\/#\/schema\/person\/6eed41dc866f12d961994f51f39f8796","name":"FP Superior UFV","image":{"@type":"ImageObject","inLanguage":"es","@id":"https:\/\/secure.gravatar.com\/avatar\/2cb5eeb90ddddf18129790c93583d4ae96ca8a625c07994637c8fc9d35252ce5?s=96&d=mm&r=g","url":"https:\/\/secure.gravatar.com\/avatar\/2cb5eeb90ddddf18129790c93583d4ae96ca8a625c07994637c8fc9d35252ce5?s=96&d=mm&r=g","contentUrl":"https:\/\/secure.gravatar.com\/avatar\/2cb5eeb90ddddf18129790c93583d4ae96ca8a625c07994637c8fc9d35252ce5?s=96&d=mm&r=g","caption":"FP Superior UFV"},"url":"https:\/\/fpsuperiorufv.es\/blog\/author\/cetys\/"}]}},"_links":{"self":[{"href":"https:\/\/fpsuperiorufv.es\/blog\/wp-json\/wp\/v2\/posts\/281118","targetHints":{"allow":["GET"]}}],"collection":[{"href":"https:\/\/fpsuperiorufv.es\/blog\/wp-json\/wp\/v2\/posts"}],"about":[{"href":"https:\/\/fpsuperiorufv.es\/blog\/wp-json\/wp\/v2\/types\/post"}],"author":[{"embeddable":true,"href":"https:\/\/fpsuperiorufv.es\/blog\/wp-json\/wp\/v2\/users\/3"}],"replies":[{"embeddable":true,"href":"https:\/\/fpsuperiorufv.es\/blog\/wp-json\/wp\/v2\/comments?post=281118"}],"version-history":[{"count":1,"href":"https:\/\/fpsuperiorufv.es\/blog\/wp-json\/wp\/v2\/posts\/281118\/revisions"}],"predecessor-version":[{"id":281260,"href":"https:\/\/fpsuperiorufv.es\/blog\/wp-json\/wp\/v2\/posts\/281118\/revisions\/281260"}],"wp:featuredmedia":[{"embeddable":true,"href":"https:\/\/fpsuperiorufv.es\/blog\/wp-json\/wp\/v2\/media\/2735"}],"wp:attachment":[{"href":"https:\/\/fpsuperiorufv.es\/blog\/wp-json\/wp\/v2\/media?parent=281118"}],"wp:term":[{"taxonomy":"category","embeddable":true,"href":"https:\/\/fpsuperiorufv.es\/blog\/wp-json\/wp\/v2\/categories?post=281118"},{"taxonomy":"post_tag","embeddable":true,"href":"https:\/\/fpsuperiorufv.es\/blog\/wp-json\/wp\/v2\/tags?post=281118"}],"curies":[{"name":"wp","href":"https:\/\/api.w.org\/{rel}","templated":true}]}}