{"id":281122,"date":"2026-01-04T20:44:22","date_gmt":"2026-01-04T20:44:22","guid":{"rendered":"https:\/\/soleyantonio.es\/que-ciclo-elegir-si-te-gusta-el-deporte\/"},"modified":"2026-02-04T13:54:21","modified_gmt":"2026-02-04T12:54:21","slug":"que-ciclo-elegir-si-te-gusta-el-deporte-blog","status":"publish","type":"post","link":"https:\/\/fpsuperiorufv.es\/blog\/que-ciclo-elegir-si-te-gusta-el-deporte-blog\/","title":{"rendered":"Qu\u00e9 ciclo elegir si te gusta el deporte"},"content":{"rendered":"<h2>Qu\u00e9 Ciclo Elegir si Te Gusta el Deporte<\/h2>\n<p>Si eres un apasionado del deporte y te gustar\u00eda convertir esa pasi\u00f3n en tu carrera profesional, has llegado al lugar adecuado. En FP Superior Francisco de Vitoria, ofrecemos varios Ciclos Formativos de Grado Superior que pueden ayudarte a dar el siguiente paso hacia tu futuro profesional. En este art\u00edculo, exploraremos qu\u00e9 ciclos son los m\u00e1s adecuados si te gusta el deporte y c\u00f3mo puedes beneficiarte de ellos.<\/p>\n<h2>Curiosidades e Informaci\u00f3n Interesante<\/h2>\n<ul>\n<li>El sector del deporte en Espa\u00f1a genera m\u00e1s de 21.000 millones de euros al a\u00f1o.<\/li>\n<li>M\u00e1s del 30% de los j\u00f3venes entre 15 y 29 a\u00f1os practican alg\u00fan deporte de forma regular.<\/li>\n<li>La actividad f\u00edsica est\u00e1 asociada a una mejora en la salud mental y f\u00edsica.<\/li>\n<li>El 60% de los profesionales del deporte en Espa\u00f1a son j\u00f3venes menores de 35 a\u00f1os.<\/li>\n<li>Las carreras relacionadas con el deporte tienen una tasa de empleabilidad superior al 80%.<\/li>\n<\/ul>\n<h2>Ciclos Formativos Relacionados con el Deporte<\/h2>\n<p>En nuestra oferta educativa, contamos con varios Ciclos Formativos que se adaptan a tus intereses en el \u00e1mbito deportivo. A continuaci\u00f3n, te presentamos algunos de los m\u00e1s destacados:<\/p>\n<h2>1. T\u00e9cnico Superior en Ense\u00f1anza y Animaci\u00f3n Sociodeportiva<\/h2>\n<p>Este ciclo te prepara para dise\u00f1ar y gestionar actividades deportivas y de tiempo libre. Aprender\u00e1s a fomentar la participaci\u00f3n de diferentes colectivos en actividades f\u00edsicas y recreativas.<\/p>\n<ul>\n<li>Desarrollar\u00e1s habilidades de organizaci\u00f3n y gesti\u00f3n de eventos deportivos.<\/li>\n<li>Te capacitar\u00e1s para trabajar en equipos multidisciplinarios.<\/li>\n<li>Te ense\u00f1aremos c\u00f3mo motivar y guiar a grupos en actividades deportivas.<\/li>\n<\/ul>\n<h2>2. T\u00e9cnico Superior en Acondicionamiento F\u00edsico<\/h2>\n<p>Si te interesa el entrenamiento personal y la mejora del rendimiento f\u00edsico, este ciclo es para ti. Aprender\u00e1s a dise\u00f1ar programas de entrenamiento adaptados a diferentes perfiles.<\/p>\n<ul>\n<li>Te formaremos en t\u00e9cnicas de entrenamiento y nutrici\u00f3n.<\/li>\n<li>Adquirir\u00e1s conocimientos en anatom\u00eda y fisiolog\u00eda aplicados al deporte.<\/li>\n<li>Podr\u00e1s trabajar en gimnasios, centros deportivos o como entrenador personal.<\/li>\n<\/ul>\n<h2>\u00bfPor Qu\u00e9 Elegir un Ciclo Formativo en FP Superior Francisco de Vitoria?<\/h2>\n<p>Al elegir estudiar con nosotros, no solo te beneficias de una formaci\u00f3n de calidad, sino que tambi\u00e9n tienes acceso a diversas ventajas:<\/p>\n<ul>\n<li>Docentes con amplia experiencia en el sector.<\/li>\n<li>Instalaciones deportivas de primer nivel para pr\u00e1cticas.<\/li>\n<li>Convenios con empresas del sector que facilitan las pr\u00e1cticas profesionales.<\/li>\n<li>Un ambiente educativo que fomenta la participaci\u00f3n y el trabajo en equipo.<\/li>\n<\/ul>\n<h2>Proceso de Admisi\u00f3n<\/h2>\n<p>Si te interesa alguno de nuestros Ciclos Formativos, te invitamos a informarte sobre el <a href=\"https:\/\/fpsuperiorufv.es\/secretaria-admision-y-ayuda\/\">proceso de admisi\u00f3n<\/a>. Es sencillo y estamos aqu\u00ed para ayudarte en cada paso del camino.<\/p>\n<h2>Ejemplos de Oportunidades Laborales<\/h2>\n<p>Al finalizar cualquiera de estos ciclos, tendr\u00e1s acceso a diversas oportunidades laborales. Aqu\u00ed te dejamos algunos ejemplos:<\/p>\n<ul>\n<li>Entrenador personal en gimnasios.<\/li>\n<li>Monitor de actividades en centros deportivos.<\/li>\n<li>Gu\u00eda de deportes de aventura en entornos naturales.<\/li>\n<li>Coordinador de programas deportivos en instituciones educativas.<\/li>\n<li>Consultor de salud y bienestar en empresas.<\/li>\n<\/ul>\n<h2>Preguntas Frecuentes<\/h2>\n<h2>\u00bfQu\u00e9 requisitos necesito para acceder a estos ciclos formativos?<\/h2>\n<p>Generalmente, necesitar\u00e1s tener el t\u00edtulo de Bachillerato o un ciclo formativo de grado medio. Consulta siempre la normativa espec\u00edfica para cada ciclo.<\/p>\n<h2>\u00bfPuedo compaginar el estudio con la pr\u00e1ctica deportiva?<\/h2>\n<p>\u00a1Por supuesto! Muchos de nuestros estudiantes practican deporte a nivel profesional o amateur mientras estudian. Te ofrecemos flexibilidad en los horarios.<\/p>\n<h2>\u00bfQu\u00e9 tipo de pr\u00e1cticas realizar\u00e9 durante el ciclo?<\/h2>\n<p>Realizar\u00e1s pr\u00e1cticas en empresas del sector, donde podr\u00e1s aplicar lo aprendido en un entorno real. Estas pr\u00e1cticas son una gran oportunidad para establecer contactos y conseguir empleo.<\/p>\n<h2>\u00bfCu\u00e1nto tiempo dura cada ciclo formativo?<\/h2>\n<p>La duraci\u00f3n de los ciclos formativos es de 2 a\u00f1os, distribuidos en m\u00f3dulos te\u00f3ricos y pr\u00e1cticos.<\/p>\n<h2>\u00bfC\u00f3mo puedo matricularme?<\/h2>\n<p>Para matricularte, visita nuestro <a href=\"https:\/\/fpsuperiorufv.es\/secretaria-admision-y-ayuda\/\">sitio de admisi\u00f3n<\/a> donde encontrar\u00e1s toda la informaci\u00f3n necesaria para iniciar tu camino en el mundo del deporte.<\/p>\n<h2>Conclusi\u00f3n<\/h2>\n<p>Elegir un ciclo formativo en el \u00e1mbito deportivo es una excelente opci\u00f3n si te apasiona el deporte y quieres construir una carrera en este sector. En FP Superior Francisco de Vitoria, te ofrecemos la formaci\u00f3n y las herramientas necesarias para alcanzar tus metas profesionales. No dudes en consultar nuestro proceso de admisi\u00f3n y dar el primer paso hacia tu futuro.<\/p>\n","protected":false},"excerpt":{"rendered":"<p>Qu\u00e9 Ciclo Elegir si Te Gusta el Deporte Si eres un apasionado del deporte y te gustar\u00eda convertir esa pasi\u00f3n en tu carrera profesional, has llegado al lugar adecuado. En FP Superior Francisco de Vitoria, ofrecemos varios Ciclos Formativos de Grado Superior que pueden ayudarte a dar el siguiente paso hacia tu futuro profesional. En [&hellip;]<\/p>\n","protected":false},"author":3,"featured_media":2747,"comment_status":"open","ping_status":"open","sticky":false,"template":"","format":"standard","meta":{"inline_featured_image":false,"footnotes":""},"categories":[411,384,378,383,393],"tags":[],"class_list":["post-281122","post","type-post","status-publish","format-standard","has-post-thumbnail","hentry","category-acondicionamiento-fisico","category-beneficios-del-deporte-en-equipodeporte","category-deporte","category-ensenanza-y-animacion-sociodeportiva","category-preguntas-frecuentes"],"yoast_head":"<!-- This site is optimized with the Yoast SEO plugin v27.4 - https:\/\/yoast.com\/product\/yoast-seo-wordpress\/ -->\n<title>Qu\u00e9 ciclo elegir si te gusta el deporte - Cetys<\/title>\n<meta name=\"robots\" content=\"index, follow, max-snippet:-1, max-image-preview:large, max-video-preview:-1\" \/>\n<link rel=\"canonical\" href=\"https:\/\/fpsuperiorufv.es\/blog\/que-ciclo-elegir-si-te-gusta-el-deporte-blog\/\" \/>\n<meta property=\"og:locale\" content=\"es_ES\" \/>\n<meta property=\"og:type\" content=\"article\" \/>\n<meta property=\"og:title\" content=\"Qu\u00e9 ciclo elegir si te gusta el deporte - Cetys\" \/>\n<meta property=\"og:description\" content=\"Qu\u00e9 Ciclo Elegir si Te Gusta el Deporte Si eres un apasionado del deporte y te gustar\u00eda convertir esa pasi\u00f3n en tu carrera profesional, has llegado al lugar adecuado. En FP Superior Francisco de Vitoria, ofrecemos varios Ciclos Formativos de Grado Superior que pueden ayudarte a dar el siguiente paso hacia tu futuro profesional. En [&hellip;]\" \/>\n<meta property=\"og:url\" content=\"https:\/\/fpsuperiorufv.es\/blog\/que-ciclo-elegir-si-te-gusta-el-deporte-blog\/\" \/>\n<meta property=\"og:site_name\" content=\"Cetys\" \/>\n<meta property=\"article:published_time\" content=\"2026-01-04T20:44:22+00:00\" \/>\n<meta property=\"article:modified_time\" content=\"2026-02-04T12:54:21+00:00\" \/>\n<meta property=\"og:image\" content=\"https:\/\/fpsuperiorufv.es\/blog\/wp-content\/uploads\/2025\/08\/TafadExteriores_053-scaled-1.jpg\" \/>\n\t<meta property=\"og:image:width\" content=\"2560\" \/>\n\t<meta property=\"og:image:height\" content=\"1707\" \/>\n\t<meta property=\"og:image:type\" content=\"image\/jpeg\" \/>\n<meta name=\"author\" content=\"FP Superior UFV\" \/>\n<meta name=\"twitter:card\" content=\"summary_large_image\" \/>\n<meta name=\"twitter:label1\" content=\"Escrito por\" \/>\n\t<meta name=\"twitter:data1\" content=\"FP Superior UFV\" \/>\n\t<meta name=\"twitter:label2\" content=\"Tiempo de lectura\" \/>\n\t<meta name=\"twitter:data2\" content=\"4 minutos\" \/>\n<script type=\"application\/ld+json\" class=\"yoast-schema-graph\">{\"@context\":\"https:\\\/\\\/schema.org\",\"@graph\":[{\"@type\":\"Article\",\"@id\":\"https:\\\/\\\/fpsuperiorufv.es\\\/blog\\\/que-ciclo-elegir-si-te-gusta-el-deporte-blog\\\/#article\",\"isPartOf\":{\"@id\":\"https:\\\/\\\/fpsuperiorufv.es\\\/blog\\\/que-ciclo-elegir-si-te-gusta-el-deporte-blog\\\/\"},\"author\":{\"name\":\"FP Superior UFV\",\"@id\":\"https:\\\/\\\/fpsuperiorufv.es\\\/blog\\\/#\\\/schema\\\/person\\\/6eed41dc866f12d961994f51f39f8796\"},\"headline\":\"Qu\u00e9 ciclo elegir si te gusta el deporte\",\"datePublished\":\"2026-01-04T20:44:22+00:00\",\"dateModified\":\"2026-02-04T12:54:21+00:00\",\"mainEntityOfPage\":{\"@id\":\"https:\\\/\\\/fpsuperiorufv.es\\\/blog\\\/que-ciclo-elegir-si-te-gusta-el-deporte-blog\\\/\"},\"wordCount\":744,\"commentCount\":0,\"publisher\":{\"@id\":\"https:\\\/\\\/fpsuperiorufv.es\\\/blog\\\/#organization\"},\"image\":{\"@id\":\"https:\\\/\\\/fpsuperiorufv.es\\\/blog\\\/que-ciclo-elegir-si-te-gusta-el-deporte-blog\\\/#primaryimage\"},\"thumbnailUrl\":\"https:\\\/\\\/fpsuperiorufv.es\\\/blog\\\/wp-content\\\/uploads\\\/2025\\\/08\\\/TafadExteriores_053-scaled-1.jpg\",\"articleSection\":[\"Acondicionamiento F\u00edsico\",\"Beneficios del deporte en equipo|Deporte\",\"Deporte\",\"Ense\u00f1anza y Animaci\u00f3n Sociodeportiva.\",\"Preguntas frecuentes\"],\"inLanguage\":\"es\",\"potentialAction\":[{\"@type\":\"CommentAction\",\"name\":\"Comment\",\"target\":[\"https:\\\/\\\/fpsuperiorufv.es\\\/blog\\\/que-ciclo-elegir-si-te-gusta-el-deporte-blog\\\/#respond\"]}]},{\"@type\":\"WebPage\",\"@id\":\"https:\\\/\\\/fpsuperiorufv.es\\\/blog\\\/que-ciclo-elegir-si-te-gusta-el-deporte-blog\\\/\",\"url\":\"https:\\\/\\\/fpsuperiorufv.es\\\/blog\\\/que-ciclo-elegir-si-te-gusta-el-deporte-blog\\\/\",\"name\":\"Qu\u00e9 ciclo elegir si te gusta el deporte - Cetys\",\"isPartOf\":{\"@id\":\"https:\\\/\\\/fpsuperiorufv.es\\\/blog\\\/#website\"},\"primaryImageOfPage\":{\"@id\":\"https:\\\/\\\/fpsuperiorufv.es\\\/blog\\\/que-ciclo-elegir-si-te-gusta-el-deporte-blog\\\/#primaryimage\"},\"image\":{\"@id\":\"https:\\\/\\\/fpsuperiorufv.es\\\/blog\\\/que-ciclo-elegir-si-te-gusta-el-deporte-blog\\\/#primaryimage\"},\"thumbnailUrl\":\"https:\\\/\\\/fpsuperiorufv.es\\\/blog\\\/wp-content\\\/uploads\\\/2025\\\/08\\\/TafadExteriores_053-scaled-1.jpg\",\"datePublished\":\"2026-01-04T20:44:22+00:00\",\"dateModified\":\"2026-02-04T12:54:21+00:00\",\"breadcrumb\":{\"@id\":\"https:\\\/\\\/fpsuperiorufv.es\\\/blog\\\/que-ciclo-elegir-si-te-gusta-el-deporte-blog\\\/#breadcrumb\"},\"inLanguage\":\"es\",\"potentialAction\":[{\"@type\":\"ReadAction\",\"target\":[\"https:\\\/\\\/fpsuperiorufv.es\\\/blog\\\/que-ciclo-elegir-si-te-gusta-el-deporte-blog\\\/\"]}]},{\"@type\":\"ImageObject\",\"inLanguage\":\"es\",\"@id\":\"https:\\\/\\\/fpsuperiorufv.es\\\/blog\\\/que-ciclo-elegir-si-te-gusta-el-deporte-blog\\\/#primaryimage\",\"url\":\"https:\\\/\\\/fpsuperiorufv.es\\\/blog\\\/wp-content\\\/uploads\\\/2025\\\/08\\\/TafadExteriores_053-scaled-1.jpg\",\"contentUrl\":\"https:\\\/\\\/fpsuperiorufv.es\\\/blog\\\/wp-content\\\/uploads\\\/2025\\\/08\\\/TafadExteriores_053-scaled-1.jpg\",\"width\":2560,\"height\":1707},{\"@type\":\"BreadcrumbList\",\"@id\":\"https:\\\/\\\/fpsuperiorufv.es\\\/blog\\\/que-ciclo-elegir-si-te-gusta-el-deporte-blog\\\/#breadcrumb\",\"itemListElement\":[{\"@type\":\"ListItem\",\"position\":1,\"name\":\"Home\",\"item\":\"https:\\\/\\\/fpsuperiorufv.es\\\/blog\\\/\"},{\"@type\":\"ListItem\",\"position\":2,\"name\":\"Qu\u00e9 ciclo elegir si te gusta el deporte\"}]},{\"@type\":\"WebSite\",\"@id\":\"https:\\\/\\\/fpsuperiorufv.es\\\/blog\\\/#website\",\"url\":\"https:\\\/\\\/fpsuperiorufv.es\\\/blog\\\/\",\"name\":\"Fp Superior Francisco de Vitoria\",\"description\":\"\",\"publisher\":{\"@id\":\"https:\\\/\\\/fpsuperiorufv.es\\\/blog\\\/#organization\"},\"alternateName\":\"Cetys\",\"potentialAction\":[{\"@type\":\"SearchAction\",\"target\":{\"@type\":\"EntryPoint\",\"urlTemplate\":\"https:\\\/\\\/fpsuperiorufv.es\\\/blog\\\/?s={search_term_string}\"},\"query-input\":{\"@type\":\"PropertyValueSpecification\",\"valueRequired\":true,\"valueName\":\"search_term_string\"}}],\"inLanguage\":\"es\"},{\"@type\":\"Organization\",\"@id\":\"https:\\\/\\\/fpsuperiorufv.es\\\/blog\\\/#organization\",\"name\":\"Cetys\",\"url\":\"https:\\\/\\\/fpsuperiorufv.es\\\/blog\\\/\",\"logo\":{\"@type\":\"ImageObject\",\"inLanguage\":\"es\",\"@id\":\"https:\\\/\\\/fpsuperiorufv.es\\\/blog\\\/#\\\/schema\\\/logo\\\/image\\\/\",\"url\":\"https:\\\/\\\/fpsuperiorufv.lo\\\/wp-content\\\/uploads\\\/2025\\\/02\\\/logo.svg\",\"contentUrl\":\"https:\\\/\\\/fpsuperiorufv.lo\\\/wp-content\\\/uploads\\\/2025\\\/02\\\/logo.svg\",\"width\":\"1024\",\"height\":\"1024\",\"caption\":\"Cetys\"},\"image\":{\"@id\":\"https:\\\/\\\/fpsuperiorufv.es\\\/blog\\\/#\\\/schema\\\/logo\\\/image\\\/\"}},{\"@type\":\"Person\",\"@id\":\"https:\\\/\\\/fpsuperiorufv.es\\\/blog\\\/#\\\/schema\\\/person\\\/6eed41dc866f12d961994f51f39f8796\",\"name\":\"FP Superior UFV\",\"image\":{\"@type\":\"ImageObject\",\"inLanguage\":\"es\",\"@id\":\"https:\\\/\\\/secure.gravatar.com\\\/avatar\\\/2cb5eeb90ddddf18129790c93583d4ae96ca8a625c07994637c8fc9d35252ce5?s=96&d=mm&r=g\",\"url\":\"https:\\\/\\\/secure.gravatar.com\\\/avatar\\\/2cb5eeb90ddddf18129790c93583d4ae96ca8a625c07994637c8fc9d35252ce5?s=96&d=mm&r=g\",\"contentUrl\":\"https:\\\/\\\/secure.gravatar.com\\\/avatar\\\/2cb5eeb90ddddf18129790c93583d4ae96ca8a625c07994637c8fc9d35252ce5?s=96&d=mm&r=g\",\"caption\":\"FP Superior UFV\"},\"url\":\"https:\\\/\\\/fpsuperiorufv.es\\\/blog\\\/author\\\/cetys\\\/\"}]}<\/script>\n<!-- \/ Yoast SEO plugin. -->","yoast_head_json":{"title":"Qu\u00e9 ciclo elegir si te gusta el deporte - Cetys","robots":{"index":"index","follow":"follow","max-snippet":"max-snippet:-1","max-image-preview":"max-image-preview:large","max-video-preview":"max-video-preview:-1"},"canonical":"https:\/\/fpsuperiorufv.es\/blog\/que-ciclo-elegir-si-te-gusta-el-deporte-blog\/","og_locale":"es_ES","og_type":"article","og_title":"Qu\u00e9 ciclo elegir si te gusta el deporte - Cetys","og_description":"Qu\u00e9 Ciclo Elegir si Te Gusta el Deporte Si eres un apasionado del deporte y te gustar\u00eda convertir esa pasi\u00f3n en tu carrera profesional, has llegado al lugar adecuado. En FP Superior Francisco de Vitoria, ofrecemos varios Ciclos Formativos de Grado Superior que pueden ayudarte a dar el siguiente paso hacia tu futuro profesional. En [&hellip;]","og_url":"https:\/\/fpsuperiorufv.es\/blog\/que-ciclo-elegir-si-te-gusta-el-deporte-blog\/","og_site_name":"Cetys","article_published_time":"2026-01-04T20:44:22+00:00","article_modified_time":"2026-02-04T12:54:21+00:00","og_image":[{"width":2560,"height":1707,"url":"https:\/\/fpsuperiorufv.es\/blog\/wp-content\/uploads\/2025\/08\/TafadExteriores_053-scaled-1.jpg","type":"image\/jpeg"}],"author":"FP Superior UFV","twitter_card":"summary_large_image","twitter_misc":{"Escrito por":"FP Superior UFV","Tiempo de lectura":"4 minutos"},"schema":{"@context":"https:\/\/schema.org","@graph":[{"@type":"Article","@id":"https:\/\/fpsuperiorufv.es\/blog\/que-ciclo-elegir-si-te-gusta-el-deporte-blog\/#article","isPartOf":{"@id":"https:\/\/fpsuperiorufv.es\/blog\/que-ciclo-elegir-si-te-gusta-el-deporte-blog\/"},"author":{"name":"FP Superior UFV","@id":"https:\/\/fpsuperiorufv.es\/blog\/#\/schema\/person\/6eed41dc866f12d961994f51f39f8796"},"headline":"Qu\u00e9 ciclo elegir si te gusta el deporte","datePublished":"2026-01-04T20:44:22+00:00","dateModified":"2026-02-04T12:54:21+00:00","mainEntityOfPage":{"@id":"https:\/\/fpsuperiorufv.es\/blog\/que-ciclo-elegir-si-te-gusta-el-deporte-blog\/"},"wordCount":744,"commentCount":0,"publisher":{"@id":"https:\/\/fpsuperiorufv.es\/blog\/#organization"},"image":{"@id":"https:\/\/fpsuperiorufv.es\/blog\/que-ciclo-elegir-si-te-gusta-el-deporte-blog\/#primaryimage"},"thumbnailUrl":"https:\/\/fpsuperiorufv.es\/blog\/wp-content\/uploads\/2025\/08\/TafadExteriores_053-scaled-1.jpg","articleSection":["Acondicionamiento F\u00edsico","Beneficios del deporte en equipo|Deporte","Deporte","Ense\u00f1anza y Animaci\u00f3n Sociodeportiva.","Preguntas frecuentes"],"inLanguage":"es","potentialAction":[{"@type":"CommentAction","name":"Comment","target":["https:\/\/fpsuperiorufv.es\/blog\/que-ciclo-elegir-si-te-gusta-el-deporte-blog\/#respond"]}]},{"@type":"WebPage","@id":"https:\/\/fpsuperiorufv.es\/blog\/que-ciclo-elegir-si-te-gusta-el-deporte-blog\/","url":"https:\/\/fpsuperiorufv.es\/blog\/que-ciclo-elegir-si-te-gusta-el-deporte-blog\/","name":"Qu\u00e9 ciclo elegir si te gusta el deporte - Cetys","isPartOf":{"@id":"https:\/\/fpsuperiorufv.es\/blog\/#website"},"primaryImageOfPage":{"@id":"https:\/\/fpsuperiorufv.es\/blog\/que-ciclo-elegir-si-te-gusta-el-deporte-blog\/#primaryimage"},"image":{"@id":"https:\/\/fpsuperiorufv.es\/blog\/que-ciclo-elegir-si-te-gusta-el-deporte-blog\/#primaryimage"},"thumbnailUrl":"https:\/\/fpsuperiorufv.es\/blog\/wp-content\/uploads\/2025\/08\/TafadExteriores_053-scaled-1.jpg","datePublished":"2026-01-04T20:44:22+00:00","dateModified":"2026-02-04T12:54:21+00:00","breadcrumb":{"@id":"https:\/\/fpsuperiorufv.es\/blog\/que-ciclo-elegir-si-te-gusta-el-deporte-blog\/#breadcrumb"},"inLanguage":"es","potentialAction":[{"@type":"ReadAction","target":["https:\/\/fpsuperiorufv.es\/blog\/que-ciclo-elegir-si-te-gusta-el-deporte-blog\/"]}]},{"@type":"ImageObject","inLanguage":"es","@id":"https:\/\/fpsuperiorufv.es\/blog\/que-ciclo-elegir-si-te-gusta-el-deporte-blog\/#primaryimage","url":"https:\/\/fpsuperiorufv.es\/blog\/wp-content\/uploads\/2025\/08\/TafadExteriores_053-scaled-1.jpg","contentUrl":"https:\/\/fpsuperiorufv.es\/blog\/wp-content\/uploads\/2025\/08\/TafadExteriores_053-scaled-1.jpg","width":2560,"height":1707},{"@type":"BreadcrumbList","@id":"https:\/\/fpsuperiorufv.es\/blog\/que-ciclo-elegir-si-te-gusta-el-deporte-blog\/#breadcrumb","itemListElement":[{"@type":"ListItem","position":1,"name":"Home","item":"https:\/\/fpsuperiorufv.es\/blog\/"},{"@type":"ListItem","position":2,"name":"Qu\u00e9 ciclo elegir si te gusta el deporte"}]},{"@type":"WebSite","@id":"https:\/\/fpsuperiorufv.es\/blog\/#website","url":"https:\/\/fpsuperiorufv.es\/blog\/","name":"Fp Superior Francisco de Vitoria","description":"","publisher":{"@id":"https:\/\/fpsuperiorufv.es\/blog\/#organization"},"alternateName":"Cetys","potentialAction":[{"@type":"SearchAction","target":{"@type":"EntryPoint","urlTemplate":"https:\/\/fpsuperiorufv.es\/blog\/?s={search_term_string}"},"query-input":{"@type":"PropertyValueSpecification","valueRequired":true,"valueName":"search_term_string"}}],"inLanguage":"es"},{"@type":"Organization","@id":"https:\/\/fpsuperiorufv.es\/blog\/#organization","name":"Cetys","url":"https:\/\/fpsuperiorufv.es\/blog\/","logo":{"@type":"ImageObject","inLanguage":"es","@id":"https:\/\/fpsuperiorufv.es\/blog\/#\/schema\/logo\/image\/","url":"https:\/\/fpsuperiorufv.lo\/wp-content\/uploads\/2025\/02\/logo.svg","contentUrl":"https:\/\/fpsuperiorufv.lo\/wp-content\/uploads\/2025\/02\/logo.svg","width":"1024","height":"1024","caption":"Cetys"},"image":{"@id":"https:\/\/fpsuperiorufv.es\/blog\/#\/schema\/logo\/image\/"}},{"@type":"Person","@id":"https:\/\/fpsuperiorufv.es\/blog\/#\/schema\/person\/6eed41dc866f12d961994f51f39f8796","name":"FP Superior UFV","image":{"@type":"ImageObject","inLanguage":"es","@id":"https:\/\/secure.gravatar.com\/avatar\/2cb5eeb90ddddf18129790c93583d4ae96ca8a625c07994637c8fc9d35252ce5?s=96&d=mm&r=g","url":"https:\/\/secure.gravatar.com\/avatar\/2cb5eeb90ddddf18129790c93583d4ae96ca8a625c07994637c8fc9d35252ce5?s=96&d=mm&r=g","contentUrl":"https:\/\/secure.gravatar.com\/avatar\/2cb5eeb90ddddf18129790c93583d4ae96ca8a625c07994637c8fc9d35252ce5?s=96&d=mm&r=g","caption":"FP Superior UFV"},"url":"https:\/\/fpsuperiorufv.es\/blog\/author\/cetys\/"}]}},"_links":{"self":[{"href":"https:\/\/fpsuperiorufv.es\/blog\/wp-json\/wp\/v2\/posts\/281122","targetHints":{"allow":["GET"]}}],"collection":[{"href":"https:\/\/fpsuperiorufv.es\/blog\/wp-json\/wp\/v2\/posts"}],"about":[{"href":"https:\/\/fpsuperiorufv.es\/blog\/wp-json\/wp\/v2\/types\/post"}],"author":[{"embeddable":true,"href":"https:\/\/fpsuperiorufv.es\/blog\/wp-json\/wp\/v2\/users\/3"}],"replies":[{"embeddable":true,"href":"https:\/\/fpsuperiorufv.es\/blog\/wp-json\/wp\/v2\/comments?post=281122"}],"version-history":[{"count":1,"href":"https:\/\/fpsuperiorufv.es\/blog\/wp-json\/wp\/v2\/posts\/281122\/revisions"}],"predecessor-version":[{"id":281308,"href":"https:\/\/fpsuperiorufv.es\/blog\/wp-json\/wp\/v2\/posts\/281122\/revisions\/281308"}],"wp:featuredmedia":[{"embeddable":true,"href":"https:\/\/fpsuperiorufv.es\/blog\/wp-json\/wp\/v2\/media\/2747"}],"wp:attachment":[{"href":"https:\/\/fpsuperiorufv.es\/blog\/wp-json\/wp\/v2\/media?parent=281122"}],"wp:term":[{"taxonomy":"category","embeddable":true,"href":"https:\/\/fpsuperiorufv.es\/blog\/wp-json\/wp\/v2\/categories?post=281122"},{"taxonomy":"post_tag","embeddable":true,"href":"https:\/\/fpsuperiorufv.es\/blog\/wp-json\/wp\/v2\/tags?post=281122"}],"curies":[{"name":"wp","href":"https:\/\/api.w.org\/{rel}","templated":true}]}}