{"id":281131,"date":"2026-01-18T22:52:20","date_gmt":"2026-01-18T22:52:20","guid":{"rendered":"https:\/\/soleyantonio.es\/que-fp-elegir-si-quieres-emprender\/"},"modified":"2026-01-22T10:35:42","modified_gmt":"2026-01-22T09:35:42","slug":"que-fp-elegir-si-quieres-emprender-blog","status":"publish","type":"post","link":"https:\/\/fpsuperiorufv.es\/blog\/que-fp-elegir-si-quieres-emprender-blog\/","title":{"rendered":"Qu\u00e9 FP elegir si quieres emprender"},"content":{"rendered":"<h2>Qu\u00e9 FP elegir si quieres emprender<\/h2>\n<section>Si est\u00e1s pensando en emprender, elegir la FP adecuada puede ser un primer paso clave hacia tu \u00e9xito. En el mundo actual, donde la innovaci\u00f3n y la creatividad son esenciales, contar con una formaci\u00f3n espec\u00edfica puede marcar la diferencia. En este art\u00edculo, te ayudaremos a descubrir qu\u00e9 Ciclo Formativo de Grado Superior es el mejor para ti si quieres iniciar tu propio negocio.<\/p>\n<h2>Curiosidades y datos interesantes sobre la FP y el emprendimiento<\/h2>\n<ul>\n<li>El 80% de los emprendedores en Espa\u00f1a tienen formaci\u00f3n profesional.<\/li>\n<li>Las empresas lideradas por j\u00f3venes emprendedores crecen un 30% m\u00e1s r\u00e1pido que las tradicionales.<\/li>\n<li>El 70% de los estudiantes de FP encuentran empleo antes de los seis meses de finalizar sus estudios.<\/li>\n<li>Los Ciclos Formativos de Grado Superior incluyen pr\u00e1cticas en empresas, facilitando la creaci\u00f3n de redes de contactos.<\/li>\n<li>La FP est\u00e1 en constante evoluci\u00f3n, adapt\u00e1ndose a las nuevas demandas del mercado laboral.<\/li>\n<\/ul>\n<\/section>\n<section>\n<h2>Tipos de FP que favorecen el emprendimiento<\/h2>\n<p>Algunas especialidades de FP est\u00e1n espec\u00edficamente dise\u00f1adas para preparar a los estudiantes para el mundo empresarial. A continuaci\u00f3n, te presentamos algunos de los Ciclos Formativos de Grado Superior que puedes considerar si tu objetivo es emprender:<\/p>\n<h3>1. Administraci\u00f3n y Finanzas<\/h3>\n<p>Este ciclo te ense\u00f1ar\u00e1 a gestionar y administrar una empresa. Aprender\u00e1s sobre contabilidad, finanzas y recursos humanos, herramientas esenciales para cualquier emprendedor.<\/p>\n<h3>2. Marketing y Publicidad<\/h3>\n<p>Si quieres lanzar un producto o servicio, este ciclo es ideal. Te proporcionar\u00e1 las habilidades necesarias para crear campa\u00f1as efectivas y gestionar la imagen de tu marca.<\/p>\n<h3>3. Desarrollo de Aplicaciones Web<\/h3>\n<p>En la era digital, saber crear y gestionar aplicaciones web es crucial. Este ciclo te ense\u00f1ar\u00e1 a desarrollar proyectos digitales, una habilidad muy valorada en el mercado.<\/p>\n<h3>4. Comercio Internacional<\/h3>\n<p>Si tienes una visi\u00f3n global para tu negocio, este ciclo te ense\u00f1ar\u00e1 a operar a nivel internacional, abriendo puertas a nuevos mercados.<\/p>\n<p>Si alguno de estos Ciclos Formativos de Grado Superior te interesa, no dudes en <a href=\"https:\/\/fpsuperiorufv.es\/secretaria-admision-y-ayuda\/\">consultar el proceso de admisi\u00f3n<\/a> y dar el primer paso hacia tu futuro.<\/p>\n<\/section>\n<section>\n<h2>Ventajas de elegir una FP para emprender<\/h2>\n<p>Elegir un Ciclo Formativo de Grado Superior tiene m\u00faltiples ventajas si quieres emprender:<\/p>\n<ul>\n<li><strong>Formaci\u00f3n pr\u00e1ctica:<\/strong> La FP combina teor\u00eda y pr\u00e1ctica, lo que te permite aplicar lo aprendido en situaciones reales.<\/li>\n<li><strong>Red de contactos:<\/strong> Durante tus estudios, conocer\u00e1s a profesionales y otros emprendedores que pueden ayudarte en tu camino.<\/li>\n<li><strong>Adaptaci\u00f3n al mercado:<\/strong> La FP se actualiza constantemente para adaptarse a las necesidades del mercado laboral.<\/li>\n<li><strong>Acceso a programas de apoyo:<\/strong> Muchas instituciones ofrecen programas de apoyo a emprendedores que puedes aprovechar.<\/li>\n<\/ul>\n<\/section>\n<section>\n<h2>Consejos para futuros emprendedores<\/h2>\n<p>Adem\u00e1s de elegir el Ciclo Formativo adecuado, aqu\u00ed tienes algunos consejos que pueden ayudarte en tu camino como emprendedor:<\/p>\n<ul>\n<li><strong>Investiga el mercado:<\/strong> Antes de lanzar tu idea, aseg\u00farate de que existe demanda.<\/li>\n<li><strong>Desarrolla un plan de negocio:<\/strong> Un buen plan te guiar\u00e1 y te ayudar\u00e1 a identificar posibles obst\u00e1culos.<\/li>\n<li><strong>Con\u00e9ctate con otros emprendedores:<\/strong> El networking es clave; no dudes en asistir a eventos y ferias del sector.<\/li>\n<li><strong>Busca mentores:<\/strong> Contar con alguien con experiencia puede ser invaluable.<\/li>\n<li><strong>Ad\u00e1ptate y aprende:<\/strong> El mundo empresarial cambia r\u00e1pidamente; mantente actualizado y flexible.<\/li>\n<\/ul>\n<\/section>\n<section>\n<h2>\u00bfPor qu\u00e9 elegir FP Superior Francisco de Vitoria?<\/h2>\n<p>En nuestra instituci\u00f3n, estamos comprometidos con la formaci\u00f3n de futuros emprendedores. Ofrecemos un enfoque pr\u00e1ctico y personalizado, con un profesorado altamente cualificado. Adem\u00e1s, nuestras instalaciones est\u00e1n dise\u00f1adas para facilitar el aprendizaje y la creatividad.<\/p>\n<p>Te invitamos a que te unas a nosotros y descubras c\u00f3mo podemos ayudarte a alcanzar tus objetivos profesionales. Si te interesa, no dudes en <a href=\"https:\/\/fpsuperiorufv.es\/secretaria-admision-y-ayuda\/\">consultar el proceso de admisi\u00f3n<\/a> y dar el primer paso hacia tu futuro.<\/p>\n<\/section>\n<section>\n<h2>Preguntas Frecuentes<\/h2>\n<h2>\u00bfPuedo emprender mientras estudio un Ciclo Formativo de Grado Superior?<\/h2>\n<p>S\u00ed, muchos estudiantes inician sus proyectos mientras cursan sus estudios. La FP te ofrece la flexibilidad necesaria para compaginar ambas actividades.<\/p>\n<h2>\u00bfQu\u00e9 habilidades son m\u00e1s valoradas en un emprendedor?<\/h2>\n<p>La creatividad, la capacidad de an\u00e1lisis, la adaptabilidad y la habilidad para trabajar en equipo son algunas de las m\u00e1s importantes.<\/p>\n<h2>\u00bfEs necesario tener experiencia previa para estudiar FP?<\/h2>\n<p>No es necesario tener experiencia previa, pero contar con una idea clara sobre lo que deseas hacer puede ser muy \u00fatil.<\/p>\n<h2>\u00bfQu\u00e9 apoyo ofrece la FP Francisco de Vitoria a los emprendedores?<\/h2>\n<p>Ofrecemos asesoramiento, talleres y acceso a programas de incubaci\u00f3n que pueden ayudarte a desarrollar tu proyecto.<\/p>\n<\/section>\n<footer>\u00a9 2023 FP Superior Francisco de Vitoria. Todos los derechos reservados.<\/p>\n<\/footer>\n","protected":false},"excerpt":{"rendered":"<p>Qu\u00e9 FP elegir si quieres emprender Si est\u00e1s pensando en emprender, elegir la FP adecuada puede ser un primer paso clave hacia tu \u00e9xito. En el mundo actual, donde la innovaci\u00f3n y la creatividad son esenciales, contar con una formaci\u00f3n espec\u00edfica puede marcar la diferencia. En este art\u00edculo, te ayudaremos a descubrir qu\u00e9 Ciclo Formativo [&hellip;]<\/p>\n","protected":false},"author":3,"featured_media":1228,"comment_status":"open","ping_status":"open","sticky":false,"template":"","format":"standard","meta":{"inline_featured_image":false,"footnotes":""},"categories":[11,380,379,374,393],"tags":[],"class_list":["post-281131","post","type-post","status-publish","format-standard","has-post-thumbnail","hentry","category-administracion-y-finanzas","category-aplicaciones-multiplataforma","category-comercio-internacional","category-marketing","category-preguntas-frecuentes"],"yoast_head":"<!-- This site is optimized with the Yoast SEO plugin v27.4 - https:\/\/yoast.com\/product\/yoast-seo-wordpress\/ -->\n<title>Qu\u00e9 FP elegir si quieres emprender - Cetys<\/title>\n<meta name=\"robots\" content=\"index, follow, max-snippet:-1, max-image-preview:large, max-video-preview:-1\" \/>\n<link rel=\"canonical\" href=\"https:\/\/fpsuperiorufv.es\/blog\/que-fp-elegir-si-quieres-emprender-blog\/\" \/>\n<meta property=\"og:locale\" content=\"es_ES\" \/>\n<meta property=\"og:type\" content=\"article\" \/>\n<meta property=\"og:title\" content=\"Qu\u00e9 FP elegir si quieres emprender - Cetys\" \/>\n<meta property=\"og:description\" content=\"Qu\u00e9 FP elegir si quieres emprender Si est\u00e1s pensando en emprender, elegir la FP adecuada puede ser un primer paso clave hacia tu \u00e9xito. En el mundo actual, donde la innovaci\u00f3n y la creatividad son esenciales, contar con una formaci\u00f3n espec\u00edfica puede marcar la diferencia. En este art\u00edculo, te ayudaremos a descubrir qu\u00e9 Ciclo Formativo [&hellip;]\" \/>\n<meta property=\"og:url\" content=\"https:\/\/fpsuperiorufv.es\/blog\/que-fp-elegir-si-quieres-emprender-blog\/\" \/>\n<meta property=\"og:site_name\" content=\"Cetys\" \/>\n<meta property=\"article:published_time\" content=\"2026-01-18T22:52:20+00:00\" \/>\n<meta property=\"article:modified_time\" content=\"2026-01-22T09:35:42+00:00\" \/>\n<meta property=\"og:image\" content=\"https:\/\/fpsuperiorufv.es\/blog\/wp-content\/uploads\/2025\/07\/concepto-marca-solucion-estrategia-gestion-corporativa.jpg\" \/>\n\t<meta property=\"og:image:width\" content=\"1500\" \/>\n\t<meta property=\"og:image:height\" content=\"909\" \/>\n\t<meta property=\"og:image:type\" content=\"image\/jpeg\" \/>\n<meta name=\"author\" content=\"FP Superior UFV\" \/>\n<meta name=\"twitter:card\" content=\"summary_large_image\" \/>\n<meta name=\"twitter:label1\" content=\"Escrito por\" \/>\n\t<meta name=\"twitter:data1\" content=\"FP Superior UFV\" \/>\n\t<meta name=\"twitter:label2\" content=\"Tiempo de lectura\" \/>\n\t<meta name=\"twitter:data2\" content=\"4 minutos\" \/>\n<script type=\"application\/ld+json\" class=\"yoast-schema-graph\">{\"@context\":\"https:\\\/\\\/schema.org\",\"@graph\":[{\"@type\":\"Article\",\"@id\":\"https:\\\/\\\/fpsuperiorufv.es\\\/blog\\\/que-fp-elegir-si-quieres-emprender-blog\\\/#article\",\"isPartOf\":{\"@id\":\"https:\\\/\\\/fpsuperiorufv.es\\\/blog\\\/que-fp-elegir-si-quieres-emprender-blog\\\/\"},\"author\":{\"name\":\"FP Superior UFV\",\"@id\":\"https:\\\/\\\/fpsuperiorufv.es\\\/blog\\\/#\\\/schema\\\/person\\\/6eed41dc866f12d961994f51f39f8796\"},\"headline\":\"Qu\u00e9 FP elegir si quieres emprender\",\"datePublished\":\"2026-01-18T22:52:20+00:00\",\"dateModified\":\"2026-01-22T09:35:42+00:00\",\"mainEntityOfPage\":{\"@id\":\"https:\\\/\\\/fpsuperiorufv.es\\\/blog\\\/que-fp-elegir-si-quieres-emprender-blog\\\/\"},\"wordCount\":773,\"commentCount\":0,\"publisher\":{\"@id\":\"https:\\\/\\\/fpsuperiorufv.es\\\/blog\\\/#organization\"},\"image\":{\"@id\":\"https:\\\/\\\/fpsuperiorufv.es\\\/blog\\\/que-fp-elegir-si-quieres-emprender-blog\\\/#primaryimage\"},\"thumbnailUrl\":\"https:\\\/\\\/fpsuperiorufv.es\\\/blog\\\/wp-content\\\/uploads\\\/2025\\\/07\\\/concepto-marca-solucion-estrategia-gestion-corporativa.jpg\",\"articleSection\":[\"Administraci\u00f3n y finanzas\",\"Aplicaciones Multiplataforma\",\"comercio internacional\",\"Marketing\",\"Preguntas frecuentes\"],\"inLanguage\":\"es\",\"potentialAction\":[{\"@type\":\"CommentAction\",\"name\":\"Comment\",\"target\":[\"https:\\\/\\\/fpsuperiorufv.es\\\/blog\\\/que-fp-elegir-si-quieres-emprender-blog\\\/#respond\"]}]},{\"@type\":\"WebPage\",\"@id\":\"https:\\\/\\\/fpsuperiorufv.es\\\/blog\\\/que-fp-elegir-si-quieres-emprender-blog\\\/\",\"url\":\"https:\\\/\\\/fpsuperiorufv.es\\\/blog\\\/que-fp-elegir-si-quieres-emprender-blog\\\/\",\"name\":\"Qu\u00e9 FP elegir si quieres emprender - Cetys\",\"isPartOf\":{\"@id\":\"https:\\\/\\\/fpsuperiorufv.es\\\/blog\\\/#website\"},\"primaryImageOfPage\":{\"@id\":\"https:\\\/\\\/fpsuperiorufv.es\\\/blog\\\/que-fp-elegir-si-quieres-emprender-blog\\\/#primaryimage\"},\"image\":{\"@id\":\"https:\\\/\\\/fpsuperiorufv.es\\\/blog\\\/que-fp-elegir-si-quieres-emprender-blog\\\/#primaryimage\"},\"thumbnailUrl\":\"https:\\\/\\\/fpsuperiorufv.es\\\/blog\\\/wp-content\\\/uploads\\\/2025\\\/07\\\/concepto-marca-solucion-estrategia-gestion-corporativa.jpg\",\"datePublished\":\"2026-01-18T22:52:20+00:00\",\"dateModified\":\"2026-01-22T09:35:42+00:00\",\"breadcrumb\":{\"@id\":\"https:\\\/\\\/fpsuperiorufv.es\\\/blog\\\/que-fp-elegir-si-quieres-emprender-blog\\\/#breadcrumb\"},\"inLanguage\":\"es\",\"potentialAction\":[{\"@type\":\"ReadAction\",\"target\":[\"https:\\\/\\\/fpsuperiorufv.es\\\/blog\\\/que-fp-elegir-si-quieres-emprender-blog\\\/\"]}]},{\"@type\":\"ImageObject\",\"inLanguage\":\"es\",\"@id\":\"https:\\\/\\\/fpsuperiorufv.es\\\/blog\\\/que-fp-elegir-si-quieres-emprender-blog\\\/#primaryimage\",\"url\":\"https:\\\/\\\/fpsuperiorufv.es\\\/blog\\\/wp-content\\\/uploads\\\/2025\\\/07\\\/concepto-marca-solucion-estrategia-gestion-corporativa.jpg\",\"contentUrl\":\"https:\\\/\\\/fpsuperiorufv.es\\\/blog\\\/wp-content\\\/uploads\\\/2025\\\/07\\\/concepto-marca-solucion-estrategia-gestion-corporativa.jpg\",\"width\":1500,\"height\":909},{\"@type\":\"BreadcrumbList\",\"@id\":\"https:\\\/\\\/fpsuperiorufv.es\\\/blog\\\/que-fp-elegir-si-quieres-emprender-blog\\\/#breadcrumb\",\"itemListElement\":[{\"@type\":\"ListItem\",\"position\":1,\"name\":\"Home\",\"item\":\"https:\\\/\\\/fpsuperiorufv.es\\\/blog\\\/\"},{\"@type\":\"ListItem\",\"position\":2,\"name\":\"Qu\u00e9 FP elegir si quieres emprender\"}]},{\"@type\":\"WebSite\",\"@id\":\"https:\\\/\\\/fpsuperiorufv.es\\\/blog\\\/#website\",\"url\":\"https:\\\/\\\/fpsuperiorufv.es\\\/blog\\\/\",\"name\":\"Fp Superior Francisco de Vitoria\",\"description\":\"\",\"publisher\":{\"@id\":\"https:\\\/\\\/fpsuperiorufv.es\\\/blog\\\/#organization\"},\"alternateName\":\"Cetys\",\"potentialAction\":[{\"@type\":\"SearchAction\",\"target\":{\"@type\":\"EntryPoint\",\"urlTemplate\":\"https:\\\/\\\/fpsuperiorufv.es\\\/blog\\\/?s={search_term_string}\"},\"query-input\":{\"@type\":\"PropertyValueSpecification\",\"valueRequired\":true,\"valueName\":\"search_term_string\"}}],\"inLanguage\":\"es\"},{\"@type\":\"Organization\",\"@id\":\"https:\\\/\\\/fpsuperiorufv.es\\\/blog\\\/#organization\",\"name\":\"Cetys\",\"url\":\"https:\\\/\\\/fpsuperiorufv.es\\\/blog\\\/\",\"logo\":{\"@type\":\"ImageObject\",\"inLanguage\":\"es\",\"@id\":\"https:\\\/\\\/fpsuperiorufv.es\\\/blog\\\/#\\\/schema\\\/logo\\\/image\\\/\",\"url\":\"https:\\\/\\\/fpsuperiorufv.lo\\\/wp-content\\\/uploads\\\/2025\\\/02\\\/logo.svg\",\"contentUrl\":\"https:\\\/\\\/fpsuperiorufv.lo\\\/wp-content\\\/uploads\\\/2025\\\/02\\\/logo.svg\",\"width\":\"1024\",\"height\":\"1024\",\"caption\":\"Cetys\"},\"image\":{\"@id\":\"https:\\\/\\\/fpsuperiorufv.es\\\/blog\\\/#\\\/schema\\\/logo\\\/image\\\/\"}},{\"@type\":\"Person\",\"@id\":\"https:\\\/\\\/fpsuperiorufv.es\\\/blog\\\/#\\\/schema\\\/person\\\/6eed41dc866f12d961994f51f39f8796\",\"name\":\"FP Superior UFV\",\"image\":{\"@type\":\"ImageObject\",\"inLanguage\":\"es\",\"@id\":\"https:\\\/\\\/secure.gravatar.com\\\/avatar\\\/2cb5eeb90ddddf18129790c93583d4ae96ca8a625c07994637c8fc9d35252ce5?s=96&d=mm&r=g\",\"url\":\"https:\\\/\\\/secure.gravatar.com\\\/avatar\\\/2cb5eeb90ddddf18129790c93583d4ae96ca8a625c07994637c8fc9d35252ce5?s=96&d=mm&r=g\",\"contentUrl\":\"https:\\\/\\\/secure.gravatar.com\\\/avatar\\\/2cb5eeb90ddddf18129790c93583d4ae96ca8a625c07994637c8fc9d35252ce5?s=96&d=mm&r=g\",\"caption\":\"FP Superior UFV\"},\"url\":\"https:\\\/\\\/fpsuperiorufv.es\\\/blog\\\/author\\\/cetys\\\/\"}]}<\/script>\n<!-- \/ Yoast SEO plugin. -->","yoast_head_json":{"title":"Qu\u00e9 FP elegir si quieres emprender - Cetys","robots":{"index":"index","follow":"follow","max-snippet":"max-snippet:-1","max-image-preview":"max-image-preview:large","max-video-preview":"max-video-preview:-1"},"canonical":"https:\/\/fpsuperiorufv.es\/blog\/que-fp-elegir-si-quieres-emprender-blog\/","og_locale":"es_ES","og_type":"article","og_title":"Qu\u00e9 FP elegir si quieres emprender - Cetys","og_description":"Qu\u00e9 FP elegir si quieres emprender Si est\u00e1s pensando en emprender, elegir la FP adecuada puede ser un primer paso clave hacia tu \u00e9xito. En el mundo actual, donde la innovaci\u00f3n y la creatividad son esenciales, contar con una formaci\u00f3n espec\u00edfica puede marcar la diferencia. En este art\u00edculo, te ayudaremos a descubrir qu\u00e9 Ciclo Formativo [&hellip;]","og_url":"https:\/\/fpsuperiorufv.es\/blog\/que-fp-elegir-si-quieres-emprender-blog\/","og_site_name":"Cetys","article_published_time":"2026-01-18T22:52:20+00:00","article_modified_time":"2026-01-22T09:35:42+00:00","og_image":[{"width":1500,"height":909,"url":"https:\/\/fpsuperiorufv.es\/blog\/wp-content\/uploads\/2025\/07\/concepto-marca-solucion-estrategia-gestion-corporativa.jpg","type":"image\/jpeg"}],"author":"FP Superior UFV","twitter_card":"summary_large_image","twitter_misc":{"Escrito por":"FP Superior UFV","Tiempo de lectura":"4 minutos"},"schema":{"@context":"https:\/\/schema.org","@graph":[{"@type":"Article","@id":"https:\/\/fpsuperiorufv.es\/blog\/que-fp-elegir-si-quieres-emprender-blog\/#article","isPartOf":{"@id":"https:\/\/fpsuperiorufv.es\/blog\/que-fp-elegir-si-quieres-emprender-blog\/"},"author":{"name":"FP Superior UFV","@id":"https:\/\/fpsuperiorufv.es\/blog\/#\/schema\/person\/6eed41dc866f12d961994f51f39f8796"},"headline":"Qu\u00e9 FP elegir si quieres emprender","datePublished":"2026-01-18T22:52:20+00:00","dateModified":"2026-01-22T09:35:42+00:00","mainEntityOfPage":{"@id":"https:\/\/fpsuperiorufv.es\/blog\/que-fp-elegir-si-quieres-emprender-blog\/"},"wordCount":773,"commentCount":0,"publisher":{"@id":"https:\/\/fpsuperiorufv.es\/blog\/#organization"},"image":{"@id":"https:\/\/fpsuperiorufv.es\/blog\/que-fp-elegir-si-quieres-emprender-blog\/#primaryimage"},"thumbnailUrl":"https:\/\/fpsuperiorufv.es\/blog\/wp-content\/uploads\/2025\/07\/concepto-marca-solucion-estrategia-gestion-corporativa.jpg","articleSection":["Administraci\u00f3n y finanzas","Aplicaciones Multiplataforma","comercio internacional","Marketing","Preguntas frecuentes"],"inLanguage":"es","potentialAction":[{"@type":"CommentAction","name":"Comment","target":["https:\/\/fpsuperiorufv.es\/blog\/que-fp-elegir-si-quieres-emprender-blog\/#respond"]}]},{"@type":"WebPage","@id":"https:\/\/fpsuperiorufv.es\/blog\/que-fp-elegir-si-quieres-emprender-blog\/","url":"https:\/\/fpsuperiorufv.es\/blog\/que-fp-elegir-si-quieres-emprender-blog\/","name":"Qu\u00e9 FP elegir si quieres emprender - Cetys","isPartOf":{"@id":"https:\/\/fpsuperiorufv.es\/blog\/#website"},"primaryImageOfPage":{"@id":"https:\/\/fpsuperiorufv.es\/blog\/que-fp-elegir-si-quieres-emprender-blog\/#primaryimage"},"image":{"@id":"https:\/\/fpsuperiorufv.es\/blog\/que-fp-elegir-si-quieres-emprender-blog\/#primaryimage"},"thumbnailUrl":"https:\/\/fpsuperiorufv.es\/blog\/wp-content\/uploads\/2025\/07\/concepto-marca-solucion-estrategia-gestion-corporativa.jpg","datePublished":"2026-01-18T22:52:20+00:00","dateModified":"2026-01-22T09:35:42+00:00","breadcrumb":{"@id":"https:\/\/fpsuperiorufv.es\/blog\/que-fp-elegir-si-quieres-emprender-blog\/#breadcrumb"},"inLanguage":"es","potentialAction":[{"@type":"ReadAction","target":["https:\/\/fpsuperiorufv.es\/blog\/que-fp-elegir-si-quieres-emprender-blog\/"]}]},{"@type":"ImageObject","inLanguage":"es","@id":"https:\/\/fpsuperiorufv.es\/blog\/que-fp-elegir-si-quieres-emprender-blog\/#primaryimage","url":"https:\/\/fpsuperiorufv.es\/blog\/wp-content\/uploads\/2025\/07\/concepto-marca-solucion-estrategia-gestion-corporativa.jpg","contentUrl":"https:\/\/fpsuperiorufv.es\/blog\/wp-content\/uploads\/2025\/07\/concepto-marca-solucion-estrategia-gestion-corporativa.jpg","width":1500,"height":909},{"@type":"BreadcrumbList","@id":"https:\/\/fpsuperiorufv.es\/blog\/que-fp-elegir-si-quieres-emprender-blog\/#breadcrumb","itemListElement":[{"@type":"ListItem","position":1,"name":"Home","item":"https:\/\/fpsuperiorufv.es\/blog\/"},{"@type":"ListItem","position":2,"name":"Qu\u00e9 FP elegir si quieres emprender"}]},{"@type":"WebSite","@id":"https:\/\/fpsuperiorufv.es\/blog\/#website","url":"https:\/\/fpsuperiorufv.es\/blog\/","name":"Fp Superior Francisco de Vitoria","description":"","publisher":{"@id":"https:\/\/fpsuperiorufv.es\/blog\/#organization"},"alternateName":"Cetys","potentialAction":[{"@type":"SearchAction","target":{"@type":"EntryPoint","urlTemplate":"https:\/\/fpsuperiorufv.es\/blog\/?s={search_term_string}"},"query-input":{"@type":"PropertyValueSpecification","valueRequired":true,"valueName":"search_term_string"}}],"inLanguage":"es"},{"@type":"Organization","@id":"https:\/\/fpsuperiorufv.es\/blog\/#organization","name":"Cetys","url":"https:\/\/fpsuperiorufv.es\/blog\/","logo":{"@type":"ImageObject","inLanguage":"es","@id":"https:\/\/fpsuperiorufv.es\/blog\/#\/schema\/logo\/image\/","url":"https:\/\/fpsuperiorufv.lo\/wp-content\/uploads\/2025\/02\/logo.svg","contentUrl":"https:\/\/fpsuperiorufv.lo\/wp-content\/uploads\/2025\/02\/logo.svg","width":"1024","height":"1024","caption":"Cetys"},"image":{"@id":"https:\/\/fpsuperiorufv.es\/blog\/#\/schema\/logo\/image\/"}},{"@type":"Person","@id":"https:\/\/fpsuperiorufv.es\/blog\/#\/schema\/person\/6eed41dc866f12d961994f51f39f8796","name":"FP Superior UFV","image":{"@type":"ImageObject","inLanguage":"es","@id":"https:\/\/secure.gravatar.com\/avatar\/2cb5eeb90ddddf18129790c93583d4ae96ca8a625c07994637c8fc9d35252ce5?s=96&d=mm&r=g","url":"https:\/\/secure.gravatar.com\/avatar\/2cb5eeb90ddddf18129790c93583d4ae96ca8a625c07994637c8fc9d35252ce5?s=96&d=mm&r=g","contentUrl":"https:\/\/secure.gravatar.com\/avatar\/2cb5eeb90ddddf18129790c93583d4ae96ca8a625c07994637c8fc9d35252ce5?s=96&d=mm&r=g","caption":"FP Superior UFV"},"url":"https:\/\/fpsuperiorufv.es\/blog\/author\/cetys\/"}]}},"_links":{"self":[{"href":"https:\/\/fpsuperiorufv.es\/blog\/wp-json\/wp\/v2\/posts\/281131","targetHints":{"allow":["GET"]}}],"collection":[{"href":"https:\/\/fpsuperiorufv.es\/blog\/wp-json\/wp\/v2\/posts"}],"about":[{"href":"https:\/\/fpsuperiorufv.es\/blog\/wp-json\/wp\/v2\/types\/post"}],"author":[{"embeddable":true,"href":"https:\/\/fpsuperiorufv.es\/blog\/wp-json\/wp\/v2\/users\/3"}],"replies":[{"embeddable":true,"href":"https:\/\/fpsuperiorufv.es\/blog\/wp-json\/wp\/v2\/comments?post=281131"}],"version-history":[{"count":1,"href":"https:\/\/fpsuperiorufv.es\/blog\/wp-json\/wp\/v2\/posts\/281131\/revisions"}],"predecessor-version":[{"id":281199,"href":"https:\/\/fpsuperiorufv.es\/blog\/wp-json\/wp\/v2\/posts\/281131\/revisions\/281199"}],"wp:featuredmedia":[{"embeddable":true,"href":"https:\/\/fpsuperiorufv.es\/blog\/wp-json\/wp\/v2\/media\/1228"}],"wp:attachment":[{"href":"https:\/\/fpsuperiorufv.es\/blog\/wp-json\/wp\/v2\/media?parent=281131"}],"wp:term":[{"taxonomy":"category","embeddable":true,"href":"https:\/\/fpsuperiorufv.es\/blog\/wp-json\/wp\/v2\/categories?post=281131"},{"taxonomy":"post_tag","embeddable":true,"href":"https:\/\/fpsuperiorufv.es\/blog\/wp-json\/wp\/v2\/tags?post=281131"}],"curies":[{"name":"wp","href":"https:\/\/api.w.org\/{rel}","templated":true}]}}