{"id":281184,"date":"2026-01-18T13:33:48","date_gmt":"2026-01-18T13:33:48","guid":{"rendered":"https:\/\/soleyantonio.es\/un-dia-en-la-fp-de-marketing-y-publicidad-en-la-ufv\/"},"modified":"2026-01-22T11:10:48","modified_gmt":"2026-01-22T10:10:48","slug":"un-dia-en-la-fp-de-marketing-y-publicidad-en-la-ufv-blog","status":"publish","type":"post","link":"https:\/\/fpsuperiorufv.es\/blog\/un-dia-en-la-fp-de-marketing-y-publicidad-en-la-ufv-blog\/","title":{"rendered":"Un d\u00eda en la FP de Marketing y Publicidad en la UFV"},"content":{"rendered":"<h2>Un d\u00eda en la FP de Marketing y Publicidad en la UFV<\/h2>\n<p>\u00bfTe imaginas c\u00f3mo ser\u00eda un d\u00eda en la FP de Marketing y Publicidad en la Universidad Francisco de Vitoria? En este art\u00edculo, te llevaremos a trav\u00e9s de una jornada t\u00edpica en nuestro Ciclo Formativo de Grado Superior. Aqu\u00ed, descubrir\u00e1s qu\u00e9 habilidades desarrollar\u00e1s, c\u00f3mo ser\u00e1n tus clases y qu\u00e9 oportunidades tendr\u00e1s para crecer profesionalmente en el mundo del marketing y la publicidad.<\/p>\n<h2>Curiosidades sobre el Ciclo de Marketing y Publicidad en la UFV<\/h2>\n<ul>\n<li>El 80% de nuestros estudiantes encuentra empleo en menos de seis meses tras finalizar el ciclo.<\/li>\n<li>Contamos con un equipo docente formado por profesionales del sector.<\/li>\n<li>Realizamos pr\u00e1cticas en empresas de renombre, facilitando tu inserci\u00f3n laboral.<\/li>\n<li>Ofrecemos un enfoque pr\u00e1ctico, donde el aprendizaje se centra en casos reales.<\/li>\n<li>El 90% de nuestros egresados afirma que la formaci\u00f3n fue clave para su desarrollo profesional.<\/li>\n<\/ul>\n<h2>Inicio de la jornada: \u00bfC\u00f3mo empieza tu d\u00eda?<\/h2>\n<p>La jornada comienza temprano, normalmente a las 9:00 de la ma\u00f1ana. Te recomendamos llegar unos minutos antes para disfrutar de un caf\u00e9 en nuestra cafeter\u00eda y conectar con tus compa\u00f1eros. A las 9:30, comienza la primera clase, y aqu\u00ed es donde empieza la aventura.<\/p>\n<h2>Las clases: Teor\u00eda y pr\u00e1ctica a partes iguales<\/h2>\n<p>En nuestro ciclo formativo, combinamos teor\u00eda con pr\u00e1ctica. Las asignaturas son variadas y abarcan desde fundamentos de marketing hasta gesti\u00f3n de campa\u00f1as publicitarias. Aqu\u00ed tienes un ejemplo de las materias que ver\u00e1s:<\/p>\n<ul>\n<li>Fundamentos de marketing<\/li>\n<li>Publicidad y relaciones p\u00fablicas<\/li>\n<li>Investigaci\u00f3n de mercados<\/li>\n<li>Gesti\u00f3n de redes sociales<\/li>\n<li>Marketing digital<\/li>\n<\/ul>\n<p>La metodolog\u00eda que utilizamos es activa y participativa. A menudo realizamos din\u00e1micas de grupo y proyectos conjuntos, lo que te permitir\u00e1 trabajar en equipo desde el primer d\u00eda.<\/p>\n<h2>Descanso a media ma\u00f1ana: Networking con compa\u00f1eros<\/h2>\n<p>A media ma\u00f1ana, disfrutamos de un descanso. Este es un momento ideal para socializar y hacer networking con tus compa\u00f1eros. Conocer a otros estudiantes te ayudar\u00e1 a ampliar tu red de contactos, algo fundamental en el mundo del marketing.<\/p>\n<h2>Proyectos reales: Aprendiendo haciendo<\/h2>\n<p>Una de las caracter\u00edsticas que m\u00e1s nos gusta de nuestro Ciclo Formativo es la realizaci\u00f3n de proyectos reales. A lo largo del curso, tendr\u00e1s la oportunidad de trabajar en campa\u00f1as publicitarias que se llevar\u00e1n a cabo en el mundo real. Esto incluye:<\/p>\n<ul>\n<li>Desarrollar un plan de marketing para un producto nuevo.<\/li>\n<li>Crear contenido para redes sociales de una marca.<\/li>\n<li>Realizar un estudio de mercado para identificar tendencias.<\/li>\n<\/ul>\n<p>Estos proyectos no solo son una excelente forma de aplicar lo aprendido, sino que tambi\u00e9n son una pieza clave para tu portafolio profesional.<\/p>\n<h2>Visitas a empresas: Conociendo el sector<\/h2>\n<p>Durante el curso, organizamos visitas a empresas del sector. Esto te permitir\u00e1 conocer de primera mano c\u00f3mo funcionan las agencias de publicidad y los departamentos de marketing. Aprender\u00e1s de profesionales en activo y podr\u00e1s hacer preguntas que te ayudar\u00e1n a entender mejor el entorno laboral.<\/p>\n<h2>Pr\u00e1cticas en empresas: Tu primer paso en el mundo laboral<\/h2>\n<p>Al finalizar el ciclo, tendr\u00e1s la oportunidad de realizar pr\u00e1cticas en empresas. Estas pr\u00e1cticas son fundamentales, ya que te permitir\u00e1n aplicar tus conocimientos en un entorno real. Algunas de las empresas donde han realizado pr\u00e1cticas nuestros alumnos son:<\/p>\n<ul>\n<li>Agencias de publicidad reconocidas.<\/li>\n<li>Departamentos de marketing de grandes marcas.<\/li>\n<li>Startups innovadoras en el \u00e1mbito digital.<\/li>\n<\/ul>\n<p>Las pr\u00e1cticas son una puerta de entrada al mercado laboral, y muchos de nuestros estudiantes han conseguido empleo tras finalizar su periodo de pr\u00e1cticas.<\/p>\n<h2>Fin de la jornada: Reflexiones y aprendizajes<\/h2>\n<p>La jornada termina alrededor de las 17:00 horas. Es un momento perfecto para reflexionar sobre lo aprendido y compartir experiencias con tus compa\u00f1eros. Al final del d\u00eda, te ir\u00e1s a casa con la satisfacci\u00f3n de haber adquirido nuevos conocimientos y habilidades.<\/p>\n<h2>\u00bfC\u00f3mo matricularse en el Ciclo Formativo de Marketing y Publicidad?<\/h2>\n<p>Si todo esto te ha convencido y quieres unirte a nosotros, no dudes en consultar nuestro <a href=https:\/\/fpsuperiorufv.es\/secretaria-admision-y-ayuda\/>proceso de admisi\u00f3n<\/a>. Estaremos encantados de recibirte y acompa\u00f1arte en esta nueva etapa de tu vida.<\/p>\n<h2>Preguntas frecuentes<\/h2>\n<h2>\u00bfQu\u00e9 requisitos necesito para acceder al Ciclo Formativo de Marketing y Publicidad?<\/h2>\n<p>Para acceder a nuestro ciclo, necesitas tener el t\u00edtulo de Bachillerato, un Ciclo Formativo de Grado Medio o una titulaci\u00f3n equivalente. Si tienes dudas, \u00a1preg\u00fantanos!<\/p>\n<h2>\u00bfQu\u00e9 salidas profesionales puedo tener tras finalizar el ciclo?<\/h2>\n<p>Al finalizar el ciclo, podr\u00e1s trabajar en diversos sectores, tales como:<\/p>\n<ul>\n<li>Agencias de publicidad<\/li>\n<li>Departamentos de marketing<\/li>\n<li>Emprendimiento en proyectos propios<\/li>\n<\/ul>\n<h2>\u00bfHay posibilidades de continuar mis estudios despu\u00e9s de este ciclo?<\/h2>\n<p>S\u00ed, tras finalizar el Ciclo Formativo de Grado Superior, tendr\u00e1s acceso a estudiar una carrera universitaria relacionada con el marketing, la publicidad o la comunicaci\u00f3n.<\/p>\n<h2>\u00bfD\u00f3nde puedo encontrar m\u00e1s informaci\u00f3n sobre el proceso de admisi\u00f3n?<\/h2>\n<p>Puedes encontrar toda la informaci\u00f3n que necesites en nuestro <a href=https:\/\/fpsuperiorufv.es\/secretaria-admision-y-ayuda\/>proceso de admisi\u00f3n<\/a>. No dudes en consultarlo y resolver tus dudas.<\/p>\n","protected":false},"excerpt":{"rendered":"<p>Un d\u00eda en la FP de Marketing y Publicidad en la UFV \u00bfTe imaginas c\u00f3mo ser\u00eda un d\u00eda en la FP de Marketing y Publicidad en la Universidad Francisco de Vitoria? En este art\u00edculo, te llevaremos a trav\u00e9s de una jornada t\u00edpica en nuestro Ciclo Formativo de Grado Superior. Aqu\u00ed, descubrir\u00e1s qu\u00e9 habilidades desarrollar\u00e1s, c\u00f3mo [&hellip;]<\/p>\n","protected":false},"author":3,"featured_media":2612,"comment_status":"open","ping_status":"open","sticky":false,"template":"","format":"standard","meta":{"inline_featured_image":false,"footnotes":""},"categories":[374,393],"tags":[],"class_list":["post-281184","post","type-post","status-publish","format-standard","has-post-thumbnail","hentry","category-marketing","category-preguntas-frecuentes"],"yoast_head":"<!-- This site is optimized with the Yoast SEO plugin v27.4 - https:\/\/yoast.com\/product\/yoast-seo-wordpress\/ -->\n<title>Un d\u00eda en la FP de Marketing y Publicidad en la UFV - Cetys<\/title>\n<meta name=\"robots\" content=\"index, follow, max-snippet:-1, max-image-preview:large, max-video-preview:-1\" \/>\n<link rel=\"canonical\" href=\"https:\/\/fpsuperiorufv.es\/blog\/un-dia-en-la-fp-de-marketing-y-publicidad-en-la-ufv-blog\/\" \/>\n<meta property=\"og:locale\" content=\"es_ES\" \/>\n<meta property=\"og:type\" content=\"article\" \/>\n<meta property=\"og:title\" content=\"Un d\u00eda en la FP de Marketing y Publicidad en la UFV - Cetys\" \/>\n<meta property=\"og:description\" content=\"Un d\u00eda en la FP de Marketing y Publicidad en la UFV \u00bfTe imaginas c\u00f3mo ser\u00eda un d\u00eda en la FP de Marketing y Publicidad en la Universidad Francisco de Vitoria? En este art\u00edculo, te llevaremos a trav\u00e9s de una jornada t\u00edpica en nuestro Ciclo Formativo de Grado Superior. Aqu\u00ed, descubrir\u00e1s qu\u00e9 habilidades desarrollar\u00e1s, c\u00f3mo [&hellip;]\" \/>\n<meta property=\"og:url\" content=\"https:\/\/fpsuperiorufv.es\/blog\/un-dia-en-la-fp-de-marketing-y-publicidad-en-la-ufv-blog\/\" \/>\n<meta property=\"og:site_name\" content=\"Cetys\" \/>\n<meta property=\"article:published_time\" content=\"2026-01-18T13:33:48+00:00\" \/>\n<meta property=\"article:modified_time\" content=\"2026-01-22T10:10:48+00:00\" \/>\n<meta property=\"og:image\" content=\"https:\/\/fpsuperiorufv.es\/blog\/wp-content\/uploads\/2025\/08\/hpS6HI.webp\" \/>\n\t<meta property=\"og:image:width\" content=\"1356\" \/>\n\t<meta property=\"og:image:height\" content=\"514\" \/>\n\t<meta property=\"og:image:type\" content=\"image\/webp\" \/>\n<meta name=\"author\" content=\"FP Superior UFV\" \/>\n<meta name=\"twitter:card\" content=\"summary_large_image\" \/>\n<meta name=\"twitter:label1\" content=\"Escrito por\" \/>\n\t<meta name=\"twitter:data1\" content=\"FP Superior UFV\" \/>\n\t<meta name=\"twitter:label2\" content=\"Tiempo de lectura\" \/>\n\t<meta name=\"twitter:data2\" content=\"4 minutos\" \/>\n<script type=\"application\/ld+json\" class=\"yoast-schema-graph\">{\"@context\":\"https:\\\/\\\/schema.org\",\"@graph\":[{\"@type\":\"Article\",\"@id\":\"https:\\\/\\\/fpsuperiorufv.es\\\/blog\\\/un-dia-en-la-fp-de-marketing-y-publicidad-en-la-ufv-blog\\\/#article\",\"isPartOf\":{\"@id\":\"https:\\\/\\\/fpsuperiorufv.es\\\/blog\\\/un-dia-en-la-fp-de-marketing-y-publicidad-en-la-ufv-blog\\\/\"},\"author\":{\"name\":\"FP Superior UFV\",\"@id\":\"https:\\\/\\\/fpsuperiorufv.es\\\/blog\\\/#\\\/schema\\\/person\\\/6eed41dc866f12d961994f51f39f8796\"},\"headline\":\"Un d\u00eda en la FP de Marketing y Publicidad en la UFV\",\"datePublished\":\"2026-01-18T13:33:48+00:00\",\"dateModified\":\"2026-01-22T10:10:48+00:00\",\"mainEntityOfPage\":{\"@id\":\"https:\\\/\\\/fpsuperiorufv.es\\\/blog\\\/un-dia-en-la-fp-de-marketing-y-publicidad-en-la-ufv-blog\\\/\"},\"wordCount\":871,\"commentCount\":0,\"publisher\":{\"@id\":\"https:\\\/\\\/fpsuperiorufv.es\\\/blog\\\/#organization\"},\"image\":{\"@id\":\"https:\\\/\\\/fpsuperiorufv.es\\\/blog\\\/un-dia-en-la-fp-de-marketing-y-publicidad-en-la-ufv-blog\\\/#primaryimage\"},\"thumbnailUrl\":\"https:\\\/\\\/fpsuperiorufv.es\\\/blog\\\/wp-content\\\/uploads\\\/2025\\\/08\\\/hpS6HI.webp\",\"articleSection\":[\"Marketing\",\"Preguntas frecuentes\"],\"inLanguage\":\"es\",\"potentialAction\":[{\"@type\":\"CommentAction\",\"name\":\"Comment\",\"target\":[\"https:\\\/\\\/fpsuperiorufv.es\\\/blog\\\/un-dia-en-la-fp-de-marketing-y-publicidad-en-la-ufv-blog\\\/#respond\"]}]},{\"@type\":\"WebPage\",\"@id\":\"https:\\\/\\\/fpsuperiorufv.es\\\/blog\\\/un-dia-en-la-fp-de-marketing-y-publicidad-en-la-ufv-blog\\\/\",\"url\":\"https:\\\/\\\/fpsuperiorufv.es\\\/blog\\\/un-dia-en-la-fp-de-marketing-y-publicidad-en-la-ufv-blog\\\/\",\"name\":\"Un d\u00eda en la FP de Marketing y Publicidad en la UFV - Cetys\",\"isPartOf\":{\"@id\":\"https:\\\/\\\/fpsuperiorufv.es\\\/blog\\\/#website\"},\"primaryImageOfPage\":{\"@id\":\"https:\\\/\\\/fpsuperiorufv.es\\\/blog\\\/un-dia-en-la-fp-de-marketing-y-publicidad-en-la-ufv-blog\\\/#primaryimage\"},\"image\":{\"@id\":\"https:\\\/\\\/fpsuperiorufv.es\\\/blog\\\/un-dia-en-la-fp-de-marketing-y-publicidad-en-la-ufv-blog\\\/#primaryimage\"},\"thumbnailUrl\":\"https:\\\/\\\/fpsuperiorufv.es\\\/blog\\\/wp-content\\\/uploads\\\/2025\\\/08\\\/hpS6HI.webp\",\"datePublished\":\"2026-01-18T13:33:48+00:00\",\"dateModified\":\"2026-01-22T10:10:48+00:00\",\"breadcrumb\":{\"@id\":\"https:\\\/\\\/fpsuperiorufv.es\\\/blog\\\/un-dia-en-la-fp-de-marketing-y-publicidad-en-la-ufv-blog\\\/#breadcrumb\"},\"inLanguage\":\"es\",\"potentialAction\":[{\"@type\":\"ReadAction\",\"target\":[\"https:\\\/\\\/fpsuperiorufv.es\\\/blog\\\/un-dia-en-la-fp-de-marketing-y-publicidad-en-la-ufv-blog\\\/\"]}]},{\"@type\":\"ImageObject\",\"inLanguage\":\"es\",\"@id\":\"https:\\\/\\\/fpsuperiorufv.es\\\/blog\\\/un-dia-en-la-fp-de-marketing-y-publicidad-en-la-ufv-blog\\\/#primaryimage\",\"url\":\"https:\\\/\\\/fpsuperiorufv.es\\\/blog\\\/wp-content\\\/uploads\\\/2025\\\/08\\\/hpS6HI.webp\",\"contentUrl\":\"https:\\\/\\\/fpsuperiorufv.es\\\/blog\\\/wp-content\\\/uploads\\\/2025\\\/08\\\/hpS6HI.webp\",\"width\":1356,\"height\":514},{\"@type\":\"BreadcrumbList\",\"@id\":\"https:\\\/\\\/fpsuperiorufv.es\\\/blog\\\/un-dia-en-la-fp-de-marketing-y-publicidad-en-la-ufv-blog\\\/#breadcrumb\",\"itemListElement\":[{\"@type\":\"ListItem\",\"position\":1,\"name\":\"Home\",\"item\":\"https:\\\/\\\/fpsuperiorufv.es\\\/blog\\\/\"},{\"@type\":\"ListItem\",\"position\":2,\"name\":\"Un d\u00eda en la FP de Marketing y Publicidad en la UFV\"}]},{\"@type\":\"WebSite\",\"@id\":\"https:\\\/\\\/fpsuperiorufv.es\\\/blog\\\/#website\",\"url\":\"https:\\\/\\\/fpsuperiorufv.es\\\/blog\\\/\",\"name\":\"Fp Superior Francisco de Vitoria\",\"description\":\"\",\"publisher\":{\"@id\":\"https:\\\/\\\/fpsuperiorufv.es\\\/blog\\\/#organization\"},\"alternateName\":\"Cetys\",\"potentialAction\":[{\"@type\":\"SearchAction\",\"target\":{\"@type\":\"EntryPoint\",\"urlTemplate\":\"https:\\\/\\\/fpsuperiorufv.es\\\/blog\\\/?s={search_term_string}\"},\"query-input\":{\"@type\":\"PropertyValueSpecification\",\"valueRequired\":true,\"valueName\":\"search_term_string\"}}],\"inLanguage\":\"es\"},{\"@type\":\"Organization\",\"@id\":\"https:\\\/\\\/fpsuperiorufv.es\\\/blog\\\/#organization\",\"name\":\"Cetys\",\"url\":\"https:\\\/\\\/fpsuperiorufv.es\\\/blog\\\/\",\"logo\":{\"@type\":\"ImageObject\",\"inLanguage\":\"es\",\"@id\":\"https:\\\/\\\/fpsuperiorufv.es\\\/blog\\\/#\\\/schema\\\/logo\\\/image\\\/\",\"url\":\"https:\\\/\\\/fpsuperiorufv.lo\\\/wp-content\\\/uploads\\\/2025\\\/02\\\/logo.svg\",\"contentUrl\":\"https:\\\/\\\/fpsuperiorufv.lo\\\/wp-content\\\/uploads\\\/2025\\\/02\\\/logo.svg\",\"width\":\"1024\",\"height\":\"1024\",\"caption\":\"Cetys\"},\"image\":{\"@id\":\"https:\\\/\\\/fpsuperiorufv.es\\\/blog\\\/#\\\/schema\\\/logo\\\/image\\\/\"}},{\"@type\":\"Person\",\"@id\":\"https:\\\/\\\/fpsuperiorufv.es\\\/blog\\\/#\\\/schema\\\/person\\\/6eed41dc866f12d961994f51f39f8796\",\"name\":\"FP Superior UFV\",\"image\":{\"@type\":\"ImageObject\",\"inLanguage\":\"es\",\"@id\":\"https:\\\/\\\/secure.gravatar.com\\\/avatar\\\/2cb5eeb90ddddf18129790c93583d4ae96ca8a625c07994637c8fc9d35252ce5?s=96&d=mm&r=g\",\"url\":\"https:\\\/\\\/secure.gravatar.com\\\/avatar\\\/2cb5eeb90ddddf18129790c93583d4ae96ca8a625c07994637c8fc9d35252ce5?s=96&d=mm&r=g\",\"contentUrl\":\"https:\\\/\\\/secure.gravatar.com\\\/avatar\\\/2cb5eeb90ddddf18129790c93583d4ae96ca8a625c07994637c8fc9d35252ce5?s=96&d=mm&r=g\",\"caption\":\"FP Superior UFV\"},\"url\":\"https:\\\/\\\/fpsuperiorufv.es\\\/blog\\\/author\\\/cetys\\\/\"}]}<\/script>\n<!-- \/ Yoast SEO plugin. -->","yoast_head_json":{"title":"Un d\u00eda en la FP de Marketing y Publicidad en la UFV - Cetys","robots":{"index":"index","follow":"follow","max-snippet":"max-snippet:-1","max-image-preview":"max-image-preview:large","max-video-preview":"max-video-preview:-1"},"canonical":"https:\/\/fpsuperiorufv.es\/blog\/un-dia-en-la-fp-de-marketing-y-publicidad-en-la-ufv-blog\/","og_locale":"es_ES","og_type":"article","og_title":"Un d\u00eda en la FP de Marketing y Publicidad en la UFV - Cetys","og_description":"Un d\u00eda en la FP de Marketing y Publicidad en la UFV \u00bfTe imaginas c\u00f3mo ser\u00eda un d\u00eda en la FP de Marketing y Publicidad en la Universidad Francisco de Vitoria? En este art\u00edculo, te llevaremos a trav\u00e9s de una jornada t\u00edpica en nuestro Ciclo Formativo de Grado Superior. Aqu\u00ed, descubrir\u00e1s qu\u00e9 habilidades desarrollar\u00e1s, c\u00f3mo [&hellip;]","og_url":"https:\/\/fpsuperiorufv.es\/blog\/un-dia-en-la-fp-de-marketing-y-publicidad-en-la-ufv-blog\/","og_site_name":"Cetys","article_published_time":"2026-01-18T13:33:48+00:00","article_modified_time":"2026-01-22T10:10:48+00:00","og_image":[{"width":1356,"height":514,"url":"https:\/\/fpsuperiorufv.es\/blog\/wp-content\/uploads\/2025\/08\/hpS6HI.webp","type":"image\/webp"}],"author":"FP Superior UFV","twitter_card":"summary_large_image","twitter_misc":{"Escrito por":"FP Superior UFV","Tiempo de lectura":"4 minutos"},"schema":{"@context":"https:\/\/schema.org","@graph":[{"@type":"Article","@id":"https:\/\/fpsuperiorufv.es\/blog\/un-dia-en-la-fp-de-marketing-y-publicidad-en-la-ufv-blog\/#article","isPartOf":{"@id":"https:\/\/fpsuperiorufv.es\/blog\/un-dia-en-la-fp-de-marketing-y-publicidad-en-la-ufv-blog\/"},"author":{"name":"FP Superior UFV","@id":"https:\/\/fpsuperiorufv.es\/blog\/#\/schema\/person\/6eed41dc866f12d961994f51f39f8796"},"headline":"Un d\u00eda en la FP de Marketing y Publicidad en la UFV","datePublished":"2026-01-18T13:33:48+00:00","dateModified":"2026-01-22T10:10:48+00:00","mainEntityOfPage":{"@id":"https:\/\/fpsuperiorufv.es\/blog\/un-dia-en-la-fp-de-marketing-y-publicidad-en-la-ufv-blog\/"},"wordCount":871,"commentCount":0,"publisher":{"@id":"https:\/\/fpsuperiorufv.es\/blog\/#organization"},"image":{"@id":"https:\/\/fpsuperiorufv.es\/blog\/un-dia-en-la-fp-de-marketing-y-publicidad-en-la-ufv-blog\/#primaryimage"},"thumbnailUrl":"https:\/\/fpsuperiorufv.es\/blog\/wp-content\/uploads\/2025\/08\/hpS6HI.webp","articleSection":["Marketing","Preguntas frecuentes"],"inLanguage":"es","potentialAction":[{"@type":"CommentAction","name":"Comment","target":["https:\/\/fpsuperiorufv.es\/blog\/un-dia-en-la-fp-de-marketing-y-publicidad-en-la-ufv-blog\/#respond"]}]},{"@type":"WebPage","@id":"https:\/\/fpsuperiorufv.es\/blog\/un-dia-en-la-fp-de-marketing-y-publicidad-en-la-ufv-blog\/","url":"https:\/\/fpsuperiorufv.es\/blog\/un-dia-en-la-fp-de-marketing-y-publicidad-en-la-ufv-blog\/","name":"Un d\u00eda en la FP de Marketing y Publicidad en la UFV - Cetys","isPartOf":{"@id":"https:\/\/fpsuperiorufv.es\/blog\/#website"},"primaryImageOfPage":{"@id":"https:\/\/fpsuperiorufv.es\/blog\/un-dia-en-la-fp-de-marketing-y-publicidad-en-la-ufv-blog\/#primaryimage"},"image":{"@id":"https:\/\/fpsuperiorufv.es\/blog\/un-dia-en-la-fp-de-marketing-y-publicidad-en-la-ufv-blog\/#primaryimage"},"thumbnailUrl":"https:\/\/fpsuperiorufv.es\/blog\/wp-content\/uploads\/2025\/08\/hpS6HI.webp","datePublished":"2026-01-18T13:33:48+00:00","dateModified":"2026-01-22T10:10:48+00:00","breadcrumb":{"@id":"https:\/\/fpsuperiorufv.es\/blog\/un-dia-en-la-fp-de-marketing-y-publicidad-en-la-ufv-blog\/#breadcrumb"},"inLanguage":"es","potentialAction":[{"@type":"ReadAction","target":["https:\/\/fpsuperiorufv.es\/blog\/un-dia-en-la-fp-de-marketing-y-publicidad-en-la-ufv-blog\/"]}]},{"@type":"ImageObject","inLanguage":"es","@id":"https:\/\/fpsuperiorufv.es\/blog\/un-dia-en-la-fp-de-marketing-y-publicidad-en-la-ufv-blog\/#primaryimage","url":"https:\/\/fpsuperiorufv.es\/blog\/wp-content\/uploads\/2025\/08\/hpS6HI.webp","contentUrl":"https:\/\/fpsuperiorufv.es\/blog\/wp-content\/uploads\/2025\/08\/hpS6HI.webp","width":1356,"height":514},{"@type":"BreadcrumbList","@id":"https:\/\/fpsuperiorufv.es\/blog\/un-dia-en-la-fp-de-marketing-y-publicidad-en-la-ufv-blog\/#breadcrumb","itemListElement":[{"@type":"ListItem","position":1,"name":"Home","item":"https:\/\/fpsuperiorufv.es\/blog\/"},{"@type":"ListItem","position":2,"name":"Un d\u00eda en la FP de Marketing y Publicidad en la UFV"}]},{"@type":"WebSite","@id":"https:\/\/fpsuperiorufv.es\/blog\/#website","url":"https:\/\/fpsuperiorufv.es\/blog\/","name":"Fp Superior Francisco de Vitoria","description":"","publisher":{"@id":"https:\/\/fpsuperiorufv.es\/blog\/#organization"},"alternateName":"Cetys","potentialAction":[{"@type":"SearchAction","target":{"@type":"EntryPoint","urlTemplate":"https:\/\/fpsuperiorufv.es\/blog\/?s={search_term_string}"},"query-input":{"@type":"PropertyValueSpecification","valueRequired":true,"valueName":"search_term_string"}}],"inLanguage":"es"},{"@type":"Organization","@id":"https:\/\/fpsuperiorufv.es\/blog\/#organization","name":"Cetys","url":"https:\/\/fpsuperiorufv.es\/blog\/","logo":{"@type":"ImageObject","inLanguage":"es","@id":"https:\/\/fpsuperiorufv.es\/blog\/#\/schema\/logo\/image\/","url":"https:\/\/fpsuperiorufv.lo\/wp-content\/uploads\/2025\/02\/logo.svg","contentUrl":"https:\/\/fpsuperiorufv.lo\/wp-content\/uploads\/2025\/02\/logo.svg","width":"1024","height":"1024","caption":"Cetys"},"image":{"@id":"https:\/\/fpsuperiorufv.es\/blog\/#\/schema\/logo\/image\/"}},{"@type":"Person","@id":"https:\/\/fpsuperiorufv.es\/blog\/#\/schema\/person\/6eed41dc866f12d961994f51f39f8796","name":"FP Superior UFV","image":{"@type":"ImageObject","inLanguage":"es","@id":"https:\/\/secure.gravatar.com\/avatar\/2cb5eeb90ddddf18129790c93583d4ae96ca8a625c07994637c8fc9d35252ce5?s=96&d=mm&r=g","url":"https:\/\/secure.gravatar.com\/avatar\/2cb5eeb90ddddf18129790c93583d4ae96ca8a625c07994637c8fc9d35252ce5?s=96&d=mm&r=g","contentUrl":"https:\/\/secure.gravatar.com\/avatar\/2cb5eeb90ddddf18129790c93583d4ae96ca8a625c07994637c8fc9d35252ce5?s=96&d=mm&r=g","caption":"FP Superior UFV"},"url":"https:\/\/fpsuperiorufv.es\/blog\/author\/cetys\/"}]}},"_links":{"self":[{"href":"https:\/\/fpsuperiorufv.es\/blog\/wp-json\/wp\/v2\/posts\/281184","targetHints":{"allow":["GET"]}}],"collection":[{"href":"https:\/\/fpsuperiorufv.es\/blog\/wp-json\/wp\/v2\/posts"}],"about":[{"href":"https:\/\/fpsuperiorufv.es\/blog\/wp-json\/wp\/v2\/types\/post"}],"author":[{"embeddable":true,"href":"https:\/\/fpsuperiorufv.es\/blog\/wp-json\/wp\/v2\/users\/3"}],"replies":[{"embeddable":true,"href":"https:\/\/fpsuperiorufv.es\/blog\/wp-json\/wp\/v2\/comments?post=281184"}],"version-history":[{"count":1,"href":"https:\/\/fpsuperiorufv.es\/blog\/wp-json\/wp\/v2\/posts\/281184\/revisions"}],"predecessor-version":[{"id":281201,"href":"https:\/\/fpsuperiorufv.es\/blog\/wp-json\/wp\/v2\/posts\/281184\/revisions\/281201"}],"wp:featuredmedia":[{"embeddable":true,"href":"https:\/\/fpsuperiorufv.es\/blog\/wp-json\/wp\/v2\/media\/2612"}],"wp:attachment":[{"href":"https:\/\/fpsuperiorufv.es\/blog\/wp-json\/wp\/v2\/media?parent=281184"}],"wp:term":[{"taxonomy":"category","embeddable":true,"href":"https:\/\/fpsuperiorufv.es\/blog\/wp-json\/wp\/v2\/categories?post=281184"},{"taxonomy":"post_tag","embeddable":true,"href":"https:\/\/fpsuperiorufv.es\/blog\/wp-json\/wp\/v2\/tags?post=281184"}],"curies":[{"name":"wp","href":"https:\/\/api.w.org\/{rel}","templated":true}]}}