{"id":281667,"date":"2026-02-03T19:01:40","date_gmt":"2026-02-03T19:01:40","guid":{"rendered":"https:\/\/soleyantonio.es\/estudiar-imagen-para-el-diagnostico-en-madrid-que-hospitales-y-clinicas-buscan-este-perfil\/"},"modified":"2026-02-10T13:22:01","modified_gmt":"2026-02-10T12:22:01","slug":"estudiar-imagen-para-el-diagnostico-en-madrid-que-hospitales-y-clinicas-buscan-este-perfil-preguntas-frecuentes","status":"publish","type":"post","link":"https:\/\/fpsuperiorufv.es\/blog\/estudiar-imagen-para-el-diagnostico-en-madrid-que-hospitales-y-clinicas-buscan-este-perfil-preguntas-frecuentes\/","title":{"rendered":"Estudiar Imagen para el Diagn\u00f3stico en Madrid: qu\u00e9 hospitales y cl\u00ednicas buscan este perfil"},"content":{"rendered":"<h2>Estudiar Imagen para el Diagn\u00f3stico en Madrid: qu\u00e9 hospitales y cl\u00ednicas buscan este perfil<\/h2>\n<p>Si sientes pasi\u00f3n por el \u00e1mbito de la salud y te interesa la tecnolog\u00eda, estudiar Imagen para el Diagn\u00f3stico puede ser una excelente elecci\u00f3n para ti. En Madrid, la demanda de profesionales capacitados en esta \u00e1rea est\u00e1 en constante crecimiento. En este art\u00edculo, exploraremos los hospitales y cl\u00ednicas que buscan este perfil, as\u00ed como las oportunidades que te esperan al concluir tu formaci\u00f3n.<\/p>\n<h2>Curiosidades y datos interesantes<\/h2>\n<ul>\n<li><strong>Demanda creciente:<\/strong> Se estima que la necesidad de t\u00e9cnicos en Imagen para el Diagn\u00f3stico aumentar\u00e1 un 20% en los pr\u00f3ximos a\u00f1os en Espa\u00f1a.<\/li>\n<li><strong>Variedad de especialidades:<\/strong> Los profesionales en este campo pueden especializarse en diferentes \u00e1reas como radiolog\u00eda, ecograf\u00eda y resonancia magn\u00e9tica.<\/li>\n<li><strong>Salarios competitivos:<\/strong> El salario promedio de un t\u00e9cnico en Imagen para el Diagn\u00f3stico en Madrid ronda los 25,000 a 35,000 euros anuales.<\/li>\n<li><strong>Entorno din\u00e1mico:<\/strong> Trabajar\u00e1s en un entorno que combina la tecnolog\u00eda m\u00e1s avanzada con el trato humano en el \u00e1mbito de la salud.<\/li>\n<li><strong>Formaci\u00f3n pr\u00e1ctica:<\/strong> Al estudiar en la FP Superior Francisco de Vitoria, tendr\u00e1s acceso a pr\u00e1cticas en hospitales y cl\u00ednicas de renombre.<\/li>\n<\/ul>\n<h2>\u00bfPor qu\u00e9 estudiar Imagen para el Diagn\u00f3stico?<\/h2>\n<p>Estudiar Imagen para el Diagn\u00f3stico no solo te brindar\u00e1 una formaci\u00f3n t\u00e9cnica s\u00f3lida, sino que tambi\u00e9n te permitir\u00e1 contribuir al bienestar de las personas. Este ciclo formativo combina teor\u00eda y pr\u00e1ctica, lo que te prepara para enfrentar los retos del d\u00eda a d\u00eda en un entorno sanitario.<\/p>\n<h2>Oportunidades laborales en hospitales y cl\u00ednicas de Madrid<\/h2>\n<p>En Madrid, existen m\u00faltiples hospitales y cl\u00ednicas que siempre est\u00e1n en b\u00fasqueda de profesionales cualificados en Imagen para el Diagn\u00f3stico. A continuaci\u00f3n, te presentamos algunos de los m\u00e1s destacados:<\/p>\n<h3>Hospitals P\u00fablicos<\/h3>\n<ul>\n<li><strong>Hospital Universitario La Paz:<\/strong> Uno de los hospitales m\u00e1s grandes de Madrid, conocido por su tecnolog\u00eda avanzada y su enfoque en la investigaci\u00f3n.<\/li>\n<li><strong>Hospital Cl\u00ednico San Carlos:<\/strong> Con una amplia gama de especialidades, este hospital busca t\u00e9cnicos en imagen para diversas \u00e1reas.<\/li>\n<li><strong>Hospital Gregorio Mara\u00f1\u00f3n:<\/strong> Centro de referencia en Madrid, siempre requiere personal bien formado en imagen m\u00e9dica.<\/li>\n<\/ul>\n<h3>Cl\u00ednicas Privadas<\/h3>\n<ul>\n<li><strong>Cl\u00ednica Santa Elena:<\/strong> Ofrece servicios de diagn\u00f3stico por imagen y busca profesionales capacitados para su equipo.<\/li>\n<li><strong>Cl\u00ednica CEMTRO:<\/strong> Especializada en medicina deportiva, est\u00e1 en constante b\u00fasqueda de t\u00e9cnicos en imagen para el diagn\u00f3stico.<\/li>\n<li><strong>Cl\u00ednica Sanitas:<\/strong> Parte de un gran grupo de salud, siempre est\u00e1 en busca de personal cualificado en el \u00e1rea de imagen m\u00e9dica.<\/li>\n<\/ul>\n<h2>El papel del t\u00e9cnico en Imagen para el Diagn\u00f3stico<\/h2>\n<p>Como t\u00e9cnico en Imagen para el Diagn\u00f3stico, tendr\u00e1s la responsabilidad de realizar diversas pruebas que ayudan a los m\u00e9dicos a diagnosticar enfermedades. Algunas de tus funciones incluir\u00e1n:<\/p>\n<ul>\n<li>Realizar radiograf\u00edas, ecograf\u00edas y resonancias magn\u00e9ticas.<\/li>\n<li>Preparar al paciente para los ex\u00e1menes y explicarle el procedimiento.<\/li>\n<li>Colaborar con otros profesionales de la salud para interpretar los resultados.<\/li>\n<\/ul>\n<h2>Formaci\u00f3n en FP Superior Francisco de Vitoria<\/h2>\n<p>En nuestra instituci\u00f3n, ofrecemos un ciclo formativo de grado superior en Imagen para el Diagn\u00f3stico que combina teor\u00eda y pr\u00e1ctica en un entorno de aprendizaje excepcional. Al matricularte, contar\u00e1s con:<\/p>\n<ul>\n<li>Acceso a laboratorios equipados con tecnolog\u00eda de \u00faltima generaci\u00f3n.<\/li>\n<li>Convenios con hospitales y cl\u00ednicas para realizar pr\u00e1cticas profesionales.<\/li>\n<li>Un equipo docente altamente cualificado y con experiencia en el sector.<\/li>\n<\/ul>\n<p>Para m\u00e1s informaci\u00f3n sobre el proceso de admisi\u00f3n, puedes visitar nuestra p\u00e1gina de <a href=https:\/\/fpsuperiorufv.es\/secretaria-admision-y-ayuda\/>Proceso de Admisi\u00f3n<\/a>.<\/p>\n<h2>\u00bfQu\u00e9 habilidades necesitas desarrollar?<\/h2>\n<p>Adem\u00e1s de la formaci\u00f3n t\u00e9cnica, hay una serie de habilidades que son muy valoradas en el campo de la Imagen para el Diagn\u00f3stico:<\/p>\n<ul>\n<li><strong>Atenci\u00f3n al detalle:<\/strong> Es fundamental para llevar a cabo procedimientos precisos.<\/li>\n<li><strong>Comunicaci\u00f3n:<\/strong> Deber\u00e1s interactuar con pacientes y otros profesionales de la salud.<\/li>\n<li><strong>Capacidad de trabajo en equipo:<\/strong> La colaboraci\u00f3n con m\u00e9dicos y otros t\u00e9cnicos es esencial para brindar una atenci\u00f3n integral.<\/li>\n<\/ul>\n<h2>Perspectivas de futuro<\/h2>\n<p>El futuro es prometedor para los t\u00e9cnicos en Imagen para el Diagn\u00f3stico. Con el avance de la tecnolog\u00eda y el aumento de la demanda en el sector salud, las oportunidades laborales seguir\u00e1n creciendo. Adem\u00e1s, podr\u00e1s optar por especializaciones que mejoren tu perfil profesional y te permitan acceder a puestos de mayor responsabilidad.<\/p>\n<h2>Preguntas frecuentes<\/h2>\n<h2>\u00bfQu\u00e9 tipo de salidas laborales existen al finalizar el ciclo formativo?<\/h2>\n<p>Las salidas laborales son diversas y abarcan hospitales, cl\u00ednicas privadas, centros de diagn\u00f3stico y laboratorios. Tambi\u00e9n puedes trabajar en empresas de tecnolog\u00eda m\u00e9dica.<\/p>\n<h2>\u00bfEs necesario tener conocimientos previos en medicina?<\/h2>\n<p>No es necesario tener conocimientos previos en medicina, aunque contar con una base en ciencias de la salud puede ser beneficioso. Lo m\u00e1s importante es tu inter\u00e9s y motivaci\u00f3n por aprender.<\/p>\n<h2>\u00bfCu\u00e1nto dura el ciclo formativo en Imagen para el Diagn\u00f3stico?<\/h2>\n<p>El ciclo formativo de grado superior en Imagen para el Diagn\u00f3stico tiene una duraci\u00f3n de dos a\u00f1os, incluyendo pr\u00e1cticas en centros de salud.<\/p>\n<h2>\u00bfC\u00f3mo me puedo matricular?<\/h2>\n<p>Para matricularte, solo necesitas visitar nuestra p\u00e1gina de <a href=https:\/\/fpsuperiorufv.es\/secretaria-admision-y-ayuda\/>Proceso de Admisi\u00f3n<\/a> y seguir los pasos indicados. Estamos aqu\u00ed para ayudarte en cada etapa del proceso.<\/p>\n","protected":false},"excerpt":{"rendered":"<p>Estudiar Imagen para el Diagn\u00f3stico en Madrid: qu\u00e9 hospitales y cl\u00ednicas buscan este perfil Si sientes pasi\u00f3n por el \u00e1mbito de la salud y te interesa la tecnolog\u00eda, estudiar Imagen para el Diagn\u00f3stico puede ser una excelente elecci\u00f3n para ti. En Madrid, la demanda de profesionales capacitados en esta \u00e1rea est\u00e1 en constante crecimiento. En [&hellip;]<\/p>\n","protected":false},"author":3,"featured_media":2735,"comment_status":"open","ping_status":"open","sticky":false,"template":"","format":"standard","meta":{"inline_featured_image":false,"footnotes":""},"categories":[390,393],"tags":[],"class_list":["post-281667","post","type-post","status-publish","format-standard","has-post-thumbnail","hentry","category-imagen-para-el-diagnostico-y-medicina-nuclear","category-preguntas-frecuentes"],"yoast_head":"<!-- This site is optimized with the Yoast SEO plugin v27.4 - https:\/\/yoast.com\/product\/yoast-seo-wordpress\/ -->\n<title>Estudiar Imagen para el Diagn\u00f3stico en Madrid: qu\u00e9 hospitales y cl\u00ednicas buscan este perfil - Cetys<\/title>\n<meta name=\"robots\" content=\"index, follow, max-snippet:-1, max-image-preview:large, max-video-preview:-1\" \/>\n<link rel=\"canonical\" href=\"https:\/\/fpsuperiorufv.es\/blog\/estudiar-imagen-para-el-diagnostico-en-madrid-que-hospitales-y-clinicas-buscan-este-perfil-preguntas-frecuentes\/\" \/>\n<meta property=\"og:locale\" content=\"es_ES\" \/>\n<meta property=\"og:type\" content=\"article\" \/>\n<meta property=\"og:title\" content=\"Estudiar Imagen para el Diagn\u00f3stico en Madrid: qu\u00e9 hospitales y cl\u00ednicas buscan este perfil - Cetys\" \/>\n<meta property=\"og:description\" content=\"Estudiar Imagen para el Diagn\u00f3stico en Madrid: qu\u00e9 hospitales y cl\u00ednicas buscan este perfil Si sientes pasi\u00f3n por el \u00e1mbito de la salud y te interesa la tecnolog\u00eda, estudiar Imagen para el Diagn\u00f3stico puede ser una excelente elecci\u00f3n para ti. En Madrid, la demanda de profesionales capacitados en esta \u00e1rea est\u00e1 en constante crecimiento. En [&hellip;]\" \/>\n<meta property=\"og:url\" content=\"https:\/\/fpsuperiorufv.es\/blog\/estudiar-imagen-para-el-diagnostico-en-madrid-que-hospitales-y-clinicas-buscan-este-perfil-preguntas-frecuentes\/\" \/>\n<meta property=\"og:site_name\" content=\"Cetys\" \/>\n<meta property=\"article:published_time\" content=\"2026-02-03T19:01:40+00:00\" \/>\n<meta property=\"article:modified_time\" content=\"2026-02-10T12:22:01+00:00\" \/>\n<meta property=\"og:image\" content=\"https:\/\/fpsuperiorufv.es\/blog\/wp-content\/uploads\/2025\/08\/FEO00232-scaled-1.jpg\" \/>\n\t<meta property=\"og:image:width\" content=\"2560\" \/>\n\t<meta property=\"og:image:height\" content=\"1710\" \/>\n\t<meta property=\"og:image:type\" content=\"image\/jpeg\" \/>\n<meta name=\"author\" content=\"FP Superior UFV\" \/>\n<meta name=\"twitter:card\" content=\"summary_large_image\" \/>\n<meta name=\"twitter:label1\" content=\"Escrito por\" \/>\n\t<meta name=\"twitter:data1\" content=\"FP Superior UFV\" \/>\n\t<meta name=\"twitter:label2\" content=\"Tiempo de lectura\" \/>\n\t<meta name=\"twitter:data2\" content=\"4 minutos\" \/>\n<script type=\"application\/ld+json\" class=\"yoast-schema-graph\">{\"@context\":\"https:\\\/\\\/schema.org\",\"@graph\":[{\"@type\":\"Article\",\"@id\":\"https:\\\/\\\/fpsuperiorufv.es\\\/blog\\\/estudiar-imagen-para-el-diagnostico-en-madrid-que-hospitales-y-clinicas-buscan-este-perfil-preguntas-frecuentes\\\/#article\",\"isPartOf\":{\"@id\":\"https:\\\/\\\/fpsuperiorufv.es\\\/blog\\\/estudiar-imagen-para-el-diagnostico-en-madrid-que-hospitales-y-clinicas-buscan-este-perfil-preguntas-frecuentes\\\/\"},\"author\":{\"name\":\"FP Superior UFV\",\"@id\":\"https:\\\/\\\/fpsuperiorufv.es\\\/blog\\\/#\\\/schema\\\/person\\\/6eed41dc866f12d961994f51f39f8796\"},\"headline\":\"Estudiar Imagen para el Diagn\u00f3stico en Madrid: qu\u00e9 hospitales y cl\u00ednicas buscan este perfil\",\"datePublished\":\"2026-02-03T19:01:40+00:00\",\"dateModified\":\"2026-02-10T12:22:01+00:00\",\"mainEntityOfPage\":{\"@id\":\"https:\\\/\\\/fpsuperiorufv.es\\\/blog\\\/estudiar-imagen-para-el-diagnostico-en-madrid-que-hospitales-y-clinicas-buscan-este-perfil-preguntas-frecuentes\\\/\"},\"wordCount\":936,\"commentCount\":0,\"publisher\":{\"@id\":\"https:\\\/\\\/fpsuperiorufv.es\\\/blog\\\/#organization\"},\"image\":{\"@id\":\"https:\\\/\\\/fpsuperiorufv.es\\\/blog\\\/estudiar-imagen-para-el-diagnostico-en-madrid-que-hospitales-y-clinicas-buscan-este-perfil-preguntas-frecuentes\\\/#primaryimage\"},\"thumbnailUrl\":\"https:\\\/\\\/fpsuperiorufv.es\\\/blog\\\/wp-content\\\/uploads\\\/2025\\\/08\\\/FEO00232-scaled-1.jpg\",\"articleSection\":[\"Imagen para el Diagn\u00f3stico y Medicina Nuclear\",\"Preguntas frecuentes\"],\"inLanguage\":\"es\",\"potentialAction\":[{\"@type\":\"CommentAction\",\"name\":\"Comment\",\"target\":[\"https:\\\/\\\/fpsuperiorufv.es\\\/blog\\\/estudiar-imagen-para-el-diagnostico-en-madrid-que-hospitales-y-clinicas-buscan-este-perfil-preguntas-frecuentes\\\/#respond\"]}]},{\"@type\":\"WebPage\",\"@id\":\"https:\\\/\\\/fpsuperiorufv.es\\\/blog\\\/estudiar-imagen-para-el-diagnostico-en-madrid-que-hospitales-y-clinicas-buscan-este-perfil-preguntas-frecuentes\\\/\",\"url\":\"https:\\\/\\\/fpsuperiorufv.es\\\/blog\\\/estudiar-imagen-para-el-diagnostico-en-madrid-que-hospitales-y-clinicas-buscan-este-perfil-preguntas-frecuentes\\\/\",\"name\":\"Estudiar Imagen para el Diagn\u00f3stico en Madrid: qu\u00e9 hospitales y cl\u00ednicas buscan este perfil - Cetys\",\"isPartOf\":{\"@id\":\"https:\\\/\\\/fpsuperiorufv.es\\\/blog\\\/#website\"},\"primaryImageOfPage\":{\"@id\":\"https:\\\/\\\/fpsuperiorufv.es\\\/blog\\\/estudiar-imagen-para-el-diagnostico-en-madrid-que-hospitales-y-clinicas-buscan-este-perfil-preguntas-frecuentes\\\/#primaryimage\"},\"image\":{\"@id\":\"https:\\\/\\\/fpsuperiorufv.es\\\/blog\\\/estudiar-imagen-para-el-diagnostico-en-madrid-que-hospitales-y-clinicas-buscan-este-perfil-preguntas-frecuentes\\\/#primaryimage\"},\"thumbnailUrl\":\"https:\\\/\\\/fpsuperiorufv.es\\\/blog\\\/wp-content\\\/uploads\\\/2025\\\/08\\\/FEO00232-scaled-1.jpg\",\"datePublished\":\"2026-02-03T19:01:40+00:00\",\"dateModified\":\"2026-02-10T12:22:01+00:00\",\"breadcrumb\":{\"@id\":\"https:\\\/\\\/fpsuperiorufv.es\\\/blog\\\/estudiar-imagen-para-el-diagnostico-en-madrid-que-hospitales-y-clinicas-buscan-este-perfil-preguntas-frecuentes\\\/#breadcrumb\"},\"inLanguage\":\"es\",\"potentialAction\":[{\"@type\":\"ReadAction\",\"target\":[\"https:\\\/\\\/fpsuperiorufv.es\\\/blog\\\/estudiar-imagen-para-el-diagnostico-en-madrid-que-hospitales-y-clinicas-buscan-este-perfil-preguntas-frecuentes\\\/\"]}]},{\"@type\":\"ImageObject\",\"inLanguage\":\"es\",\"@id\":\"https:\\\/\\\/fpsuperiorufv.es\\\/blog\\\/estudiar-imagen-para-el-diagnostico-en-madrid-que-hospitales-y-clinicas-buscan-este-perfil-preguntas-frecuentes\\\/#primaryimage\",\"url\":\"https:\\\/\\\/fpsuperiorufv.es\\\/blog\\\/wp-content\\\/uploads\\\/2025\\\/08\\\/FEO00232-scaled-1.jpg\",\"contentUrl\":\"https:\\\/\\\/fpsuperiorufv.es\\\/blog\\\/wp-content\\\/uploads\\\/2025\\\/08\\\/FEO00232-scaled-1.jpg\",\"width\":2560,\"height\":1710},{\"@type\":\"BreadcrumbList\",\"@id\":\"https:\\\/\\\/fpsuperiorufv.es\\\/blog\\\/estudiar-imagen-para-el-diagnostico-en-madrid-que-hospitales-y-clinicas-buscan-este-perfil-preguntas-frecuentes\\\/#breadcrumb\",\"itemListElement\":[{\"@type\":\"ListItem\",\"position\":1,\"name\":\"Home\",\"item\":\"https:\\\/\\\/fpsuperiorufv.es\\\/blog\\\/\"},{\"@type\":\"ListItem\",\"position\":2,\"name\":\"Estudiar Imagen para el Diagn\u00f3stico en Madrid: qu\u00e9 hospitales y cl\u00ednicas buscan este perfil\"}]},{\"@type\":\"WebSite\",\"@id\":\"https:\\\/\\\/fpsuperiorufv.es\\\/blog\\\/#website\",\"url\":\"https:\\\/\\\/fpsuperiorufv.es\\\/blog\\\/\",\"name\":\"Fp Superior Francisco de Vitoria\",\"description\":\"\",\"publisher\":{\"@id\":\"https:\\\/\\\/fpsuperiorufv.es\\\/blog\\\/#organization\"},\"alternateName\":\"Cetys\",\"potentialAction\":[{\"@type\":\"SearchAction\",\"target\":{\"@type\":\"EntryPoint\",\"urlTemplate\":\"https:\\\/\\\/fpsuperiorufv.es\\\/blog\\\/?s={search_term_string}\"},\"query-input\":{\"@type\":\"PropertyValueSpecification\",\"valueRequired\":true,\"valueName\":\"search_term_string\"}}],\"inLanguage\":\"es\"},{\"@type\":\"Organization\",\"@id\":\"https:\\\/\\\/fpsuperiorufv.es\\\/blog\\\/#organization\",\"name\":\"Cetys\",\"url\":\"https:\\\/\\\/fpsuperiorufv.es\\\/blog\\\/\",\"logo\":{\"@type\":\"ImageObject\",\"inLanguage\":\"es\",\"@id\":\"https:\\\/\\\/fpsuperiorufv.es\\\/blog\\\/#\\\/schema\\\/logo\\\/image\\\/\",\"url\":\"https:\\\/\\\/fpsuperiorufv.lo\\\/wp-content\\\/uploads\\\/2025\\\/02\\\/logo.svg\",\"contentUrl\":\"https:\\\/\\\/fpsuperiorufv.lo\\\/wp-content\\\/uploads\\\/2025\\\/02\\\/logo.svg\",\"width\":\"1024\",\"height\":\"1024\",\"caption\":\"Cetys\"},\"image\":{\"@id\":\"https:\\\/\\\/fpsuperiorufv.es\\\/blog\\\/#\\\/schema\\\/logo\\\/image\\\/\"}},{\"@type\":\"Person\",\"@id\":\"https:\\\/\\\/fpsuperiorufv.es\\\/blog\\\/#\\\/schema\\\/person\\\/6eed41dc866f12d961994f51f39f8796\",\"name\":\"FP Superior UFV\",\"image\":{\"@type\":\"ImageObject\",\"inLanguage\":\"es\",\"@id\":\"https:\\\/\\\/secure.gravatar.com\\\/avatar\\\/2cb5eeb90ddddf18129790c93583d4ae96ca8a625c07994637c8fc9d35252ce5?s=96&d=mm&r=g\",\"url\":\"https:\\\/\\\/secure.gravatar.com\\\/avatar\\\/2cb5eeb90ddddf18129790c93583d4ae96ca8a625c07994637c8fc9d35252ce5?s=96&d=mm&r=g\",\"contentUrl\":\"https:\\\/\\\/secure.gravatar.com\\\/avatar\\\/2cb5eeb90ddddf18129790c93583d4ae96ca8a625c07994637c8fc9d35252ce5?s=96&d=mm&r=g\",\"caption\":\"FP Superior UFV\"},\"url\":\"https:\\\/\\\/fpsuperiorufv.es\\\/blog\\\/author\\\/cetys\\\/\"}]}<\/script>\n<!-- \/ Yoast SEO plugin. -->","yoast_head_json":{"title":"Estudiar Imagen para el Diagn\u00f3stico en Madrid: qu\u00e9 hospitales y cl\u00ednicas buscan este perfil - Cetys","robots":{"index":"index","follow":"follow","max-snippet":"max-snippet:-1","max-image-preview":"max-image-preview:large","max-video-preview":"max-video-preview:-1"},"canonical":"https:\/\/fpsuperiorufv.es\/blog\/estudiar-imagen-para-el-diagnostico-en-madrid-que-hospitales-y-clinicas-buscan-este-perfil-preguntas-frecuentes\/","og_locale":"es_ES","og_type":"article","og_title":"Estudiar Imagen para el Diagn\u00f3stico en Madrid: qu\u00e9 hospitales y cl\u00ednicas buscan este perfil - Cetys","og_description":"Estudiar Imagen para el Diagn\u00f3stico en Madrid: qu\u00e9 hospitales y cl\u00ednicas buscan este perfil Si sientes pasi\u00f3n por el \u00e1mbito de la salud y te interesa la tecnolog\u00eda, estudiar Imagen para el Diagn\u00f3stico puede ser una excelente elecci\u00f3n para ti. En Madrid, la demanda de profesionales capacitados en esta \u00e1rea est\u00e1 en constante crecimiento. En [&hellip;]","og_url":"https:\/\/fpsuperiorufv.es\/blog\/estudiar-imagen-para-el-diagnostico-en-madrid-que-hospitales-y-clinicas-buscan-este-perfil-preguntas-frecuentes\/","og_site_name":"Cetys","article_published_time":"2026-02-03T19:01:40+00:00","article_modified_time":"2026-02-10T12:22:01+00:00","og_image":[{"width":2560,"height":1710,"url":"https:\/\/fpsuperiorufv.es\/blog\/wp-content\/uploads\/2025\/08\/FEO00232-scaled-1.jpg","type":"image\/jpeg"}],"author":"FP Superior UFV","twitter_card":"summary_large_image","twitter_misc":{"Escrito por":"FP Superior UFV","Tiempo de lectura":"4 minutos"},"schema":{"@context":"https:\/\/schema.org","@graph":[{"@type":"Article","@id":"https:\/\/fpsuperiorufv.es\/blog\/estudiar-imagen-para-el-diagnostico-en-madrid-que-hospitales-y-clinicas-buscan-este-perfil-preguntas-frecuentes\/#article","isPartOf":{"@id":"https:\/\/fpsuperiorufv.es\/blog\/estudiar-imagen-para-el-diagnostico-en-madrid-que-hospitales-y-clinicas-buscan-este-perfil-preguntas-frecuentes\/"},"author":{"name":"FP Superior UFV","@id":"https:\/\/fpsuperiorufv.es\/blog\/#\/schema\/person\/6eed41dc866f12d961994f51f39f8796"},"headline":"Estudiar Imagen para el Diagn\u00f3stico en Madrid: qu\u00e9 hospitales y cl\u00ednicas buscan este perfil","datePublished":"2026-02-03T19:01:40+00:00","dateModified":"2026-02-10T12:22:01+00:00","mainEntityOfPage":{"@id":"https:\/\/fpsuperiorufv.es\/blog\/estudiar-imagen-para-el-diagnostico-en-madrid-que-hospitales-y-clinicas-buscan-este-perfil-preguntas-frecuentes\/"},"wordCount":936,"commentCount":0,"publisher":{"@id":"https:\/\/fpsuperiorufv.es\/blog\/#organization"},"image":{"@id":"https:\/\/fpsuperiorufv.es\/blog\/estudiar-imagen-para-el-diagnostico-en-madrid-que-hospitales-y-clinicas-buscan-este-perfil-preguntas-frecuentes\/#primaryimage"},"thumbnailUrl":"https:\/\/fpsuperiorufv.es\/blog\/wp-content\/uploads\/2025\/08\/FEO00232-scaled-1.jpg","articleSection":["Imagen para el Diagn\u00f3stico y Medicina Nuclear","Preguntas frecuentes"],"inLanguage":"es","potentialAction":[{"@type":"CommentAction","name":"Comment","target":["https:\/\/fpsuperiorufv.es\/blog\/estudiar-imagen-para-el-diagnostico-en-madrid-que-hospitales-y-clinicas-buscan-este-perfil-preguntas-frecuentes\/#respond"]}]},{"@type":"WebPage","@id":"https:\/\/fpsuperiorufv.es\/blog\/estudiar-imagen-para-el-diagnostico-en-madrid-que-hospitales-y-clinicas-buscan-este-perfil-preguntas-frecuentes\/","url":"https:\/\/fpsuperiorufv.es\/blog\/estudiar-imagen-para-el-diagnostico-en-madrid-que-hospitales-y-clinicas-buscan-este-perfil-preguntas-frecuentes\/","name":"Estudiar Imagen para el Diagn\u00f3stico en Madrid: qu\u00e9 hospitales y cl\u00ednicas buscan este perfil - Cetys","isPartOf":{"@id":"https:\/\/fpsuperiorufv.es\/blog\/#website"},"primaryImageOfPage":{"@id":"https:\/\/fpsuperiorufv.es\/blog\/estudiar-imagen-para-el-diagnostico-en-madrid-que-hospitales-y-clinicas-buscan-este-perfil-preguntas-frecuentes\/#primaryimage"},"image":{"@id":"https:\/\/fpsuperiorufv.es\/blog\/estudiar-imagen-para-el-diagnostico-en-madrid-que-hospitales-y-clinicas-buscan-este-perfil-preguntas-frecuentes\/#primaryimage"},"thumbnailUrl":"https:\/\/fpsuperiorufv.es\/blog\/wp-content\/uploads\/2025\/08\/FEO00232-scaled-1.jpg","datePublished":"2026-02-03T19:01:40+00:00","dateModified":"2026-02-10T12:22:01+00:00","breadcrumb":{"@id":"https:\/\/fpsuperiorufv.es\/blog\/estudiar-imagen-para-el-diagnostico-en-madrid-que-hospitales-y-clinicas-buscan-este-perfil-preguntas-frecuentes\/#breadcrumb"},"inLanguage":"es","potentialAction":[{"@type":"ReadAction","target":["https:\/\/fpsuperiorufv.es\/blog\/estudiar-imagen-para-el-diagnostico-en-madrid-que-hospitales-y-clinicas-buscan-este-perfil-preguntas-frecuentes\/"]}]},{"@type":"ImageObject","inLanguage":"es","@id":"https:\/\/fpsuperiorufv.es\/blog\/estudiar-imagen-para-el-diagnostico-en-madrid-que-hospitales-y-clinicas-buscan-este-perfil-preguntas-frecuentes\/#primaryimage","url":"https:\/\/fpsuperiorufv.es\/blog\/wp-content\/uploads\/2025\/08\/FEO00232-scaled-1.jpg","contentUrl":"https:\/\/fpsuperiorufv.es\/blog\/wp-content\/uploads\/2025\/08\/FEO00232-scaled-1.jpg","width":2560,"height":1710},{"@type":"BreadcrumbList","@id":"https:\/\/fpsuperiorufv.es\/blog\/estudiar-imagen-para-el-diagnostico-en-madrid-que-hospitales-y-clinicas-buscan-este-perfil-preguntas-frecuentes\/#breadcrumb","itemListElement":[{"@type":"ListItem","position":1,"name":"Home","item":"https:\/\/fpsuperiorufv.es\/blog\/"},{"@type":"ListItem","position":2,"name":"Estudiar Imagen para el Diagn\u00f3stico en Madrid: qu\u00e9 hospitales y cl\u00ednicas buscan este perfil"}]},{"@type":"WebSite","@id":"https:\/\/fpsuperiorufv.es\/blog\/#website","url":"https:\/\/fpsuperiorufv.es\/blog\/","name":"Fp Superior Francisco de Vitoria","description":"","publisher":{"@id":"https:\/\/fpsuperiorufv.es\/blog\/#organization"},"alternateName":"Cetys","potentialAction":[{"@type":"SearchAction","target":{"@type":"EntryPoint","urlTemplate":"https:\/\/fpsuperiorufv.es\/blog\/?s={search_term_string}"},"query-input":{"@type":"PropertyValueSpecification","valueRequired":true,"valueName":"search_term_string"}}],"inLanguage":"es"},{"@type":"Organization","@id":"https:\/\/fpsuperiorufv.es\/blog\/#organization","name":"Cetys","url":"https:\/\/fpsuperiorufv.es\/blog\/","logo":{"@type":"ImageObject","inLanguage":"es","@id":"https:\/\/fpsuperiorufv.es\/blog\/#\/schema\/logo\/image\/","url":"https:\/\/fpsuperiorufv.lo\/wp-content\/uploads\/2025\/02\/logo.svg","contentUrl":"https:\/\/fpsuperiorufv.lo\/wp-content\/uploads\/2025\/02\/logo.svg","width":"1024","height":"1024","caption":"Cetys"},"image":{"@id":"https:\/\/fpsuperiorufv.es\/blog\/#\/schema\/logo\/image\/"}},{"@type":"Person","@id":"https:\/\/fpsuperiorufv.es\/blog\/#\/schema\/person\/6eed41dc866f12d961994f51f39f8796","name":"FP Superior UFV","image":{"@type":"ImageObject","inLanguage":"es","@id":"https:\/\/secure.gravatar.com\/avatar\/2cb5eeb90ddddf18129790c93583d4ae96ca8a625c07994637c8fc9d35252ce5?s=96&d=mm&r=g","url":"https:\/\/secure.gravatar.com\/avatar\/2cb5eeb90ddddf18129790c93583d4ae96ca8a625c07994637c8fc9d35252ce5?s=96&d=mm&r=g","contentUrl":"https:\/\/secure.gravatar.com\/avatar\/2cb5eeb90ddddf18129790c93583d4ae96ca8a625c07994637c8fc9d35252ce5?s=96&d=mm&r=g","caption":"FP Superior UFV"},"url":"https:\/\/fpsuperiorufv.es\/blog\/author\/cetys\/"}]}},"_links":{"self":[{"href":"https:\/\/fpsuperiorufv.es\/blog\/wp-json\/wp\/v2\/posts\/281667","targetHints":{"allow":["GET"]}}],"collection":[{"href":"https:\/\/fpsuperiorufv.es\/blog\/wp-json\/wp\/v2\/posts"}],"about":[{"href":"https:\/\/fpsuperiorufv.es\/blog\/wp-json\/wp\/v2\/types\/post"}],"author":[{"embeddable":true,"href":"https:\/\/fpsuperiorufv.es\/blog\/wp-json\/wp\/v2\/users\/3"}],"replies":[{"embeddable":true,"href":"https:\/\/fpsuperiorufv.es\/blog\/wp-json\/wp\/v2\/comments?post=281667"}],"version-history":[{"count":1,"href":"https:\/\/fpsuperiorufv.es\/blog\/wp-json\/wp\/v2\/posts\/281667\/revisions"}],"predecessor-version":[{"id":281822,"href":"https:\/\/fpsuperiorufv.es\/blog\/wp-json\/wp\/v2\/posts\/281667\/revisions\/281822"}],"wp:featuredmedia":[{"embeddable":true,"href":"https:\/\/fpsuperiorufv.es\/blog\/wp-json\/wp\/v2\/media\/2735"}],"wp:attachment":[{"href":"https:\/\/fpsuperiorufv.es\/blog\/wp-json\/wp\/v2\/media?parent=281667"}],"wp:term":[{"taxonomy":"category","embeddable":true,"href":"https:\/\/fpsuperiorufv.es\/blog\/wp-json\/wp\/v2\/categories?post=281667"},{"taxonomy":"post_tag","embeddable":true,"href":"https:\/\/fpsuperiorufv.es\/blog\/wp-json\/wp\/v2\/tags?post=281667"}],"curies":[{"name":"wp","href":"https:\/\/api.w.org\/{rel}","templated":true}]}}