{"id":281683,"date":"2026-02-04T11:20:02","date_gmt":"2026-02-04T11:20:02","guid":{"rendered":"https:\/\/soleyantonio.es\/marketing-y-publicidad-para-perfiles-creativos-que-no-quieren-una-carrera-universitaria-larga\/"},"modified":"2026-02-10T10:41:38","modified_gmt":"2026-02-10T09:41:38","slug":"marketing-y-publicidad-para-perfiles-creativos-que-no-quieren-una-carrera-universitaria-larga-preguntas-frecuentes","status":"publish","type":"post","link":"https:\/\/fpsuperiorufv.es\/blog\/marketing-y-publicidad-para-perfiles-creativos-que-no-quieren-una-carrera-universitaria-larga-preguntas-frecuentes\/","title":{"rendered":"Marketing y Publicidad para perfiles creativos que no quieren una carrera universitaria larga"},"content":{"rendered":"<h2>Marketing y Publicidad para Perfiles Creativos<\/h2>\n<p>\u00bfEres una persona creativa que quiere adentrarse en el emocionante mundo del marketing y la publicidad sin pasar a\u00f1os en una universidad? \u00a1Est\u00e1s en el lugar correcto! En el Ciclo Formativo de Grado Superior en Marketing y Publicidad que ofrecemos en la FP Superior Francisco de Vitoria, te brindamos la oportunidad de convertir tus ideas en realidades efectivas en el \u00e1mbito digital y tradicional.<\/p>\n<h2>Curiosidades e Informaci\u00f3n Clave sobre Marketing y Publicidad<\/h2>\n<ul>\n<li>El 80% de los profesionales en marketing considera que la creatividad es fundamental para el \u00e9xito de las campa\u00f1as.<\/li>\n<li>Se estima que la industria del marketing digital generar\u00e1 m\u00e1s de 300,000 nuevos empleos en los pr\u00f3ximos a\u00f1os en Espa\u00f1a.<\/li>\n<li>El 67% de las empresas aseguran que contar con un experto en marketing digital ha aumentado sus ingresos.<\/li>\n<li>El marketing de contenidos es una de las estrategias m\u00e1s demandadas, con un crecimiento del 200% en los \u00faltimos a\u00f1os.<\/li>\n<li>Las redes sociales se han convertido en el canal preferido para las campa\u00f1as publicitarias, con un aumento del 90% en el uso de plataformas como Instagram y TikTok.<\/li>\n<\/ul>\n<h2>\u00bfPor qu\u00e9 Elegir el Ciclo Formativo de Grado Superior en Marketing y Publicidad?<\/h2>\n<p>En nuestra FP Superior Francisco de Vitoria, ofrecemos un programa dise\u00f1ado para potenciar tu creatividad y habilidades t\u00e9cnicas, prepar\u00e1ndote para un mercado laboral en constante evoluci\u00f3n. Aqu\u00ed te presentamos algunas razones por las que deber\u00edas considerar matricularte:<\/p>\n<ul>\n<li><strong>Formaci\u00f3n Pr\u00e1ctica:<\/strong> Aprender\u00e1s a trav\u00e9s de proyectos reales y casos pr\u00e1cticos que te permitir\u00e1n aplicar tus conocimientos inmediatamente.<\/li>\n<li><strong>Docentes Expertos:<\/strong> Contamos con un equipo de profesionales del sector que te guiar\u00e1n y compartir\u00e1n su experiencia contigo.<\/li>\n<li><strong>Networking:<\/strong> Tendr\u00e1s la oportunidad de conectar con empresas y profesionales, facilitando tu entrada al mundo laboral.<\/li>\n<li><strong>Flexibilidad:<\/strong> Nuestro programa est\u00e1 dise\u00f1ado para adaptarse a tus necesidades, permiti\u00e9ndote compaginar estudios y trabajo.<\/li>\n<\/ul>\n<h2>Contenido del Ciclo Formativo<\/h2>\n<p>En el Ciclo Formativo de Grado Superior en Marketing y Publicidad, te ofrecemos un plan de estudios completo que incluye:<\/p>\n<ul>\n<li><strong>Investigaci\u00f3n de Mercados:<\/strong> Aprender\u00e1s a identificar oportunidades y tendencias del mercado.<\/li>\n<li><strong>Publicidad:<\/strong> Te ense\u00f1aremos a dise\u00f1ar campa\u00f1as publicitarias efectivas y creativas.<\/li>\n<li><strong>Marketing Digital:<\/strong> Dominar\u00e1s las herramientas esenciales del marketing online, incluyendo SEO, SEM y redes sociales.<\/li>\n<li><strong>Comunicaci\u00f3n y Relaciones P\u00fablicas:<\/strong> Desarrollar\u00e1s habilidades para gestionar la comunicaci\u00f3n de la marca.<\/li>\n<li><strong>Gesti\u00f3n de Proyectos:<\/strong> Aprender\u00e1s a planificar y ejecutar proyectos de marketing desde cero.<\/li>\n<\/ul>\n<h2>Salidas Laborales<\/h2>\n<p>Una vez finalices el ciclo formativo, tendr\u00e1s acceso a diversas salidas laborales, tales como:<\/p>\n<ul>\n<li>Asistente de marketing en empresas.<\/li>\n<li>Gestor de redes sociales.<\/li>\n<li>Ejecutivo de cuentas en agencias de publicidad.<\/li>\n<li>Especialista en marketing digital.<\/li>\n<li>Creativo publicitario.<\/li>\n<\/ul>\n<h2>Proceso de Admisi\u00f3n<\/h2>\n<p>Si te interesa unirte a nosotros, te invitamos a conocer m\u00e1s sobre el <a href=https:\/\/fpsuperiorufv.es\/secretaria-admision-y-ayuda\/>proceso de admisi\u00f3n<\/a>. Aqu\u00ed encontrar\u00e1s toda la informaci\u00f3n necesaria para formalizar tu matr\u00edcula y comenzar esta emocionante aventura.<\/p>\n<h2>Testimonios de Nuestros Estudiantes<\/h2>\n<p>La experiencia de nuestros estudiantes es clave para conocer la calidad de nuestra formaci\u00f3n. Algunos de ellos comparten sus opiniones:<\/p>\n<blockquote>\n<p>El Ciclo Formativo en Marketing y Publicidad me abri\u00f3 las puertas a un mundo lleno de oportunidades. Aprender de profesionales del sector fue incre\u00edble. - Ana, estudiante.<\/p>\n<\/blockquote>\n<blockquote>\n<p>Gracias a esta formaci\u00f3n, ahora trabajo en una agencia de publicidad y me encanta lo que hago. \u00a1Recomiendo este ciclo a todos! - Pablo, exalumno.<\/p>\n<\/blockquote>\n<h2>\u00bfPor qu\u00e9 no Elegir una Carrera Universitaria Larga?<\/h2>\n<p>Elegir un Ciclo Formativo en lugar de una carrera universitaria larga tiene m\u00faltiples ventajas, especialmente si tu perfil es m\u00e1s creativo:<\/p>\n<ul>\n<li><strong>Tiempo Reducido:<\/strong> La duraci\u00f3n de un ciclo formativo es de dos a\u00f1os, lo que te permite ingresar al mercado laboral m\u00e1s r\u00e1pidamente.<\/li>\n<li><strong>Enfoque Pr\u00e1ctico:<\/strong> La formaci\u00f3n est\u00e1 orientada a la pr\u00e1ctica y a la aplicaci\u00f3n directa de los conocimientos.<\/li>\n<li><strong>Menor Costo:<\/strong> Los Ciclos Formativos suelen ser m\u00e1s asequibles que una carrera universitaria, lo que te permite ahorrar dinero.<\/li>\n<li><strong>Adaptabilidad:<\/strong> Con la r\u00e1pida evoluci\u00f3n del sector, los ciclos formativos se actualizan con frecuencia para incluir las \u00faltimas tendencias y herramientas.<\/li>\n<\/ul>\n<h2>Preguntas Frecuentes<\/h2>\n<h2>\u00bfQu\u00e9 requisitos necesito para acceder al Ciclo Formativo?<\/h2>\n<p>Necesitar\u00e1s tener el t\u00edtulo de Bachillerato o un t\u00edtulo equivalente. Tambi\u00e9n aceptamos a estudiantes que hayan terminado la Formaci\u00f3n Profesional de Grado Medio.<\/p>\n<h2>\u00bfPuedo compaginar el estudio con un trabajo?<\/h2>\n<p>\u00a1S\u00ed! Nuestro horario es flexible y dise\u00f1ado para que puedas compaginar tus estudios con otras actividades laborales o personales.<\/p>\n<h2>\u00bfQu\u00e9 tipo de pr\u00e1cticas se realizan en el ciclo?<\/h2>\n<p>Realizar\u00e1s pr\u00e1cticas en empresas del sector, lo que te permitir\u00e1 aplicar lo aprendido en un entorno real y establecer contactos en la industria.<\/p>\n<h2>\u00bfQu\u00e9 t\u00edtulo obtendr\u00e9 al finalizar el ciclo?<\/h2>\n<p>Al finalizar, obtendr\u00e1s el t\u00edtulo de T\u00e9cnico Superior en Marketing y Publicidad, reconocido a nivel nacional.<\/p>\n<h2>\u00bfC\u00f3mo puedo matricularme?<\/h2>\n<p>Para matricularte, visita nuestra p\u00e1gina sobre el <a href=https:\/\/fpsuperiorufv.es\/secretaria-admision-y-ayuda\/>proceso de admisi\u00f3n<\/a> y sigue los pasos indicados para asegurar tu plaza en este emocionante ciclo formativo.<\/p>\n<p>\u00a1No esperes m\u00e1s! Da el primer paso hacia un futuro lleno de oportunidades en el mundo del marketing y la publicidad. En FP Superior Francisco de Vitoria, estamos aqu\u00ed para ayudarte a alcanzar tus sue\u00f1os. \u00a1Te esperamos!<\/p>\n","protected":false},"excerpt":{"rendered":"<p>Marketing y Publicidad para Perfiles Creativos \u00bfEres una persona creativa que quiere adentrarse en el emocionante mundo del marketing y la publicidad sin pasar a\u00f1os en una universidad? \u00a1Est\u00e1s en el lugar correcto! En el Ciclo Formativo de Grado Superior en Marketing y Publicidad que ofrecemos en la FP Superior Francisco de Vitoria, te brindamos [&hellip;]<\/p>\n","protected":false},"author":3,"featured_media":1280,"comment_status":"open","ping_status":"open","sticky":false,"template":"","format":"standard","meta":{"inline_featured_image":false,"footnotes":""},"categories":[374,393],"tags":[],"class_list":["post-281683","post","type-post","status-publish","format-standard","has-post-thumbnail","hentry","category-marketing","category-preguntas-frecuentes"],"yoast_head":"<!-- This site is optimized with the Yoast SEO plugin v27.4 - https:\/\/yoast.com\/product\/yoast-seo-wordpress\/ -->\n<title>Marketing y Publicidad para perfiles creativos que no quieren una carrera universitaria larga - Cetys<\/title>\n<meta name=\"robots\" content=\"index, follow, max-snippet:-1, max-image-preview:large, max-video-preview:-1\" \/>\n<link rel=\"canonical\" href=\"https:\/\/fpsuperiorufv.es\/blog\/marketing-y-publicidad-para-perfiles-creativos-que-no-quieren-una-carrera-universitaria-larga-preguntas-frecuentes\/\" \/>\n<meta property=\"og:locale\" content=\"es_ES\" \/>\n<meta property=\"og:type\" content=\"article\" \/>\n<meta property=\"og:title\" content=\"Marketing y Publicidad para perfiles creativos que no quieren una carrera universitaria larga - Cetys\" \/>\n<meta property=\"og:description\" content=\"Marketing y Publicidad para Perfiles Creativos \u00bfEres una persona creativa que quiere adentrarse en el emocionante mundo del marketing y la publicidad sin pasar a\u00f1os en una universidad? \u00a1Est\u00e1s en el lugar correcto! En el Ciclo Formativo de Grado Superior en Marketing y Publicidad que ofrecemos en la FP Superior Francisco de Vitoria, te brindamos [&hellip;]\" \/>\n<meta property=\"og:url\" content=\"https:\/\/fpsuperiorufv.es\/blog\/marketing-y-publicidad-para-perfiles-creativos-que-no-quieren-una-carrera-universitaria-larga-preguntas-frecuentes\/\" \/>\n<meta property=\"og:site_name\" content=\"Cetys\" \/>\n<meta property=\"article:published_time\" content=\"2026-02-04T11:20:02+00:00\" \/>\n<meta property=\"article:modified_time\" content=\"2026-02-10T09:41:38+00:00\" \/>\n<meta property=\"og:image\" content=\"https:\/\/fpsuperiorufv.es\/blog\/wp-content\/uploads\/2025\/07\/thin-content.jpg\" \/>\n\t<meta property=\"og:image:width\" content=\"1280\" \/>\n\t<meta property=\"og:image:height\" content=\"853\" \/>\n\t<meta property=\"og:image:type\" content=\"image\/jpeg\" \/>\n<meta name=\"author\" content=\"FP Superior UFV\" \/>\n<meta name=\"twitter:card\" content=\"summary_large_image\" \/>\n<meta name=\"twitter:label1\" content=\"Escrito por\" \/>\n\t<meta name=\"twitter:data1\" content=\"FP Superior UFV\" \/>\n\t<meta name=\"twitter:label2\" content=\"Tiempo de lectura\" \/>\n\t<meta name=\"twitter:data2\" content=\"4 minutos\" \/>\n<script type=\"application\/ld+json\" class=\"yoast-schema-graph\">{\"@context\":\"https:\\\/\\\/schema.org\",\"@graph\":[{\"@type\":\"Article\",\"@id\":\"https:\\\/\\\/fpsuperiorufv.es\\\/blog\\\/marketing-y-publicidad-para-perfiles-creativos-que-no-quieren-una-carrera-universitaria-larga-preguntas-frecuentes\\\/#article\",\"isPartOf\":{\"@id\":\"https:\\\/\\\/fpsuperiorufv.es\\\/blog\\\/marketing-y-publicidad-para-perfiles-creativos-que-no-quieren-una-carrera-universitaria-larga-preguntas-frecuentes\\\/\"},\"author\":{\"name\":\"FP Superior UFV\",\"@id\":\"https:\\\/\\\/fpsuperiorufv.es\\\/blog\\\/#\\\/schema\\\/person\\\/6eed41dc866f12d961994f51f39f8796\"},\"headline\":\"Marketing y Publicidad para perfiles creativos que no quieren una carrera universitaria larga\",\"datePublished\":\"2026-02-04T11:20:02+00:00\",\"dateModified\":\"2026-02-10T09:41:38+00:00\",\"mainEntityOfPage\":{\"@id\":\"https:\\\/\\\/fpsuperiorufv.es\\\/blog\\\/marketing-y-publicidad-para-perfiles-creativos-que-no-quieren-una-carrera-universitaria-larga-preguntas-frecuentes\\\/\"},\"wordCount\":908,\"commentCount\":0,\"publisher\":{\"@id\":\"https:\\\/\\\/fpsuperiorufv.es\\\/blog\\\/#organization\"},\"image\":{\"@id\":\"https:\\\/\\\/fpsuperiorufv.es\\\/blog\\\/marketing-y-publicidad-para-perfiles-creativos-que-no-quieren-una-carrera-universitaria-larga-preguntas-frecuentes\\\/#primaryimage\"},\"thumbnailUrl\":\"https:\\\/\\\/fpsuperiorufv.es\\\/blog\\\/wp-content\\\/uploads\\\/2025\\\/07\\\/thin-content.jpg\",\"articleSection\":[\"Marketing\",\"Preguntas frecuentes\"],\"inLanguage\":\"es\",\"potentialAction\":[{\"@type\":\"CommentAction\",\"name\":\"Comment\",\"target\":[\"https:\\\/\\\/fpsuperiorufv.es\\\/blog\\\/marketing-y-publicidad-para-perfiles-creativos-que-no-quieren-una-carrera-universitaria-larga-preguntas-frecuentes\\\/#respond\"]}]},{\"@type\":\"WebPage\",\"@id\":\"https:\\\/\\\/fpsuperiorufv.es\\\/blog\\\/marketing-y-publicidad-para-perfiles-creativos-que-no-quieren-una-carrera-universitaria-larga-preguntas-frecuentes\\\/\",\"url\":\"https:\\\/\\\/fpsuperiorufv.es\\\/blog\\\/marketing-y-publicidad-para-perfiles-creativos-que-no-quieren-una-carrera-universitaria-larga-preguntas-frecuentes\\\/\",\"name\":\"Marketing y Publicidad para perfiles creativos que no quieren una carrera universitaria larga - Cetys\",\"isPartOf\":{\"@id\":\"https:\\\/\\\/fpsuperiorufv.es\\\/blog\\\/#website\"},\"primaryImageOfPage\":{\"@id\":\"https:\\\/\\\/fpsuperiorufv.es\\\/blog\\\/marketing-y-publicidad-para-perfiles-creativos-que-no-quieren-una-carrera-universitaria-larga-preguntas-frecuentes\\\/#primaryimage\"},\"image\":{\"@id\":\"https:\\\/\\\/fpsuperiorufv.es\\\/blog\\\/marketing-y-publicidad-para-perfiles-creativos-que-no-quieren-una-carrera-universitaria-larga-preguntas-frecuentes\\\/#primaryimage\"},\"thumbnailUrl\":\"https:\\\/\\\/fpsuperiorufv.es\\\/blog\\\/wp-content\\\/uploads\\\/2025\\\/07\\\/thin-content.jpg\",\"datePublished\":\"2026-02-04T11:20:02+00:00\",\"dateModified\":\"2026-02-10T09:41:38+00:00\",\"breadcrumb\":{\"@id\":\"https:\\\/\\\/fpsuperiorufv.es\\\/blog\\\/marketing-y-publicidad-para-perfiles-creativos-que-no-quieren-una-carrera-universitaria-larga-preguntas-frecuentes\\\/#breadcrumb\"},\"inLanguage\":\"es\",\"potentialAction\":[{\"@type\":\"ReadAction\",\"target\":[\"https:\\\/\\\/fpsuperiorufv.es\\\/blog\\\/marketing-y-publicidad-para-perfiles-creativos-que-no-quieren-una-carrera-universitaria-larga-preguntas-frecuentes\\\/\"]}]},{\"@type\":\"ImageObject\",\"inLanguage\":\"es\",\"@id\":\"https:\\\/\\\/fpsuperiorufv.es\\\/blog\\\/marketing-y-publicidad-para-perfiles-creativos-que-no-quieren-una-carrera-universitaria-larga-preguntas-frecuentes\\\/#primaryimage\",\"url\":\"https:\\\/\\\/fpsuperiorufv.es\\\/blog\\\/wp-content\\\/uploads\\\/2025\\\/07\\\/thin-content.jpg\",\"contentUrl\":\"https:\\\/\\\/fpsuperiorufv.es\\\/blog\\\/wp-content\\\/uploads\\\/2025\\\/07\\\/thin-content.jpg\",\"width\":1280,\"height\":853},{\"@type\":\"BreadcrumbList\",\"@id\":\"https:\\\/\\\/fpsuperiorufv.es\\\/blog\\\/marketing-y-publicidad-para-perfiles-creativos-que-no-quieren-una-carrera-universitaria-larga-preguntas-frecuentes\\\/#breadcrumb\",\"itemListElement\":[{\"@type\":\"ListItem\",\"position\":1,\"name\":\"Home\",\"item\":\"https:\\\/\\\/fpsuperiorufv.es\\\/blog\\\/\"},{\"@type\":\"ListItem\",\"position\":2,\"name\":\"Marketing y Publicidad para perfiles creativos que no quieren una carrera universitaria larga\"}]},{\"@type\":\"WebSite\",\"@id\":\"https:\\\/\\\/fpsuperiorufv.es\\\/blog\\\/#website\",\"url\":\"https:\\\/\\\/fpsuperiorufv.es\\\/blog\\\/\",\"name\":\"Fp Superior Francisco de Vitoria\",\"description\":\"\",\"publisher\":{\"@id\":\"https:\\\/\\\/fpsuperiorufv.es\\\/blog\\\/#organization\"},\"alternateName\":\"Cetys\",\"potentialAction\":[{\"@type\":\"SearchAction\",\"target\":{\"@type\":\"EntryPoint\",\"urlTemplate\":\"https:\\\/\\\/fpsuperiorufv.es\\\/blog\\\/?s={search_term_string}\"},\"query-input\":{\"@type\":\"PropertyValueSpecification\",\"valueRequired\":true,\"valueName\":\"search_term_string\"}}],\"inLanguage\":\"es\"},{\"@type\":\"Organization\",\"@id\":\"https:\\\/\\\/fpsuperiorufv.es\\\/blog\\\/#organization\",\"name\":\"Cetys\",\"url\":\"https:\\\/\\\/fpsuperiorufv.es\\\/blog\\\/\",\"logo\":{\"@type\":\"ImageObject\",\"inLanguage\":\"es\",\"@id\":\"https:\\\/\\\/fpsuperiorufv.es\\\/blog\\\/#\\\/schema\\\/logo\\\/image\\\/\",\"url\":\"https:\\\/\\\/fpsuperiorufv.lo\\\/wp-content\\\/uploads\\\/2025\\\/02\\\/logo.svg\",\"contentUrl\":\"https:\\\/\\\/fpsuperiorufv.lo\\\/wp-content\\\/uploads\\\/2025\\\/02\\\/logo.svg\",\"width\":\"1024\",\"height\":\"1024\",\"caption\":\"Cetys\"},\"image\":{\"@id\":\"https:\\\/\\\/fpsuperiorufv.es\\\/blog\\\/#\\\/schema\\\/logo\\\/image\\\/\"}},{\"@type\":\"Person\",\"@id\":\"https:\\\/\\\/fpsuperiorufv.es\\\/blog\\\/#\\\/schema\\\/person\\\/6eed41dc866f12d961994f51f39f8796\",\"name\":\"FP Superior UFV\",\"image\":{\"@type\":\"ImageObject\",\"inLanguage\":\"es\",\"@id\":\"https:\\\/\\\/secure.gravatar.com\\\/avatar\\\/2cb5eeb90ddddf18129790c93583d4ae96ca8a625c07994637c8fc9d35252ce5?s=96&d=mm&r=g\",\"url\":\"https:\\\/\\\/secure.gravatar.com\\\/avatar\\\/2cb5eeb90ddddf18129790c93583d4ae96ca8a625c07994637c8fc9d35252ce5?s=96&d=mm&r=g\",\"contentUrl\":\"https:\\\/\\\/secure.gravatar.com\\\/avatar\\\/2cb5eeb90ddddf18129790c93583d4ae96ca8a625c07994637c8fc9d35252ce5?s=96&d=mm&r=g\",\"caption\":\"FP Superior UFV\"},\"url\":\"https:\\\/\\\/fpsuperiorufv.es\\\/blog\\\/author\\\/cetys\\\/\"}]}<\/script>\n<!-- \/ Yoast SEO plugin. -->","yoast_head_json":{"title":"Marketing y Publicidad para perfiles creativos que no quieren una carrera universitaria larga - Cetys","robots":{"index":"index","follow":"follow","max-snippet":"max-snippet:-1","max-image-preview":"max-image-preview:large","max-video-preview":"max-video-preview:-1"},"canonical":"https:\/\/fpsuperiorufv.es\/blog\/marketing-y-publicidad-para-perfiles-creativos-que-no-quieren-una-carrera-universitaria-larga-preguntas-frecuentes\/","og_locale":"es_ES","og_type":"article","og_title":"Marketing y Publicidad para perfiles creativos que no quieren una carrera universitaria larga - Cetys","og_description":"Marketing y Publicidad para Perfiles Creativos \u00bfEres una persona creativa que quiere adentrarse en el emocionante mundo del marketing y la publicidad sin pasar a\u00f1os en una universidad? \u00a1Est\u00e1s en el lugar correcto! En el Ciclo Formativo de Grado Superior en Marketing y Publicidad que ofrecemos en la FP Superior Francisco de Vitoria, te brindamos [&hellip;]","og_url":"https:\/\/fpsuperiorufv.es\/blog\/marketing-y-publicidad-para-perfiles-creativos-que-no-quieren-una-carrera-universitaria-larga-preguntas-frecuentes\/","og_site_name":"Cetys","article_published_time":"2026-02-04T11:20:02+00:00","article_modified_time":"2026-02-10T09:41:38+00:00","og_image":[{"width":1280,"height":853,"url":"https:\/\/fpsuperiorufv.es\/blog\/wp-content\/uploads\/2025\/07\/thin-content.jpg","type":"image\/jpeg"}],"author":"FP Superior UFV","twitter_card":"summary_large_image","twitter_misc":{"Escrito por":"FP Superior UFV","Tiempo de lectura":"4 minutos"},"schema":{"@context":"https:\/\/schema.org","@graph":[{"@type":"Article","@id":"https:\/\/fpsuperiorufv.es\/blog\/marketing-y-publicidad-para-perfiles-creativos-que-no-quieren-una-carrera-universitaria-larga-preguntas-frecuentes\/#article","isPartOf":{"@id":"https:\/\/fpsuperiorufv.es\/blog\/marketing-y-publicidad-para-perfiles-creativos-que-no-quieren-una-carrera-universitaria-larga-preguntas-frecuentes\/"},"author":{"name":"FP Superior UFV","@id":"https:\/\/fpsuperiorufv.es\/blog\/#\/schema\/person\/6eed41dc866f12d961994f51f39f8796"},"headline":"Marketing y Publicidad para perfiles creativos que no quieren una carrera universitaria larga","datePublished":"2026-02-04T11:20:02+00:00","dateModified":"2026-02-10T09:41:38+00:00","mainEntityOfPage":{"@id":"https:\/\/fpsuperiorufv.es\/blog\/marketing-y-publicidad-para-perfiles-creativos-que-no-quieren-una-carrera-universitaria-larga-preguntas-frecuentes\/"},"wordCount":908,"commentCount":0,"publisher":{"@id":"https:\/\/fpsuperiorufv.es\/blog\/#organization"},"image":{"@id":"https:\/\/fpsuperiorufv.es\/blog\/marketing-y-publicidad-para-perfiles-creativos-que-no-quieren-una-carrera-universitaria-larga-preguntas-frecuentes\/#primaryimage"},"thumbnailUrl":"https:\/\/fpsuperiorufv.es\/blog\/wp-content\/uploads\/2025\/07\/thin-content.jpg","articleSection":["Marketing","Preguntas frecuentes"],"inLanguage":"es","potentialAction":[{"@type":"CommentAction","name":"Comment","target":["https:\/\/fpsuperiorufv.es\/blog\/marketing-y-publicidad-para-perfiles-creativos-que-no-quieren-una-carrera-universitaria-larga-preguntas-frecuentes\/#respond"]}]},{"@type":"WebPage","@id":"https:\/\/fpsuperiorufv.es\/blog\/marketing-y-publicidad-para-perfiles-creativos-que-no-quieren-una-carrera-universitaria-larga-preguntas-frecuentes\/","url":"https:\/\/fpsuperiorufv.es\/blog\/marketing-y-publicidad-para-perfiles-creativos-que-no-quieren-una-carrera-universitaria-larga-preguntas-frecuentes\/","name":"Marketing y Publicidad para perfiles creativos que no quieren una carrera universitaria larga - Cetys","isPartOf":{"@id":"https:\/\/fpsuperiorufv.es\/blog\/#website"},"primaryImageOfPage":{"@id":"https:\/\/fpsuperiorufv.es\/blog\/marketing-y-publicidad-para-perfiles-creativos-que-no-quieren-una-carrera-universitaria-larga-preguntas-frecuentes\/#primaryimage"},"image":{"@id":"https:\/\/fpsuperiorufv.es\/blog\/marketing-y-publicidad-para-perfiles-creativos-que-no-quieren-una-carrera-universitaria-larga-preguntas-frecuentes\/#primaryimage"},"thumbnailUrl":"https:\/\/fpsuperiorufv.es\/blog\/wp-content\/uploads\/2025\/07\/thin-content.jpg","datePublished":"2026-02-04T11:20:02+00:00","dateModified":"2026-02-10T09:41:38+00:00","breadcrumb":{"@id":"https:\/\/fpsuperiorufv.es\/blog\/marketing-y-publicidad-para-perfiles-creativos-que-no-quieren-una-carrera-universitaria-larga-preguntas-frecuentes\/#breadcrumb"},"inLanguage":"es","potentialAction":[{"@type":"ReadAction","target":["https:\/\/fpsuperiorufv.es\/blog\/marketing-y-publicidad-para-perfiles-creativos-que-no-quieren-una-carrera-universitaria-larga-preguntas-frecuentes\/"]}]},{"@type":"ImageObject","inLanguage":"es","@id":"https:\/\/fpsuperiorufv.es\/blog\/marketing-y-publicidad-para-perfiles-creativos-que-no-quieren-una-carrera-universitaria-larga-preguntas-frecuentes\/#primaryimage","url":"https:\/\/fpsuperiorufv.es\/blog\/wp-content\/uploads\/2025\/07\/thin-content.jpg","contentUrl":"https:\/\/fpsuperiorufv.es\/blog\/wp-content\/uploads\/2025\/07\/thin-content.jpg","width":1280,"height":853},{"@type":"BreadcrumbList","@id":"https:\/\/fpsuperiorufv.es\/blog\/marketing-y-publicidad-para-perfiles-creativos-que-no-quieren-una-carrera-universitaria-larga-preguntas-frecuentes\/#breadcrumb","itemListElement":[{"@type":"ListItem","position":1,"name":"Home","item":"https:\/\/fpsuperiorufv.es\/blog\/"},{"@type":"ListItem","position":2,"name":"Marketing y Publicidad para perfiles creativos que no quieren una carrera universitaria larga"}]},{"@type":"WebSite","@id":"https:\/\/fpsuperiorufv.es\/blog\/#website","url":"https:\/\/fpsuperiorufv.es\/blog\/","name":"Fp Superior Francisco de Vitoria","description":"","publisher":{"@id":"https:\/\/fpsuperiorufv.es\/blog\/#organization"},"alternateName":"Cetys","potentialAction":[{"@type":"SearchAction","target":{"@type":"EntryPoint","urlTemplate":"https:\/\/fpsuperiorufv.es\/blog\/?s={search_term_string}"},"query-input":{"@type":"PropertyValueSpecification","valueRequired":true,"valueName":"search_term_string"}}],"inLanguage":"es"},{"@type":"Organization","@id":"https:\/\/fpsuperiorufv.es\/blog\/#organization","name":"Cetys","url":"https:\/\/fpsuperiorufv.es\/blog\/","logo":{"@type":"ImageObject","inLanguage":"es","@id":"https:\/\/fpsuperiorufv.es\/blog\/#\/schema\/logo\/image\/","url":"https:\/\/fpsuperiorufv.lo\/wp-content\/uploads\/2025\/02\/logo.svg","contentUrl":"https:\/\/fpsuperiorufv.lo\/wp-content\/uploads\/2025\/02\/logo.svg","width":"1024","height":"1024","caption":"Cetys"},"image":{"@id":"https:\/\/fpsuperiorufv.es\/blog\/#\/schema\/logo\/image\/"}},{"@type":"Person","@id":"https:\/\/fpsuperiorufv.es\/blog\/#\/schema\/person\/6eed41dc866f12d961994f51f39f8796","name":"FP Superior UFV","image":{"@type":"ImageObject","inLanguage":"es","@id":"https:\/\/secure.gravatar.com\/avatar\/2cb5eeb90ddddf18129790c93583d4ae96ca8a625c07994637c8fc9d35252ce5?s=96&d=mm&r=g","url":"https:\/\/secure.gravatar.com\/avatar\/2cb5eeb90ddddf18129790c93583d4ae96ca8a625c07994637c8fc9d35252ce5?s=96&d=mm&r=g","contentUrl":"https:\/\/secure.gravatar.com\/avatar\/2cb5eeb90ddddf18129790c93583d4ae96ca8a625c07994637c8fc9d35252ce5?s=96&d=mm&r=g","caption":"FP Superior UFV"},"url":"https:\/\/fpsuperiorufv.es\/blog\/author\/cetys\/"}]}},"_links":{"self":[{"href":"https:\/\/fpsuperiorufv.es\/blog\/wp-json\/wp\/v2\/posts\/281683","targetHints":{"allow":["GET"]}}],"collection":[{"href":"https:\/\/fpsuperiorufv.es\/blog\/wp-json\/wp\/v2\/posts"}],"about":[{"href":"https:\/\/fpsuperiorufv.es\/blog\/wp-json\/wp\/v2\/types\/post"}],"author":[{"embeddable":true,"href":"https:\/\/fpsuperiorufv.es\/blog\/wp-json\/wp\/v2\/users\/3"}],"replies":[{"embeddable":true,"href":"https:\/\/fpsuperiorufv.es\/blog\/wp-json\/wp\/v2\/comments?post=281683"}],"version-history":[{"count":1,"href":"https:\/\/fpsuperiorufv.es\/blog\/wp-json\/wp\/v2\/posts\/281683\/revisions"}],"predecessor-version":[{"id":281813,"href":"https:\/\/fpsuperiorufv.es\/blog\/wp-json\/wp\/v2\/posts\/281683\/revisions\/281813"}],"wp:featuredmedia":[{"embeddable":true,"href":"https:\/\/fpsuperiorufv.es\/blog\/wp-json\/wp\/v2\/media\/1280"}],"wp:attachment":[{"href":"https:\/\/fpsuperiorufv.es\/blog\/wp-json\/wp\/v2\/media?parent=281683"}],"wp:term":[{"taxonomy":"category","embeddable":true,"href":"https:\/\/fpsuperiorufv.es\/blog\/wp-json\/wp\/v2\/categories?post=281683"},{"taxonomy":"post_tag","embeddable":true,"href":"https:\/\/fpsuperiorufv.es\/blog\/wp-json\/wp\/v2\/tags?post=281683"}],"curies":[{"name":"wp","href":"https:\/\/api.w.org\/{rel}","templated":true}]}}