{"id":281719,"date":"2026-01-26T16:26:51","date_gmt":"2026-01-26T16:26:51","guid":{"rendered":"https:\/\/soleyantonio.es\/fp-en-dietetica-para-amantes-del-deporte-trabajar-con-deportistas-desde-la-formacion-profesional\/"},"modified":"2026-02-19T11:03:08","modified_gmt":"2026-02-19T10:03:08","slug":"fp-en-dietetica-para-amantes-del-deporte-trabajar-con-deportistas-desde-la-formacion-profesional-preguntas-frecuentes","status":"publish","type":"post","link":"https:\/\/fpsuperiorufv.es\/blog\/fp-en-dietetica-para-amantes-del-deporte-trabajar-con-deportistas-desde-la-formacion-profesional-preguntas-frecuentes\/","title":{"rendered":"FP en Diet\u00e9tica para amantes del deporte: trabajar con deportistas desde la Formaci\u00f3n Profesional"},"content":{"rendered":"<h2>FP en Diet\u00e9tica para Amantes del Deporte: Trabajar con Deportistas desde la Formaci\u00f3n Profesional<\/h2>\n<p>Si tienes una pasi\u00f3n por el deporte y un inter\u00e9s en la nutrici\u00f3n, \u00a1est\u00e1s en el lugar correcto! La FP en Diet\u00e9tica te ofrece la oportunidad de combinar tus dos pasiones y convertirte en un profesional que marque la diferencia en la vida de los deportistas. En este art\u00edculo, exploraremos c\u00f3mo puedes trabajar con deportistas y contribuir a su rendimiento a trav\u00e9s de una alimentaci\u00f3n adecuada.<\/p>\n<h2>Curiosidades sobre la FP en Diet\u00e9tica y el Deporte<\/h2>\n<ul>\n<li>M\u00e1s del 70% de los atletas profesionales consideran que la nutrici\u00f3n es crucial para su rendimiento.<\/li>\n<li>El 50% de los deportistas amateur no reciben asesoramiento nutricional adecuado.<\/li>\n<li>La demanda de profesionales en diet\u00e9tica y nutrici\u00f3n ha crecido un 30% en los \u00faltimos cinco a\u00f1os.<\/li>\n<li>Los dietistas-nutricionistas pueden ayudar a los deportistas a prevenir lesiones a trav\u00e9s de una alimentaci\u00f3n adecuada.<\/li>\n<li>Estudios muestran que una buena nutrici\u00f3n puede aumentar el rendimiento deportivo hasta en un 20%.<\/li>\n<\/ul>\n<h2>\u00bfQu\u00e9 es la FP en Diet\u00e9tica?<\/h2>\n<p>La Formaci\u00f3n Profesional en Diet\u00e9tica es un Ciclo Formativo de Grado Superior que te prepara para trabajar en el \u00e1mbito de la nutrici\u00f3n y la alimentaci\u00f3n. Aprender\u00e1s a dise\u00f1ar dietas personalizadas, educar sobre h\u00e1bitos saludables y trabajar con diferentes poblaciones, incluidos los deportistas.<\/p>\n<h2>\u00bfPor qu\u00e9 elegir la FP en Diet\u00e9tica si amas el deporte?<\/h2>\n<p>Elegir esta formaci\u00f3n te permitir\u00e1:<\/p>\n<ul>\n<li>Desarrollar conocimientos sobre nutrici\u00f3n deportiva.<\/li>\n<li>Aprender a evaluar las necesidades nutricionales de los deportistas.<\/li>\n<li>Trabajar en el dise\u00f1o de planes de alimentaci\u00f3n adaptados a cada disciplina deportiva.<\/li>\n<li>Colaborar con entrenadores y otros profesionales del deporte.<\/li>\n<\/ul>\n<h2>\u00bfQu\u00e9 aprender\u00e1s en el ciclo formativo?<\/h2>\n<p>Durante el Ciclo Formativo de Grado Superior en Diet\u00e9tica, adquirir\u00e1s una serie de competencias que te ser\u00e1n muy \u00fatiles en el mundo laboral:<\/p>\n<ul>\n<li>Fundamentos de la nutrici\u00f3n y la diet\u00e9tica.<\/li>\n<li>Evaluaci\u00f3n del estado nutricional de los deportistas.<\/li>\n<li>Dise\u00f1o de dietas personalizadas y adaptadas a diferentes necesidades.<\/li>\n<li>Educaci\u00f3n alimentaria y promoci\u00f3n de la salud.<\/li>\n<li>Uso de herramientas tecnol\u00f3gicas para el asesoramiento nutricional.<\/li>\n<\/ul>\n<h2>Salidas profesionales<\/h2>\n<p>Una vez que termines tu formaci\u00f3n, tendr\u00e1s diversas oportunidades laborales en el campo de la nutrici\u00f3n deportiva, como:<\/p>\n<ul>\n<li>Nutricionista en equipos deportivos.<\/li>\n<li>Asesor nutricional en gimnasios y centros deportivos.<\/li>\n<li>Trabajar en cl\u00ednicas de nutrici\u00f3n y salud.<\/li>\n<li>Desarrollar programas de nutrici\u00f3n para deportistas amateur.<\/li>\n<li>Colaborar en investigaciones relacionadas con la nutrici\u00f3n y el rendimiento deportivo.<\/li>\n<\/ul>\n<h2>Importancia de la nutrici\u00f3n en el deporte<\/h2>\n<p>La nutrici\u00f3n es un factor clave para optimizar el rendimiento deportivo. A continuaci\u00f3n, te explicamos por qu\u00e9:<\/p>\n<ul>\n<li>La alimentaci\u00f3n adecuada ayuda a aumentar la energ\u00eda y resistencia.<\/li>\n<li>Contribuye a la recuperaci\u00f3n muscular despu\u00e9s del ejercicio.<\/li>\n<li>Previene lesiones y enfermedades a trav\u00e9s de una dieta equilibrada.<\/li>\n<li>Mejora la concentraci\u00f3n y el rendimiento mental.<\/li>\n<\/ul>\n<h2>Proceso de admisi\u00f3n<\/h2>\n<p>Si est\u00e1s interesado en estudiar la FP en Diet\u00e9tica, el primer paso es informarte sobre el <a href=https:\/\/fpsuperiorufv.es\/secretaria-admision-y-ayuda\/>proceso de admisi\u00f3n<\/a>. Te acompa\u00f1aremos en cada etapa para que puedas comenzar tu formaci\u00f3n lo antes posible.<\/p>\n<h2>Ejemplos pr\u00e1cticos<\/h2>\n<p>Veamos algunos ejemplos de c\u00f3mo un dietista-nutricionista puede trabajar con deportistas:<\/p>\n<ul>\n<li>Un corredor de marat\u00f3n que necesita un plan de alimentaci\u00f3n para maximizar su energ\u00eda durante la carrera.<\/li>\n<li>Un culturista que busca aumentar su masa muscular a trav\u00e9s de una dieta rica en prote\u00ednas.<\/li>\n<li>Un jugador de f\u00fatbol que necesita recuperarse de una lesi\u00f3n y requiere una nutrici\u00f3n espec\u00edfica para acelerar el proceso de curaci\u00f3n.<\/li>\n<\/ul>\n<h2>Futuro del sector de la nutrici\u00f3n deportiva<\/h2>\n<p>El sector de la nutrici\u00f3n deportiva est\u00e1 en constante evoluci\u00f3n. Algunas tendencias actuales que marcan el futuro incluyen:<\/p>\n<ul>\n<li>El uso de tecnolog\u00eda y aplicaciones m\u00f3viles para seguimiento nutricional.<\/li>\n<li>El enfoque en la salud hol\u00edstica y el bienestar general.<\/li>\n<li>El crecimiento de la demanda de dietas personalizadas y basadas en evidencia.<\/li>\n<\/ul>\n<h2>Preguntas frecuentes<\/h2>\n<h2>\u00bfEs necesario tener estudios previos para acceder a la FP en Diet\u00e9tica?<\/h2>\n<p>No es necesario tener estudios previos espec\u00edficos, pero s\u00ed se requiere haber completado la educaci\u00f3n secundaria obligatoria (ESO) o equivalente.<\/p>\n<h2>\u00bfQu\u00e9 tipo de pr\u00e1cticas se realizan durante el ciclo formativo?<\/h2>\n<p>Realizar\u00e1s pr\u00e1cticas en centros de salud, cl\u00ednicas de nutrici\u00f3n o gimnasios, donde podr\u00e1s aplicar lo aprendido y adquirir experiencia profesional.<\/p>\n<h2>\u00bfCu\u00e1l es la duraci\u00f3n del ciclo formativo?<\/h2>\n<p>La duraci\u00f3n del Ciclo Formativo de Grado Superior en Diet\u00e9tica es de dos a\u00f1os, donde alternar\u00e1s clases te\u00f3ricas con pr\u00e1cticas.<\/p>\n<h2>\u00bfD\u00f3nde puedo trabajar una vez finalizada la formaci\u00f3n?<\/h2>\n<p>Podr\u00e1s trabajar en cl\u00ednicas de nutrici\u00f3n, equipos deportivos, gimnasios, hospitales, o incluso como aut\u00f3nomo ofreciendo asesor\u00eda nutricional.<\/p>\n<h2>\u00bfC\u00f3mo puedo matricularme en la FP en Diet\u00e9tica?<\/h2>\n<p>Para matricularte, debes seguir el <a href=https:\/\/fpsuperiorufv.es\/secretaria-admision-y-ayuda\/>proceso de admisi\u00f3n<\/a> que ofrecemos. Te ayudaremos en cada paso del camino para que puedas iniciar tu formaci\u00f3n.<\/p>\n<p>La FP en Diet\u00e9tica es una excelente opci\u00f3n para aquellos que desean trabajar en el apasionante mundo del deporte y la nutrici\u00f3n. Si te interesa, no dudes en informarte y dar el primer paso hacia tu futuro profesional.<\/p>\n","protected":false},"excerpt":{"rendered":"<p>FP en Diet\u00e9tica para Amantes del Deporte: Trabajar con Deportistas desde la Formaci\u00f3n Profesional Si tienes una pasi\u00f3n por el deporte y un inter\u00e9s en la nutrici\u00f3n, \u00a1est\u00e1s en el lugar correcto! La FP en Diet\u00e9tica te ofrece la oportunidad de combinar tus dos pasiones y convertirte en un profesional que marque la diferencia en [&hellip;]<\/p>\n","protected":false},"author":3,"featured_media":1316,"comment_status":"open","ping_status":"open","sticky":false,"template":"","format":"standard","meta":{"inline_featured_image":false,"footnotes":""},"categories":[389,393],"tags":[],"class_list":["post-281719","post","type-post","status-publish","format-standard","has-post-thumbnail","hentry","category-dietetica","category-preguntas-frecuentes"],"yoast_head":"<!-- This site is optimized with the Yoast SEO plugin v27.4 - https:\/\/yoast.com\/product\/yoast-seo-wordpress\/ -->\n<title>FP en Diet\u00e9tica para amantes del deporte: trabajar con deportistas desde la Formaci\u00f3n Profesional - Cetys<\/title>\n<meta name=\"robots\" content=\"index, follow, max-snippet:-1, max-image-preview:large, max-video-preview:-1\" \/>\n<link rel=\"canonical\" href=\"https:\/\/fpsuperiorufv.es\/blog\/fp-en-dietetica-para-amantes-del-deporte-trabajar-con-deportistas-desde-la-formacion-profesional-preguntas-frecuentes\/\" \/>\n<meta property=\"og:locale\" content=\"es_ES\" \/>\n<meta property=\"og:type\" content=\"article\" \/>\n<meta property=\"og:title\" content=\"FP en Diet\u00e9tica para amantes del deporte: trabajar con deportistas desde la Formaci\u00f3n Profesional - Cetys\" \/>\n<meta property=\"og:description\" content=\"FP en Diet\u00e9tica para Amantes del Deporte: Trabajar con Deportistas desde la Formaci\u00f3n Profesional Si tienes una pasi\u00f3n por el deporte y un inter\u00e9s en la nutrici\u00f3n, \u00a1est\u00e1s en el lugar correcto! La FP en Diet\u00e9tica te ofrece la oportunidad de combinar tus dos pasiones y convertirte en un profesional que marque la diferencia en [&hellip;]\" \/>\n<meta property=\"og:url\" content=\"https:\/\/fpsuperiorufv.es\/blog\/fp-en-dietetica-para-amantes-del-deporte-trabajar-con-deportistas-desde-la-formacion-profesional-preguntas-frecuentes\/\" \/>\n<meta property=\"og:site_name\" content=\"Cetys\" \/>\n<meta property=\"article:published_time\" content=\"2026-01-26T16:26:51+00:00\" \/>\n<meta property=\"article:modified_time\" content=\"2026-02-19T10:03:08+00:00\" \/>\n<meta property=\"og:image\" content=\"https:\/\/fpsuperiorufv.es\/blog\/wp-content\/uploads\/2025\/07\/higiene-alimentaria.jpg\" \/>\n\t<meta property=\"og:image:width\" content=\"1280\" \/>\n\t<meta property=\"og:image:height\" content=\"814\" \/>\n\t<meta property=\"og:image:type\" content=\"image\/jpeg\" \/>\n<meta name=\"author\" content=\"FP Superior UFV\" \/>\n<meta name=\"twitter:card\" content=\"summary_large_image\" \/>\n<meta name=\"twitter:label1\" content=\"Escrito por\" \/>\n\t<meta name=\"twitter:data1\" content=\"FP Superior UFV\" \/>\n\t<meta name=\"twitter:label2\" content=\"Tiempo de lectura\" \/>\n\t<meta name=\"twitter:data2\" content=\"4 minutos\" \/>\n<script type=\"application\/ld+json\" class=\"yoast-schema-graph\">{\"@context\":\"https:\\\/\\\/schema.org\",\"@graph\":[{\"@type\":\"Article\",\"@id\":\"https:\\\/\\\/fpsuperiorufv.es\\\/blog\\\/fp-en-dietetica-para-amantes-del-deporte-trabajar-con-deportistas-desde-la-formacion-profesional-preguntas-frecuentes\\\/#article\",\"isPartOf\":{\"@id\":\"https:\\\/\\\/fpsuperiorufv.es\\\/blog\\\/fp-en-dietetica-para-amantes-del-deporte-trabajar-con-deportistas-desde-la-formacion-profesional-preguntas-frecuentes\\\/\"},\"author\":{\"name\":\"FP Superior UFV\",\"@id\":\"https:\\\/\\\/fpsuperiorufv.es\\\/blog\\\/#\\\/schema\\\/person\\\/6eed41dc866f12d961994f51f39f8796\"},\"headline\":\"FP en Diet\u00e9tica para amantes del deporte: trabajar con deportistas desde la Formaci\u00f3n Profesional\",\"datePublished\":\"2026-01-26T16:26:51+00:00\",\"dateModified\":\"2026-02-19T10:03:08+00:00\",\"mainEntityOfPage\":{\"@id\":\"https:\\\/\\\/fpsuperiorufv.es\\\/blog\\\/fp-en-dietetica-para-amantes-del-deporte-trabajar-con-deportistas-desde-la-formacion-profesional-preguntas-frecuentes\\\/\"},\"wordCount\":918,\"commentCount\":0,\"publisher\":{\"@id\":\"https:\\\/\\\/fpsuperiorufv.es\\\/blog\\\/#organization\"},\"image\":{\"@id\":\"https:\\\/\\\/fpsuperiorufv.es\\\/blog\\\/fp-en-dietetica-para-amantes-del-deporte-trabajar-con-deportistas-desde-la-formacion-profesional-preguntas-frecuentes\\\/#primaryimage\"},\"thumbnailUrl\":\"https:\\\/\\\/fpsuperiorufv.es\\\/blog\\\/wp-content\\\/uploads\\\/2025\\\/07\\\/higiene-alimentaria.jpg\",\"articleSection\":[\"Diet\u00e9tica\",\"Preguntas frecuentes\"],\"inLanguage\":\"es\",\"potentialAction\":[{\"@type\":\"CommentAction\",\"name\":\"Comment\",\"target\":[\"https:\\\/\\\/fpsuperiorufv.es\\\/blog\\\/fp-en-dietetica-para-amantes-del-deporte-trabajar-con-deportistas-desde-la-formacion-profesional-preguntas-frecuentes\\\/#respond\"]}]},{\"@type\":\"WebPage\",\"@id\":\"https:\\\/\\\/fpsuperiorufv.es\\\/blog\\\/fp-en-dietetica-para-amantes-del-deporte-trabajar-con-deportistas-desde-la-formacion-profesional-preguntas-frecuentes\\\/\",\"url\":\"https:\\\/\\\/fpsuperiorufv.es\\\/blog\\\/fp-en-dietetica-para-amantes-del-deporte-trabajar-con-deportistas-desde-la-formacion-profesional-preguntas-frecuentes\\\/\",\"name\":\"FP en Diet\u00e9tica para amantes del deporte: trabajar con deportistas desde la Formaci\u00f3n Profesional - Cetys\",\"isPartOf\":{\"@id\":\"https:\\\/\\\/fpsuperiorufv.es\\\/blog\\\/#website\"},\"primaryImageOfPage\":{\"@id\":\"https:\\\/\\\/fpsuperiorufv.es\\\/blog\\\/fp-en-dietetica-para-amantes-del-deporte-trabajar-con-deportistas-desde-la-formacion-profesional-preguntas-frecuentes\\\/#primaryimage\"},\"image\":{\"@id\":\"https:\\\/\\\/fpsuperiorufv.es\\\/blog\\\/fp-en-dietetica-para-amantes-del-deporte-trabajar-con-deportistas-desde-la-formacion-profesional-preguntas-frecuentes\\\/#primaryimage\"},\"thumbnailUrl\":\"https:\\\/\\\/fpsuperiorufv.es\\\/blog\\\/wp-content\\\/uploads\\\/2025\\\/07\\\/higiene-alimentaria.jpg\",\"datePublished\":\"2026-01-26T16:26:51+00:00\",\"dateModified\":\"2026-02-19T10:03:08+00:00\",\"breadcrumb\":{\"@id\":\"https:\\\/\\\/fpsuperiorufv.es\\\/blog\\\/fp-en-dietetica-para-amantes-del-deporte-trabajar-con-deportistas-desde-la-formacion-profesional-preguntas-frecuentes\\\/#breadcrumb\"},\"inLanguage\":\"es\",\"potentialAction\":[{\"@type\":\"ReadAction\",\"target\":[\"https:\\\/\\\/fpsuperiorufv.es\\\/blog\\\/fp-en-dietetica-para-amantes-del-deporte-trabajar-con-deportistas-desde-la-formacion-profesional-preguntas-frecuentes\\\/\"]}]},{\"@type\":\"ImageObject\",\"inLanguage\":\"es\",\"@id\":\"https:\\\/\\\/fpsuperiorufv.es\\\/blog\\\/fp-en-dietetica-para-amantes-del-deporte-trabajar-con-deportistas-desde-la-formacion-profesional-preguntas-frecuentes\\\/#primaryimage\",\"url\":\"https:\\\/\\\/fpsuperiorufv.es\\\/blog\\\/wp-content\\\/uploads\\\/2025\\\/07\\\/higiene-alimentaria.jpg\",\"contentUrl\":\"https:\\\/\\\/fpsuperiorufv.es\\\/blog\\\/wp-content\\\/uploads\\\/2025\\\/07\\\/higiene-alimentaria.jpg\",\"width\":1280,\"height\":814},{\"@type\":\"BreadcrumbList\",\"@id\":\"https:\\\/\\\/fpsuperiorufv.es\\\/blog\\\/fp-en-dietetica-para-amantes-del-deporte-trabajar-con-deportistas-desde-la-formacion-profesional-preguntas-frecuentes\\\/#breadcrumb\",\"itemListElement\":[{\"@type\":\"ListItem\",\"position\":1,\"name\":\"Home\",\"item\":\"https:\\\/\\\/fpsuperiorufv.es\\\/blog\\\/\"},{\"@type\":\"ListItem\",\"position\":2,\"name\":\"FP en Diet\u00e9tica para amantes del deporte: trabajar con deportistas desde la Formaci\u00f3n Profesional\"}]},{\"@type\":\"WebSite\",\"@id\":\"https:\\\/\\\/fpsuperiorufv.es\\\/blog\\\/#website\",\"url\":\"https:\\\/\\\/fpsuperiorufv.es\\\/blog\\\/\",\"name\":\"Fp Superior Francisco de Vitoria\",\"description\":\"\",\"publisher\":{\"@id\":\"https:\\\/\\\/fpsuperiorufv.es\\\/blog\\\/#organization\"},\"alternateName\":\"Cetys\",\"potentialAction\":[{\"@type\":\"SearchAction\",\"target\":{\"@type\":\"EntryPoint\",\"urlTemplate\":\"https:\\\/\\\/fpsuperiorufv.es\\\/blog\\\/?s={search_term_string}\"},\"query-input\":{\"@type\":\"PropertyValueSpecification\",\"valueRequired\":true,\"valueName\":\"search_term_string\"}}],\"inLanguage\":\"es\"},{\"@type\":\"Organization\",\"@id\":\"https:\\\/\\\/fpsuperiorufv.es\\\/blog\\\/#organization\",\"name\":\"Cetys\",\"url\":\"https:\\\/\\\/fpsuperiorufv.es\\\/blog\\\/\",\"logo\":{\"@type\":\"ImageObject\",\"inLanguage\":\"es\",\"@id\":\"https:\\\/\\\/fpsuperiorufv.es\\\/blog\\\/#\\\/schema\\\/logo\\\/image\\\/\",\"url\":\"https:\\\/\\\/fpsuperiorufv.lo\\\/wp-content\\\/uploads\\\/2025\\\/02\\\/logo.svg\",\"contentUrl\":\"https:\\\/\\\/fpsuperiorufv.lo\\\/wp-content\\\/uploads\\\/2025\\\/02\\\/logo.svg\",\"width\":\"1024\",\"height\":\"1024\",\"caption\":\"Cetys\"},\"image\":{\"@id\":\"https:\\\/\\\/fpsuperiorufv.es\\\/blog\\\/#\\\/schema\\\/logo\\\/image\\\/\"}},{\"@type\":\"Person\",\"@id\":\"https:\\\/\\\/fpsuperiorufv.es\\\/blog\\\/#\\\/schema\\\/person\\\/6eed41dc866f12d961994f51f39f8796\",\"name\":\"FP Superior UFV\",\"image\":{\"@type\":\"ImageObject\",\"inLanguage\":\"es\",\"@id\":\"https:\\\/\\\/secure.gravatar.com\\\/avatar\\\/2cb5eeb90ddddf18129790c93583d4ae96ca8a625c07994637c8fc9d35252ce5?s=96&d=mm&r=g\",\"url\":\"https:\\\/\\\/secure.gravatar.com\\\/avatar\\\/2cb5eeb90ddddf18129790c93583d4ae96ca8a625c07994637c8fc9d35252ce5?s=96&d=mm&r=g\",\"contentUrl\":\"https:\\\/\\\/secure.gravatar.com\\\/avatar\\\/2cb5eeb90ddddf18129790c93583d4ae96ca8a625c07994637c8fc9d35252ce5?s=96&d=mm&r=g\",\"caption\":\"FP Superior UFV\"},\"url\":\"https:\\\/\\\/fpsuperiorufv.es\\\/blog\\\/author\\\/cetys\\\/\"}]}<\/script>\n<!-- \/ Yoast SEO plugin. -->","yoast_head_json":{"title":"FP en Diet\u00e9tica para amantes del deporte: trabajar con deportistas desde la Formaci\u00f3n Profesional - Cetys","robots":{"index":"index","follow":"follow","max-snippet":"max-snippet:-1","max-image-preview":"max-image-preview:large","max-video-preview":"max-video-preview:-1"},"canonical":"https:\/\/fpsuperiorufv.es\/blog\/fp-en-dietetica-para-amantes-del-deporte-trabajar-con-deportistas-desde-la-formacion-profesional-preguntas-frecuentes\/","og_locale":"es_ES","og_type":"article","og_title":"FP en Diet\u00e9tica para amantes del deporte: trabajar con deportistas desde la Formaci\u00f3n Profesional - Cetys","og_description":"FP en Diet\u00e9tica para Amantes del Deporte: Trabajar con Deportistas desde la Formaci\u00f3n Profesional Si tienes una pasi\u00f3n por el deporte y un inter\u00e9s en la nutrici\u00f3n, \u00a1est\u00e1s en el lugar correcto! La FP en Diet\u00e9tica te ofrece la oportunidad de combinar tus dos pasiones y convertirte en un profesional que marque la diferencia en [&hellip;]","og_url":"https:\/\/fpsuperiorufv.es\/blog\/fp-en-dietetica-para-amantes-del-deporte-trabajar-con-deportistas-desde-la-formacion-profesional-preguntas-frecuentes\/","og_site_name":"Cetys","article_published_time":"2026-01-26T16:26:51+00:00","article_modified_time":"2026-02-19T10:03:08+00:00","og_image":[{"width":1280,"height":814,"url":"https:\/\/fpsuperiorufv.es\/blog\/wp-content\/uploads\/2025\/07\/higiene-alimentaria.jpg","type":"image\/jpeg"}],"author":"FP Superior UFV","twitter_card":"summary_large_image","twitter_misc":{"Escrito por":"FP Superior UFV","Tiempo de lectura":"4 minutos"},"schema":{"@context":"https:\/\/schema.org","@graph":[{"@type":"Article","@id":"https:\/\/fpsuperiorufv.es\/blog\/fp-en-dietetica-para-amantes-del-deporte-trabajar-con-deportistas-desde-la-formacion-profesional-preguntas-frecuentes\/#article","isPartOf":{"@id":"https:\/\/fpsuperiorufv.es\/blog\/fp-en-dietetica-para-amantes-del-deporte-trabajar-con-deportistas-desde-la-formacion-profesional-preguntas-frecuentes\/"},"author":{"name":"FP Superior UFV","@id":"https:\/\/fpsuperiorufv.es\/blog\/#\/schema\/person\/6eed41dc866f12d961994f51f39f8796"},"headline":"FP en Diet\u00e9tica para amantes del deporte: trabajar con deportistas desde la Formaci\u00f3n Profesional","datePublished":"2026-01-26T16:26:51+00:00","dateModified":"2026-02-19T10:03:08+00:00","mainEntityOfPage":{"@id":"https:\/\/fpsuperiorufv.es\/blog\/fp-en-dietetica-para-amantes-del-deporte-trabajar-con-deportistas-desde-la-formacion-profesional-preguntas-frecuentes\/"},"wordCount":918,"commentCount":0,"publisher":{"@id":"https:\/\/fpsuperiorufv.es\/blog\/#organization"},"image":{"@id":"https:\/\/fpsuperiorufv.es\/blog\/fp-en-dietetica-para-amantes-del-deporte-trabajar-con-deportistas-desde-la-formacion-profesional-preguntas-frecuentes\/#primaryimage"},"thumbnailUrl":"https:\/\/fpsuperiorufv.es\/blog\/wp-content\/uploads\/2025\/07\/higiene-alimentaria.jpg","articleSection":["Diet\u00e9tica","Preguntas frecuentes"],"inLanguage":"es","potentialAction":[{"@type":"CommentAction","name":"Comment","target":["https:\/\/fpsuperiorufv.es\/blog\/fp-en-dietetica-para-amantes-del-deporte-trabajar-con-deportistas-desde-la-formacion-profesional-preguntas-frecuentes\/#respond"]}]},{"@type":"WebPage","@id":"https:\/\/fpsuperiorufv.es\/blog\/fp-en-dietetica-para-amantes-del-deporte-trabajar-con-deportistas-desde-la-formacion-profesional-preguntas-frecuentes\/","url":"https:\/\/fpsuperiorufv.es\/blog\/fp-en-dietetica-para-amantes-del-deporte-trabajar-con-deportistas-desde-la-formacion-profesional-preguntas-frecuentes\/","name":"FP en Diet\u00e9tica para amantes del deporte: trabajar con deportistas desde la Formaci\u00f3n Profesional - Cetys","isPartOf":{"@id":"https:\/\/fpsuperiorufv.es\/blog\/#website"},"primaryImageOfPage":{"@id":"https:\/\/fpsuperiorufv.es\/blog\/fp-en-dietetica-para-amantes-del-deporte-trabajar-con-deportistas-desde-la-formacion-profesional-preguntas-frecuentes\/#primaryimage"},"image":{"@id":"https:\/\/fpsuperiorufv.es\/blog\/fp-en-dietetica-para-amantes-del-deporte-trabajar-con-deportistas-desde-la-formacion-profesional-preguntas-frecuentes\/#primaryimage"},"thumbnailUrl":"https:\/\/fpsuperiorufv.es\/blog\/wp-content\/uploads\/2025\/07\/higiene-alimentaria.jpg","datePublished":"2026-01-26T16:26:51+00:00","dateModified":"2026-02-19T10:03:08+00:00","breadcrumb":{"@id":"https:\/\/fpsuperiorufv.es\/blog\/fp-en-dietetica-para-amantes-del-deporte-trabajar-con-deportistas-desde-la-formacion-profesional-preguntas-frecuentes\/#breadcrumb"},"inLanguage":"es","potentialAction":[{"@type":"ReadAction","target":["https:\/\/fpsuperiorufv.es\/blog\/fp-en-dietetica-para-amantes-del-deporte-trabajar-con-deportistas-desde-la-formacion-profesional-preguntas-frecuentes\/"]}]},{"@type":"ImageObject","inLanguage":"es","@id":"https:\/\/fpsuperiorufv.es\/blog\/fp-en-dietetica-para-amantes-del-deporte-trabajar-con-deportistas-desde-la-formacion-profesional-preguntas-frecuentes\/#primaryimage","url":"https:\/\/fpsuperiorufv.es\/blog\/wp-content\/uploads\/2025\/07\/higiene-alimentaria.jpg","contentUrl":"https:\/\/fpsuperiorufv.es\/blog\/wp-content\/uploads\/2025\/07\/higiene-alimentaria.jpg","width":1280,"height":814},{"@type":"BreadcrumbList","@id":"https:\/\/fpsuperiorufv.es\/blog\/fp-en-dietetica-para-amantes-del-deporte-trabajar-con-deportistas-desde-la-formacion-profesional-preguntas-frecuentes\/#breadcrumb","itemListElement":[{"@type":"ListItem","position":1,"name":"Home","item":"https:\/\/fpsuperiorufv.es\/blog\/"},{"@type":"ListItem","position":2,"name":"FP en Diet\u00e9tica para amantes del deporte: trabajar con deportistas desde la Formaci\u00f3n Profesional"}]},{"@type":"WebSite","@id":"https:\/\/fpsuperiorufv.es\/blog\/#website","url":"https:\/\/fpsuperiorufv.es\/blog\/","name":"Fp Superior Francisco de Vitoria","description":"","publisher":{"@id":"https:\/\/fpsuperiorufv.es\/blog\/#organization"},"alternateName":"Cetys","potentialAction":[{"@type":"SearchAction","target":{"@type":"EntryPoint","urlTemplate":"https:\/\/fpsuperiorufv.es\/blog\/?s={search_term_string}"},"query-input":{"@type":"PropertyValueSpecification","valueRequired":true,"valueName":"search_term_string"}}],"inLanguage":"es"},{"@type":"Organization","@id":"https:\/\/fpsuperiorufv.es\/blog\/#organization","name":"Cetys","url":"https:\/\/fpsuperiorufv.es\/blog\/","logo":{"@type":"ImageObject","inLanguage":"es","@id":"https:\/\/fpsuperiorufv.es\/blog\/#\/schema\/logo\/image\/","url":"https:\/\/fpsuperiorufv.lo\/wp-content\/uploads\/2025\/02\/logo.svg","contentUrl":"https:\/\/fpsuperiorufv.lo\/wp-content\/uploads\/2025\/02\/logo.svg","width":"1024","height":"1024","caption":"Cetys"},"image":{"@id":"https:\/\/fpsuperiorufv.es\/blog\/#\/schema\/logo\/image\/"}},{"@type":"Person","@id":"https:\/\/fpsuperiorufv.es\/blog\/#\/schema\/person\/6eed41dc866f12d961994f51f39f8796","name":"FP Superior UFV","image":{"@type":"ImageObject","inLanguage":"es","@id":"https:\/\/secure.gravatar.com\/avatar\/2cb5eeb90ddddf18129790c93583d4ae96ca8a625c07994637c8fc9d35252ce5?s=96&d=mm&r=g","url":"https:\/\/secure.gravatar.com\/avatar\/2cb5eeb90ddddf18129790c93583d4ae96ca8a625c07994637c8fc9d35252ce5?s=96&d=mm&r=g","contentUrl":"https:\/\/secure.gravatar.com\/avatar\/2cb5eeb90ddddf18129790c93583d4ae96ca8a625c07994637c8fc9d35252ce5?s=96&d=mm&r=g","caption":"FP Superior UFV"},"url":"https:\/\/fpsuperiorufv.es\/blog\/author\/cetys\/"}]}},"_links":{"self":[{"href":"https:\/\/fpsuperiorufv.es\/blog\/wp-json\/wp\/v2\/posts\/281719","targetHints":{"allow":["GET"]}}],"collection":[{"href":"https:\/\/fpsuperiorufv.es\/blog\/wp-json\/wp\/v2\/posts"}],"about":[{"href":"https:\/\/fpsuperiorufv.es\/blog\/wp-json\/wp\/v2\/types\/post"}],"author":[{"embeddable":true,"href":"https:\/\/fpsuperiorufv.es\/blog\/wp-json\/wp\/v2\/users\/3"}],"replies":[{"embeddable":true,"href":"https:\/\/fpsuperiorufv.es\/blog\/wp-json\/wp\/v2\/comments?post=281719"}],"version-history":[{"count":1,"href":"https:\/\/fpsuperiorufv.es\/blog\/wp-json\/wp\/v2\/posts\/281719\/revisions"}],"predecessor-version":[{"id":281908,"href":"https:\/\/fpsuperiorufv.es\/blog\/wp-json\/wp\/v2\/posts\/281719\/revisions\/281908"}],"wp:featuredmedia":[{"embeddable":true,"href":"https:\/\/fpsuperiorufv.es\/blog\/wp-json\/wp\/v2\/media\/1316"}],"wp:attachment":[{"href":"https:\/\/fpsuperiorufv.es\/blog\/wp-json\/wp\/v2\/media?parent=281719"}],"wp:term":[{"taxonomy":"category","embeddable":true,"href":"https:\/\/fpsuperiorufv.es\/blog\/wp-json\/wp\/v2\/categories?post=281719"},{"taxonomy":"post_tag","embeddable":true,"href":"https:\/\/fpsuperiorufv.es\/blog\/wp-json\/wp\/v2\/tags?post=281719"}],"curies":[{"name":"wp","href":"https:\/\/api.w.org\/{rel}","templated":true}]}}