{"id":281720,"date":"2026-01-23T02:47:43","date_gmt":"2026-01-23T02:47:43","guid":{"rendered":"https:\/\/soleyantonio.es\/como-organizar-tu-primer-cortometraje-o-proyecto-audiovisual-dentro-de-la-fp\/"},"modified":"2026-02-20T13:00:41","modified_gmt":"2026-02-20T12:00:41","slug":"como-organizar-tu-primer-cortometraje-o-proyecto-audiovisual-dentro-de-la-fp-preguntas-frecuentes","status":"publish","type":"post","link":"https:\/\/fpsuperiorufv.es\/blog\/como-organizar-tu-primer-cortometraje-o-proyecto-audiovisual-dentro-de-la-fp-preguntas-frecuentes\/","title":{"rendered":"C\u00f3mo organizar tu primer cortometraje o proyecto audiovisual dentro de la FP"},"content":{"rendered":"<h2>C\u00f3mo organizar tu primer cortometraje o proyecto audiovisual dentro de la FP<\/h2>\n<p>\u00a1Bienvenido a un emocionante viaje en el mundo del cine y la producci\u00f3n audiovisual! Aqu\u00ed en la FP Superior Francisco de Vitoria, estamos listos para acompa\u00f1arte en la creaci\u00f3n de tu primer cortometraje. En este art\u00edculo, te proporcionaremos una gu\u00eda completa para que puedas organizar tu proyecto desde cero y transformarlo en una obra que refleje tu creatividad y pasi\u00f3n.<\/p>\n<h2>Curiosidades sobre la producci\u00f3n audiovisual<\/h2>\n<ul>\n<li>El primer cortometraje de la historia fue La salida de los obreros de la f\u00e1brica Lumi\u00e8re en 1895.<\/li>\n<li>El cine es una de las formas de arte m\u00e1s influyentes, con un impacto significativo en la cultura y la sociedad.<\/li>\n<li>M\u00e1s de 200.000 cortometrajes se producen anualmente en todo el mundo.<\/li>\n<li>El 70% de los proyectos audiovisuales se quedan en la etapa de preproducci\u00f3n y nunca llegan a realizarse.<\/li>\n<li>La FP en producci\u00f3n audiovisual ha crecido un 30% en los \u00faltimos cinco a\u00f1os en Espa\u00f1a.<\/li>\n<\/ul>\n<h2>Los pasos para organizar tu cortometraje<\/h2>\n<p>Ahora que tienes un poco de contexto, vamos a profundizar en c\u00f3mo organizar tu primer cortometraje. Este proceso puede parecer abrumador, pero con una buena planificaci\u00f3n y organizaci\u00f3n, \u00a1todo es posible!<\/p>\n<h2>1. Define la idea y el guion<\/h2>\n<p>El primer paso es tener una idea clara. \u00bfSobre qu\u00e9 quieres contar tu historia? T\u00f3mate el tiempo necesario para pensar en tu concepto. Aqu\u00ed hay algunos consejos:<\/p>\n<ul>\n<li>Haz una lluvia de ideas sobre temas que te interesen.<\/li>\n<li>Define el g\u00e9nero: drama, comedia, terror, etc.<\/li>\n<li>Escribe un guion inicial. No te preocupes por la perfecci\u00f3n en esta etapa.<\/li>\n<\/ul>\n<p>Recuerda que el guion es la base de tu cortometraje; debe ser claro y conciso. Puedes utilizar herramientas como Celtx o Final Draft para ayudarte en este proceso.<\/p>\n<h2>2. Preproducci\u00f3n: planificaci\u00f3n y recursos<\/h2>\n<p>La preproducci\u00f3n es una etapa crucial. Aqu\u00ed es donde se planifica todo lo que necesitar\u00e1s para llevar a cabo tu proyecto.<\/p>\n<h3>Recursos necesarios<\/h3>\n<ul>\n<li>Equipo t\u00e9cnico: c\u00e1maras, micr\u00f3fonos, iluminaci\u00f3n.<\/li>\n<li>Localizaciones: busca y asegura los lugares donde grabar\u00e1s.<\/li>\n<li>Actores y equipo: selecciona a las personas que participar\u00e1n en tu cortometraje.<\/li>\n<li>Presupuesto: establece un presupuesto realista para tu proyecto.<\/li>\n<\/ul>\n<h3>Calendario de rodaje<\/h3>\n<p>Es fundamental crear un calendario de rodaje que incluya las fechas y horarios de grabaci\u00f3n. Aseg\u00farate de comunicarlo a todos los involucrados.<\/p>\n<h2>3. Producci\u00f3n: \u00a1a rodar!<\/h2>\n<p>Una vez que todo est\u00e1 listo, \u00a1es hora de comenzar a grabar! Aqu\u00ed hay algunos consejos para hacer que el rodaje sea eficiente:<\/p>\n<ul>\n<li>Realiza ensayos previos con los actores.<\/li>\n<li>Verifica todo el equipo t\u00e9cnico antes de comenzar a grabar.<\/li>\n<li>Ten a mano un plan B por si algo no sale como se esperaba.<\/li>\n<\/ul>\n<p>Recuerda mantener la comunicaci\u00f3n abierta con tu equipo y resolver cualquier inconveniente de inmediato.<\/p>\n<h2>4. Postproducci\u00f3n: edici\u00f3n y montaje<\/h2>\n<p>Despu\u00e9s de rodar tu cortometraje, llega la etapa de postproducci\u00f3n. Aqu\u00ed es donde dar\u00e1s vida a tu proyecto mediante la edici\u00f3n.<\/p>\n<ul>\n<li>Usa software de edici\u00f3n como Adobe Premiere Pro o Final Cut.<\/li>\n<li>Incorpora la m\u00fasica y los efectos de sonido adecuados.<\/li>\n<li>Haz una revisi\u00f3n final del cortometraje antes de compartirlo.<\/li>\n<\/ul>\n<p>Esta etapa puede ser larga, pero es donde realmente podr\u00e1s contar tu historia de la manera m\u00e1s efectiva.<\/p>\n<h2>5. Estreno y difusi\u00f3n<\/h2>\n<p>Finalmente, el momento de la verdad: el estreno de tu cortometraje. Aqu\u00ed hay algunas ideas para hacer que tu estreno sea un evento memorable:<\/p>\n<ul>\n<li>Organiza una proyecci\u00f3n para tus compa\u00f1eros de clase y profesores.<\/li>\n<li>Utiliza las redes sociales para promocionar tu cortometraje.<\/li>\n<li>Considera enviar tu cortometraje a festivales de cine.<\/li>\n<\/ul>\n<h2>Conclusi\u00f3n<\/h2>\n<p>Organizar tu primer cortometraje dentro de la FP puede parecer un desaf\u00edo, pero con una buena planificaci\u00f3n y dedicaci\u00f3n, podr\u00e1s crear algo realmente especial. No olvides que en la FP Superior Francisco de Vitoria, estamos aqu\u00ed para apoyarte en cada paso del camino. Si est\u00e1s listo para dar el siguiente paso en tu formaci\u00f3n, consulta nuestro <a href=https:\/\/fpsuperiorufv.es\/secretaria-admision-y-ayuda\/>proceso de admisi\u00f3n<\/a> y \u00fanete a nosotros. \u00a1Estamos emocionados de ver lo que crear\u00e1s!<\/p>\n<h2>Preguntas frecuentes<\/h2>\n<h2>\u00bfQu\u00e9 equipo necesito para hacer un cortometraje?<\/h2>\n<p>Para un cortometraje b\u00e1sico, necesitar\u00e1s una c\u00e1mara, un micr\u00f3fono, luces y un software de edici\u00f3n. Si no tienes acceso a todo el equipo, consulta con tus profesores o compa\u00f1eros de clase.<\/p>\n<h2>\u00bfCu\u00e1nto tiempo toma hacer un cortometraje?<\/h2>\n<p>El tiempo puede variar seg\u00fan la complejidad de tu proyecto. Generalmente, puedes planificar de una a tres semanas para la preproducci\u00f3n, una semana para el rodaje y varias semanas para la edici\u00f3n.<\/p>\n<h2>\u00bfD\u00f3nde puedo mostrar mi cortometraje?<\/h2>\n<p>Puedes organizar proyecciones en la universidad, subirlo a plataformas como Vimeo o YouTube, o enviarlo a festivales de cine.<\/p>\n<h2>\u00bfPuedo trabajar en equipo con otros estudiantes?<\/h2>\n<p>\u00a1Por supuesto! Trabajar en equipo puede enriquecer tu proyecto y facilitar la carga de trabajo. Adem\u00e1s, es una excelente oportunidad para aprender de tus compa\u00f1eros.<\/p>\n<p>Si est\u00e1s interesado en dar el siguiente paso en tu formaci\u00f3n y quieres m\u00e1s informaci\u00f3n sobre el <a href=https:\/\/fpsuperiorufv.es\/secretaria-admision-y-ayuda\/>proceso de admisi\u00f3n<\/a>, no dudes en consultarlo. \u00a1Esperamos verte pronto!<\/p>\n","protected":false},"excerpt":{"rendered":"<p>C\u00f3mo organizar tu primer cortometraje o proyecto audiovisual dentro de la FP \u00a1Bienvenido a un emocionante viaje en el mundo del cine y la producci\u00f3n audiovisual! Aqu\u00ed en la FP Superior Francisco de Vitoria, estamos listos para acompa\u00f1arte en la creaci\u00f3n de tu primer cortometraje. En este art\u00edculo, te proporcionaremos una gu\u00eda completa para que [&hellip;]<\/p>\n","protected":false},"author":3,"featured_media":2723,"comment_status":"open","ping_status":"open","sticky":false,"template":"","format":"standard","meta":{"inline_featured_image":false,"footnotes":""},"categories":[393,388],"tags":[],"class_list":["post-281720","post","type-post","status-publish","format-standard","has-post-thumbnail","hentry","category-preguntas-frecuentes","category-realizacion-de-proyectos-audiovisuales-y-espectaculos"],"yoast_head":"<!-- This site is optimized with the Yoast SEO plugin v27.4 - https:\/\/yoast.com\/product\/yoast-seo-wordpress\/ -->\n<title>C\u00f3mo organizar tu primer cortometraje o proyecto audiovisual dentro de la FP - Cetys<\/title>\n<meta name=\"robots\" content=\"index, follow, max-snippet:-1, max-image-preview:large, max-video-preview:-1\" \/>\n<link rel=\"canonical\" href=\"https:\/\/fpsuperiorufv.es\/blog\/como-organizar-tu-primer-cortometraje-o-proyecto-audiovisual-dentro-de-la-fp-preguntas-frecuentes\/\" \/>\n<meta property=\"og:locale\" content=\"es_ES\" \/>\n<meta property=\"og:type\" content=\"article\" \/>\n<meta property=\"og:title\" content=\"C\u00f3mo organizar tu primer cortometraje o proyecto audiovisual dentro de la FP - Cetys\" \/>\n<meta property=\"og:description\" content=\"C\u00f3mo organizar tu primer cortometraje o proyecto audiovisual dentro de la FP \u00a1Bienvenido a un emocionante viaje en el mundo del cine y la producci\u00f3n audiovisual! Aqu\u00ed en la FP Superior Francisco de Vitoria, estamos listos para acompa\u00f1arte en la creaci\u00f3n de tu primer cortometraje. En este art\u00edculo, te proporcionaremos una gu\u00eda completa para que [&hellip;]\" \/>\n<meta property=\"og:url\" content=\"https:\/\/fpsuperiorufv.es\/blog\/como-organizar-tu-primer-cortometraje-o-proyecto-audiovisual-dentro-de-la-fp-preguntas-frecuentes\/\" \/>\n<meta property=\"og:site_name\" content=\"Cetys\" \/>\n<meta property=\"article:published_time\" content=\"2026-01-23T02:47:43+00:00\" \/>\n<meta property=\"article:modified_time\" content=\"2026-02-20T12:00:41+00:00\" \/>\n<meta property=\"og:image\" content=\"https:\/\/fpsuperiorufv.es\/blog\/wp-content\/uploads\/2025\/08\/Comunicacion27-scaled-1.jpg\" \/>\n\t<meta property=\"og:image:width\" content=\"1707\" \/>\n\t<meta property=\"og:image:height\" content=\"2560\" \/>\n\t<meta property=\"og:image:type\" content=\"image\/jpeg\" \/>\n<meta name=\"author\" content=\"FP Superior UFV\" \/>\n<meta name=\"twitter:card\" content=\"summary_large_image\" \/>\n<meta name=\"twitter:label1\" content=\"Escrito por\" \/>\n\t<meta name=\"twitter:data1\" content=\"FP Superior UFV\" \/>\n\t<meta name=\"twitter:label2\" content=\"Tiempo de lectura\" \/>\n\t<meta name=\"twitter:data2\" content=\"4 minutos\" \/>\n<script type=\"application\/ld+json\" class=\"yoast-schema-graph\">{\"@context\":\"https:\\\/\\\/schema.org\",\"@graph\":[{\"@type\":\"Article\",\"@id\":\"https:\\\/\\\/fpsuperiorufv.es\\\/blog\\\/como-organizar-tu-primer-cortometraje-o-proyecto-audiovisual-dentro-de-la-fp-preguntas-frecuentes\\\/#article\",\"isPartOf\":{\"@id\":\"https:\\\/\\\/fpsuperiorufv.es\\\/blog\\\/como-organizar-tu-primer-cortometraje-o-proyecto-audiovisual-dentro-de-la-fp-preguntas-frecuentes\\\/\"},\"author\":{\"name\":\"FP Superior UFV\",\"@id\":\"https:\\\/\\\/fpsuperiorufv.es\\\/blog\\\/#\\\/schema\\\/person\\\/6eed41dc866f12d961994f51f39f8796\"},\"headline\":\"C\u00f3mo organizar tu primer cortometraje o proyecto audiovisual dentro de la FP\",\"datePublished\":\"2026-01-23T02:47:43+00:00\",\"dateModified\":\"2026-02-20T12:00:41+00:00\",\"mainEntityOfPage\":{\"@id\":\"https:\\\/\\\/fpsuperiorufv.es\\\/blog\\\/como-organizar-tu-primer-cortometraje-o-proyecto-audiovisual-dentro-de-la-fp-preguntas-frecuentes\\\/\"},\"wordCount\":888,\"commentCount\":0,\"publisher\":{\"@id\":\"https:\\\/\\\/fpsuperiorufv.es\\\/blog\\\/#organization\"},\"image\":{\"@id\":\"https:\\\/\\\/fpsuperiorufv.es\\\/blog\\\/como-organizar-tu-primer-cortometraje-o-proyecto-audiovisual-dentro-de-la-fp-preguntas-frecuentes\\\/#primaryimage\"},\"thumbnailUrl\":\"https:\\\/\\\/fpsuperiorufv.es\\\/blog\\\/wp-content\\\/uploads\\\/2025\\\/08\\\/Comunicacion27-scaled-1.jpg\",\"articleSection\":[\"Preguntas frecuentes\",\"Realizaci\u00f3n de Proyectos Audiovisuales y Espect\u00e1culos\"],\"inLanguage\":\"es\",\"potentialAction\":[{\"@type\":\"CommentAction\",\"name\":\"Comment\",\"target\":[\"https:\\\/\\\/fpsuperiorufv.es\\\/blog\\\/como-organizar-tu-primer-cortometraje-o-proyecto-audiovisual-dentro-de-la-fp-preguntas-frecuentes\\\/#respond\"]}]},{\"@type\":\"WebPage\",\"@id\":\"https:\\\/\\\/fpsuperiorufv.es\\\/blog\\\/como-organizar-tu-primer-cortometraje-o-proyecto-audiovisual-dentro-de-la-fp-preguntas-frecuentes\\\/\",\"url\":\"https:\\\/\\\/fpsuperiorufv.es\\\/blog\\\/como-organizar-tu-primer-cortometraje-o-proyecto-audiovisual-dentro-de-la-fp-preguntas-frecuentes\\\/\",\"name\":\"C\u00f3mo organizar tu primer cortometraje o proyecto audiovisual dentro de la FP - Cetys\",\"isPartOf\":{\"@id\":\"https:\\\/\\\/fpsuperiorufv.es\\\/blog\\\/#website\"},\"primaryImageOfPage\":{\"@id\":\"https:\\\/\\\/fpsuperiorufv.es\\\/blog\\\/como-organizar-tu-primer-cortometraje-o-proyecto-audiovisual-dentro-de-la-fp-preguntas-frecuentes\\\/#primaryimage\"},\"image\":{\"@id\":\"https:\\\/\\\/fpsuperiorufv.es\\\/blog\\\/como-organizar-tu-primer-cortometraje-o-proyecto-audiovisual-dentro-de-la-fp-preguntas-frecuentes\\\/#primaryimage\"},\"thumbnailUrl\":\"https:\\\/\\\/fpsuperiorufv.es\\\/blog\\\/wp-content\\\/uploads\\\/2025\\\/08\\\/Comunicacion27-scaled-1.jpg\",\"datePublished\":\"2026-01-23T02:47:43+00:00\",\"dateModified\":\"2026-02-20T12:00:41+00:00\",\"breadcrumb\":{\"@id\":\"https:\\\/\\\/fpsuperiorufv.es\\\/blog\\\/como-organizar-tu-primer-cortometraje-o-proyecto-audiovisual-dentro-de-la-fp-preguntas-frecuentes\\\/#breadcrumb\"},\"inLanguage\":\"es\",\"potentialAction\":[{\"@type\":\"ReadAction\",\"target\":[\"https:\\\/\\\/fpsuperiorufv.es\\\/blog\\\/como-organizar-tu-primer-cortometraje-o-proyecto-audiovisual-dentro-de-la-fp-preguntas-frecuentes\\\/\"]}]},{\"@type\":\"ImageObject\",\"inLanguage\":\"es\",\"@id\":\"https:\\\/\\\/fpsuperiorufv.es\\\/blog\\\/como-organizar-tu-primer-cortometraje-o-proyecto-audiovisual-dentro-de-la-fp-preguntas-frecuentes\\\/#primaryimage\",\"url\":\"https:\\\/\\\/fpsuperiorufv.es\\\/blog\\\/wp-content\\\/uploads\\\/2025\\\/08\\\/Comunicacion27-scaled-1.jpg\",\"contentUrl\":\"https:\\\/\\\/fpsuperiorufv.es\\\/blog\\\/wp-content\\\/uploads\\\/2025\\\/08\\\/Comunicacion27-scaled-1.jpg\",\"width\":1707,\"height\":2560},{\"@type\":\"BreadcrumbList\",\"@id\":\"https:\\\/\\\/fpsuperiorufv.es\\\/blog\\\/como-organizar-tu-primer-cortometraje-o-proyecto-audiovisual-dentro-de-la-fp-preguntas-frecuentes\\\/#breadcrumb\",\"itemListElement\":[{\"@type\":\"ListItem\",\"position\":1,\"name\":\"Home\",\"item\":\"https:\\\/\\\/fpsuperiorufv.es\\\/blog\\\/\"},{\"@type\":\"ListItem\",\"position\":2,\"name\":\"C\u00f3mo organizar tu primer cortometraje o proyecto audiovisual dentro de la FP\"}]},{\"@type\":\"WebSite\",\"@id\":\"https:\\\/\\\/fpsuperiorufv.es\\\/blog\\\/#website\",\"url\":\"https:\\\/\\\/fpsuperiorufv.es\\\/blog\\\/\",\"name\":\"Fp Superior Francisco de Vitoria\",\"description\":\"\",\"publisher\":{\"@id\":\"https:\\\/\\\/fpsuperiorufv.es\\\/blog\\\/#organization\"},\"alternateName\":\"Cetys\",\"potentialAction\":[{\"@type\":\"SearchAction\",\"target\":{\"@type\":\"EntryPoint\",\"urlTemplate\":\"https:\\\/\\\/fpsuperiorufv.es\\\/blog\\\/?s={search_term_string}\"},\"query-input\":{\"@type\":\"PropertyValueSpecification\",\"valueRequired\":true,\"valueName\":\"search_term_string\"}}],\"inLanguage\":\"es\"},{\"@type\":\"Organization\",\"@id\":\"https:\\\/\\\/fpsuperiorufv.es\\\/blog\\\/#organization\",\"name\":\"Cetys\",\"url\":\"https:\\\/\\\/fpsuperiorufv.es\\\/blog\\\/\",\"logo\":{\"@type\":\"ImageObject\",\"inLanguage\":\"es\",\"@id\":\"https:\\\/\\\/fpsuperiorufv.es\\\/blog\\\/#\\\/schema\\\/logo\\\/image\\\/\",\"url\":\"https:\\\/\\\/fpsuperiorufv.lo\\\/wp-content\\\/uploads\\\/2025\\\/02\\\/logo.svg\",\"contentUrl\":\"https:\\\/\\\/fpsuperiorufv.lo\\\/wp-content\\\/uploads\\\/2025\\\/02\\\/logo.svg\",\"width\":\"1024\",\"height\":\"1024\",\"caption\":\"Cetys\"},\"image\":{\"@id\":\"https:\\\/\\\/fpsuperiorufv.es\\\/blog\\\/#\\\/schema\\\/logo\\\/image\\\/\"}},{\"@type\":\"Person\",\"@id\":\"https:\\\/\\\/fpsuperiorufv.es\\\/blog\\\/#\\\/schema\\\/person\\\/6eed41dc866f12d961994f51f39f8796\",\"name\":\"FP Superior UFV\",\"image\":{\"@type\":\"ImageObject\",\"inLanguage\":\"es\",\"@id\":\"https:\\\/\\\/secure.gravatar.com\\\/avatar\\\/2cb5eeb90ddddf18129790c93583d4ae96ca8a625c07994637c8fc9d35252ce5?s=96&d=mm&r=g\",\"url\":\"https:\\\/\\\/secure.gravatar.com\\\/avatar\\\/2cb5eeb90ddddf18129790c93583d4ae96ca8a625c07994637c8fc9d35252ce5?s=96&d=mm&r=g\",\"contentUrl\":\"https:\\\/\\\/secure.gravatar.com\\\/avatar\\\/2cb5eeb90ddddf18129790c93583d4ae96ca8a625c07994637c8fc9d35252ce5?s=96&d=mm&r=g\",\"caption\":\"FP Superior UFV\"},\"url\":\"https:\\\/\\\/fpsuperiorufv.es\\\/blog\\\/author\\\/cetys\\\/\"}]}<\/script>\n<!-- \/ Yoast SEO plugin. -->","yoast_head_json":{"title":"C\u00f3mo organizar tu primer cortometraje o proyecto audiovisual dentro de la FP - Cetys","robots":{"index":"index","follow":"follow","max-snippet":"max-snippet:-1","max-image-preview":"max-image-preview:large","max-video-preview":"max-video-preview:-1"},"canonical":"https:\/\/fpsuperiorufv.es\/blog\/como-organizar-tu-primer-cortometraje-o-proyecto-audiovisual-dentro-de-la-fp-preguntas-frecuentes\/","og_locale":"es_ES","og_type":"article","og_title":"C\u00f3mo organizar tu primer cortometraje o proyecto audiovisual dentro de la FP - Cetys","og_description":"C\u00f3mo organizar tu primer cortometraje o proyecto audiovisual dentro de la FP \u00a1Bienvenido a un emocionante viaje en el mundo del cine y la producci\u00f3n audiovisual! Aqu\u00ed en la FP Superior Francisco de Vitoria, estamos listos para acompa\u00f1arte en la creaci\u00f3n de tu primer cortometraje. En este art\u00edculo, te proporcionaremos una gu\u00eda completa para que [&hellip;]","og_url":"https:\/\/fpsuperiorufv.es\/blog\/como-organizar-tu-primer-cortometraje-o-proyecto-audiovisual-dentro-de-la-fp-preguntas-frecuentes\/","og_site_name":"Cetys","article_published_time":"2026-01-23T02:47:43+00:00","article_modified_time":"2026-02-20T12:00:41+00:00","og_image":[{"width":1707,"height":2560,"url":"https:\/\/fpsuperiorufv.es\/blog\/wp-content\/uploads\/2025\/08\/Comunicacion27-scaled-1.jpg","type":"image\/jpeg"}],"author":"FP Superior UFV","twitter_card":"summary_large_image","twitter_misc":{"Escrito por":"FP Superior UFV","Tiempo de lectura":"4 minutos"},"schema":{"@context":"https:\/\/schema.org","@graph":[{"@type":"Article","@id":"https:\/\/fpsuperiorufv.es\/blog\/como-organizar-tu-primer-cortometraje-o-proyecto-audiovisual-dentro-de-la-fp-preguntas-frecuentes\/#article","isPartOf":{"@id":"https:\/\/fpsuperiorufv.es\/blog\/como-organizar-tu-primer-cortometraje-o-proyecto-audiovisual-dentro-de-la-fp-preguntas-frecuentes\/"},"author":{"name":"FP Superior UFV","@id":"https:\/\/fpsuperiorufv.es\/blog\/#\/schema\/person\/6eed41dc866f12d961994f51f39f8796"},"headline":"C\u00f3mo organizar tu primer cortometraje o proyecto audiovisual dentro de la FP","datePublished":"2026-01-23T02:47:43+00:00","dateModified":"2026-02-20T12:00:41+00:00","mainEntityOfPage":{"@id":"https:\/\/fpsuperiorufv.es\/blog\/como-organizar-tu-primer-cortometraje-o-proyecto-audiovisual-dentro-de-la-fp-preguntas-frecuentes\/"},"wordCount":888,"commentCount":0,"publisher":{"@id":"https:\/\/fpsuperiorufv.es\/blog\/#organization"},"image":{"@id":"https:\/\/fpsuperiorufv.es\/blog\/como-organizar-tu-primer-cortometraje-o-proyecto-audiovisual-dentro-de-la-fp-preguntas-frecuentes\/#primaryimage"},"thumbnailUrl":"https:\/\/fpsuperiorufv.es\/blog\/wp-content\/uploads\/2025\/08\/Comunicacion27-scaled-1.jpg","articleSection":["Preguntas frecuentes","Realizaci\u00f3n de Proyectos Audiovisuales y Espect\u00e1culos"],"inLanguage":"es","potentialAction":[{"@type":"CommentAction","name":"Comment","target":["https:\/\/fpsuperiorufv.es\/blog\/como-organizar-tu-primer-cortometraje-o-proyecto-audiovisual-dentro-de-la-fp-preguntas-frecuentes\/#respond"]}]},{"@type":"WebPage","@id":"https:\/\/fpsuperiorufv.es\/blog\/como-organizar-tu-primer-cortometraje-o-proyecto-audiovisual-dentro-de-la-fp-preguntas-frecuentes\/","url":"https:\/\/fpsuperiorufv.es\/blog\/como-organizar-tu-primer-cortometraje-o-proyecto-audiovisual-dentro-de-la-fp-preguntas-frecuentes\/","name":"C\u00f3mo organizar tu primer cortometraje o proyecto audiovisual dentro de la FP - Cetys","isPartOf":{"@id":"https:\/\/fpsuperiorufv.es\/blog\/#website"},"primaryImageOfPage":{"@id":"https:\/\/fpsuperiorufv.es\/blog\/como-organizar-tu-primer-cortometraje-o-proyecto-audiovisual-dentro-de-la-fp-preguntas-frecuentes\/#primaryimage"},"image":{"@id":"https:\/\/fpsuperiorufv.es\/blog\/como-organizar-tu-primer-cortometraje-o-proyecto-audiovisual-dentro-de-la-fp-preguntas-frecuentes\/#primaryimage"},"thumbnailUrl":"https:\/\/fpsuperiorufv.es\/blog\/wp-content\/uploads\/2025\/08\/Comunicacion27-scaled-1.jpg","datePublished":"2026-01-23T02:47:43+00:00","dateModified":"2026-02-20T12:00:41+00:00","breadcrumb":{"@id":"https:\/\/fpsuperiorufv.es\/blog\/como-organizar-tu-primer-cortometraje-o-proyecto-audiovisual-dentro-de-la-fp-preguntas-frecuentes\/#breadcrumb"},"inLanguage":"es","potentialAction":[{"@type":"ReadAction","target":["https:\/\/fpsuperiorufv.es\/blog\/como-organizar-tu-primer-cortometraje-o-proyecto-audiovisual-dentro-de-la-fp-preguntas-frecuentes\/"]}]},{"@type":"ImageObject","inLanguage":"es","@id":"https:\/\/fpsuperiorufv.es\/blog\/como-organizar-tu-primer-cortometraje-o-proyecto-audiovisual-dentro-de-la-fp-preguntas-frecuentes\/#primaryimage","url":"https:\/\/fpsuperiorufv.es\/blog\/wp-content\/uploads\/2025\/08\/Comunicacion27-scaled-1.jpg","contentUrl":"https:\/\/fpsuperiorufv.es\/blog\/wp-content\/uploads\/2025\/08\/Comunicacion27-scaled-1.jpg","width":1707,"height":2560},{"@type":"BreadcrumbList","@id":"https:\/\/fpsuperiorufv.es\/blog\/como-organizar-tu-primer-cortometraje-o-proyecto-audiovisual-dentro-de-la-fp-preguntas-frecuentes\/#breadcrumb","itemListElement":[{"@type":"ListItem","position":1,"name":"Home","item":"https:\/\/fpsuperiorufv.es\/blog\/"},{"@type":"ListItem","position":2,"name":"C\u00f3mo organizar tu primer cortometraje o proyecto audiovisual dentro de la FP"}]},{"@type":"WebSite","@id":"https:\/\/fpsuperiorufv.es\/blog\/#website","url":"https:\/\/fpsuperiorufv.es\/blog\/","name":"Fp Superior Francisco de Vitoria","description":"","publisher":{"@id":"https:\/\/fpsuperiorufv.es\/blog\/#organization"},"alternateName":"Cetys","potentialAction":[{"@type":"SearchAction","target":{"@type":"EntryPoint","urlTemplate":"https:\/\/fpsuperiorufv.es\/blog\/?s={search_term_string}"},"query-input":{"@type":"PropertyValueSpecification","valueRequired":true,"valueName":"search_term_string"}}],"inLanguage":"es"},{"@type":"Organization","@id":"https:\/\/fpsuperiorufv.es\/blog\/#organization","name":"Cetys","url":"https:\/\/fpsuperiorufv.es\/blog\/","logo":{"@type":"ImageObject","inLanguage":"es","@id":"https:\/\/fpsuperiorufv.es\/blog\/#\/schema\/logo\/image\/","url":"https:\/\/fpsuperiorufv.lo\/wp-content\/uploads\/2025\/02\/logo.svg","contentUrl":"https:\/\/fpsuperiorufv.lo\/wp-content\/uploads\/2025\/02\/logo.svg","width":"1024","height":"1024","caption":"Cetys"},"image":{"@id":"https:\/\/fpsuperiorufv.es\/blog\/#\/schema\/logo\/image\/"}},{"@type":"Person","@id":"https:\/\/fpsuperiorufv.es\/blog\/#\/schema\/person\/6eed41dc866f12d961994f51f39f8796","name":"FP Superior UFV","image":{"@type":"ImageObject","inLanguage":"es","@id":"https:\/\/secure.gravatar.com\/avatar\/2cb5eeb90ddddf18129790c93583d4ae96ca8a625c07994637c8fc9d35252ce5?s=96&d=mm&r=g","url":"https:\/\/secure.gravatar.com\/avatar\/2cb5eeb90ddddf18129790c93583d4ae96ca8a625c07994637c8fc9d35252ce5?s=96&d=mm&r=g","contentUrl":"https:\/\/secure.gravatar.com\/avatar\/2cb5eeb90ddddf18129790c93583d4ae96ca8a625c07994637c8fc9d35252ce5?s=96&d=mm&r=g","caption":"FP Superior UFV"},"url":"https:\/\/fpsuperiorufv.es\/blog\/author\/cetys\/"}]}},"_links":{"self":[{"href":"https:\/\/fpsuperiorufv.es\/blog\/wp-json\/wp\/v2\/posts\/281720","targetHints":{"allow":["GET"]}}],"collection":[{"href":"https:\/\/fpsuperiorufv.es\/blog\/wp-json\/wp\/v2\/posts"}],"about":[{"href":"https:\/\/fpsuperiorufv.es\/blog\/wp-json\/wp\/v2\/types\/post"}],"author":[{"embeddable":true,"href":"https:\/\/fpsuperiorufv.es\/blog\/wp-json\/wp\/v2\/users\/3"}],"replies":[{"embeddable":true,"href":"https:\/\/fpsuperiorufv.es\/blog\/wp-json\/wp\/v2\/comments?post=281720"}],"version-history":[{"count":1,"href":"https:\/\/fpsuperiorufv.es\/blog\/wp-json\/wp\/v2\/posts\/281720\/revisions"}],"predecessor-version":[{"id":281940,"href":"https:\/\/fpsuperiorufv.es\/blog\/wp-json\/wp\/v2\/posts\/281720\/revisions\/281940"}],"wp:featuredmedia":[{"embeddable":true,"href":"https:\/\/fpsuperiorufv.es\/blog\/wp-json\/wp\/v2\/media\/2723"}],"wp:attachment":[{"href":"https:\/\/fpsuperiorufv.es\/blog\/wp-json\/wp\/v2\/media?parent=281720"}],"wp:term":[{"taxonomy":"category","embeddable":true,"href":"https:\/\/fpsuperiorufv.es\/blog\/wp-json\/wp\/v2\/categories?post=281720"},{"taxonomy":"post_tag","embeddable":true,"href":"https:\/\/fpsuperiorufv.es\/blog\/wp-json\/wp\/v2\/tags?post=281720"}],"curies":[{"name":"wp","href":"https:\/\/api.w.org\/{rel}","templated":true}]}}