{"id":281721,"date":"2026-01-25T02:45:18","date_gmt":"2026-01-25T02:45:18","guid":{"rendered":"https:\/\/soleyantonio.es\/dietetica-y-cocina-colectiva-que-papel-tiene-el-tecnico-en-colegios-hospitales-y-residencias\/"},"modified":"2026-02-19T13:31:13","modified_gmt":"2026-02-19T12:31:13","slug":"dietetica-y-cocina-colectiva-que-papel-tiene-el-tecnico-en-colegios-hospitales-y-residencias-preguntas-frecuentes","status":"publish","type":"post","link":"https:\/\/fpsuperiorufv.es\/blog\/dietetica-y-cocina-colectiva-que-papel-tiene-el-tecnico-en-colegios-hospitales-y-residencias-preguntas-frecuentes\/","title":{"rendered":"Diet\u00e9tica y cocina colectiva: qu\u00e9 papel tiene el t\u00e9cnico en colegios hospitales y residencias"},"content":{"rendered":"<h2>Diet\u00e9tica y Cocina Colectiva: El Papel del T\u00e9cnico en Colegios, Hospitales y Residencias<\/h2>\n<p>La Diet\u00e9tica y la cocina colectiva son \u00e1reas fundamentales en el \u00e1mbito de la salud y la educaci\u00f3n. En nuestra sociedad, la alimentaci\u00f3n adecuada es b\u00e1sica para el desarrollo y bienestar de las personas, especialmente en entornos como colegios, hospitales y residencias. En este art\u00edculo, exploraremos el papel crucial que desempe\u00f1an los t\u00e9cnicos en estas instituciones y c\u00f3mo su labor impacta positivamente en la vida de los dem\u00e1s.<\/p>\n<h2>Curiosidades y Datos Interesantes sobre Diet\u00e9tica y Cocina Colectiva<\/h2>\n<ul>\n<li>M\u00e1s del 30% de la poblaci\u00f3n espa\u00f1ola tiene problemas de sobrepeso u obesidad.<\/li>\n<li>El 70% de las decisiones sobre salud se toman en la cocina.<\/li>\n<li>Las dietas personalizadas pueden mejorar la calidad de vida de pacientes en hospitales.<\/li>\n<li>Las cocinas colectivas sirven miles de comidas diarias, impactando a comunidades enteras.<\/li>\n<li>La demanda de t\u00e9cnicos en diet\u00e9tica ha crecido un 20% en los \u00faltimos a\u00f1os.<\/li>\n<\/ul>\n<h2>\u00bfQu\u00e9 Hace un T\u00e9cnico en Diet\u00e9tica y Cocina Colectiva?<\/h2>\n<p>El t\u00e9cnico en diet\u00e9tica y cocina colectiva es un profesional clave en la planificaci\u00f3n y elaboraci\u00f3n de men\u00fas que cumplen con las necesidades nutricionales de diferentes grupos de personas. Su trabajo abarca diversas tareas, entre las que destacamos:<\/p>\n<ul>\n<li>Elaborar men\u00fas equilibrados que se adapten a las necesidades espec\u00edficas de los usuarios.<\/li>\n<li>Colaborar con otros profesionales de la salud para garantizar una alimentaci\u00f3n adecuada.<\/li>\n<li>Gestionar la compra y almacenamiento de alimentos, asegurando su calidad e higiene.<\/li>\n<li>Supervisar la preparaci\u00f3n y servicio de comidas en cocinas colectivas.<\/li>\n<li>Formar e informar a los usuarios sobre h\u00e1bitos alimenticios saludables.<\/li>\n<\/ul>\n<h2>El Rol de los T\u00e9cnicos en Colegios<\/h2>\n<p>En los colegios, la figura del t\u00e9cnico en diet\u00e9tica y cocina colectiva es esencial para asegurar que los estudiantes reciban una alimentaci\u00f3n saludable que favorezca su desarrollo f\u00edsico y mental. Algunas de sus responsabilidades incluyen:<\/p>\n<ul>\n<li>Dise\u00f1ar men\u00fas adaptados a las necesidades nutricionales de los ni\u00f1os y adolescentes.<\/li>\n<li>Coordinar con el personal docente y sanitario para abordar problemas de salud espec\u00edficos.<\/li>\n<li>Realizar talleres de educaci\u00f3n alimentaria para fomentar h\u00e1bitos saludables.<\/li>\n<\/ul>\n<p>Un ejemplo de su impacto se puede ver en colegios que han implementado programas de alimentaci\u00f3n saludable. Estos programas no solo mejoran la salud de los estudiantes, sino que tambi\u00e9n fomentan el consumo de alimentos frescos y de calidad.<\/p>\n<h2>El Papel en Hospitales<\/h2>\n<p>En el entorno hospitalario, la nutrici\u00f3n juega un papel vital en la recuperaci\u00f3n de los pacientes. Los t\u00e9cnicos en diet\u00e9tica son responsables de:<\/p>\n<ul>\n<li>Desarrollar planes nutricionales personalizados para pacientes con necesidades espec\u00edficas.<\/li>\n<li>Colaborar con m\u00e9dicos y enfermeras para ajustar dietas seg\u00fan la evoluci\u00f3n del paciente.<\/li>\n<li>Educar a los pacientes y sus familias sobre la importancia de la alimentaci\u00f3n en la recuperaci\u00f3n.<\/li>\n<\/ul>\n<p>Un caso pr\u00e1ctico podr\u00eda ser un paciente en recuperaci\u00f3n de cirug\u00eda, que necesitar\u00e1 un plan nutricional que favorezca la cicatrizaci\u00f3n y recuperaci\u00f3n muscular. Aqu\u00ed, la intervenci\u00f3n del t\u00e9cnico es crucial.<\/p>\n<h2>Funci\u00f3n en Residencias de Mayores<\/h2>\n<p>En residencias, la alimentaci\u00f3n es un aspecto clave para garantizar la calidad de vida de los mayores. El t\u00e9cnico en diet\u00e9tica desempe\u00f1a un rol fundamental al:<\/p>\n<ul>\n<li>Evaluar las necesidades nutricionales de cada residente, considerando sus condiciones de salud.<\/li>\n<li>Dise\u00f1ar men\u00fas que sean atractivos y que cumplan con las recomendaciones diet\u00e9ticas.<\/li>\n<li>Formar al personal de cocina en pr\u00e1cticas de higiene y manipulaci\u00f3n de alimentos.<\/li>\n<\/ul>\n<p>Por ejemplo, en una residencia donde muchos de los residentes pueden tener problemas de masticaci\u00f3n, el t\u00e9cnico puede adaptar las texturas de los alimentos, asegurando que todos puedan disfrutar de una comida nutritiva.<\/p>\n<h2>\u00bfPor Qu\u00e9 Estudiar Diet\u00e9tica y Cocina Colectiva?<\/h2>\n<p>Estudiar un Ciclo Formativo de Grado Superior en Diet\u00e9tica y Cocina Colectiva te ofrece numerosas ventajas:<\/p>\n<ul>\n<li>Acceso a un sector en crecimiento con una alta demanda de profesionales cualificados.<\/li>\n<li>Oportunidad de ayudar a mejorar la calidad de vida de las personas a trav\u00e9s de la alimentaci\u00f3n.<\/li>\n<li>Formaci\u00f3n integral que combina teor\u00eda y pr\u00e1ctica en entornos reales.<\/li>\n<\/ul>\n<p>Si sientes pasi\u00f3n por la alimentaci\u00f3n y el bienestar, este ciclo puede ser el camino perfecto para ti. Con nosotros, tendr\u00e1s la oportunidad de formarte en un entorno acad\u00e9mico de calidad y con un enfoque pr\u00e1ctico que te preparar\u00e1 para el mercado laboral.<\/p>\n<h2>Proceso de Admisi\u00f3n<\/h2>\n<p>Si est\u00e1s interesado en dar el siguiente paso y matricularte en nuestro Ciclo Formativo de Grado Superior en Diet\u00e9tica y Cocina Colectiva, puedes encontrar toda la informaci\u00f3n sobre el <a href=https:\/\/fpsuperiorufv.es\/secretaria-admision-y-ayuda\/>proceso de admisi\u00f3n aqu\u00ed<\/a>. Nos encantar\u00eda acompa\u00f1arte en este viaje hacia una carrera apasionante y llena de oportunidades.<\/p>\n<h2>Preguntas Frecuentes<\/h2>\n<h2>\u00bfQu\u00e9 requisitos necesito para acceder al ciclo formativo?<\/h2>\n<p>Para acceder a nuestro Ciclo Formativo de Grado Superior en Diet\u00e9tica y Cocina Colectiva, necesitas cumplir con alguno de los requisitos acad\u00e9micos establecidos, como tener un t\u00edtulo de Bachillerato o un ciclo formativo de grado medio.<\/p>\n<h2>\u00bfCu\u00e1l es la duraci\u00f3n del ciclo formativo?<\/h2>\n<p>El ciclo formativo tiene una duraci\u00f3n aproximada de dos a\u00f1os, donde combinar\u00e1s clases te\u00f3ricas y pr\u00e1cticas en entornos profesionales.<\/p>\n<h2>\u00bfHay pr\u00e1cticas en empresas?<\/h2>\n<p>S\u00ed, el ciclo incluye pr\u00e1cticas en empresas del sector, lo que te permitir\u00e1 adquirir experiencia real y hacer contactos en el \u00e1mbito laboral.<\/p>\n<h2>\u00bfQu\u00e9 salidas laborales tengo al finalizar el ciclo?<\/h2>\n<p>Al finalizar, podr\u00e1s trabajar en colegios, hospitales, residencias de mayores, empresas de catering, as\u00ed como en la gesti\u00f3n de servicios de alimentaci\u00f3n colectiva.<\/p>\n<h2>\u00bfD\u00f3nde puedo obtener m\u00e1s informaci\u00f3n sobre el ciclo?<\/h2>\n<p>Para m\u00e1s informaci\u00f3n sobre el Ciclo Formativo de Grado Superior en Diet\u00e9tica y Cocina Colectiva, no dudes en visitar nuestra p\u00e1gina web o contactar con nosotros directamente. Estamos aqu\u00ed para ayudarte en cada paso del camino.<\/p>\n<p>\u00a1No dejes pasar la oportunidad de convertirte en un profesional clave en el \u00e1mbito de la salud y la alimentaci\u00f3n! Tu futuro comienza aqu\u00ed.<\/p>\n<p>Recuerda que puedes consultar toda la informaci\u00f3n sobre el <a href=https:\/\/fpsuperiorufv.es\/secretaria-admision-y-ayuda\/>proceso de admisi\u00f3n en nuestra web<\/a>. \u00a1Esperamos verte pronto!<\/p>\n","protected":false},"excerpt":{"rendered":"<p>Diet\u00e9tica y Cocina Colectiva: El Papel del T\u00e9cnico en Colegios, Hospitales y Residencias La Diet\u00e9tica y la cocina colectiva son \u00e1reas fundamentales en el \u00e1mbito de la salud y la educaci\u00f3n. En nuestra sociedad, la alimentaci\u00f3n adecuada es b\u00e1sica para el desarrollo y bienestar de las personas, especialmente en entornos como colegios, hospitales y residencias. [&hellip;]<\/p>\n","protected":false},"author":3,"featured_media":1274,"comment_status":"open","ping_status":"open","sticky":false,"template":"","format":"standard","meta":{"inline_featured_image":false,"footnotes":""},"categories":[389,393],"tags":[],"class_list":["post-281721","post","type-post","status-publish","format-standard","has-post-thumbnail","hentry","category-dietetica","category-preguntas-frecuentes"],"yoast_head":"<!-- This site is optimized with the Yoast SEO plugin v27.4 - https:\/\/yoast.com\/product\/yoast-seo-wordpress\/ -->\n<title>Diet\u00e9tica y cocina colectiva: qu\u00e9 papel tiene el t\u00e9cnico en colegios hospitales y residencias - Cetys<\/title>\n<meta name=\"robots\" content=\"index, follow, max-snippet:-1, max-image-preview:large, max-video-preview:-1\" \/>\n<link rel=\"canonical\" href=\"https:\/\/fpsuperiorufv.es\/blog\/dietetica-y-cocina-colectiva-que-papel-tiene-el-tecnico-en-colegios-hospitales-y-residencias-preguntas-frecuentes\/\" \/>\n<meta property=\"og:locale\" content=\"es_ES\" \/>\n<meta property=\"og:type\" content=\"article\" \/>\n<meta property=\"og:title\" content=\"Diet\u00e9tica y cocina colectiva: qu\u00e9 papel tiene el t\u00e9cnico en colegios hospitales y residencias - Cetys\" \/>\n<meta property=\"og:description\" content=\"Diet\u00e9tica y Cocina Colectiva: El Papel del T\u00e9cnico en Colegios, Hospitales y Residencias La Diet\u00e9tica y la cocina colectiva son \u00e1reas fundamentales en el \u00e1mbito de la salud y la educaci\u00f3n. En nuestra sociedad, la alimentaci\u00f3n adecuada es b\u00e1sica para el desarrollo y bienestar de las personas, especialmente en entornos como colegios, hospitales y residencias. [&hellip;]\" \/>\n<meta property=\"og:url\" content=\"https:\/\/fpsuperiorufv.es\/blog\/dietetica-y-cocina-colectiva-que-papel-tiene-el-tecnico-en-colegios-hospitales-y-residencias-preguntas-frecuentes\/\" \/>\n<meta property=\"og:site_name\" content=\"Cetys\" \/>\n<meta property=\"article:published_time\" content=\"2026-01-25T02:45:18+00:00\" \/>\n<meta property=\"article:modified_time\" content=\"2026-02-19T12:31:13+00:00\" \/>\n<meta property=\"og:image\" content=\"https:\/\/fpsuperiorufv.es\/blog\/wp-content\/uploads\/2025\/07\/mujer-hermosa-deportiva-cocina-verduras-scaled-1.jpg\" \/>\n\t<meta property=\"og:image:width\" content=\"2560\" \/>\n\t<meta property=\"og:image:height\" content=\"1707\" \/>\n\t<meta property=\"og:image:type\" content=\"image\/jpeg\" \/>\n<meta name=\"author\" content=\"FP Superior UFV\" \/>\n<meta name=\"twitter:card\" content=\"summary_large_image\" \/>\n<meta name=\"twitter:label1\" content=\"Escrito por\" \/>\n\t<meta name=\"twitter:data1\" content=\"FP Superior UFV\" \/>\n\t<meta name=\"twitter:label2\" content=\"Tiempo de lectura\" \/>\n\t<meta name=\"twitter:data2\" content=\"5 minutos\" \/>\n<script type=\"application\/ld+json\" class=\"yoast-schema-graph\">{\"@context\":\"https:\\\/\\\/schema.org\",\"@graph\":[{\"@type\":\"Article\",\"@id\":\"https:\\\/\\\/fpsuperiorufv.es\\\/blog\\\/dietetica-y-cocina-colectiva-que-papel-tiene-el-tecnico-en-colegios-hospitales-y-residencias-preguntas-frecuentes\\\/#article\",\"isPartOf\":{\"@id\":\"https:\\\/\\\/fpsuperiorufv.es\\\/blog\\\/dietetica-y-cocina-colectiva-que-papel-tiene-el-tecnico-en-colegios-hospitales-y-residencias-preguntas-frecuentes\\\/\"},\"author\":{\"name\":\"FP Superior UFV\",\"@id\":\"https:\\\/\\\/fpsuperiorufv.es\\\/blog\\\/#\\\/schema\\\/person\\\/6eed41dc866f12d961994f51f39f8796\"},\"headline\":\"Diet\u00e9tica y cocina colectiva: qu\u00e9 papel tiene el t\u00e9cnico en colegios hospitales y residencias\",\"datePublished\":\"2026-01-25T02:45:18+00:00\",\"dateModified\":\"2026-02-19T12:31:13+00:00\",\"mainEntityOfPage\":{\"@id\":\"https:\\\/\\\/fpsuperiorufv.es\\\/blog\\\/dietetica-y-cocina-colectiva-que-papel-tiene-el-tecnico-en-colegios-hospitales-y-residencias-preguntas-frecuentes\\\/\"},\"wordCount\":1071,\"commentCount\":0,\"publisher\":{\"@id\":\"https:\\\/\\\/fpsuperiorufv.es\\\/blog\\\/#organization\"},\"image\":{\"@id\":\"https:\\\/\\\/fpsuperiorufv.es\\\/blog\\\/dietetica-y-cocina-colectiva-que-papel-tiene-el-tecnico-en-colegios-hospitales-y-residencias-preguntas-frecuentes\\\/#primaryimage\"},\"thumbnailUrl\":\"https:\\\/\\\/fpsuperiorufv.es\\\/blog\\\/wp-content\\\/uploads\\\/2025\\\/07\\\/mujer-hermosa-deportiva-cocina-verduras-scaled-1.jpg\",\"articleSection\":[\"Diet\u00e9tica\",\"Preguntas frecuentes\"],\"inLanguage\":\"es\",\"potentialAction\":[{\"@type\":\"CommentAction\",\"name\":\"Comment\",\"target\":[\"https:\\\/\\\/fpsuperiorufv.es\\\/blog\\\/dietetica-y-cocina-colectiva-que-papel-tiene-el-tecnico-en-colegios-hospitales-y-residencias-preguntas-frecuentes\\\/#respond\"]}]},{\"@type\":\"WebPage\",\"@id\":\"https:\\\/\\\/fpsuperiorufv.es\\\/blog\\\/dietetica-y-cocina-colectiva-que-papel-tiene-el-tecnico-en-colegios-hospitales-y-residencias-preguntas-frecuentes\\\/\",\"url\":\"https:\\\/\\\/fpsuperiorufv.es\\\/blog\\\/dietetica-y-cocina-colectiva-que-papel-tiene-el-tecnico-en-colegios-hospitales-y-residencias-preguntas-frecuentes\\\/\",\"name\":\"Diet\u00e9tica y cocina colectiva: qu\u00e9 papel tiene el t\u00e9cnico en colegios hospitales y residencias - Cetys\",\"isPartOf\":{\"@id\":\"https:\\\/\\\/fpsuperiorufv.es\\\/blog\\\/#website\"},\"primaryImageOfPage\":{\"@id\":\"https:\\\/\\\/fpsuperiorufv.es\\\/blog\\\/dietetica-y-cocina-colectiva-que-papel-tiene-el-tecnico-en-colegios-hospitales-y-residencias-preguntas-frecuentes\\\/#primaryimage\"},\"image\":{\"@id\":\"https:\\\/\\\/fpsuperiorufv.es\\\/blog\\\/dietetica-y-cocina-colectiva-que-papel-tiene-el-tecnico-en-colegios-hospitales-y-residencias-preguntas-frecuentes\\\/#primaryimage\"},\"thumbnailUrl\":\"https:\\\/\\\/fpsuperiorufv.es\\\/blog\\\/wp-content\\\/uploads\\\/2025\\\/07\\\/mujer-hermosa-deportiva-cocina-verduras-scaled-1.jpg\",\"datePublished\":\"2026-01-25T02:45:18+00:00\",\"dateModified\":\"2026-02-19T12:31:13+00:00\",\"breadcrumb\":{\"@id\":\"https:\\\/\\\/fpsuperiorufv.es\\\/blog\\\/dietetica-y-cocina-colectiva-que-papel-tiene-el-tecnico-en-colegios-hospitales-y-residencias-preguntas-frecuentes\\\/#breadcrumb\"},\"inLanguage\":\"es\",\"potentialAction\":[{\"@type\":\"ReadAction\",\"target\":[\"https:\\\/\\\/fpsuperiorufv.es\\\/blog\\\/dietetica-y-cocina-colectiva-que-papel-tiene-el-tecnico-en-colegios-hospitales-y-residencias-preguntas-frecuentes\\\/\"]}]},{\"@type\":\"ImageObject\",\"inLanguage\":\"es\",\"@id\":\"https:\\\/\\\/fpsuperiorufv.es\\\/blog\\\/dietetica-y-cocina-colectiva-que-papel-tiene-el-tecnico-en-colegios-hospitales-y-residencias-preguntas-frecuentes\\\/#primaryimage\",\"url\":\"https:\\\/\\\/fpsuperiorufv.es\\\/blog\\\/wp-content\\\/uploads\\\/2025\\\/07\\\/mujer-hermosa-deportiva-cocina-verduras-scaled-1.jpg\",\"contentUrl\":\"https:\\\/\\\/fpsuperiorufv.es\\\/blog\\\/wp-content\\\/uploads\\\/2025\\\/07\\\/mujer-hermosa-deportiva-cocina-verduras-scaled-1.jpg\",\"width\":2560,\"height\":1707},{\"@type\":\"BreadcrumbList\",\"@id\":\"https:\\\/\\\/fpsuperiorufv.es\\\/blog\\\/dietetica-y-cocina-colectiva-que-papel-tiene-el-tecnico-en-colegios-hospitales-y-residencias-preguntas-frecuentes\\\/#breadcrumb\",\"itemListElement\":[{\"@type\":\"ListItem\",\"position\":1,\"name\":\"Home\",\"item\":\"https:\\\/\\\/fpsuperiorufv.es\\\/blog\\\/\"},{\"@type\":\"ListItem\",\"position\":2,\"name\":\"Diet\u00e9tica y cocina colectiva: qu\u00e9 papel tiene el t\u00e9cnico en colegios hospitales y residencias\"}]},{\"@type\":\"WebSite\",\"@id\":\"https:\\\/\\\/fpsuperiorufv.es\\\/blog\\\/#website\",\"url\":\"https:\\\/\\\/fpsuperiorufv.es\\\/blog\\\/\",\"name\":\"Fp Superior Francisco de Vitoria\",\"description\":\"\",\"publisher\":{\"@id\":\"https:\\\/\\\/fpsuperiorufv.es\\\/blog\\\/#organization\"},\"alternateName\":\"Cetys\",\"potentialAction\":[{\"@type\":\"SearchAction\",\"target\":{\"@type\":\"EntryPoint\",\"urlTemplate\":\"https:\\\/\\\/fpsuperiorufv.es\\\/blog\\\/?s={search_term_string}\"},\"query-input\":{\"@type\":\"PropertyValueSpecification\",\"valueRequired\":true,\"valueName\":\"search_term_string\"}}],\"inLanguage\":\"es\"},{\"@type\":\"Organization\",\"@id\":\"https:\\\/\\\/fpsuperiorufv.es\\\/blog\\\/#organization\",\"name\":\"Cetys\",\"url\":\"https:\\\/\\\/fpsuperiorufv.es\\\/blog\\\/\",\"logo\":{\"@type\":\"ImageObject\",\"inLanguage\":\"es\",\"@id\":\"https:\\\/\\\/fpsuperiorufv.es\\\/blog\\\/#\\\/schema\\\/logo\\\/image\\\/\",\"url\":\"https:\\\/\\\/fpsuperiorufv.lo\\\/wp-content\\\/uploads\\\/2025\\\/02\\\/logo.svg\",\"contentUrl\":\"https:\\\/\\\/fpsuperiorufv.lo\\\/wp-content\\\/uploads\\\/2025\\\/02\\\/logo.svg\",\"width\":\"1024\",\"height\":\"1024\",\"caption\":\"Cetys\"},\"image\":{\"@id\":\"https:\\\/\\\/fpsuperiorufv.es\\\/blog\\\/#\\\/schema\\\/logo\\\/image\\\/\"}},{\"@type\":\"Person\",\"@id\":\"https:\\\/\\\/fpsuperiorufv.es\\\/blog\\\/#\\\/schema\\\/person\\\/6eed41dc866f12d961994f51f39f8796\",\"name\":\"FP Superior UFV\",\"image\":{\"@type\":\"ImageObject\",\"inLanguage\":\"es\",\"@id\":\"https:\\\/\\\/secure.gravatar.com\\\/avatar\\\/2cb5eeb90ddddf18129790c93583d4ae96ca8a625c07994637c8fc9d35252ce5?s=96&d=mm&r=g\",\"url\":\"https:\\\/\\\/secure.gravatar.com\\\/avatar\\\/2cb5eeb90ddddf18129790c93583d4ae96ca8a625c07994637c8fc9d35252ce5?s=96&d=mm&r=g\",\"contentUrl\":\"https:\\\/\\\/secure.gravatar.com\\\/avatar\\\/2cb5eeb90ddddf18129790c93583d4ae96ca8a625c07994637c8fc9d35252ce5?s=96&d=mm&r=g\",\"caption\":\"FP Superior UFV\"},\"url\":\"https:\\\/\\\/fpsuperiorufv.es\\\/blog\\\/author\\\/cetys\\\/\"}]}<\/script>\n<!-- \/ Yoast SEO plugin. -->","yoast_head_json":{"title":"Diet\u00e9tica y cocina colectiva: qu\u00e9 papel tiene el t\u00e9cnico en colegios hospitales y residencias - Cetys","robots":{"index":"index","follow":"follow","max-snippet":"max-snippet:-1","max-image-preview":"max-image-preview:large","max-video-preview":"max-video-preview:-1"},"canonical":"https:\/\/fpsuperiorufv.es\/blog\/dietetica-y-cocina-colectiva-que-papel-tiene-el-tecnico-en-colegios-hospitales-y-residencias-preguntas-frecuentes\/","og_locale":"es_ES","og_type":"article","og_title":"Diet\u00e9tica y cocina colectiva: qu\u00e9 papel tiene el t\u00e9cnico en colegios hospitales y residencias - Cetys","og_description":"Diet\u00e9tica y Cocina Colectiva: El Papel del T\u00e9cnico en Colegios, Hospitales y Residencias La Diet\u00e9tica y la cocina colectiva son \u00e1reas fundamentales en el \u00e1mbito de la salud y la educaci\u00f3n. En nuestra sociedad, la alimentaci\u00f3n adecuada es b\u00e1sica para el desarrollo y bienestar de las personas, especialmente en entornos como colegios, hospitales y residencias. [&hellip;]","og_url":"https:\/\/fpsuperiorufv.es\/blog\/dietetica-y-cocina-colectiva-que-papel-tiene-el-tecnico-en-colegios-hospitales-y-residencias-preguntas-frecuentes\/","og_site_name":"Cetys","article_published_time":"2026-01-25T02:45:18+00:00","article_modified_time":"2026-02-19T12:31:13+00:00","og_image":[{"width":2560,"height":1707,"url":"https:\/\/fpsuperiorufv.es\/blog\/wp-content\/uploads\/2025\/07\/mujer-hermosa-deportiva-cocina-verduras-scaled-1.jpg","type":"image\/jpeg"}],"author":"FP Superior UFV","twitter_card":"summary_large_image","twitter_misc":{"Escrito por":"FP Superior UFV","Tiempo de lectura":"5 minutos"},"schema":{"@context":"https:\/\/schema.org","@graph":[{"@type":"Article","@id":"https:\/\/fpsuperiorufv.es\/blog\/dietetica-y-cocina-colectiva-que-papel-tiene-el-tecnico-en-colegios-hospitales-y-residencias-preguntas-frecuentes\/#article","isPartOf":{"@id":"https:\/\/fpsuperiorufv.es\/blog\/dietetica-y-cocina-colectiva-que-papel-tiene-el-tecnico-en-colegios-hospitales-y-residencias-preguntas-frecuentes\/"},"author":{"name":"FP Superior UFV","@id":"https:\/\/fpsuperiorufv.es\/blog\/#\/schema\/person\/6eed41dc866f12d961994f51f39f8796"},"headline":"Diet\u00e9tica y cocina colectiva: qu\u00e9 papel tiene el t\u00e9cnico en colegios hospitales y residencias","datePublished":"2026-01-25T02:45:18+00:00","dateModified":"2026-02-19T12:31:13+00:00","mainEntityOfPage":{"@id":"https:\/\/fpsuperiorufv.es\/blog\/dietetica-y-cocina-colectiva-que-papel-tiene-el-tecnico-en-colegios-hospitales-y-residencias-preguntas-frecuentes\/"},"wordCount":1071,"commentCount":0,"publisher":{"@id":"https:\/\/fpsuperiorufv.es\/blog\/#organization"},"image":{"@id":"https:\/\/fpsuperiorufv.es\/blog\/dietetica-y-cocina-colectiva-que-papel-tiene-el-tecnico-en-colegios-hospitales-y-residencias-preguntas-frecuentes\/#primaryimage"},"thumbnailUrl":"https:\/\/fpsuperiorufv.es\/blog\/wp-content\/uploads\/2025\/07\/mujer-hermosa-deportiva-cocina-verduras-scaled-1.jpg","articleSection":["Diet\u00e9tica","Preguntas frecuentes"],"inLanguage":"es","potentialAction":[{"@type":"CommentAction","name":"Comment","target":["https:\/\/fpsuperiorufv.es\/blog\/dietetica-y-cocina-colectiva-que-papel-tiene-el-tecnico-en-colegios-hospitales-y-residencias-preguntas-frecuentes\/#respond"]}]},{"@type":"WebPage","@id":"https:\/\/fpsuperiorufv.es\/blog\/dietetica-y-cocina-colectiva-que-papel-tiene-el-tecnico-en-colegios-hospitales-y-residencias-preguntas-frecuentes\/","url":"https:\/\/fpsuperiorufv.es\/blog\/dietetica-y-cocina-colectiva-que-papel-tiene-el-tecnico-en-colegios-hospitales-y-residencias-preguntas-frecuentes\/","name":"Diet\u00e9tica y cocina colectiva: qu\u00e9 papel tiene el t\u00e9cnico en colegios hospitales y residencias - Cetys","isPartOf":{"@id":"https:\/\/fpsuperiorufv.es\/blog\/#website"},"primaryImageOfPage":{"@id":"https:\/\/fpsuperiorufv.es\/blog\/dietetica-y-cocina-colectiva-que-papel-tiene-el-tecnico-en-colegios-hospitales-y-residencias-preguntas-frecuentes\/#primaryimage"},"image":{"@id":"https:\/\/fpsuperiorufv.es\/blog\/dietetica-y-cocina-colectiva-que-papel-tiene-el-tecnico-en-colegios-hospitales-y-residencias-preguntas-frecuentes\/#primaryimage"},"thumbnailUrl":"https:\/\/fpsuperiorufv.es\/blog\/wp-content\/uploads\/2025\/07\/mujer-hermosa-deportiva-cocina-verduras-scaled-1.jpg","datePublished":"2026-01-25T02:45:18+00:00","dateModified":"2026-02-19T12:31:13+00:00","breadcrumb":{"@id":"https:\/\/fpsuperiorufv.es\/blog\/dietetica-y-cocina-colectiva-que-papel-tiene-el-tecnico-en-colegios-hospitales-y-residencias-preguntas-frecuentes\/#breadcrumb"},"inLanguage":"es","potentialAction":[{"@type":"ReadAction","target":["https:\/\/fpsuperiorufv.es\/blog\/dietetica-y-cocina-colectiva-que-papel-tiene-el-tecnico-en-colegios-hospitales-y-residencias-preguntas-frecuentes\/"]}]},{"@type":"ImageObject","inLanguage":"es","@id":"https:\/\/fpsuperiorufv.es\/blog\/dietetica-y-cocina-colectiva-que-papel-tiene-el-tecnico-en-colegios-hospitales-y-residencias-preguntas-frecuentes\/#primaryimage","url":"https:\/\/fpsuperiorufv.es\/blog\/wp-content\/uploads\/2025\/07\/mujer-hermosa-deportiva-cocina-verduras-scaled-1.jpg","contentUrl":"https:\/\/fpsuperiorufv.es\/blog\/wp-content\/uploads\/2025\/07\/mujer-hermosa-deportiva-cocina-verduras-scaled-1.jpg","width":2560,"height":1707},{"@type":"BreadcrumbList","@id":"https:\/\/fpsuperiorufv.es\/blog\/dietetica-y-cocina-colectiva-que-papel-tiene-el-tecnico-en-colegios-hospitales-y-residencias-preguntas-frecuentes\/#breadcrumb","itemListElement":[{"@type":"ListItem","position":1,"name":"Home","item":"https:\/\/fpsuperiorufv.es\/blog\/"},{"@type":"ListItem","position":2,"name":"Diet\u00e9tica y cocina colectiva: qu\u00e9 papel tiene el t\u00e9cnico en colegios hospitales y residencias"}]},{"@type":"WebSite","@id":"https:\/\/fpsuperiorufv.es\/blog\/#website","url":"https:\/\/fpsuperiorufv.es\/blog\/","name":"Fp Superior Francisco de Vitoria","description":"","publisher":{"@id":"https:\/\/fpsuperiorufv.es\/blog\/#organization"},"alternateName":"Cetys","potentialAction":[{"@type":"SearchAction","target":{"@type":"EntryPoint","urlTemplate":"https:\/\/fpsuperiorufv.es\/blog\/?s={search_term_string}"},"query-input":{"@type":"PropertyValueSpecification","valueRequired":true,"valueName":"search_term_string"}}],"inLanguage":"es"},{"@type":"Organization","@id":"https:\/\/fpsuperiorufv.es\/blog\/#organization","name":"Cetys","url":"https:\/\/fpsuperiorufv.es\/blog\/","logo":{"@type":"ImageObject","inLanguage":"es","@id":"https:\/\/fpsuperiorufv.es\/blog\/#\/schema\/logo\/image\/","url":"https:\/\/fpsuperiorufv.lo\/wp-content\/uploads\/2025\/02\/logo.svg","contentUrl":"https:\/\/fpsuperiorufv.lo\/wp-content\/uploads\/2025\/02\/logo.svg","width":"1024","height":"1024","caption":"Cetys"},"image":{"@id":"https:\/\/fpsuperiorufv.es\/blog\/#\/schema\/logo\/image\/"}},{"@type":"Person","@id":"https:\/\/fpsuperiorufv.es\/blog\/#\/schema\/person\/6eed41dc866f12d961994f51f39f8796","name":"FP Superior UFV","image":{"@type":"ImageObject","inLanguage":"es","@id":"https:\/\/secure.gravatar.com\/avatar\/2cb5eeb90ddddf18129790c93583d4ae96ca8a625c07994637c8fc9d35252ce5?s=96&d=mm&r=g","url":"https:\/\/secure.gravatar.com\/avatar\/2cb5eeb90ddddf18129790c93583d4ae96ca8a625c07994637c8fc9d35252ce5?s=96&d=mm&r=g","contentUrl":"https:\/\/secure.gravatar.com\/avatar\/2cb5eeb90ddddf18129790c93583d4ae96ca8a625c07994637c8fc9d35252ce5?s=96&d=mm&r=g","caption":"FP Superior UFV"},"url":"https:\/\/fpsuperiorufv.es\/blog\/author\/cetys\/"}]}},"_links":{"self":[{"href":"https:\/\/fpsuperiorufv.es\/blog\/wp-json\/wp\/v2\/posts\/281721","targetHints":{"allow":["GET"]}}],"collection":[{"href":"https:\/\/fpsuperiorufv.es\/blog\/wp-json\/wp\/v2\/posts"}],"about":[{"href":"https:\/\/fpsuperiorufv.es\/blog\/wp-json\/wp\/v2\/types\/post"}],"author":[{"embeddable":true,"href":"https:\/\/fpsuperiorufv.es\/blog\/wp-json\/wp\/v2\/users\/3"}],"replies":[{"embeddable":true,"href":"https:\/\/fpsuperiorufv.es\/blog\/wp-json\/wp\/v2\/comments?post=281721"}],"version-history":[{"count":1,"href":"https:\/\/fpsuperiorufv.es\/blog\/wp-json\/wp\/v2\/posts\/281721\/revisions"}],"predecessor-version":[{"id":281922,"href":"https:\/\/fpsuperiorufv.es\/blog\/wp-json\/wp\/v2\/posts\/281721\/revisions\/281922"}],"wp:featuredmedia":[{"embeddable":true,"href":"https:\/\/fpsuperiorufv.es\/blog\/wp-json\/wp\/v2\/media\/1274"}],"wp:attachment":[{"href":"https:\/\/fpsuperiorufv.es\/blog\/wp-json\/wp\/v2\/media?parent=281721"}],"wp:term":[{"taxonomy":"category","embeddable":true,"href":"https:\/\/fpsuperiorufv.es\/blog\/wp-json\/wp\/v2\/categories?post=281721"},{"taxonomy":"post_tag","embeddable":true,"href":"https:\/\/fpsuperiorufv.es\/blog\/wp-json\/wp\/v2\/tags?post=281721"}],"curies":[{"name":"wp","href":"https:\/\/api.w.org\/{rel}","templated":true}]}}