{"id":281727,"date":"2026-02-04T21:13:27","date_gmt":"2026-02-04T21:13:27","guid":{"rendered":"https:\/\/soleyantonio.es\/relacion-entre-esta-fp-y-otros-estudios-de-laboratorio-biomedicina-o-biotecnologia\/"},"modified":"2026-02-09T13:04:58","modified_gmt":"2026-02-09T12:04:58","slug":"relacion-entre-esta-fp-y-otros-estudios-de-laboratorio-biomedicina-o-biotecnologia-preguntas-frecuentes","status":"publish","type":"post","link":"https:\/\/fpsuperiorufv.es\/blog\/relacion-entre-esta-fp-y-otros-estudios-de-laboratorio-biomedicina-o-biotecnologia-preguntas-frecuentes\/","title":{"rendered":"Relaci\u00f3n entre esta FP y otros estudios de laboratorio biomedicina o biotecnolog\u00eda"},"content":{"rendered":"<h2>Relaci\u00f3n entre FP y Estudios de Laboratorio en Biomedicina y Biotecnolog\u00eda<\/h2>\n<p>\u00bfTe apasiona el mundo de la biomedicina y la biotecnolog\u00eda? Si es as\u00ed, est\u00e1s en el lugar correcto. En este art\u00edculo, vamos a explorar la relaci\u00f3n entre los Ciclos Formativos de Grado Superior en FP y otros estudios relacionados con laboratorios en estos campos. Veremos c\u00f3mo esta formaci\u00f3n puede abrirte puertas en el \u00e1mbito profesional y qu\u00e9 opciones tienes para seguir ampliando tus conocimientos. \u00a1Vamos a ello!<\/p>\n<h2>Curiosidades y Datos Interesantes<\/h2>\n<ul>\n<li>La biotecnolog\u00eda es un sector en constante crecimiento, con un aumento del 12% en la demanda de profesionales en los \u00faltimos a\u00f1os.<\/li>\n<li>El 70% de los estudiantes de FP en biomedicina encuentran trabajo en menos de un a\u00f1o tras finalizar sus estudios.<\/li>\n<li>Los laboratorios biomedicina y biotecnolog\u00eda est\u00e1n a la vanguardia de la investigaci\u00f3n en salud y medio ambiente.<\/li>\n<li>Las competencias adquiridas en un Ciclo Formativo de Grado Superior son altamente valoradas por empresas e instituciones.<\/li>\n<li>Las salidas laborales abarcan desde la investigaci\u00f3n hasta la industria farmac\u00e9utica y de alimentos.<\/li>\n<\/ul>\n<h2>\u00bfQu\u00e9 es el Ciclo Formativo de Grado Superior?<\/h2>\n<p>El Ciclo Formativo de Grado Superior en FP te ofrece una formaci\u00f3n especializada en \u00e1reas cruciales para la biomedicina y la biotecnolog\u00eda. Aprender\u00e1s a trabajar en laboratorios, utilizando t\u00e9cnicas y equipos de \u00faltima generaci\u00f3n.<\/p>\n<p>Nosotros en la FP Superior Francisco de Vitoria te proporcionamos un entorno de aprendizaje din\u00e1mico, donde podr\u00e1s desarrollar las habilidades necesarias para destacarte en este \u00e1mbito tan apasionante.<\/p>\n<h2>Relaci\u00f3n con la Biomedicina<\/h2>\n<p>La biomedicina es una disciplina que combina la biolog\u00eda y la medicina para mejorar la atenci\u00f3n sanitaria. Los Ciclos Formativos de Grado Superior en FP est\u00e1n dise\u00f1ados para que adquieras competencias en:<\/p>\n<ul>\n<li>Realizaci\u00f3n de pruebas diagn\u00f3sticas.<\/li>\n<li>Aplicaci\u00f3n de t\u00e9cnicas de an\u00e1lisis biom\u00e9dico.<\/li>\n<li>Manipulaci\u00f3n de muestras biol\u00f3gicas.<\/li>\n<li>Uso de herramientas inform\u00e1ticas para la gesti\u00f3n de datos cl\u00ednicos.<\/li>\n<\/ul>\n<p>Al finalizar tu formaci\u00f3n, estar\u00e1s preparado para trabajar en hospitales, cl\u00ednicas, laboratorios de investigaci\u00f3n y empresas del sector salud. Adem\u00e1s, podr\u00e1s continuar tus estudios en universidades para profundizar en \u00e1reas espec\u00edficas.<\/p>\n<h2>Relaci\u00f3n con la Biotecnolog\u00eda<\/h2>\n<p>La biotecnolog\u00eda se centra en el uso de organismos vivos y sistemas biol\u00f3gicos para desarrollar productos y procesos \u00fatiles. En nuestro Ciclo Formativo, aprender\u00e1s sobre:<\/p>\n<ul>\n<li>Producci\u00f3n de productos biotecnol\u00f3gicos.<\/li>\n<li>Control de calidad en procesos biotecnol\u00f3gicos.<\/li>\n<li>Investigaci\u00f3n y desarrollo de nuevas t\u00e9cnicas.<\/li>\n<\/ul>\n<p>Esta formaci\u00f3n te permitir\u00e1 integrarte en un sector innovador, donde la investigaci\u00f3n y el desarrollo son fundamentales para el avance tecnol\u00f3gico y cient\u00edfico.<\/p>\n<h2>Salidas Laborales<\/h2>\n<p>Al completar tu Ciclo Formativo, se te abrir\u00e1n muchas puertas en el \u00e1mbito laboral. Algunas de las salidas profesionales m\u00e1s destacadas son:<\/p>\n<ul>\n<li>T\u00e9cnico en laboratorio cl\u00ednico.<\/li>\n<li>T\u00e9cnico de biotecnolog\u00eda.<\/li>\n<li>Investigador en biomedicina.<\/li>\n<li>Gestor de calidad en empresas biotecnol\u00f3gicas.<\/li>\n<li>Asistente en laboratorios de investigaci\u00f3n.<\/li>\n<\/ul>\n<p>Adem\u00e1s, si deseas continuar tus estudios, puedes acceder a grados universitarios relacionados, lo que te permitir\u00e1 especializarte a\u00fan m\u00e1s en \u00e1reas como la gen\u00e9tica, farmacolog\u00eda o biolog\u00eda molecular.<\/p>\n<h2>El Valor de la Formaci\u00f3n Dual<\/h2>\n<p>En la FP Superior Francisco de Vitoria, tambi\u00e9n ofrecemos la opci\u00f3n de formaci\u00f3n dual, donde podr\u00e1s compaginar tus estudios con pr\u00e1cticas en empresas del sector. Esto te permitir\u00e1:<\/p>\n<ul>\n<li>Adquirir experiencia real en el entorno laboral.<\/li>\n<li>Conectar con profesionales del sector.<\/li>\n<li>Mejorar tu empleabilidad al finalizar el ciclo.<\/li>\n<\/ul>\n<p>La formaci\u00f3n dual es una excelente manera de aplicar lo que aprendes en clase y prepararte para los retos del mundo profesional.<\/p>\n<h2>Complementar la Formaci\u00f3n<\/h2>\n<p>Adem\u00e1s de los Ciclos Formativos, existen otros estudios que puedes realizar para complementar tu formaci\u00f3n en biomedicina y biotecnolog\u00eda. Algunas opciones incluyen:<\/p>\n<ul>\n<li>Grados en Biolog\u00eda, Biotecnolog\u00eda o Ciencias de la Salud.<\/li>\n<li>M\u00e1steres en \u00e1reas espec\u00edficas como Biomedicina o Investigaci\u00f3n Biom\u00e9dica.<\/li>\n<li>Certificaciones en t\u00e9cnicas avanzadas de laboratorio.<\/li>\n<\/ul>\n<p>Formarte continuamente es clave en un sector que evoluciona r\u00e1pidamente, y nosotros te apoyamos en cada paso del camino.<\/p>\n<h2>Proceso de Admisi\u00f3n<\/h2>\n<p>Si te interesa matricularte en nuestro Ciclo Formativo de Grado Superior, te invitamos a que consultes el <a href=https:\/\/fpsuperiorufv.es\/secretaria-admision-y-ayuda\/>proceso de admisi\u00f3n<\/a>. Aqu\u00ed encontrar\u00e1s toda la informaci\u00f3n necesaria para dar el primer paso hacia tu futuro en biomedicina y biotecnolog\u00eda.<\/p>\n<h2>Preguntas Frecuentes<\/h2>\n<h2>\u00bfQu\u00e9 requisitos necesito para acceder al Ciclo Formativo de Grado Superior?<\/h2>\n<p>Para acceder, necesitar\u00e1s tener el t\u00edtulo de Bachillerato o haber superado un Ciclo Formativo de Grado Medio. Tambi\u00e9n puedes acceder si tienes una titulaci\u00f3n equivalente o si has superado una prueba de acceso.<\/p>\n<h2>\u00bfCu\u00e1nto dura el Ciclo Formativo de Grado Superior?<\/h2>\n<p>La duraci\u00f3n habitual es de dos a\u00f1os, donde se combinan clases te\u00f3ricas y pr\u00e1cticas en laboratorio.<\/p>\n<h2>\u00bfQu\u00e9 salidas laborales tengo al finalizar el ciclo?<\/h2>\n<p>Las salidas laborales son variadas, pudiendo desempe\u00f1arte como t\u00e9cnico en laboratorios cl\u00ednicos, investigador en biomedicina, o en empresas biotecnol\u00f3gicas, entre otras opciones.<\/p>\n<h2>\u00bfPuedo continuar mis estudios tras finalizar el ciclo?<\/h2>\n<p>\u00a1Por supuesto! Al finalizar, podr\u00e1s acceder a grados universitarios y especializaciones en campos relacionados con la biomedicina y la biotecnolog\u00eda.<\/p>\n<h2>Conclusi\u00f3n<\/h2>\n<p>La relaci\u00f3n entre los Ciclos Formativos de Grado Superior en FP y otros estudios de laboratorio en biomedicina y biotecnolog\u00eda es muy estrecha. La formaci\u00f3n que recibir\u00e1s te permitir\u00e1 ser parte de un sector en constante evoluci\u00f3n y con muchas oportunidades laborales. No dudes en explorar las opciones que ofrecemos y dar el primer paso hacia una carrera exitosa en este fascinante \u00e1mbito.<\/p>\n<p>Para m\u00e1s informaci\u00f3n sobre el proceso de admisi\u00f3n, visita nuestra <a href=https:\/\/fpsuperiorufv.es\/secretaria-admision-y-ayuda\/>p\u00e1gina de admisi\u00f3n<\/a>.<\/p>\n","protected":false},"excerpt":{"rendered":"<p>Relaci\u00f3n entre FP y Estudios de Laboratorio en Biomedicina y Biotecnolog\u00eda \u00bfTe apasiona el mundo de la biomedicina y la biotecnolog\u00eda? Si es as\u00ed, est\u00e1s en el lugar correcto. En este art\u00edculo, vamos a explorar la relaci\u00f3n entre los Ciclos Formativos de Grado Superior en FP y otros estudios relacionados con laboratorios en estos campos. [&hellip;]<\/p>\n","protected":false},"author":3,"featured_media":2718,"comment_status":"open","ping_status":"open","sticky":false,"template":"","format":"standard","meta":{"inline_featured_image":false,"footnotes":""},"categories":[408,393],"tags":[],"class_list":["post-281727","post","type-post","status-publish","format-standard","has-post-thumbnail","hentry","category-anatomia-patologica-y-citodiagnostico","category-preguntas-frecuentes"],"yoast_head":"<!-- This site is optimized with the Yoast SEO plugin v27.4 - https:\/\/yoast.com\/product\/yoast-seo-wordpress\/ -->\n<title>Relaci\u00f3n entre esta FP y otros estudios de laboratorio biomedicina o biotecnolog\u00eda - Cetys<\/title>\n<meta name=\"robots\" content=\"index, follow, max-snippet:-1, max-image-preview:large, max-video-preview:-1\" \/>\n<link rel=\"canonical\" href=\"https:\/\/fpsuperiorufv.es\/blog\/relacion-entre-esta-fp-y-otros-estudios-de-laboratorio-biomedicina-o-biotecnologia-preguntas-frecuentes\/\" \/>\n<meta property=\"og:locale\" content=\"es_ES\" \/>\n<meta property=\"og:type\" content=\"article\" \/>\n<meta property=\"og:title\" content=\"Relaci\u00f3n entre esta FP y otros estudios de laboratorio biomedicina o biotecnolog\u00eda - Cetys\" \/>\n<meta property=\"og:description\" content=\"Relaci\u00f3n entre FP y Estudios de Laboratorio en Biomedicina y Biotecnolog\u00eda \u00bfTe apasiona el mundo de la biomedicina y la biotecnolog\u00eda? Si es as\u00ed, est\u00e1s en el lugar correcto. En este art\u00edculo, vamos a explorar la relaci\u00f3n entre los Ciclos Formativos de Grado Superior en FP y otros estudios relacionados con laboratorios en estos campos. [&hellip;]\" \/>\n<meta property=\"og:url\" content=\"https:\/\/fpsuperiorufv.es\/blog\/relacion-entre-esta-fp-y-otros-estudios-de-laboratorio-biomedicina-o-biotecnologia-preguntas-frecuentes\/\" \/>\n<meta property=\"og:site_name\" content=\"Cetys\" \/>\n<meta property=\"article:published_time\" content=\"2026-02-04T21:13:27+00:00\" \/>\n<meta property=\"article:modified_time\" content=\"2026-02-09T12:04:58+00:00\" \/>\n<meta property=\"og:image\" content=\"https:\/\/fpsuperiorufv.es\/blog\/wp-content\/uploads\/2025\/08\/Captura-de-pantalla-2019-01-23-a-las-17.27.07-2-1024x576.png\" \/>\n\t<meta property=\"og:image:width\" content=\"1024\" \/>\n\t<meta property=\"og:image:height\" content=\"576\" \/>\n\t<meta property=\"og:image:type\" content=\"image\/png\" \/>\n<meta name=\"author\" content=\"FP Superior UFV\" \/>\n<meta name=\"twitter:card\" content=\"summary_large_image\" \/>\n<meta name=\"twitter:label1\" content=\"Escrito por\" \/>\n\t<meta name=\"twitter:data1\" content=\"FP Superior UFV\" \/>\n\t<meta name=\"twitter:label2\" content=\"Tiempo de lectura\" \/>\n\t<meta name=\"twitter:data2\" content=\"5 minutos\" \/>\n<script type=\"application\/ld+json\" class=\"yoast-schema-graph\">{\"@context\":\"https:\\\/\\\/schema.org\",\"@graph\":[{\"@type\":\"Article\",\"@id\":\"https:\\\/\\\/fpsuperiorufv.es\\\/blog\\\/relacion-entre-esta-fp-y-otros-estudios-de-laboratorio-biomedicina-o-biotecnologia-preguntas-frecuentes\\\/#article\",\"isPartOf\":{\"@id\":\"https:\\\/\\\/fpsuperiorufv.es\\\/blog\\\/relacion-entre-esta-fp-y-otros-estudios-de-laboratorio-biomedicina-o-biotecnologia-preguntas-frecuentes\\\/\"},\"author\":{\"name\":\"FP Superior UFV\",\"@id\":\"https:\\\/\\\/fpsuperiorufv.es\\\/blog\\\/#\\\/schema\\\/person\\\/6eed41dc866f12d961994f51f39f8796\"},\"headline\":\"Relaci\u00f3n entre esta FP y otros estudios de laboratorio biomedicina o biotecnolog\u00eda\",\"datePublished\":\"2026-02-04T21:13:27+00:00\",\"dateModified\":\"2026-02-09T12:04:58+00:00\",\"mainEntityOfPage\":{\"@id\":\"https:\\\/\\\/fpsuperiorufv.es\\\/blog\\\/relacion-entre-esta-fp-y-otros-estudios-de-laboratorio-biomedicina-o-biotecnologia-preguntas-frecuentes\\\/\"},\"wordCount\":999,\"commentCount\":0,\"publisher\":{\"@id\":\"https:\\\/\\\/fpsuperiorufv.es\\\/blog\\\/#organization\"},\"image\":{\"@id\":\"https:\\\/\\\/fpsuperiorufv.es\\\/blog\\\/relacion-entre-esta-fp-y-otros-estudios-de-laboratorio-biomedicina-o-biotecnologia-preguntas-frecuentes\\\/#primaryimage\"},\"thumbnailUrl\":\"https:\\\/\\\/fpsuperiorufv.es\\\/blog\\\/wp-content\\\/uploads\\\/2025\\\/08\\\/Captura-de-pantalla-2019-01-23-a-las-17.27.07-2.png\",\"articleSection\":[\"Anatom\u00eda Patol\u00f3gica y Citodiagn\u00f3stico\",\"Preguntas frecuentes\"],\"inLanguage\":\"es\",\"potentialAction\":[{\"@type\":\"CommentAction\",\"name\":\"Comment\",\"target\":[\"https:\\\/\\\/fpsuperiorufv.es\\\/blog\\\/relacion-entre-esta-fp-y-otros-estudios-de-laboratorio-biomedicina-o-biotecnologia-preguntas-frecuentes\\\/#respond\"]}]},{\"@type\":\"WebPage\",\"@id\":\"https:\\\/\\\/fpsuperiorufv.es\\\/blog\\\/relacion-entre-esta-fp-y-otros-estudios-de-laboratorio-biomedicina-o-biotecnologia-preguntas-frecuentes\\\/\",\"url\":\"https:\\\/\\\/fpsuperiorufv.es\\\/blog\\\/relacion-entre-esta-fp-y-otros-estudios-de-laboratorio-biomedicina-o-biotecnologia-preguntas-frecuentes\\\/\",\"name\":\"Relaci\u00f3n entre esta FP y otros estudios de laboratorio biomedicina o biotecnolog\u00eda - Cetys\",\"isPartOf\":{\"@id\":\"https:\\\/\\\/fpsuperiorufv.es\\\/blog\\\/#website\"},\"primaryImageOfPage\":{\"@id\":\"https:\\\/\\\/fpsuperiorufv.es\\\/blog\\\/relacion-entre-esta-fp-y-otros-estudios-de-laboratorio-biomedicina-o-biotecnologia-preguntas-frecuentes\\\/#primaryimage\"},\"image\":{\"@id\":\"https:\\\/\\\/fpsuperiorufv.es\\\/blog\\\/relacion-entre-esta-fp-y-otros-estudios-de-laboratorio-biomedicina-o-biotecnologia-preguntas-frecuentes\\\/#primaryimage\"},\"thumbnailUrl\":\"https:\\\/\\\/fpsuperiorufv.es\\\/blog\\\/wp-content\\\/uploads\\\/2025\\\/08\\\/Captura-de-pantalla-2019-01-23-a-las-17.27.07-2.png\",\"datePublished\":\"2026-02-04T21:13:27+00:00\",\"dateModified\":\"2026-02-09T12:04:58+00:00\",\"breadcrumb\":{\"@id\":\"https:\\\/\\\/fpsuperiorufv.es\\\/blog\\\/relacion-entre-esta-fp-y-otros-estudios-de-laboratorio-biomedicina-o-biotecnologia-preguntas-frecuentes\\\/#breadcrumb\"},\"inLanguage\":\"es\",\"potentialAction\":[{\"@type\":\"ReadAction\",\"target\":[\"https:\\\/\\\/fpsuperiorufv.es\\\/blog\\\/relacion-entre-esta-fp-y-otros-estudios-de-laboratorio-biomedicina-o-biotecnologia-preguntas-frecuentes\\\/\"]}]},{\"@type\":\"ImageObject\",\"inLanguage\":\"es\",\"@id\":\"https:\\\/\\\/fpsuperiorufv.es\\\/blog\\\/relacion-entre-esta-fp-y-otros-estudios-de-laboratorio-biomedicina-o-biotecnologia-preguntas-frecuentes\\\/#primaryimage\",\"url\":\"https:\\\/\\\/fpsuperiorufv.es\\\/blog\\\/wp-content\\\/uploads\\\/2025\\\/08\\\/Captura-de-pantalla-2019-01-23-a-las-17.27.07-2.png\",\"contentUrl\":\"https:\\\/\\\/fpsuperiorufv.es\\\/blog\\\/wp-content\\\/uploads\\\/2025\\\/08\\\/Captura-de-pantalla-2019-01-23-a-las-17.27.07-2.png\",\"width\":4096,\"height\":2304},{\"@type\":\"BreadcrumbList\",\"@id\":\"https:\\\/\\\/fpsuperiorufv.es\\\/blog\\\/relacion-entre-esta-fp-y-otros-estudios-de-laboratorio-biomedicina-o-biotecnologia-preguntas-frecuentes\\\/#breadcrumb\",\"itemListElement\":[{\"@type\":\"ListItem\",\"position\":1,\"name\":\"Home\",\"item\":\"https:\\\/\\\/fpsuperiorufv.es\\\/blog\\\/\"},{\"@type\":\"ListItem\",\"position\":2,\"name\":\"Relaci\u00f3n entre esta FP y otros estudios de laboratorio biomedicina o biotecnolog\u00eda\"}]},{\"@type\":\"WebSite\",\"@id\":\"https:\\\/\\\/fpsuperiorufv.es\\\/blog\\\/#website\",\"url\":\"https:\\\/\\\/fpsuperiorufv.es\\\/blog\\\/\",\"name\":\"Fp Superior Francisco de Vitoria\",\"description\":\"\",\"publisher\":{\"@id\":\"https:\\\/\\\/fpsuperiorufv.es\\\/blog\\\/#organization\"},\"alternateName\":\"Cetys\",\"potentialAction\":[{\"@type\":\"SearchAction\",\"target\":{\"@type\":\"EntryPoint\",\"urlTemplate\":\"https:\\\/\\\/fpsuperiorufv.es\\\/blog\\\/?s={search_term_string}\"},\"query-input\":{\"@type\":\"PropertyValueSpecification\",\"valueRequired\":true,\"valueName\":\"search_term_string\"}}],\"inLanguage\":\"es\"},{\"@type\":\"Organization\",\"@id\":\"https:\\\/\\\/fpsuperiorufv.es\\\/blog\\\/#organization\",\"name\":\"Cetys\",\"url\":\"https:\\\/\\\/fpsuperiorufv.es\\\/blog\\\/\",\"logo\":{\"@type\":\"ImageObject\",\"inLanguage\":\"es\",\"@id\":\"https:\\\/\\\/fpsuperiorufv.es\\\/blog\\\/#\\\/schema\\\/logo\\\/image\\\/\",\"url\":\"https:\\\/\\\/fpsuperiorufv.lo\\\/wp-content\\\/uploads\\\/2025\\\/02\\\/logo.svg\",\"contentUrl\":\"https:\\\/\\\/fpsuperiorufv.lo\\\/wp-content\\\/uploads\\\/2025\\\/02\\\/logo.svg\",\"width\":\"1024\",\"height\":\"1024\",\"caption\":\"Cetys\"},\"image\":{\"@id\":\"https:\\\/\\\/fpsuperiorufv.es\\\/blog\\\/#\\\/schema\\\/logo\\\/image\\\/\"}},{\"@type\":\"Person\",\"@id\":\"https:\\\/\\\/fpsuperiorufv.es\\\/blog\\\/#\\\/schema\\\/person\\\/6eed41dc866f12d961994f51f39f8796\",\"name\":\"FP Superior UFV\",\"image\":{\"@type\":\"ImageObject\",\"inLanguage\":\"es\",\"@id\":\"https:\\\/\\\/secure.gravatar.com\\\/avatar\\\/2cb5eeb90ddddf18129790c93583d4ae96ca8a625c07994637c8fc9d35252ce5?s=96&d=mm&r=g\",\"url\":\"https:\\\/\\\/secure.gravatar.com\\\/avatar\\\/2cb5eeb90ddddf18129790c93583d4ae96ca8a625c07994637c8fc9d35252ce5?s=96&d=mm&r=g\",\"contentUrl\":\"https:\\\/\\\/secure.gravatar.com\\\/avatar\\\/2cb5eeb90ddddf18129790c93583d4ae96ca8a625c07994637c8fc9d35252ce5?s=96&d=mm&r=g\",\"caption\":\"FP Superior UFV\"},\"url\":\"https:\\\/\\\/fpsuperiorufv.es\\\/blog\\\/author\\\/cetys\\\/\"}]}<\/script>\n<!-- \/ Yoast SEO plugin. -->","yoast_head_json":{"title":"Relaci\u00f3n entre esta FP y otros estudios de laboratorio biomedicina o biotecnolog\u00eda - Cetys","robots":{"index":"index","follow":"follow","max-snippet":"max-snippet:-1","max-image-preview":"max-image-preview:large","max-video-preview":"max-video-preview:-1"},"canonical":"https:\/\/fpsuperiorufv.es\/blog\/relacion-entre-esta-fp-y-otros-estudios-de-laboratorio-biomedicina-o-biotecnologia-preguntas-frecuentes\/","og_locale":"es_ES","og_type":"article","og_title":"Relaci\u00f3n entre esta FP y otros estudios de laboratorio biomedicina o biotecnolog\u00eda - Cetys","og_description":"Relaci\u00f3n entre FP y Estudios de Laboratorio en Biomedicina y Biotecnolog\u00eda \u00bfTe apasiona el mundo de la biomedicina y la biotecnolog\u00eda? Si es as\u00ed, est\u00e1s en el lugar correcto. En este art\u00edculo, vamos a explorar la relaci\u00f3n entre los Ciclos Formativos de Grado Superior en FP y otros estudios relacionados con laboratorios en estos campos. [&hellip;]","og_url":"https:\/\/fpsuperiorufv.es\/blog\/relacion-entre-esta-fp-y-otros-estudios-de-laboratorio-biomedicina-o-biotecnologia-preguntas-frecuentes\/","og_site_name":"Cetys","article_published_time":"2026-02-04T21:13:27+00:00","article_modified_time":"2026-02-09T12:04:58+00:00","og_image":[{"width":1024,"height":576,"url":"https:\/\/fpsuperiorufv.es\/blog\/wp-content\/uploads\/2025\/08\/Captura-de-pantalla-2019-01-23-a-las-17.27.07-2-1024x576.png","type":"image\/png"}],"author":"FP Superior UFV","twitter_card":"summary_large_image","twitter_misc":{"Escrito por":"FP Superior UFV","Tiempo de lectura":"5 minutos"},"schema":{"@context":"https:\/\/schema.org","@graph":[{"@type":"Article","@id":"https:\/\/fpsuperiorufv.es\/blog\/relacion-entre-esta-fp-y-otros-estudios-de-laboratorio-biomedicina-o-biotecnologia-preguntas-frecuentes\/#article","isPartOf":{"@id":"https:\/\/fpsuperiorufv.es\/blog\/relacion-entre-esta-fp-y-otros-estudios-de-laboratorio-biomedicina-o-biotecnologia-preguntas-frecuentes\/"},"author":{"name":"FP Superior UFV","@id":"https:\/\/fpsuperiorufv.es\/blog\/#\/schema\/person\/6eed41dc866f12d961994f51f39f8796"},"headline":"Relaci\u00f3n entre esta FP y otros estudios de laboratorio biomedicina o biotecnolog\u00eda","datePublished":"2026-02-04T21:13:27+00:00","dateModified":"2026-02-09T12:04:58+00:00","mainEntityOfPage":{"@id":"https:\/\/fpsuperiorufv.es\/blog\/relacion-entre-esta-fp-y-otros-estudios-de-laboratorio-biomedicina-o-biotecnologia-preguntas-frecuentes\/"},"wordCount":999,"commentCount":0,"publisher":{"@id":"https:\/\/fpsuperiorufv.es\/blog\/#organization"},"image":{"@id":"https:\/\/fpsuperiorufv.es\/blog\/relacion-entre-esta-fp-y-otros-estudios-de-laboratorio-biomedicina-o-biotecnologia-preguntas-frecuentes\/#primaryimage"},"thumbnailUrl":"https:\/\/fpsuperiorufv.es\/blog\/wp-content\/uploads\/2025\/08\/Captura-de-pantalla-2019-01-23-a-las-17.27.07-2.png","articleSection":["Anatom\u00eda Patol\u00f3gica y Citodiagn\u00f3stico","Preguntas frecuentes"],"inLanguage":"es","potentialAction":[{"@type":"CommentAction","name":"Comment","target":["https:\/\/fpsuperiorufv.es\/blog\/relacion-entre-esta-fp-y-otros-estudios-de-laboratorio-biomedicina-o-biotecnologia-preguntas-frecuentes\/#respond"]}]},{"@type":"WebPage","@id":"https:\/\/fpsuperiorufv.es\/blog\/relacion-entre-esta-fp-y-otros-estudios-de-laboratorio-biomedicina-o-biotecnologia-preguntas-frecuentes\/","url":"https:\/\/fpsuperiorufv.es\/blog\/relacion-entre-esta-fp-y-otros-estudios-de-laboratorio-biomedicina-o-biotecnologia-preguntas-frecuentes\/","name":"Relaci\u00f3n entre esta FP y otros estudios de laboratorio biomedicina o biotecnolog\u00eda - Cetys","isPartOf":{"@id":"https:\/\/fpsuperiorufv.es\/blog\/#website"},"primaryImageOfPage":{"@id":"https:\/\/fpsuperiorufv.es\/blog\/relacion-entre-esta-fp-y-otros-estudios-de-laboratorio-biomedicina-o-biotecnologia-preguntas-frecuentes\/#primaryimage"},"image":{"@id":"https:\/\/fpsuperiorufv.es\/blog\/relacion-entre-esta-fp-y-otros-estudios-de-laboratorio-biomedicina-o-biotecnologia-preguntas-frecuentes\/#primaryimage"},"thumbnailUrl":"https:\/\/fpsuperiorufv.es\/blog\/wp-content\/uploads\/2025\/08\/Captura-de-pantalla-2019-01-23-a-las-17.27.07-2.png","datePublished":"2026-02-04T21:13:27+00:00","dateModified":"2026-02-09T12:04:58+00:00","breadcrumb":{"@id":"https:\/\/fpsuperiorufv.es\/blog\/relacion-entre-esta-fp-y-otros-estudios-de-laboratorio-biomedicina-o-biotecnologia-preguntas-frecuentes\/#breadcrumb"},"inLanguage":"es","potentialAction":[{"@type":"ReadAction","target":["https:\/\/fpsuperiorufv.es\/blog\/relacion-entre-esta-fp-y-otros-estudios-de-laboratorio-biomedicina-o-biotecnologia-preguntas-frecuentes\/"]}]},{"@type":"ImageObject","inLanguage":"es","@id":"https:\/\/fpsuperiorufv.es\/blog\/relacion-entre-esta-fp-y-otros-estudios-de-laboratorio-biomedicina-o-biotecnologia-preguntas-frecuentes\/#primaryimage","url":"https:\/\/fpsuperiorufv.es\/blog\/wp-content\/uploads\/2025\/08\/Captura-de-pantalla-2019-01-23-a-las-17.27.07-2.png","contentUrl":"https:\/\/fpsuperiorufv.es\/blog\/wp-content\/uploads\/2025\/08\/Captura-de-pantalla-2019-01-23-a-las-17.27.07-2.png","width":4096,"height":2304},{"@type":"BreadcrumbList","@id":"https:\/\/fpsuperiorufv.es\/blog\/relacion-entre-esta-fp-y-otros-estudios-de-laboratorio-biomedicina-o-biotecnologia-preguntas-frecuentes\/#breadcrumb","itemListElement":[{"@type":"ListItem","position":1,"name":"Home","item":"https:\/\/fpsuperiorufv.es\/blog\/"},{"@type":"ListItem","position":2,"name":"Relaci\u00f3n entre esta FP y otros estudios de laboratorio biomedicina o biotecnolog\u00eda"}]},{"@type":"WebSite","@id":"https:\/\/fpsuperiorufv.es\/blog\/#website","url":"https:\/\/fpsuperiorufv.es\/blog\/","name":"Fp Superior Francisco de Vitoria","description":"","publisher":{"@id":"https:\/\/fpsuperiorufv.es\/blog\/#organization"},"alternateName":"Cetys","potentialAction":[{"@type":"SearchAction","target":{"@type":"EntryPoint","urlTemplate":"https:\/\/fpsuperiorufv.es\/blog\/?s={search_term_string}"},"query-input":{"@type":"PropertyValueSpecification","valueRequired":true,"valueName":"search_term_string"}}],"inLanguage":"es"},{"@type":"Organization","@id":"https:\/\/fpsuperiorufv.es\/blog\/#organization","name":"Cetys","url":"https:\/\/fpsuperiorufv.es\/blog\/","logo":{"@type":"ImageObject","inLanguage":"es","@id":"https:\/\/fpsuperiorufv.es\/blog\/#\/schema\/logo\/image\/","url":"https:\/\/fpsuperiorufv.lo\/wp-content\/uploads\/2025\/02\/logo.svg","contentUrl":"https:\/\/fpsuperiorufv.lo\/wp-content\/uploads\/2025\/02\/logo.svg","width":"1024","height":"1024","caption":"Cetys"},"image":{"@id":"https:\/\/fpsuperiorufv.es\/blog\/#\/schema\/logo\/image\/"}},{"@type":"Person","@id":"https:\/\/fpsuperiorufv.es\/blog\/#\/schema\/person\/6eed41dc866f12d961994f51f39f8796","name":"FP Superior UFV","image":{"@type":"ImageObject","inLanguage":"es","@id":"https:\/\/secure.gravatar.com\/avatar\/2cb5eeb90ddddf18129790c93583d4ae96ca8a625c07994637c8fc9d35252ce5?s=96&d=mm&r=g","url":"https:\/\/secure.gravatar.com\/avatar\/2cb5eeb90ddddf18129790c93583d4ae96ca8a625c07994637c8fc9d35252ce5?s=96&d=mm&r=g","contentUrl":"https:\/\/secure.gravatar.com\/avatar\/2cb5eeb90ddddf18129790c93583d4ae96ca8a625c07994637c8fc9d35252ce5?s=96&d=mm&r=g","caption":"FP Superior UFV"},"url":"https:\/\/fpsuperiorufv.es\/blog\/author\/cetys\/"}]}},"_links":{"self":[{"href":"https:\/\/fpsuperiorufv.es\/blog\/wp-json\/wp\/v2\/posts\/281727","targetHints":{"allow":["GET"]}}],"collection":[{"href":"https:\/\/fpsuperiorufv.es\/blog\/wp-json\/wp\/v2\/posts"}],"about":[{"href":"https:\/\/fpsuperiorufv.es\/blog\/wp-json\/wp\/v2\/types\/post"}],"author":[{"embeddable":true,"href":"https:\/\/fpsuperiorufv.es\/blog\/wp-json\/wp\/v2\/users\/3"}],"replies":[{"embeddable":true,"href":"https:\/\/fpsuperiorufv.es\/blog\/wp-json\/wp\/v2\/comments?post=281727"}],"version-history":[{"count":1,"href":"https:\/\/fpsuperiorufv.es\/blog\/wp-json\/wp\/v2\/posts\/281727\/revisions"}],"predecessor-version":[{"id":281808,"href":"https:\/\/fpsuperiorufv.es\/blog\/wp-json\/wp\/v2\/posts\/281727\/revisions\/281808"}],"wp:featuredmedia":[{"embeddable":true,"href":"https:\/\/fpsuperiorufv.es\/blog\/wp-json\/wp\/v2\/media\/2718"}],"wp:attachment":[{"href":"https:\/\/fpsuperiorufv.es\/blog\/wp-json\/wp\/v2\/media?parent=281727"}],"wp:term":[{"taxonomy":"category","embeddable":true,"href":"https:\/\/fpsuperiorufv.es\/blog\/wp-json\/wp\/v2\/categories?post=281727"},{"taxonomy":"post_tag","embeddable":true,"href":"https:\/\/fpsuperiorufv.es\/blog\/wp-json\/wp\/v2\/tags?post=281727"}],"curies":[{"name":"wp","href":"https:\/\/api.w.org\/{rel}","templated":true}]}}