{"id":281745,"date":"2026-01-29T19:31:37","date_gmt":"2026-01-29T19:31:37","guid":{"rendered":"https:\/\/soleyantonio.es\/estudiar-asesoria-de-imagen-en-madrid-oportunidades-en-moda-eventos-y-empresas-de-comunicacion\/"},"modified":"2026-02-12T13:10:38","modified_gmt":"2026-02-12T12:10:38","slug":"estudiar-asesoria-de-imagen-en-madrid-oportunidades-en-moda-eventos-y-empresas-de-comunicacion-preguntas-frecuentes","status":"publish","type":"post","link":"https:\/\/fpsuperiorufv.es\/blog\/estudiar-asesoria-de-imagen-en-madrid-oportunidades-en-moda-eventos-y-empresas-de-comunicacion-preguntas-frecuentes\/","title":{"rendered":"Estudiar Asesor\u00eda de Imagen en Madrid: oportunidades en moda eventos y empresas de comunicaci\u00f3n"},"content":{"rendered":"<h2>Estudiar Asesor\u00eda de Imagen en Madrid: Oportunidades en Moda, Eventos y Empresas de Comunicaci\u00f3n<\/h2>\n<p>Si te apasiona el mundo de la moda y la comunicaci\u00f3n, estudiar Asesor\u00eda de Imagen en Madrid puede ser una de las decisiones m\u00e1s acertadas de tu vida. En nuestra formaci\u00f3n, no solo aprender\u00e1s las t\u00e9cnicas necesarias para asesorar a personas y empresas, sino que tambi\u00e9n te abrir\u00e1s a un mundo de posibilidades en el \u00e1mbito profesional.<\/p>\n<h2>Curiosidades y Datos Interesantes sobre la Asesor\u00eda de Imagen<\/h2>\n<ul>\n<li>El sector de la moda en Espa\u00f1a genera m\u00e1s de 22.000 millones de euros anuales.<\/li>\n<li>Las empresas de comunicaci\u00f3n buscan constantemente profesionales cualificados en asesor\u00eda de imagen.<\/li>\n<li>El 70% de los clientes de asesor\u00eda de imagen son mujeres, pero cada vez m\u00e1s hombres se suman a esta tendencia.<\/li>\n<li>La industria de eventos en Madrid ha crecido un 15% en los \u00faltimos a\u00f1os, aumentando la demanda de asesores de imagen.<\/li>\n<li>Las redes sociales han transformado la forma en que se percibe la imagen personal y empresarial, creando nuevas oportunidades laborales.<\/li>\n<\/ul>\n<h2>\u00bfPor qu\u00e9 estudiar Asesor\u00eda de Imagen?<\/h2>\n<p>La asesor\u00eda de imagen no se limita solo a la moda. Nosotros entendemos que es un campo que abarca m\u00faltiples disciplinas. Aqu\u00ed te contamos algunas razones para elegir este camino profesional:<\/p>\n<ul>\n<li><strong>Variedad de oportunidades:<\/strong> Podr\u00e1s trabajar en moda, eventos, comunicaci\u00f3n y m\u00e1s.<\/li>\n<li><strong>Creatividad:<\/strong> Este campo te permite expresar tu creatividad y estilo personal.<\/li>\n<li><strong>Impacto:<\/strong> Ayudar\u00e1s a las personas a mejorar su imagen, aumentando su confianza y autoestima.<\/li>\n<li><strong>Redes de contacto:<\/strong> Estudiar con nosotros te brindar\u00e1 la oportunidad de conocer a profesionales del sector.<\/li>\n<\/ul>\n<h2>Las salidas profesionales en Asesor\u00eda de Imagen<\/h2>\n<p>Estudiar Asesor\u00eda de Imagen en nuestra instituci\u00f3n te abrir\u00e1 muchas puertas en el \u00e1mbito laboral. Algunas de las salidas profesionales m\u00e1s destacadas incluyen:<\/p>\n<ul>\n<li>Asesor de imagen personal.<\/li>\n<li>Estilista de moda.<\/li>\n<li>Consultor de imagen para empresas.<\/li>\n<li>Organizador de eventos.<\/li>\n<li>Community manager especializado en moda y estilo.<\/li>\n<\/ul>\n<h2>El programa de estudios en Asesor\u00eda de Imagen<\/h2>\n<p>En nuestro Ciclo Formativo de Grado Superior en Asesor\u00eda de Imagen, te ofrecemos un plan de estudios completo y actualizado. Algunos de los m\u00f3dulos que podr\u00e1s cursar son:<\/p>\n<ul>\n<li>Estilismo y moda.<\/li>\n<li>Comunicaci\u00f3n visual.<\/li>\n<li>Marketing y ventas.<\/li>\n<li>Psicolog\u00eda de la imagen.<\/li>\n<li>Gesti\u00f3n de eventos.<\/li>\n<\/ul>\n<p>Adem\u00e1s, tendr\u00e1s la oportunidad de realizar pr\u00e1cticas en empresas del sector, lo que te ayudar\u00e1 a adquirir experiencia real y mejorar tu CV.<\/p>\n<h2>Experiencias de nuestros estudiantes<\/h2>\n<p>Nos enorgullece contar con testimonios de estudiantes que han encontrado su vocaci\u00f3n en la Asesor\u00eda de Imagen. Aqu\u00ed compartimos algunas de sus experiencias:<\/p>\n<blockquote>\n<p>Gracias a mi formaci\u00f3n en la FP Superior Francisco de Vitoria, pude realizar pr\u00e1cticas en una reconocida agencia de moda y, posteriormente, conseguir un empleo que me apasiona.<\/p>\n<footer>- Laura, exalumna<\/footer>\n<\/blockquote>\n<blockquote>\n<p>Estudiar Asesor\u00eda de Imagen me permiti\u00f3 combinar mi amor por la moda con mis habilidades comunicativas. Ahora trabajo organizando eventos de moda en Madrid.<\/p>\n<footer>- Javier, exalumno<\/footer>\n<\/blockquote>\n<h2>Proceso de admisi\u00f3n<\/h2>\n<p>Si est\u00e1s interesado en formar parte de nuestra comunidad y dar el primer paso hacia una carrera en Asesor\u00eda de Imagen, te invitamos a consultar el <a href=https:\/\/fpsuperiorufv.es\/secretaria-admision-y-ayuda\/>Proceso de Admisi\u00f3n<\/a>. Te explicamos cada uno de los pasos necesarios para matricularte y empezar tu camino profesional.<\/p>\n<h2>La importancia de Madrid en el mundo de la moda<\/h2>\n<p>Madrid se ha consolidado como uno de los epicentros de la moda en Europa. La ciudad alberga importantes eventos como la Mercedes-Benz Fashion Week, donde se presentan las \u00faltimas tendencias. Esto significa que estudiar aqu\u00ed es una gran ventaja, ya que estar\u00e1s en el centro de la acci\u00f3n.<\/p>\n<h2>Preguntas Frecuentes<\/h2>\n<h2>\u00bfCu\u00e1les son los requisitos para estudiar Asesor\u00eda de Imagen?<\/h2>\n<p>Para acceder a nuestro Ciclo Formativo de Grado Superior en Asesor\u00eda de Imagen, necesitas contar con el t\u00edtulo de Bachillerato o un ciclo formativo de grado medio. Tambi\u00e9n puedes acceder si tienes otras titulaciones equivalentes.<\/p>\n<h2>\u00bfQu\u00e9 tipo de pr\u00e1cticas puedo realizar?<\/h2>\n<p>Nosotros colaboramos con diversas empresas del sector moda y comunicaci\u00f3n, lo que te permitir\u00e1 realizar pr\u00e1cticas en lugares reconocidos, adquiriendo experiencia valiosa.<\/p>\n<h2>\u00bfHay salidas profesionales espec\u00edficas en la Asesor\u00eda de Imagen?<\/h2>\n<p>S\u00ed, hay m\u00faltiples salidas profesionales. Adem\u00e1s de trabajar como asesor de imagen, puedes desempe\u00f1arte en \u00e1reas como el estilismo, la organizaci\u00f3n de eventos o el marketing digital.<\/p>\n<h2>\u00bfC\u00f3mo me puedo matricular?<\/h2>\n<p>Para matricularte, debes seguir el <a href=https:\/\/fpsuperiorufv.es\/secretaria-admision-y-ayuda\/>Proceso de Admisi\u00f3n<\/a> que te hemos mencionado anteriormente. Te guiaremos en cada paso para que puedas comenzar tu formaci\u00f3n sin dificultades.<\/p>\n<h2>Conclusi\u00f3n<\/h2>\n<p>Estudiar Asesor\u00eda de Imagen en Madrid es una oportunidad \u00fanica para quienes desean adentrarse en el fascinante mundo de la moda y la comunicaci\u00f3n. Con nosotros, no solo recibir\u00e1s una formaci\u00f3n de calidad, sino que tambi\u00e9n tendr\u00e1s la oportunidad de hacer pr\u00e1cticas en empresas del sector y construir una red de contactos que te ayudar\u00e1 en tu carrera. \u00a1No dudes en dar el primer paso y matricularte con nosotros!<\/p>\n","protected":false},"excerpt":{"rendered":"<p>Estudiar Asesor\u00eda de Imagen en Madrid: Oportunidades en Moda, Eventos y Empresas de Comunicaci\u00f3n Si te apasiona el mundo de la moda y la comunicaci\u00f3n, estudiar Asesor\u00eda de Imagen en Madrid puede ser una de las decisiones m\u00e1s acertadas de tu vida. En nuestra formaci\u00f3n, no solo aprender\u00e1s las t\u00e9cnicas necesarias para asesorar a personas [&hellip;]<\/p>\n","protected":false},"author":3,"featured_media":2672,"comment_status":"open","ping_status":"open","sticky":false,"template":"","format":"standard","meta":{"inline_featured_image":false,"footnotes":""},"categories":[377,393],"tags":[],"class_list":["post-281745","post","type-post","status-publish","format-standard","has-post-thumbnail","hentry","category-asesoria-de-imagen-personal-y-corporativa","category-preguntas-frecuentes"],"yoast_head":"<!-- This site is optimized with the Yoast SEO plugin v27.4 - https:\/\/yoast.com\/product\/yoast-seo-wordpress\/ -->\n<title>Estudiar Asesor\u00eda de Imagen en Madrid: oportunidades en moda eventos y empresas de comunicaci\u00f3n - Cetys<\/title>\n<meta name=\"robots\" content=\"index, follow, max-snippet:-1, max-image-preview:large, max-video-preview:-1\" \/>\n<link rel=\"canonical\" href=\"https:\/\/fpsuperiorufv.es\/blog\/estudiar-asesoria-de-imagen-en-madrid-oportunidades-en-moda-eventos-y-empresas-de-comunicacion-preguntas-frecuentes\/\" \/>\n<meta property=\"og:locale\" content=\"es_ES\" \/>\n<meta property=\"og:type\" content=\"article\" \/>\n<meta property=\"og:title\" content=\"Estudiar Asesor\u00eda de Imagen en Madrid: oportunidades en moda eventos y empresas de comunicaci\u00f3n - Cetys\" \/>\n<meta property=\"og:description\" content=\"Estudiar Asesor\u00eda de Imagen en Madrid: Oportunidades en Moda, Eventos y Empresas de Comunicaci\u00f3n Si te apasiona el mundo de la moda y la comunicaci\u00f3n, estudiar Asesor\u00eda de Imagen en Madrid puede ser una de las decisiones m\u00e1s acertadas de tu vida. En nuestra formaci\u00f3n, no solo aprender\u00e1s las t\u00e9cnicas necesarias para asesorar a personas [&hellip;]\" \/>\n<meta property=\"og:url\" content=\"https:\/\/fpsuperiorufv.es\/blog\/estudiar-asesoria-de-imagen-en-madrid-oportunidades-en-moda-eventos-y-empresas-de-comunicacion-preguntas-frecuentes\/\" \/>\n<meta property=\"og:site_name\" content=\"Cetys\" \/>\n<meta property=\"article:published_time\" content=\"2026-01-29T19:31:37+00:00\" \/>\n<meta property=\"article:modified_time\" content=\"2026-02-12T12:10:38+00:00\" \/>\n<meta property=\"og:image\" content=\"https:\/\/fpsuperiorufv.es\/blog\/wp-content\/uploads\/2025\/08\/DSC7675-scaled-1.jpg\" \/>\n\t<meta property=\"og:image:width\" content=\"2560\" \/>\n\t<meta property=\"og:image:height\" content=\"1707\" \/>\n\t<meta property=\"og:image:type\" content=\"image\/jpeg\" \/>\n<meta name=\"author\" content=\"FP Superior UFV\" \/>\n<meta name=\"twitter:card\" content=\"summary_large_image\" \/>\n<meta name=\"twitter:label1\" content=\"Escrito por\" \/>\n\t<meta name=\"twitter:data1\" content=\"FP Superior UFV\" \/>\n\t<meta name=\"twitter:label2\" content=\"Tiempo de lectura\" \/>\n\t<meta name=\"twitter:data2\" content=\"4 minutos\" \/>\n<script type=\"application\/ld+json\" class=\"yoast-schema-graph\">{\"@context\":\"https:\\\/\\\/schema.org\",\"@graph\":[{\"@type\":\"Article\",\"@id\":\"https:\\\/\\\/fpsuperiorufv.es\\\/blog\\\/estudiar-asesoria-de-imagen-en-madrid-oportunidades-en-moda-eventos-y-empresas-de-comunicacion-preguntas-frecuentes\\\/#article\",\"isPartOf\":{\"@id\":\"https:\\\/\\\/fpsuperiorufv.es\\\/blog\\\/estudiar-asesoria-de-imagen-en-madrid-oportunidades-en-moda-eventos-y-empresas-de-comunicacion-preguntas-frecuentes\\\/\"},\"author\":{\"name\":\"FP Superior UFV\",\"@id\":\"https:\\\/\\\/fpsuperiorufv.es\\\/blog\\\/#\\\/schema\\\/person\\\/6eed41dc866f12d961994f51f39f8796\"},\"headline\":\"Estudiar Asesor\u00eda de Imagen en Madrid: oportunidades en moda eventos y empresas de comunicaci\u00f3n\",\"datePublished\":\"2026-01-29T19:31:37+00:00\",\"dateModified\":\"2026-02-12T12:10:38+00:00\",\"mainEntityOfPage\":{\"@id\":\"https:\\\/\\\/fpsuperiorufv.es\\\/blog\\\/estudiar-asesoria-de-imagen-en-madrid-oportunidades-en-moda-eventos-y-empresas-de-comunicacion-preguntas-frecuentes\\\/\"},\"wordCount\":872,\"commentCount\":0,\"publisher\":{\"@id\":\"https:\\\/\\\/fpsuperiorufv.es\\\/blog\\\/#organization\"},\"image\":{\"@id\":\"https:\\\/\\\/fpsuperiorufv.es\\\/blog\\\/estudiar-asesoria-de-imagen-en-madrid-oportunidades-en-moda-eventos-y-empresas-de-comunicacion-preguntas-frecuentes\\\/#primaryimage\"},\"thumbnailUrl\":\"https:\\\/\\\/fpsuperiorufv.es\\\/blog\\\/wp-content\\\/uploads\\\/2025\\\/08\\\/DSC7675-scaled-1.jpg\",\"articleSection\":[\"Asesor\u00eda de Imagen Personal y Corporativa\",\"Preguntas frecuentes\"],\"inLanguage\":\"es\",\"potentialAction\":[{\"@type\":\"CommentAction\",\"name\":\"Comment\",\"target\":[\"https:\\\/\\\/fpsuperiorufv.es\\\/blog\\\/estudiar-asesoria-de-imagen-en-madrid-oportunidades-en-moda-eventos-y-empresas-de-comunicacion-preguntas-frecuentes\\\/#respond\"]}]},{\"@type\":\"WebPage\",\"@id\":\"https:\\\/\\\/fpsuperiorufv.es\\\/blog\\\/estudiar-asesoria-de-imagen-en-madrid-oportunidades-en-moda-eventos-y-empresas-de-comunicacion-preguntas-frecuentes\\\/\",\"url\":\"https:\\\/\\\/fpsuperiorufv.es\\\/blog\\\/estudiar-asesoria-de-imagen-en-madrid-oportunidades-en-moda-eventos-y-empresas-de-comunicacion-preguntas-frecuentes\\\/\",\"name\":\"Estudiar Asesor\u00eda de Imagen en Madrid: oportunidades en moda eventos y empresas de comunicaci\u00f3n - Cetys\",\"isPartOf\":{\"@id\":\"https:\\\/\\\/fpsuperiorufv.es\\\/blog\\\/#website\"},\"primaryImageOfPage\":{\"@id\":\"https:\\\/\\\/fpsuperiorufv.es\\\/blog\\\/estudiar-asesoria-de-imagen-en-madrid-oportunidades-en-moda-eventos-y-empresas-de-comunicacion-preguntas-frecuentes\\\/#primaryimage\"},\"image\":{\"@id\":\"https:\\\/\\\/fpsuperiorufv.es\\\/blog\\\/estudiar-asesoria-de-imagen-en-madrid-oportunidades-en-moda-eventos-y-empresas-de-comunicacion-preguntas-frecuentes\\\/#primaryimage\"},\"thumbnailUrl\":\"https:\\\/\\\/fpsuperiorufv.es\\\/blog\\\/wp-content\\\/uploads\\\/2025\\\/08\\\/DSC7675-scaled-1.jpg\",\"datePublished\":\"2026-01-29T19:31:37+00:00\",\"dateModified\":\"2026-02-12T12:10:38+00:00\",\"breadcrumb\":{\"@id\":\"https:\\\/\\\/fpsuperiorufv.es\\\/blog\\\/estudiar-asesoria-de-imagen-en-madrid-oportunidades-en-moda-eventos-y-empresas-de-comunicacion-preguntas-frecuentes\\\/#breadcrumb\"},\"inLanguage\":\"es\",\"potentialAction\":[{\"@type\":\"ReadAction\",\"target\":[\"https:\\\/\\\/fpsuperiorufv.es\\\/blog\\\/estudiar-asesoria-de-imagen-en-madrid-oportunidades-en-moda-eventos-y-empresas-de-comunicacion-preguntas-frecuentes\\\/\"]}]},{\"@type\":\"ImageObject\",\"inLanguage\":\"es\",\"@id\":\"https:\\\/\\\/fpsuperiorufv.es\\\/blog\\\/estudiar-asesoria-de-imagen-en-madrid-oportunidades-en-moda-eventos-y-empresas-de-comunicacion-preguntas-frecuentes\\\/#primaryimage\",\"url\":\"https:\\\/\\\/fpsuperiorufv.es\\\/blog\\\/wp-content\\\/uploads\\\/2025\\\/08\\\/DSC7675-scaled-1.jpg\",\"contentUrl\":\"https:\\\/\\\/fpsuperiorufv.es\\\/blog\\\/wp-content\\\/uploads\\\/2025\\\/08\\\/DSC7675-scaled-1.jpg\",\"width\":2560,\"height\":1707},{\"@type\":\"BreadcrumbList\",\"@id\":\"https:\\\/\\\/fpsuperiorufv.es\\\/blog\\\/estudiar-asesoria-de-imagen-en-madrid-oportunidades-en-moda-eventos-y-empresas-de-comunicacion-preguntas-frecuentes\\\/#breadcrumb\",\"itemListElement\":[{\"@type\":\"ListItem\",\"position\":1,\"name\":\"Home\",\"item\":\"https:\\\/\\\/fpsuperiorufv.es\\\/blog\\\/\"},{\"@type\":\"ListItem\",\"position\":2,\"name\":\"Estudiar Asesor\u00eda de Imagen en Madrid: oportunidades en moda eventos y empresas de comunicaci\u00f3n\"}]},{\"@type\":\"WebSite\",\"@id\":\"https:\\\/\\\/fpsuperiorufv.es\\\/blog\\\/#website\",\"url\":\"https:\\\/\\\/fpsuperiorufv.es\\\/blog\\\/\",\"name\":\"Fp Superior Francisco de Vitoria\",\"description\":\"\",\"publisher\":{\"@id\":\"https:\\\/\\\/fpsuperiorufv.es\\\/blog\\\/#organization\"},\"alternateName\":\"Cetys\",\"potentialAction\":[{\"@type\":\"SearchAction\",\"target\":{\"@type\":\"EntryPoint\",\"urlTemplate\":\"https:\\\/\\\/fpsuperiorufv.es\\\/blog\\\/?s={search_term_string}\"},\"query-input\":{\"@type\":\"PropertyValueSpecification\",\"valueRequired\":true,\"valueName\":\"search_term_string\"}}],\"inLanguage\":\"es\"},{\"@type\":\"Organization\",\"@id\":\"https:\\\/\\\/fpsuperiorufv.es\\\/blog\\\/#organization\",\"name\":\"Cetys\",\"url\":\"https:\\\/\\\/fpsuperiorufv.es\\\/blog\\\/\",\"logo\":{\"@type\":\"ImageObject\",\"inLanguage\":\"es\",\"@id\":\"https:\\\/\\\/fpsuperiorufv.es\\\/blog\\\/#\\\/schema\\\/logo\\\/image\\\/\",\"url\":\"https:\\\/\\\/fpsuperiorufv.lo\\\/wp-content\\\/uploads\\\/2025\\\/02\\\/logo.svg\",\"contentUrl\":\"https:\\\/\\\/fpsuperiorufv.lo\\\/wp-content\\\/uploads\\\/2025\\\/02\\\/logo.svg\",\"width\":\"1024\",\"height\":\"1024\",\"caption\":\"Cetys\"},\"image\":{\"@id\":\"https:\\\/\\\/fpsuperiorufv.es\\\/blog\\\/#\\\/schema\\\/logo\\\/image\\\/\"}},{\"@type\":\"Person\",\"@id\":\"https:\\\/\\\/fpsuperiorufv.es\\\/blog\\\/#\\\/schema\\\/person\\\/6eed41dc866f12d961994f51f39f8796\",\"name\":\"FP Superior UFV\",\"image\":{\"@type\":\"ImageObject\",\"inLanguage\":\"es\",\"@id\":\"https:\\\/\\\/secure.gravatar.com\\\/avatar\\\/2cb5eeb90ddddf18129790c93583d4ae96ca8a625c07994637c8fc9d35252ce5?s=96&d=mm&r=g\",\"url\":\"https:\\\/\\\/secure.gravatar.com\\\/avatar\\\/2cb5eeb90ddddf18129790c93583d4ae96ca8a625c07994637c8fc9d35252ce5?s=96&d=mm&r=g\",\"contentUrl\":\"https:\\\/\\\/secure.gravatar.com\\\/avatar\\\/2cb5eeb90ddddf18129790c93583d4ae96ca8a625c07994637c8fc9d35252ce5?s=96&d=mm&r=g\",\"caption\":\"FP Superior UFV\"},\"url\":\"https:\\\/\\\/fpsuperiorufv.es\\\/blog\\\/author\\\/cetys\\\/\"}]}<\/script>\n<!-- \/ Yoast SEO plugin. -->","yoast_head_json":{"title":"Estudiar Asesor\u00eda de Imagen en Madrid: oportunidades en moda eventos y empresas de comunicaci\u00f3n - Cetys","robots":{"index":"index","follow":"follow","max-snippet":"max-snippet:-1","max-image-preview":"max-image-preview:large","max-video-preview":"max-video-preview:-1"},"canonical":"https:\/\/fpsuperiorufv.es\/blog\/estudiar-asesoria-de-imagen-en-madrid-oportunidades-en-moda-eventos-y-empresas-de-comunicacion-preguntas-frecuentes\/","og_locale":"es_ES","og_type":"article","og_title":"Estudiar Asesor\u00eda de Imagen en Madrid: oportunidades en moda eventos y empresas de comunicaci\u00f3n - Cetys","og_description":"Estudiar Asesor\u00eda de Imagen en Madrid: Oportunidades en Moda, Eventos y Empresas de Comunicaci\u00f3n Si te apasiona el mundo de la moda y la comunicaci\u00f3n, estudiar Asesor\u00eda de Imagen en Madrid puede ser una de las decisiones m\u00e1s acertadas de tu vida. En nuestra formaci\u00f3n, no solo aprender\u00e1s las t\u00e9cnicas necesarias para asesorar a personas [&hellip;]","og_url":"https:\/\/fpsuperiorufv.es\/blog\/estudiar-asesoria-de-imagen-en-madrid-oportunidades-en-moda-eventos-y-empresas-de-comunicacion-preguntas-frecuentes\/","og_site_name":"Cetys","article_published_time":"2026-01-29T19:31:37+00:00","article_modified_time":"2026-02-12T12:10:38+00:00","og_image":[{"width":2560,"height":1707,"url":"https:\/\/fpsuperiorufv.es\/blog\/wp-content\/uploads\/2025\/08\/DSC7675-scaled-1.jpg","type":"image\/jpeg"}],"author":"FP Superior UFV","twitter_card":"summary_large_image","twitter_misc":{"Escrito por":"FP Superior UFV","Tiempo de lectura":"4 minutos"},"schema":{"@context":"https:\/\/schema.org","@graph":[{"@type":"Article","@id":"https:\/\/fpsuperiorufv.es\/blog\/estudiar-asesoria-de-imagen-en-madrid-oportunidades-en-moda-eventos-y-empresas-de-comunicacion-preguntas-frecuentes\/#article","isPartOf":{"@id":"https:\/\/fpsuperiorufv.es\/blog\/estudiar-asesoria-de-imagen-en-madrid-oportunidades-en-moda-eventos-y-empresas-de-comunicacion-preguntas-frecuentes\/"},"author":{"name":"FP Superior UFV","@id":"https:\/\/fpsuperiorufv.es\/blog\/#\/schema\/person\/6eed41dc866f12d961994f51f39f8796"},"headline":"Estudiar Asesor\u00eda de Imagen en Madrid: oportunidades en moda eventos y empresas de comunicaci\u00f3n","datePublished":"2026-01-29T19:31:37+00:00","dateModified":"2026-02-12T12:10:38+00:00","mainEntityOfPage":{"@id":"https:\/\/fpsuperiorufv.es\/blog\/estudiar-asesoria-de-imagen-en-madrid-oportunidades-en-moda-eventos-y-empresas-de-comunicacion-preguntas-frecuentes\/"},"wordCount":872,"commentCount":0,"publisher":{"@id":"https:\/\/fpsuperiorufv.es\/blog\/#organization"},"image":{"@id":"https:\/\/fpsuperiorufv.es\/blog\/estudiar-asesoria-de-imagen-en-madrid-oportunidades-en-moda-eventos-y-empresas-de-comunicacion-preguntas-frecuentes\/#primaryimage"},"thumbnailUrl":"https:\/\/fpsuperiorufv.es\/blog\/wp-content\/uploads\/2025\/08\/DSC7675-scaled-1.jpg","articleSection":["Asesor\u00eda de Imagen Personal y Corporativa","Preguntas frecuentes"],"inLanguage":"es","potentialAction":[{"@type":"CommentAction","name":"Comment","target":["https:\/\/fpsuperiorufv.es\/blog\/estudiar-asesoria-de-imagen-en-madrid-oportunidades-en-moda-eventos-y-empresas-de-comunicacion-preguntas-frecuentes\/#respond"]}]},{"@type":"WebPage","@id":"https:\/\/fpsuperiorufv.es\/blog\/estudiar-asesoria-de-imagen-en-madrid-oportunidades-en-moda-eventos-y-empresas-de-comunicacion-preguntas-frecuentes\/","url":"https:\/\/fpsuperiorufv.es\/blog\/estudiar-asesoria-de-imagen-en-madrid-oportunidades-en-moda-eventos-y-empresas-de-comunicacion-preguntas-frecuentes\/","name":"Estudiar Asesor\u00eda de Imagen en Madrid: oportunidades en moda eventos y empresas de comunicaci\u00f3n - Cetys","isPartOf":{"@id":"https:\/\/fpsuperiorufv.es\/blog\/#website"},"primaryImageOfPage":{"@id":"https:\/\/fpsuperiorufv.es\/blog\/estudiar-asesoria-de-imagen-en-madrid-oportunidades-en-moda-eventos-y-empresas-de-comunicacion-preguntas-frecuentes\/#primaryimage"},"image":{"@id":"https:\/\/fpsuperiorufv.es\/blog\/estudiar-asesoria-de-imagen-en-madrid-oportunidades-en-moda-eventos-y-empresas-de-comunicacion-preguntas-frecuentes\/#primaryimage"},"thumbnailUrl":"https:\/\/fpsuperiorufv.es\/blog\/wp-content\/uploads\/2025\/08\/DSC7675-scaled-1.jpg","datePublished":"2026-01-29T19:31:37+00:00","dateModified":"2026-02-12T12:10:38+00:00","breadcrumb":{"@id":"https:\/\/fpsuperiorufv.es\/blog\/estudiar-asesoria-de-imagen-en-madrid-oportunidades-en-moda-eventos-y-empresas-de-comunicacion-preguntas-frecuentes\/#breadcrumb"},"inLanguage":"es","potentialAction":[{"@type":"ReadAction","target":["https:\/\/fpsuperiorufv.es\/blog\/estudiar-asesoria-de-imagen-en-madrid-oportunidades-en-moda-eventos-y-empresas-de-comunicacion-preguntas-frecuentes\/"]}]},{"@type":"ImageObject","inLanguage":"es","@id":"https:\/\/fpsuperiorufv.es\/blog\/estudiar-asesoria-de-imagen-en-madrid-oportunidades-en-moda-eventos-y-empresas-de-comunicacion-preguntas-frecuentes\/#primaryimage","url":"https:\/\/fpsuperiorufv.es\/blog\/wp-content\/uploads\/2025\/08\/DSC7675-scaled-1.jpg","contentUrl":"https:\/\/fpsuperiorufv.es\/blog\/wp-content\/uploads\/2025\/08\/DSC7675-scaled-1.jpg","width":2560,"height":1707},{"@type":"BreadcrumbList","@id":"https:\/\/fpsuperiorufv.es\/blog\/estudiar-asesoria-de-imagen-en-madrid-oportunidades-en-moda-eventos-y-empresas-de-comunicacion-preguntas-frecuentes\/#breadcrumb","itemListElement":[{"@type":"ListItem","position":1,"name":"Home","item":"https:\/\/fpsuperiorufv.es\/blog\/"},{"@type":"ListItem","position":2,"name":"Estudiar Asesor\u00eda de Imagen en Madrid: oportunidades en moda eventos y empresas de comunicaci\u00f3n"}]},{"@type":"WebSite","@id":"https:\/\/fpsuperiorufv.es\/blog\/#website","url":"https:\/\/fpsuperiorufv.es\/blog\/","name":"Fp Superior Francisco de Vitoria","description":"","publisher":{"@id":"https:\/\/fpsuperiorufv.es\/blog\/#organization"},"alternateName":"Cetys","potentialAction":[{"@type":"SearchAction","target":{"@type":"EntryPoint","urlTemplate":"https:\/\/fpsuperiorufv.es\/blog\/?s={search_term_string}"},"query-input":{"@type":"PropertyValueSpecification","valueRequired":true,"valueName":"search_term_string"}}],"inLanguage":"es"},{"@type":"Organization","@id":"https:\/\/fpsuperiorufv.es\/blog\/#organization","name":"Cetys","url":"https:\/\/fpsuperiorufv.es\/blog\/","logo":{"@type":"ImageObject","inLanguage":"es","@id":"https:\/\/fpsuperiorufv.es\/blog\/#\/schema\/logo\/image\/","url":"https:\/\/fpsuperiorufv.lo\/wp-content\/uploads\/2025\/02\/logo.svg","contentUrl":"https:\/\/fpsuperiorufv.lo\/wp-content\/uploads\/2025\/02\/logo.svg","width":"1024","height":"1024","caption":"Cetys"},"image":{"@id":"https:\/\/fpsuperiorufv.es\/blog\/#\/schema\/logo\/image\/"}},{"@type":"Person","@id":"https:\/\/fpsuperiorufv.es\/blog\/#\/schema\/person\/6eed41dc866f12d961994f51f39f8796","name":"FP Superior UFV","image":{"@type":"ImageObject","inLanguage":"es","@id":"https:\/\/secure.gravatar.com\/avatar\/2cb5eeb90ddddf18129790c93583d4ae96ca8a625c07994637c8fc9d35252ce5?s=96&d=mm&r=g","url":"https:\/\/secure.gravatar.com\/avatar\/2cb5eeb90ddddf18129790c93583d4ae96ca8a625c07994637c8fc9d35252ce5?s=96&d=mm&r=g","contentUrl":"https:\/\/secure.gravatar.com\/avatar\/2cb5eeb90ddddf18129790c93583d4ae96ca8a625c07994637c8fc9d35252ce5?s=96&d=mm&r=g","caption":"FP Superior UFV"},"url":"https:\/\/fpsuperiorufv.es\/blog\/author\/cetys\/"}]}},"_links":{"self":[{"href":"https:\/\/fpsuperiorufv.es\/blog\/wp-json\/wp\/v2\/posts\/281745","targetHints":{"allow":["GET"]}}],"collection":[{"href":"https:\/\/fpsuperiorufv.es\/blog\/wp-json\/wp\/v2\/posts"}],"about":[{"href":"https:\/\/fpsuperiorufv.es\/blog\/wp-json\/wp\/v2\/types\/post"}],"author":[{"embeddable":true,"href":"https:\/\/fpsuperiorufv.es\/blog\/wp-json\/wp\/v2\/users\/3"}],"replies":[{"embeddable":true,"href":"https:\/\/fpsuperiorufv.es\/blog\/wp-json\/wp\/v2\/comments?post=281745"}],"version-history":[{"count":1,"href":"https:\/\/fpsuperiorufv.es\/blog\/wp-json\/wp\/v2\/posts\/281745\/revisions"}],"predecessor-version":[{"id":281878,"href":"https:\/\/fpsuperiorufv.es\/blog\/wp-json\/wp\/v2\/posts\/281745\/revisions\/281878"}],"wp:featuredmedia":[{"embeddable":true,"href":"https:\/\/fpsuperiorufv.es\/blog\/wp-json\/wp\/v2\/media\/2672"}],"wp:attachment":[{"href":"https:\/\/fpsuperiorufv.es\/blog\/wp-json\/wp\/v2\/media?parent=281745"}],"wp:term":[{"taxonomy":"category","embeddable":true,"href":"https:\/\/fpsuperiorufv.es\/blog\/wp-json\/wp\/v2\/categories?post=281745"},{"taxonomy":"post_tag","embeddable":true,"href":"https:\/\/fpsuperiorufv.es\/blog\/wp-json\/wp\/v2\/tags?post=281745"}],"curies":[{"name":"wp","href":"https:\/\/api.w.org\/{rel}","templated":true}]}}