{"id":281764,"date":"2026-01-23T04:14:25","date_gmt":"2026-01-23T04:14:25","guid":{"rendered":"https:\/\/soleyantonio.es\/educacion-infantil-para-personas-que-quieren-trabajar-con-ninos-desde-la-fp-y-no-desde-la-universidad\/"},"modified":"2026-02-20T12:57:10","modified_gmt":"2026-02-20T11:57:10","slug":"educacion-infantil-para-personas-que-quieren-trabajar-con-ninos-desde-la-fp-y-no-desde-la-universidad-preguntas-frecuentes","status":"publish","type":"post","link":"https:\/\/fpsuperiorufv.es\/blog\/educacion-infantil-para-personas-que-quieren-trabajar-con-ninos-desde-la-fp-y-no-desde-la-universidad-preguntas-frecuentes\/","title":{"rendered":"Educaci\u00f3n Infantil para personas que quieren trabajar con ni\u00f1os desde la FP y no desde la universidad"},"content":{"rendered":"<h2>Descubre el Ciclo Formativo de Educaci\u00f3n Infantil<\/h2>\n<p>\u00bfTe apasiona trabajar con ni\u00f1os? Si tu sue\u00f1o es contribuir al desarrollo de los m\u00e1s peque\u00f1os y quieres hacerlo de manera pr\u00e1ctica y directa, un Ciclo Formativo de Grado Superior en Educaci\u00f3n Infantil es la opci\u00f3n perfecta para ti. En la FP Superior Francisco de Vitoria, te brindamos la oportunidad de formarte para convertirte en un profesional del sector educativo, sin necesidad de pasar por la universidad.<\/p>\n<h2>Curiosidades e Informaci\u00f3n Clave sobre Educaci\u00f3n Infantil<\/h2>\n<ul>\n<li>El 75% de los ni\u00f1os en Espa\u00f1a asisten a una escuela infantil antes de los 3 a\u00f1os.<\/li>\n<li>Los educadores infantiles son esenciales para el desarrollo emocional y social de los ni\u00f1os.<\/li>\n<li>La demanda de profesionales en Educaci\u00f3n Infantil ha crecido un 20% en los \u00faltimos a\u00f1os.<\/li>\n<li>Las competencias que adquieres en FP son muy valoradas por los centros educativos.<\/li>\n<li>El salario medio de un educador infantil en Espa\u00f1a puede superar los 25.000 euros al a\u00f1o.<\/li>\n<li>La educaci\u00f3n en la primera infancia sienta las bases para el aprendizaje futuro.<\/li>\n<li>Un 90% de nuestros egresados encuentra empleo en menos de un a\u00f1o tras finalizar el ciclo.<\/li>\n<\/ul>\n<h2>\u00bfPor qu\u00e9 elegir un Ciclo Formativo de Grado Superior en Educaci\u00f3n Infantil?<\/h2>\n<p>Elegir una formaci\u00f3n profesional en lugar de un camino universitario tiene numerosas ventajas. Aqu\u00ed te contamos por qu\u00e9 la FP en Educaci\u00f3n Infantil es una excelente opci\u00f3n:<\/p>\n<ul>\n<li><strong>Formaci\u00f3n pr\u00e1ctica:<\/strong> Aprender\u00e1s a trav\u00e9s de m\u00e9todos pr\u00e1cticos y experiencias reales en el aula.<\/li>\n<li><strong>Menor duraci\u00f3n:<\/strong> La FP Superior tiene una duraci\u00f3n de dos a\u00f1os, obteniendo una titulaci\u00f3n r\u00e1pidamente.<\/li>\n<li><strong>Insertaci\u00f3n laboral:<\/strong> La FP tiene un alto \u00edndice de empleabilidad, especialmente en educaci\u00f3n infantil.<\/li>\n<li><strong>Flexibilidad:<\/strong> Puedes compaginar tus estudios con trabajos a tiempo parcial o responsabilidades familiares.<\/li>\n<\/ul>\n<h2>\u00bfQu\u00e9 aprender\u00e1s en el Ciclo Formativo de Grado Superior en Educaci\u00f3n Infantil?<\/h2>\n<p>Durante tu formaci\u00f3n, adquirir\u00e1s conocimientos te\u00f3ricos y pr\u00e1cticos que te preparar\u00e1n para gestionar y educar a ni\u00f1os en sus primeros a\u00f1os de vida. Algunos de los temas que abordaremos son:<\/p>\n<ul>\n<li>Desarrollo cognitivo y motor en la infancia.<\/li>\n<li>Atenci\u00f3n a la diversidad y adaptaci\u00f3n de actividades.<\/li>\n<li>Elaboraci\u00f3n de proyectos educativos.<\/li>\n<li>Normativa y legislaci\u00f3n educativa.<\/li>\n<li>Metodolog\u00edas de ense\u00f1anza innovadoras.<\/li>\n<\/ul>\n<h2>Ejemplos de Salidas Profesionales<\/h2>\n<p>Una vez finalizado el ciclo formativo, tendr\u00e1s m\u00faltiples opciones laborales. Algunas de las salidas profesionales m\u00e1s comunes son:<\/p>\n<ul>\n<li>Educador\/a en escuelas infantiles.<\/li>\n<li>Cuidador\/a en centros de atenci\u00f3n a la infancia.<\/li>\n<li>Responsable de actividades extraescolares.<\/li>\n<li>Asesor\/a en programas de atenci\u00f3n a la familia.<\/li>\n<li>Educador\/a en ludotecas o centros de ocio.<\/li>\n<\/ul>\n<h2>Proceso de Admisi\u00f3n<\/h2>\n<p>Estamos aqu\u00ed para ayudarte a dar el primer paso hacia tu futuro profesional. Si est\u00e1s interesado en matricularte en nuestro Ciclo Formativo de Grado Superior en Educaci\u00f3n Infantil, puedes informarte sobre el <a href=https:\/\/fpsuperiorufv.es\/secretaria-admision-y-ayuda\/>proceso de admisi\u00f3n aqu\u00ed<\/a>.<\/p>\n<h2>La importancia de la educaci\u00f3n infantil<\/h2>\n<p>La educaci\u00f3n infantil es fundamental para el desarrollo integral de los ni\u00f1os. No solo se trata de ense\u00f1arles habilidades acad\u00e9micas, sino tambi\u00e9n de fomentar su creatividad, autonom\u00eda y habilidades sociales. Como educador\/a infantil, tendr\u00e1s la oportunidad de marcar una diferencia significativa en la vida de los peque\u00f1os.<\/p>\n<h2>Preguntas Frecuentes<\/h2>\n<h2>\u00bfQu\u00e9 requisitos necesito para acceder al Ciclo Formativo de Grado Superior en Educaci\u00f3n Infantil?<\/h2>\n<p>Para acceder a este ciclo, necesitas tener el t\u00edtulo de Bachillerato, un t\u00edtulo de FP de Grado Medio o una titulaci\u00f3n equivalente. Si no cumples con estos requisitos, tambi\u00e9n hay v\u00edas alternativas que podemos explorar contigo.<\/p>\n<h2>\u00bfQu\u00e9 tipo de pr\u00e1cticas se realizan durante el ciclo?<\/h2>\n<p>Realizamos pr\u00e1cticas en centros educativos, guarder\u00edas y otros espacios relacionados con la educaci\u00f3n infantil. Esto te permitir\u00e1 aplicar lo aprendido en un entorno real y adquirir experiencia valiosa.<\/p>\n<h2>\u00bfCu\u00e1l es el horario de clases?<\/h2>\n<p>Nuestros horarios son flexibles, con opciones de ma\u00f1ana y tarde, para que puedas adaptarlos a tus necesidades personales y laborales.<\/p>\n<h2>\u00bfQu\u00e9 titulaci\u00f3n obtendr\u00e9 al finalizar el ciclo?<\/h2>\n<p>Al finalizar el Ciclo Formativo de Grado Superior en Educaci\u00f3n Infantil, obtendr\u00e1s un t\u00edtulo oficial que te habilitar\u00e1 para trabajar en el sector educativo, tanto en Espa\u00f1a como en otros pa\u00edses de la Uni\u00f3n Europea.<\/p>\n<h2>\u00bfC\u00f3mo puedo matricularme?<\/h2>\n<p>Para matricularte, solo tienes que seguir nuestro <a href=https:\/\/fpsuperiorufv.es\/secretaria-admision-y-ayuda\/>proceso de admisi\u00f3n<\/a>. Estamos aqu\u00ed para ayudarte en cada paso del camino.<\/p>\n<h2>Conclusi\u00f3n<\/h2>\n<p>Si te apasiona la educaci\u00f3n y quieres formar parte del desarrollo de los ni\u00f1os desde sus primeros a\u00f1os, no dudes en considerar nuestro Ciclo Formativo de Grado Superior en Educaci\u00f3n Infantil en FP Superior Francisco de Vitoria. \u00a1Tu futuro empieza aqu\u00ed!<\/p>\n","protected":false},"excerpt":{"rendered":"<p>Descubre el Ciclo Formativo de Educaci\u00f3n Infantil \u00bfTe apasiona trabajar con ni\u00f1os? Si tu sue\u00f1o es contribuir al desarrollo de los m\u00e1s peque\u00f1os y quieres hacerlo de manera pr\u00e1ctica y directa, un Ciclo Formativo de Grado Superior en Educaci\u00f3n Infantil es la opci\u00f3n perfecta para ti. En la FP Superior Francisco de Vitoria, te brindamos [&hellip;]<\/p>\n","protected":false},"author":3,"featured_media":1156,"comment_status":"open","ping_status":"open","sticky":false,"template":"","format":"standard","meta":{"inline_featured_image":false,"footnotes":""},"categories":[376,393],"tags":[],"class_list":["post-281764","post","type-post","status-publish","format-standard","has-post-thumbnail","hentry","category-educacion-infantil","category-preguntas-frecuentes"],"yoast_head":"<!-- This site is optimized with the Yoast SEO plugin v27.4 - https:\/\/yoast.com\/product\/yoast-seo-wordpress\/ -->\n<title>Educaci\u00f3n Infantil para personas que quieren trabajar con ni\u00f1os desde la FP y no desde la universidad - Cetys<\/title>\n<meta name=\"robots\" content=\"index, follow, max-snippet:-1, max-image-preview:large, max-video-preview:-1\" \/>\n<link rel=\"canonical\" href=\"https:\/\/fpsuperiorufv.es\/blog\/educacion-infantil-para-personas-que-quieren-trabajar-con-ninos-desde-la-fp-y-no-desde-la-universidad-preguntas-frecuentes\/\" \/>\n<meta property=\"og:locale\" content=\"es_ES\" \/>\n<meta property=\"og:type\" content=\"article\" \/>\n<meta property=\"og:title\" content=\"Educaci\u00f3n Infantil para personas que quieren trabajar con ni\u00f1os desde la FP y no desde la universidad - Cetys\" \/>\n<meta property=\"og:description\" content=\"Descubre el Ciclo Formativo de Educaci\u00f3n Infantil \u00bfTe apasiona trabajar con ni\u00f1os? Si tu sue\u00f1o es contribuir al desarrollo de los m\u00e1s peque\u00f1os y quieres hacerlo de manera pr\u00e1ctica y directa, un Ciclo Formativo de Grado Superior en Educaci\u00f3n Infantil es la opci\u00f3n perfecta para ti. En la FP Superior Francisco de Vitoria, te brindamos [&hellip;]\" \/>\n<meta property=\"og:url\" content=\"https:\/\/fpsuperiorufv.es\/blog\/educacion-infantil-para-personas-que-quieren-trabajar-con-ninos-desde-la-fp-y-no-desde-la-universidad-preguntas-frecuentes\/\" \/>\n<meta property=\"og:site_name\" content=\"Cetys\" \/>\n<meta property=\"article:published_time\" content=\"2026-01-23T04:14:25+00:00\" \/>\n<meta property=\"article:modified_time\" content=\"2026-02-20T11:57:10+00:00\" \/>\n<meta property=\"og:image\" content=\"https:\/\/fpsuperiorufv.es\/blog\/wp-content\/uploads\/2025\/07\/teacher-g343cd023a_1280.jpg\" \/>\n\t<meta property=\"og:image:width\" content=\"1280\" \/>\n\t<meta property=\"og:image:height\" content=\"853\" \/>\n\t<meta property=\"og:image:type\" content=\"image\/jpeg\" \/>\n<meta name=\"author\" content=\"FP Superior UFV\" \/>\n<meta name=\"twitter:card\" content=\"summary_large_image\" \/>\n<meta name=\"twitter:label1\" content=\"Escrito por\" \/>\n\t<meta name=\"twitter:data1\" content=\"FP Superior UFV\" \/>\n\t<meta name=\"twitter:label2\" content=\"Tiempo de lectura\" \/>\n\t<meta name=\"twitter:data2\" content=\"4 minutos\" \/>\n<script type=\"application\/ld+json\" class=\"yoast-schema-graph\">{\"@context\":\"https:\\\/\\\/schema.org\",\"@graph\":[{\"@type\":\"Article\",\"@id\":\"https:\\\/\\\/fpsuperiorufv.es\\\/blog\\\/educacion-infantil-para-personas-que-quieren-trabajar-con-ninos-desde-la-fp-y-no-desde-la-universidad-preguntas-frecuentes\\\/#article\",\"isPartOf\":{\"@id\":\"https:\\\/\\\/fpsuperiorufv.es\\\/blog\\\/educacion-infantil-para-personas-que-quieren-trabajar-con-ninos-desde-la-fp-y-no-desde-la-universidad-preguntas-frecuentes\\\/\"},\"author\":{\"name\":\"FP Superior UFV\",\"@id\":\"https:\\\/\\\/fpsuperiorufv.es\\\/blog\\\/#\\\/schema\\\/person\\\/6eed41dc866f12d961994f51f39f8796\"},\"headline\":\"Educaci\u00f3n Infantil para personas que quieren trabajar con ni\u00f1os desde la FP y no desde la universidad\",\"datePublished\":\"2026-01-23T04:14:25+00:00\",\"dateModified\":\"2026-02-20T11:57:10+00:00\",\"mainEntityOfPage\":{\"@id\":\"https:\\\/\\\/fpsuperiorufv.es\\\/blog\\\/educacion-infantil-para-personas-que-quieren-trabajar-con-ninos-desde-la-fp-y-no-desde-la-universidad-preguntas-frecuentes\\\/\"},\"wordCount\":830,\"commentCount\":0,\"publisher\":{\"@id\":\"https:\\\/\\\/fpsuperiorufv.es\\\/blog\\\/#organization\"},\"image\":{\"@id\":\"https:\\\/\\\/fpsuperiorufv.es\\\/blog\\\/educacion-infantil-para-personas-que-quieren-trabajar-con-ninos-desde-la-fp-y-no-desde-la-universidad-preguntas-frecuentes\\\/#primaryimage\"},\"thumbnailUrl\":\"https:\\\/\\\/fpsuperiorufv.es\\\/blog\\\/wp-content\\\/uploads\\\/2025\\\/07\\\/teacher-g343cd023a_1280.jpg\",\"articleSection\":[\"Educaci\u00f3n Infantil\",\"Preguntas frecuentes\"],\"inLanguage\":\"es\",\"potentialAction\":[{\"@type\":\"CommentAction\",\"name\":\"Comment\",\"target\":[\"https:\\\/\\\/fpsuperiorufv.es\\\/blog\\\/educacion-infantil-para-personas-que-quieren-trabajar-con-ninos-desde-la-fp-y-no-desde-la-universidad-preguntas-frecuentes\\\/#respond\"]}]},{\"@type\":\"WebPage\",\"@id\":\"https:\\\/\\\/fpsuperiorufv.es\\\/blog\\\/educacion-infantil-para-personas-que-quieren-trabajar-con-ninos-desde-la-fp-y-no-desde-la-universidad-preguntas-frecuentes\\\/\",\"url\":\"https:\\\/\\\/fpsuperiorufv.es\\\/blog\\\/educacion-infantil-para-personas-que-quieren-trabajar-con-ninos-desde-la-fp-y-no-desde-la-universidad-preguntas-frecuentes\\\/\",\"name\":\"Educaci\u00f3n Infantil para personas que quieren trabajar con ni\u00f1os desde la FP y no desde la universidad - Cetys\",\"isPartOf\":{\"@id\":\"https:\\\/\\\/fpsuperiorufv.es\\\/blog\\\/#website\"},\"primaryImageOfPage\":{\"@id\":\"https:\\\/\\\/fpsuperiorufv.es\\\/blog\\\/educacion-infantil-para-personas-que-quieren-trabajar-con-ninos-desde-la-fp-y-no-desde-la-universidad-preguntas-frecuentes\\\/#primaryimage\"},\"image\":{\"@id\":\"https:\\\/\\\/fpsuperiorufv.es\\\/blog\\\/educacion-infantil-para-personas-que-quieren-trabajar-con-ninos-desde-la-fp-y-no-desde-la-universidad-preguntas-frecuentes\\\/#primaryimage\"},\"thumbnailUrl\":\"https:\\\/\\\/fpsuperiorufv.es\\\/blog\\\/wp-content\\\/uploads\\\/2025\\\/07\\\/teacher-g343cd023a_1280.jpg\",\"datePublished\":\"2026-01-23T04:14:25+00:00\",\"dateModified\":\"2026-02-20T11:57:10+00:00\",\"breadcrumb\":{\"@id\":\"https:\\\/\\\/fpsuperiorufv.es\\\/blog\\\/educacion-infantil-para-personas-que-quieren-trabajar-con-ninos-desde-la-fp-y-no-desde-la-universidad-preguntas-frecuentes\\\/#breadcrumb\"},\"inLanguage\":\"es\",\"potentialAction\":[{\"@type\":\"ReadAction\",\"target\":[\"https:\\\/\\\/fpsuperiorufv.es\\\/blog\\\/educacion-infantil-para-personas-que-quieren-trabajar-con-ninos-desde-la-fp-y-no-desde-la-universidad-preguntas-frecuentes\\\/\"]}]},{\"@type\":\"ImageObject\",\"inLanguage\":\"es\",\"@id\":\"https:\\\/\\\/fpsuperiorufv.es\\\/blog\\\/educacion-infantil-para-personas-que-quieren-trabajar-con-ninos-desde-la-fp-y-no-desde-la-universidad-preguntas-frecuentes\\\/#primaryimage\",\"url\":\"https:\\\/\\\/fpsuperiorufv.es\\\/blog\\\/wp-content\\\/uploads\\\/2025\\\/07\\\/teacher-g343cd023a_1280.jpg\",\"contentUrl\":\"https:\\\/\\\/fpsuperiorufv.es\\\/blog\\\/wp-content\\\/uploads\\\/2025\\\/07\\\/teacher-g343cd023a_1280.jpg\",\"width\":1280,\"height\":853},{\"@type\":\"BreadcrumbList\",\"@id\":\"https:\\\/\\\/fpsuperiorufv.es\\\/blog\\\/educacion-infantil-para-personas-que-quieren-trabajar-con-ninos-desde-la-fp-y-no-desde-la-universidad-preguntas-frecuentes\\\/#breadcrumb\",\"itemListElement\":[{\"@type\":\"ListItem\",\"position\":1,\"name\":\"Home\",\"item\":\"https:\\\/\\\/fpsuperiorufv.es\\\/blog\\\/\"},{\"@type\":\"ListItem\",\"position\":2,\"name\":\"Educaci\u00f3n Infantil para personas que quieren trabajar con ni\u00f1os desde la FP y no desde la universidad\"}]},{\"@type\":\"WebSite\",\"@id\":\"https:\\\/\\\/fpsuperiorufv.es\\\/blog\\\/#website\",\"url\":\"https:\\\/\\\/fpsuperiorufv.es\\\/blog\\\/\",\"name\":\"Fp Superior Francisco de Vitoria\",\"description\":\"\",\"publisher\":{\"@id\":\"https:\\\/\\\/fpsuperiorufv.es\\\/blog\\\/#organization\"},\"alternateName\":\"Cetys\",\"potentialAction\":[{\"@type\":\"SearchAction\",\"target\":{\"@type\":\"EntryPoint\",\"urlTemplate\":\"https:\\\/\\\/fpsuperiorufv.es\\\/blog\\\/?s={search_term_string}\"},\"query-input\":{\"@type\":\"PropertyValueSpecification\",\"valueRequired\":true,\"valueName\":\"search_term_string\"}}],\"inLanguage\":\"es\"},{\"@type\":\"Organization\",\"@id\":\"https:\\\/\\\/fpsuperiorufv.es\\\/blog\\\/#organization\",\"name\":\"Cetys\",\"url\":\"https:\\\/\\\/fpsuperiorufv.es\\\/blog\\\/\",\"logo\":{\"@type\":\"ImageObject\",\"inLanguage\":\"es\",\"@id\":\"https:\\\/\\\/fpsuperiorufv.es\\\/blog\\\/#\\\/schema\\\/logo\\\/image\\\/\",\"url\":\"https:\\\/\\\/fpsuperiorufv.lo\\\/wp-content\\\/uploads\\\/2025\\\/02\\\/logo.svg\",\"contentUrl\":\"https:\\\/\\\/fpsuperiorufv.lo\\\/wp-content\\\/uploads\\\/2025\\\/02\\\/logo.svg\",\"width\":\"1024\",\"height\":\"1024\",\"caption\":\"Cetys\"},\"image\":{\"@id\":\"https:\\\/\\\/fpsuperiorufv.es\\\/blog\\\/#\\\/schema\\\/logo\\\/image\\\/\"}},{\"@type\":\"Person\",\"@id\":\"https:\\\/\\\/fpsuperiorufv.es\\\/blog\\\/#\\\/schema\\\/person\\\/6eed41dc866f12d961994f51f39f8796\",\"name\":\"FP Superior UFV\",\"image\":{\"@type\":\"ImageObject\",\"inLanguage\":\"es\",\"@id\":\"https:\\\/\\\/secure.gravatar.com\\\/avatar\\\/2cb5eeb90ddddf18129790c93583d4ae96ca8a625c07994637c8fc9d35252ce5?s=96&d=mm&r=g\",\"url\":\"https:\\\/\\\/secure.gravatar.com\\\/avatar\\\/2cb5eeb90ddddf18129790c93583d4ae96ca8a625c07994637c8fc9d35252ce5?s=96&d=mm&r=g\",\"contentUrl\":\"https:\\\/\\\/secure.gravatar.com\\\/avatar\\\/2cb5eeb90ddddf18129790c93583d4ae96ca8a625c07994637c8fc9d35252ce5?s=96&d=mm&r=g\",\"caption\":\"FP Superior UFV\"},\"url\":\"https:\\\/\\\/fpsuperiorufv.es\\\/blog\\\/author\\\/cetys\\\/\"}]}<\/script>\n<!-- \/ Yoast SEO plugin. -->","yoast_head_json":{"title":"Educaci\u00f3n Infantil para personas que quieren trabajar con ni\u00f1os desde la FP y no desde la universidad - Cetys","robots":{"index":"index","follow":"follow","max-snippet":"max-snippet:-1","max-image-preview":"max-image-preview:large","max-video-preview":"max-video-preview:-1"},"canonical":"https:\/\/fpsuperiorufv.es\/blog\/educacion-infantil-para-personas-que-quieren-trabajar-con-ninos-desde-la-fp-y-no-desde-la-universidad-preguntas-frecuentes\/","og_locale":"es_ES","og_type":"article","og_title":"Educaci\u00f3n Infantil para personas que quieren trabajar con ni\u00f1os desde la FP y no desde la universidad - Cetys","og_description":"Descubre el Ciclo Formativo de Educaci\u00f3n Infantil \u00bfTe apasiona trabajar con ni\u00f1os? Si tu sue\u00f1o es contribuir al desarrollo de los m\u00e1s peque\u00f1os y quieres hacerlo de manera pr\u00e1ctica y directa, un Ciclo Formativo de Grado Superior en Educaci\u00f3n Infantil es la opci\u00f3n perfecta para ti. En la FP Superior Francisco de Vitoria, te brindamos [&hellip;]","og_url":"https:\/\/fpsuperiorufv.es\/blog\/educacion-infantil-para-personas-que-quieren-trabajar-con-ninos-desde-la-fp-y-no-desde-la-universidad-preguntas-frecuentes\/","og_site_name":"Cetys","article_published_time":"2026-01-23T04:14:25+00:00","article_modified_time":"2026-02-20T11:57:10+00:00","og_image":[{"width":1280,"height":853,"url":"https:\/\/fpsuperiorufv.es\/blog\/wp-content\/uploads\/2025\/07\/teacher-g343cd023a_1280.jpg","type":"image\/jpeg"}],"author":"FP Superior UFV","twitter_card":"summary_large_image","twitter_misc":{"Escrito por":"FP Superior UFV","Tiempo de lectura":"4 minutos"},"schema":{"@context":"https:\/\/schema.org","@graph":[{"@type":"Article","@id":"https:\/\/fpsuperiorufv.es\/blog\/educacion-infantil-para-personas-que-quieren-trabajar-con-ninos-desde-la-fp-y-no-desde-la-universidad-preguntas-frecuentes\/#article","isPartOf":{"@id":"https:\/\/fpsuperiorufv.es\/blog\/educacion-infantil-para-personas-que-quieren-trabajar-con-ninos-desde-la-fp-y-no-desde-la-universidad-preguntas-frecuentes\/"},"author":{"name":"FP Superior UFV","@id":"https:\/\/fpsuperiorufv.es\/blog\/#\/schema\/person\/6eed41dc866f12d961994f51f39f8796"},"headline":"Educaci\u00f3n Infantil para personas que quieren trabajar con ni\u00f1os desde la FP y no desde la universidad","datePublished":"2026-01-23T04:14:25+00:00","dateModified":"2026-02-20T11:57:10+00:00","mainEntityOfPage":{"@id":"https:\/\/fpsuperiorufv.es\/blog\/educacion-infantil-para-personas-que-quieren-trabajar-con-ninos-desde-la-fp-y-no-desde-la-universidad-preguntas-frecuentes\/"},"wordCount":830,"commentCount":0,"publisher":{"@id":"https:\/\/fpsuperiorufv.es\/blog\/#organization"},"image":{"@id":"https:\/\/fpsuperiorufv.es\/blog\/educacion-infantil-para-personas-que-quieren-trabajar-con-ninos-desde-la-fp-y-no-desde-la-universidad-preguntas-frecuentes\/#primaryimage"},"thumbnailUrl":"https:\/\/fpsuperiorufv.es\/blog\/wp-content\/uploads\/2025\/07\/teacher-g343cd023a_1280.jpg","articleSection":["Educaci\u00f3n Infantil","Preguntas frecuentes"],"inLanguage":"es","potentialAction":[{"@type":"CommentAction","name":"Comment","target":["https:\/\/fpsuperiorufv.es\/blog\/educacion-infantil-para-personas-que-quieren-trabajar-con-ninos-desde-la-fp-y-no-desde-la-universidad-preguntas-frecuentes\/#respond"]}]},{"@type":"WebPage","@id":"https:\/\/fpsuperiorufv.es\/blog\/educacion-infantil-para-personas-que-quieren-trabajar-con-ninos-desde-la-fp-y-no-desde-la-universidad-preguntas-frecuentes\/","url":"https:\/\/fpsuperiorufv.es\/blog\/educacion-infantil-para-personas-que-quieren-trabajar-con-ninos-desde-la-fp-y-no-desde-la-universidad-preguntas-frecuentes\/","name":"Educaci\u00f3n Infantil para personas que quieren trabajar con ni\u00f1os desde la FP y no desde la universidad - Cetys","isPartOf":{"@id":"https:\/\/fpsuperiorufv.es\/blog\/#website"},"primaryImageOfPage":{"@id":"https:\/\/fpsuperiorufv.es\/blog\/educacion-infantil-para-personas-que-quieren-trabajar-con-ninos-desde-la-fp-y-no-desde-la-universidad-preguntas-frecuentes\/#primaryimage"},"image":{"@id":"https:\/\/fpsuperiorufv.es\/blog\/educacion-infantil-para-personas-que-quieren-trabajar-con-ninos-desde-la-fp-y-no-desde-la-universidad-preguntas-frecuentes\/#primaryimage"},"thumbnailUrl":"https:\/\/fpsuperiorufv.es\/blog\/wp-content\/uploads\/2025\/07\/teacher-g343cd023a_1280.jpg","datePublished":"2026-01-23T04:14:25+00:00","dateModified":"2026-02-20T11:57:10+00:00","breadcrumb":{"@id":"https:\/\/fpsuperiorufv.es\/blog\/educacion-infantil-para-personas-que-quieren-trabajar-con-ninos-desde-la-fp-y-no-desde-la-universidad-preguntas-frecuentes\/#breadcrumb"},"inLanguage":"es","potentialAction":[{"@type":"ReadAction","target":["https:\/\/fpsuperiorufv.es\/blog\/educacion-infantil-para-personas-que-quieren-trabajar-con-ninos-desde-la-fp-y-no-desde-la-universidad-preguntas-frecuentes\/"]}]},{"@type":"ImageObject","inLanguage":"es","@id":"https:\/\/fpsuperiorufv.es\/blog\/educacion-infantil-para-personas-que-quieren-trabajar-con-ninos-desde-la-fp-y-no-desde-la-universidad-preguntas-frecuentes\/#primaryimage","url":"https:\/\/fpsuperiorufv.es\/blog\/wp-content\/uploads\/2025\/07\/teacher-g343cd023a_1280.jpg","contentUrl":"https:\/\/fpsuperiorufv.es\/blog\/wp-content\/uploads\/2025\/07\/teacher-g343cd023a_1280.jpg","width":1280,"height":853},{"@type":"BreadcrumbList","@id":"https:\/\/fpsuperiorufv.es\/blog\/educacion-infantil-para-personas-que-quieren-trabajar-con-ninos-desde-la-fp-y-no-desde-la-universidad-preguntas-frecuentes\/#breadcrumb","itemListElement":[{"@type":"ListItem","position":1,"name":"Home","item":"https:\/\/fpsuperiorufv.es\/blog\/"},{"@type":"ListItem","position":2,"name":"Educaci\u00f3n Infantil para personas que quieren trabajar con ni\u00f1os desde la FP y no desde la universidad"}]},{"@type":"WebSite","@id":"https:\/\/fpsuperiorufv.es\/blog\/#website","url":"https:\/\/fpsuperiorufv.es\/blog\/","name":"Fp Superior Francisco de Vitoria","description":"","publisher":{"@id":"https:\/\/fpsuperiorufv.es\/blog\/#organization"},"alternateName":"Cetys","potentialAction":[{"@type":"SearchAction","target":{"@type":"EntryPoint","urlTemplate":"https:\/\/fpsuperiorufv.es\/blog\/?s={search_term_string}"},"query-input":{"@type":"PropertyValueSpecification","valueRequired":true,"valueName":"search_term_string"}}],"inLanguage":"es"},{"@type":"Organization","@id":"https:\/\/fpsuperiorufv.es\/blog\/#organization","name":"Cetys","url":"https:\/\/fpsuperiorufv.es\/blog\/","logo":{"@type":"ImageObject","inLanguage":"es","@id":"https:\/\/fpsuperiorufv.es\/blog\/#\/schema\/logo\/image\/","url":"https:\/\/fpsuperiorufv.lo\/wp-content\/uploads\/2025\/02\/logo.svg","contentUrl":"https:\/\/fpsuperiorufv.lo\/wp-content\/uploads\/2025\/02\/logo.svg","width":"1024","height":"1024","caption":"Cetys"},"image":{"@id":"https:\/\/fpsuperiorufv.es\/blog\/#\/schema\/logo\/image\/"}},{"@type":"Person","@id":"https:\/\/fpsuperiorufv.es\/blog\/#\/schema\/person\/6eed41dc866f12d961994f51f39f8796","name":"FP Superior UFV","image":{"@type":"ImageObject","inLanguage":"es","@id":"https:\/\/secure.gravatar.com\/avatar\/2cb5eeb90ddddf18129790c93583d4ae96ca8a625c07994637c8fc9d35252ce5?s=96&d=mm&r=g","url":"https:\/\/secure.gravatar.com\/avatar\/2cb5eeb90ddddf18129790c93583d4ae96ca8a625c07994637c8fc9d35252ce5?s=96&d=mm&r=g","contentUrl":"https:\/\/secure.gravatar.com\/avatar\/2cb5eeb90ddddf18129790c93583d4ae96ca8a625c07994637c8fc9d35252ce5?s=96&d=mm&r=g","caption":"FP Superior UFV"},"url":"https:\/\/fpsuperiorufv.es\/blog\/author\/cetys\/"}]}},"_links":{"self":[{"href":"https:\/\/fpsuperiorufv.es\/blog\/wp-json\/wp\/v2\/posts\/281764","targetHints":{"allow":["GET"]}}],"collection":[{"href":"https:\/\/fpsuperiorufv.es\/blog\/wp-json\/wp\/v2\/posts"}],"about":[{"href":"https:\/\/fpsuperiorufv.es\/blog\/wp-json\/wp\/v2\/types\/post"}],"author":[{"embeddable":true,"href":"https:\/\/fpsuperiorufv.es\/blog\/wp-json\/wp\/v2\/users\/3"}],"replies":[{"embeddable":true,"href":"https:\/\/fpsuperiorufv.es\/blog\/wp-json\/wp\/v2\/comments?post=281764"}],"version-history":[{"count":1,"href":"https:\/\/fpsuperiorufv.es\/blog\/wp-json\/wp\/v2\/posts\/281764\/revisions"}],"predecessor-version":[{"id":281939,"href":"https:\/\/fpsuperiorufv.es\/blog\/wp-json\/wp\/v2\/posts\/281764\/revisions\/281939"}],"wp:featuredmedia":[{"embeddable":true,"href":"https:\/\/fpsuperiorufv.es\/blog\/wp-json\/wp\/v2\/media\/1156"}],"wp:attachment":[{"href":"https:\/\/fpsuperiorufv.es\/blog\/wp-json\/wp\/v2\/media?parent=281764"}],"wp:term":[{"taxonomy":"category","embeddable":true,"href":"https:\/\/fpsuperiorufv.es\/blog\/wp-json\/wp\/v2\/categories?post=281764"},{"taxonomy":"post_tag","embeddable":true,"href":"https:\/\/fpsuperiorufv.es\/blog\/wp-json\/wp\/v2\/tags?post=281764"}],"curies":[{"name":"wp","href":"https:\/\/api.w.org\/{rel}","templated":true}]}}