{"id":281785,"date":"2026-01-27T07:54:22","date_gmt":"2026-01-27T07:54:22","guid":{"rendered":"https:\/\/soleyantonio.es\/tseas-para-personas-que-vienen-de-bachillerato-o-fp-basica-como-es-la-adaptacion-al-ciclo\/"},"modified":"2026-02-16T12:12:20","modified_gmt":"2026-02-16T11:12:20","slug":"tseas-para-personas-que-vienen-de-bachillerato-o-fp-basica-como-es-la-adaptacion-al-ciclo-preguntas-frecuentes","status":"publish","type":"post","link":"https:\/\/fpsuperiorufv.es\/blog\/tseas-para-personas-que-vienen-de-bachillerato-o-fp-basica-como-es-la-adaptacion-al-ciclo-preguntas-frecuentes\/","title":{"rendered":"TSEAS para personas que vienen de bachillerato o FP b\u00e1sica: c\u00f3mo es la adaptaci\u00f3n al ciclo"},"content":{"rendered":"<h2>Adaptaci\u00f3n al Ciclo Formativo de TSEAS: Todo lo que necesitas saber<\/h2>\n<section>\n<p>Si est\u00e1s pensando en dar un paso adelante en tu formaci\u00f3n y has completado el Bachillerato o una FP B\u00e1sica, el Ciclo Formativo de Grado Superior en T\u00e9cnico Superior en Ense\u00f1anza y Animaci\u00f3n Sociodeportiva (TSEAS) puede ser la opci\u00f3n perfecta para ti. En este art\u00edculo, te explicaremos c\u00f3mo es la adaptaci\u00f3n a este ciclo, qu\u00e9 expectativas puedes tener y c\u00f3mo puedes aprovechar al m\u00e1ximo esta experiencia formativa.<\/p>\n<h2>Curiosidades e informaci\u00f3n interesante sobre TSEAS<\/h2>\n<ul>\n<li><strong>Duraci\u00f3n del Ciclo:<\/strong> El TSEAS tiene una duraci\u00f3n de dos a\u00f1os, que se dividen en m\u00f3dulos te\u00f3ricos y pr\u00e1cticas.<\/li>\n<li><strong>Salidas Profesionales:<\/strong> Al finalizar, puedes trabajar en diversas \u00e1reas como animador sociodeportivo, coordinador de actividades deportivas y m\u00e1s.<\/li>\n<li><strong>Pr\u00e1cticas en Empresas:<\/strong> Contamos con convenios que te permiten realizar pr\u00e1cticas en empresas del sector, facilitando tu inserci\u00f3n laboral.<\/li>\n<li><strong>Formaci\u00f3n Integral:<\/strong> Aprender\u00e1s tanto habilidades t\u00e9cnicas como competencias sociales que son esenciales en el mundo laboral.<\/li>\n<li><strong>Acceso a la Universidad:<\/strong> Una vez terminado el ciclo, podr\u00e1s acceder a estudios universitarios relacionados si as\u00ed lo deseas.<\/li>\n<\/ul>\n<h2>\u00bfC\u00f3mo es la adaptaci\u00f3n al ciclo TSEAS?<\/h2>\n<p>La transici\u00f3n desde el Bachillerato o la FP B\u00e1sica al Ciclo Formativo de TSEAS puede ser un proceso lleno de expectativas y desaf\u00edos. A continuaci\u00f3n, te compartimos algunas claves sobre c\u00f3mo es esta adaptaci\u00f3n:<\/p>\n<h2>1. Un entorno de aprendizaje din\u00e1mico<\/h2>\n<p>En nuestro ciclo, fomentamos un ambiente de aprendizaje activo. Aqu\u00ed, no solo recibir\u00e1s clases te\u00f3ricas, sino que tambi\u00e9n participar\u00e1s en actividades pr\u00e1cticas que te permitir\u00e1n aplicar lo aprendido.<\/p>\n<h2>2. Balance entre teor\u00eda y pr\u00e1ctica<\/h2>\n<p>Es fundamental que entiendas que el TSEAS combina la teor\u00eda con la pr\u00e1ctica. Esto te ayudar\u00e1 a adquirir los conocimientos necesarios de manera m\u00e1s efectiva.<\/p>\n<h2>3. Metodolog\u00edas de ense\u00f1anza innovadoras<\/h2>\n<p>Nuestro equipo docente utiliza metodolog\u00edas innovadoras, como el aprendizaje basado en proyectos, lo que facilita tu integraci\u00f3n y adaptaci\u00f3n al ciclo.<\/p>\n<h2>4. Apoyo constante<\/h2>\n<p>Entendemos que la adaptaci\u00f3n puede ser un reto. Por eso, ofrecemos un apoyo constante a nuestros estudiantes. Nuestro profesorado est\u00e1 siempre disponible para resolver dudas y ofrecer orientaci\u00f3n.<\/p>\n<h2>5. Actividades extracurriculares<\/h2>\n<p>Adem\u00e1s del contenido acad\u00e9mico, organizamos actividades extracurriculares que fomentan la cohesi\u00f3n grupal y el trabajo en equipo. Esto te ayudar\u00e1 a hacer amigos y a sentirte m\u00e1s c\u00f3modo en el nuevo entorno.<\/p>\n<h2>6. Flexibilidad en el aprendizaje<\/h2>\n<p>Cada estudiante tiene su propio ritmo. En el TSEAS, promovemos la flexibilidad en el aprendizaje, permiti\u00e9ndote adaptarte a las exigencias del ciclo a tu propio ritmo.<\/p>\n<h2>Ventajas de estudiar TSEAS en la FP Superior Francisco de Vitoria<\/h2>\n<p>Adem\u00e1s de lo mencionado, estudiar en la FP Superior Francisco de Vitoria tiene m\u00faltiples ventajas:<\/p>\n<ul>\n<li><strong>Profesionalidad:<\/strong> Contamos con un equipo docente altamente cualificado y con experiencia en el sector.<\/li>\n<li><strong>Infraestructuras modernas:<\/strong> Nuestras instalaciones est\u00e1n equipadas con todo lo necesario para tu formaci\u00f3n.<\/li>\n<li><strong>Convenios con empresas:<\/strong> Te ofrecemos la posibilidad de realizar pr\u00e1cticas en empresas de prestigio, facilitando tu inserci\u00f3n laboral.<\/li>\n<\/ul>\n<h2>Proceso de admisi\u00f3n<\/h2>\n<p>Si te decides a dar el paso y matricularte en el ciclo de TSEAS, es importante que conozcas el <a href=https:\/\/fpsuperiorufv.es\/secretaria-admision-y-ayuda\/>proceso de admisi\u00f3n<\/a>. Aqu\u00ed te explicamos los pasos a seguir para que no te pierdas en el camino.<\/p>\n<h2>Ejemplo de un d\u00eda en el ciclo TSEAS<\/h2>\n<p>Imagina c\u00f3mo ser\u00eda un d\u00eda t\u00edpico:<\/p>\n<ul>\n<li>09:00 - 10:30: Clase te\u00f3rica sobre t\u00e9cnicas de animaci\u00f3n.<\/li>\n<li>10:45 - 12:15: Taller pr\u00e1ctico de actividades deportivas.<\/li>\n<li>12:30 - 14:00: Proyecto grupal sobre un evento deportivo.<\/li>\n<li>14:00 - 15:00: Comida y descanso con tus compa\u00f1eros.<\/li>\n<li>15:00 - 16:30: Asesor\u00eda sobre pr\u00e1cticas en empresas.<\/li>\n<\/ul>\n<p>Como puedes ver, cada d\u00eda es una oportunidad para aprender y crecer.<\/p>\n<h2>Testimonios de antiguos alumnos<\/h2>\n<p>Para que tengas una idea m\u00e1s clara de c\u00f3mo es la experiencia, aqu\u00ed tienes algunos testimonios de antiguos alumnos:<\/p>\n<blockquote>\n<p>El ciclo de TSEAS me permiti\u00f3 descubrir mi pasi\u00f3n por el deporte y la educaci\u00f3n. Me sent\u00ed apoyado en todo momento. - Laura G.<\/p>\n<\/blockquote>\n<blockquote>\n<p>Las pr\u00e1cticas fueron clave para encontrar trabajo. Estoy muy agradecido por la formaci\u00f3n recibida. - Miguel R.<\/p>\n<\/blockquote>\n<h2>Preguntas frecuentes<\/h2>\n<h2>\u00bfQu\u00e9 requisitos necesito para acceder al ciclo TSEAS?<\/h2>\n<p>Para acceder al ciclo, necesitas haber superado el Bachillerato, una FP B\u00e1sica o tener una titulaci\u00f3n equivalente. Tambi\u00e9n puedes acceder si tienes 19 a\u00f1os y un t\u00edtulo de formaci\u00f3n profesional de grado medio.<\/p>\n<h2>\u00bfCu\u00e1les son las salidas laborales del ciclo TSEAS?<\/h2>\n<p>Al finalizar el ciclo, puedes trabajar como animador sociodeportivo, coordinador de actividades en centros deportivos, monitor de tiempo libre, entre otros.<\/p>\n<h2>\u00bfPuedo continuar mis estudios despu\u00e9s de TSEAS?<\/h2>\n<p>S\u00ed, una vez finalizado el ciclo, tienes la opci\u00f3n de acceder a estudios universitarios relacionados, como Ciencias de la Actividad F\u00edsica y del Deporte.<\/p>\n<h2>\u00bfC\u00f3mo puedo matricularme?<\/h2>\n<p>Para matricularte, visita nuestro <a href=https:\/\/fpsuperiorufv.es\/secretaria-admision-y-ayuda\/>proceso de admisi\u00f3n<\/a> y sigue los pasos indicados. \u00a1Es f\u00e1cil y r\u00e1pido!<\/p>\n<\/section>\n","protected":false},"excerpt":{"rendered":"<p>Adaptaci\u00f3n al Ciclo Formativo de TSEAS: Todo lo que necesitas saber Si est\u00e1s pensando en dar un paso adelante en tu formaci\u00f3n y has completado el Bachillerato o una FP B\u00e1sica, el Ciclo Formativo de Grado Superior en T\u00e9cnico Superior en Ense\u00f1anza y Animaci\u00f3n Sociodeportiva (TSEAS) puede ser la opci\u00f3n perfecta para ti. En este [&hellip;]<\/p>\n","protected":false},"author":3,"featured_media":2640,"comment_status":"open","ping_status":"open","sticky":false,"template":"","format":"standard","meta":{"inline_featured_image":false,"footnotes":""},"categories":[383,393],"tags":[],"class_list":["post-281785","post","type-post","status-publish","format-standard","has-post-thumbnail","hentry","category-ensenanza-y-animacion-sociodeportiva","category-preguntas-frecuentes"],"yoast_head":"<!-- This site is optimized with the Yoast SEO plugin v27.4 - https:\/\/yoast.com\/product\/yoast-seo-wordpress\/ -->\n<title>TSEAS para personas que vienen de bachillerato o FP b\u00e1sica: c\u00f3mo es la adaptaci\u00f3n al ciclo - Cetys<\/title>\n<meta name=\"robots\" content=\"index, follow, max-snippet:-1, max-image-preview:large, max-video-preview:-1\" \/>\n<link rel=\"canonical\" href=\"https:\/\/fpsuperiorufv.es\/blog\/tseas-para-personas-que-vienen-de-bachillerato-o-fp-basica-como-es-la-adaptacion-al-ciclo-preguntas-frecuentes\/\" \/>\n<meta property=\"og:locale\" content=\"es_ES\" \/>\n<meta property=\"og:type\" content=\"article\" \/>\n<meta property=\"og:title\" content=\"TSEAS para personas que vienen de bachillerato o FP b\u00e1sica: c\u00f3mo es la adaptaci\u00f3n al ciclo - Cetys\" \/>\n<meta property=\"og:description\" content=\"Adaptaci\u00f3n al Ciclo Formativo de TSEAS: Todo lo que necesitas saber Si est\u00e1s pensando en dar un paso adelante en tu formaci\u00f3n y has completado el Bachillerato o una FP B\u00e1sica, el Ciclo Formativo de Grado Superior en T\u00e9cnico Superior en Ense\u00f1anza y Animaci\u00f3n Sociodeportiva (TSEAS) puede ser la opci\u00f3n perfecta para ti. En este [&hellip;]\" \/>\n<meta property=\"og:url\" content=\"https:\/\/fpsuperiorufv.es\/blog\/tseas-para-personas-que-vienen-de-bachillerato-o-fp-basica-como-es-la-adaptacion-al-ciclo-preguntas-frecuentes\/\" \/>\n<meta property=\"og:site_name\" content=\"Cetys\" \/>\n<meta property=\"article:published_time\" content=\"2026-01-27T07:54:22+00:00\" \/>\n<meta property=\"article:modified_time\" content=\"2026-02-16T11:12:20+00:00\" \/>\n<meta property=\"og:image\" content=\"https:\/\/fpsuperiorufv.es\/blog\/wp-content\/uploads\/2025\/08\/DSC07742-scaled-1.jpg\" \/>\n\t<meta property=\"og:image:width\" content=\"2560\" \/>\n\t<meta property=\"og:image:height\" content=\"1707\" \/>\n\t<meta property=\"og:image:type\" content=\"image\/jpeg\" \/>\n<meta name=\"author\" content=\"FP Superior UFV\" \/>\n<meta name=\"twitter:card\" content=\"summary_large_image\" \/>\n<meta name=\"twitter:label1\" content=\"Escrito por\" \/>\n\t<meta name=\"twitter:data1\" content=\"FP Superior UFV\" \/>\n\t<meta name=\"twitter:label2\" content=\"Tiempo de lectura\" \/>\n\t<meta name=\"twitter:data2\" content=\"4 minutos\" \/>\n<script type=\"application\/ld+json\" class=\"yoast-schema-graph\">{\"@context\":\"https:\\\/\\\/schema.org\",\"@graph\":[{\"@type\":\"Article\",\"@id\":\"https:\\\/\\\/fpsuperiorufv.es\\\/blog\\\/tseas-para-personas-que-vienen-de-bachillerato-o-fp-basica-como-es-la-adaptacion-al-ciclo-preguntas-frecuentes\\\/#article\",\"isPartOf\":{\"@id\":\"https:\\\/\\\/fpsuperiorufv.es\\\/blog\\\/tseas-para-personas-que-vienen-de-bachillerato-o-fp-basica-como-es-la-adaptacion-al-ciclo-preguntas-frecuentes\\\/\"},\"author\":{\"name\":\"FP Superior UFV\",\"@id\":\"https:\\\/\\\/fpsuperiorufv.es\\\/blog\\\/#\\\/schema\\\/person\\\/6eed41dc866f12d961994f51f39f8796\"},\"headline\":\"TSEAS para personas que vienen de bachillerato o FP b\u00e1sica: c\u00f3mo es la adaptaci\u00f3n al ciclo\",\"datePublished\":\"2026-01-27T07:54:22+00:00\",\"dateModified\":\"2026-02-16T11:12:20+00:00\",\"mainEntityOfPage\":{\"@id\":\"https:\\\/\\\/fpsuperiorufv.es\\\/blog\\\/tseas-para-personas-que-vienen-de-bachillerato-o-fp-basica-como-es-la-adaptacion-al-ciclo-preguntas-frecuentes\\\/\"},\"wordCount\":874,\"commentCount\":0,\"publisher\":{\"@id\":\"https:\\\/\\\/fpsuperiorufv.es\\\/blog\\\/#organization\"},\"image\":{\"@id\":\"https:\\\/\\\/fpsuperiorufv.es\\\/blog\\\/tseas-para-personas-que-vienen-de-bachillerato-o-fp-basica-como-es-la-adaptacion-al-ciclo-preguntas-frecuentes\\\/#primaryimage\"},\"thumbnailUrl\":\"https:\\\/\\\/fpsuperiorufv.es\\\/blog\\\/wp-content\\\/uploads\\\/2025\\\/08\\\/DSC07742-scaled-1.jpg\",\"articleSection\":[\"Ense\u00f1anza y Animaci\u00f3n Sociodeportiva.\",\"Preguntas frecuentes\"],\"inLanguage\":\"es\",\"potentialAction\":[{\"@type\":\"CommentAction\",\"name\":\"Comment\",\"target\":[\"https:\\\/\\\/fpsuperiorufv.es\\\/blog\\\/tseas-para-personas-que-vienen-de-bachillerato-o-fp-basica-como-es-la-adaptacion-al-ciclo-preguntas-frecuentes\\\/#respond\"]}]},{\"@type\":\"WebPage\",\"@id\":\"https:\\\/\\\/fpsuperiorufv.es\\\/blog\\\/tseas-para-personas-que-vienen-de-bachillerato-o-fp-basica-como-es-la-adaptacion-al-ciclo-preguntas-frecuentes\\\/\",\"url\":\"https:\\\/\\\/fpsuperiorufv.es\\\/blog\\\/tseas-para-personas-que-vienen-de-bachillerato-o-fp-basica-como-es-la-adaptacion-al-ciclo-preguntas-frecuentes\\\/\",\"name\":\"TSEAS para personas que vienen de bachillerato o FP b\u00e1sica: c\u00f3mo es la adaptaci\u00f3n al ciclo - Cetys\",\"isPartOf\":{\"@id\":\"https:\\\/\\\/fpsuperiorufv.es\\\/blog\\\/#website\"},\"primaryImageOfPage\":{\"@id\":\"https:\\\/\\\/fpsuperiorufv.es\\\/blog\\\/tseas-para-personas-que-vienen-de-bachillerato-o-fp-basica-como-es-la-adaptacion-al-ciclo-preguntas-frecuentes\\\/#primaryimage\"},\"image\":{\"@id\":\"https:\\\/\\\/fpsuperiorufv.es\\\/blog\\\/tseas-para-personas-que-vienen-de-bachillerato-o-fp-basica-como-es-la-adaptacion-al-ciclo-preguntas-frecuentes\\\/#primaryimage\"},\"thumbnailUrl\":\"https:\\\/\\\/fpsuperiorufv.es\\\/blog\\\/wp-content\\\/uploads\\\/2025\\\/08\\\/DSC07742-scaled-1.jpg\",\"datePublished\":\"2026-01-27T07:54:22+00:00\",\"dateModified\":\"2026-02-16T11:12:20+00:00\",\"breadcrumb\":{\"@id\":\"https:\\\/\\\/fpsuperiorufv.es\\\/blog\\\/tseas-para-personas-que-vienen-de-bachillerato-o-fp-basica-como-es-la-adaptacion-al-ciclo-preguntas-frecuentes\\\/#breadcrumb\"},\"inLanguage\":\"es\",\"potentialAction\":[{\"@type\":\"ReadAction\",\"target\":[\"https:\\\/\\\/fpsuperiorufv.es\\\/blog\\\/tseas-para-personas-que-vienen-de-bachillerato-o-fp-basica-como-es-la-adaptacion-al-ciclo-preguntas-frecuentes\\\/\"]}]},{\"@type\":\"ImageObject\",\"inLanguage\":\"es\",\"@id\":\"https:\\\/\\\/fpsuperiorufv.es\\\/blog\\\/tseas-para-personas-que-vienen-de-bachillerato-o-fp-basica-como-es-la-adaptacion-al-ciclo-preguntas-frecuentes\\\/#primaryimage\",\"url\":\"https:\\\/\\\/fpsuperiorufv.es\\\/blog\\\/wp-content\\\/uploads\\\/2025\\\/08\\\/DSC07742-scaled-1.jpg\",\"contentUrl\":\"https:\\\/\\\/fpsuperiorufv.es\\\/blog\\\/wp-content\\\/uploads\\\/2025\\\/08\\\/DSC07742-scaled-1.jpg\",\"width\":2560,\"height\":1707},{\"@type\":\"BreadcrumbList\",\"@id\":\"https:\\\/\\\/fpsuperiorufv.es\\\/blog\\\/tseas-para-personas-que-vienen-de-bachillerato-o-fp-basica-como-es-la-adaptacion-al-ciclo-preguntas-frecuentes\\\/#breadcrumb\",\"itemListElement\":[{\"@type\":\"ListItem\",\"position\":1,\"name\":\"Home\",\"item\":\"https:\\\/\\\/fpsuperiorufv.es\\\/blog\\\/\"},{\"@type\":\"ListItem\",\"position\":2,\"name\":\"TSEAS para personas que vienen de bachillerato o FP b\u00e1sica: c\u00f3mo es la adaptaci\u00f3n al ciclo\"}]},{\"@type\":\"WebSite\",\"@id\":\"https:\\\/\\\/fpsuperiorufv.es\\\/blog\\\/#website\",\"url\":\"https:\\\/\\\/fpsuperiorufv.es\\\/blog\\\/\",\"name\":\"Fp Superior Francisco de Vitoria\",\"description\":\"\",\"publisher\":{\"@id\":\"https:\\\/\\\/fpsuperiorufv.es\\\/blog\\\/#organization\"},\"alternateName\":\"Cetys\",\"potentialAction\":[{\"@type\":\"SearchAction\",\"target\":{\"@type\":\"EntryPoint\",\"urlTemplate\":\"https:\\\/\\\/fpsuperiorufv.es\\\/blog\\\/?s={search_term_string}\"},\"query-input\":{\"@type\":\"PropertyValueSpecification\",\"valueRequired\":true,\"valueName\":\"search_term_string\"}}],\"inLanguage\":\"es\"},{\"@type\":\"Organization\",\"@id\":\"https:\\\/\\\/fpsuperiorufv.es\\\/blog\\\/#organization\",\"name\":\"Cetys\",\"url\":\"https:\\\/\\\/fpsuperiorufv.es\\\/blog\\\/\",\"logo\":{\"@type\":\"ImageObject\",\"inLanguage\":\"es\",\"@id\":\"https:\\\/\\\/fpsuperiorufv.es\\\/blog\\\/#\\\/schema\\\/logo\\\/image\\\/\",\"url\":\"https:\\\/\\\/fpsuperiorufv.lo\\\/wp-content\\\/uploads\\\/2025\\\/02\\\/logo.svg\",\"contentUrl\":\"https:\\\/\\\/fpsuperiorufv.lo\\\/wp-content\\\/uploads\\\/2025\\\/02\\\/logo.svg\",\"width\":\"1024\",\"height\":\"1024\",\"caption\":\"Cetys\"},\"image\":{\"@id\":\"https:\\\/\\\/fpsuperiorufv.es\\\/blog\\\/#\\\/schema\\\/logo\\\/image\\\/\"}},{\"@type\":\"Person\",\"@id\":\"https:\\\/\\\/fpsuperiorufv.es\\\/blog\\\/#\\\/schema\\\/person\\\/6eed41dc866f12d961994f51f39f8796\",\"name\":\"FP Superior UFV\",\"image\":{\"@type\":\"ImageObject\",\"inLanguage\":\"es\",\"@id\":\"https:\\\/\\\/secure.gravatar.com\\\/avatar\\\/2cb5eeb90ddddf18129790c93583d4ae96ca8a625c07994637c8fc9d35252ce5?s=96&d=mm&r=g\",\"url\":\"https:\\\/\\\/secure.gravatar.com\\\/avatar\\\/2cb5eeb90ddddf18129790c93583d4ae96ca8a625c07994637c8fc9d35252ce5?s=96&d=mm&r=g\",\"contentUrl\":\"https:\\\/\\\/secure.gravatar.com\\\/avatar\\\/2cb5eeb90ddddf18129790c93583d4ae96ca8a625c07994637c8fc9d35252ce5?s=96&d=mm&r=g\",\"caption\":\"FP Superior UFV\"},\"url\":\"https:\\\/\\\/fpsuperiorufv.es\\\/blog\\\/author\\\/cetys\\\/\"}]}<\/script>\n<!-- \/ Yoast SEO plugin. -->","yoast_head_json":{"title":"TSEAS para personas que vienen de bachillerato o FP b\u00e1sica: c\u00f3mo es la adaptaci\u00f3n al ciclo - Cetys","robots":{"index":"index","follow":"follow","max-snippet":"max-snippet:-1","max-image-preview":"max-image-preview:large","max-video-preview":"max-video-preview:-1"},"canonical":"https:\/\/fpsuperiorufv.es\/blog\/tseas-para-personas-que-vienen-de-bachillerato-o-fp-basica-como-es-la-adaptacion-al-ciclo-preguntas-frecuentes\/","og_locale":"es_ES","og_type":"article","og_title":"TSEAS para personas que vienen de bachillerato o FP b\u00e1sica: c\u00f3mo es la adaptaci\u00f3n al ciclo - Cetys","og_description":"Adaptaci\u00f3n al Ciclo Formativo de TSEAS: Todo lo que necesitas saber Si est\u00e1s pensando en dar un paso adelante en tu formaci\u00f3n y has completado el Bachillerato o una FP B\u00e1sica, el Ciclo Formativo de Grado Superior en T\u00e9cnico Superior en Ense\u00f1anza y Animaci\u00f3n Sociodeportiva (TSEAS) puede ser la opci\u00f3n perfecta para ti. En este [&hellip;]","og_url":"https:\/\/fpsuperiorufv.es\/blog\/tseas-para-personas-que-vienen-de-bachillerato-o-fp-basica-como-es-la-adaptacion-al-ciclo-preguntas-frecuentes\/","og_site_name":"Cetys","article_published_time":"2026-01-27T07:54:22+00:00","article_modified_time":"2026-02-16T11:12:20+00:00","og_image":[{"width":2560,"height":1707,"url":"https:\/\/fpsuperiorufv.es\/blog\/wp-content\/uploads\/2025\/08\/DSC07742-scaled-1.jpg","type":"image\/jpeg"}],"author":"FP Superior UFV","twitter_card":"summary_large_image","twitter_misc":{"Escrito por":"FP Superior UFV","Tiempo de lectura":"4 minutos"},"schema":{"@context":"https:\/\/schema.org","@graph":[{"@type":"Article","@id":"https:\/\/fpsuperiorufv.es\/blog\/tseas-para-personas-que-vienen-de-bachillerato-o-fp-basica-como-es-la-adaptacion-al-ciclo-preguntas-frecuentes\/#article","isPartOf":{"@id":"https:\/\/fpsuperiorufv.es\/blog\/tseas-para-personas-que-vienen-de-bachillerato-o-fp-basica-como-es-la-adaptacion-al-ciclo-preguntas-frecuentes\/"},"author":{"name":"FP Superior UFV","@id":"https:\/\/fpsuperiorufv.es\/blog\/#\/schema\/person\/6eed41dc866f12d961994f51f39f8796"},"headline":"TSEAS para personas que vienen de bachillerato o FP b\u00e1sica: c\u00f3mo es la adaptaci\u00f3n al ciclo","datePublished":"2026-01-27T07:54:22+00:00","dateModified":"2026-02-16T11:12:20+00:00","mainEntityOfPage":{"@id":"https:\/\/fpsuperiorufv.es\/blog\/tseas-para-personas-que-vienen-de-bachillerato-o-fp-basica-como-es-la-adaptacion-al-ciclo-preguntas-frecuentes\/"},"wordCount":874,"commentCount":0,"publisher":{"@id":"https:\/\/fpsuperiorufv.es\/blog\/#organization"},"image":{"@id":"https:\/\/fpsuperiorufv.es\/blog\/tseas-para-personas-que-vienen-de-bachillerato-o-fp-basica-como-es-la-adaptacion-al-ciclo-preguntas-frecuentes\/#primaryimage"},"thumbnailUrl":"https:\/\/fpsuperiorufv.es\/blog\/wp-content\/uploads\/2025\/08\/DSC07742-scaled-1.jpg","articleSection":["Ense\u00f1anza y Animaci\u00f3n Sociodeportiva.","Preguntas frecuentes"],"inLanguage":"es","potentialAction":[{"@type":"CommentAction","name":"Comment","target":["https:\/\/fpsuperiorufv.es\/blog\/tseas-para-personas-que-vienen-de-bachillerato-o-fp-basica-como-es-la-adaptacion-al-ciclo-preguntas-frecuentes\/#respond"]}]},{"@type":"WebPage","@id":"https:\/\/fpsuperiorufv.es\/blog\/tseas-para-personas-que-vienen-de-bachillerato-o-fp-basica-como-es-la-adaptacion-al-ciclo-preguntas-frecuentes\/","url":"https:\/\/fpsuperiorufv.es\/blog\/tseas-para-personas-que-vienen-de-bachillerato-o-fp-basica-como-es-la-adaptacion-al-ciclo-preguntas-frecuentes\/","name":"TSEAS para personas que vienen de bachillerato o FP b\u00e1sica: c\u00f3mo es la adaptaci\u00f3n al ciclo - Cetys","isPartOf":{"@id":"https:\/\/fpsuperiorufv.es\/blog\/#website"},"primaryImageOfPage":{"@id":"https:\/\/fpsuperiorufv.es\/blog\/tseas-para-personas-que-vienen-de-bachillerato-o-fp-basica-como-es-la-adaptacion-al-ciclo-preguntas-frecuentes\/#primaryimage"},"image":{"@id":"https:\/\/fpsuperiorufv.es\/blog\/tseas-para-personas-que-vienen-de-bachillerato-o-fp-basica-como-es-la-adaptacion-al-ciclo-preguntas-frecuentes\/#primaryimage"},"thumbnailUrl":"https:\/\/fpsuperiorufv.es\/blog\/wp-content\/uploads\/2025\/08\/DSC07742-scaled-1.jpg","datePublished":"2026-01-27T07:54:22+00:00","dateModified":"2026-02-16T11:12:20+00:00","breadcrumb":{"@id":"https:\/\/fpsuperiorufv.es\/blog\/tseas-para-personas-que-vienen-de-bachillerato-o-fp-basica-como-es-la-adaptacion-al-ciclo-preguntas-frecuentes\/#breadcrumb"},"inLanguage":"es","potentialAction":[{"@type":"ReadAction","target":["https:\/\/fpsuperiorufv.es\/blog\/tseas-para-personas-que-vienen-de-bachillerato-o-fp-basica-como-es-la-adaptacion-al-ciclo-preguntas-frecuentes\/"]}]},{"@type":"ImageObject","inLanguage":"es","@id":"https:\/\/fpsuperiorufv.es\/blog\/tseas-para-personas-que-vienen-de-bachillerato-o-fp-basica-como-es-la-adaptacion-al-ciclo-preguntas-frecuentes\/#primaryimage","url":"https:\/\/fpsuperiorufv.es\/blog\/wp-content\/uploads\/2025\/08\/DSC07742-scaled-1.jpg","contentUrl":"https:\/\/fpsuperiorufv.es\/blog\/wp-content\/uploads\/2025\/08\/DSC07742-scaled-1.jpg","width":2560,"height":1707},{"@type":"BreadcrumbList","@id":"https:\/\/fpsuperiorufv.es\/blog\/tseas-para-personas-que-vienen-de-bachillerato-o-fp-basica-como-es-la-adaptacion-al-ciclo-preguntas-frecuentes\/#breadcrumb","itemListElement":[{"@type":"ListItem","position":1,"name":"Home","item":"https:\/\/fpsuperiorufv.es\/blog\/"},{"@type":"ListItem","position":2,"name":"TSEAS para personas que vienen de bachillerato o FP b\u00e1sica: c\u00f3mo es la adaptaci\u00f3n al ciclo"}]},{"@type":"WebSite","@id":"https:\/\/fpsuperiorufv.es\/blog\/#website","url":"https:\/\/fpsuperiorufv.es\/blog\/","name":"Fp Superior Francisco de Vitoria","description":"","publisher":{"@id":"https:\/\/fpsuperiorufv.es\/blog\/#organization"},"alternateName":"Cetys","potentialAction":[{"@type":"SearchAction","target":{"@type":"EntryPoint","urlTemplate":"https:\/\/fpsuperiorufv.es\/blog\/?s={search_term_string}"},"query-input":{"@type":"PropertyValueSpecification","valueRequired":true,"valueName":"search_term_string"}}],"inLanguage":"es"},{"@type":"Organization","@id":"https:\/\/fpsuperiorufv.es\/blog\/#organization","name":"Cetys","url":"https:\/\/fpsuperiorufv.es\/blog\/","logo":{"@type":"ImageObject","inLanguage":"es","@id":"https:\/\/fpsuperiorufv.es\/blog\/#\/schema\/logo\/image\/","url":"https:\/\/fpsuperiorufv.lo\/wp-content\/uploads\/2025\/02\/logo.svg","contentUrl":"https:\/\/fpsuperiorufv.lo\/wp-content\/uploads\/2025\/02\/logo.svg","width":"1024","height":"1024","caption":"Cetys"},"image":{"@id":"https:\/\/fpsuperiorufv.es\/blog\/#\/schema\/logo\/image\/"}},{"@type":"Person","@id":"https:\/\/fpsuperiorufv.es\/blog\/#\/schema\/person\/6eed41dc866f12d961994f51f39f8796","name":"FP Superior UFV","image":{"@type":"ImageObject","inLanguage":"es","@id":"https:\/\/secure.gravatar.com\/avatar\/2cb5eeb90ddddf18129790c93583d4ae96ca8a625c07994637c8fc9d35252ce5?s=96&d=mm&r=g","url":"https:\/\/secure.gravatar.com\/avatar\/2cb5eeb90ddddf18129790c93583d4ae96ca8a625c07994637c8fc9d35252ce5?s=96&d=mm&r=g","contentUrl":"https:\/\/secure.gravatar.com\/avatar\/2cb5eeb90ddddf18129790c93583d4ae96ca8a625c07994637c8fc9d35252ce5?s=96&d=mm&r=g","caption":"FP Superior UFV"},"url":"https:\/\/fpsuperiorufv.es\/blog\/author\/cetys\/"}]}},"_links":{"self":[{"href":"https:\/\/fpsuperiorufv.es\/blog\/wp-json\/wp\/v2\/posts\/281785","targetHints":{"allow":["GET"]}}],"collection":[{"href":"https:\/\/fpsuperiorufv.es\/blog\/wp-json\/wp\/v2\/posts"}],"about":[{"href":"https:\/\/fpsuperiorufv.es\/blog\/wp-json\/wp\/v2\/types\/post"}],"author":[{"embeddable":true,"href":"https:\/\/fpsuperiorufv.es\/blog\/wp-json\/wp\/v2\/users\/3"}],"replies":[{"embeddable":true,"href":"https:\/\/fpsuperiorufv.es\/blog\/wp-json\/wp\/v2\/comments?post=281785"}],"version-history":[{"count":1,"href":"https:\/\/fpsuperiorufv.es\/blog\/wp-json\/wp\/v2\/posts\/281785\/revisions"}],"predecessor-version":[{"id":281897,"href":"https:\/\/fpsuperiorufv.es\/blog\/wp-json\/wp\/v2\/posts\/281785\/revisions\/281897"}],"wp:featuredmedia":[{"embeddable":true,"href":"https:\/\/fpsuperiorufv.es\/blog\/wp-json\/wp\/v2\/media\/2640"}],"wp:attachment":[{"href":"https:\/\/fpsuperiorufv.es\/blog\/wp-json\/wp\/v2\/media?parent=281785"}],"wp:term":[{"taxonomy":"category","embeddable":true,"href":"https:\/\/fpsuperiorufv.es\/blog\/wp-json\/wp\/v2\/categories?post=281785"},{"taxonomy":"post_tag","embeddable":true,"href":"https:\/\/fpsuperiorufv.es\/blog\/wp-json\/wp\/v2\/tags?post=281785"}],"curies":[{"name":"wp","href":"https:\/\/api.w.org\/{rel}","templated":true}]}}