{"id":282008,"date":"2026-02-18T06:45:25","date_gmt":"2026-02-18T06:45:25","guid":{"rendered":"https:\/\/soleyantonio.es\/prueba-de-acceso-a-grado-superior-2026-2027-temario-fechas-y-como-prepararla\/"},"modified":"2026-02-25T13:53:48","modified_gmt":"2026-02-25T12:53:48","slug":"prueba-de-acceso-a-grado-superior-2026-2027-temario-fechas-y-como-prepararla-blog","status":"publish","type":"post","link":"https:\/\/fpsuperiorufv.es\/blog\/prueba-de-acceso-a-grado-superior-2026-2027-temario-fechas-y-como-prepararla-blog\/","title":{"rendered":"Prueba de acceso a Grado Superior 2026\/2027: temario fechas y c\u00f3mo prepararla"},"content":{"rendered":"<h2>Prueba de acceso a Grado Superior 2026\/2027: Temario, Fechas y C\u00f3mo Prepararla<\/h2>\n<article>\n<section>\n<h2>Introducci\u00f3n<\/h2>\n<p>Si est\u00e1s pensando en dar el siguiente paso en tu educaci\u00f3n y acceder a un Ciclo Formativo de Grado Superior, \u00a1est\u00e1s en el lugar adecuado! La <strong>prueba de acceso a Grado Superior<\/strong> es una excelente oportunidad para demostrar tus habilidades y conocimientos. En este art\u00edculo, te proporcionaremos toda la informaci\u00f3n que necesitas sobre el temario, fechas y c\u00f3mo prepararte para esta prueba en el a\u00f1o acad\u00e9mico 2026\/2027.<\/p>\n<\/section>\n<section>\n<h2>Curiosidades y datos interesantes<\/h2>\n<ul>\n<li><strong>65%<\/strong> de los estudiantes que realizan esta prueba logran acceder a un Ciclo Formativo de Grado Superior.<\/li>\n<li>La prueba tiene dos partes: <strong>composici\u00f3n y examen de materias espec\u00edficas<\/strong>.<\/li>\n<li>El <strong>temario<\/strong> incluye materias como Matem\u00e1ticas, Lengua Castellana e Idiomas.<\/li>\n<li>Las convocatorias se realizan <strong>dos veces al a\u00f1o<\/strong>, en primavera y oto\u00f1o.<\/li>\n<li>El 80% de los estudiantes que realizan la prueba se preparan en centros especializados.<\/li>\n<\/ul>\n<\/section>\n<section>\n<h2>Temario de la Prueba de Acceso<\/h2>\n<p>El temario de la prueba de acceso a Grado Superior est\u00e1 dise\u00f1ado para evaluar tus conocimientos en diversas \u00e1reas. Estos son los principales bloques de contenido que deber\u00e1s estudiar:<\/p>\n<ul>\n<li><strong>Lengua Castellana:<\/strong> Gramatical, comprensi\u00f3n lectora, redacci\u00f3n y an\u00e1lisis de textos.<\/li>\n<li><strong>Matem\u00e1ticas:<\/strong> Aritm\u00e9tica, \u00e1lgebra, geometr\u00eda y estad\u00edstica.<\/li>\n<li><strong>Lengua Extranjera:<\/strong> Comprensi\u00f3n oral y escrita, gram\u00e1tica, vocabulario y expresi\u00f3n escrita.<\/li>\n<li><strong>Conocimiento del Entorno:<\/strong> Temas de actualidad, cultura general y habilidades de an\u00e1lisis cr\u00edtico.<\/li>\n<\/ul>\n<p>Es importante que te familiarices con estos contenidos y practiques con ejercicios y ex\u00e1menes de a\u00f1os anteriores.<\/p>\n<\/section>\n<section>\n<h2>Fechas Clave para la Convocatoria 2026\/2027<\/h2>\n<p>Es fundamental que est\u00e9s al tanto de las fechas importantes relacionadas con la prueba de acceso. Aqu\u00ed te dejamos un calendario tentativo para la convocatoria 2026\/2027:<\/p>\n<ul>\n<li><strong>Apertura de inscripciones:<\/strong> 1 de febrero de 2026.<\/li>\n<li><strong>Cierre de inscripciones:<\/strong> 15 de marzo de 2026.<\/li>\n<li><strong>Fecha de la prueba:<\/strong> 20 de abril de 2026.<\/li>\n<li><strong>Publicaci\u00f3n de resultados:<\/strong> 10 de mayo de 2026.<\/li>\n<\/ul>\n<p>Recuerda que estas fechas son orientativas y pueden estar sujetas a cambios, as\u00ed que te recomendamos que est\u00e9s atento a las actualizaciones en nuestra <a href=https:\/\/fpsuperiorufv.es\/secretaria-admision-y-ayuda\/>p\u00e1gina de Proceso de Admisi\u00f3n<\/a>.<\/p>\n<\/section>\n<section>\n<h2>C\u00f3mo Prepararte para la Prueba<\/h2>\n<p>La preparaci\u00f3n es clave para el \u00e9xito en la prueba de acceso. Aqu\u00ed te dejamos algunos consejos para que te prepares de la mejor manera posible:<\/p>\n<ul>\n<li><strong>Estudia con antelaci\u00f3n:<\/strong> No dejes todo para el \u00faltimo momento. Planifica tu estudio con tiempo.<\/li>\n<li><strong>Utiliza recursos online:<\/strong> Existen numerosas plataformas y sitios web donde puedes encontrar materiales de estudio y ejercicios.<\/li>\n<li><strong>Asiste a clases preparatorias:<\/strong> Considera inscribirte en un curso de preparaci\u00f3n en un centro especializado.<\/li>\n<li><strong>Practica con ex\u00e1menes anteriores:<\/strong> Realizar ex\u00e1menes de a\u00f1os anteriores te ayudar\u00e1 a familiarizarte con el formato y el tipo de preguntas.<\/li>\n<li><strong>Forma grupos de estudio:<\/strong> Estudiar en grupo puede ser beneficioso para resolver dudas y motivarte.<\/li>\n<\/ul>\n<p>Con esfuerzo y dedicaci\u00f3n, \u00a1t\u00fa tambi\u00e9n puedes lograrlo!<\/p>\n<\/section>\n<section>\n<h2>\u00bfQu\u00e9 Hacer Despu\u00e9s de la Prueba?<\/h2>\n<p>Una vez que hayas realizado la prueba, es importante que est\u00e9s preparado para afrontar el siguiente paso:<\/p>\n<ul>\n<li>Revisa los resultados y aseg\u00farate de entender el proceso de matriculaci\u00f3n.<\/li>\n<li>Si has superado la prueba, consulta sobre los Ciclos Formativos que te interesan.<\/li>\n<li>Inicia el proceso de admisi\u00f3n en la instituci\u00f3n que elijas.<\/li>\n<li>Prep\u00e1rate para comenzar tus estudios y dar forma a tu futuro profesional.<\/li>\n<\/ul>\n<\/section>\n<section>\n<h2>Preguntas Frecuentes<\/h2>\n<h2>\u00bfQui\u00e9n puede presentarse a la prueba de acceso?<\/h2>\n<p>Pueden presentarse a la prueba aquellas personas que tengan al menos 19 a\u00f1os y no posean un t\u00edtulo de Bachillerato o equivalente.<\/p>\n<h2>\u00bfQu\u00e9 ocurre si no apruebo la prueba?<\/h2>\n<p>Si no logras superar la prueba, tendr\u00e1s la opci\u00f3n de volver a presentarte en la siguiente convocatoria. No te desanimes, \u00a1la perseverancia es clave!<\/p>\n<h2>\u00bfPuedo realizar la prueba en un centro diferente al que voy a matricularme?<\/h2>\n<p>S\u00ed, puedes realizar la prueba en un centro diferente al que elijas para tu formaci\u00f3n posterior. Lo importante es que cumplas con los requisitos de admisi\u00f3n del ciclo que deseas estudiar.<\/p>\n<h2>\u00bfD\u00f3nde puedo encontrar m\u00e1s informaci\u00f3n sobre el proceso de admisi\u00f3n?<\/h2>\n<p>Para m\u00e1s detalles sobre el proceso de admisi\u00f3n, te invitamos a visitar nuestra <a href=https:\/\/fpsuperiorufv.es\/secretaria-admision-y-ayuda\/>p\u00e1gina de Proceso de Admisi\u00f3n<\/a>.<\/p>\n<\/section>\n<\/article>\n<footer>\n<p>\u00a1Esperamos verte pronto en los Ciclos Formativos de Grado Superior Francisco de Vitoria y que logres alcanzar tus metas educativas!<\/p>\n<\/footer>\n","protected":false},"excerpt":{"rendered":"<p>Prueba de acceso a Grado Superior 2026\/2027: Temario, Fechas y C\u00f3mo Prepararla Introducci\u00f3n Si est\u00e1s pensando en dar el siguiente paso en tu educaci\u00f3n y acceder a un Ciclo Formativo de Grado Superior, \u00a1est\u00e1s en el lugar adecuado! La prueba de acceso a Grado Superior es una excelente oportunidad para demostrar tus habilidades y conocimientos. [&hellip;]<\/p>\n","protected":false},"author":3,"featured_media":2738,"comment_status":"open","ping_status":"open","sticky":false,"template":"","format":"standard","meta":{"inline_featured_image":false,"footnotes":""},"categories":[373,393],"tags":[],"class_list":["post-282008","post","type-post","status-publish","format-standard","has-post-thumbnail","hentry","category-genericas","category-preguntas-frecuentes"],"yoast_head":"<!-- This site is optimized with the Yoast SEO plugin v27.4 - https:\/\/yoast.com\/product\/yoast-seo-wordpress\/ -->\n<title>Prueba de acceso a Grado Superior 2026\/2027: temario fechas y c\u00f3mo prepararla - Cetys<\/title>\n<meta name=\"robots\" content=\"index, follow, max-snippet:-1, max-image-preview:large, max-video-preview:-1\" \/>\n<link rel=\"canonical\" href=\"https:\/\/fpsuperiorufv.es\/blog\/prueba-de-acceso-a-grado-superior-2026-2027-temario-fechas-y-como-prepararla-blog\/\" \/>\n<meta property=\"og:locale\" content=\"es_ES\" \/>\n<meta property=\"og:type\" content=\"article\" \/>\n<meta property=\"og:title\" content=\"Prueba de acceso a Grado Superior 2026\/2027: temario fechas y c\u00f3mo prepararla - Cetys\" \/>\n<meta property=\"og:description\" content=\"Prueba de acceso a Grado Superior 2026\/2027: Temario, Fechas y C\u00f3mo Prepararla Introducci\u00f3n Si est\u00e1s pensando en dar el siguiente paso en tu educaci\u00f3n y acceder a un Ciclo Formativo de Grado Superior, \u00a1est\u00e1s en el lugar adecuado! La prueba de acceso a Grado Superior es una excelente oportunidad para demostrar tus habilidades y conocimientos. [&hellip;]\" \/>\n<meta property=\"og:url\" content=\"https:\/\/fpsuperiorufv.es\/blog\/prueba-de-acceso-a-grado-superior-2026-2027-temario-fechas-y-como-prepararla-blog\/\" \/>\n<meta property=\"og:site_name\" content=\"Cetys\" \/>\n<meta property=\"article:published_time\" content=\"2026-02-18T06:45:25+00:00\" \/>\n<meta property=\"article:modified_time\" content=\"2026-02-25T12:53:48+00:00\" \/>\n<meta property=\"og:image\" content=\"https:\/\/fpsuperiorufv.es\/blog\/wp-content\/uploads\/2025\/08\/DSC6599-scaled-e1749220292280.jpg\" \/>\n\t<meta property=\"og:image:width\" content=\"1166\" \/>\n\t<meta property=\"og:image:height\" content=\"1105\" \/>\n\t<meta property=\"og:image:type\" content=\"image\/jpeg\" \/>\n<meta name=\"author\" content=\"FP Superior UFV\" \/>\n<meta name=\"twitter:card\" content=\"summary_large_image\" \/>\n<meta name=\"twitter:label1\" content=\"Escrito por\" \/>\n\t<meta name=\"twitter:data1\" content=\"FP Superior UFV\" \/>\n\t<meta name=\"twitter:label2\" content=\"Tiempo de lectura\" \/>\n\t<meta name=\"twitter:data2\" content=\"4 minutos\" \/>\n<script type=\"application\/ld+json\" class=\"yoast-schema-graph\">{\"@context\":\"https:\\\/\\\/schema.org\",\"@graph\":[{\"@type\":\"Article\",\"@id\":\"https:\\\/\\\/fpsuperiorufv.es\\\/blog\\\/prueba-de-acceso-a-grado-superior-2026-2027-temario-fechas-y-como-prepararla-blog\\\/#article\",\"isPartOf\":{\"@id\":\"https:\\\/\\\/fpsuperiorufv.es\\\/blog\\\/prueba-de-acceso-a-grado-superior-2026-2027-temario-fechas-y-como-prepararla-blog\\\/\"},\"author\":{\"name\":\"FP Superior UFV\",\"@id\":\"https:\\\/\\\/fpsuperiorufv.es\\\/blog\\\/#\\\/schema\\\/person\\\/6eed41dc866f12d961994f51f39f8796\"},\"headline\":\"Prueba de acceso a Grado Superior 2026\\\/2027: temario fechas y c\u00f3mo prepararla\",\"datePublished\":\"2026-02-18T06:45:25+00:00\",\"dateModified\":\"2026-02-25T12:53:48+00:00\",\"mainEntityOfPage\":{\"@id\":\"https:\\\/\\\/fpsuperiorufv.es\\\/blog\\\/prueba-de-acceso-a-grado-superior-2026-2027-temario-fechas-y-como-prepararla-blog\\\/\"},\"wordCount\":744,\"commentCount\":0,\"publisher\":{\"@id\":\"https:\\\/\\\/fpsuperiorufv.es\\\/blog\\\/#organization\"},\"image\":{\"@id\":\"https:\\\/\\\/fpsuperiorufv.es\\\/blog\\\/prueba-de-acceso-a-grado-superior-2026-2027-temario-fechas-y-como-prepararla-blog\\\/#primaryimage\"},\"thumbnailUrl\":\"https:\\\/\\\/fpsuperiorufv.es\\\/blog\\\/wp-content\\\/uploads\\\/2025\\\/08\\\/DSC6599-scaled-e1749220292280.jpg\",\"articleSection\":[\"Gen\u00e9ricas\",\"Preguntas frecuentes\"],\"inLanguage\":\"es\",\"potentialAction\":[{\"@type\":\"CommentAction\",\"name\":\"Comment\",\"target\":[\"https:\\\/\\\/fpsuperiorufv.es\\\/blog\\\/prueba-de-acceso-a-grado-superior-2026-2027-temario-fechas-y-como-prepararla-blog\\\/#respond\"]}]},{\"@type\":\"WebPage\",\"@id\":\"https:\\\/\\\/fpsuperiorufv.es\\\/blog\\\/prueba-de-acceso-a-grado-superior-2026-2027-temario-fechas-y-como-prepararla-blog\\\/\",\"url\":\"https:\\\/\\\/fpsuperiorufv.es\\\/blog\\\/prueba-de-acceso-a-grado-superior-2026-2027-temario-fechas-y-como-prepararla-blog\\\/\",\"name\":\"Prueba de acceso a Grado Superior 2026\\\/2027: temario fechas y c\u00f3mo prepararla - Cetys\",\"isPartOf\":{\"@id\":\"https:\\\/\\\/fpsuperiorufv.es\\\/blog\\\/#website\"},\"primaryImageOfPage\":{\"@id\":\"https:\\\/\\\/fpsuperiorufv.es\\\/blog\\\/prueba-de-acceso-a-grado-superior-2026-2027-temario-fechas-y-como-prepararla-blog\\\/#primaryimage\"},\"image\":{\"@id\":\"https:\\\/\\\/fpsuperiorufv.es\\\/blog\\\/prueba-de-acceso-a-grado-superior-2026-2027-temario-fechas-y-como-prepararla-blog\\\/#primaryimage\"},\"thumbnailUrl\":\"https:\\\/\\\/fpsuperiorufv.es\\\/blog\\\/wp-content\\\/uploads\\\/2025\\\/08\\\/DSC6599-scaled-e1749220292280.jpg\",\"datePublished\":\"2026-02-18T06:45:25+00:00\",\"dateModified\":\"2026-02-25T12:53:48+00:00\",\"breadcrumb\":{\"@id\":\"https:\\\/\\\/fpsuperiorufv.es\\\/blog\\\/prueba-de-acceso-a-grado-superior-2026-2027-temario-fechas-y-como-prepararla-blog\\\/#breadcrumb\"},\"inLanguage\":\"es\",\"potentialAction\":[{\"@type\":\"ReadAction\",\"target\":[\"https:\\\/\\\/fpsuperiorufv.es\\\/blog\\\/prueba-de-acceso-a-grado-superior-2026-2027-temario-fechas-y-como-prepararla-blog\\\/\"]}]},{\"@type\":\"ImageObject\",\"inLanguage\":\"es\",\"@id\":\"https:\\\/\\\/fpsuperiorufv.es\\\/blog\\\/prueba-de-acceso-a-grado-superior-2026-2027-temario-fechas-y-como-prepararla-blog\\\/#primaryimage\",\"url\":\"https:\\\/\\\/fpsuperiorufv.es\\\/blog\\\/wp-content\\\/uploads\\\/2025\\\/08\\\/DSC6599-scaled-e1749220292280.jpg\",\"contentUrl\":\"https:\\\/\\\/fpsuperiorufv.es\\\/blog\\\/wp-content\\\/uploads\\\/2025\\\/08\\\/DSC6599-scaled-e1749220292280.jpg\",\"width\":1166,\"height\":1105},{\"@type\":\"BreadcrumbList\",\"@id\":\"https:\\\/\\\/fpsuperiorufv.es\\\/blog\\\/prueba-de-acceso-a-grado-superior-2026-2027-temario-fechas-y-como-prepararla-blog\\\/#breadcrumb\",\"itemListElement\":[{\"@type\":\"ListItem\",\"position\":1,\"name\":\"Home\",\"item\":\"https:\\\/\\\/fpsuperiorufv.es\\\/blog\\\/\"},{\"@type\":\"ListItem\",\"position\":2,\"name\":\"Prueba de acceso a Grado Superior 2026\\\/2027: temario fechas y c\u00f3mo prepararla\"}]},{\"@type\":\"WebSite\",\"@id\":\"https:\\\/\\\/fpsuperiorufv.es\\\/blog\\\/#website\",\"url\":\"https:\\\/\\\/fpsuperiorufv.es\\\/blog\\\/\",\"name\":\"Fp Superior Francisco de Vitoria\",\"description\":\"\",\"publisher\":{\"@id\":\"https:\\\/\\\/fpsuperiorufv.es\\\/blog\\\/#organization\"},\"alternateName\":\"Cetys\",\"potentialAction\":[{\"@type\":\"SearchAction\",\"target\":{\"@type\":\"EntryPoint\",\"urlTemplate\":\"https:\\\/\\\/fpsuperiorufv.es\\\/blog\\\/?s={search_term_string}\"},\"query-input\":{\"@type\":\"PropertyValueSpecification\",\"valueRequired\":true,\"valueName\":\"search_term_string\"}}],\"inLanguage\":\"es\"},{\"@type\":\"Organization\",\"@id\":\"https:\\\/\\\/fpsuperiorufv.es\\\/blog\\\/#organization\",\"name\":\"Cetys\",\"url\":\"https:\\\/\\\/fpsuperiorufv.es\\\/blog\\\/\",\"logo\":{\"@type\":\"ImageObject\",\"inLanguage\":\"es\",\"@id\":\"https:\\\/\\\/fpsuperiorufv.es\\\/blog\\\/#\\\/schema\\\/logo\\\/image\\\/\",\"url\":\"https:\\\/\\\/fpsuperiorufv.lo\\\/wp-content\\\/uploads\\\/2025\\\/02\\\/logo.svg\",\"contentUrl\":\"https:\\\/\\\/fpsuperiorufv.lo\\\/wp-content\\\/uploads\\\/2025\\\/02\\\/logo.svg\",\"width\":\"1024\",\"height\":\"1024\",\"caption\":\"Cetys\"},\"image\":{\"@id\":\"https:\\\/\\\/fpsuperiorufv.es\\\/blog\\\/#\\\/schema\\\/logo\\\/image\\\/\"}},{\"@type\":\"Person\",\"@id\":\"https:\\\/\\\/fpsuperiorufv.es\\\/blog\\\/#\\\/schema\\\/person\\\/6eed41dc866f12d961994f51f39f8796\",\"name\":\"FP Superior UFV\",\"image\":{\"@type\":\"ImageObject\",\"inLanguage\":\"es\",\"@id\":\"https:\\\/\\\/secure.gravatar.com\\\/avatar\\\/2cb5eeb90ddddf18129790c93583d4ae96ca8a625c07994637c8fc9d35252ce5?s=96&d=mm&r=g\",\"url\":\"https:\\\/\\\/secure.gravatar.com\\\/avatar\\\/2cb5eeb90ddddf18129790c93583d4ae96ca8a625c07994637c8fc9d35252ce5?s=96&d=mm&r=g\",\"contentUrl\":\"https:\\\/\\\/secure.gravatar.com\\\/avatar\\\/2cb5eeb90ddddf18129790c93583d4ae96ca8a625c07994637c8fc9d35252ce5?s=96&d=mm&r=g\",\"caption\":\"FP Superior UFV\"},\"url\":\"https:\\\/\\\/fpsuperiorufv.es\\\/blog\\\/author\\\/cetys\\\/\"}]}<\/script>\n<!-- \/ Yoast SEO plugin. -->","yoast_head_json":{"title":"Prueba de acceso a Grado Superior 2026\/2027: temario fechas y c\u00f3mo prepararla - Cetys","robots":{"index":"index","follow":"follow","max-snippet":"max-snippet:-1","max-image-preview":"max-image-preview:large","max-video-preview":"max-video-preview:-1"},"canonical":"https:\/\/fpsuperiorufv.es\/blog\/prueba-de-acceso-a-grado-superior-2026-2027-temario-fechas-y-como-prepararla-blog\/","og_locale":"es_ES","og_type":"article","og_title":"Prueba de acceso a Grado Superior 2026\/2027: temario fechas y c\u00f3mo prepararla - Cetys","og_description":"Prueba de acceso a Grado Superior 2026\/2027: Temario, Fechas y C\u00f3mo Prepararla Introducci\u00f3n Si est\u00e1s pensando en dar el siguiente paso en tu educaci\u00f3n y acceder a un Ciclo Formativo de Grado Superior, \u00a1est\u00e1s en el lugar adecuado! La prueba de acceso a Grado Superior es una excelente oportunidad para demostrar tus habilidades y conocimientos. [&hellip;]","og_url":"https:\/\/fpsuperiorufv.es\/blog\/prueba-de-acceso-a-grado-superior-2026-2027-temario-fechas-y-como-prepararla-blog\/","og_site_name":"Cetys","article_published_time":"2026-02-18T06:45:25+00:00","article_modified_time":"2026-02-25T12:53:48+00:00","og_image":[{"width":1166,"height":1105,"url":"https:\/\/fpsuperiorufv.es\/blog\/wp-content\/uploads\/2025\/08\/DSC6599-scaled-e1749220292280.jpg","type":"image\/jpeg"}],"author":"FP Superior UFV","twitter_card":"summary_large_image","twitter_misc":{"Escrito por":"FP Superior UFV","Tiempo de lectura":"4 minutos"},"schema":{"@context":"https:\/\/schema.org","@graph":[{"@type":"Article","@id":"https:\/\/fpsuperiorufv.es\/blog\/prueba-de-acceso-a-grado-superior-2026-2027-temario-fechas-y-como-prepararla-blog\/#article","isPartOf":{"@id":"https:\/\/fpsuperiorufv.es\/blog\/prueba-de-acceso-a-grado-superior-2026-2027-temario-fechas-y-como-prepararla-blog\/"},"author":{"name":"FP Superior UFV","@id":"https:\/\/fpsuperiorufv.es\/blog\/#\/schema\/person\/6eed41dc866f12d961994f51f39f8796"},"headline":"Prueba de acceso a Grado Superior 2026\/2027: temario fechas y c\u00f3mo prepararla","datePublished":"2026-02-18T06:45:25+00:00","dateModified":"2026-02-25T12:53:48+00:00","mainEntityOfPage":{"@id":"https:\/\/fpsuperiorufv.es\/blog\/prueba-de-acceso-a-grado-superior-2026-2027-temario-fechas-y-como-prepararla-blog\/"},"wordCount":744,"commentCount":0,"publisher":{"@id":"https:\/\/fpsuperiorufv.es\/blog\/#organization"},"image":{"@id":"https:\/\/fpsuperiorufv.es\/blog\/prueba-de-acceso-a-grado-superior-2026-2027-temario-fechas-y-como-prepararla-blog\/#primaryimage"},"thumbnailUrl":"https:\/\/fpsuperiorufv.es\/blog\/wp-content\/uploads\/2025\/08\/DSC6599-scaled-e1749220292280.jpg","articleSection":["Gen\u00e9ricas","Preguntas frecuentes"],"inLanguage":"es","potentialAction":[{"@type":"CommentAction","name":"Comment","target":["https:\/\/fpsuperiorufv.es\/blog\/prueba-de-acceso-a-grado-superior-2026-2027-temario-fechas-y-como-prepararla-blog\/#respond"]}]},{"@type":"WebPage","@id":"https:\/\/fpsuperiorufv.es\/blog\/prueba-de-acceso-a-grado-superior-2026-2027-temario-fechas-y-como-prepararla-blog\/","url":"https:\/\/fpsuperiorufv.es\/blog\/prueba-de-acceso-a-grado-superior-2026-2027-temario-fechas-y-como-prepararla-blog\/","name":"Prueba de acceso a Grado Superior 2026\/2027: temario fechas y c\u00f3mo prepararla - Cetys","isPartOf":{"@id":"https:\/\/fpsuperiorufv.es\/blog\/#website"},"primaryImageOfPage":{"@id":"https:\/\/fpsuperiorufv.es\/blog\/prueba-de-acceso-a-grado-superior-2026-2027-temario-fechas-y-como-prepararla-blog\/#primaryimage"},"image":{"@id":"https:\/\/fpsuperiorufv.es\/blog\/prueba-de-acceso-a-grado-superior-2026-2027-temario-fechas-y-como-prepararla-blog\/#primaryimage"},"thumbnailUrl":"https:\/\/fpsuperiorufv.es\/blog\/wp-content\/uploads\/2025\/08\/DSC6599-scaled-e1749220292280.jpg","datePublished":"2026-02-18T06:45:25+00:00","dateModified":"2026-02-25T12:53:48+00:00","breadcrumb":{"@id":"https:\/\/fpsuperiorufv.es\/blog\/prueba-de-acceso-a-grado-superior-2026-2027-temario-fechas-y-como-prepararla-blog\/#breadcrumb"},"inLanguage":"es","potentialAction":[{"@type":"ReadAction","target":["https:\/\/fpsuperiorufv.es\/blog\/prueba-de-acceso-a-grado-superior-2026-2027-temario-fechas-y-como-prepararla-blog\/"]}]},{"@type":"ImageObject","inLanguage":"es","@id":"https:\/\/fpsuperiorufv.es\/blog\/prueba-de-acceso-a-grado-superior-2026-2027-temario-fechas-y-como-prepararla-blog\/#primaryimage","url":"https:\/\/fpsuperiorufv.es\/blog\/wp-content\/uploads\/2025\/08\/DSC6599-scaled-e1749220292280.jpg","contentUrl":"https:\/\/fpsuperiorufv.es\/blog\/wp-content\/uploads\/2025\/08\/DSC6599-scaled-e1749220292280.jpg","width":1166,"height":1105},{"@type":"BreadcrumbList","@id":"https:\/\/fpsuperiorufv.es\/blog\/prueba-de-acceso-a-grado-superior-2026-2027-temario-fechas-y-como-prepararla-blog\/#breadcrumb","itemListElement":[{"@type":"ListItem","position":1,"name":"Home","item":"https:\/\/fpsuperiorufv.es\/blog\/"},{"@type":"ListItem","position":2,"name":"Prueba de acceso a Grado Superior 2026\/2027: temario fechas y c\u00f3mo prepararla"}]},{"@type":"WebSite","@id":"https:\/\/fpsuperiorufv.es\/blog\/#website","url":"https:\/\/fpsuperiorufv.es\/blog\/","name":"Fp Superior Francisco de Vitoria","description":"","publisher":{"@id":"https:\/\/fpsuperiorufv.es\/blog\/#organization"},"alternateName":"Cetys","potentialAction":[{"@type":"SearchAction","target":{"@type":"EntryPoint","urlTemplate":"https:\/\/fpsuperiorufv.es\/blog\/?s={search_term_string}"},"query-input":{"@type":"PropertyValueSpecification","valueRequired":true,"valueName":"search_term_string"}}],"inLanguage":"es"},{"@type":"Organization","@id":"https:\/\/fpsuperiorufv.es\/blog\/#organization","name":"Cetys","url":"https:\/\/fpsuperiorufv.es\/blog\/","logo":{"@type":"ImageObject","inLanguage":"es","@id":"https:\/\/fpsuperiorufv.es\/blog\/#\/schema\/logo\/image\/","url":"https:\/\/fpsuperiorufv.lo\/wp-content\/uploads\/2025\/02\/logo.svg","contentUrl":"https:\/\/fpsuperiorufv.lo\/wp-content\/uploads\/2025\/02\/logo.svg","width":"1024","height":"1024","caption":"Cetys"},"image":{"@id":"https:\/\/fpsuperiorufv.es\/blog\/#\/schema\/logo\/image\/"}},{"@type":"Person","@id":"https:\/\/fpsuperiorufv.es\/blog\/#\/schema\/person\/6eed41dc866f12d961994f51f39f8796","name":"FP Superior UFV","image":{"@type":"ImageObject","inLanguage":"es","@id":"https:\/\/secure.gravatar.com\/avatar\/2cb5eeb90ddddf18129790c93583d4ae96ca8a625c07994637c8fc9d35252ce5?s=96&d=mm&r=g","url":"https:\/\/secure.gravatar.com\/avatar\/2cb5eeb90ddddf18129790c93583d4ae96ca8a625c07994637c8fc9d35252ce5?s=96&d=mm&r=g","contentUrl":"https:\/\/secure.gravatar.com\/avatar\/2cb5eeb90ddddf18129790c93583d4ae96ca8a625c07994637c8fc9d35252ce5?s=96&d=mm&r=g","caption":"FP Superior UFV"},"url":"https:\/\/fpsuperiorufv.es\/blog\/author\/cetys\/"}]}},"_links":{"self":[{"href":"https:\/\/fpsuperiorufv.es\/blog\/wp-json\/wp\/v2\/posts\/282008","targetHints":{"allow":["GET"]}}],"collection":[{"href":"https:\/\/fpsuperiorufv.es\/blog\/wp-json\/wp\/v2\/posts"}],"about":[{"href":"https:\/\/fpsuperiorufv.es\/blog\/wp-json\/wp\/v2\/types\/post"}],"author":[{"embeddable":true,"href":"https:\/\/fpsuperiorufv.es\/blog\/wp-json\/wp\/v2\/users\/3"}],"replies":[{"embeddable":true,"href":"https:\/\/fpsuperiorufv.es\/blog\/wp-json\/wp\/v2\/comments?post=282008"}],"version-history":[{"count":1,"href":"https:\/\/fpsuperiorufv.es\/blog\/wp-json\/wp\/v2\/posts\/282008\/revisions"}],"predecessor-version":[{"id":282091,"href":"https:\/\/fpsuperiorufv.es\/blog\/wp-json\/wp\/v2\/posts\/282008\/revisions\/282091"}],"wp:featuredmedia":[{"embeddable":true,"href":"https:\/\/fpsuperiorufv.es\/blog\/wp-json\/wp\/v2\/media\/2738"}],"wp:attachment":[{"href":"https:\/\/fpsuperiorufv.es\/blog\/wp-json\/wp\/v2\/media?parent=282008"}],"wp:term":[{"taxonomy":"category","embeddable":true,"href":"https:\/\/fpsuperiorufv.es\/blog\/wp-json\/wp\/v2\/categories?post=282008"},{"taxonomy":"post_tag","embeddable":true,"href":"https:\/\/fpsuperiorufv.es\/blog\/wp-json\/wp\/v2\/tags?post=282008"}],"curies":[{"name":"wp","href":"https:\/\/api.w.org\/{rel}","templated":true}]}}