{"id":282026,"date":"2026-02-17T01:43:10","date_gmt":"2026-02-17T01:43:10","guid":{"rendered":"https:\/\/soleyantonio.es\/opiniones-de-alumnos-de-daw-como-es-el-primer-ano-ritmo-y-consejos\/"},"modified":"2026-03-09T10:32:21","modified_gmt":"2026-03-09T09:32:21","slug":"opiniones-de-alumnos-de-daw-como-es-el-primer-ano-ritmo-y-consejos-blog","status":"publish","type":"post","link":"https:\/\/fpsuperiorufv.es\/blog\/opiniones-de-alumnos-de-daw-como-es-el-primer-ano-ritmo-y-consejos-blog\/","title":{"rendered":"Opiniones de alumnos de DAW: c\u00f3mo es el primer a\u00f1o ritmo y consejos"},"content":{"rendered":"<h2>Opiniones de Alumnos de DAW: C\u00f3mo es el Primer A\u00f1o, Ritmo y Consejos<\/h2>\n<p>Si est\u00e1s considerando matricularte en el Ciclo Formativo de Desarrollo de Aplicaciones Web (DAW) en nuestra FP Superior Francisco de Vitoria, este art\u00edculo es para ti. Queremos compartir contigo las experiencias de nuestros alumnos, el ritmo de estudio y algunos consejos pr\u00e1cticos para que tu primer a\u00f1o sea todo un \u00e9xito.<\/p>\n<h2>Curiosidades y Datos Interesantes sobre DAW<\/h2>\n<ul>\n<li>M\u00e1s del 80% de nuestros alumnos aprueban en su primer intento.<\/li>\n<li>El 70% de los estudiantes de DAW encuentran trabajo en menos de seis meses tras finalizar el ciclo.<\/li>\n<li>Los proyectos pr\u00e1cticos son una parte esencial del curso, con un 40% de las horas dedicadas a trabajo pr\u00e1ctico.<\/li>\n<li>La tecnolog\u00eda se actualiza constantemente, lo que garantiza que est\u00e9s al d\u00eda con las tendencias del sector.<\/li>\n<li>Las clases son din\u00e1micas y se fomenta el trabajo en equipo, lo que mejora tus habilidades de colaboraci\u00f3n.<\/li>\n<\/ul>\n<h2>C\u00f3mo es el Ritmo del Primer A\u00f1o en DAW<\/h2>\n<p>El primer a\u00f1o en DAW puede ser intenso, pero tambi\u00e9n muy gratificante. Aqu\u00ed te compartimos algunas opiniones de nuestros alumnos:<\/p>\n<h3>Un Comienzo Intenso<\/h3>\n<p>Al principio, muchos alumnos sienten que el ritmo es acelerado. Esto es normal, ya que se presentan nuevos conceptos y herramientas de desarrollo que pueden ser desafiantes.<\/p>\n<h3>Clases Te\u00f3ricas y Pr\u00e1cticas<\/h3>\n<p>Nuestras clases est\u00e1n dise\u00f1adas para ser interactivas. Los profesores combinan teor\u00eda con pr\u00e1ctica, lo que facilita la comprensi\u00f3n de temas complejos.<\/p>\n<h3>El Trabajo en Equipo es Clave<\/h3>\n<p>El trabajo en grupo es una parte fundamental del aprendizaje. Colaborar con tus compa\u00f1eros te ayudar\u00e1 a resolver problemas y a entender mejor los proyectos.<\/p>\n<h2>Consejos para Sobrevivir tu Primer A\u00f1o en DAW<\/h2>\n<p>Para que tu experiencia sea m\u00e1s llevadera, aqu\u00ed van algunos consejos que hemos recopilado de nuestros estudiantes:<\/p>\n<ul>\n<li><strong>Organiza tu tiempo:<\/strong> Es fundamental que establezcas un horario de estudio y lo sigas.<\/li>\n<li><strong>Participa en clase:<\/strong> No dudes en hacer preguntas. La interacci\u00f3n en clase es clave para tu comprensi\u00f3n.<\/li>\n<li><strong>Realiza los proyectos con anticipaci\u00f3n:<\/strong> No dejes todo para el \u00faltimo momento. Trabajar con tiempo te permitir\u00e1 hacer ajustes necesarios.<\/li>\n<li><strong>Utiliza recursos extra:<\/strong> Hay muchos tutoriales y foros online donde puedes aprender m\u00e1s sobre las herramientas que utilizas.<\/li>\n<li><strong>Con\u00e9ctate con otros estudiantes:<\/strong> Formar grupos de estudio puede ser muy beneficioso.<\/li>\n<\/ul>\n<h2>Ejemplos de Proyectos Realizados por Alumnos<\/h2>\n<p>Durante el primer a\u00f1o, nuestros estudiantes desarrollan varios proyectos que les permiten aplicar lo aprendido. Algunos ejemplos son:<\/p>\n<ul>\n<li><strong>Creaci\u00f3n de una p\u00e1gina web personal:<\/strong> Aqu\u00ed pueden mostrar sus habilidades y creatividad.<\/li>\n<li><strong>Desarrollo de una aplicaci\u00f3n simple:<\/strong> Aprenden a programar y a usar bases de datos.<\/li>\n<li><strong>Trabajo en un proyecto grupal:<\/strong> Esto les ense\u00f1a a colaborar y a gestionar tareas en equipo.<\/li>\n<\/ul>\n<h2>Proceso de Admisi\u00f3n<\/h2>\n<p>Si est\u00e1s listo para dar el siguiente paso y unirte a nosotros en esta emocionante aventura, te invitamos a conocer m\u00e1s sobre el <a href=https:\/\/fpsuperiorufv.es\/secretaria-admision-y-ayuda\/>Proceso de Admisi\u00f3n<\/a>. No dejes pasar la oportunidad de formar parte de nuestra comunidad.<\/p>\n<h2>Preguntas Frecuentes<\/h2>\n<h2>\u00bfQu\u00e9 materias se imparten en el primer a\u00f1o de DAW?<\/h2>\n<p>Las materias incluyen programaci\u00f3n, bases de datos, desarrollo web y dise\u00f1o de interfaces, entre otras.<\/p>\n<h2>\u00bfEs necesario tener conocimientos previos en programaci\u00f3n?<\/h2>\n<p>No es necesario. Muchos de nuestros alumnos comienzan sin experiencia previa y aprenden desde cero.<\/p>\n<h2>\u00bfC\u00f3mo puedo mejorar mi rendimiento acad\u00e9mico?<\/h2>\n<p>Adem\u00e1s de seguir los consejos que mencionamos, es fundamental que te mantengas motivado y busques ayuda cuando la necesites.<\/p>\n<h2>\u00bfQu\u00e9 salidas laborales tengo al finalizar el ciclo?<\/h2>\n<p>Las salidas laborales son diversas: puedes trabajar como desarrollador web, programador, o incluso en gesti\u00f3n de proyectos tecnol\u00f3gicos.<\/p>\n<h2>\u00bfD\u00f3nde puedo encontrar m\u00e1s informaci\u00f3n sobre el ciclo?<\/h2>\n<p>Puedes visitar nuestra p\u00e1gina web o contactar con nosotros para resolver cualquier duda. Tambi\u00e9n puedes consultar el <a href=https:\/\/fpsuperiorufv.es\/secretaria-admision-y-ayuda\/>Proceso de Admisi\u00f3n<\/a> para obtener informaci\u00f3n espec\u00edfica sobre la matriculaci\u00f3n.<\/p>\n<\/article>\n","protected":false},"excerpt":{"rendered":"<p>Opiniones de Alumnos de DAW: C\u00f3mo es el Primer A\u00f1o, Ritmo y Consejos Si est\u00e1s considerando matricularte en el Ciclo Formativo de Desarrollo de Aplicaciones Web (DAW) en nuestra FP Superior Francisco de Vitoria, este art\u00edculo es para ti. Queremos compartir contigo las experiencias de nuestros alumnos, el ritmo de estudio y algunos consejos pr\u00e1cticos [&hellip;]<\/p>\n","protected":false},"author":3,"featured_media":1252,"comment_status":"open","ping_status":"open","sticky":false,"template":"","format":"standard","meta":{"inline_featured_image":false,"footnotes":""},"categories":[415,393],"tags":[],"class_list":["post-282026","post","type-post","status-publish","format-standard","has-post-thumbnail","hentry","category-desarrollo-de-aplicaciones-web","category-preguntas-frecuentes"],"yoast_head":"<!-- This site is optimized with the Yoast SEO plugin v27.4 - https:\/\/yoast.com\/product\/yoast-seo-wordpress\/ -->\n<title>Opiniones de alumnos de DAW: c\u00f3mo es el primer a\u00f1o ritmo y consejos - Cetys<\/title>\n<meta name=\"robots\" content=\"index, follow, max-snippet:-1, max-image-preview:large, max-video-preview:-1\" \/>\n<link rel=\"canonical\" href=\"https:\/\/fpsuperiorufv.es\/blog\/opiniones-de-alumnos-de-daw-como-es-el-primer-ano-ritmo-y-consejos-blog\/\" \/>\n<meta property=\"og:locale\" content=\"es_ES\" \/>\n<meta property=\"og:type\" content=\"article\" \/>\n<meta property=\"og:title\" content=\"Opiniones de alumnos de DAW: c\u00f3mo es el primer a\u00f1o ritmo y consejos - Cetys\" \/>\n<meta property=\"og:description\" content=\"Opiniones de Alumnos de DAW: C\u00f3mo es el Primer A\u00f1o, Ritmo y Consejos Si est\u00e1s considerando matricularte en el Ciclo Formativo de Desarrollo de Aplicaciones Web (DAW) en nuestra FP Superior Francisco de Vitoria, este art\u00edculo es para ti. Queremos compartir contigo las experiencias de nuestros alumnos, el ritmo de estudio y algunos consejos pr\u00e1cticos [&hellip;]\" \/>\n<meta property=\"og:url\" content=\"https:\/\/fpsuperiorufv.es\/blog\/opiniones-de-alumnos-de-daw-como-es-el-primer-ano-ritmo-y-consejos-blog\/\" \/>\n<meta property=\"og:site_name\" content=\"Cetys\" \/>\n<meta property=\"article:published_time\" content=\"2026-02-17T01:43:10+00:00\" \/>\n<meta property=\"article:modified_time\" content=\"2026-03-09T09:32:21+00:00\" \/>\n<meta property=\"og:image\" content=\"https:\/\/fpsuperiorufv.es\/blog\/wp-content\/uploads\/2025\/07\/experiencia-programacion-persona-que-trabaja-codigos-computadora-scaled-1.jpg\" \/>\n\t<meta property=\"og:image:width\" content=\"2560\" \/>\n\t<meta property=\"og:image:height\" content=\"1707\" \/>\n\t<meta property=\"og:image:type\" content=\"image\/jpeg\" \/>\n<meta name=\"author\" content=\"FP Superior UFV\" \/>\n<meta name=\"twitter:card\" content=\"summary_large_image\" \/>\n<meta name=\"twitter:label1\" content=\"Escrito por\" \/>\n\t<meta name=\"twitter:data1\" content=\"FP Superior UFV\" \/>\n\t<meta name=\"twitter:label2\" content=\"Tiempo de lectura\" \/>\n\t<meta name=\"twitter:data2\" content=\"4 minutos\" \/>\n<script type=\"application\/ld+json\" class=\"yoast-schema-graph\">{\"@context\":\"https:\\\/\\\/schema.org\",\"@graph\":[{\"@type\":\"Article\",\"@id\":\"https:\\\/\\\/fpsuperiorufv.es\\\/blog\\\/opiniones-de-alumnos-de-daw-como-es-el-primer-ano-ritmo-y-consejos-blog\\\/#article\",\"isPartOf\":{\"@id\":\"https:\\\/\\\/fpsuperiorufv.es\\\/blog\\\/opiniones-de-alumnos-de-daw-como-es-el-primer-ano-ritmo-y-consejos-blog\\\/\"},\"author\":{\"name\":\"FP Superior UFV\",\"@id\":\"https:\\\/\\\/fpsuperiorufv.es\\\/blog\\\/#\\\/schema\\\/person\\\/6eed41dc866f12d961994f51f39f8796\"},\"headline\":\"Opiniones de alumnos de DAW: c\u00f3mo es el primer a\u00f1o ritmo y consejos\",\"datePublished\":\"2026-02-17T01:43:10+00:00\",\"dateModified\":\"2026-03-09T09:32:21+00:00\",\"mainEntityOfPage\":{\"@id\":\"https:\\\/\\\/fpsuperiorufv.es\\\/blog\\\/opiniones-de-alumnos-de-daw-como-es-el-primer-ano-ritmo-y-consejos-blog\\\/\"},\"wordCount\":688,\"commentCount\":0,\"publisher\":{\"@id\":\"https:\\\/\\\/fpsuperiorufv.es\\\/blog\\\/#organization\"},\"image\":{\"@id\":\"https:\\\/\\\/fpsuperiorufv.es\\\/blog\\\/opiniones-de-alumnos-de-daw-como-es-el-primer-ano-ritmo-y-consejos-blog\\\/#primaryimage\"},\"thumbnailUrl\":\"https:\\\/\\\/fpsuperiorufv.es\\\/blog\\\/wp-content\\\/uploads\\\/2025\\\/07\\\/experiencia-programacion-persona-que-trabaja-codigos-computadora-scaled-1.jpg\",\"articleSection\":[\"Desarrollo de Aplicaciones Web\",\"Preguntas frecuentes\"],\"inLanguage\":\"es\",\"potentialAction\":[{\"@type\":\"CommentAction\",\"name\":\"Comment\",\"target\":[\"https:\\\/\\\/fpsuperiorufv.es\\\/blog\\\/opiniones-de-alumnos-de-daw-como-es-el-primer-ano-ritmo-y-consejos-blog\\\/#respond\"]}]},{\"@type\":\"WebPage\",\"@id\":\"https:\\\/\\\/fpsuperiorufv.es\\\/blog\\\/opiniones-de-alumnos-de-daw-como-es-el-primer-ano-ritmo-y-consejos-blog\\\/\",\"url\":\"https:\\\/\\\/fpsuperiorufv.es\\\/blog\\\/opiniones-de-alumnos-de-daw-como-es-el-primer-ano-ritmo-y-consejos-blog\\\/\",\"name\":\"Opiniones de alumnos de DAW: c\u00f3mo es el primer a\u00f1o ritmo y consejos - Cetys\",\"isPartOf\":{\"@id\":\"https:\\\/\\\/fpsuperiorufv.es\\\/blog\\\/#website\"},\"primaryImageOfPage\":{\"@id\":\"https:\\\/\\\/fpsuperiorufv.es\\\/blog\\\/opiniones-de-alumnos-de-daw-como-es-el-primer-ano-ritmo-y-consejos-blog\\\/#primaryimage\"},\"image\":{\"@id\":\"https:\\\/\\\/fpsuperiorufv.es\\\/blog\\\/opiniones-de-alumnos-de-daw-como-es-el-primer-ano-ritmo-y-consejos-blog\\\/#primaryimage\"},\"thumbnailUrl\":\"https:\\\/\\\/fpsuperiorufv.es\\\/blog\\\/wp-content\\\/uploads\\\/2025\\\/07\\\/experiencia-programacion-persona-que-trabaja-codigos-computadora-scaled-1.jpg\",\"datePublished\":\"2026-02-17T01:43:10+00:00\",\"dateModified\":\"2026-03-09T09:32:21+00:00\",\"breadcrumb\":{\"@id\":\"https:\\\/\\\/fpsuperiorufv.es\\\/blog\\\/opiniones-de-alumnos-de-daw-como-es-el-primer-ano-ritmo-y-consejos-blog\\\/#breadcrumb\"},\"inLanguage\":\"es\",\"potentialAction\":[{\"@type\":\"ReadAction\",\"target\":[\"https:\\\/\\\/fpsuperiorufv.es\\\/blog\\\/opiniones-de-alumnos-de-daw-como-es-el-primer-ano-ritmo-y-consejos-blog\\\/\"]}]},{\"@type\":\"ImageObject\",\"inLanguage\":\"es\",\"@id\":\"https:\\\/\\\/fpsuperiorufv.es\\\/blog\\\/opiniones-de-alumnos-de-daw-como-es-el-primer-ano-ritmo-y-consejos-blog\\\/#primaryimage\",\"url\":\"https:\\\/\\\/fpsuperiorufv.es\\\/blog\\\/wp-content\\\/uploads\\\/2025\\\/07\\\/experiencia-programacion-persona-que-trabaja-codigos-computadora-scaled-1.jpg\",\"contentUrl\":\"https:\\\/\\\/fpsuperiorufv.es\\\/blog\\\/wp-content\\\/uploads\\\/2025\\\/07\\\/experiencia-programacion-persona-que-trabaja-codigos-computadora-scaled-1.jpg\",\"width\":2560,\"height\":1707},{\"@type\":\"BreadcrumbList\",\"@id\":\"https:\\\/\\\/fpsuperiorufv.es\\\/blog\\\/opiniones-de-alumnos-de-daw-como-es-el-primer-ano-ritmo-y-consejos-blog\\\/#breadcrumb\",\"itemListElement\":[{\"@type\":\"ListItem\",\"position\":1,\"name\":\"Home\",\"item\":\"https:\\\/\\\/fpsuperiorufv.es\\\/blog\\\/\"},{\"@type\":\"ListItem\",\"position\":2,\"name\":\"Opiniones de alumnos de DAW: c\u00f3mo es el primer a\u00f1o ritmo y consejos\"}]},{\"@type\":\"WebSite\",\"@id\":\"https:\\\/\\\/fpsuperiorufv.es\\\/blog\\\/#website\",\"url\":\"https:\\\/\\\/fpsuperiorufv.es\\\/blog\\\/\",\"name\":\"Fp Superior Francisco de Vitoria\",\"description\":\"\",\"publisher\":{\"@id\":\"https:\\\/\\\/fpsuperiorufv.es\\\/blog\\\/#organization\"},\"alternateName\":\"Cetys\",\"potentialAction\":[{\"@type\":\"SearchAction\",\"target\":{\"@type\":\"EntryPoint\",\"urlTemplate\":\"https:\\\/\\\/fpsuperiorufv.es\\\/blog\\\/?s={search_term_string}\"},\"query-input\":{\"@type\":\"PropertyValueSpecification\",\"valueRequired\":true,\"valueName\":\"search_term_string\"}}],\"inLanguage\":\"es\"},{\"@type\":\"Organization\",\"@id\":\"https:\\\/\\\/fpsuperiorufv.es\\\/blog\\\/#organization\",\"name\":\"Cetys\",\"url\":\"https:\\\/\\\/fpsuperiorufv.es\\\/blog\\\/\",\"logo\":{\"@type\":\"ImageObject\",\"inLanguage\":\"es\",\"@id\":\"https:\\\/\\\/fpsuperiorufv.es\\\/blog\\\/#\\\/schema\\\/logo\\\/image\\\/\",\"url\":\"https:\\\/\\\/fpsuperiorufv.lo\\\/wp-content\\\/uploads\\\/2025\\\/02\\\/logo.svg\",\"contentUrl\":\"https:\\\/\\\/fpsuperiorufv.lo\\\/wp-content\\\/uploads\\\/2025\\\/02\\\/logo.svg\",\"width\":\"1024\",\"height\":\"1024\",\"caption\":\"Cetys\"},\"image\":{\"@id\":\"https:\\\/\\\/fpsuperiorufv.es\\\/blog\\\/#\\\/schema\\\/logo\\\/image\\\/\"}},{\"@type\":\"Person\",\"@id\":\"https:\\\/\\\/fpsuperiorufv.es\\\/blog\\\/#\\\/schema\\\/person\\\/6eed41dc866f12d961994f51f39f8796\",\"name\":\"FP Superior UFV\",\"image\":{\"@type\":\"ImageObject\",\"inLanguage\":\"es\",\"@id\":\"https:\\\/\\\/secure.gravatar.com\\\/avatar\\\/2cb5eeb90ddddf18129790c93583d4ae96ca8a625c07994637c8fc9d35252ce5?s=96&d=mm&r=g\",\"url\":\"https:\\\/\\\/secure.gravatar.com\\\/avatar\\\/2cb5eeb90ddddf18129790c93583d4ae96ca8a625c07994637c8fc9d35252ce5?s=96&d=mm&r=g\",\"contentUrl\":\"https:\\\/\\\/secure.gravatar.com\\\/avatar\\\/2cb5eeb90ddddf18129790c93583d4ae96ca8a625c07994637c8fc9d35252ce5?s=96&d=mm&r=g\",\"caption\":\"FP Superior UFV\"},\"url\":\"https:\\\/\\\/fpsuperiorufv.es\\\/blog\\\/author\\\/cetys\\\/\"}]}<\/script>\n<!-- \/ Yoast SEO plugin. -->","yoast_head_json":{"title":"Opiniones de alumnos de DAW: c\u00f3mo es el primer a\u00f1o ritmo y consejos - Cetys","robots":{"index":"index","follow":"follow","max-snippet":"max-snippet:-1","max-image-preview":"max-image-preview:large","max-video-preview":"max-video-preview:-1"},"canonical":"https:\/\/fpsuperiorufv.es\/blog\/opiniones-de-alumnos-de-daw-como-es-el-primer-ano-ritmo-y-consejos-blog\/","og_locale":"es_ES","og_type":"article","og_title":"Opiniones de alumnos de DAW: c\u00f3mo es el primer a\u00f1o ritmo y consejos - Cetys","og_description":"Opiniones de Alumnos de DAW: C\u00f3mo es el Primer A\u00f1o, Ritmo y Consejos Si est\u00e1s considerando matricularte en el Ciclo Formativo de Desarrollo de Aplicaciones Web (DAW) en nuestra FP Superior Francisco de Vitoria, este art\u00edculo es para ti. Queremos compartir contigo las experiencias de nuestros alumnos, el ritmo de estudio y algunos consejos pr\u00e1cticos [&hellip;]","og_url":"https:\/\/fpsuperiorufv.es\/blog\/opiniones-de-alumnos-de-daw-como-es-el-primer-ano-ritmo-y-consejos-blog\/","og_site_name":"Cetys","article_published_time":"2026-02-17T01:43:10+00:00","article_modified_time":"2026-03-09T09:32:21+00:00","og_image":[{"width":2560,"height":1707,"url":"https:\/\/fpsuperiorufv.es\/blog\/wp-content\/uploads\/2025\/07\/experiencia-programacion-persona-que-trabaja-codigos-computadora-scaled-1.jpg","type":"image\/jpeg"}],"author":"FP Superior UFV","twitter_card":"summary_large_image","twitter_misc":{"Escrito por":"FP Superior UFV","Tiempo de lectura":"4 minutos"},"schema":{"@context":"https:\/\/schema.org","@graph":[{"@type":"Article","@id":"https:\/\/fpsuperiorufv.es\/blog\/opiniones-de-alumnos-de-daw-como-es-el-primer-ano-ritmo-y-consejos-blog\/#article","isPartOf":{"@id":"https:\/\/fpsuperiorufv.es\/blog\/opiniones-de-alumnos-de-daw-como-es-el-primer-ano-ritmo-y-consejos-blog\/"},"author":{"name":"FP Superior UFV","@id":"https:\/\/fpsuperiorufv.es\/blog\/#\/schema\/person\/6eed41dc866f12d961994f51f39f8796"},"headline":"Opiniones de alumnos de DAW: c\u00f3mo es el primer a\u00f1o ritmo y consejos","datePublished":"2026-02-17T01:43:10+00:00","dateModified":"2026-03-09T09:32:21+00:00","mainEntityOfPage":{"@id":"https:\/\/fpsuperiorufv.es\/blog\/opiniones-de-alumnos-de-daw-como-es-el-primer-ano-ritmo-y-consejos-blog\/"},"wordCount":688,"commentCount":0,"publisher":{"@id":"https:\/\/fpsuperiorufv.es\/blog\/#organization"},"image":{"@id":"https:\/\/fpsuperiorufv.es\/blog\/opiniones-de-alumnos-de-daw-como-es-el-primer-ano-ritmo-y-consejos-blog\/#primaryimage"},"thumbnailUrl":"https:\/\/fpsuperiorufv.es\/blog\/wp-content\/uploads\/2025\/07\/experiencia-programacion-persona-que-trabaja-codigos-computadora-scaled-1.jpg","articleSection":["Desarrollo de Aplicaciones Web","Preguntas frecuentes"],"inLanguage":"es","potentialAction":[{"@type":"CommentAction","name":"Comment","target":["https:\/\/fpsuperiorufv.es\/blog\/opiniones-de-alumnos-de-daw-como-es-el-primer-ano-ritmo-y-consejos-blog\/#respond"]}]},{"@type":"WebPage","@id":"https:\/\/fpsuperiorufv.es\/blog\/opiniones-de-alumnos-de-daw-como-es-el-primer-ano-ritmo-y-consejos-blog\/","url":"https:\/\/fpsuperiorufv.es\/blog\/opiniones-de-alumnos-de-daw-como-es-el-primer-ano-ritmo-y-consejos-blog\/","name":"Opiniones de alumnos de DAW: c\u00f3mo es el primer a\u00f1o ritmo y consejos - Cetys","isPartOf":{"@id":"https:\/\/fpsuperiorufv.es\/blog\/#website"},"primaryImageOfPage":{"@id":"https:\/\/fpsuperiorufv.es\/blog\/opiniones-de-alumnos-de-daw-como-es-el-primer-ano-ritmo-y-consejos-blog\/#primaryimage"},"image":{"@id":"https:\/\/fpsuperiorufv.es\/blog\/opiniones-de-alumnos-de-daw-como-es-el-primer-ano-ritmo-y-consejos-blog\/#primaryimage"},"thumbnailUrl":"https:\/\/fpsuperiorufv.es\/blog\/wp-content\/uploads\/2025\/07\/experiencia-programacion-persona-que-trabaja-codigos-computadora-scaled-1.jpg","datePublished":"2026-02-17T01:43:10+00:00","dateModified":"2026-03-09T09:32:21+00:00","breadcrumb":{"@id":"https:\/\/fpsuperiorufv.es\/blog\/opiniones-de-alumnos-de-daw-como-es-el-primer-ano-ritmo-y-consejos-blog\/#breadcrumb"},"inLanguage":"es","potentialAction":[{"@type":"ReadAction","target":["https:\/\/fpsuperiorufv.es\/blog\/opiniones-de-alumnos-de-daw-como-es-el-primer-ano-ritmo-y-consejos-blog\/"]}]},{"@type":"ImageObject","inLanguage":"es","@id":"https:\/\/fpsuperiorufv.es\/blog\/opiniones-de-alumnos-de-daw-como-es-el-primer-ano-ritmo-y-consejos-blog\/#primaryimage","url":"https:\/\/fpsuperiorufv.es\/blog\/wp-content\/uploads\/2025\/07\/experiencia-programacion-persona-que-trabaja-codigos-computadora-scaled-1.jpg","contentUrl":"https:\/\/fpsuperiorufv.es\/blog\/wp-content\/uploads\/2025\/07\/experiencia-programacion-persona-que-trabaja-codigos-computadora-scaled-1.jpg","width":2560,"height":1707},{"@type":"BreadcrumbList","@id":"https:\/\/fpsuperiorufv.es\/blog\/opiniones-de-alumnos-de-daw-como-es-el-primer-ano-ritmo-y-consejos-blog\/#breadcrumb","itemListElement":[{"@type":"ListItem","position":1,"name":"Home","item":"https:\/\/fpsuperiorufv.es\/blog\/"},{"@type":"ListItem","position":2,"name":"Opiniones de alumnos de DAW: c\u00f3mo es el primer a\u00f1o ritmo y consejos"}]},{"@type":"WebSite","@id":"https:\/\/fpsuperiorufv.es\/blog\/#website","url":"https:\/\/fpsuperiorufv.es\/blog\/","name":"Fp Superior Francisco de Vitoria","description":"","publisher":{"@id":"https:\/\/fpsuperiorufv.es\/blog\/#organization"},"alternateName":"Cetys","potentialAction":[{"@type":"SearchAction","target":{"@type":"EntryPoint","urlTemplate":"https:\/\/fpsuperiorufv.es\/blog\/?s={search_term_string}"},"query-input":{"@type":"PropertyValueSpecification","valueRequired":true,"valueName":"search_term_string"}}],"inLanguage":"es"},{"@type":"Organization","@id":"https:\/\/fpsuperiorufv.es\/blog\/#organization","name":"Cetys","url":"https:\/\/fpsuperiorufv.es\/blog\/","logo":{"@type":"ImageObject","inLanguage":"es","@id":"https:\/\/fpsuperiorufv.es\/blog\/#\/schema\/logo\/image\/","url":"https:\/\/fpsuperiorufv.lo\/wp-content\/uploads\/2025\/02\/logo.svg","contentUrl":"https:\/\/fpsuperiorufv.lo\/wp-content\/uploads\/2025\/02\/logo.svg","width":"1024","height":"1024","caption":"Cetys"},"image":{"@id":"https:\/\/fpsuperiorufv.es\/blog\/#\/schema\/logo\/image\/"}},{"@type":"Person","@id":"https:\/\/fpsuperiorufv.es\/blog\/#\/schema\/person\/6eed41dc866f12d961994f51f39f8796","name":"FP Superior UFV","image":{"@type":"ImageObject","inLanguage":"es","@id":"https:\/\/secure.gravatar.com\/avatar\/2cb5eeb90ddddf18129790c93583d4ae96ca8a625c07994637c8fc9d35252ce5?s=96&d=mm&r=g","url":"https:\/\/secure.gravatar.com\/avatar\/2cb5eeb90ddddf18129790c93583d4ae96ca8a625c07994637c8fc9d35252ce5?s=96&d=mm&r=g","contentUrl":"https:\/\/secure.gravatar.com\/avatar\/2cb5eeb90ddddf18129790c93583d4ae96ca8a625c07994637c8fc9d35252ce5?s=96&d=mm&r=g","caption":"FP Superior UFV"},"url":"https:\/\/fpsuperiorufv.es\/blog\/author\/cetys\/"}]}},"_links":{"self":[{"href":"https:\/\/fpsuperiorufv.es\/blog\/wp-json\/wp\/v2\/posts\/282026","targetHints":{"allow":["GET"]}}],"collection":[{"href":"https:\/\/fpsuperiorufv.es\/blog\/wp-json\/wp\/v2\/posts"}],"about":[{"href":"https:\/\/fpsuperiorufv.es\/blog\/wp-json\/wp\/v2\/types\/post"}],"author":[{"embeddable":true,"href":"https:\/\/fpsuperiorufv.es\/blog\/wp-json\/wp\/v2\/users\/3"}],"replies":[{"embeddable":true,"href":"https:\/\/fpsuperiorufv.es\/blog\/wp-json\/wp\/v2\/comments?post=282026"}],"version-history":[{"count":1,"href":"https:\/\/fpsuperiorufv.es\/blog\/wp-json\/wp\/v2\/posts\/282026\/revisions"}],"predecessor-version":[{"id":282073,"href":"https:\/\/fpsuperiorufv.es\/blog\/wp-json\/wp\/v2\/posts\/282026\/revisions\/282073"}],"wp:featuredmedia":[{"embeddable":true,"href":"https:\/\/fpsuperiorufv.es\/blog\/wp-json\/wp\/v2\/media\/1252"}],"wp:attachment":[{"href":"https:\/\/fpsuperiorufv.es\/blog\/wp-json\/wp\/v2\/media?parent=282026"}],"wp:term":[{"taxonomy":"category","embeddable":true,"href":"https:\/\/fpsuperiorufv.es\/blog\/wp-json\/wp\/v2\/categories?post=282026"},{"taxonomy":"post_tag","embeddable":true,"href":"https:\/\/fpsuperiorufv.es\/blog\/wp-json\/wp\/v2\/tags?post=282026"}],"curies":[{"name":"wp","href":"https:\/\/api.w.org\/{rel}","templated":true}]}}