{"id":282123,"date":"2026-02-26T10:12:28","date_gmt":"2026-02-26T10:12:28","guid":{"rendered":"https:\/\/soleyantonio.es\/que-se-estudia-en-fp-en-administracion-y-finanzas-asignaturas-horas-y-salidas\/"},"modified":"2026-03-09T13:12:00","modified_gmt":"2026-03-09T12:12:00","slug":"que-se-estudia-en-fp-en-administracion-y-finanzas-asignaturas-horas-y-salidas-blog","status":"publish","type":"post","link":"https:\/\/fpsuperiorufv.es\/blog\/que-se-estudia-en-fp-en-administracion-y-finanzas-asignaturas-horas-y-salidas-blog\/","title":{"rendered":"Qu\u00e9 se estudia en FP en Administraci\u00f3n y Finanzas: asignaturas horas y salidas"},"content":{"rendered":"<h2>Qu\u00e9 se estudia en FP en Administraci\u00f3n y Finanzas: asignaturas, horas y salidas<\/h2>\n<p>Si est\u00e1s pensando en dar un paso importante hacia tu futuro profesional, el Ciclo Formativo de Grado Superior en Administraci\u00f3n y Finanzas es una excelente opci\u00f3n. En este art\u00edculo, te contamos todo lo que necesitas saber sobre qu\u00e9 se estudia en este ciclo, las asignaturas que lo componen, la carga horaria y las salidas laborales que puedes tener. \u00a1Prep\u00e1rate para descubrir un mundo lleno de oportunidades!<\/p>\n<h2>Curiosidades e informaci\u00f3n interesante<\/h2>\n<ul>\n<li>El Ciclo Formativo de Grado Superior en Administraci\u00f3n y Finanzas tiene una duraci\u00f3n aproximada de 2000 horas.<\/li>\n<li>Las pr\u00e1cticas en empresas son una parte fundamental del aprendizaje, permiti\u00e9ndote aplicar lo aprendido en un entorno real.<\/li>\n<li>Los profesionales en esta \u00e1rea son altamente demandados en el mercado laboral.<\/li>\n<li>Adem\u00e1s de la gesti\u00f3n administrativa, tambi\u00e9n se abordan temas de finanzas y contabilidad.<\/li>\n<li>Este ciclo es una puerta de entrada a estudios universitarios en \u00e1reas como Econom\u00eda o Empresariales.<\/li>\n<\/ul>\n<h2>Asignaturas del Ciclo Formativo en Administraci\u00f3n y Finanzas<\/h2>\n<p>El Ciclo Formativo de Grado Superior en Administraci\u00f3n y Finanzas est\u00e1 dise\u00f1ado para proporcionarte una formaci\u00f3n integral en el \u00e1mbito administrativo y financiero. A lo largo de dos a\u00f1os, estudiar\u00e1s diversas asignaturas que te preparar\u00e1n para el mundo laboral. Aqu\u00ed tienes un resumen de las principales asignaturas:<\/p>\n<h3>Primer a\u00f1o<\/h3>\n<ul>\n<li><strong>Gesti\u00f3n de la documentaci\u00f3n jur\u00eddica y empresarial:<\/strong> Aprender\u00e1s sobre la documentaci\u00f3n necesaria para la creaci\u00f3n y gesti\u00f3n de empresas.<\/li>\n<li><strong>Contabilidad y fiscalidad:<\/strong> Estudiar\u00e1s los principios contables y la legislaci\u00f3n fiscal aplicable a las empresas.<\/li>\n<li><strong>Recursos humanos:<\/strong> Te familiarizar\u00e1s con la gesti\u00f3n del personal dentro de una organizaci\u00f3n.<\/li>\n<li><strong>Operaciones administrativas y documentaci\u00f3n: <\/strong> Conocer\u00e1s el flujo de trabajo en el \u00e1rea administrativa.<\/li>\n<\/ul>\n<h3>Segundo a\u00f1o<\/h3>\n<ul>\n<li><strong>Finanzas:<\/strong> Analizar\u00e1s la gesti\u00f3n financiera, incluyendo presupuestos y an\u00e1lisis de inversiones.<\/li>\n<li><strong>Marketing y ventas:<\/strong> Aprender\u00e1s estrategias de marketing y c\u00f3mo gestionar las ventas en una empresa.<\/li>\n<li><strong>Gesti\u00f3n de proyectos:<\/strong> Te formar\u00e1s en la planificaci\u00f3n y ejecuci\u00f3n de proyectos empresariales.<\/li>\n<li><strong>Pr\u00e1cticas en empresas:<\/strong> Tendr\u00e1s la oportunidad de aplicar lo aprendido en un entorno real.<\/li>\n<\/ul>\n<h2>Carga horaria del Ciclo Formativo<\/h2>\n<p>La duraci\u00f3n total del ciclo es de aproximadamente 2000 horas, distribuidas entre clases te\u00f3ricas, pr\u00e1cticas y formaci\u00f3n en empresas. La carga horaria se organiza de la siguiente manera:<\/p>\n<ul>\n<li><strong>Clases te\u00f3ricas:<\/strong> 1.200 horas.<\/li>\n<li><strong>Pr\u00e1cticas en empresas:<\/strong> 500 horas.<\/li>\n<li><strong>Trabajo aut\u00f3nomo:<\/strong> 300 horas.<\/li>\n<li><strong>Evaluaciones:<\/strong> 100 horas.<\/li>\n<\/ul>\n<h2>Salidas laborales<\/h2>\n<p>Una de las grandes ventajas de estudiar Administraci\u00f3n y Finanzas es la amplia variedad de salidas laborales que tendr\u00e1s. Algunos de los puestos que podr\u00e1s ocupar tras finalizar tu formaci\u00f3n son:<\/p>\n<ul>\n<li>Asistente administrativo.<\/li>\n<li>T\u00e9cnico en contabilidad.<\/li>\n<li>Gestor de recursos humanos.<\/li>\n<li>Analista financiero.<\/li>\n<li>Responsable de marketing y ventas.<\/li>\n<li>Consultor de empresas.<\/li>\n<\/ul>\n<h2>\u00bfPor qu\u00e9 elegir FP en Administraci\u00f3n y Finanzas en la FP Superior Francisco de Vitoria?<\/h2>\n<p>En la FP Superior Francisco de Vitoria, nos comprometemos a brindarte una educaci\u00f3n de calidad y a prepararte para el \u00e9xito profesional. Algunas razones para elegirnos son:<\/p>\n<ul>\n<li>Formaci\u00f3n pr\u00e1ctica y te\u00f3rica de alta calidad.<\/li>\n<li>Profesores con experiencia en el sector.<\/li>\n<li>Amplia red de empresas colaboradoras para pr\u00e1cticas.<\/li>\n<li>Ambiente de aprendizaje din\u00e1mico y motivador.<\/li>\n<li>Orientaci\u00f3n y apoyo en el proceso de b\u00fasqueda de empleo.<\/li>\n<\/ul>\n<p>Si est\u00e1s listo para dar el siguiente paso en tu carrera profesional, no dudes en consultar m\u00e1s informaci\u00f3n sobre el <a href=\"https:\/\/fpsuperiorufv.es\/secretaria-admision-y-ayuda\/\">Proceso de Admisi\u00f3n<\/a> en nuestra p\u00e1gina web. \u00a1Te esperamos!<\/p>\n<h2>Preguntas frecuentes<\/h2>\n<h2>\u00bfQu\u00e9 requisitos necesito para acceder al Ciclo Formativo de Grado Superior en Administraci\u00f3n y Finanzas?<\/h2>\n<p>Para acceder a este ciclo, necesitas contar con el t\u00edtulo de Bachillerato o un t\u00edtulo de T\u00e9cnico (Grado Medio) relacionado. Tambi\u00e9n puedes acceder si has superado la prueba de acceso a ciclos formativos.<\/p>\n<h2>\u00bfCu\u00e1nto dura el Ciclo Formativo en Administraci\u00f3n y Finanzas?<\/h2>\n<p>El ciclo tiene una duraci\u00f3n total de aproximadamente 2000 horas, distribuidas a lo largo de dos a\u00f1os acad\u00e9micos.<\/p>\n<h2>\u00bfHay pr\u00e1cticas en empresas incluidas en el programa?<\/h2>\n<p>S\u00ed, las pr\u00e1cticas son una parte fundamental del ciclo. Realizar\u00e1s 500 horas de pr\u00e1cticas en empresas, donde podr\u00e1s aplicar los conocimientos adquiridos y adquirir experiencia real en el \u00e1mbito laboral.<\/p>\n<h2>\u00bfQu\u00e9 tipo de salidas laborales puedo tener?<\/h2>\n<p>Las salidas laborales son diversas y pueden incluir puestos como asistente administrativo, t\u00e9cnico en contabilidad, gestor de recursos humanos, analista financiero, entre otros.<\/p>\n<p>Si te interesa estudiar con nosotros, no dudes en informarte sobre el <a href=\"https:\/\/fpsuperiorufv.es\/secretaria-admision-y-ayuda\/\">Proceso de Admisi\u00f3n<\/a>. \u00a1Estamos aqu\u00ed para ayudarte a construir tu futuro!<\/p>\n","protected":false},"excerpt":{"rendered":"<p>Qu\u00e9 se estudia en FP en Administraci\u00f3n y Finanzas: asignaturas, horas y salidas Si est\u00e1s pensando en dar un paso importante hacia tu futuro profesional, el Ciclo Formativo de Grado Superior en Administraci\u00f3n y Finanzas es una excelente opci\u00f3n. En este art\u00edculo, te contamos todo lo que necesitas saber sobre qu\u00e9 se estudia en este [&hellip;]<\/p>\n","protected":false},"author":3,"featured_media":1330,"comment_status":"open","ping_status":"open","sticky":false,"template":"","format":"standard","meta":{"inline_featured_image":false,"footnotes":""},"categories":[11,393],"tags":[],"class_list":["post-282123","post","type-post","status-publish","format-standard","has-post-thumbnail","hentry","category-administracion-y-finanzas","category-preguntas-frecuentes"],"yoast_head":"<!-- This site is optimized with the Yoast SEO plugin v27.4 - https:\/\/yoast.com\/product\/yoast-seo-wordpress\/ -->\n<title>Qu\u00e9 se estudia en FP en Administraci\u00f3n y Finanzas: asignaturas horas y salidas - Cetys<\/title>\n<meta name=\"robots\" content=\"index, follow, max-snippet:-1, max-image-preview:large, max-video-preview:-1\" \/>\n<link rel=\"canonical\" href=\"https:\/\/fpsuperiorufv.es\/blog\/que-se-estudia-en-fp-en-administracion-y-finanzas-asignaturas-horas-y-salidas-blog\/\" \/>\n<meta property=\"og:locale\" content=\"es_ES\" \/>\n<meta property=\"og:type\" content=\"article\" \/>\n<meta property=\"og:title\" content=\"Qu\u00e9 se estudia en FP en Administraci\u00f3n y Finanzas: asignaturas horas y salidas - Cetys\" \/>\n<meta property=\"og:description\" content=\"Qu\u00e9 se estudia en FP en Administraci\u00f3n y Finanzas: asignaturas, horas y salidas Si est\u00e1s pensando en dar un paso importante hacia tu futuro profesional, el Ciclo Formativo de Grado Superior en Administraci\u00f3n y Finanzas es una excelente opci\u00f3n. En este art\u00edculo, te contamos todo lo que necesitas saber sobre qu\u00e9 se estudia en este [&hellip;]\" \/>\n<meta property=\"og:url\" content=\"https:\/\/fpsuperiorufv.es\/blog\/que-se-estudia-en-fp-en-administracion-y-finanzas-asignaturas-horas-y-salidas-blog\/\" \/>\n<meta property=\"og:site_name\" content=\"Cetys\" \/>\n<meta property=\"article:published_time\" content=\"2026-02-26T10:12:28+00:00\" \/>\n<meta property=\"article:modified_time\" content=\"2026-03-09T12:12:00+00:00\" \/>\n<meta property=\"og:image\" content=\"https:\/\/fpsuperiorufv.es\/blog\/wp-content\/uploads\/2025\/07\/gestion-financiera-proyectos.jpg\" \/>\n\t<meta property=\"og:image:width\" content=\"1280\" \/>\n\t<meta property=\"og:image:height\" content=\"850\" \/>\n\t<meta property=\"og:image:type\" content=\"image\/jpeg\" \/>\n<meta name=\"author\" content=\"FP Superior UFV\" \/>\n<meta name=\"twitter:card\" content=\"summary_large_image\" \/>\n<meta name=\"twitter:label1\" content=\"Escrito por\" \/>\n\t<meta name=\"twitter:data1\" content=\"FP Superior UFV\" \/>\n\t<meta name=\"twitter:label2\" content=\"Tiempo de lectura\" \/>\n\t<meta name=\"twitter:data2\" content=\"4 minutos\" \/>\n<script type=\"application\/ld+json\" class=\"yoast-schema-graph\">{\"@context\":\"https:\\\/\\\/schema.org\",\"@graph\":[{\"@type\":\"Article\",\"@id\":\"https:\\\/\\\/fpsuperiorufv.es\\\/blog\\\/que-se-estudia-en-fp-en-administracion-y-finanzas-asignaturas-horas-y-salidas-blog\\\/#article\",\"isPartOf\":{\"@id\":\"https:\\\/\\\/fpsuperiorufv.es\\\/blog\\\/que-se-estudia-en-fp-en-administracion-y-finanzas-asignaturas-horas-y-salidas-blog\\\/\"},\"author\":{\"name\":\"FP Superior UFV\",\"@id\":\"https:\\\/\\\/fpsuperiorufv.es\\\/blog\\\/#\\\/schema\\\/person\\\/6eed41dc866f12d961994f51f39f8796\"},\"headline\":\"Qu\u00e9 se estudia en FP en Administraci\u00f3n y Finanzas: asignaturas horas y salidas\",\"datePublished\":\"2026-02-26T10:12:28+00:00\",\"dateModified\":\"2026-03-09T12:12:00+00:00\",\"mainEntityOfPage\":{\"@id\":\"https:\\\/\\\/fpsuperiorufv.es\\\/blog\\\/que-se-estudia-en-fp-en-administracion-y-finanzas-asignaturas-horas-y-salidas-blog\\\/\"},\"wordCount\":805,\"commentCount\":0,\"publisher\":{\"@id\":\"https:\\\/\\\/fpsuperiorufv.es\\\/blog\\\/#organization\"},\"image\":{\"@id\":\"https:\\\/\\\/fpsuperiorufv.es\\\/blog\\\/que-se-estudia-en-fp-en-administracion-y-finanzas-asignaturas-horas-y-salidas-blog\\\/#primaryimage\"},\"thumbnailUrl\":\"https:\\\/\\\/fpsuperiorufv.es\\\/blog\\\/wp-content\\\/uploads\\\/2025\\\/07\\\/gestion-financiera-proyectos.jpg\",\"articleSection\":[\"Administraci\u00f3n y finanzas\",\"Preguntas frecuentes\"],\"inLanguage\":\"es\",\"potentialAction\":[{\"@type\":\"CommentAction\",\"name\":\"Comment\",\"target\":[\"https:\\\/\\\/fpsuperiorufv.es\\\/blog\\\/que-se-estudia-en-fp-en-administracion-y-finanzas-asignaturas-horas-y-salidas-blog\\\/#respond\"]}]},{\"@type\":\"WebPage\",\"@id\":\"https:\\\/\\\/fpsuperiorufv.es\\\/blog\\\/que-se-estudia-en-fp-en-administracion-y-finanzas-asignaturas-horas-y-salidas-blog\\\/\",\"url\":\"https:\\\/\\\/fpsuperiorufv.es\\\/blog\\\/que-se-estudia-en-fp-en-administracion-y-finanzas-asignaturas-horas-y-salidas-blog\\\/\",\"name\":\"Qu\u00e9 se estudia en FP en Administraci\u00f3n y Finanzas: asignaturas horas y salidas - Cetys\",\"isPartOf\":{\"@id\":\"https:\\\/\\\/fpsuperiorufv.es\\\/blog\\\/#website\"},\"primaryImageOfPage\":{\"@id\":\"https:\\\/\\\/fpsuperiorufv.es\\\/blog\\\/que-se-estudia-en-fp-en-administracion-y-finanzas-asignaturas-horas-y-salidas-blog\\\/#primaryimage\"},\"image\":{\"@id\":\"https:\\\/\\\/fpsuperiorufv.es\\\/blog\\\/que-se-estudia-en-fp-en-administracion-y-finanzas-asignaturas-horas-y-salidas-blog\\\/#primaryimage\"},\"thumbnailUrl\":\"https:\\\/\\\/fpsuperiorufv.es\\\/blog\\\/wp-content\\\/uploads\\\/2025\\\/07\\\/gestion-financiera-proyectos.jpg\",\"datePublished\":\"2026-02-26T10:12:28+00:00\",\"dateModified\":\"2026-03-09T12:12:00+00:00\",\"breadcrumb\":{\"@id\":\"https:\\\/\\\/fpsuperiorufv.es\\\/blog\\\/que-se-estudia-en-fp-en-administracion-y-finanzas-asignaturas-horas-y-salidas-blog\\\/#breadcrumb\"},\"inLanguage\":\"es\",\"potentialAction\":[{\"@type\":\"ReadAction\",\"target\":[\"https:\\\/\\\/fpsuperiorufv.es\\\/blog\\\/que-se-estudia-en-fp-en-administracion-y-finanzas-asignaturas-horas-y-salidas-blog\\\/\"]}]},{\"@type\":\"ImageObject\",\"inLanguage\":\"es\",\"@id\":\"https:\\\/\\\/fpsuperiorufv.es\\\/blog\\\/que-se-estudia-en-fp-en-administracion-y-finanzas-asignaturas-horas-y-salidas-blog\\\/#primaryimage\",\"url\":\"https:\\\/\\\/fpsuperiorufv.es\\\/blog\\\/wp-content\\\/uploads\\\/2025\\\/07\\\/gestion-financiera-proyectos.jpg\",\"contentUrl\":\"https:\\\/\\\/fpsuperiorufv.es\\\/blog\\\/wp-content\\\/uploads\\\/2025\\\/07\\\/gestion-financiera-proyectos.jpg\",\"width\":1280,\"height\":850},{\"@type\":\"BreadcrumbList\",\"@id\":\"https:\\\/\\\/fpsuperiorufv.es\\\/blog\\\/que-se-estudia-en-fp-en-administracion-y-finanzas-asignaturas-horas-y-salidas-blog\\\/#breadcrumb\",\"itemListElement\":[{\"@type\":\"ListItem\",\"position\":1,\"name\":\"Home\",\"item\":\"https:\\\/\\\/fpsuperiorufv.es\\\/blog\\\/\"},{\"@type\":\"ListItem\",\"position\":2,\"name\":\"Qu\u00e9 se estudia en FP en Administraci\u00f3n y Finanzas: asignaturas horas y salidas\"}]},{\"@type\":\"WebSite\",\"@id\":\"https:\\\/\\\/fpsuperiorufv.es\\\/blog\\\/#website\",\"url\":\"https:\\\/\\\/fpsuperiorufv.es\\\/blog\\\/\",\"name\":\"Fp Superior Francisco de Vitoria\",\"description\":\"\",\"publisher\":{\"@id\":\"https:\\\/\\\/fpsuperiorufv.es\\\/blog\\\/#organization\"},\"alternateName\":\"Cetys\",\"potentialAction\":[{\"@type\":\"SearchAction\",\"target\":{\"@type\":\"EntryPoint\",\"urlTemplate\":\"https:\\\/\\\/fpsuperiorufv.es\\\/blog\\\/?s={search_term_string}\"},\"query-input\":{\"@type\":\"PropertyValueSpecification\",\"valueRequired\":true,\"valueName\":\"search_term_string\"}}],\"inLanguage\":\"es\"},{\"@type\":\"Organization\",\"@id\":\"https:\\\/\\\/fpsuperiorufv.es\\\/blog\\\/#organization\",\"name\":\"Cetys\",\"url\":\"https:\\\/\\\/fpsuperiorufv.es\\\/blog\\\/\",\"logo\":{\"@type\":\"ImageObject\",\"inLanguage\":\"es\",\"@id\":\"https:\\\/\\\/fpsuperiorufv.es\\\/blog\\\/#\\\/schema\\\/logo\\\/image\\\/\",\"url\":\"https:\\\/\\\/fpsuperiorufv.lo\\\/wp-content\\\/uploads\\\/2025\\\/02\\\/logo.svg\",\"contentUrl\":\"https:\\\/\\\/fpsuperiorufv.lo\\\/wp-content\\\/uploads\\\/2025\\\/02\\\/logo.svg\",\"width\":\"1024\",\"height\":\"1024\",\"caption\":\"Cetys\"},\"image\":{\"@id\":\"https:\\\/\\\/fpsuperiorufv.es\\\/blog\\\/#\\\/schema\\\/logo\\\/image\\\/\"}},{\"@type\":\"Person\",\"@id\":\"https:\\\/\\\/fpsuperiorufv.es\\\/blog\\\/#\\\/schema\\\/person\\\/6eed41dc866f12d961994f51f39f8796\",\"name\":\"FP Superior UFV\",\"image\":{\"@type\":\"ImageObject\",\"inLanguage\":\"es\",\"@id\":\"https:\\\/\\\/secure.gravatar.com\\\/avatar\\\/2cb5eeb90ddddf18129790c93583d4ae96ca8a625c07994637c8fc9d35252ce5?s=96&d=mm&r=g\",\"url\":\"https:\\\/\\\/secure.gravatar.com\\\/avatar\\\/2cb5eeb90ddddf18129790c93583d4ae96ca8a625c07994637c8fc9d35252ce5?s=96&d=mm&r=g\",\"contentUrl\":\"https:\\\/\\\/secure.gravatar.com\\\/avatar\\\/2cb5eeb90ddddf18129790c93583d4ae96ca8a625c07994637c8fc9d35252ce5?s=96&d=mm&r=g\",\"caption\":\"FP Superior UFV\"},\"url\":\"https:\\\/\\\/fpsuperiorufv.es\\\/blog\\\/author\\\/cetys\\\/\"}]}<\/script>\n<!-- \/ Yoast SEO plugin. -->","yoast_head_json":{"title":"Qu\u00e9 se estudia en FP en Administraci\u00f3n y Finanzas: asignaturas horas y salidas - Cetys","robots":{"index":"index","follow":"follow","max-snippet":"max-snippet:-1","max-image-preview":"max-image-preview:large","max-video-preview":"max-video-preview:-1"},"canonical":"https:\/\/fpsuperiorufv.es\/blog\/que-se-estudia-en-fp-en-administracion-y-finanzas-asignaturas-horas-y-salidas-blog\/","og_locale":"es_ES","og_type":"article","og_title":"Qu\u00e9 se estudia en FP en Administraci\u00f3n y Finanzas: asignaturas horas y salidas - Cetys","og_description":"Qu\u00e9 se estudia en FP en Administraci\u00f3n y Finanzas: asignaturas, horas y salidas Si est\u00e1s pensando en dar un paso importante hacia tu futuro profesional, el Ciclo Formativo de Grado Superior en Administraci\u00f3n y Finanzas es una excelente opci\u00f3n. En este art\u00edculo, te contamos todo lo que necesitas saber sobre qu\u00e9 se estudia en este [&hellip;]","og_url":"https:\/\/fpsuperiorufv.es\/blog\/que-se-estudia-en-fp-en-administracion-y-finanzas-asignaturas-horas-y-salidas-blog\/","og_site_name":"Cetys","article_published_time":"2026-02-26T10:12:28+00:00","article_modified_time":"2026-03-09T12:12:00+00:00","og_image":[{"width":1280,"height":850,"url":"https:\/\/fpsuperiorufv.es\/blog\/wp-content\/uploads\/2025\/07\/gestion-financiera-proyectos.jpg","type":"image\/jpeg"}],"author":"FP Superior UFV","twitter_card":"summary_large_image","twitter_misc":{"Escrito por":"FP Superior UFV","Tiempo de lectura":"4 minutos"},"schema":{"@context":"https:\/\/schema.org","@graph":[{"@type":"Article","@id":"https:\/\/fpsuperiorufv.es\/blog\/que-se-estudia-en-fp-en-administracion-y-finanzas-asignaturas-horas-y-salidas-blog\/#article","isPartOf":{"@id":"https:\/\/fpsuperiorufv.es\/blog\/que-se-estudia-en-fp-en-administracion-y-finanzas-asignaturas-horas-y-salidas-blog\/"},"author":{"name":"FP Superior UFV","@id":"https:\/\/fpsuperiorufv.es\/blog\/#\/schema\/person\/6eed41dc866f12d961994f51f39f8796"},"headline":"Qu\u00e9 se estudia en FP en Administraci\u00f3n y Finanzas: asignaturas horas y salidas","datePublished":"2026-02-26T10:12:28+00:00","dateModified":"2026-03-09T12:12:00+00:00","mainEntityOfPage":{"@id":"https:\/\/fpsuperiorufv.es\/blog\/que-se-estudia-en-fp-en-administracion-y-finanzas-asignaturas-horas-y-salidas-blog\/"},"wordCount":805,"commentCount":0,"publisher":{"@id":"https:\/\/fpsuperiorufv.es\/blog\/#organization"},"image":{"@id":"https:\/\/fpsuperiorufv.es\/blog\/que-se-estudia-en-fp-en-administracion-y-finanzas-asignaturas-horas-y-salidas-blog\/#primaryimage"},"thumbnailUrl":"https:\/\/fpsuperiorufv.es\/blog\/wp-content\/uploads\/2025\/07\/gestion-financiera-proyectos.jpg","articleSection":["Administraci\u00f3n y finanzas","Preguntas frecuentes"],"inLanguage":"es","potentialAction":[{"@type":"CommentAction","name":"Comment","target":["https:\/\/fpsuperiorufv.es\/blog\/que-se-estudia-en-fp-en-administracion-y-finanzas-asignaturas-horas-y-salidas-blog\/#respond"]}]},{"@type":"WebPage","@id":"https:\/\/fpsuperiorufv.es\/blog\/que-se-estudia-en-fp-en-administracion-y-finanzas-asignaturas-horas-y-salidas-blog\/","url":"https:\/\/fpsuperiorufv.es\/blog\/que-se-estudia-en-fp-en-administracion-y-finanzas-asignaturas-horas-y-salidas-blog\/","name":"Qu\u00e9 se estudia en FP en Administraci\u00f3n y Finanzas: asignaturas horas y salidas - Cetys","isPartOf":{"@id":"https:\/\/fpsuperiorufv.es\/blog\/#website"},"primaryImageOfPage":{"@id":"https:\/\/fpsuperiorufv.es\/blog\/que-se-estudia-en-fp-en-administracion-y-finanzas-asignaturas-horas-y-salidas-blog\/#primaryimage"},"image":{"@id":"https:\/\/fpsuperiorufv.es\/blog\/que-se-estudia-en-fp-en-administracion-y-finanzas-asignaturas-horas-y-salidas-blog\/#primaryimage"},"thumbnailUrl":"https:\/\/fpsuperiorufv.es\/blog\/wp-content\/uploads\/2025\/07\/gestion-financiera-proyectos.jpg","datePublished":"2026-02-26T10:12:28+00:00","dateModified":"2026-03-09T12:12:00+00:00","breadcrumb":{"@id":"https:\/\/fpsuperiorufv.es\/blog\/que-se-estudia-en-fp-en-administracion-y-finanzas-asignaturas-horas-y-salidas-blog\/#breadcrumb"},"inLanguage":"es","potentialAction":[{"@type":"ReadAction","target":["https:\/\/fpsuperiorufv.es\/blog\/que-se-estudia-en-fp-en-administracion-y-finanzas-asignaturas-horas-y-salidas-blog\/"]}]},{"@type":"ImageObject","inLanguage":"es","@id":"https:\/\/fpsuperiorufv.es\/blog\/que-se-estudia-en-fp-en-administracion-y-finanzas-asignaturas-horas-y-salidas-blog\/#primaryimage","url":"https:\/\/fpsuperiorufv.es\/blog\/wp-content\/uploads\/2025\/07\/gestion-financiera-proyectos.jpg","contentUrl":"https:\/\/fpsuperiorufv.es\/blog\/wp-content\/uploads\/2025\/07\/gestion-financiera-proyectos.jpg","width":1280,"height":850},{"@type":"BreadcrumbList","@id":"https:\/\/fpsuperiorufv.es\/blog\/que-se-estudia-en-fp-en-administracion-y-finanzas-asignaturas-horas-y-salidas-blog\/#breadcrumb","itemListElement":[{"@type":"ListItem","position":1,"name":"Home","item":"https:\/\/fpsuperiorufv.es\/blog\/"},{"@type":"ListItem","position":2,"name":"Qu\u00e9 se estudia en FP en Administraci\u00f3n y Finanzas: asignaturas horas y salidas"}]},{"@type":"WebSite","@id":"https:\/\/fpsuperiorufv.es\/blog\/#website","url":"https:\/\/fpsuperiorufv.es\/blog\/","name":"Fp Superior Francisco de Vitoria","description":"","publisher":{"@id":"https:\/\/fpsuperiorufv.es\/blog\/#organization"},"alternateName":"Cetys","potentialAction":[{"@type":"SearchAction","target":{"@type":"EntryPoint","urlTemplate":"https:\/\/fpsuperiorufv.es\/blog\/?s={search_term_string}"},"query-input":{"@type":"PropertyValueSpecification","valueRequired":true,"valueName":"search_term_string"}}],"inLanguage":"es"},{"@type":"Organization","@id":"https:\/\/fpsuperiorufv.es\/blog\/#organization","name":"Cetys","url":"https:\/\/fpsuperiorufv.es\/blog\/","logo":{"@type":"ImageObject","inLanguage":"es","@id":"https:\/\/fpsuperiorufv.es\/blog\/#\/schema\/logo\/image\/","url":"https:\/\/fpsuperiorufv.lo\/wp-content\/uploads\/2025\/02\/logo.svg","contentUrl":"https:\/\/fpsuperiorufv.lo\/wp-content\/uploads\/2025\/02\/logo.svg","width":"1024","height":"1024","caption":"Cetys"},"image":{"@id":"https:\/\/fpsuperiorufv.es\/blog\/#\/schema\/logo\/image\/"}},{"@type":"Person","@id":"https:\/\/fpsuperiorufv.es\/blog\/#\/schema\/person\/6eed41dc866f12d961994f51f39f8796","name":"FP Superior UFV","image":{"@type":"ImageObject","inLanguage":"es","@id":"https:\/\/secure.gravatar.com\/avatar\/2cb5eeb90ddddf18129790c93583d4ae96ca8a625c07994637c8fc9d35252ce5?s=96&d=mm&r=g","url":"https:\/\/secure.gravatar.com\/avatar\/2cb5eeb90ddddf18129790c93583d4ae96ca8a625c07994637c8fc9d35252ce5?s=96&d=mm&r=g","contentUrl":"https:\/\/secure.gravatar.com\/avatar\/2cb5eeb90ddddf18129790c93583d4ae96ca8a625c07994637c8fc9d35252ce5?s=96&d=mm&r=g","caption":"FP Superior UFV"},"url":"https:\/\/fpsuperiorufv.es\/blog\/author\/cetys\/"}]}},"_links":{"self":[{"href":"https:\/\/fpsuperiorufv.es\/blog\/wp-json\/wp\/v2\/posts\/282123","targetHints":{"allow":["GET"]}}],"collection":[{"href":"https:\/\/fpsuperiorufv.es\/blog\/wp-json\/wp\/v2\/posts"}],"about":[{"href":"https:\/\/fpsuperiorufv.es\/blog\/wp-json\/wp\/v2\/types\/post"}],"author":[{"embeddable":true,"href":"https:\/\/fpsuperiorufv.es\/blog\/wp-json\/wp\/v2\/users\/3"}],"replies":[{"embeddable":true,"href":"https:\/\/fpsuperiorufv.es\/blog\/wp-json\/wp\/v2\/comments?post=282123"}],"version-history":[{"count":1,"href":"https:\/\/fpsuperiorufv.es\/blog\/wp-json\/wp\/v2\/posts\/282123\/revisions"}],"predecessor-version":[{"id":282392,"href":"https:\/\/fpsuperiorufv.es\/blog\/wp-json\/wp\/v2\/posts\/282123\/revisions\/282392"}],"wp:featuredmedia":[{"embeddable":true,"href":"https:\/\/fpsuperiorufv.es\/blog\/wp-json\/wp\/v2\/media\/1330"}],"wp:attachment":[{"href":"https:\/\/fpsuperiorufv.es\/blog\/wp-json\/wp\/v2\/media?parent=282123"}],"wp:term":[{"taxonomy":"category","embeddable":true,"href":"https:\/\/fpsuperiorufv.es\/blog\/wp-json\/wp\/v2\/categories?post=282123"},{"taxonomy":"post_tag","embeddable":true,"href":"https:\/\/fpsuperiorufv.es\/blog\/wp-json\/wp\/v2\/tags?post=282123"}],"curies":[{"name":"wp","href":"https:\/\/api.w.org\/{rel}","templated":true}]}}