{"id":282143,"date":"2026-02-26T13:58:58","date_gmt":"2026-02-26T13:58:58","guid":{"rendered":"https:\/\/soleyantonio.es\/plazos-de-admision-fp-en-dietetica-2026-2027-en-madrid-fechas-y-pasos\/"},"modified":"2026-03-09T11:30:52","modified_gmt":"2026-03-09T10:30:52","slug":"plazos-de-admision-fp-en-dietetica-2026-2027-en-madrid-fechas-y-pasos-blog","status":"publish","type":"post","link":"https:\/\/fpsuperiorufv.es\/blog\/plazos-de-admision-fp-en-dietetica-2026-2027-en-madrid-fechas-y-pasos-blog\/","title":{"rendered":"Plazos de admisi\u00f3n FP en Diet\u00e9tica 2026\/2027 en Madrid: fechas y pasos"},"content":{"rendered":"<h2>Plazos de admisi\u00f3n FP en Diet\u00e9tica 2026\/2027 en Madrid: fechas y pasos<\/h2>\n<p>\u00bfEst\u00e1s pensando en dar un paso hacia tu futuro profesional en el \u00e1mbito de la diet\u00e9tica? \u00a1Est\u00e1s en el lugar adecuado! En este art\u00edculo, te contaremos todo lo que necesitas saber sobre los plazos de admisi\u00f3n para el Ciclo Formativo de Grado Superior en Diet\u00e9tica para el curso 2026\/2027 en Madrid. Prep\u00e1rate para conocer las fechas clave, los pasos a seguir y algunos consejos \u00fatiles para que tu proceso de admisi\u00f3n sea un \u00e9xito.<\/p>\n<h2>Datos clave sobre la FP en Diet\u00e9tica<\/h2>\n<ul>\n<li><strong>Duraci\u00f3n:<\/strong> El ciclo formativo tiene una duraci\u00f3n de 2 a\u00f1os, con un enfoque pr\u00e1ctico y te\u00f3rico.<\/li>\n<li><strong>Salidas laborales:<\/strong> Puedes trabajar en hospitales, cl\u00ednicas, gimnasios y centros de nutrici\u00f3n.<\/li>\n<li><strong>Requisitos:<\/strong> El t\u00edtulo de Bachillerato o un Ciclo Formativo de Grado Medio es necesario para acceder al programa.<\/li>\n<li><strong>Pr\u00e1cticas:<\/strong> Incluye un periodo de pr\u00e1cticas en empresas del sector para que adquieras experiencia.<\/li>\n<li><strong>Inscripci\u00f3n:<\/strong> La inscripci\u00f3n suele abrirse en marzo y cierra en junio del a\u00f1o anterior al inicio del curso.<\/li>\n<li><strong>Formaci\u00f3n continua:<\/strong> Ofrecemos talleres y seminarios para que sigas aprendiendo incluso despu\u00e9s de graduarte.<\/li>\n<\/ul>\n<h2>Fechas clave para la admisi\u00f3n 2026\/2027<\/h2>\n<p>Es fundamental que est\u00e9s al tanto de las fechas importantes para que no se te pase la oportunidad de inscribirte. Aqu\u00ed tienes un calendario con los plazos m\u00e1s relevantes:<\/p>\n<ul>\n<li><strong>Inicio del plazo de admisi\u00f3n:<\/strong> 1 de marzo de 2026.<\/li>\n<li><strong>Cierre del plazo de admisi\u00f3n:<\/strong> 30 de junio de 2026.<\/li>\n<li><strong>Publicaci\u00f3n de listas provisionales de admitidos:<\/strong> 15 de julio de 2026.<\/li>\n<li><strong>Per\u00edodo de reclamaciones:<\/strong> Del 16 al 20 de julio de 2026.<\/li>\n<li><strong>Publicaci\u00f3n de listas definitivas:<\/strong> 30 de julio de 2026.<\/li>\n<li><strong>Matr\u00edcula:<\/strong> Del 1 al 10 de agosto de 2026.<\/li>\n<\/ul>\n<h2>Pasos para la admisi\u00f3n en el Ciclo Formativo de Diet\u00e9tica<\/h2>\n<p>Ahora que conoces las fechas, vamos a desglosar los pasos que debes seguir para completar tu admisi\u00f3n con \u00e9xito:<\/p>\n<ol>\n<li><strong>Re\u00fane la documentaci\u00f3n necesaria:<\/strong>\n<ul>\n<li>Fotocopia del DNI o NIE.<\/li>\n<li>Certificado de notas del Bachillerato o Ciclo Formativo de Grado Medio.<\/li>\n<li>Curr\u00edculum vitae, si es necesario.<\/li>\n<\/ul>\n<\/li>\n<li><strong>Rellena la solicitud de admisi\u00f3n:<\/strong> Puedes hacerlo a trav\u00e9s de nuestra p\u00e1gina web en la secci\u00f3n de <a href=\"https:\/\/fpsuperiorufv.es\/secretaria-admision-y-ayuda\/\">Proceso de Admisi\u00f3n<\/a>.<\/li>\n<li><strong>Presenta la solicitud:<\/strong> Aseg\u00farate de hacerlo en el plazo establecido.<\/li>\n<li><strong>Espera la publicaci\u00f3n de las listas:<\/strong> Revisa las listas provisionales y definitivas de admitidos.<\/li>\n<li><strong>Realiza la matr\u00edcula:<\/strong> Si resultas admitido, completa tu matr\u00edcula en las fechas indicadas.<\/li>\n<\/ol>\n<h2>Consejos para una admisi\u00f3n exitosa<\/h2>\n<p>Para ayudarte en este proceso, hemos recopilado algunos consejos pr\u00e1cticos:<\/p>\n<ul>\n<li><strong>Organizaci\u00f3n:<\/strong> Mant\u00e9n un calendario con las fechas clave para no perder de vista ning\u00fan plazo.<\/li>\n<li><strong>Documentaci\u00f3n completa:<\/strong> Aseg\u00farate de tener todos los documentos listos antes de presentar tu solicitud.<\/li>\n<li><strong>Consulta:<\/strong> Si tienes dudas, no dudes en contactarnos. Estamos aqu\u00ed para ayudarte.<\/li>\n<li><strong>Prep\u00e1rate para la entrevista:<\/strong> Si se requiere, practica tus respuestas y aseg\u00farate de mostrar tu motivaci\u00f3n.<\/li>\n<\/ul>\n<h2>\u00bfPor qu\u00e9 elegir la FP en Diet\u00e9tica en la Universidad Francisco de Vitoria?<\/h2>\n<p>Elegir nuestra instituci\u00f3n para tus estudios en diet\u00e9tica te brinda numerosas ventajas:<\/p>\n<ul>\n<li><strong>Docentes cualificados:<\/strong> Nuestro equipo docente est\u00e1 formado por profesionales del sector con amplia experiencia.<\/li>\n<li><strong>Instalaciones modernas:<\/strong> Contamos con aulas equipadas y laboratorios dise\u00f1ados para tu formaci\u00f3n pr\u00e1ctica.<\/li>\n<li><strong>Red de contactos:<\/strong> Te ofrecemos la oportunidad de crear una red profesional que te ayudar\u00e1 en tu carrera.<\/li>\n<li><strong>Formaci\u00f3n integral:<\/strong> No solo aprender\u00e1s teor\u00eda, sino que tambi\u00e9n te prepararemos para el mundo laboral.<\/li>\n<\/ul>\n<h2>Preguntas frecuentes<\/h2>\n<h2>\u00bfCu\u00e1l es el requisito acad\u00e9mico para acceder al Ciclo Formativo de Diet\u00e9tica?<\/h2>\n<p>Para acceder a este ciclo, necesitas tener el t\u00edtulo de Bachillerato o un Ciclo Formativo de Grado Medio relacionado.<\/p>\n<h2>\u00bfPuedo trabajar mientras estudio?<\/h2>\n<p>S\u00ed, muchos de nuestros estudiantes trabajan a tiempo parcial mientras completan su formaci\u00f3n. La flexibilidad de horarios te permite combinar ambas actividades.<\/p>\n<h2>\u00bfHay becas disponibles?<\/h2>\n<p>S\u00ed, ofrecemos diversas opciones de becas y ayudas. Consulta nuestra p\u00e1gina de admisi\u00f3n para m\u00e1s informaci\u00f3n.<\/p>\n<h2>\u00bfQu\u00e9 tipo de pr\u00e1cticas se realizan?<\/h2>\n<p>Las pr\u00e1cticas se realizan en centros de salud, cl\u00ednicas y empresas relacionadas con la nutrici\u00f3n y la diet\u00e9tica, lo que te permite adquirir experiencia real en el sector.<\/p>\n<h2>\u00bfD\u00f3nde puedo obtener m\u00e1s informaci\u00f3n sobre el proceso de admisi\u00f3n?<\/h2>\n<p>Puedes visitar nuestra secci\u00f3n de <a href=\"https:\/\/fpsuperiorufv.es\/secretaria-admision-y-ayuda\/\">Proceso de Admisi\u00f3n<\/a> para obtener m\u00e1s detalles y resolver cualquier duda que tengas.<\/p>\n<p>Ahora que ya conoces toda la informaci\u00f3n sobre los plazos de admisi\u00f3n FP en Diet\u00e9tica 2026\/2027 en Madrid, \u00a1no dudes en dar el siguiente paso hacia tu futuro profesional! Estamos aqu\u00ed para apoyarte en tu camino hacia el \u00e9xito.<\/p>\n","protected":false},"excerpt":{"rendered":"<p>Plazos de admisi\u00f3n FP en Diet\u00e9tica 2026\/2027 en Madrid: fechas y pasos \u00bfEst\u00e1s pensando en dar un paso hacia tu futuro profesional en el \u00e1mbito de la diet\u00e9tica? \u00a1Est\u00e1s en el lugar adecuado! En este art\u00edculo, te contaremos todo lo que necesitas saber sobre los plazos de admisi\u00f3n para el Ciclo Formativo de Grado Superior [&hellip;]<\/p>\n","protected":false},"author":3,"featured_media":2582,"comment_status":"open","ping_status":"open","sticky":false,"template":"","format":"standard","meta":{"inline_featured_image":false,"footnotes":""},"categories":[389,393],"tags":[],"class_list":["post-282143","post","type-post","status-publish","format-standard","has-post-thumbnail","hentry","category-dietetica","category-preguntas-frecuentes"],"yoast_head":"<!-- This site is optimized with the Yoast SEO plugin v27.4 - https:\/\/yoast.com\/product\/yoast-seo-wordpress\/ -->\n<title>Plazos de admisi\u00f3n FP en Diet\u00e9tica 2026\/2027 en Madrid: fechas y pasos - Cetys<\/title>\n<meta name=\"robots\" content=\"index, follow, max-snippet:-1, max-image-preview:large, max-video-preview:-1\" \/>\n<link rel=\"canonical\" href=\"https:\/\/fpsuperiorufv.es\/blog\/plazos-de-admision-fp-en-dietetica-2026-2027-en-madrid-fechas-y-pasos-blog\/\" \/>\n<meta property=\"og:locale\" content=\"es_ES\" \/>\n<meta property=\"og:type\" content=\"article\" \/>\n<meta property=\"og:title\" content=\"Plazos de admisi\u00f3n FP en Diet\u00e9tica 2026\/2027 en Madrid: fechas y pasos - Cetys\" \/>\n<meta property=\"og:description\" content=\"Plazos de admisi\u00f3n FP en Diet\u00e9tica 2026\/2027 en Madrid: fechas y pasos \u00bfEst\u00e1s pensando en dar un paso hacia tu futuro profesional en el \u00e1mbito de la diet\u00e9tica? \u00a1Est\u00e1s en el lugar adecuado! En este art\u00edculo, te contaremos todo lo que necesitas saber sobre los plazos de admisi\u00f3n para el Ciclo Formativo de Grado Superior [&hellip;]\" \/>\n<meta property=\"og:url\" content=\"https:\/\/fpsuperiorufv.es\/blog\/plazos-de-admision-fp-en-dietetica-2026-2027-en-madrid-fechas-y-pasos-blog\/\" \/>\n<meta property=\"og:site_name\" content=\"Cetys\" \/>\n<meta property=\"article:published_time\" content=\"2026-02-26T13:58:58+00:00\" \/>\n<meta property=\"article:modified_time\" content=\"2026-03-09T10:30:52+00:00\" \/>\n<meta property=\"og:image\" content=\"https:\/\/fpsuperiorufv.es\/blog\/wp-content\/uploads\/2025\/08\/habitos-saludables-para-el-aparato-digestivo.png\" \/>\n\t<meta property=\"og:image:width\" content=\"1280\" \/>\n\t<meta property=\"og:image:height\" content=\"854\" \/>\n\t<meta property=\"og:image:type\" content=\"image\/png\" \/>\n<meta name=\"author\" content=\"FP Superior UFV\" \/>\n<meta name=\"twitter:card\" content=\"summary_large_image\" \/>\n<meta name=\"twitter:label1\" content=\"Escrito por\" \/>\n\t<meta name=\"twitter:data1\" content=\"FP Superior UFV\" \/>\n\t<meta name=\"twitter:label2\" content=\"Tiempo de lectura\" \/>\n\t<meta name=\"twitter:data2\" content=\"4 minutos\" \/>\n<script type=\"application\/ld+json\" class=\"yoast-schema-graph\">{\"@context\":\"https:\\\/\\\/schema.org\",\"@graph\":[{\"@type\":\"Article\",\"@id\":\"https:\\\/\\\/fpsuperiorufv.es\\\/blog\\\/plazos-de-admision-fp-en-dietetica-2026-2027-en-madrid-fechas-y-pasos-blog\\\/#article\",\"isPartOf\":{\"@id\":\"https:\\\/\\\/fpsuperiorufv.es\\\/blog\\\/plazos-de-admision-fp-en-dietetica-2026-2027-en-madrid-fechas-y-pasos-blog\\\/\"},\"author\":{\"name\":\"FP Superior UFV\",\"@id\":\"https:\\\/\\\/fpsuperiorufv.es\\\/blog\\\/#\\\/schema\\\/person\\\/6eed41dc866f12d961994f51f39f8796\"},\"headline\":\"Plazos de admisi\u00f3n FP en Diet\u00e9tica 2026\\\/2027 en Madrid: fechas y pasos\",\"datePublished\":\"2026-02-26T13:58:58+00:00\",\"dateModified\":\"2026-03-09T10:30:52+00:00\",\"mainEntityOfPage\":{\"@id\":\"https:\\\/\\\/fpsuperiorufv.es\\\/blog\\\/plazos-de-admision-fp-en-dietetica-2026-2027-en-madrid-fechas-y-pasos-blog\\\/\"},\"wordCount\":815,\"commentCount\":0,\"publisher\":{\"@id\":\"https:\\\/\\\/fpsuperiorufv.es\\\/blog\\\/#organization\"},\"image\":{\"@id\":\"https:\\\/\\\/fpsuperiorufv.es\\\/blog\\\/plazos-de-admision-fp-en-dietetica-2026-2027-en-madrid-fechas-y-pasos-blog\\\/#primaryimage\"},\"thumbnailUrl\":\"https:\\\/\\\/fpsuperiorufv.es\\\/blog\\\/wp-content\\\/uploads\\\/2025\\\/08\\\/habitos-saludables-para-el-aparato-digestivo.png\",\"articleSection\":[\"Diet\u00e9tica\",\"Preguntas frecuentes\"],\"inLanguage\":\"es\",\"potentialAction\":[{\"@type\":\"CommentAction\",\"name\":\"Comment\",\"target\":[\"https:\\\/\\\/fpsuperiorufv.es\\\/blog\\\/plazos-de-admision-fp-en-dietetica-2026-2027-en-madrid-fechas-y-pasos-blog\\\/#respond\"]}]},{\"@type\":\"WebPage\",\"@id\":\"https:\\\/\\\/fpsuperiorufv.es\\\/blog\\\/plazos-de-admision-fp-en-dietetica-2026-2027-en-madrid-fechas-y-pasos-blog\\\/\",\"url\":\"https:\\\/\\\/fpsuperiorufv.es\\\/blog\\\/plazos-de-admision-fp-en-dietetica-2026-2027-en-madrid-fechas-y-pasos-blog\\\/\",\"name\":\"Plazos de admisi\u00f3n FP en Diet\u00e9tica 2026\\\/2027 en Madrid: fechas y pasos - Cetys\",\"isPartOf\":{\"@id\":\"https:\\\/\\\/fpsuperiorufv.es\\\/blog\\\/#website\"},\"primaryImageOfPage\":{\"@id\":\"https:\\\/\\\/fpsuperiorufv.es\\\/blog\\\/plazos-de-admision-fp-en-dietetica-2026-2027-en-madrid-fechas-y-pasos-blog\\\/#primaryimage\"},\"image\":{\"@id\":\"https:\\\/\\\/fpsuperiorufv.es\\\/blog\\\/plazos-de-admision-fp-en-dietetica-2026-2027-en-madrid-fechas-y-pasos-blog\\\/#primaryimage\"},\"thumbnailUrl\":\"https:\\\/\\\/fpsuperiorufv.es\\\/blog\\\/wp-content\\\/uploads\\\/2025\\\/08\\\/habitos-saludables-para-el-aparato-digestivo.png\",\"datePublished\":\"2026-02-26T13:58:58+00:00\",\"dateModified\":\"2026-03-09T10:30:52+00:00\",\"breadcrumb\":{\"@id\":\"https:\\\/\\\/fpsuperiorufv.es\\\/blog\\\/plazos-de-admision-fp-en-dietetica-2026-2027-en-madrid-fechas-y-pasos-blog\\\/#breadcrumb\"},\"inLanguage\":\"es\",\"potentialAction\":[{\"@type\":\"ReadAction\",\"target\":[\"https:\\\/\\\/fpsuperiorufv.es\\\/blog\\\/plazos-de-admision-fp-en-dietetica-2026-2027-en-madrid-fechas-y-pasos-blog\\\/\"]}]},{\"@type\":\"ImageObject\",\"inLanguage\":\"es\",\"@id\":\"https:\\\/\\\/fpsuperiorufv.es\\\/blog\\\/plazos-de-admision-fp-en-dietetica-2026-2027-en-madrid-fechas-y-pasos-blog\\\/#primaryimage\",\"url\":\"https:\\\/\\\/fpsuperiorufv.es\\\/blog\\\/wp-content\\\/uploads\\\/2025\\\/08\\\/habitos-saludables-para-el-aparato-digestivo.png\",\"contentUrl\":\"https:\\\/\\\/fpsuperiorufv.es\\\/blog\\\/wp-content\\\/uploads\\\/2025\\\/08\\\/habitos-saludables-para-el-aparato-digestivo.png\",\"width\":1280,\"height\":854},{\"@type\":\"BreadcrumbList\",\"@id\":\"https:\\\/\\\/fpsuperiorufv.es\\\/blog\\\/plazos-de-admision-fp-en-dietetica-2026-2027-en-madrid-fechas-y-pasos-blog\\\/#breadcrumb\",\"itemListElement\":[{\"@type\":\"ListItem\",\"position\":1,\"name\":\"Home\",\"item\":\"https:\\\/\\\/fpsuperiorufv.es\\\/blog\\\/\"},{\"@type\":\"ListItem\",\"position\":2,\"name\":\"Plazos de admisi\u00f3n FP en Diet\u00e9tica 2026\\\/2027 en Madrid: fechas y pasos\"}]},{\"@type\":\"WebSite\",\"@id\":\"https:\\\/\\\/fpsuperiorufv.es\\\/blog\\\/#website\",\"url\":\"https:\\\/\\\/fpsuperiorufv.es\\\/blog\\\/\",\"name\":\"Fp Superior Francisco de Vitoria\",\"description\":\"\",\"publisher\":{\"@id\":\"https:\\\/\\\/fpsuperiorufv.es\\\/blog\\\/#organization\"},\"alternateName\":\"Cetys\",\"potentialAction\":[{\"@type\":\"SearchAction\",\"target\":{\"@type\":\"EntryPoint\",\"urlTemplate\":\"https:\\\/\\\/fpsuperiorufv.es\\\/blog\\\/?s={search_term_string}\"},\"query-input\":{\"@type\":\"PropertyValueSpecification\",\"valueRequired\":true,\"valueName\":\"search_term_string\"}}],\"inLanguage\":\"es\"},{\"@type\":\"Organization\",\"@id\":\"https:\\\/\\\/fpsuperiorufv.es\\\/blog\\\/#organization\",\"name\":\"Cetys\",\"url\":\"https:\\\/\\\/fpsuperiorufv.es\\\/blog\\\/\",\"logo\":{\"@type\":\"ImageObject\",\"inLanguage\":\"es\",\"@id\":\"https:\\\/\\\/fpsuperiorufv.es\\\/blog\\\/#\\\/schema\\\/logo\\\/image\\\/\",\"url\":\"https:\\\/\\\/fpsuperiorufv.lo\\\/wp-content\\\/uploads\\\/2025\\\/02\\\/logo.svg\",\"contentUrl\":\"https:\\\/\\\/fpsuperiorufv.lo\\\/wp-content\\\/uploads\\\/2025\\\/02\\\/logo.svg\",\"width\":\"1024\",\"height\":\"1024\",\"caption\":\"Cetys\"},\"image\":{\"@id\":\"https:\\\/\\\/fpsuperiorufv.es\\\/blog\\\/#\\\/schema\\\/logo\\\/image\\\/\"}},{\"@type\":\"Person\",\"@id\":\"https:\\\/\\\/fpsuperiorufv.es\\\/blog\\\/#\\\/schema\\\/person\\\/6eed41dc866f12d961994f51f39f8796\",\"name\":\"FP Superior UFV\",\"image\":{\"@type\":\"ImageObject\",\"inLanguage\":\"es\",\"@id\":\"https:\\\/\\\/secure.gravatar.com\\\/avatar\\\/2cb5eeb90ddddf18129790c93583d4ae96ca8a625c07994637c8fc9d35252ce5?s=96&d=mm&r=g\",\"url\":\"https:\\\/\\\/secure.gravatar.com\\\/avatar\\\/2cb5eeb90ddddf18129790c93583d4ae96ca8a625c07994637c8fc9d35252ce5?s=96&d=mm&r=g\",\"contentUrl\":\"https:\\\/\\\/secure.gravatar.com\\\/avatar\\\/2cb5eeb90ddddf18129790c93583d4ae96ca8a625c07994637c8fc9d35252ce5?s=96&d=mm&r=g\",\"caption\":\"FP Superior UFV\"},\"url\":\"https:\\\/\\\/fpsuperiorufv.es\\\/blog\\\/author\\\/cetys\\\/\"}]}<\/script>\n<!-- \/ Yoast SEO plugin. -->","yoast_head_json":{"title":"Plazos de admisi\u00f3n FP en Diet\u00e9tica 2026\/2027 en Madrid: fechas y pasos - Cetys","robots":{"index":"index","follow":"follow","max-snippet":"max-snippet:-1","max-image-preview":"max-image-preview:large","max-video-preview":"max-video-preview:-1"},"canonical":"https:\/\/fpsuperiorufv.es\/blog\/plazos-de-admision-fp-en-dietetica-2026-2027-en-madrid-fechas-y-pasos-blog\/","og_locale":"es_ES","og_type":"article","og_title":"Plazos de admisi\u00f3n FP en Diet\u00e9tica 2026\/2027 en Madrid: fechas y pasos - Cetys","og_description":"Plazos de admisi\u00f3n FP en Diet\u00e9tica 2026\/2027 en Madrid: fechas y pasos \u00bfEst\u00e1s pensando en dar un paso hacia tu futuro profesional en el \u00e1mbito de la diet\u00e9tica? \u00a1Est\u00e1s en el lugar adecuado! En este art\u00edculo, te contaremos todo lo que necesitas saber sobre los plazos de admisi\u00f3n para el Ciclo Formativo de Grado Superior [&hellip;]","og_url":"https:\/\/fpsuperiorufv.es\/blog\/plazos-de-admision-fp-en-dietetica-2026-2027-en-madrid-fechas-y-pasos-blog\/","og_site_name":"Cetys","article_published_time":"2026-02-26T13:58:58+00:00","article_modified_time":"2026-03-09T10:30:52+00:00","og_image":[{"width":1280,"height":854,"url":"https:\/\/fpsuperiorufv.es\/blog\/wp-content\/uploads\/2025\/08\/habitos-saludables-para-el-aparato-digestivo.png","type":"image\/png"}],"author":"FP Superior UFV","twitter_card":"summary_large_image","twitter_misc":{"Escrito por":"FP Superior UFV","Tiempo de lectura":"4 minutos"},"schema":{"@context":"https:\/\/schema.org","@graph":[{"@type":"Article","@id":"https:\/\/fpsuperiorufv.es\/blog\/plazos-de-admision-fp-en-dietetica-2026-2027-en-madrid-fechas-y-pasos-blog\/#article","isPartOf":{"@id":"https:\/\/fpsuperiorufv.es\/blog\/plazos-de-admision-fp-en-dietetica-2026-2027-en-madrid-fechas-y-pasos-blog\/"},"author":{"name":"FP Superior UFV","@id":"https:\/\/fpsuperiorufv.es\/blog\/#\/schema\/person\/6eed41dc866f12d961994f51f39f8796"},"headline":"Plazos de admisi\u00f3n FP en Diet\u00e9tica 2026\/2027 en Madrid: fechas y pasos","datePublished":"2026-02-26T13:58:58+00:00","dateModified":"2026-03-09T10:30:52+00:00","mainEntityOfPage":{"@id":"https:\/\/fpsuperiorufv.es\/blog\/plazos-de-admision-fp-en-dietetica-2026-2027-en-madrid-fechas-y-pasos-blog\/"},"wordCount":815,"commentCount":0,"publisher":{"@id":"https:\/\/fpsuperiorufv.es\/blog\/#organization"},"image":{"@id":"https:\/\/fpsuperiorufv.es\/blog\/plazos-de-admision-fp-en-dietetica-2026-2027-en-madrid-fechas-y-pasos-blog\/#primaryimage"},"thumbnailUrl":"https:\/\/fpsuperiorufv.es\/blog\/wp-content\/uploads\/2025\/08\/habitos-saludables-para-el-aparato-digestivo.png","articleSection":["Diet\u00e9tica","Preguntas frecuentes"],"inLanguage":"es","potentialAction":[{"@type":"CommentAction","name":"Comment","target":["https:\/\/fpsuperiorufv.es\/blog\/plazos-de-admision-fp-en-dietetica-2026-2027-en-madrid-fechas-y-pasos-blog\/#respond"]}]},{"@type":"WebPage","@id":"https:\/\/fpsuperiorufv.es\/blog\/plazos-de-admision-fp-en-dietetica-2026-2027-en-madrid-fechas-y-pasos-blog\/","url":"https:\/\/fpsuperiorufv.es\/blog\/plazos-de-admision-fp-en-dietetica-2026-2027-en-madrid-fechas-y-pasos-blog\/","name":"Plazos de admisi\u00f3n FP en Diet\u00e9tica 2026\/2027 en Madrid: fechas y pasos - Cetys","isPartOf":{"@id":"https:\/\/fpsuperiorufv.es\/blog\/#website"},"primaryImageOfPage":{"@id":"https:\/\/fpsuperiorufv.es\/blog\/plazos-de-admision-fp-en-dietetica-2026-2027-en-madrid-fechas-y-pasos-blog\/#primaryimage"},"image":{"@id":"https:\/\/fpsuperiorufv.es\/blog\/plazos-de-admision-fp-en-dietetica-2026-2027-en-madrid-fechas-y-pasos-blog\/#primaryimage"},"thumbnailUrl":"https:\/\/fpsuperiorufv.es\/blog\/wp-content\/uploads\/2025\/08\/habitos-saludables-para-el-aparato-digestivo.png","datePublished":"2026-02-26T13:58:58+00:00","dateModified":"2026-03-09T10:30:52+00:00","breadcrumb":{"@id":"https:\/\/fpsuperiorufv.es\/blog\/plazos-de-admision-fp-en-dietetica-2026-2027-en-madrid-fechas-y-pasos-blog\/#breadcrumb"},"inLanguage":"es","potentialAction":[{"@type":"ReadAction","target":["https:\/\/fpsuperiorufv.es\/blog\/plazos-de-admision-fp-en-dietetica-2026-2027-en-madrid-fechas-y-pasos-blog\/"]}]},{"@type":"ImageObject","inLanguage":"es","@id":"https:\/\/fpsuperiorufv.es\/blog\/plazos-de-admision-fp-en-dietetica-2026-2027-en-madrid-fechas-y-pasos-blog\/#primaryimage","url":"https:\/\/fpsuperiorufv.es\/blog\/wp-content\/uploads\/2025\/08\/habitos-saludables-para-el-aparato-digestivo.png","contentUrl":"https:\/\/fpsuperiorufv.es\/blog\/wp-content\/uploads\/2025\/08\/habitos-saludables-para-el-aparato-digestivo.png","width":1280,"height":854},{"@type":"BreadcrumbList","@id":"https:\/\/fpsuperiorufv.es\/blog\/plazos-de-admision-fp-en-dietetica-2026-2027-en-madrid-fechas-y-pasos-blog\/#breadcrumb","itemListElement":[{"@type":"ListItem","position":1,"name":"Home","item":"https:\/\/fpsuperiorufv.es\/blog\/"},{"@type":"ListItem","position":2,"name":"Plazos de admisi\u00f3n FP en Diet\u00e9tica 2026\/2027 en Madrid: fechas y pasos"}]},{"@type":"WebSite","@id":"https:\/\/fpsuperiorufv.es\/blog\/#website","url":"https:\/\/fpsuperiorufv.es\/blog\/","name":"Fp Superior Francisco de Vitoria","description":"","publisher":{"@id":"https:\/\/fpsuperiorufv.es\/blog\/#organization"},"alternateName":"Cetys","potentialAction":[{"@type":"SearchAction","target":{"@type":"EntryPoint","urlTemplate":"https:\/\/fpsuperiorufv.es\/blog\/?s={search_term_string}"},"query-input":{"@type":"PropertyValueSpecification","valueRequired":true,"valueName":"search_term_string"}}],"inLanguage":"es"},{"@type":"Organization","@id":"https:\/\/fpsuperiorufv.es\/blog\/#organization","name":"Cetys","url":"https:\/\/fpsuperiorufv.es\/blog\/","logo":{"@type":"ImageObject","inLanguage":"es","@id":"https:\/\/fpsuperiorufv.es\/blog\/#\/schema\/logo\/image\/","url":"https:\/\/fpsuperiorufv.lo\/wp-content\/uploads\/2025\/02\/logo.svg","contentUrl":"https:\/\/fpsuperiorufv.lo\/wp-content\/uploads\/2025\/02\/logo.svg","width":"1024","height":"1024","caption":"Cetys"},"image":{"@id":"https:\/\/fpsuperiorufv.es\/blog\/#\/schema\/logo\/image\/"}},{"@type":"Person","@id":"https:\/\/fpsuperiorufv.es\/blog\/#\/schema\/person\/6eed41dc866f12d961994f51f39f8796","name":"FP Superior UFV","image":{"@type":"ImageObject","inLanguage":"es","@id":"https:\/\/secure.gravatar.com\/avatar\/2cb5eeb90ddddf18129790c93583d4ae96ca8a625c07994637c8fc9d35252ce5?s=96&d=mm&r=g","url":"https:\/\/secure.gravatar.com\/avatar\/2cb5eeb90ddddf18129790c93583d4ae96ca8a625c07994637c8fc9d35252ce5?s=96&d=mm&r=g","contentUrl":"https:\/\/secure.gravatar.com\/avatar\/2cb5eeb90ddddf18129790c93583d4ae96ca8a625c07994637c8fc9d35252ce5?s=96&d=mm&r=g","caption":"FP Superior UFV"},"url":"https:\/\/fpsuperiorufv.es\/blog\/author\/cetys\/"}]}},"_links":{"self":[{"href":"https:\/\/fpsuperiorufv.es\/blog\/wp-json\/wp\/v2\/posts\/282143","targetHints":{"allow":["GET"]}}],"collection":[{"href":"https:\/\/fpsuperiorufv.es\/blog\/wp-json\/wp\/v2\/posts"}],"about":[{"href":"https:\/\/fpsuperiorufv.es\/blog\/wp-json\/wp\/v2\/types\/post"}],"author":[{"embeddable":true,"href":"https:\/\/fpsuperiorufv.es\/blog\/wp-json\/wp\/v2\/users\/3"}],"replies":[{"embeddable":true,"href":"https:\/\/fpsuperiorufv.es\/blog\/wp-json\/wp\/v2\/comments?post=282143"}],"version-history":[{"count":1,"href":"https:\/\/fpsuperiorufv.es\/blog\/wp-json\/wp\/v2\/posts\/282143\/revisions"}],"predecessor-version":[{"id":282387,"href":"https:\/\/fpsuperiorufv.es\/blog\/wp-json\/wp\/v2\/posts\/282143\/revisions\/282387"}],"wp:featuredmedia":[{"embeddable":true,"href":"https:\/\/fpsuperiorufv.es\/blog\/wp-json\/wp\/v2\/media\/2582"}],"wp:attachment":[{"href":"https:\/\/fpsuperiorufv.es\/blog\/wp-json\/wp\/v2\/media?parent=282143"}],"wp:term":[{"taxonomy":"category","embeddable":true,"href":"https:\/\/fpsuperiorufv.es\/blog\/wp-json\/wp\/v2\/categories?post=282143"},{"taxonomy":"post_tag","embeddable":true,"href":"https:\/\/fpsuperiorufv.es\/blog\/wp-json\/wp\/v2\/tags?post=282143"}],"curies":[{"name":"wp","href":"https:\/\/api.w.org\/{rel}","templated":true}]}}