{"id":282348,"date":"2026-02-11T15:59:02","date_gmt":"2026-02-11T15:59:02","guid":{"rendered":"https:\/\/soleyantonio.es\/que-se-estudia-en-fp-en-educacion-infantil-asignaturas-horas-y-salidas\/"},"modified":"2026-02-27T10:50:47","modified_gmt":"2026-02-27T09:50:47","slug":"que-se-estudia-en-fp-en-educacion-infantil-asignaturas-horas-y-salidas-blog","status":"publish","type":"post","link":"https:\/\/fpsuperiorufv.es\/blog\/que-se-estudia-en-fp-en-educacion-infantil-asignaturas-horas-y-salidas-blog\/","title":{"rendered":"Qu\u00e9 se estudia en FP en Educaci\u00f3n Infantil: asignaturas horas y salidas"},"content":{"rendered":"<h2>Qu\u00e9 se estudia en FP en Educaci\u00f3n Infantil: asignaturas, horas y salidas<\/h2>\n<p>Si te encanta trabajar con ni\u00f1os y deseas contribuir a su desarrollo y aprendizaje, has llegado al lugar indicado. En nuestro Ciclo Formativo de Grado Superior en Educaci\u00f3n Infantil, te ofrecemos todo lo que necesitas para convertirte en un profesional del sector. \u00a1Vamos a descubrir juntos qu\u00e9 se estudia, qu\u00e9 asignaturas cursar\u00e1s y cu\u00e1les son las salidas laborales que te esperan!<\/p>\n<h2>Curiosidades y datos interesantes sobre la FP en Educaci\u00f3n Infantil<\/h2>\n<ul>\n<li>El Ciclo Formativo de Grado Superior en Educaci\u00f3n Infantil tiene una duraci\u00f3n de 2 a\u00f1os.<\/li>\n<li>Las asignaturas combinan teor\u00eda y pr\u00e1ctica, lo que te prepara para el mundo real.<\/li>\n<li>La tasa de empleabilidad en este sector es muy alta, con un 80% de graduados trabajando en su \u00e1rea.<\/li>\n<li>Podr\u00e1s realizar pr\u00e1cticas en centros educativos, lo que te dar\u00e1 experiencia directa.<\/li>\n<li>La formaci\u00f3n incluye t\u00e9cnicas de estimulaci\u00f3n del desarrollo infantil y atenci\u00f3n a la diversidad.<\/li>\n<\/ul>\n<h2>Asignaturas que estudiar\u00e1s en el Ciclo Formativo<\/h2>\n<p>Durante el ciclo, cursar\u00e1s diversas asignaturas que abarcan temas fundamentales en el \u00e1mbito de la educaci\u00f3n infantil. Estas son algunas de las asignaturas principales:<\/p>\n<h3>Primer a\u00f1o<\/h3>\n<ul>\n<li><strong>Desarrollo cognitivo y motor<\/strong>: Aprender\u00e1s sobre las etapas del desarrollo infantil.<\/li>\n<li><strong>Desarrollo socioafectivo<\/strong>: Estudiar\u00e1s c\u00f3mo se relacionan los ni\u00f1os entre s\u00ed.<\/li>\n<li><strong>Intervenci\u00f3n con familias<\/strong>: Ver\u00e1s c\u00f3mo involucrar a las familias en el proceso educativo.<\/li>\n<li><strong>Juegos y actividades<\/strong>: Te ense\u00f1aremos la importancia del juego en la educaci\u00f3n.<\/li>\n<\/ul>\n<h3>Segundo a\u00f1o<\/h3>\n<ul>\n<li><strong>Atenci\u00f3n a la diversidad<\/strong>: Aprender\u00e1s a trabajar con ni\u00f1os con diferentes necesidades.<\/li>\n<li><strong>Proyectos de intervenci\u00f3n<\/strong>: Dise\u00f1ar\u00e1s y ejecutar\u00e1s proyectos educativos.<\/li>\n<li><strong>Pr\u00e1cticas en empresas<\/strong>: Tendr\u00e1s la oportunidad de aplicar lo aprendido en un entorno real.<\/li>\n<li><strong>Formaci\u00f3n y orientaci\u00f3n laboral<\/strong>: Te prepararemos para la b\u00fasqueda de empleo y la creaci\u00f3n de tu propio proyecto.<\/li>\n<\/ul>\n<h2>Horas de formaci\u00f3n<\/h2>\n<p>El Ciclo Formativo de Grado Superior en Educaci\u00f3n Infantil se estructura en un total de 2000 horas, distribuidas de la siguiente manera:<\/p>\n<ul>\n<li><strong>Teor\u00eda:<\/strong> Alrededor de 1400 horas de formaci\u00f3n te\u00f3rica en aulas.<\/li>\n<li><strong>Pr\u00e1cticas:<\/strong> Aproximadamente 600 horas en centros educativos, donde aplicar\u00e1s tus conocimientos.<\/li>\n<\/ul>\n<p>Esta combinaci\u00f3n de teor\u00eda y pr\u00e1ctica asegura que, al finalizar el ciclo, estar\u00e1s completamente preparado para enfrentar los retos del mundo laboral.<\/p>\n<h2>Salidas laborales en el \u00e1mbito de la educaci\u00f3n infantil<\/h2>\n<p>Una de las preguntas que m\u00e1s nos hacen es sobre las salidas laborales. Al obtener tu t\u00edtulo, tendr\u00e1s m\u00faltiples opciones de trabajo. Algunas de las m\u00e1s comunes son:<\/p>\n<ul>\n<li>Educador\/a infantil en escuelas y guarder\u00edas.<\/li>\n<li>Monitor\/a de actividades extraescolares.<\/li>\n<li>Asistente en programas de atenci\u00f3n a la diversidad.<\/li>\n<li>Creaci\u00f3n y gesti\u00f3n de tu propia escuela infantil.<\/li>\n<\/ul>\n<p>La educaci\u00f3n infantil es un campo en constante crecimiento, y cada vez se necesita m\u00e1s personal cualificado. Al matricularte en nuestro ciclo, estar\u00e1s dando un gran paso hacia un futuro profesional prometedor. Si quieres saber m\u00e1s sobre el <a href=\"https:\/\/fpsuperiorufv.es\/secretaria-admision-y-ayuda\/\">proceso de admisi\u00f3n<\/a>, no dudes en consultarlo.<\/p>\n<h2>\u00bfPor qu\u00e9 elegir nuestra FP en Educaci\u00f3n Infantil?<\/h2>\n<p>En la FP Superior Francisco de Vitoria, no solo te ofrecemos un programa acad\u00e9mico s\u00f3lido, sino tambi\u00e9n un ambiente de aprendizaje enriquecedor. Algunas razones para elegirnos son:<\/p>\n<ul>\n<li>Profesores altamente cualificados con experiencia en el sector.<\/li>\n<li>Instalaciones modernas y adaptadas a las necesidades educativas.<\/li>\n<li>Enfoque pr\u00e1ctico que garantiza una formaci\u00f3n integral.<\/li>\n<li>Red de contactos en el sector que facilitar\u00e1 tus oportunidades laborales.<\/li>\n<\/ul>\n<h2>Preguntas frecuentes<\/h2>\n<h2>\u00bfQu\u00e9 requisitos necesito para acceder al ciclo formativo?<\/h2>\n<p>Para acceder a nuestro Ciclo Formativo de Grado Superior en Educaci\u00f3n Infantil, necesitar\u00e1s tener el t\u00edtulo de Bachillerato, un t\u00edtulo de T\u00e9cnico o cumplir con otros requisitos espec\u00edficos que podr\u00e1s consultar en nuestra web.<\/p>\n<h2>\u00bfPuedo estudiar mientras trabajo?<\/h2>\n<p>S\u00ed, ofrecemos modalidades de estudio flexible que te permiten compaginar tus estudios con un trabajo. Consulta nuestras opciones para encontrar la que mejor se adapte a tus necesidades.<\/p>\n<h2>\u00bfHay pr\u00e1cticas incluidas en el ciclo?<\/h2>\n<p>Absolutamente. Las pr\u00e1cticas son una parte esencial de tu formaci\u00f3n y te permitir\u00e1n aplicar lo aprendido en un entorno real. Tendr\u00e1s la oportunidad de trabajar en diversas instituciones educativas.<\/p>\n<h2>\u00bfCu\u00e1l es la duraci\u00f3n del ciclo?<\/h2>\n<p>El Ciclo Formativo de Grado Superior en Educaci\u00f3n Infantil tiene una duraci\u00f3n de 2 a\u00f1os, donde combinar\u00e1s teor\u00eda y pr\u00e1ctica para convertirte en un profesional del sector.<\/p>\n<h2>\u00bfC\u00f3mo puedo matricularme?<\/h2>\n<p>Si ya est\u00e1s decidido a formar parte de nuestra comunidad educativa, consulta el <a href=\"https:\/\/fpsuperiorufv.es\/secretaria-admision-y-ayuda\/\">proceso de admisi\u00f3n<\/a> y descubre todos los pasos que debes seguir para matricularte.<\/p>\n<p>\u00a1No pierdas la oportunidad de iniciar tu carrera en la educaci\u00f3n infantil con nosotros! Estaremos encantados de acompa\u00f1arte en este emocionante camino.<\/p>\n","protected":false},"excerpt":{"rendered":"<p>Qu\u00e9 se estudia en FP en Educaci\u00f3n Infantil: asignaturas, horas y salidas Si te encanta trabajar con ni\u00f1os y deseas contribuir a su desarrollo y aprendizaje, has llegado al lugar indicado. En nuestro Ciclo Formativo de Grado Superior en Educaci\u00f3n Infantil, te ofrecemos todo lo que necesitas para convertirte en un profesional del sector. \u00a1Vamos [&hellip;]<\/p>\n","protected":false},"author":3,"featured_media":2695,"comment_status":"open","ping_status":"open","sticky":false,"template":"","format":"standard","meta":{"inline_featured_image":false,"footnotes":""},"categories":[376,393],"tags":[],"class_list":["post-282348","post","type-post","status-publish","format-standard","has-post-thumbnail","hentry","category-educacion-infantil","category-preguntas-frecuentes"],"yoast_head":"<!-- This site is optimized with the Yoast SEO plugin v27.4 - https:\/\/yoast.com\/product\/yoast-seo-wordpress\/ -->\n<title>Qu\u00e9 se estudia en FP en Educaci\u00f3n Infantil: asignaturas horas y salidas - Cetys<\/title>\n<meta name=\"robots\" content=\"index, follow, max-snippet:-1, max-image-preview:large, max-video-preview:-1\" \/>\n<link rel=\"canonical\" href=\"https:\/\/fpsuperiorufv.es\/blog\/que-se-estudia-en-fp-en-educacion-infantil-asignaturas-horas-y-salidas-blog\/\" \/>\n<meta property=\"og:locale\" content=\"es_ES\" \/>\n<meta property=\"og:type\" content=\"article\" \/>\n<meta property=\"og:title\" content=\"Qu\u00e9 se estudia en FP en Educaci\u00f3n Infantil: asignaturas horas y salidas - Cetys\" \/>\n<meta property=\"og:description\" content=\"Qu\u00e9 se estudia en FP en Educaci\u00f3n Infantil: asignaturas, horas y salidas Si te encanta trabajar con ni\u00f1os y deseas contribuir a su desarrollo y aprendizaje, has llegado al lugar indicado. En nuestro Ciclo Formativo de Grado Superior en Educaci\u00f3n Infantil, te ofrecemos todo lo que necesitas para convertirte en un profesional del sector. \u00a1Vamos [&hellip;]\" \/>\n<meta property=\"og:url\" content=\"https:\/\/fpsuperiorufv.es\/blog\/que-se-estudia-en-fp-en-educacion-infantil-asignaturas-horas-y-salidas-blog\/\" \/>\n<meta property=\"og:site_name\" content=\"Cetys\" \/>\n<meta property=\"article:published_time\" content=\"2026-02-11T15:59:02+00:00\" \/>\n<meta property=\"article:modified_time\" content=\"2026-02-27T09:50:47+00:00\" \/>\n<meta property=\"og:image\" content=\"https:\/\/fpsuperiorufv.es\/blog\/wp-content\/uploads\/2025\/08\/EducacionInfantil_011-scaled-1.jpg\" \/>\n\t<meta property=\"og:image:width\" content=\"2560\" \/>\n\t<meta property=\"og:image:height\" content=\"1707\" \/>\n\t<meta property=\"og:image:type\" content=\"image\/jpeg\" \/>\n<meta name=\"author\" content=\"FP Superior UFV\" \/>\n<meta name=\"twitter:card\" content=\"summary_large_image\" \/>\n<meta name=\"twitter:label1\" content=\"Escrito por\" \/>\n\t<meta name=\"twitter:data1\" content=\"FP Superior UFV\" \/>\n\t<meta name=\"twitter:label2\" content=\"Tiempo de lectura\" \/>\n\t<meta name=\"twitter:data2\" content=\"4 minutos\" \/>\n<script type=\"application\/ld+json\" class=\"yoast-schema-graph\">{\"@context\":\"https:\\\/\\\/schema.org\",\"@graph\":[{\"@type\":\"Article\",\"@id\":\"https:\\\/\\\/fpsuperiorufv.es\\\/blog\\\/que-se-estudia-en-fp-en-educacion-infantil-asignaturas-horas-y-salidas-blog\\\/#article\",\"isPartOf\":{\"@id\":\"https:\\\/\\\/fpsuperiorufv.es\\\/blog\\\/que-se-estudia-en-fp-en-educacion-infantil-asignaturas-horas-y-salidas-blog\\\/\"},\"author\":{\"name\":\"FP Superior UFV\",\"@id\":\"https:\\\/\\\/fpsuperiorufv.es\\\/blog\\\/#\\\/schema\\\/person\\\/6eed41dc866f12d961994f51f39f8796\"},\"headline\":\"Qu\u00e9 se estudia en FP en Educaci\u00f3n Infantil: asignaturas horas y salidas\",\"datePublished\":\"2026-02-11T15:59:02+00:00\",\"dateModified\":\"2026-02-27T09:50:47+00:00\",\"mainEntityOfPage\":{\"@id\":\"https:\\\/\\\/fpsuperiorufv.es\\\/blog\\\/que-se-estudia-en-fp-en-educacion-infantil-asignaturas-horas-y-salidas-blog\\\/\"},\"wordCount\":840,\"commentCount\":0,\"publisher\":{\"@id\":\"https:\\\/\\\/fpsuperiorufv.es\\\/blog\\\/#organization\"},\"image\":{\"@id\":\"https:\\\/\\\/fpsuperiorufv.es\\\/blog\\\/que-se-estudia-en-fp-en-educacion-infantil-asignaturas-horas-y-salidas-blog\\\/#primaryimage\"},\"thumbnailUrl\":\"https:\\\/\\\/fpsuperiorufv.es\\\/blog\\\/wp-content\\\/uploads\\\/2025\\\/08\\\/EducacionInfantil_011-scaled-1.jpg\",\"articleSection\":[\"Educaci\u00f3n Infantil\",\"Preguntas frecuentes\"],\"inLanguage\":\"es\",\"potentialAction\":[{\"@type\":\"CommentAction\",\"name\":\"Comment\",\"target\":[\"https:\\\/\\\/fpsuperiorufv.es\\\/blog\\\/que-se-estudia-en-fp-en-educacion-infantil-asignaturas-horas-y-salidas-blog\\\/#respond\"]}]},{\"@type\":\"WebPage\",\"@id\":\"https:\\\/\\\/fpsuperiorufv.es\\\/blog\\\/que-se-estudia-en-fp-en-educacion-infantil-asignaturas-horas-y-salidas-blog\\\/\",\"url\":\"https:\\\/\\\/fpsuperiorufv.es\\\/blog\\\/que-se-estudia-en-fp-en-educacion-infantil-asignaturas-horas-y-salidas-blog\\\/\",\"name\":\"Qu\u00e9 se estudia en FP en Educaci\u00f3n Infantil: asignaturas horas y salidas - Cetys\",\"isPartOf\":{\"@id\":\"https:\\\/\\\/fpsuperiorufv.es\\\/blog\\\/#website\"},\"primaryImageOfPage\":{\"@id\":\"https:\\\/\\\/fpsuperiorufv.es\\\/blog\\\/que-se-estudia-en-fp-en-educacion-infantil-asignaturas-horas-y-salidas-blog\\\/#primaryimage\"},\"image\":{\"@id\":\"https:\\\/\\\/fpsuperiorufv.es\\\/blog\\\/que-se-estudia-en-fp-en-educacion-infantil-asignaturas-horas-y-salidas-blog\\\/#primaryimage\"},\"thumbnailUrl\":\"https:\\\/\\\/fpsuperiorufv.es\\\/blog\\\/wp-content\\\/uploads\\\/2025\\\/08\\\/EducacionInfantil_011-scaled-1.jpg\",\"datePublished\":\"2026-02-11T15:59:02+00:00\",\"dateModified\":\"2026-02-27T09:50:47+00:00\",\"breadcrumb\":{\"@id\":\"https:\\\/\\\/fpsuperiorufv.es\\\/blog\\\/que-se-estudia-en-fp-en-educacion-infantil-asignaturas-horas-y-salidas-blog\\\/#breadcrumb\"},\"inLanguage\":\"es\",\"potentialAction\":[{\"@type\":\"ReadAction\",\"target\":[\"https:\\\/\\\/fpsuperiorufv.es\\\/blog\\\/que-se-estudia-en-fp-en-educacion-infantil-asignaturas-horas-y-salidas-blog\\\/\"]}]},{\"@type\":\"ImageObject\",\"inLanguage\":\"es\",\"@id\":\"https:\\\/\\\/fpsuperiorufv.es\\\/blog\\\/que-se-estudia-en-fp-en-educacion-infantil-asignaturas-horas-y-salidas-blog\\\/#primaryimage\",\"url\":\"https:\\\/\\\/fpsuperiorufv.es\\\/blog\\\/wp-content\\\/uploads\\\/2025\\\/08\\\/EducacionInfantil_011-scaled-1.jpg\",\"contentUrl\":\"https:\\\/\\\/fpsuperiorufv.es\\\/blog\\\/wp-content\\\/uploads\\\/2025\\\/08\\\/EducacionInfantil_011-scaled-1.jpg\",\"width\":2560,\"height\":1707},{\"@type\":\"BreadcrumbList\",\"@id\":\"https:\\\/\\\/fpsuperiorufv.es\\\/blog\\\/que-se-estudia-en-fp-en-educacion-infantil-asignaturas-horas-y-salidas-blog\\\/#breadcrumb\",\"itemListElement\":[{\"@type\":\"ListItem\",\"position\":1,\"name\":\"Home\",\"item\":\"https:\\\/\\\/fpsuperiorufv.es\\\/blog\\\/\"},{\"@type\":\"ListItem\",\"position\":2,\"name\":\"Qu\u00e9 se estudia en FP en Educaci\u00f3n Infantil: asignaturas horas y salidas\"}]},{\"@type\":\"WebSite\",\"@id\":\"https:\\\/\\\/fpsuperiorufv.es\\\/blog\\\/#website\",\"url\":\"https:\\\/\\\/fpsuperiorufv.es\\\/blog\\\/\",\"name\":\"Fp Superior Francisco de Vitoria\",\"description\":\"\",\"publisher\":{\"@id\":\"https:\\\/\\\/fpsuperiorufv.es\\\/blog\\\/#organization\"},\"alternateName\":\"Cetys\",\"potentialAction\":[{\"@type\":\"SearchAction\",\"target\":{\"@type\":\"EntryPoint\",\"urlTemplate\":\"https:\\\/\\\/fpsuperiorufv.es\\\/blog\\\/?s={search_term_string}\"},\"query-input\":{\"@type\":\"PropertyValueSpecification\",\"valueRequired\":true,\"valueName\":\"search_term_string\"}}],\"inLanguage\":\"es\"},{\"@type\":\"Organization\",\"@id\":\"https:\\\/\\\/fpsuperiorufv.es\\\/blog\\\/#organization\",\"name\":\"Cetys\",\"url\":\"https:\\\/\\\/fpsuperiorufv.es\\\/blog\\\/\",\"logo\":{\"@type\":\"ImageObject\",\"inLanguage\":\"es\",\"@id\":\"https:\\\/\\\/fpsuperiorufv.es\\\/blog\\\/#\\\/schema\\\/logo\\\/image\\\/\",\"url\":\"https:\\\/\\\/fpsuperiorufv.lo\\\/wp-content\\\/uploads\\\/2025\\\/02\\\/logo.svg\",\"contentUrl\":\"https:\\\/\\\/fpsuperiorufv.lo\\\/wp-content\\\/uploads\\\/2025\\\/02\\\/logo.svg\",\"width\":\"1024\",\"height\":\"1024\",\"caption\":\"Cetys\"},\"image\":{\"@id\":\"https:\\\/\\\/fpsuperiorufv.es\\\/blog\\\/#\\\/schema\\\/logo\\\/image\\\/\"}},{\"@type\":\"Person\",\"@id\":\"https:\\\/\\\/fpsuperiorufv.es\\\/blog\\\/#\\\/schema\\\/person\\\/6eed41dc866f12d961994f51f39f8796\",\"name\":\"FP Superior UFV\",\"image\":{\"@type\":\"ImageObject\",\"inLanguage\":\"es\",\"@id\":\"https:\\\/\\\/secure.gravatar.com\\\/avatar\\\/2cb5eeb90ddddf18129790c93583d4ae96ca8a625c07994637c8fc9d35252ce5?s=96&d=mm&r=g\",\"url\":\"https:\\\/\\\/secure.gravatar.com\\\/avatar\\\/2cb5eeb90ddddf18129790c93583d4ae96ca8a625c07994637c8fc9d35252ce5?s=96&d=mm&r=g\",\"contentUrl\":\"https:\\\/\\\/secure.gravatar.com\\\/avatar\\\/2cb5eeb90ddddf18129790c93583d4ae96ca8a625c07994637c8fc9d35252ce5?s=96&d=mm&r=g\",\"caption\":\"FP Superior UFV\"},\"url\":\"https:\\\/\\\/fpsuperiorufv.es\\\/blog\\\/author\\\/cetys\\\/\"}]}<\/script>\n<!-- \/ Yoast SEO plugin. -->","yoast_head_json":{"title":"Qu\u00e9 se estudia en FP en Educaci\u00f3n Infantil: asignaturas horas y salidas - Cetys","robots":{"index":"index","follow":"follow","max-snippet":"max-snippet:-1","max-image-preview":"max-image-preview:large","max-video-preview":"max-video-preview:-1"},"canonical":"https:\/\/fpsuperiorufv.es\/blog\/que-se-estudia-en-fp-en-educacion-infantil-asignaturas-horas-y-salidas-blog\/","og_locale":"es_ES","og_type":"article","og_title":"Qu\u00e9 se estudia en FP en Educaci\u00f3n Infantil: asignaturas horas y salidas - Cetys","og_description":"Qu\u00e9 se estudia en FP en Educaci\u00f3n Infantil: asignaturas, horas y salidas Si te encanta trabajar con ni\u00f1os y deseas contribuir a su desarrollo y aprendizaje, has llegado al lugar indicado. En nuestro Ciclo Formativo de Grado Superior en Educaci\u00f3n Infantil, te ofrecemos todo lo que necesitas para convertirte en un profesional del sector. \u00a1Vamos [&hellip;]","og_url":"https:\/\/fpsuperiorufv.es\/blog\/que-se-estudia-en-fp-en-educacion-infantil-asignaturas-horas-y-salidas-blog\/","og_site_name":"Cetys","article_published_time":"2026-02-11T15:59:02+00:00","article_modified_time":"2026-02-27T09:50:47+00:00","og_image":[{"width":2560,"height":1707,"url":"https:\/\/fpsuperiorufv.es\/blog\/wp-content\/uploads\/2025\/08\/EducacionInfantil_011-scaled-1.jpg","type":"image\/jpeg"}],"author":"FP Superior UFV","twitter_card":"summary_large_image","twitter_misc":{"Escrito por":"FP Superior UFV","Tiempo de lectura":"4 minutos"},"schema":{"@context":"https:\/\/schema.org","@graph":[{"@type":"Article","@id":"https:\/\/fpsuperiorufv.es\/blog\/que-se-estudia-en-fp-en-educacion-infantil-asignaturas-horas-y-salidas-blog\/#article","isPartOf":{"@id":"https:\/\/fpsuperiorufv.es\/blog\/que-se-estudia-en-fp-en-educacion-infantil-asignaturas-horas-y-salidas-blog\/"},"author":{"name":"FP Superior UFV","@id":"https:\/\/fpsuperiorufv.es\/blog\/#\/schema\/person\/6eed41dc866f12d961994f51f39f8796"},"headline":"Qu\u00e9 se estudia en FP en Educaci\u00f3n Infantil: asignaturas horas y salidas","datePublished":"2026-02-11T15:59:02+00:00","dateModified":"2026-02-27T09:50:47+00:00","mainEntityOfPage":{"@id":"https:\/\/fpsuperiorufv.es\/blog\/que-se-estudia-en-fp-en-educacion-infantil-asignaturas-horas-y-salidas-blog\/"},"wordCount":840,"commentCount":0,"publisher":{"@id":"https:\/\/fpsuperiorufv.es\/blog\/#organization"},"image":{"@id":"https:\/\/fpsuperiorufv.es\/blog\/que-se-estudia-en-fp-en-educacion-infantil-asignaturas-horas-y-salidas-blog\/#primaryimage"},"thumbnailUrl":"https:\/\/fpsuperiorufv.es\/blog\/wp-content\/uploads\/2025\/08\/EducacionInfantil_011-scaled-1.jpg","articleSection":["Educaci\u00f3n Infantil","Preguntas frecuentes"],"inLanguage":"es","potentialAction":[{"@type":"CommentAction","name":"Comment","target":["https:\/\/fpsuperiorufv.es\/blog\/que-se-estudia-en-fp-en-educacion-infantil-asignaturas-horas-y-salidas-blog\/#respond"]}]},{"@type":"WebPage","@id":"https:\/\/fpsuperiorufv.es\/blog\/que-se-estudia-en-fp-en-educacion-infantil-asignaturas-horas-y-salidas-blog\/","url":"https:\/\/fpsuperiorufv.es\/blog\/que-se-estudia-en-fp-en-educacion-infantil-asignaturas-horas-y-salidas-blog\/","name":"Qu\u00e9 se estudia en FP en Educaci\u00f3n Infantil: asignaturas horas y salidas - Cetys","isPartOf":{"@id":"https:\/\/fpsuperiorufv.es\/blog\/#website"},"primaryImageOfPage":{"@id":"https:\/\/fpsuperiorufv.es\/blog\/que-se-estudia-en-fp-en-educacion-infantil-asignaturas-horas-y-salidas-blog\/#primaryimage"},"image":{"@id":"https:\/\/fpsuperiorufv.es\/blog\/que-se-estudia-en-fp-en-educacion-infantil-asignaturas-horas-y-salidas-blog\/#primaryimage"},"thumbnailUrl":"https:\/\/fpsuperiorufv.es\/blog\/wp-content\/uploads\/2025\/08\/EducacionInfantil_011-scaled-1.jpg","datePublished":"2026-02-11T15:59:02+00:00","dateModified":"2026-02-27T09:50:47+00:00","breadcrumb":{"@id":"https:\/\/fpsuperiorufv.es\/blog\/que-se-estudia-en-fp-en-educacion-infantil-asignaturas-horas-y-salidas-blog\/#breadcrumb"},"inLanguage":"es","potentialAction":[{"@type":"ReadAction","target":["https:\/\/fpsuperiorufv.es\/blog\/que-se-estudia-en-fp-en-educacion-infantil-asignaturas-horas-y-salidas-blog\/"]}]},{"@type":"ImageObject","inLanguage":"es","@id":"https:\/\/fpsuperiorufv.es\/blog\/que-se-estudia-en-fp-en-educacion-infantil-asignaturas-horas-y-salidas-blog\/#primaryimage","url":"https:\/\/fpsuperiorufv.es\/blog\/wp-content\/uploads\/2025\/08\/EducacionInfantil_011-scaled-1.jpg","contentUrl":"https:\/\/fpsuperiorufv.es\/blog\/wp-content\/uploads\/2025\/08\/EducacionInfantil_011-scaled-1.jpg","width":2560,"height":1707},{"@type":"BreadcrumbList","@id":"https:\/\/fpsuperiorufv.es\/blog\/que-se-estudia-en-fp-en-educacion-infantil-asignaturas-horas-y-salidas-blog\/#breadcrumb","itemListElement":[{"@type":"ListItem","position":1,"name":"Home","item":"https:\/\/fpsuperiorufv.es\/blog\/"},{"@type":"ListItem","position":2,"name":"Qu\u00e9 se estudia en FP en Educaci\u00f3n Infantil: asignaturas horas y salidas"}]},{"@type":"WebSite","@id":"https:\/\/fpsuperiorufv.es\/blog\/#website","url":"https:\/\/fpsuperiorufv.es\/blog\/","name":"Fp Superior Francisco de Vitoria","description":"","publisher":{"@id":"https:\/\/fpsuperiorufv.es\/blog\/#organization"},"alternateName":"Cetys","potentialAction":[{"@type":"SearchAction","target":{"@type":"EntryPoint","urlTemplate":"https:\/\/fpsuperiorufv.es\/blog\/?s={search_term_string}"},"query-input":{"@type":"PropertyValueSpecification","valueRequired":true,"valueName":"search_term_string"}}],"inLanguage":"es"},{"@type":"Organization","@id":"https:\/\/fpsuperiorufv.es\/blog\/#organization","name":"Cetys","url":"https:\/\/fpsuperiorufv.es\/blog\/","logo":{"@type":"ImageObject","inLanguage":"es","@id":"https:\/\/fpsuperiorufv.es\/blog\/#\/schema\/logo\/image\/","url":"https:\/\/fpsuperiorufv.lo\/wp-content\/uploads\/2025\/02\/logo.svg","contentUrl":"https:\/\/fpsuperiorufv.lo\/wp-content\/uploads\/2025\/02\/logo.svg","width":"1024","height":"1024","caption":"Cetys"},"image":{"@id":"https:\/\/fpsuperiorufv.es\/blog\/#\/schema\/logo\/image\/"}},{"@type":"Person","@id":"https:\/\/fpsuperiorufv.es\/blog\/#\/schema\/person\/6eed41dc866f12d961994f51f39f8796","name":"FP Superior UFV","image":{"@type":"ImageObject","inLanguage":"es","@id":"https:\/\/secure.gravatar.com\/avatar\/2cb5eeb90ddddf18129790c93583d4ae96ca8a625c07994637c8fc9d35252ce5?s=96&d=mm&r=g","url":"https:\/\/secure.gravatar.com\/avatar\/2cb5eeb90ddddf18129790c93583d4ae96ca8a625c07994637c8fc9d35252ce5?s=96&d=mm&r=g","contentUrl":"https:\/\/secure.gravatar.com\/avatar\/2cb5eeb90ddddf18129790c93583d4ae96ca8a625c07994637c8fc9d35252ce5?s=96&d=mm&r=g","caption":"FP Superior UFV"},"url":"https:\/\/fpsuperiorufv.es\/blog\/author\/cetys\/"}]}},"_links":{"self":[{"href":"https:\/\/fpsuperiorufv.es\/blog\/wp-json\/wp\/v2\/posts\/282348","targetHints":{"allow":["GET"]}}],"collection":[{"href":"https:\/\/fpsuperiorufv.es\/blog\/wp-json\/wp\/v2\/posts"}],"about":[{"href":"https:\/\/fpsuperiorufv.es\/blog\/wp-json\/wp\/v2\/types\/post"}],"author":[{"embeddable":true,"href":"https:\/\/fpsuperiorufv.es\/blog\/wp-json\/wp\/v2\/users\/3"}],"replies":[{"embeddable":true,"href":"https:\/\/fpsuperiorufv.es\/blog\/wp-json\/wp\/v2\/comments?post=282348"}],"version-history":[{"count":2,"href":"https:\/\/fpsuperiorufv.es\/blog\/wp-json\/wp\/v2\/posts\/282348\/revisions"}],"predecessor-version":[{"id":282380,"href":"https:\/\/fpsuperiorufv.es\/blog\/wp-json\/wp\/v2\/posts\/282348\/revisions\/282380"}],"wp:featuredmedia":[{"embeddable":true,"href":"https:\/\/fpsuperiorufv.es\/blog\/wp-json\/wp\/v2\/media\/2695"}],"wp:attachment":[{"href":"https:\/\/fpsuperiorufv.es\/blog\/wp-json\/wp\/v2\/media?parent=282348"}],"wp:term":[{"taxonomy":"category","embeddable":true,"href":"https:\/\/fpsuperiorufv.es\/blog\/wp-json\/wp\/v2\/categories?post=282348"},{"taxonomy":"post_tag","embeddable":true,"href":"https:\/\/fpsuperiorufv.es\/blog\/wp-json\/wp\/v2\/tags?post=282348"}],"curies":[{"name":"wp","href":"https:\/\/api.w.org\/{rel}","templated":true}]}}