{"id":282660,"date":"2026-03-08T22:30:56","date_gmt":"2026-03-08T22:30:56","guid":{"rendered":"https:\/\/soleyantonio.es\/financiacion-para-estudiar-fp-en-administracion-y-finanzas-plazos-cuotas-y-opciones-sin-letra-pequena\/"},"modified":"2026-04-16T11:32:26","modified_gmt":"2026-04-16T09:32:26","slug":"financiacion-para-estudiar-fp-en-administracion-y-finanzas-plazos-cuotas-y-opciones-sin-letra-pequena-blog","status":"publish","type":"post","link":"https:\/\/fpsuperiorufv.es\/blog\/financiacion-para-estudiar-fp-en-administracion-y-finanzas-plazos-cuotas-y-opciones-sin-letra-pequena-blog\/","title":{"rendered":"Financiaci\u00f3n para estudiar FP en Administraci\u00f3n y Finanzas: plazos cuotas y opciones (sin letra peque\u00f1a)"},"content":{"rendered":"<h2>Financiaci\u00f3n para Estudiar FP en Administraci\u00f3n y Finanzas: Plazos, Cuotas y Opciones<\/h2>\n<p>\u00bfEst\u00e1s pensando en dar el paso hacia un futuro profesional en el campo de la Administraci\u00f3n y Finanzas? Sabemos que la financiaci\u00f3n puede ser una preocupaci\u00f3n, pero aqu\u00ed estamos para ayudarte a entender todas las opciones disponibles. En este art\u00edculo, vamos a desglosar las distintas formas de financiar tus estudios en FP Superior, as\u00ed como los plazos y cuotas que puedes manejar. \u00a1Vamos a ello!<\/p>\n<h2>Curiosidades e Informaci\u00f3n Clave<\/h2>\n<ul>\n<li>El 60% de los estudiantes de FP en Espa\u00f1a acceden a alguna forma de financiaci\u00f3n.<\/li>\n<li>Los Ciclos Formativos de Grado Superior en Administraci\u00f3n y Finanzas tienen una alta tasa de empleabilidad, superior al 80%.<\/li>\n<li>La duraci\u00f3n de estos ciclos es de dos a\u00f1os, lo que permite una r\u00e1pida incorporaci\u00f3n al mercado laboral.<\/li>\n<li>Existen becas y ayudas espec\u00edficas para estudiantes de FP, que pueden cubrir hasta el 100% de la matr\u00edcula.<\/li>\n<li>La mayor\u00eda de las entidades financieras ofrecen condiciones especiales para estudiantes, con intereses reducidos.<\/li>\n<\/ul>\n<h2>Opciones de Financiaci\u00f3n<\/h2>\n<p>Cuando hablamos de financiar tus estudios en FP, hay varias alternativas que puedes considerar. A continuaci\u00f3n, te presentamos las m\u00e1s comunes:<\/p>\n<h3>Becas y Ayudas<\/h3>\n<p>Las becas son una excelente opci\u00f3n para reducir el coste de tus estudios. En Espa\u00f1a, existen diversas ayudas destinadas a estudiantes de FP. Algunas de las m\u00e1s destacadas son:<\/p>\n<ul>\n<li><strong>Becas del Ministerio de Educaci\u00f3n:<\/strong> Estas becas son para estudiantes con menos recursos econ\u00f3micos.<\/li>\n<li><strong>Becas de la Comunidad de Madrid:<\/strong> Ofrecen apoyo financiero para estudiantes locales.<\/li>\n<li><strong>Becas de la universidad:<\/strong> En nuestra instituci\u00f3n, ofrecemos ayudas espec\u00edficas para estudiantes de FP.<\/li>\n<\/ul>\n<h3>Pr\u00e9stamos Estudiantiles<\/h3>\n<p>Los pr\u00e9stamos son otra alternativa a considerar. Aqu\u00ed tienes algunos puntos a tener en cuenta:<\/p>\n<ul>\n<li><strong>Intereses bajos:<\/strong> Muchas entidades financieras ofrecen pr\u00e9stamos con intereses reducidos para estudiantes.<\/li>\n<li><strong>Plazos flexibles:<\/strong> Puedes elegir plazos que se adapten a tu situaci\u00f3n financiera.<\/li>\n<li><strong>Devoluci\u00f3n tras finalizar los estudios:<\/strong> Algunos pr\u00e9stamos permiten comenzar a pagar una vez que termines tu formaci\u00f3n.<\/li>\n<\/ul>\n<h3>Pagos Fraccionados<\/h3>\n<p>Otra opci\u00f3n es el pago fraccionado de la matr\u00edcula. Esto te permite dividir el coste total en cuotas mensuales, facilitando la gesti\u00f3n econ\u00f3mica. Aqu\u00ed los aspectos a considerar:<\/p>\n<ul>\n<li><strong>Cuotas mensuales:<\/strong> Puedes establecer un plan de pagos que se ajuste a tu presupuesto.<\/li>\n<li><strong>Sin intereses adicionales:<\/strong> Normalmente, no se aplican intereses si el pago fraccionado se realiza dentro de los plazos establecidos.<\/li>\n<\/ul>\n<h2>Costes de Estudiar FP en Administraci\u00f3n y Finanzas<\/h2>\n<p>Es importante que conozcas los costes asociados a estudiar un Ciclo Formativo de Grado Superior. En general, los costes incluyen:<\/p>\n<ul>\n<li><strong>Matr\u00edcula:<\/strong> El coste puede variar seg\u00fan la instituci\u00f3n, pero generalmente se sit\u00faa entre 1.000 y 2.500 euros por a\u00f1o.<\/li>\n<li><strong>Materiales:<\/strong> Considera un gasto adicional en libros y materiales, que puede oscilar entre 200 y 500 euros anuales.<\/li>\n<li><strong>Otros gastos:<\/strong> Pueden incluir transporte, alojamiento (si es necesario) y actividades extracurriculares.<\/li>\n<\/ul>\n<h2>\u00bfC\u00f3mo Solicitar Ayudas y Pr\u00e9stamos?<\/h2>\n<p>El proceso de solicitud puede parecer complicado, pero aqu\u00ed estamos para simplificarlo. Te recomendamos seguir estos pasos:<\/p>\n<ul>\n<li><strong>Inf\u00f3rmate:<\/strong> Consulta las diferentes opciones de becas y pr\u00e9stamos disponibles.<\/li>\n<li><strong>Re\u00fane documentaci\u00f3n:<\/strong> Prepara toda la documentaci\u00f3n necesaria, como el DNI, justificantes econ\u00f3micos y acad\u00e9micos.<\/li>\n<li><strong>Solicita online:<\/strong> La mayor\u00eda de las solicitudes se pueden hacer a trav\u00e9s de plataformas online.<\/li>\n<li><strong>Espera respuesta:<\/strong> Una vez enviada tu solicitud, tendr\u00e1s que esperar la resoluci\u00f3n.<\/li>\n<\/ul>\n<h2>Ejemplo Pr\u00e1ctico de Financiaci\u00f3n<\/h2>\n<p>Para ilustrar mejor c\u00f3mo funciona la financiaci\u00f3n, vamos a ver un ejemplo pr\u00e1ctico:<\/p>\n<p>Imagina que decides estudiar un Ciclo Formativo de Grado Superior en Administraci\u00f3n y Finanzas, con un coste total de matr\u00edcula de 1.500 euros:<\/p>\n<ul>\n<li>Si decides solicitar una beca del Ministerio de Educaci\u00f3n y consigues una ayuda de 1.000 euros, solo deber\u00e1s pagar 500 euros.<\/li>\n<li>Si optas por un pr\u00e9stamo de 500 euros con un inter\u00e9s del 2%, y decides pagarlo en 12 meses, tu cuota mensual ser\u00e1 de aproximadamente 42 euros.<\/li>\n<li>Si eliges el pago fraccionado, podr\u00edas pagar 250 euros en dos cuotas de 125 euros cada una.<\/li>\n<\/ul>\n<h2>Ventajas de Estudiar FP en Administraci\u00f3n y Finanzas<\/h2>\n<p>Estudiar un Ciclo Formativo de Grado Superior en este campo tiene m\u00faltiples beneficios:<\/p>\n<ul>\n<li><strong>Alta empleabilidad:<\/strong> Muchos de nuestros estudiantes encuentran trabajo r\u00e1pidamente tras finalizar sus estudios.<\/li>\n<li><strong>Formaci\u00f3n pr\u00e1ctica:<\/strong> Aprender\u00e1s a trav\u00e9s de casos reales y pr\u00e1cticas en empresas.<\/li>\n<li><strong>Amplias salidas profesionales:<\/strong> Desde administraci\u00f3n hasta consultor\u00eda financiera, las opciones son numerosas.<\/li>\n<\/ul>\n<h2>Preguntas Frecuentes<\/h2>\n<h2>\u00bfQu\u00e9 becas est\u00e1n disponibles para estudiar FP?<\/h2>\n<p>Existen diversas becas, incluyendo las del Ministerio de Educaci\u00f3n y las de la Comunidad de Madrid. Te recomendamos visitar nuestra p\u00e1gina para m\u00e1s detalles sobre las ayudas que ofrecemos.<\/p>\n<h2>\u00bfPuedo conseguir un pr\u00e9stamo sin aval?<\/h2>\n<p>Algunas entidades ofrecen pr\u00e9stamos para estudiantes sin necesidad de aval, pero depender\u00e1 de tu perfil financiero y de la pol\u00edtica de cada banco.<\/p>\n<h2>\u00bfQu\u00e9 documentaci\u00f3n necesito para solicitar una beca?<\/h2>\n<p>Generalmente se requiere el DNI, el historial acad\u00e9mico y, en algunos casos, documentos que justifiquen la situaci\u00f3n econ\u00f3mica familiar.<\/p>\n<h2>\u00bfC\u00f3mo puedo matricularme en FP Superior?<\/h2>\n<p>Para matricularte, visita nuestra p\u00e1gina del <a href=https:\/\/fpsuperiorufv.es\/secretaria-admision-y-ayuda\/>Proceso de Admisi\u00f3n<\/a> donde encontrar\u00e1s toda la informaci\u00f3n necesaria y los pasos a seguir.<\/p>\n<p>\u00a1No dejes que la financiaci\u00f3n sea un obst\u00e1culo para alcanzar tus sue\u00f1os! Con toda esta informaci\u00f3n, estamos seguros de que podr\u00e1s tomar la mejor decisi\u00f3n para tu futuro profesional.<\/p>\n","protected":false},"excerpt":{"rendered":"<p>Financiaci\u00f3n para Estudiar FP en Administraci\u00f3n y Finanzas: Plazos, Cuotas y Opciones \u00bfEst\u00e1s pensando en dar el paso hacia un futuro profesional en el campo de la Administraci\u00f3n y Finanzas? Sabemos que la financiaci\u00f3n puede ser una preocupaci\u00f3n, pero aqu\u00ed estamos para ayudarte a entender todas las opciones disponibles. En este art\u00edculo, vamos a desglosar [&hellip;]<\/p>\n","protected":false},"author":1,"featured_media":1268,"comment_status":"open","ping_status":"open","sticky":false,"template":"","format":"standard","meta":{"inline_featured_image":false,"footnotes":""},"categories":[11,393],"tags":[],"class_list":["post-282660","post","type-post","status-publish","format-standard","has-post-thumbnail","hentry","category-administracion-y-finanzas","category-preguntas-frecuentes"],"yoast_head":"<!-- This site is optimized with the Yoast SEO plugin v27.4 - https:\/\/yoast.com\/product\/yoast-seo-wordpress\/ -->\n<title>Financiaci\u00f3n para estudiar FP en Administraci\u00f3n y Finanzas: plazos cuotas y opciones (sin letra peque\u00f1a) - Cetys<\/title>\n<meta name=\"robots\" content=\"index, follow, max-snippet:-1, max-image-preview:large, max-video-preview:-1\" \/>\n<link rel=\"canonical\" href=\"https:\/\/fpsuperiorufv.es\/blog\/financiacion-para-estudiar-fp-en-administracion-y-finanzas-plazos-cuotas-y-opciones-sin-letra-pequena-blog\/\" \/>\n<meta property=\"og:locale\" content=\"es_ES\" \/>\n<meta property=\"og:type\" content=\"article\" \/>\n<meta property=\"og:title\" content=\"Financiaci\u00f3n para estudiar FP en Administraci\u00f3n y Finanzas: plazos cuotas y opciones (sin letra peque\u00f1a) - Cetys\" \/>\n<meta property=\"og:description\" content=\"Financiaci\u00f3n para Estudiar FP en Administraci\u00f3n y Finanzas: Plazos, Cuotas y Opciones \u00bfEst\u00e1s pensando en dar el paso hacia un futuro profesional en el campo de la Administraci\u00f3n y Finanzas? Sabemos que la financiaci\u00f3n puede ser una preocupaci\u00f3n, pero aqu\u00ed estamos para ayudarte a entender todas las opciones disponibles. En este art\u00edculo, vamos a desglosar [&hellip;]\" \/>\n<meta property=\"og:url\" content=\"https:\/\/fpsuperiorufv.es\/blog\/financiacion-para-estudiar-fp-en-administracion-y-finanzas-plazos-cuotas-y-opciones-sin-letra-pequena-blog\/\" \/>\n<meta property=\"og:site_name\" content=\"Cetys\" \/>\n<meta property=\"article:published_time\" content=\"2026-03-08T22:30:56+00:00\" \/>\n<meta property=\"article:modified_time\" content=\"2026-04-16T09:32:26+00:00\" \/>\n<meta property=\"og:image\" content=\"https:\/\/fpsuperiorufv.es\/blog\/wp-content\/uploads\/2025\/07\/primer-plano-manos-usando-computadora-portatil-pantalla-que-muestra-datos-analisis-scaled-1.jpg\" \/>\n\t<meta property=\"og:image:width\" content=\"2560\" \/>\n\t<meta property=\"og:image:height\" content=\"1735\" \/>\n\t<meta property=\"og:image:type\" content=\"image\/jpeg\" \/>\n<meta name=\"author\" content=\"FP Superior UFV\" \/>\n<meta name=\"twitter:card\" content=\"summary_large_image\" \/>\n<meta name=\"twitter:label1\" content=\"Escrito por\" \/>\n\t<meta name=\"twitter:data1\" content=\"FP Superior UFV\" \/>\n\t<meta name=\"twitter:label2\" content=\"Tiempo de lectura\" \/>\n\t<meta name=\"twitter:data2\" content=\"5 minutos\" \/>\n<script type=\"application\/ld+json\" class=\"yoast-schema-graph\">{\"@context\":\"https:\\\/\\\/schema.org\",\"@graph\":[{\"@type\":\"Article\",\"@id\":\"https:\\\/\\\/fpsuperiorufv.es\\\/blog\\\/financiacion-para-estudiar-fp-en-administracion-y-finanzas-plazos-cuotas-y-opciones-sin-letra-pequena-blog\\\/#article\",\"isPartOf\":{\"@id\":\"https:\\\/\\\/fpsuperiorufv.es\\\/blog\\\/financiacion-para-estudiar-fp-en-administracion-y-finanzas-plazos-cuotas-y-opciones-sin-letra-pequena-blog\\\/\"},\"author\":{\"name\":\"FP Superior UFV\",\"@id\":\"https:\\\/\\\/fpsuperiorufv.es\\\/blog\\\/#\\\/schema\\\/person\\\/c7ac6e2e7af298050da8d956ac824347\"},\"headline\":\"Financiaci\u00f3n para estudiar FP en Administraci\u00f3n y Finanzas: plazos cuotas y opciones (sin letra peque\u00f1a)\",\"datePublished\":\"2026-03-08T22:30:56+00:00\",\"dateModified\":\"2026-04-16T09:32:26+00:00\",\"mainEntityOfPage\":{\"@id\":\"https:\\\/\\\/fpsuperiorufv.es\\\/blog\\\/financiacion-para-estudiar-fp-en-administracion-y-finanzas-plazos-cuotas-y-opciones-sin-letra-pequena-blog\\\/\"},\"wordCount\":947,\"commentCount\":0,\"publisher\":{\"@id\":\"https:\\\/\\\/fpsuperiorufv.es\\\/blog\\\/#organization\"},\"image\":{\"@id\":\"https:\\\/\\\/fpsuperiorufv.es\\\/blog\\\/financiacion-para-estudiar-fp-en-administracion-y-finanzas-plazos-cuotas-y-opciones-sin-letra-pequena-blog\\\/#primaryimage\"},\"thumbnailUrl\":\"https:\\\/\\\/fpsuperiorufv.es\\\/blog\\\/wp-content\\\/uploads\\\/2025\\\/07\\\/primer-plano-manos-usando-computadora-portatil-pantalla-que-muestra-datos-analisis-scaled-1.jpg\",\"articleSection\":[\"Administraci\u00f3n y finanzas\",\"Preguntas frecuentes\"],\"inLanguage\":\"es\",\"potentialAction\":[{\"@type\":\"CommentAction\",\"name\":\"Comment\",\"target\":[\"https:\\\/\\\/fpsuperiorufv.es\\\/blog\\\/financiacion-para-estudiar-fp-en-administracion-y-finanzas-plazos-cuotas-y-opciones-sin-letra-pequena-blog\\\/#respond\"]}]},{\"@type\":\"WebPage\",\"@id\":\"https:\\\/\\\/fpsuperiorufv.es\\\/blog\\\/financiacion-para-estudiar-fp-en-administracion-y-finanzas-plazos-cuotas-y-opciones-sin-letra-pequena-blog\\\/\",\"url\":\"https:\\\/\\\/fpsuperiorufv.es\\\/blog\\\/financiacion-para-estudiar-fp-en-administracion-y-finanzas-plazos-cuotas-y-opciones-sin-letra-pequena-blog\\\/\",\"name\":\"Financiaci\u00f3n para estudiar FP en Administraci\u00f3n y Finanzas: plazos cuotas y opciones (sin letra peque\u00f1a) - Cetys\",\"isPartOf\":{\"@id\":\"https:\\\/\\\/fpsuperiorufv.es\\\/blog\\\/#website\"},\"primaryImageOfPage\":{\"@id\":\"https:\\\/\\\/fpsuperiorufv.es\\\/blog\\\/financiacion-para-estudiar-fp-en-administracion-y-finanzas-plazos-cuotas-y-opciones-sin-letra-pequena-blog\\\/#primaryimage\"},\"image\":{\"@id\":\"https:\\\/\\\/fpsuperiorufv.es\\\/blog\\\/financiacion-para-estudiar-fp-en-administracion-y-finanzas-plazos-cuotas-y-opciones-sin-letra-pequena-blog\\\/#primaryimage\"},\"thumbnailUrl\":\"https:\\\/\\\/fpsuperiorufv.es\\\/blog\\\/wp-content\\\/uploads\\\/2025\\\/07\\\/primer-plano-manos-usando-computadora-portatil-pantalla-que-muestra-datos-analisis-scaled-1.jpg\",\"datePublished\":\"2026-03-08T22:30:56+00:00\",\"dateModified\":\"2026-04-16T09:32:26+00:00\",\"breadcrumb\":{\"@id\":\"https:\\\/\\\/fpsuperiorufv.es\\\/blog\\\/financiacion-para-estudiar-fp-en-administracion-y-finanzas-plazos-cuotas-y-opciones-sin-letra-pequena-blog\\\/#breadcrumb\"},\"inLanguage\":\"es\",\"potentialAction\":[{\"@type\":\"ReadAction\",\"target\":[\"https:\\\/\\\/fpsuperiorufv.es\\\/blog\\\/financiacion-para-estudiar-fp-en-administracion-y-finanzas-plazos-cuotas-y-opciones-sin-letra-pequena-blog\\\/\"]}]},{\"@type\":\"ImageObject\",\"inLanguage\":\"es\",\"@id\":\"https:\\\/\\\/fpsuperiorufv.es\\\/blog\\\/financiacion-para-estudiar-fp-en-administracion-y-finanzas-plazos-cuotas-y-opciones-sin-letra-pequena-blog\\\/#primaryimage\",\"url\":\"https:\\\/\\\/fpsuperiorufv.es\\\/blog\\\/wp-content\\\/uploads\\\/2025\\\/07\\\/primer-plano-manos-usando-computadora-portatil-pantalla-que-muestra-datos-analisis-scaled-1.jpg\",\"contentUrl\":\"https:\\\/\\\/fpsuperiorufv.es\\\/blog\\\/wp-content\\\/uploads\\\/2025\\\/07\\\/primer-plano-manos-usando-computadora-portatil-pantalla-que-muestra-datos-analisis-scaled-1.jpg\",\"width\":2560,\"height\":1735},{\"@type\":\"BreadcrumbList\",\"@id\":\"https:\\\/\\\/fpsuperiorufv.es\\\/blog\\\/financiacion-para-estudiar-fp-en-administracion-y-finanzas-plazos-cuotas-y-opciones-sin-letra-pequena-blog\\\/#breadcrumb\",\"itemListElement\":[{\"@type\":\"ListItem\",\"position\":1,\"name\":\"Home\",\"item\":\"https:\\\/\\\/fpsuperiorufv.es\\\/blog\\\/\"},{\"@type\":\"ListItem\",\"position\":2,\"name\":\"Financiaci\u00f3n para estudiar FP en Administraci\u00f3n y Finanzas: plazos cuotas y opciones (sin letra peque\u00f1a)\"}]},{\"@type\":\"WebSite\",\"@id\":\"https:\\\/\\\/fpsuperiorufv.es\\\/blog\\\/#website\",\"url\":\"https:\\\/\\\/fpsuperiorufv.es\\\/blog\\\/\",\"name\":\"Fp Superior Francisco de Vitoria\",\"description\":\"\",\"publisher\":{\"@id\":\"https:\\\/\\\/fpsuperiorufv.es\\\/blog\\\/#organization\"},\"alternateName\":\"Cetys\",\"potentialAction\":[{\"@type\":\"SearchAction\",\"target\":{\"@type\":\"EntryPoint\",\"urlTemplate\":\"https:\\\/\\\/fpsuperiorufv.es\\\/blog\\\/?s={search_term_string}\"},\"query-input\":{\"@type\":\"PropertyValueSpecification\",\"valueRequired\":true,\"valueName\":\"search_term_string\"}}],\"inLanguage\":\"es\"},{\"@type\":\"Organization\",\"@id\":\"https:\\\/\\\/fpsuperiorufv.es\\\/blog\\\/#organization\",\"name\":\"Cetys\",\"url\":\"https:\\\/\\\/fpsuperiorufv.es\\\/blog\\\/\",\"logo\":{\"@type\":\"ImageObject\",\"inLanguage\":\"es\",\"@id\":\"https:\\\/\\\/fpsuperiorufv.es\\\/blog\\\/#\\\/schema\\\/logo\\\/image\\\/\",\"url\":\"https:\\\/\\\/fpsuperiorufv.lo\\\/wp-content\\\/uploads\\\/2025\\\/02\\\/logo.svg\",\"contentUrl\":\"https:\\\/\\\/fpsuperiorufv.lo\\\/wp-content\\\/uploads\\\/2025\\\/02\\\/logo.svg\",\"width\":\"1024\",\"height\":\"1024\",\"caption\":\"Cetys\"},\"image\":{\"@id\":\"https:\\\/\\\/fpsuperiorufv.es\\\/blog\\\/#\\\/schema\\\/logo\\\/image\\\/\"}},{\"@type\":\"Person\",\"@id\":\"https:\\\/\\\/fpsuperiorufv.es\\\/blog\\\/#\\\/schema\\\/person\\\/c7ac6e2e7af298050da8d956ac824347\",\"name\":\"FP Superior UFV\",\"image\":{\"@type\":\"ImageObject\",\"inLanguage\":\"es\",\"@id\":\"https:\\\/\\\/secure.gravatar.com\\\/avatar\\\/002af9a4377d87096f281de7725cae2f359bff0b0b7439b98b80936e58af2d91?s=96&d=mm&r=g\",\"url\":\"https:\\\/\\\/secure.gravatar.com\\\/avatar\\\/002af9a4377d87096f281de7725cae2f359bff0b0b7439b98b80936e58af2d91?s=96&d=mm&r=g\",\"contentUrl\":\"https:\\\/\\\/secure.gravatar.com\\\/avatar\\\/002af9a4377d87096f281de7725cae2f359bff0b0b7439b98b80936e58af2d91?s=96&d=mm&r=g\",\"caption\":\"FP Superior UFV\"},\"sameAs\":[\"https:\\\/\\\/fpsuperiorufv.lo\"],\"url\":\"https:\\\/\\\/fpsuperiorufv.es\\\/blog\\\/author\\\/administrador\\\/\"}]}<\/script>\n<!-- \/ Yoast SEO plugin. -->","yoast_head_json":{"title":"Financiaci\u00f3n para estudiar FP en Administraci\u00f3n y Finanzas: plazos cuotas y opciones (sin letra peque\u00f1a) - Cetys","robots":{"index":"index","follow":"follow","max-snippet":"max-snippet:-1","max-image-preview":"max-image-preview:large","max-video-preview":"max-video-preview:-1"},"canonical":"https:\/\/fpsuperiorufv.es\/blog\/financiacion-para-estudiar-fp-en-administracion-y-finanzas-plazos-cuotas-y-opciones-sin-letra-pequena-blog\/","og_locale":"es_ES","og_type":"article","og_title":"Financiaci\u00f3n para estudiar FP en Administraci\u00f3n y Finanzas: plazos cuotas y opciones (sin letra peque\u00f1a) - Cetys","og_description":"Financiaci\u00f3n para Estudiar FP en Administraci\u00f3n y Finanzas: Plazos, Cuotas y Opciones \u00bfEst\u00e1s pensando en dar el paso hacia un futuro profesional en el campo de la Administraci\u00f3n y Finanzas? Sabemos que la financiaci\u00f3n puede ser una preocupaci\u00f3n, pero aqu\u00ed estamos para ayudarte a entender todas las opciones disponibles. En este art\u00edculo, vamos a desglosar [&hellip;]","og_url":"https:\/\/fpsuperiorufv.es\/blog\/financiacion-para-estudiar-fp-en-administracion-y-finanzas-plazos-cuotas-y-opciones-sin-letra-pequena-blog\/","og_site_name":"Cetys","article_published_time":"2026-03-08T22:30:56+00:00","article_modified_time":"2026-04-16T09:32:26+00:00","og_image":[{"width":2560,"height":1735,"url":"https:\/\/fpsuperiorufv.es\/blog\/wp-content\/uploads\/2025\/07\/primer-plano-manos-usando-computadora-portatil-pantalla-que-muestra-datos-analisis-scaled-1.jpg","type":"image\/jpeg"}],"author":"FP Superior UFV","twitter_card":"summary_large_image","twitter_misc":{"Escrito por":"FP Superior UFV","Tiempo de lectura":"5 minutos"},"schema":{"@context":"https:\/\/schema.org","@graph":[{"@type":"Article","@id":"https:\/\/fpsuperiorufv.es\/blog\/financiacion-para-estudiar-fp-en-administracion-y-finanzas-plazos-cuotas-y-opciones-sin-letra-pequena-blog\/#article","isPartOf":{"@id":"https:\/\/fpsuperiorufv.es\/blog\/financiacion-para-estudiar-fp-en-administracion-y-finanzas-plazos-cuotas-y-opciones-sin-letra-pequena-blog\/"},"author":{"name":"FP Superior UFV","@id":"https:\/\/fpsuperiorufv.es\/blog\/#\/schema\/person\/c7ac6e2e7af298050da8d956ac824347"},"headline":"Financiaci\u00f3n para estudiar FP en Administraci\u00f3n y Finanzas: plazos cuotas y opciones (sin letra peque\u00f1a)","datePublished":"2026-03-08T22:30:56+00:00","dateModified":"2026-04-16T09:32:26+00:00","mainEntityOfPage":{"@id":"https:\/\/fpsuperiorufv.es\/blog\/financiacion-para-estudiar-fp-en-administracion-y-finanzas-plazos-cuotas-y-opciones-sin-letra-pequena-blog\/"},"wordCount":947,"commentCount":0,"publisher":{"@id":"https:\/\/fpsuperiorufv.es\/blog\/#organization"},"image":{"@id":"https:\/\/fpsuperiorufv.es\/blog\/financiacion-para-estudiar-fp-en-administracion-y-finanzas-plazos-cuotas-y-opciones-sin-letra-pequena-blog\/#primaryimage"},"thumbnailUrl":"https:\/\/fpsuperiorufv.es\/blog\/wp-content\/uploads\/2025\/07\/primer-plano-manos-usando-computadora-portatil-pantalla-que-muestra-datos-analisis-scaled-1.jpg","articleSection":["Administraci\u00f3n y finanzas","Preguntas frecuentes"],"inLanguage":"es","potentialAction":[{"@type":"CommentAction","name":"Comment","target":["https:\/\/fpsuperiorufv.es\/blog\/financiacion-para-estudiar-fp-en-administracion-y-finanzas-plazos-cuotas-y-opciones-sin-letra-pequena-blog\/#respond"]}]},{"@type":"WebPage","@id":"https:\/\/fpsuperiorufv.es\/blog\/financiacion-para-estudiar-fp-en-administracion-y-finanzas-plazos-cuotas-y-opciones-sin-letra-pequena-blog\/","url":"https:\/\/fpsuperiorufv.es\/blog\/financiacion-para-estudiar-fp-en-administracion-y-finanzas-plazos-cuotas-y-opciones-sin-letra-pequena-blog\/","name":"Financiaci\u00f3n para estudiar FP en Administraci\u00f3n y Finanzas: plazos cuotas y opciones (sin letra peque\u00f1a) - Cetys","isPartOf":{"@id":"https:\/\/fpsuperiorufv.es\/blog\/#website"},"primaryImageOfPage":{"@id":"https:\/\/fpsuperiorufv.es\/blog\/financiacion-para-estudiar-fp-en-administracion-y-finanzas-plazos-cuotas-y-opciones-sin-letra-pequena-blog\/#primaryimage"},"image":{"@id":"https:\/\/fpsuperiorufv.es\/blog\/financiacion-para-estudiar-fp-en-administracion-y-finanzas-plazos-cuotas-y-opciones-sin-letra-pequena-blog\/#primaryimage"},"thumbnailUrl":"https:\/\/fpsuperiorufv.es\/blog\/wp-content\/uploads\/2025\/07\/primer-plano-manos-usando-computadora-portatil-pantalla-que-muestra-datos-analisis-scaled-1.jpg","datePublished":"2026-03-08T22:30:56+00:00","dateModified":"2026-04-16T09:32:26+00:00","breadcrumb":{"@id":"https:\/\/fpsuperiorufv.es\/blog\/financiacion-para-estudiar-fp-en-administracion-y-finanzas-plazos-cuotas-y-opciones-sin-letra-pequena-blog\/#breadcrumb"},"inLanguage":"es","potentialAction":[{"@type":"ReadAction","target":["https:\/\/fpsuperiorufv.es\/blog\/financiacion-para-estudiar-fp-en-administracion-y-finanzas-plazos-cuotas-y-opciones-sin-letra-pequena-blog\/"]}]},{"@type":"ImageObject","inLanguage":"es","@id":"https:\/\/fpsuperiorufv.es\/blog\/financiacion-para-estudiar-fp-en-administracion-y-finanzas-plazos-cuotas-y-opciones-sin-letra-pequena-blog\/#primaryimage","url":"https:\/\/fpsuperiorufv.es\/blog\/wp-content\/uploads\/2025\/07\/primer-plano-manos-usando-computadora-portatil-pantalla-que-muestra-datos-analisis-scaled-1.jpg","contentUrl":"https:\/\/fpsuperiorufv.es\/blog\/wp-content\/uploads\/2025\/07\/primer-plano-manos-usando-computadora-portatil-pantalla-que-muestra-datos-analisis-scaled-1.jpg","width":2560,"height":1735},{"@type":"BreadcrumbList","@id":"https:\/\/fpsuperiorufv.es\/blog\/financiacion-para-estudiar-fp-en-administracion-y-finanzas-plazos-cuotas-y-opciones-sin-letra-pequena-blog\/#breadcrumb","itemListElement":[{"@type":"ListItem","position":1,"name":"Home","item":"https:\/\/fpsuperiorufv.es\/blog\/"},{"@type":"ListItem","position":2,"name":"Financiaci\u00f3n para estudiar FP en Administraci\u00f3n y Finanzas: plazos cuotas y opciones (sin letra peque\u00f1a)"}]},{"@type":"WebSite","@id":"https:\/\/fpsuperiorufv.es\/blog\/#website","url":"https:\/\/fpsuperiorufv.es\/blog\/","name":"Fp Superior Francisco de Vitoria","description":"","publisher":{"@id":"https:\/\/fpsuperiorufv.es\/blog\/#organization"},"alternateName":"Cetys","potentialAction":[{"@type":"SearchAction","target":{"@type":"EntryPoint","urlTemplate":"https:\/\/fpsuperiorufv.es\/blog\/?s={search_term_string}"},"query-input":{"@type":"PropertyValueSpecification","valueRequired":true,"valueName":"search_term_string"}}],"inLanguage":"es"},{"@type":"Organization","@id":"https:\/\/fpsuperiorufv.es\/blog\/#organization","name":"Cetys","url":"https:\/\/fpsuperiorufv.es\/blog\/","logo":{"@type":"ImageObject","inLanguage":"es","@id":"https:\/\/fpsuperiorufv.es\/blog\/#\/schema\/logo\/image\/","url":"https:\/\/fpsuperiorufv.lo\/wp-content\/uploads\/2025\/02\/logo.svg","contentUrl":"https:\/\/fpsuperiorufv.lo\/wp-content\/uploads\/2025\/02\/logo.svg","width":"1024","height":"1024","caption":"Cetys"},"image":{"@id":"https:\/\/fpsuperiorufv.es\/blog\/#\/schema\/logo\/image\/"}},{"@type":"Person","@id":"https:\/\/fpsuperiorufv.es\/blog\/#\/schema\/person\/c7ac6e2e7af298050da8d956ac824347","name":"FP Superior UFV","image":{"@type":"ImageObject","inLanguage":"es","@id":"https:\/\/secure.gravatar.com\/avatar\/002af9a4377d87096f281de7725cae2f359bff0b0b7439b98b80936e58af2d91?s=96&d=mm&r=g","url":"https:\/\/secure.gravatar.com\/avatar\/002af9a4377d87096f281de7725cae2f359bff0b0b7439b98b80936e58af2d91?s=96&d=mm&r=g","contentUrl":"https:\/\/secure.gravatar.com\/avatar\/002af9a4377d87096f281de7725cae2f359bff0b0b7439b98b80936e58af2d91?s=96&d=mm&r=g","caption":"FP Superior UFV"},"sameAs":["https:\/\/fpsuperiorufv.lo"],"url":"https:\/\/fpsuperiorufv.es\/blog\/author\/administrador\/"}]}},"_links":{"self":[{"href":"https:\/\/fpsuperiorufv.es\/blog\/wp-json\/wp\/v2\/posts\/282660","targetHints":{"allow":["GET"]}}],"collection":[{"href":"https:\/\/fpsuperiorufv.es\/blog\/wp-json\/wp\/v2\/posts"}],"about":[{"href":"https:\/\/fpsuperiorufv.es\/blog\/wp-json\/wp\/v2\/types\/post"}],"author":[{"embeddable":true,"href":"https:\/\/fpsuperiorufv.es\/blog\/wp-json\/wp\/v2\/users\/1"}],"replies":[{"embeddable":true,"href":"https:\/\/fpsuperiorufv.es\/blog\/wp-json\/wp\/v2\/comments?post=282660"}],"version-history":[{"count":1,"href":"https:\/\/fpsuperiorufv.es\/blog\/wp-json\/wp\/v2\/posts\/282660\/revisions"}],"predecessor-version":[{"id":283409,"href":"https:\/\/fpsuperiorufv.es\/blog\/wp-json\/wp\/v2\/posts\/282660\/revisions\/283409"}],"wp:featuredmedia":[{"embeddable":true,"href":"https:\/\/fpsuperiorufv.es\/blog\/wp-json\/wp\/v2\/media\/1268"}],"wp:attachment":[{"href":"https:\/\/fpsuperiorufv.es\/blog\/wp-json\/wp\/v2\/media?parent=282660"}],"wp:term":[{"taxonomy":"category","embeddable":true,"href":"https:\/\/fpsuperiorufv.es\/blog\/wp-json\/wp\/v2\/categories?post=282660"},{"taxonomy":"post_tag","embeddable":true,"href":"https:\/\/fpsuperiorufv.es\/blog\/wp-json\/wp\/v2\/tags?post=282660"}],"curies":[{"name":"wp","href":"https:\/\/api.w.org\/{rel}","templated":true}]}}