{"id":282661,"date":"2026-03-10T00:44:26","date_gmt":"2026-03-10T00:44:26","guid":{"rendered":"https:\/\/soleyantonio.es\/reserva-de-plaza-en-fp-en-administracion-y-finanzas-pasos-plazos-y-documentacion\/"},"modified":"2026-04-15T13:58:51","modified_gmt":"2026-04-15T11:58:51","slug":"reserva-de-plaza-en-fp-en-administracion-y-finanzas-pasos-plazos-y-documentacion-blog","status":"publish","type":"post","link":"https:\/\/fpsuperiorufv.es\/blog\/reserva-de-plaza-en-fp-en-administracion-y-finanzas-pasos-plazos-y-documentacion-blog\/","title":{"rendered":"Reserva de plaza en FP en Administraci\u00f3n y Finanzas: pasos plazos y documentaci\u00f3n"},"content":{"rendered":"<h2>Reserva de Plaza en FP en Administraci\u00f3n y Finanzas: Pasos, Plazos y Documentaci\u00f3n<\/h2>\n<p>Si est\u00e1s considerando dar un paso importante en tu futuro profesional, el Ciclo Formativo de Grado Superior en Administraci\u00f3n y Finanzas puede ser la opci\u00f3n ideal para ti. En este art\u00edculo, te explicaremos todo lo que necesitas saber sobre la reserva de plaza, los pasos a seguir, los plazos y la documentaci\u00f3n necesaria para que puedas matricularte con \u00e9xito.<\/p>\n<h2>Curiosidades e Informaci\u00f3n Clave<\/h2>\n<ul>\n<li>La FP en Administraci\u00f3n y Finanzas es una de las m\u00e1s demandadas en Espa\u00f1a.<\/li>\n<li>Ofrece una formaci\u00f3n integral que abarca desde la contabilidad hasta la gesti\u00f3n de recursos humanos.<\/li>\n<li>El ciclo tiene una duraci\u00f3n de dos a\u00f1os, combinando teor\u00eda y pr\u00e1cticas en empresas.<\/li>\n<li>Los estudiantes suelen obtener un alto \u00edndice de empleabilidad tras finalizar el ciclo.<\/li>\n<li>La reserva de plaza se realiza generalmente entre junio y septiembre, seg\u00fan la normativa educativa vigente.<\/li>\n<\/ul>\n<h2>\u00bfPor qu\u00e9 estudiar Administraci\u00f3n y Finanzas?<\/h2>\n<p>Elegir estudiar Administraci\u00f3n y Finanzas es una decisi\u00f3n que puede abrirte muchas puertas en el mundo laboral. Este ciclo formativo te ofrece una base s\u00f3lida en gesti\u00f3n empresarial, contabilidad y finanzas, habilidades altamente valoradas en el mercado laboral actual. Con nosotros, no solo adquirir\u00e1s conocimientos te\u00f3ricos, sino que tambi\u00e9n tendr\u00e1s la oportunidad de realizar pr\u00e1cticas en empresas que te ayudar\u00e1n a aplicar lo aprendido y a hacer contactos importantes en tu carrera profesional.<\/p>\n<h2>Pasos para la Reserva de Plaza<\/h2>\n<p>Realizar la reserva de plaza es un proceso sencillo, pero requiere que sigas algunos pasos espec\u00edficos. A continuaci\u00f3n, te los detallamos:<\/p>\n<h3>1. Consulta la Convocatoria<\/h3>\n<p>El primer paso es estar al tanto de la <strong>convocatoria oficial<\/strong> para la reserva de plaza. Esta informaci\u00f3n suele publicarse en el sitio web de la comunidad aut\u00f3noma y en nuestra p\u00e1gina.<\/p>\n<h3>2. Re\u00fane la Documentaci\u00f3n Necesaria<\/h3>\n<p>Debes preparar toda la documentaci\u00f3n que se solicita. Esto incluye:<\/p>\n<ul>\n<li>Fotocopia del DNI o NIE.<\/li>\n<li>Certificado de estudios previos (t\u00edtulo de Bachillerato o equivalente).<\/li>\n<li>Justificante de pago de la tasa de reserva de plaza (si corresponde).<\/li>\n<\/ul>\n<h3>3. Realiza la Solicitud<\/h3>\n<p>Una vez que tengas toda la documentaci\u00f3n lista, deber\u00e1s completar el formulario de solicitud que se encuentra disponible en nuestra web. Es importante que lo llenes con cuidado y que verifiques que toda la informaci\u00f3n es correcta.<\/p>\n<h3>4. Presenta tu Solicitud<\/h3>\n<p>Finalmente, presenta tu solicitud en el lugar indicado en la convocatoria. Esto puede ser de forma presencial o telem\u00e1tica, dependiendo de las instrucciones espec\u00edficas que se proporcionen.<\/p>\n<h2>Plazos Importantes<\/h2>\n<p>Es fundamental que est\u00e9s atento a los plazos establecidos para la reserva de plaza. Los principales plazos suelen ser:<\/p>\n<ul>\n<li><strong>Apertura de Plazo:<\/strong> Generalmente se abre en junio.<\/li>\n<li><strong>Cierre de Plazo:<\/strong> Usualmente se cierra a finales de julio o principios de septiembre.<\/li>\n<li><strong>Publicaci\u00f3n de Listas de Admitidos:<\/strong> Las listas se publican unas semanas despu\u00e9s del cierre del plazo.<\/li>\n<\/ul>\n<p>Recuerda que estos plazos pueden variar, as\u00ed que es importante que consultes la convocatoria espec\u00edfica de cada a\u00f1o.<\/p>\n<h2>Documentaci\u00f3n Necesaria para la Reserva de Plaza<\/h2>\n<p>Como mencionamos anteriormente, necesitar\u00e1s una serie de documentos para completar tu reserva de plaza. A continuaci\u00f3n, te recordamos la documentaci\u00f3n b\u00e1sica:<\/p>\n<ul>\n<li>Fotocopia del DNI\/NIE.<\/li>\n<li>Certificado de estudios previos.<\/li>\n<li>Justificante de pago de tasas (en caso de que aplique).<\/li>\n<li>Formulario de solicitud debidamente cumplimentado.<\/li>\n<\/ul>\n<h2>Consejos para una Reserva Exitosa<\/h2>\n<p>Para asegurarte de que tu reserva de plaza sea exitosa, aqu\u00ed tienes algunos consejos \u00fatiles:<\/p>\n<ul>\n<li>Verifica que tu documentaci\u00f3n est\u00e9 completa y en regla.<\/li>\n<li>Realiza tu solicitud lo antes posible para evitar contratiempos.<\/li>\n<li>Consulta con el personal de secretar\u00eda si tienes alguna duda durante el proceso.<\/li>\n<li>Revisa la lista de admitidos tan pronto como se publique.<\/li>\n<\/ul>\n<h2>\u00bfQu\u00e9 Hacer Despu\u00e9s de Reservar tu Plaza?<\/h2>\n<p>Una vez que hayas reservado tu plaza, es importante que sigas algunos pasos para asegurarte de que todo est\u00e9 en orden:<\/p>\n<ul>\n<li>Esperar la publicaci\u00f3n de las listas de admitidos y verificar tu estado.<\/li>\n<li>Realizar la matr\u00edcula en las fechas establecidas.<\/li>\n<li>Prepararte para el inicio de clases, revisando el temario y materiales necesarios.<\/li>\n<\/ul>\n<h2>Preguntas Frecuentes<\/h2>\n<h2>\u00bfCu\u00e1ndo puedo reservar mi plaza en FP en Administraci\u00f3n y Finanzas?<\/h2>\n<p>La reserva de plaza generalmente se realiza entre junio y septiembre, pero es importante que consultes la convocatoria espec\u00edfica de cada a\u00f1o.<\/p>\n<h2>\u00bfQu\u00e9 pasa si no puedo presentar toda la documentaci\u00f3n a tiempo?<\/h2>\n<p>Si no puedes presentar la documentaci\u00f3n a tiempo, es posible que no puedas completar la reserva de plaza. Te recomendamos que te pongas en contacto con nosotros para buscar posibles soluciones.<\/p>\n<h2>\u00bfPuedo realizar la reserva de plaza de forma telem\u00e1tica?<\/h2>\n<p>S\u00ed, en muchos casos puedes realizar la reserva de plaza de forma telem\u00e1tica. Consulta las instrucciones en la convocatoria y en nuestra p\u00e1gina web.<\/p>\n<h2>\u00bfD\u00f3nde puedo encontrar m\u00e1s informaci\u00f3n sobre el proceso de admisi\u00f3n?<\/h2>\n<p>Puedes encontrar m\u00e1s informaci\u00f3n sobre el proceso de admisi\u00f3n en [nuestra p\u00e1gina de Proceso de Admisi\u00f3n](<a href=\"https:\/\/fpsuperiorufv.es\/secretaria-admision-y-ayuda\/\">https:\/\/fpsuperiorufv.es\/secretaria-admision-y-ayuda\/<\/a>).<\/p>\n<h2>Conclusi\u00f3n<\/h2>\n<p>Estudiar un Ciclo Formativo de Grado Superior en Administraci\u00f3n y Finanzas puede ser una gran oportunidad para ti. Siguiendo estos pasos y estando atento a los plazos y documentaci\u00f3n necesaria, podr\u00e1s asegurar tu plaza y comenzar tu camino hacia un futuro profesional brillante. \u00a1Te esperamos en FP Superior Francisco de Vitoria!<\/p>\n","protected":false},"excerpt":{"rendered":"<p>Reserva de Plaza en FP en Administraci\u00f3n y Finanzas: Pasos, Plazos y Documentaci\u00f3n Si est\u00e1s considerando dar un paso importante en tu futuro profesional, el Ciclo Formativo de Grado Superior en Administraci\u00f3n y Finanzas puede ser la opci\u00f3n ideal para ti. En este art\u00edculo, te explicaremos todo lo que necesitas saber sobre la reserva de [&hellip;]<\/p>\n","protected":false},"author":1,"featured_media":2606,"comment_status":"open","ping_status":"open","sticky":false,"template":"","format":"standard","meta":{"inline_featured_image":false,"footnotes":""},"categories":[11,393],"tags":[],"class_list":["post-282661","post","type-post","status-publish","format-standard","has-post-thumbnail","hentry","category-administracion-y-finanzas","category-preguntas-frecuentes"],"yoast_head":"<!-- This site is optimized with the Yoast SEO plugin v27.4 - https:\/\/yoast.com\/product\/yoast-seo-wordpress\/ -->\n<title>Reserva de plaza en FP en Administraci\u00f3n y Finanzas: pasos plazos y documentaci\u00f3n - Cetys<\/title>\n<meta name=\"robots\" content=\"index, follow, max-snippet:-1, max-image-preview:large, max-video-preview:-1\" \/>\n<link rel=\"canonical\" href=\"https:\/\/fpsuperiorufv.es\/blog\/reserva-de-plaza-en-fp-en-administracion-y-finanzas-pasos-plazos-y-documentacion-blog\/\" \/>\n<meta property=\"og:locale\" content=\"es_ES\" \/>\n<meta property=\"og:type\" content=\"article\" \/>\n<meta property=\"og:title\" content=\"Reserva de plaza en FP en Administraci\u00f3n y Finanzas: pasos plazos y documentaci\u00f3n - Cetys\" \/>\n<meta property=\"og:description\" content=\"Reserva de Plaza en FP en Administraci\u00f3n y Finanzas: Pasos, Plazos y Documentaci\u00f3n Si est\u00e1s considerando dar un paso importante en tu futuro profesional, el Ciclo Formativo de Grado Superior en Administraci\u00f3n y Finanzas puede ser la opci\u00f3n ideal para ti. En este art\u00edculo, te explicaremos todo lo que necesitas saber sobre la reserva de [&hellip;]\" \/>\n<meta property=\"og:url\" content=\"https:\/\/fpsuperiorufv.es\/blog\/reserva-de-plaza-en-fp-en-administracion-y-finanzas-pasos-plazos-y-documentacion-blog\/\" \/>\n<meta property=\"og:site_name\" content=\"Cetys\" \/>\n<meta property=\"article:published_time\" content=\"2026-03-10T00:44:26+00:00\" \/>\n<meta property=\"article:modified_time\" content=\"2026-04-15T11:58:51+00:00\" \/>\n<meta property=\"og:image\" content=\"https:\/\/fpsuperiorufv.es\/blog\/wp-content\/uploads\/2025\/08\/que-es-la-tesoreria-de-una-empresa.png\" \/>\n\t<meta property=\"og:image:width\" content=\"1280\" \/>\n\t<meta property=\"og:image:height\" content=\"768\" \/>\n\t<meta property=\"og:image:type\" content=\"image\/png\" \/>\n<meta name=\"author\" content=\"FP Superior UFV\" \/>\n<meta name=\"twitter:card\" content=\"summary_large_image\" \/>\n<meta name=\"twitter:label1\" content=\"Escrito por\" \/>\n\t<meta name=\"twitter:data1\" content=\"FP Superior UFV\" \/>\n\t<meta name=\"twitter:label2\" content=\"Tiempo de lectura\" \/>\n\t<meta name=\"twitter:data2\" content=\"5 minutos\" \/>\n<script type=\"application\/ld+json\" class=\"yoast-schema-graph\">{\"@context\":\"https:\\\/\\\/schema.org\",\"@graph\":[{\"@type\":\"Article\",\"@id\":\"https:\\\/\\\/fpsuperiorufv.es\\\/blog\\\/reserva-de-plaza-en-fp-en-administracion-y-finanzas-pasos-plazos-y-documentacion-blog\\\/#article\",\"isPartOf\":{\"@id\":\"https:\\\/\\\/fpsuperiorufv.es\\\/blog\\\/reserva-de-plaza-en-fp-en-administracion-y-finanzas-pasos-plazos-y-documentacion-blog\\\/\"},\"author\":{\"name\":\"FP Superior UFV\",\"@id\":\"https:\\\/\\\/fpsuperiorufv.es\\\/blog\\\/#\\\/schema\\\/person\\\/c7ac6e2e7af298050da8d956ac824347\"},\"headline\":\"Reserva de plaza en FP en Administraci\u00f3n y Finanzas: pasos plazos y documentaci\u00f3n\",\"datePublished\":\"2026-03-10T00:44:26+00:00\",\"dateModified\":\"2026-04-15T11:58:51+00:00\",\"mainEntityOfPage\":{\"@id\":\"https:\\\/\\\/fpsuperiorufv.es\\\/blog\\\/reserva-de-plaza-en-fp-en-administracion-y-finanzas-pasos-plazos-y-documentacion-blog\\\/\"},\"wordCount\":934,\"commentCount\":0,\"publisher\":{\"@id\":\"https:\\\/\\\/fpsuperiorufv.es\\\/blog\\\/#organization\"},\"image\":{\"@id\":\"https:\\\/\\\/fpsuperiorufv.es\\\/blog\\\/reserva-de-plaza-en-fp-en-administracion-y-finanzas-pasos-plazos-y-documentacion-blog\\\/#primaryimage\"},\"thumbnailUrl\":\"https:\\\/\\\/fpsuperiorufv.es\\\/blog\\\/wp-content\\\/uploads\\\/2025\\\/08\\\/que-es-la-tesoreria-de-una-empresa.png\",\"articleSection\":[\"Administraci\u00f3n y finanzas\",\"Preguntas frecuentes\"],\"inLanguage\":\"es\",\"potentialAction\":[{\"@type\":\"CommentAction\",\"name\":\"Comment\",\"target\":[\"https:\\\/\\\/fpsuperiorufv.es\\\/blog\\\/reserva-de-plaza-en-fp-en-administracion-y-finanzas-pasos-plazos-y-documentacion-blog\\\/#respond\"]}]},{\"@type\":\"WebPage\",\"@id\":\"https:\\\/\\\/fpsuperiorufv.es\\\/blog\\\/reserva-de-plaza-en-fp-en-administracion-y-finanzas-pasos-plazos-y-documentacion-blog\\\/\",\"url\":\"https:\\\/\\\/fpsuperiorufv.es\\\/blog\\\/reserva-de-plaza-en-fp-en-administracion-y-finanzas-pasos-plazos-y-documentacion-blog\\\/\",\"name\":\"Reserva de plaza en FP en Administraci\u00f3n y Finanzas: pasos plazos y documentaci\u00f3n - Cetys\",\"isPartOf\":{\"@id\":\"https:\\\/\\\/fpsuperiorufv.es\\\/blog\\\/#website\"},\"primaryImageOfPage\":{\"@id\":\"https:\\\/\\\/fpsuperiorufv.es\\\/blog\\\/reserva-de-plaza-en-fp-en-administracion-y-finanzas-pasos-plazos-y-documentacion-blog\\\/#primaryimage\"},\"image\":{\"@id\":\"https:\\\/\\\/fpsuperiorufv.es\\\/blog\\\/reserva-de-plaza-en-fp-en-administracion-y-finanzas-pasos-plazos-y-documentacion-blog\\\/#primaryimage\"},\"thumbnailUrl\":\"https:\\\/\\\/fpsuperiorufv.es\\\/blog\\\/wp-content\\\/uploads\\\/2025\\\/08\\\/que-es-la-tesoreria-de-una-empresa.png\",\"datePublished\":\"2026-03-10T00:44:26+00:00\",\"dateModified\":\"2026-04-15T11:58:51+00:00\",\"breadcrumb\":{\"@id\":\"https:\\\/\\\/fpsuperiorufv.es\\\/blog\\\/reserva-de-plaza-en-fp-en-administracion-y-finanzas-pasos-plazos-y-documentacion-blog\\\/#breadcrumb\"},\"inLanguage\":\"es\",\"potentialAction\":[{\"@type\":\"ReadAction\",\"target\":[\"https:\\\/\\\/fpsuperiorufv.es\\\/blog\\\/reserva-de-plaza-en-fp-en-administracion-y-finanzas-pasos-plazos-y-documentacion-blog\\\/\"]}]},{\"@type\":\"ImageObject\",\"inLanguage\":\"es\",\"@id\":\"https:\\\/\\\/fpsuperiorufv.es\\\/blog\\\/reserva-de-plaza-en-fp-en-administracion-y-finanzas-pasos-plazos-y-documentacion-blog\\\/#primaryimage\",\"url\":\"https:\\\/\\\/fpsuperiorufv.es\\\/blog\\\/wp-content\\\/uploads\\\/2025\\\/08\\\/que-es-la-tesoreria-de-una-empresa.png\",\"contentUrl\":\"https:\\\/\\\/fpsuperiorufv.es\\\/blog\\\/wp-content\\\/uploads\\\/2025\\\/08\\\/que-es-la-tesoreria-de-una-empresa.png\",\"width\":1280,\"height\":768},{\"@type\":\"BreadcrumbList\",\"@id\":\"https:\\\/\\\/fpsuperiorufv.es\\\/blog\\\/reserva-de-plaza-en-fp-en-administracion-y-finanzas-pasos-plazos-y-documentacion-blog\\\/#breadcrumb\",\"itemListElement\":[{\"@type\":\"ListItem\",\"position\":1,\"name\":\"Home\",\"item\":\"https:\\\/\\\/fpsuperiorufv.es\\\/blog\\\/\"},{\"@type\":\"ListItem\",\"position\":2,\"name\":\"Reserva de plaza en FP en Administraci\u00f3n y Finanzas: pasos plazos y documentaci\u00f3n\"}]},{\"@type\":\"WebSite\",\"@id\":\"https:\\\/\\\/fpsuperiorufv.es\\\/blog\\\/#website\",\"url\":\"https:\\\/\\\/fpsuperiorufv.es\\\/blog\\\/\",\"name\":\"Fp Superior Francisco de Vitoria\",\"description\":\"\",\"publisher\":{\"@id\":\"https:\\\/\\\/fpsuperiorufv.es\\\/blog\\\/#organization\"},\"alternateName\":\"Cetys\",\"potentialAction\":[{\"@type\":\"SearchAction\",\"target\":{\"@type\":\"EntryPoint\",\"urlTemplate\":\"https:\\\/\\\/fpsuperiorufv.es\\\/blog\\\/?s={search_term_string}\"},\"query-input\":{\"@type\":\"PropertyValueSpecification\",\"valueRequired\":true,\"valueName\":\"search_term_string\"}}],\"inLanguage\":\"es\"},{\"@type\":\"Organization\",\"@id\":\"https:\\\/\\\/fpsuperiorufv.es\\\/blog\\\/#organization\",\"name\":\"Cetys\",\"url\":\"https:\\\/\\\/fpsuperiorufv.es\\\/blog\\\/\",\"logo\":{\"@type\":\"ImageObject\",\"inLanguage\":\"es\",\"@id\":\"https:\\\/\\\/fpsuperiorufv.es\\\/blog\\\/#\\\/schema\\\/logo\\\/image\\\/\",\"url\":\"https:\\\/\\\/fpsuperiorufv.lo\\\/wp-content\\\/uploads\\\/2025\\\/02\\\/logo.svg\",\"contentUrl\":\"https:\\\/\\\/fpsuperiorufv.lo\\\/wp-content\\\/uploads\\\/2025\\\/02\\\/logo.svg\",\"width\":\"1024\",\"height\":\"1024\",\"caption\":\"Cetys\"},\"image\":{\"@id\":\"https:\\\/\\\/fpsuperiorufv.es\\\/blog\\\/#\\\/schema\\\/logo\\\/image\\\/\"}},{\"@type\":\"Person\",\"@id\":\"https:\\\/\\\/fpsuperiorufv.es\\\/blog\\\/#\\\/schema\\\/person\\\/c7ac6e2e7af298050da8d956ac824347\",\"name\":\"FP Superior UFV\",\"image\":{\"@type\":\"ImageObject\",\"inLanguage\":\"es\",\"@id\":\"https:\\\/\\\/secure.gravatar.com\\\/avatar\\\/002af9a4377d87096f281de7725cae2f359bff0b0b7439b98b80936e58af2d91?s=96&d=mm&r=g\",\"url\":\"https:\\\/\\\/secure.gravatar.com\\\/avatar\\\/002af9a4377d87096f281de7725cae2f359bff0b0b7439b98b80936e58af2d91?s=96&d=mm&r=g\",\"contentUrl\":\"https:\\\/\\\/secure.gravatar.com\\\/avatar\\\/002af9a4377d87096f281de7725cae2f359bff0b0b7439b98b80936e58af2d91?s=96&d=mm&r=g\",\"caption\":\"FP Superior UFV\"},\"sameAs\":[\"https:\\\/\\\/fpsuperiorufv.lo\"],\"url\":\"https:\\\/\\\/fpsuperiorufv.es\\\/blog\\\/author\\\/administrador\\\/\"}]}<\/script>\n<!-- \/ Yoast SEO plugin. -->","yoast_head_json":{"title":"Reserva de plaza en FP en Administraci\u00f3n y Finanzas: pasos plazos y documentaci\u00f3n - Cetys","robots":{"index":"index","follow":"follow","max-snippet":"max-snippet:-1","max-image-preview":"max-image-preview:large","max-video-preview":"max-video-preview:-1"},"canonical":"https:\/\/fpsuperiorufv.es\/blog\/reserva-de-plaza-en-fp-en-administracion-y-finanzas-pasos-plazos-y-documentacion-blog\/","og_locale":"es_ES","og_type":"article","og_title":"Reserva de plaza en FP en Administraci\u00f3n y Finanzas: pasos plazos y documentaci\u00f3n - Cetys","og_description":"Reserva de Plaza en FP en Administraci\u00f3n y Finanzas: Pasos, Plazos y Documentaci\u00f3n Si est\u00e1s considerando dar un paso importante en tu futuro profesional, el Ciclo Formativo de Grado Superior en Administraci\u00f3n y Finanzas puede ser la opci\u00f3n ideal para ti. En este art\u00edculo, te explicaremos todo lo que necesitas saber sobre la reserva de [&hellip;]","og_url":"https:\/\/fpsuperiorufv.es\/blog\/reserva-de-plaza-en-fp-en-administracion-y-finanzas-pasos-plazos-y-documentacion-blog\/","og_site_name":"Cetys","article_published_time":"2026-03-10T00:44:26+00:00","article_modified_time":"2026-04-15T11:58:51+00:00","og_image":[{"width":1280,"height":768,"url":"https:\/\/fpsuperiorufv.es\/blog\/wp-content\/uploads\/2025\/08\/que-es-la-tesoreria-de-una-empresa.png","type":"image\/png"}],"author":"FP Superior UFV","twitter_card":"summary_large_image","twitter_misc":{"Escrito por":"FP Superior UFV","Tiempo de lectura":"5 minutos"},"schema":{"@context":"https:\/\/schema.org","@graph":[{"@type":"Article","@id":"https:\/\/fpsuperiorufv.es\/blog\/reserva-de-plaza-en-fp-en-administracion-y-finanzas-pasos-plazos-y-documentacion-blog\/#article","isPartOf":{"@id":"https:\/\/fpsuperiorufv.es\/blog\/reserva-de-plaza-en-fp-en-administracion-y-finanzas-pasos-plazos-y-documentacion-blog\/"},"author":{"name":"FP Superior UFV","@id":"https:\/\/fpsuperiorufv.es\/blog\/#\/schema\/person\/c7ac6e2e7af298050da8d956ac824347"},"headline":"Reserva de plaza en FP en Administraci\u00f3n y Finanzas: pasos plazos y documentaci\u00f3n","datePublished":"2026-03-10T00:44:26+00:00","dateModified":"2026-04-15T11:58:51+00:00","mainEntityOfPage":{"@id":"https:\/\/fpsuperiorufv.es\/blog\/reserva-de-plaza-en-fp-en-administracion-y-finanzas-pasos-plazos-y-documentacion-blog\/"},"wordCount":934,"commentCount":0,"publisher":{"@id":"https:\/\/fpsuperiorufv.es\/blog\/#organization"},"image":{"@id":"https:\/\/fpsuperiorufv.es\/blog\/reserva-de-plaza-en-fp-en-administracion-y-finanzas-pasos-plazos-y-documentacion-blog\/#primaryimage"},"thumbnailUrl":"https:\/\/fpsuperiorufv.es\/blog\/wp-content\/uploads\/2025\/08\/que-es-la-tesoreria-de-una-empresa.png","articleSection":["Administraci\u00f3n y finanzas","Preguntas frecuentes"],"inLanguage":"es","potentialAction":[{"@type":"CommentAction","name":"Comment","target":["https:\/\/fpsuperiorufv.es\/blog\/reserva-de-plaza-en-fp-en-administracion-y-finanzas-pasos-plazos-y-documentacion-blog\/#respond"]}]},{"@type":"WebPage","@id":"https:\/\/fpsuperiorufv.es\/blog\/reserva-de-plaza-en-fp-en-administracion-y-finanzas-pasos-plazos-y-documentacion-blog\/","url":"https:\/\/fpsuperiorufv.es\/blog\/reserva-de-plaza-en-fp-en-administracion-y-finanzas-pasos-plazos-y-documentacion-blog\/","name":"Reserva de plaza en FP en Administraci\u00f3n y Finanzas: pasos plazos y documentaci\u00f3n - Cetys","isPartOf":{"@id":"https:\/\/fpsuperiorufv.es\/blog\/#website"},"primaryImageOfPage":{"@id":"https:\/\/fpsuperiorufv.es\/blog\/reserva-de-plaza-en-fp-en-administracion-y-finanzas-pasos-plazos-y-documentacion-blog\/#primaryimage"},"image":{"@id":"https:\/\/fpsuperiorufv.es\/blog\/reserva-de-plaza-en-fp-en-administracion-y-finanzas-pasos-plazos-y-documentacion-blog\/#primaryimage"},"thumbnailUrl":"https:\/\/fpsuperiorufv.es\/blog\/wp-content\/uploads\/2025\/08\/que-es-la-tesoreria-de-una-empresa.png","datePublished":"2026-03-10T00:44:26+00:00","dateModified":"2026-04-15T11:58:51+00:00","breadcrumb":{"@id":"https:\/\/fpsuperiorufv.es\/blog\/reserva-de-plaza-en-fp-en-administracion-y-finanzas-pasos-plazos-y-documentacion-blog\/#breadcrumb"},"inLanguage":"es","potentialAction":[{"@type":"ReadAction","target":["https:\/\/fpsuperiorufv.es\/blog\/reserva-de-plaza-en-fp-en-administracion-y-finanzas-pasos-plazos-y-documentacion-blog\/"]}]},{"@type":"ImageObject","inLanguage":"es","@id":"https:\/\/fpsuperiorufv.es\/blog\/reserva-de-plaza-en-fp-en-administracion-y-finanzas-pasos-plazos-y-documentacion-blog\/#primaryimage","url":"https:\/\/fpsuperiorufv.es\/blog\/wp-content\/uploads\/2025\/08\/que-es-la-tesoreria-de-una-empresa.png","contentUrl":"https:\/\/fpsuperiorufv.es\/blog\/wp-content\/uploads\/2025\/08\/que-es-la-tesoreria-de-una-empresa.png","width":1280,"height":768},{"@type":"BreadcrumbList","@id":"https:\/\/fpsuperiorufv.es\/blog\/reserva-de-plaza-en-fp-en-administracion-y-finanzas-pasos-plazos-y-documentacion-blog\/#breadcrumb","itemListElement":[{"@type":"ListItem","position":1,"name":"Home","item":"https:\/\/fpsuperiorufv.es\/blog\/"},{"@type":"ListItem","position":2,"name":"Reserva de plaza en FP en Administraci\u00f3n y Finanzas: pasos plazos y documentaci\u00f3n"}]},{"@type":"WebSite","@id":"https:\/\/fpsuperiorufv.es\/blog\/#website","url":"https:\/\/fpsuperiorufv.es\/blog\/","name":"Fp Superior Francisco de Vitoria","description":"","publisher":{"@id":"https:\/\/fpsuperiorufv.es\/blog\/#organization"},"alternateName":"Cetys","potentialAction":[{"@type":"SearchAction","target":{"@type":"EntryPoint","urlTemplate":"https:\/\/fpsuperiorufv.es\/blog\/?s={search_term_string}"},"query-input":{"@type":"PropertyValueSpecification","valueRequired":true,"valueName":"search_term_string"}}],"inLanguage":"es"},{"@type":"Organization","@id":"https:\/\/fpsuperiorufv.es\/blog\/#organization","name":"Cetys","url":"https:\/\/fpsuperiorufv.es\/blog\/","logo":{"@type":"ImageObject","inLanguage":"es","@id":"https:\/\/fpsuperiorufv.es\/blog\/#\/schema\/logo\/image\/","url":"https:\/\/fpsuperiorufv.lo\/wp-content\/uploads\/2025\/02\/logo.svg","contentUrl":"https:\/\/fpsuperiorufv.lo\/wp-content\/uploads\/2025\/02\/logo.svg","width":"1024","height":"1024","caption":"Cetys"},"image":{"@id":"https:\/\/fpsuperiorufv.es\/blog\/#\/schema\/logo\/image\/"}},{"@type":"Person","@id":"https:\/\/fpsuperiorufv.es\/blog\/#\/schema\/person\/c7ac6e2e7af298050da8d956ac824347","name":"FP Superior UFV","image":{"@type":"ImageObject","inLanguage":"es","@id":"https:\/\/secure.gravatar.com\/avatar\/002af9a4377d87096f281de7725cae2f359bff0b0b7439b98b80936e58af2d91?s=96&d=mm&r=g","url":"https:\/\/secure.gravatar.com\/avatar\/002af9a4377d87096f281de7725cae2f359bff0b0b7439b98b80936e58af2d91?s=96&d=mm&r=g","contentUrl":"https:\/\/secure.gravatar.com\/avatar\/002af9a4377d87096f281de7725cae2f359bff0b0b7439b98b80936e58af2d91?s=96&d=mm&r=g","caption":"FP Superior UFV"},"sameAs":["https:\/\/fpsuperiorufv.lo"],"url":"https:\/\/fpsuperiorufv.es\/blog\/author\/administrador\/"}]}},"_links":{"self":[{"href":"https:\/\/fpsuperiorufv.es\/blog\/wp-json\/wp\/v2\/posts\/282661","targetHints":{"allow":["GET"]}}],"collection":[{"href":"https:\/\/fpsuperiorufv.es\/blog\/wp-json\/wp\/v2\/posts"}],"about":[{"href":"https:\/\/fpsuperiorufv.es\/blog\/wp-json\/wp\/v2\/types\/post"}],"author":[{"embeddable":true,"href":"https:\/\/fpsuperiorufv.es\/blog\/wp-json\/wp\/v2\/users\/1"}],"replies":[{"embeddable":true,"href":"https:\/\/fpsuperiorufv.es\/blog\/wp-json\/wp\/v2\/comments?post=282661"}],"version-history":[{"count":1,"href":"https:\/\/fpsuperiorufv.es\/blog\/wp-json\/wp\/v2\/posts\/282661\/revisions"}],"predecessor-version":[{"id":283383,"href":"https:\/\/fpsuperiorufv.es\/blog\/wp-json\/wp\/v2\/posts\/282661\/revisions\/283383"}],"wp:featuredmedia":[{"embeddable":true,"href":"https:\/\/fpsuperiorufv.es\/blog\/wp-json\/wp\/v2\/media\/2606"}],"wp:attachment":[{"href":"https:\/\/fpsuperiorufv.es\/blog\/wp-json\/wp\/v2\/media?parent=282661"}],"wp:term":[{"taxonomy":"category","embeddable":true,"href":"https:\/\/fpsuperiorufv.es\/blog\/wp-json\/wp\/v2\/categories?post=282661"},{"taxonomy":"post_tag","embeddable":true,"href":"https:\/\/fpsuperiorufv.es\/blog\/wp-json\/wp\/v2\/tags?post=282661"}],"curies":[{"name":"wp","href":"https:\/\/api.w.org\/{rel}","templated":true}]}}