{"id":282674,"date":"2026-03-09T02:13:01","date_gmt":"2026-03-09T02:13:01","guid":{"rendered":"https:\/\/soleyantonio.es\/reserva-de-plaza-en-fp-en-fabricacion-de-productos-farmaceuticos-biotecnologicos-y-afines-pasos-plazos-y-documentacion\/"},"modified":"2026-04-16T11:13:04","modified_gmt":"2026-04-16T09:13:04","slug":"reserva-de-plaza-en-fp-en-fabricacion-de-productos-farmaceuticos-biotecnologicos-y-afines-pasos-plazos-y-documentacion-blog","status":"publish","type":"post","link":"https:\/\/fpsuperiorufv.es\/blog\/reserva-de-plaza-en-fp-en-fabricacion-de-productos-farmaceuticos-biotecnologicos-y-afines-pasos-plazos-y-documentacion-blog\/","title":{"rendered":"Reserva de plaza en FP en Fabricaci\u00f3n de Productos Farmac\u00e9uticos Biotecnol\u00f3gicos y Afines: pasos plazos y documentaci\u00f3n"},"content":{"rendered":"<h2>Reserva de Plaza en FP en Fabricaci\u00f3n de Productos Farmac\u00e9uticos Biotecnol\u00f3gicos y Afines<\/h2>\n<p>\u00bfEst\u00e1s listo para dar el siguiente paso en tu formaci\u00f3n profesional? En el ciclo formativo de grado superior en Fabricaci\u00f3n de Productos Farmac\u00e9uticos Biotecnol\u00f3gicos y Afines, te ofrecemos la oportunidad de convertirte en un profesional altamente cualificado en un sector en constante crecimiento. \u00a1Vamos a explicarte todo lo que necesitas saber sobre la reserva de plaza!<\/p>\n<h2>Curiosidades y Datos Interesantes<\/h2>\n<ul>\n<li><strong>Demanda en el Sector:<\/strong> La industria farmac\u00e9utica y biotecnol\u00f3gica est\u00e1 en auge, con una creciente necesidad de profesionales capacitados.<\/li>\n<li><strong>Formaci\u00f3n Pr\u00e1ctica:<\/strong> Este ciclo formativo combina teor\u00eda y pr\u00e1ctica, permiti\u00e9ndote adquirir habilidades esenciales directamente en el laboratorio.<\/li>\n<li><strong>Salidas Laborales:<\/strong> Podr\u00e1s desempe\u00f1arte en diversas \u00e1reas como la investigaci\u00f3n, producci\u00f3n, control de calidad y m\u00e1s.<\/li>\n<li><strong>Certificaci\u00f3n Reconocida:<\/strong> Al finalizar, obtendr\u00e1s un t\u00edtulo oficial que te abrir\u00e1 muchas puertas en el mercado laboral.<\/li>\n<li><strong>Innovaci\u00f3n Continua:<\/strong> La biotecnolog\u00eda est\u00e1 en constante evoluci\u00f3n, lo que significa que siempre habr\u00e1 algo nuevo que aprender.<\/li>\n<\/ul>\n<h2>Pasos para la Reserva de Plaza<\/h2>\n<p>Realizar la reserva de plaza en nuestro ciclo formativo es un proceso sencillo que hemos dise\u00f1ado para ti. Aqu\u00ed te mostramos los pasos a seguir:<\/p>\n<h2>Paso 1: Consulta la Informaci\u00f3n<\/h2>\n<p>Antes de realizar la reserva, es fundamental que consultes toda la informaci\u00f3n relacionada con el ciclo formativo. En nuestra p\u00e1gina, encontrar\u00e1s detalles sobre el contenido del programa, los requisitos de acceso y m\u00e1s.<\/p>\n<h2>Paso 2: Prepara la Documentaci\u00f3n<\/h2>\n<p>Para realizar la reserva de plaza, necesitar\u00e1s presentar cierta documentaci\u00f3n. A continuaci\u00f3n, te indicamos los documentos necesarios:<\/p>\n<ul>\n<li>Copia del DNI o documento identificativo.<\/li>\n<li>T\u00edtulo de educaci\u00f3n secundaria o equivalente.<\/li>\n<li>Certificados de notas de los estudios previos.<\/li>\n<li>Formulario de solicitud de reserva de plaza, que puedes descargar desde nuestra web.<\/li>\n<\/ul>\n<h2>Paso 3: Realiza la Solicitud<\/h2>\n<p>Una vez que tengas toda la documentaci\u00f3n lista, deber\u00e1s completar el formulario de solicitud de reserva de plaza. Aseg\u00farate de rellenarlo de forma clara y completa.<\/p>\n<h2>Paso 4: Env\u00eda tu Solicitud<\/h2>\n<p>Despu\u00e9s de completar el formulario, deber\u00e1s enviarlo junto con la documentaci\u00f3n requerida. Esto se puede hacer de forma presencial en nuestra secretar\u00eda o, en algunos casos, de manera online. Revisa nuestra p\u00e1gina de <a href=https:\/\/fpsuperiorufv.es\/secretaria-admision-y-ayuda\/>Proceso de Admisi\u00f3n<\/a> para m\u00e1s detalles.<\/p>\n<h2>Paso 5: Espera la Confirmaci\u00f3n<\/h2>\n<p>Una vez enviada tu solicitud, recibir\u00e1s un correo electr\u00f3nico de confirmaci\u00f3n. Este proceso puede tardar unos d\u00edas, as\u00ed que ten paciencia.<\/p>\n<h2>Plazos Importantes<\/h2>\n<p>Es fundamental que est\u00e9s al tanto de los plazos para la reserva de plaza. Aqu\u00ed te dejamos un resumen de las fechas clave:<\/p>\n<ul>\n<li><strong>Inicio de Solicitudes:<\/strong> Generalmente, las solicitudes se abren en marzo.<\/li>\n<li><strong>Fecha L\u00edmite:<\/strong> La fecha l\u00edmite suele ser a finales de junio.<\/li>\n<li><strong>Publicaci\u00f3n de Listas:<\/strong> Las listas provisionales se publican a principios de julio.<\/li>\n<li><strong>Plazo de Reclamaciones:<\/strong> Si necesitas realizar alguna reclamaci\u00f3n, suele haber un periodo de 10 d\u00edas tras la publicaci\u00f3n de listas.<\/li>\n<li><strong>Matriculaci\u00f3n:<\/strong> La matriculaci\u00f3n se realiza a finales de julio y principios de septiembre.<\/li>\n<\/ul>\n<h2>Documentaci\u00f3n Necesaria<\/h2>\n<p>Adem\u00e1s de los documentos mencionados anteriormente, puede que necesites otros papeles dependiendo de tu situaci\u00f3n. Te aconsejamos que revises la documentaci\u00f3n espec\u00edfica en nuestra web.<\/p>\n<h2>Ejemplo de Proceso de Reserva de Plaza<\/h2>\n<p>Imagina que est\u00e1s interesado en el ciclo formativo. Aqu\u00ed tienes un ejemplo pr\u00e1ctico de c\u00f3mo ser\u00eda tu experiencia:<\/p>\n<ol>\n<li>Visitas nuestra web y lees sobre el ciclo formativo.<\/li>\n<li>Descargas el formulario de reserva de plaza y preparas tus documentos.<\/li>\n<li>Env\u00edas tu solicitud por correo electr\u00f3nico.<\/li>\n<li>Recibes un correo de confirmaci\u00f3n y esperas la publicaci\u00f3n de las listas.<\/li>\n<li>Una vez admitido, realizas la matr\u00edcula y comienzas tu formaci\u00f3n.<\/li>\n<\/ol>\n<h2>Preguntas Frecuentes<\/h2>\n<h2>\u00bfCu\u00e1l es el coste del ciclo formativo?<\/h2>\n<p>El coste puede variar, pero ofrecemos diversas opciones de financiaci\u00f3n y becas. Consulta nuestra web para m\u00e1s informaci\u00f3n.<\/p>\n<h2>\u00bfQu\u00e9 requisitos necesito para acceder?<\/h2>\n<p>Para acceder al ciclo formativo, necesitas tener el t\u00edtulo de educaci\u00f3n secundaria o equivalente. Tambi\u00e9n puedes acceder si posees un t\u00edtulo de t\u00e9cnico o t\u00e9cnico auxiliar.<\/p>\n<h2>\u00bfPuedo realizar pr\u00e1cticas durante el ciclo?<\/h2>\n<p>S\u00ed, durante el ciclo formativo tendr\u00e1s la oportunidad de realizar pr\u00e1cticas en empresas del sector, lo que te ayudar\u00e1 a ganar experiencia y contactos profesionales.<\/p>\n<h2>\u00bfQu\u00e9 salidas laborales tengo al finalizar?<\/h2>\n<p>Las salidas laborales son variadas. Podr\u00e1s trabajar en laboratorios, industrias farmac\u00e9uticas, control de calidad, investigaci\u00f3n y desarrollo, entre otros.<\/p>\n<h2>\u00bfHay posibilidad de continuar estudios tras finalizar el ciclo?<\/h2>\n<p>S\u00ed, al finalizar el ciclo formativo, podr\u00e1s acceder a estudios universitarios relacionados con la biotecnolog\u00eda, farmacia o \u00e1reas afines.<\/p>\n<h2>\u00bfD\u00f3nde puedo obtener m\u00e1s informaci\u00f3n?<\/h2>\n<p>Puedes visitar nuestra p\u00e1gina web o ponerte en contacto con nuestra secretar\u00eda. Estamos aqu\u00ed para ayudarte en todo lo que necesites.<\/p>\n","protected":false},"excerpt":{"rendered":"<p>Reserva de Plaza en FP en Fabricaci\u00f3n de Productos Farmac\u00e9uticos Biotecnol\u00f3gicos y Afines \u00bfEst\u00e1s listo para dar el siguiente paso en tu formaci\u00f3n profesional? En el ciclo formativo de grado superior en Fabricaci\u00f3n de Productos Farmac\u00e9uticos Biotecnol\u00f3gicos y Afines, te ofrecemos la oportunidad de convertirte en un profesional altamente cualificado en un sector en constante [&hellip;]<\/p>\n","protected":false},"author":1,"featured_media":2743,"comment_status":"open","ping_status":"open","sticky":false,"template":"","format":"standard","meta":{"inline_featured_image":false,"footnotes":""},"categories":[391,393],"tags":[],"class_list":["post-282674","post","type-post","status-publish","format-standard","has-post-thumbnail","hentry","category-fabricacion-de-productos-farmaceuticos","category-preguntas-frecuentes"],"yoast_head":"<!-- This site is optimized with the Yoast SEO plugin v27.4 - https:\/\/yoast.com\/product\/yoast-seo-wordpress\/ -->\n<title>Reserva de plaza en FP en Fabricaci\u00f3n de Productos Farmac\u00e9uticos Biotecnol\u00f3gicos y Afines: pasos plazos y documentaci\u00f3n - Cetys<\/title>\n<meta name=\"robots\" content=\"index, follow, max-snippet:-1, max-image-preview:large, max-video-preview:-1\" \/>\n<link rel=\"canonical\" href=\"https:\/\/fpsuperiorufv.es\/blog\/reserva-de-plaza-en-fp-en-fabricacion-de-productos-farmaceuticos-biotecnologicos-y-afines-pasos-plazos-y-documentacion-blog\/\" \/>\n<meta property=\"og:locale\" content=\"es_ES\" \/>\n<meta property=\"og:type\" content=\"article\" \/>\n<meta property=\"og:title\" content=\"Reserva de plaza en FP en Fabricaci\u00f3n de Productos Farmac\u00e9uticos Biotecnol\u00f3gicos y Afines: pasos plazos y documentaci\u00f3n - Cetys\" \/>\n<meta property=\"og:description\" content=\"Reserva de Plaza en FP en Fabricaci\u00f3n de Productos Farmac\u00e9uticos Biotecnol\u00f3gicos y Afines \u00bfEst\u00e1s listo para dar el siguiente paso en tu formaci\u00f3n profesional? En el ciclo formativo de grado superior en Fabricaci\u00f3n de Productos Farmac\u00e9uticos Biotecnol\u00f3gicos y Afines, te ofrecemos la oportunidad de convertirte en un profesional altamente cualificado en un sector en constante [&hellip;]\" \/>\n<meta property=\"og:url\" content=\"https:\/\/fpsuperiorufv.es\/blog\/reserva-de-plaza-en-fp-en-fabricacion-de-productos-farmaceuticos-biotecnologicos-y-afines-pasos-plazos-y-documentacion-blog\/\" \/>\n<meta property=\"og:site_name\" content=\"Cetys\" \/>\n<meta property=\"article:published_time\" content=\"2026-03-09T02:13:01+00:00\" \/>\n<meta property=\"article:modified_time\" content=\"2026-04-16T09:13:04+00:00\" \/>\n<meta property=\"og:image\" content=\"https:\/\/fpsuperiorufv.es\/blog\/wp-content\/uploads\/2025\/08\/diet1-scaled-1.jpg\" \/>\n\t<meta property=\"og:image:width\" content=\"2560\" \/>\n\t<meta property=\"og:image:height\" content=\"1707\" \/>\n\t<meta property=\"og:image:type\" content=\"image\/jpeg\" \/>\n<meta name=\"author\" content=\"FP Superior UFV\" \/>\n<meta name=\"twitter:card\" content=\"summary_large_image\" \/>\n<meta name=\"twitter:label1\" content=\"Escrito por\" \/>\n\t<meta name=\"twitter:data1\" content=\"FP Superior UFV\" \/>\n\t<meta name=\"twitter:label2\" content=\"Tiempo de lectura\" \/>\n\t<meta name=\"twitter:data2\" content=\"4 minutos\" \/>\n<script type=\"application\/ld+json\" class=\"yoast-schema-graph\">{\"@context\":\"https:\\\/\\\/schema.org\",\"@graph\":[{\"@type\":\"Article\",\"@id\":\"https:\\\/\\\/fpsuperiorufv.es\\\/blog\\\/reserva-de-plaza-en-fp-en-fabricacion-de-productos-farmaceuticos-biotecnologicos-y-afines-pasos-plazos-y-documentacion-blog\\\/#article\",\"isPartOf\":{\"@id\":\"https:\\\/\\\/fpsuperiorufv.es\\\/blog\\\/reserva-de-plaza-en-fp-en-fabricacion-de-productos-farmaceuticos-biotecnologicos-y-afines-pasos-plazos-y-documentacion-blog\\\/\"},\"author\":{\"name\":\"FP Superior UFV\",\"@id\":\"https:\\\/\\\/fpsuperiorufv.es\\\/blog\\\/#\\\/schema\\\/person\\\/c7ac6e2e7af298050da8d956ac824347\"},\"headline\":\"Reserva de plaza en FP en Fabricaci\u00f3n de Productos Farmac\u00e9uticos Biotecnol\u00f3gicos y Afines: pasos plazos y documentaci\u00f3n\",\"datePublished\":\"2026-03-09T02:13:01+00:00\",\"dateModified\":\"2026-04-16T09:13:04+00:00\",\"mainEntityOfPage\":{\"@id\":\"https:\\\/\\\/fpsuperiorufv.es\\\/blog\\\/reserva-de-plaza-en-fp-en-fabricacion-de-productos-farmaceuticos-biotecnologicos-y-afines-pasos-plazos-y-documentacion-blog\\\/\"},\"wordCount\":859,\"commentCount\":0,\"publisher\":{\"@id\":\"https:\\\/\\\/fpsuperiorufv.es\\\/blog\\\/#organization\"},\"image\":{\"@id\":\"https:\\\/\\\/fpsuperiorufv.es\\\/blog\\\/reserva-de-plaza-en-fp-en-fabricacion-de-productos-farmaceuticos-biotecnologicos-y-afines-pasos-plazos-y-documentacion-blog\\\/#primaryimage\"},\"thumbnailUrl\":\"https:\\\/\\\/fpsuperiorufv.es\\\/blog\\\/wp-content\\\/uploads\\\/2025\\\/08\\\/diet1-scaled-1.jpg\",\"articleSection\":[\"Fabricaci\u00f3n de Productos Farmac\u00e9uticos\",\"Preguntas frecuentes\"],\"inLanguage\":\"es\",\"potentialAction\":[{\"@type\":\"CommentAction\",\"name\":\"Comment\",\"target\":[\"https:\\\/\\\/fpsuperiorufv.es\\\/blog\\\/reserva-de-plaza-en-fp-en-fabricacion-de-productos-farmaceuticos-biotecnologicos-y-afines-pasos-plazos-y-documentacion-blog\\\/#respond\"]}]},{\"@type\":\"WebPage\",\"@id\":\"https:\\\/\\\/fpsuperiorufv.es\\\/blog\\\/reserva-de-plaza-en-fp-en-fabricacion-de-productos-farmaceuticos-biotecnologicos-y-afines-pasos-plazos-y-documentacion-blog\\\/\",\"url\":\"https:\\\/\\\/fpsuperiorufv.es\\\/blog\\\/reserva-de-plaza-en-fp-en-fabricacion-de-productos-farmaceuticos-biotecnologicos-y-afines-pasos-plazos-y-documentacion-blog\\\/\",\"name\":\"Reserva de plaza en FP en Fabricaci\u00f3n de Productos Farmac\u00e9uticos Biotecnol\u00f3gicos y Afines: pasos plazos y documentaci\u00f3n - Cetys\",\"isPartOf\":{\"@id\":\"https:\\\/\\\/fpsuperiorufv.es\\\/blog\\\/#website\"},\"primaryImageOfPage\":{\"@id\":\"https:\\\/\\\/fpsuperiorufv.es\\\/blog\\\/reserva-de-plaza-en-fp-en-fabricacion-de-productos-farmaceuticos-biotecnologicos-y-afines-pasos-plazos-y-documentacion-blog\\\/#primaryimage\"},\"image\":{\"@id\":\"https:\\\/\\\/fpsuperiorufv.es\\\/blog\\\/reserva-de-plaza-en-fp-en-fabricacion-de-productos-farmaceuticos-biotecnologicos-y-afines-pasos-plazos-y-documentacion-blog\\\/#primaryimage\"},\"thumbnailUrl\":\"https:\\\/\\\/fpsuperiorufv.es\\\/blog\\\/wp-content\\\/uploads\\\/2025\\\/08\\\/diet1-scaled-1.jpg\",\"datePublished\":\"2026-03-09T02:13:01+00:00\",\"dateModified\":\"2026-04-16T09:13:04+00:00\",\"breadcrumb\":{\"@id\":\"https:\\\/\\\/fpsuperiorufv.es\\\/blog\\\/reserva-de-plaza-en-fp-en-fabricacion-de-productos-farmaceuticos-biotecnologicos-y-afines-pasos-plazos-y-documentacion-blog\\\/#breadcrumb\"},\"inLanguage\":\"es\",\"potentialAction\":[{\"@type\":\"ReadAction\",\"target\":[\"https:\\\/\\\/fpsuperiorufv.es\\\/blog\\\/reserva-de-plaza-en-fp-en-fabricacion-de-productos-farmaceuticos-biotecnologicos-y-afines-pasos-plazos-y-documentacion-blog\\\/\"]}]},{\"@type\":\"ImageObject\",\"inLanguage\":\"es\",\"@id\":\"https:\\\/\\\/fpsuperiorufv.es\\\/blog\\\/reserva-de-plaza-en-fp-en-fabricacion-de-productos-farmaceuticos-biotecnologicos-y-afines-pasos-plazos-y-documentacion-blog\\\/#primaryimage\",\"url\":\"https:\\\/\\\/fpsuperiorufv.es\\\/blog\\\/wp-content\\\/uploads\\\/2025\\\/08\\\/diet1-scaled-1.jpg\",\"contentUrl\":\"https:\\\/\\\/fpsuperiorufv.es\\\/blog\\\/wp-content\\\/uploads\\\/2025\\\/08\\\/diet1-scaled-1.jpg\",\"width\":2560,\"height\":1707},{\"@type\":\"BreadcrumbList\",\"@id\":\"https:\\\/\\\/fpsuperiorufv.es\\\/blog\\\/reserva-de-plaza-en-fp-en-fabricacion-de-productos-farmaceuticos-biotecnologicos-y-afines-pasos-plazos-y-documentacion-blog\\\/#breadcrumb\",\"itemListElement\":[{\"@type\":\"ListItem\",\"position\":1,\"name\":\"Home\",\"item\":\"https:\\\/\\\/fpsuperiorufv.es\\\/blog\\\/\"},{\"@type\":\"ListItem\",\"position\":2,\"name\":\"Reserva de plaza en FP en Fabricaci\u00f3n de Productos Farmac\u00e9uticos Biotecnol\u00f3gicos y Afines: pasos plazos y documentaci\u00f3n\"}]},{\"@type\":\"WebSite\",\"@id\":\"https:\\\/\\\/fpsuperiorufv.es\\\/blog\\\/#website\",\"url\":\"https:\\\/\\\/fpsuperiorufv.es\\\/blog\\\/\",\"name\":\"Fp Superior Francisco de Vitoria\",\"description\":\"\",\"publisher\":{\"@id\":\"https:\\\/\\\/fpsuperiorufv.es\\\/blog\\\/#organization\"},\"alternateName\":\"Cetys\",\"potentialAction\":[{\"@type\":\"SearchAction\",\"target\":{\"@type\":\"EntryPoint\",\"urlTemplate\":\"https:\\\/\\\/fpsuperiorufv.es\\\/blog\\\/?s={search_term_string}\"},\"query-input\":{\"@type\":\"PropertyValueSpecification\",\"valueRequired\":true,\"valueName\":\"search_term_string\"}}],\"inLanguage\":\"es\"},{\"@type\":\"Organization\",\"@id\":\"https:\\\/\\\/fpsuperiorufv.es\\\/blog\\\/#organization\",\"name\":\"Cetys\",\"url\":\"https:\\\/\\\/fpsuperiorufv.es\\\/blog\\\/\",\"logo\":{\"@type\":\"ImageObject\",\"inLanguage\":\"es\",\"@id\":\"https:\\\/\\\/fpsuperiorufv.es\\\/blog\\\/#\\\/schema\\\/logo\\\/image\\\/\",\"url\":\"https:\\\/\\\/fpsuperiorufv.lo\\\/wp-content\\\/uploads\\\/2025\\\/02\\\/logo.svg\",\"contentUrl\":\"https:\\\/\\\/fpsuperiorufv.lo\\\/wp-content\\\/uploads\\\/2025\\\/02\\\/logo.svg\",\"width\":\"1024\",\"height\":\"1024\",\"caption\":\"Cetys\"},\"image\":{\"@id\":\"https:\\\/\\\/fpsuperiorufv.es\\\/blog\\\/#\\\/schema\\\/logo\\\/image\\\/\"}},{\"@type\":\"Person\",\"@id\":\"https:\\\/\\\/fpsuperiorufv.es\\\/blog\\\/#\\\/schema\\\/person\\\/c7ac6e2e7af298050da8d956ac824347\",\"name\":\"FP Superior UFV\",\"image\":{\"@type\":\"ImageObject\",\"inLanguage\":\"es\",\"@id\":\"https:\\\/\\\/secure.gravatar.com\\\/avatar\\\/002af9a4377d87096f281de7725cae2f359bff0b0b7439b98b80936e58af2d91?s=96&d=mm&r=g\",\"url\":\"https:\\\/\\\/secure.gravatar.com\\\/avatar\\\/002af9a4377d87096f281de7725cae2f359bff0b0b7439b98b80936e58af2d91?s=96&d=mm&r=g\",\"contentUrl\":\"https:\\\/\\\/secure.gravatar.com\\\/avatar\\\/002af9a4377d87096f281de7725cae2f359bff0b0b7439b98b80936e58af2d91?s=96&d=mm&r=g\",\"caption\":\"FP Superior UFV\"},\"sameAs\":[\"https:\\\/\\\/fpsuperiorufv.lo\"],\"url\":\"https:\\\/\\\/fpsuperiorufv.es\\\/blog\\\/author\\\/administrador\\\/\"}]}<\/script>\n<!-- \/ Yoast SEO plugin. -->","yoast_head_json":{"title":"Reserva de plaza en FP en Fabricaci\u00f3n de Productos Farmac\u00e9uticos Biotecnol\u00f3gicos y Afines: pasos plazos y documentaci\u00f3n - Cetys","robots":{"index":"index","follow":"follow","max-snippet":"max-snippet:-1","max-image-preview":"max-image-preview:large","max-video-preview":"max-video-preview:-1"},"canonical":"https:\/\/fpsuperiorufv.es\/blog\/reserva-de-plaza-en-fp-en-fabricacion-de-productos-farmaceuticos-biotecnologicos-y-afines-pasos-plazos-y-documentacion-blog\/","og_locale":"es_ES","og_type":"article","og_title":"Reserva de plaza en FP en Fabricaci\u00f3n de Productos Farmac\u00e9uticos Biotecnol\u00f3gicos y Afines: pasos plazos y documentaci\u00f3n - Cetys","og_description":"Reserva de Plaza en FP en Fabricaci\u00f3n de Productos Farmac\u00e9uticos Biotecnol\u00f3gicos y Afines \u00bfEst\u00e1s listo para dar el siguiente paso en tu formaci\u00f3n profesional? En el ciclo formativo de grado superior en Fabricaci\u00f3n de Productos Farmac\u00e9uticos Biotecnol\u00f3gicos y Afines, te ofrecemos la oportunidad de convertirte en un profesional altamente cualificado en un sector en constante [&hellip;]","og_url":"https:\/\/fpsuperiorufv.es\/blog\/reserva-de-plaza-en-fp-en-fabricacion-de-productos-farmaceuticos-biotecnologicos-y-afines-pasos-plazos-y-documentacion-blog\/","og_site_name":"Cetys","article_published_time":"2026-03-09T02:13:01+00:00","article_modified_time":"2026-04-16T09:13:04+00:00","og_image":[{"width":2560,"height":1707,"url":"https:\/\/fpsuperiorufv.es\/blog\/wp-content\/uploads\/2025\/08\/diet1-scaled-1.jpg","type":"image\/jpeg"}],"author":"FP Superior UFV","twitter_card":"summary_large_image","twitter_misc":{"Escrito por":"FP Superior UFV","Tiempo de lectura":"4 minutos"},"schema":{"@context":"https:\/\/schema.org","@graph":[{"@type":"Article","@id":"https:\/\/fpsuperiorufv.es\/blog\/reserva-de-plaza-en-fp-en-fabricacion-de-productos-farmaceuticos-biotecnologicos-y-afines-pasos-plazos-y-documentacion-blog\/#article","isPartOf":{"@id":"https:\/\/fpsuperiorufv.es\/blog\/reserva-de-plaza-en-fp-en-fabricacion-de-productos-farmaceuticos-biotecnologicos-y-afines-pasos-plazos-y-documentacion-blog\/"},"author":{"name":"FP Superior UFV","@id":"https:\/\/fpsuperiorufv.es\/blog\/#\/schema\/person\/c7ac6e2e7af298050da8d956ac824347"},"headline":"Reserva de plaza en FP en Fabricaci\u00f3n de Productos Farmac\u00e9uticos Biotecnol\u00f3gicos y Afines: pasos plazos y documentaci\u00f3n","datePublished":"2026-03-09T02:13:01+00:00","dateModified":"2026-04-16T09:13:04+00:00","mainEntityOfPage":{"@id":"https:\/\/fpsuperiorufv.es\/blog\/reserva-de-plaza-en-fp-en-fabricacion-de-productos-farmaceuticos-biotecnologicos-y-afines-pasos-plazos-y-documentacion-blog\/"},"wordCount":859,"commentCount":0,"publisher":{"@id":"https:\/\/fpsuperiorufv.es\/blog\/#organization"},"image":{"@id":"https:\/\/fpsuperiorufv.es\/blog\/reserva-de-plaza-en-fp-en-fabricacion-de-productos-farmaceuticos-biotecnologicos-y-afines-pasos-plazos-y-documentacion-blog\/#primaryimage"},"thumbnailUrl":"https:\/\/fpsuperiorufv.es\/blog\/wp-content\/uploads\/2025\/08\/diet1-scaled-1.jpg","articleSection":["Fabricaci\u00f3n de Productos Farmac\u00e9uticos","Preguntas frecuentes"],"inLanguage":"es","potentialAction":[{"@type":"CommentAction","name":"Comment","target":["https:\/\/fpsuperiorufv.es\/blog\/reserva-de-plaza-en-fp-en-fabricacion-de-productos-farmaceuticos-biotecnologicos-y-afines-pasos-plazos-y-documentacion-blog\/#respond"]}]},{"@type":"WebPage","@id":"https:\/\/fpsuperiorufv.es\/blog\/reserva-de-plaza-en-fp-en-fabricacion-de-productos-farmaceuticos-biotecnologicos-y-afines-pasos-plazos-y-documentacion-blog\/","url":"https:\/\/fpsuperiorufv.es\/blog\/reserva-de-plaza-en-fp-en-fabricacion-de-productos-farmaceuticos-biotecnologicos-y-afines-pasos-plazos-y-documentacion-blog\/","name":"Reserva de plaza en FP en Fabricaci\u00f3n de Productos Farmac\u00e9uticos Biotecnol\u00f3gicos y Afines: pasos plazos y documentaci\u00f3n - Cetys","isPartOf":{"@id":"https:\/\/fpsuperiorufv.es\/blog\/#website"},"primaryImageOfPage":{"@id":"https:\/\/fpsuperiorufv.es\/blog\/reserva-de-plaza-en-fp-en-fabricacion-de-productos-farmaceuticos-biotecnologicos-y-afines-pasos-plazos-y-documentacion-blog\/#primaryimage"},"image":{"@id":"https:\/\/fpsuperiorufv.es\/blog\/reserva-de-plaza-en-fp-en-fabricacion-de-productos-farmaceuticos-biotecnologicos-y-afines-pasos-plazos-y-documentacion-blog\/#primaryimage"},"thumbnailUrl":"https:\/\/fpsuperiorufv.es\/blog\/wp-content\/uploads\/2025\/08\/diet1-scaled-1.jpg","datePublished":"2026-03-09T02:13:01+00:00","dateModified":"2026-04-16T09:13:04+00:00","breadcrumb":{"@id":"https:\/\/fpsuperiorufv.es\/blog\/reserva-de-plaza-en-fp-en-fabricacion-de-productos-farmaceuticos-biotecnologicos-y-afines-pasos-plazos-y-documentacion-blog\/#breadcrumb"},"inLanguage":"es","potentialAction":[{"@type":"ReadAction","target":["https:\/\/fpsuperiorufv.es\/blog\/reserva-de-plaza-en-fp-en-fabricacion-de-productos-farmaceuticos-biotecnologicos-y-afines-pasos-plazos-y-documentacion-blog\/"]}]},{"@type":"ImageObject","inLanguage":"es","@id":"https:\/\/fpsuperiorufv.es\/blog\/reserva-de-plaza-en-fp-en-fabricacion-de-productos-farmaceuticos-biotecnologicos-y-afines-pasos-plazos-y-documentacion-blog\/#primaryimage","url":"https:\/\/fpsuperiorufv.es\/blog\/wp-content\/uploads\/2025\/08\/diet1-scaled-1.jpg","contentUrl":"https:\/\/fpsuperiorufv.es\/blog\/wp-content\/uploads\/2025\/08\/diet1-scaled-1.jpg","width":2560,"height":1707},{"@type":"BreadcrumbList","@id":"https:\/\/fpsuperiorufv.es\/blog\/reserva-de-plaza-en-fp-en-fabricacion-de-productos-farmaceuticos-biotecnologicos-y-afines-pasos-plazos-y-documentacion-blog\/#breadcrumb","itemListElement":[{"@type":"ListItem","position":1,"name":"Home","item":"https:\/\/fpsuperiorufv.es\/blog\/"},{"@type":"ListItem","position":2,"name":"Reserva de plaza en FP en Fabricaci\u00f3n de Productos Farmac\u00e9uticos Biotecnol\u00f3gicos y Afines: pasos plazos y documentaci\u00f3n"}]},{"@type":"WebSite","@id":"https:\/\/fpsuperiorufv.es\/blog\/#website","url":"https:\/\/fpsuperiorufv.es\/blog\/","name":"Fp Superior Francisco de Vitoria","description":"","publisher":{"@id":"https:\/\/fpsuperiorufv.es\/blog\/#organization"},"alternateName":"Cetys","potentialAction":[{"@type":"SearchAction","target":{"@type":"EntryPoint","urlTemplate":"https:\/\/fpsuperiorufv.es\/blog\/?s={search_term_string}"},"query-input":{"@type":"PropertyValueSpecification","valueRequired":true,"valueName":"search_term_string"}}],"inLanguage":"es"},{"@type":"Organization","@id":"https:\/\/fpsuperiorufv.es\/blog\/#organization","name":"Cetys","url":"https:\/\/fpsuperiorufv.es\/blog\/","logo":{"@type":"ImageObject","inLanguage":"es","@id":"https:\/\/fpsuperiorufv.es\/blog\/#\/schema\/logo\/image\/","url":"https:\/\/fpsuperiorufv.lo\/wp-content\/uploads\/2025\/02\/logo.svg","contentUrl":"https:\/\/fpsuperiorufv.lo\/wp-content\/uploads\/2025\/02\/logo.svg","width":"1024","height":"1024","caption":"Cetys"},"image":{"@id":"https:\/\/fpsuperiorufv.es\/blog\/#\/schema\/logo\/image\/"}},{"@type":"Person","@id":"https:\/\/fpsuperiorufv.es\/blog\/#\/schema\/person\/c7ac6e2e7af298050da8d956ac824347","name":"FP Superior UFV","image":{"@type":"ImageObject","inLanguage":"es","@id":"https:\/\/secure.gravatar.com\/avatar\/002af9a4377d87096f281de7725cae2f359bff0b0b7439b98b80936e58af2d91?s=96&d=mm&r=g","url":"https:\/\/secure.gravatar.com\/avatar\/002af9a4377d87096f281de7725cae2f359bff0b0b7439b98b80936e58af2d91?s=96&d=mm&r=g","contentUrl":"https:\/\/secure.gravatar.com\/avatar\/002af9a4377d87096f281de7725cae2f359bff0b0b7439b98b80936e58af2d91?s=96&d=mm&r=g","caption":"FP Superior UFV"},"sameAs":["https:\/\/fpsuperiorufv.lo"],"url":"https:\/\/fpsuperiorufv.es\/blog\/author\/administrador\/"}]}},"_links":{"self":[{"href":"https:\/\/fpsuperiorufv.es\/blog\/wp-json\/wp\/v2\/posts\/282674","targetHints":{"allow":["GET"]}}],"collection":[{"href":"https:\/\/fpsuperiorufv.es\/blog\/wp-json\/wp\/v2\/posts"}],"about":[{"href":"https:\/\/fpsuperiorufv.es\/blog\/wp-json\/wp\/v2\/types\/post"}],"author":[{"embeddable":true,"href":"https:\/\/fpsuperiorufv.es\/blog\/wp-json\/wp\/v2\/users\/1"}],"replies":[{"embeddable":true,"href":"https:\/\/fpsuperiorufv.es\/blog\/wp-json\/wp\/v2\/comments?post=282674"}],"version-history":[{"count":1,"href":"https:\/\/fpsuperiorufv.es\/blog\/wp-json\/wp\/v2\/posts\/282674\/revisions"}],"predecessor-version":[{"id":283403,"href":"https:\/\/fpsuperiorufv.es\/blog\/wp-json\/wp\/v2\/posts\/282674\/revisions\/283403"}],"wp:featuredmedia":[{"embeddable":true,"href":"https:\/\/fpsuperiorufv.es\/blog\/wp-json\/wp\/v2\/media\/2743"}],"wp:attachment":[{"href":"https:\/\/fpsuperiorufv.es\/blog\/wp-json\/wp\/v2\/media?parent=282674"}],"wp:term":[{"taxonomy":"category","embeddable":true,"href":"https:\/\/fpsuperiorufv.es\/blog\/wp-json\/wp\/v2\/categories?post=282674"},{"taxonomy":"post_tag","embeddable":true,"href":"https:\/\/fpsuperiorufv.es\/blog\/wp-json\/wp\/v2\/tags?post=282674"}],"curies":[{"name":"wp","href":"https:\/\/api.w.org\/{rel}","templated":true}]}}