{"id":282675,"date":"2026-03-09T23:38:55","date_gmt":"2026-03-09T23:38:55","guid":{"rendered":"https:\/\/soleyantonio.es\/entrevistas-para-puestos-de-fp-en-dietetica-preguntas-tipicas-y-como-responder\/"},"modified":"2026-04-16T10:10:24","modified_gmt":"2026-04-16T08:10:24","slug":"entrevistas-para-puestos-de-fp-en-dietetica-preguntas-tipicas-y-como-responder-blog","status":"publish","type":"post","link":"https:\/\/fpsuperiorufv.es\/blog\/entrevistas-para-puestos-de-fp-en-dietetica-preguntas-tipicas-y-como-responder-blog\/","title":{"rendered":"Entrevistas para puestos de FP en Diet\u00e9tica: preguntas t\u00edpicas y c\u00f3mo responder"},"content":{"rendered":"<h2>Entrevistas para Puestos de FP en Diet\u00e9tica: Preguntas T\u00edpicas y C\u00f3mo Responder<\/h2>\n<section>\n<p>\u00a1Bienvenido! Si est\u00e1s a punto de dar el salto al mundo laboral tras finalizar tu Ciclo Formativo de Grado Superior en Diet\u00e9tica, este art\u00edculo es para ti. En \u00e9l, compartiremos consejos valiosos sobre c\u00f3mo prepararte para las entrevistas, las preguntas m\u00e1s comunes que podr\u00edas encontrar y c\u00f3mo responderlas de manera efectiva.<\/p>\n<h2>Curiosidades y estad\u00edsticas sobre las entrevistas en el \u00e1mbito de la Diet\u00e9tica<\/h2>\n<ul>\n<li>M\u00e1s del 70% de los reclutadores consideran que las entrevistas son la parte m\u00e1s crucial del proceso de selecci\u00f3n.<\/li>\n<li>En el sector de la salud y la nutrici\u00f3n, la demanda de profesionales cualificados ha crecido un 20% en los \u00faltimos a\u00f1os.<\/li>\n<li>Las preguntas situacionales son cada vez m\u00e1s comunes en las entrevistas, ya que permiten evaluar c\u00f3mo te comportar\u00edas en situaciones reales.<\/li>\n<li>El 60% de los estudiantes de FP en Diet\u00e9tica afirma que la preparaci\u00f3n previa a la entrevista mejora su confianza.<\/li>\n<li>Las habilidades blandas, como la comunicaci\u00f3n y el trabajo en equipo, son valoradas por encima de las t\u00e9cnicas en muchos puestos de diet\u00e9tica.<\/li>\n<\/ul>\n<\/section>\n<section>\n<h2>Preguntas t\u00edpicas en entrevistas para puestos de FP en Diet\u00e9tica<\/h2>\n<p>A continuaci\u00f3n, te presentamos algunas de las preguntas m\u00e1s comunes que podr\u00edas enfrentar durante una entrevista para un puesto relacionado con la Diet\u00e9tica. Tener respuestas preparadas te ayudar\u00e1 a sentirte m\u00e1s seguro y a destacar entre otros candidatos.<\/p>\n<h3>1. \u00bfPor qu\u00e9 elegiste estudiar Diet\u00e9tica?<\/h3>\n<p>Esta pregunta busca conocer tu motivaci\u00f3n. Responde de manera sincera, destacando tus intereses y c\u00f3mo se alinean con el campo de la Diet\u00e9tica.<\/p>\n<p><strong>Ejemplo:<\/strong> Eleg\u00ed estudiar Diet\u00e9tica porque siempre he estado interesado en la nutrici\u00f3n y en c\u00f3mo una buena alimentaci\u00f3n puede mejorar la calidad de vida de las personas. Quiero ayudar a las personas a alcanzar sus objetivos de salud mediante h\u00e1bitos alimenticios saludables.<\/p>\n<h3>2. \u00bfQu\u00e9 habilidades crees que son esenciales para un dietista?<\/h3>\n<p>En esta pregunta, es importante mencionar habilidades tanto t\u00e9cnicas como blandas. Puedes incluir:<\/p>\n<ul>\n<li>Conocimientos sobre nutrici\u00f3n y diet\u00e9tica.<\/li>\n<li>Capacidad de an\u00e1lisis de la composici\u00f3n de los alimentos.<\/li>\n<li>Habilidades de comunicaci\u00f3n efectiva para transmitir informaci\u00f3n compleja a los pacientes.<\/li>\n<li>Empat\u00eda y habilidades interpersonales.<\/li>\n<\/ul>\n<h3>3. Describe una situaci\u00f3n en la que tuviste que trabajar en equipo.<\/h3>\n<p>Esta pregunta eval\u00faa tu capacidad para colaborar. Usa la t\u00e9cnica STAR (Situaci\u00f3n, Tarea, Acci\u00f3n, Resultado) para estructurar tu respuesta. Por ejemplo:<\/p>\n<p><strong>Ejemplo:<\/strong> En mi proyecto final, trabaj\u00e9 en un equipo de cinco personas. Nuestra tarea era crear un plan de alimentaci\u00f3n para un grupo diverso. Asum\u00ed la responsabilidad de investigar sobre las necesidades nutricionales espec\u00edficas, y al final, nuestro plan fue bien recibido por los profesores.<\/p>\n<h3>4. \u00bfC\u00f3mo manejas el estr\u00e9s o situaciones dif\u00edciles?<\/h3>\n<p>Los profesionales de la Diet\u00e9tica a menudo enfrentan situaciones desafiantes. Resalta t\u00e9cnicas que utilices para mantener la calma y resolver problemas. Por ejemplo:<\/p>\n<p><strong>Ejemplo:<\/strong> Cuando enfrento situaciones estresantes, me gusta tomar un momento para respirar profundamente y evaluar la situaci\u00f3n. Luego, priorizo las tareas y me enfoco en soluciones, manteniendo siempre una actitud positiva.<\/p>\n<h3>5. \u00bfC\u00f3mo te mantienes actualizado sobre las tendencias en nutrici\u00f3n?<\/h3>\n<p>Es fundamental demostrar que te importa tu desarrollo profesional. Menciona recursos como:<\/p>\n<ul>\n<li>Revistas cient\u00edficas.<\/li>\n<li>Webinars y conferencias.<\/li>\n<li>Grupos de discusi\u00f3n en redes sociales.<\/li>\n<li>Formaci\u00f3n continua y cursos de especializaci\u00f3n.<\/li>\n<\/ul>\n<p><strong>Ejemplo:<\/strong> Me gusta seguir las \u00faltimas investigaciones a trav\u00e9s de revistas cient\u00edficas y participar en webinars que me permiten aprender de expertos en el campo. Tambi\u00e9n sigo a profesionales destacados en redes sociales para estar al tanto de tendencias.<\/p>\n<\/section>\n<section>\n<h2>Consejos para responder a preguntas en la entrevista<\/h2>\n<p>Adem\u00e1s de conocer las preguntas t\u00edpicas, hay algunos consejos que pueden ayudarte a hacer una buena impresi\u00f3n durante tu entrevista:<\/p>\n<ul>\n<li><strong>Investiga la empresa:<\/strong> Conocer bien la misi\u00f3n y visi\u00f3n de la empresa te permitir\u00e1 alinear tus respuestas con sus valores.<\/li>\n<li><strong>Practica tus respuestas:<\/strong> Puedes ensayar con amigos o familiares para ganar confianza.<\/li>\n<li><strong>Haz preguntas:<\/strong> Al final de la entrevista, no dudes en hacer preguntas sobre el puesto o la empresa. Esto demuestra tu inter\u00e9s.<\/li>\n<li><strong>Cuida tu lenguaje corporal:<\/strong> Mant\u00e9n una postura abierta y una buena contacto visual para proyectar confianza.<\/li>\n<li><strong>V\u00edstete adecuadamente:<\/strong> La primera impresi\u00f3n es importante; elige un atuendo que sea profesional y acorde al puesto.<\/li>\n<\/ul>\n<\/section>\n<section>\n<h2>Preguntas Frecuentes<\/h2>\n<h3>\u00bfCu\u00e1nto dura una entrevista t\u00edpica para un puesto en Diet\u00e9tica?<\/h3>\n<p>Generalmente, una entrevista puede durar entre 30 minutos y una hora, dependiendo de la profundidad de las preguntas y la cantidad de entrevistadores.<\/p>\n<h3>\u00bfQu\u00e9 tipo de pruebas podr\u00eda enfrentar en el proceso de selecci\u00f3n?<\/h3>\n<p>Adem\u00e1s de la entrevista, algunas empresas pueden incluir pruebas pr\u00e1cticas o casos de estudio para evaluar tus habilidades t\u00e9cnicas.<\/p>\n<h3>\u00bfEs importante tener experiencia previa en entrevistas para Diet\u00e9tica?<\/h3>\n<p>No es estrictamente necesario, pero cualquier experiencia previa puede ser un punto a favor. Si no tienes experiencia, enf\u00f3cate en tus estudios y pr\u00e1cticas.<\/p>\n<h3>\u00bfC\u00f3mo puedo prepararme mejor para las entrevistas?<\/h3>\n<p>La preparaci\u00f3n es clave. Investiga sobre la empresa, practica tus respuestas y mantente informado sobre las \u00faltimas tendencias en nutrici\u00f3n.<\/p>\n<h3>\u00bfQu\u00e9 debo hacer si no s\u00e9 la respuesta a una pregunta?<\/h3>\n<p>No te preocupes. Es mejor ser honesto y decir que no lo sabes, pero que est\u00e1s dispuesto a aprender. Puedes decir algo como: No estoy seguro, pero estoy comprometido a investigar y aprender m\u00e1s sobre ello.<\/p>\n<\/section>\n<footer>\n<p>Si est\u00e1s interesado en unirte a nosotros y dar el primer paso en tu carrera en Diet\u00e9tica, no dudes en consultar nuestro <a href=https:\/\/fpsuperiorufv.es\/secretaria-admision-y-ayuda\/>Proceso de Admisi\u00f3n<\/a> para obtener m\u00e1s informaci\u00f3n.<\/p>\n<\/footer>\n","protected":false},"excerpt":{"rendered":"<p>Entrevistas para Puestos de FP en Diet\u00e9tica: Preguntas T\u00edpicas y C\u00f3mo Responder \u00a1Bienvenido! Si est\u00e1s a punto de dar el salto al mundo laboral tras finalizar tu Ciclo Formativo de Grado Superior en Diet\u00e9tica, este art\u00edculo es para ti. En \u00e9l, compartiremos consejos valiosos sobre c\u00f3mo prepararte para las entrevistas, las preguntas m\u00e1s comunes que [&hellip;]<\/p>\n","protected":false},"author":1,"featured_media":1316,"comment_status":"open","ping_status":"open","sticky":false,"template":"","format":"standard","meta":{"inline_featured_image":false,"footnotes":""},"categories":[389,393],"tags":[],"class_list":["post-282675","post","type-post","status-publish","format-standard","has-post-thumbnail","hentry","category-dietetica","category-preguntas-frecuentes"],"yoast_head":"<!-- This site is optimized with the Yoast SEO plugin v27.4 - https:\/\/yoast.com\/product\/yoast-seo-wordpress\/ -->\n<title>Entrevistas para puestos de FP en Diet\u00e9tica: preguntas t\u00edpicas y c\u00f3mo responder - Cetys<\/title>\n<meta name=\"robots\" content=\"index, follow, max-snippet:-1, max-image-preview:large, max-video-preview:-1\" \/>\n<link rel=\"canonical\" href=\"https:\/\/fpsuperiorufv.es\/blog\/entrevistas-para-puestos-de-fp-en-dietetica-preguntas-tipicas-y-como-responder-blog\/\" \/>\n<meta property=\"og:locale\" content=\"es_ES\" \/>\n<meta property=\"og:type\" content=\"article\" \/>\n<meta property=\"og:title\" content=\"Entrevistas para puestos de FP en Diet\u00e9tica: preguntas t\u00edpicas y c\u00f3mo responder - Cetys\" \/>\n<meta property=\"og:description\" content=\"Entrevistas para Puestos de FP en Diet\u00e9tica: Preguntas T\u00edpicas y C\u00f3mo Responder \u00a1Bienvenido! Si est\u00e1s a punto de dar el salto al mundo laboral tras finalizar tu Ciclo Formativo de Grado Superior en Diet\u00e9tica, este art\u00edculo es para ti. En \u00e9l, compartiremos consejos valiosos sobre c\u00f3mo prepararte para las entrevistas, las preguntas m\u00e1s comunes que [&hellip;]\" \/>\n<meta property=\"og:url\" content=\"https:\/\/fpsuperiorufv.es\/blog\/entrevistas-para-puestos-de-fp-en-dietetica-preguntas-tipicas-y-como-responder-blog\/\" \/>\n<meta property=\"og:site_name\" content=\"Cetys\" \/>\n<meta property=\"article:published_time\" content=\"2026-03-09T23:38:55+00:00\" \/>\n<meta property=\"article:modified_time\" content=\"2026-04-16T08:10:24+00:00\" \/>\n<meta property=\"og:image\" content=\"https:\/\/fpsuperiorufv.es\/blog\/wp-content\/uploads\/2025\/07\/higiene-alimentaria.jpg\" \/>\n\t<meta property=\"og:image:width\" content=\"1280\" \/>\n\t<meta property=\"og:image:height\" content=\"814\" \/>\n\t<meta property=\"og:image:type\" content=\"image\/jpeg\" \/>\n<meta name=\"author\" content=\"FP Superior UFV\" \/>\n<meta name=\"twitter:card\" content=\"summary_large_image\" \/>\n<meta name=\"twitter:label1\" content=\"Escrito por\" \/>\n\t<meta name=\"twitter:data1\" content=\"FP Superior UFV\" \/>\n\t<meta name=\"twitter:label2\" content=\"Tiempo de lectura\" \/>\n\t<meta name=\"twitter:data2\" content=\"5 minutos\" \/>\n<script type=\"application\/ld+json\" class=\"yoast-schema-graph\">{\"@context\":\"https:\\\/\\\/schema.org\",\"@graph\":[{\"@type\":\"Article\",\"@id\":\"https:\\\/\\\/fpsuperiorufv.es\\\/blog\\\/entrevistas-para-puestos-de-fp-en-dietetica-preguntas-tipicas-y-como-responder-blog\\\/#article\",\"isPartOf\":{\"@id\":\"https:\\\/\\\/fpsuperiorufv.es\\\/blog\\\/entrevistas-para-puestos-de-fp-en-dietetica-preguntas-tipicas-y-como-responder-blog\\\/\"},\"author\":{\"name\":\"FP Superior UFV\",\"@id\":\"https:\\\/\\\/fpsuperiorufv.es\\\/blog\\\/#\\\/schema\\\/person\\\/c7ac6e2e7af298050da8d956ac824347\"},\"headline\":\"Entrevistas para puestos de FP en Diet\u00e9tica: preguntas t\u00edpicas y c\u00f3mo responder\",\"datePublished\":\"2026-03-09T23:38:55+00:00\",\"dateModified\":\"2026-04-16T08:10:24+00:00\",\"mainEntityOfPage\":{\"@id\":\"https:\\\/\\\/fpsuperiorufv.es\\\/blog\\\/entrevistas-para-puestos-de-fp-en-dietetica-preguntas-tipicas-y-como-responder-blog\\\/\"},\"wordCount\":992,\"commentCount\":0,\"publisher\":{\"@id\":\"https:\\\/\\\/fpsuperiorufv.es\\\/blog\\\/#organization\"},\"image\":{\"@id\":\"https:\\\/\\\/fpsuperiorufv.es\\\/blog\\\/entrevistas-para-puestos-de-fp-en-dietetica-preguntas-tipicas-y-como-responder-blog\\\/#primaryimage\"},\"thumbnailUrl\":\"https:\\\/\\\/fpsuperiorufv.es\\\/blog\\\/wp-content\\\/uploads\\\/2025\\\/07\\\/higiene-alimentaria.jpg\",\"articleSection\":[\"Diet\u00e9tica\",\"Preguntas frecuentes\"],\"inLanguage\":\"es\",\"potentialAction\":[{\"@type\":\"CommentAction\",\"name\":\"Comment\",\"target\":[\"https:\\\/\\\/fpsuperiorufv.es\\\/blog\\\/entrevistas-para-puestos-de-fp-en-dietetica-preguntas-tipicas-y-como-responder-blog\\\/#respond\"]}]},{\"@type\":\"WebPage\",\"@id\":\"https:\\\/\\\/fpsuperiorufv.es\\\/blog\\\/entrevistas-para-puestos-de-fp-en-dietetica-preguntas-tipicas-y-como-responder-blog\\\/\",\"url\":\"https:\\\/\\\/fpsuperiorufv.es\\\/blog\\\/entrevistas-para-puestos-de-fp-en-dietetica-preguntas-tipicas-y-como-responder-blog\\\/\",\"name\":\"Entrevistas para puestos de FP en Diet\u00e9tica: preguntas t\u00edpicas y c\u00f3mo responder - Cetys\",\"isPartOf\":{\"@id\":\"https:\\\/\\\/fpsuperiorufv.es\\\/blog\\\/#website\"},\"primaryImageOfPage\":{\"@id\":\"https:\\\/\\\/fpsuperiorufv.es\\\/blog\\\/entrevistas-para-puestos-de-fp-en-dietetica-preguntas-tipicas-y-como-responder-blog\\\/#primaryimage\"},\"image\":{\"@id\":\"https:\\\/\\\/fpsuperiorufv.es\\\/blog\\\/entrevistas-para-puestos-de-fp-en-dietetica-preguntas-tipicas-y-como-responder-blog\\\/#primaryimage\"},\"thumbnailUrl\":\"https:\\\/\\\/fpsuperiorufv.es\\\/blog\\\/wp-content\\\/uploads\\\/2025\\\/07\\\/higiene-alimentaria.jpg\",\"datePublished\":\"2026-03-09T23:38:55+00:00\",\"dateModified\":\"2026-04-16T08:10:24+00:00\",\"breadcrumb\":{\"@id\":\"https:\\\/\\\/fpsuperiorufv.es\\\/blog\\\/entrevistas-para-puestos-de-fp-en-dietetica-preguntas-tipicas-y-como-responder-blog\\\/#breadcrumb\"},\"inLanguage\":\"es\",\"potentialAction\":[{\"@type\":\"ReadAction\",\"target\":[\"https:\\\/\\\/fpsuperiorufv.es\\\/blog\\\/entrevistas-para-puestos-de-fp-en-dietetica-preguntas-tipicas-y-como-responder-blog\\\/\"]}]},{\"@type\":\"ImageObject\",\"inLanguage\":\"es\",\"@id\":\"https:\\\/\\\/fpsuperiorufv.es\\\/blog\\\/entrevistas-para-puestos-de-fp-en-dietetica-preguntas-tipicas-y-como-responder-blog\\\/#primaryimage\",\"url\":\"https:\\\/\\\/fpsuperiorufv.es\\\/blog\\\/wp-content\\\/uploads\\\/2025\\\/07\\\/higiene-alimentaria.jpg\",\"contentUrl\":\"https:\\\/\\\/fpsuperiorufv.es\\\/blog\\\/wp-content\\\/uploads\\\/2025\\\/07\\\/higiene-alimentaria.jpg\",\"width\":1280,\"height\":814},{\"@type\":\"BreadcrumbList\",\"@id\":\"https:\\\/\\\/fpsuperiorufv.es\\\/blog\\\/entrevistas-para-puestos-de-fp-en-dietetica-preguntas-tipicas-y-como-responder-blog\\\/#breadcrumb\",\"itemListElement\":[{\"@type\":\"ListItem\",\"position\":1,\"name\":\"Home\",\"item\":\"https:\\\/\\\/fpsuperiorufv.es\\\/blog\\\/\"},{\"@type\":\"ListItem\",\"position\":2,\"name\":\"Entrevistas para puestos de FP en Diet\u00e9tica: preguntas t\u00edpicas y c\u00f3mo responder\"}]},{\"@type\":\"WebSite\",\"@id\":\"https:\\\/\\\/fpsuperiorufv.es\\\/blog\\\/#website\",\"url\":\"https:\\\/\\\/fpsuperiorufv.es\\\/blog\\\/\",\"name\":\"Fp Superior Francisco de Vitoria\",\"description\":\"\",\"publisher\":{\"@id\":\"https:\\\/\\\/fpsuperiorufv.es\\\/blog\\\/#organization\"},\"alternateName\":\"Cetys\",\"potentialAction\":[{\"@type\":\"SearchAction\",\"target\":{\"@type\":\"EntryPoint\",\"urlTemplate\":\"https:\\\/\\\/fpsuperiorufv.es\\\/blog\\\/?s={search_term_string}\"},\"query-input\":{\"@type\":\"PropertyValueSpecification\",\"valueRequired\":true,\"valueName\":\"search_term_string\"}}],\"inLanguage\":\"es\"},{\"@type\":\"Organization\",\"@id\":\"https:\\\/\\\/fpsuperiorufv.es\\\/blog\\\/#organization\",\"name\":\"Cetys\",\"url\":\"https:\\\/\\\/fpsuperiorufv.es\\\/blog\\\/\",\"logo\":{\"@type\":\"ImageObject\",\"inLanguage\":\"es\",\"@id\":\"https:\\\/\\\/fpsuperiorufv.es\\\/blog\\\/#\\\/schema\\\/logo\\\/image\\\/\",\"url\":\"https:\\\/\\\/fpsuperiorufv.lo\\\/wp-content\\\/uploads\\\/2025\\\/02\\\/logo.svg\",\"contentUrl\":\"https:\\\/\\\/fpsuperiorufv.lo\\\/wp-content\\\/uploads\\\/2025\\\/02\\\/logo.svg\",\"width\":\"1024\",\"height\":\"1024\",\"caption\":\"Cetys\"},\"image\":{\"@id\":\"https:\\\/\\\/fpsuperiorufv.es\\\/blog\\\/#\\\/schema\\\/logo\\\/image\\\/\"}},{\"@type\":\"Person\",\"@id\":\"https:\\\/\\\/fpsuperiorufv.es\\\/blog\\\/#\\\/schema\\\/person\\\/c7ac6e2e7af298050da8d956ac824347\",\"name\":\"FP Superior UFV\",\"image\":{\"@type\":\"ImageObject\",\"inLanguage\":\"es\",\"@id\":\"https:\\\/\\\/secure.gravatar.com\\\/avatar\\\/002af9a4377d87096f281de7725cae2f359bff0b0b7439b98b80936e58af2d91?s=96&d=mm&r=g\",\"url\":\"https:\\\/\\\/secure.gravatar.com\\\/avatar\\\/002af9a4377d87096f281de7725cae2f359bff0b0b7439b98b80936e58af2d91?s=96&d=mm&r=g\",\"contentUrl\":\"https:\\\/\\\/secure.gravatar.com\\\/avatar\\\/002af9a4377d87096f281de7725cae2f359bff0b0b7439b98b80936e58af2d91?s=96&d=mm&r=g\",\"caption\":\"FP Superior UFV\"},\"sameAs\":[\"https:\\\/\\\/fpsuperiorufv.lo\"],\"url\":\"https:\\\/\\\/fpsuperiorufv.es\\\/blog\\\/author\\\/administrador\\\/\"}]}<\/script>\n<!-- \/ Yoast SEO plugin. -->","yoast_head_json":{"title":"Entrevistas para puestos de FP en Diet\u00e9tica: preguntas t\u00edpicas y c\u00f3mo responder - Cetys","robots":{"index":"index","follow":"follow","max-snippet":"max-snippet:-1","max-image-preview":"max-image-preview:large","max-video-preview":"max-video-preview:-1"},"canonical":"https:\/\/fpsuperiorufv.es\/blog\/entrevistas-para-puestos-de-fp-en-dietetica-preguntas-tipicas-y-como-responder-blog\/","og_locale":"es_ES","og_type":"article","og_title":"Entrevistas para puestos de FP en Diet\u00e9tica: preguntas t\u00edpicas y c\u00f3mo responder - Cetys","og_description":"Entrevistas para Puestos de FP en Diet\u00e9tica: Preguntas T\u00edpicas y C\u00f3mo Responder \u00a1Bienvenido! Si est\u00e1s a punto de dar el salto al mundo laboral tras finalizar tu Ciclo Formativo de Grado Superior en Diet\u00e9tica, este art\u00edculo es para ti. En \u00e9l, compartiremos consejos valiosos sobre c\u00f3mo prepararte para las entrevistas, las preguntas m\u00e1s comunes que [&hellip;]","og_url":"https:\/\/fpsuperiorufv.es\/blog\/entrevistas-para-puestos-de-fp-en-dietetica-preguntas-tipicas-y-como-responder-blog\/","og_site_name":"Cetys","article_published_time":"2026-03-09T23:38:55+00:00","article_modified_time":"2026-04-16T08:10:24+00:00","og_image":[{"width":1280,"height":814,"url":"https:\/\/fpsuperiorufv.es\/blog\/wp-content\/uploads\/2025\/07\/higiene-alimentaria.jpg","type":"image\/jpeg"}],"author":"FP Superior UFV","twitter_card":"summary_large_image","twitter_misc":{"Escrito por":"FP Superior UFV","Tiempo de lectura":"5 minutos"},"schema":{"@context":"https:\/\/schema.org","@graph":[{"@type":"Article","@id":"https:\/\/fpsuperiorufv.es\/blog\/entrevistas-para-puestos-de-fp-en-dietetica-preguntas-tipicas-y-como-responder-blog\/#article","isPartOf":{"@id":"https:\/\/fpsuperiorufv.es\/blog\/entrevistas-para-puestos-de-fp-en-dietetica-preguntas-tipicas-y-como-responder-blog\/"},"author":{"name":"FP Superior UFV","@id":"https:\/\/fpsuperiorufv.es\/blog\/#\/schema\/person\/c7ac6e2e7af298050da8d956ac824347"},"headline":"Entrevistas para puestos de FP en Diet\u00e9tica: preguntas t\u00edpicas y c\u00f3mo responder","datePublished":"2026-03-09T23:38:55+00:00","dateModified":"2026-04-16T08:10:24+00:00","mainEntityOfPage":{"@id":"https:\/\/fpsuperiorufv.es\/blog\/entrevistas-para-puestos-de-fp-en-dietetica-preguntas-tipicas-y-como-responder-blog\/"},"wordCount":992,"commentCount":0,"publisher":{"@id":"https:\/\/fpsuperiorufv.es\/blog\/#organization"},"image":{"@id":"https:\/\/fpsuperiorufv.es\/blog\/entrevistas-para-puestos-de-fp-en-dietetica-preguntas-tipicas-y-como-responder-blog\/#primaryimage"},"thumbnailUrl":"https:\/\/fpsuperiorufv.es\/blog\/wp-content\/uploads\/2025\/07\/higiene-alimentaria.jpg","articleSection":["Diet\u00e9tica","Preguntas frecuentes"],"inLanguage":"es","potentialAction":[{"@type":"CommentAction","name":"Comment","target":["https:\/\/fpsuperiorufv.es\/blog\/entrevistas-para-puestos-de-fp-en-dietetica-preguntas-tipicas-y-como-responder-blog\/#respond"]}]},{"@type":"WebPage","@id":"https:\/\/fpsuperiorufv.es\/blog\/entrevistas-para-puestos-de-fp-en-dietetica-preguntas-tipicas-y-como-responder-blog\/","url":"https:\/\/fpsuperiorufv.es\/blog\/entrevistas-para-puestos-de-fp-en-dietetica-preguntas-tipicas-y-como-responder-blog\/","name":"Entrevistas para puestos de FP en Diet\u00e9tica: preguntas t\u00edpicas y c\u00f3mo responder - Cetys","isPartOf":{"@id":"https:\/\/fpsuperiorufv.es\/blog\/#website"},"primaryImageOfPage":{"@id":"https:\/\/fpsuperiorufv.es\/blog\/entrevistas-para-puestos-de-fp-en-dietetica-preguntas-tipicas-y-como-responder-blog\/#primaryimage"},"image":{"@id":"https:\/\/fpsuperiorufv.es\/blog\/entrevistas-para-puestos-de-fp-en-dietetica-preguntas-tipicas-y-como-responder-blog\/#primaryimage"},"thumbnailUrl":"https:\/\/fpsuperiorufv.es\/blog\/wp-content\/uploads\/2025\/07\/higiene-alimentaria.jpg","datePublished":"2026-03-09T23:38:55+00:00","dateModified":"2026-04-16T08:10:24+00:00","breadcrumb":{"@id":"https:\/\/fpsuperiorufv.es\/blog\/entrevistas-para-puestos-de-fp-en-dietetica-preguntas-tipicas-y-como-responder-blog\/#breadcrumb"},"inLanguage":"es","potentialAction":[{"@type":"ReadAction","target":["https:\/\/fpsuperiorufv.es\/blog\/entrevistas-para-puestos-de-fp-en-dietetica-preguntas-tipicas-y-como-responder-blog\/"]}]},{"@type":"ImageObject","inLanguage":"es","@id":"https:\/\/fpsuperiorufv.es\/blog\/entrevistas-para-puestos-de-fp-en-dietetica-preguntas-tipicas-y-como-responder-blog\/#primaryimage","url":"https:\/\/fpsuperiorufv.es\/blog\/wp-content\/uploads\/2025\/07\/higiene-alimentaria.jpg","contentUrl":"https:\/\/fpsuperiorufv.es\/blog\/wp-content\/uploads\/2025\/07\/higiene-alimentaria.jpg","width":1280,"height":814},{"@type":"BreadcrumbList","@id":"https:\/\/fpsuperiorufv.es\/blog\/entrevistas-para-puestos-de-fp-en-dietetica-preguntas-tipicas-y-como-responder-blog\/#breadcrumb","itemListElement":[{"@type":"ListItem","position":1,"name":"Home","item":"https:\/\/fpsuperiorufv.es\/blog\/"},{"@type":"ListItem","position":2,"name":"Entrevistas para puestos de FP en Diet\u00e9tica: preguntas t\u00edpicas y c\u00f3mo responder"}]},{"@type":"WebSite","@id":"https:\/\/fpsuperiorufv.es\/blog\/#website","url":"https:\/\/fpsuperiorufv.es\/blog\/","name":"Fp Superior Francisco de Vitoria","description":"","publisher":{"@id":"https:\/\/fpsuperiorufv.es\/blog\/#organization"},"alternateName":"Cetys","potentialAction":[{"@type":"SearchAction","target":{"@type":"EntryPoint","urlTemplate":"https:\/\/fpsuperiorufv.es\/blog\/?s={search_term_string}"},"query-input":{"@type":"PropertyValueSpecification","valueRequired":true,"valueName":"search_term_string"}}],"inLanguage":"es"},{"@type":"Organization","@id":"https:\/\/fpsuperiorufv.es\/blog\/#organization","name":"Cetys","url":"https:\/\/fpsuperiorufv.es\/blog\/","logo":{"@type":"ImageObject","inLanguage":"es","@id":"https:\/\/fpsuperiorufv.es\/blog\/#\/schema\/logo\/image\/","url":"https:\/\/fpsuperiorufv.lo\/wp-content\/uploads\/2025\/02\/logo.svg","contentUrl":"https:\/\/fpsuperiorufv.lo\/wp-content\/uploads\/2025\/02\/logo.svg","width":"1024","height":"1024","caption":"Cetys"},"image":{"@id":"https:\/\/fpsuperiorufv.es\/blog\/#\/schema\/logo\/image\/"}},{"@type":"Person","@id":"https:\/\/fpsuperiorufv.es\/blog\/#\/schema\/person\/c7ac6e2e7af298050da8d956ac824347","name":"FP Superior UFV","image":{"@type":"ImageObject","inLanguage":"es","@id":"https:\/\/secure.gravatar.com\/avatar\/002af9a4377d87096f281de7725cae2f359bff0b0b7439b98b80936e58af2d91?s=96&d=mm&r=g","url":"https:\/\/secure.gravatar.com\/avatar\/002af9a4377d87096f281de7725cae2f359bff0b0b7439b98b80936e58af2d91?s=96&d=mm&r=g","contentUrl":"https:\/\/secure.gravatar.com\/avatar\/002af9a4377d87096f281de7725cae2f359bff0b0b7439b98b80936e58af2d91?s=96&d=mm&r=g","caption":"FP Superior UFV"},"sameAs":["https:\/\/fpsuperiorufv.lo"],"url":"https:\/\/fpsuperiorufv.es\/blog\/author\/administrador\/"}]}},"_links":{"self":[{"href":"https:\/\/fpsuperiorufv.es\/blog\/wp-json\/wp\/v2\/posts\/282675","targetHints":{"allow":["GET"]}}],"collection":[{"href":"https:\/\/fpsuperiorufv.es\/blog\/wp-json\/wp\/v2\/posts"}],"about":[{"href":"https:\/\/fpsuperiorufv.es\/blog\/wp-json\/wp\/v2\/types\/post"}],"author":[{"embeddable":true,"href":"https:\/\/fpsuperiorufv.es\/blog\/wp-json\/wp\/v2\/users\/1"}],"replies":[{"embeddable":true,"href":"https:\/\/fpsuperiorufv.es\/blog\/wp-json\/wp\/v2\/comments?post=282675"}],"version-history":[{"count":1,"href":"https:\/\/fpsuperiorufv.es\/blog\/wp-json\/wp\/v2\/posts\/282675\/revisions"}],"predecessor-version":[{"id":283384,"href":"https:\/\/fpsuperiorufv.es\/blog\/wp-json\/wp\/v2\/posts\/282675\/revisions\/283384"}],"wp:featuredmedia":[{"embeddable":true,"href":"https:\/\/fpsuperiorufv.es\/blog\/wp-json\/wp\/v2\/media\/1316"}],"wp:attachment":[{"href":"https:\/\/fpsuperiorufv.es\/blog\/wp-json\/wp\/v2\/media?parent=282675"}],"wp:term":[{"taxonomy":"category","embeddable":true,"href":"https:\/\/fpsuperiorufv.es\/blog\/wp-json\/wp\/v2\/categories?post=282675"},{"taxonomy":"post_tag","embeddable":true,"href":"https:\/\/fpsuperiorufv.es\/blog\/wp-json\/wp\/v2\/tags?post=282675"}],"curies":[{"name":"wp","href":"https:\/\/api.w.org\/{rel}","templated":true}]}}