{"id":282679,"date":"2026-03-10T19:27:45","date_gmt":"2026-03-10T19:27:45","guid":{"rendered":"https:\/\/soleyantonio.es\/fp-asesoria-de-imagen-personal-y-corporativa-en-madrid-donde-estudiar-requisitos-y-plazos-2026-2027\/"},"modified":"2026-04-15T13:02:53","modified_gmt":"2026-04-15T11:02:53","slug":"fp-asesoria-de-imagen-personal-y-corporativa-en-madrid-donde-estudiar-requisitos-y-plazos-2026-2027-blog","status":"publish","type":"post","link":"https:\/\/fpsuperiorufv.es\/blog\/fp-asesoria-de-imagen-personal-y-corporativa-en-madrid-donde-estudiar-requisitos-y-plazos-2026-2027-blog\/","title":{"rendered":"FP Asesor\u00eda de Imagen Personal y Corporativa en Madrid: d\u00f3nde estudiar requisitos y plazos 2026\/2027"},"content":{"rendered":"<h2>FP Asesor\u00eda de Imagen Personal y Corporativa en Madrid: D\u00f3nde estudiar, requisitos y plazos 2026\/2027<\/h2>\n<p>\u00bfTe apasiona el mundo de la imagen y la est\u00e9tica? \u00bfQuieres convertirte en un experto en asesor\u00eda de imagen personal y corporativa? Si es as\u00ed, la Formaci\u00f3n Profesional (FP) en Asesor\u00eda de Imagen Personal y Corporativa es la opci\u00f3n perfecta para ti. En este art\u00edculo, te contaremos todo lo que necesitas saber sobre d\u00f3nde estudiar, los requisitos y los plazos para la matr\u00edcula para el curso 2026\/2027 en Madrid.<\/p>\n<h2>Curiosidades y datos interesantes sobre la FP Asesor\u00eda de Imagen Personal y Corporativa<\/h2>\n<ul>\n<li>La FP en Asesor\u00eda de Imagen Personal y Corporativa es una de las formaciones m\u00e1s demandadas en el \u00e1mbito de la est\u00e9tica.<\/li>\n<li>El sector de la imagen personal y corporativa ha crecido un 25% en los \u00faltimos a\u00f1os en Espa\u00f1a.<\/li>\n<li>Las salidas profesionales son diversas, incluyendo trabajos en moda, publicidad y comunicaci\u00f3n.<\/li>\n<li>El 80% de nuestros graduados encuentra empleo en menos de seis meses tras finalizar sus estudios.<\/li>\n<li>La formaci\u00f3n combina teor\u00eda y pr\u00e1ctica, permitiendo a los estudiantes adquirir habilidades pr\u00e1cticas desde el primer d\u00eda.<\/li>\n<\/ul>\n<h2>\u00bfQu\u00e9 es la FP en Asesor\u00eda de Imagen Personal y Corporativa?<\/h2>\n<p>La FP en Asesor\u00eda de Imagen Personal y Corporativa es un ciclo formativo de grado superior que te prepara para trabajar en el sector de la est\u00e9tica y la moda. Aprender\u00e1s a asesorar a clientes sobre su imagen personal, as\u00ed como a desarrollar estrategias de comunicaci\u00f3n visual para empresas.<\/p>\n<h2>\u00bfPor qu\u00e9 estudiar esta FP con nosotros?<\/h2>\n<p>En FP Superior Francisco de Vitoria, ofrecemos un programa educativo de alta calidad que te capacitar\u00e1 para destacar en este competitivo campo. Con nosotros, contar\u00e1s con:<\/p>\n<ul>\n<li>Profesores altamente cualificados con experiencia en el sector.<\/li>\n<li>Instalaciones modernas y equipadas con la \u00faltima tecnolog\u00eda.<\/li>\n<li>Programas de pr\u00e1cticas en empresas reconocidas.<\/li>\n<li>Un enfoque pr\u00e1ctico que favorece el aprendizaje activo.<\/li>\n<\/ul>\n<h2>Requisitos para acceder a la FP en Asesor\u00eda de Imagen Personal y Corporativa<\/h2>\n<p>Para poder acceder a este ciclo formativo, deber\u00e1s cumplir con ciertos requisitos. Estos son:<\/p>\n<ul>\n<li>Tener el t\u00edtulo de Bachillerato o un equivalente.<\/li>\n<li>Contar con un t\u00edtulo de FP de grado medio relacionado.<\/li>\n<li>Superar una prueba de acceso si no cumples con los requisitos anteriores.<\/li>\n<\/ul>\n<h2>Plazos de matr\u00edcula para el curso 2026\/2027<\/h2>\n<p>Es importante que est\u00e9s atento a los plazos de matr\u00edcula para el curso 2026\/2027. Estos son:<\/p>\n<ul>\n<li>Apertura de matr\u00edcula: Abril 2026.<\/li>\n<li>Cierre de matr\u00edcula: Julio 2026.<\/li>\n<li>Comienzo de clases: Septiembre 2026.<\/li>\n<\/ul>\n<p>Te recomendamos que inicies el proceso de admisi\u00f3n lo antes posible para garantizar tu plaza. Puedes encontrar m\u00e1s informaci\u00f3n sobre el <a href=\"https:\/\/fpsuperiorufv.es\/secretaria-admision-y-ayuda\/\">Proceso de Admisi\u00f3n aqu\u00ed<\/a>.<\/p>\n<h2>Salidas profesionales<\/h2>\n<p>Una vez finalices tu formaci\u00f3n, tendr\u00e1s acceso a una amplia variedad de salidas profesionales en el \u00e1mbito de la imagen personal y corporativa. Algunas de las opciones incluyen:<\/p>\n<ul>\n<li>Asesor de imagen personal.<\/li>\n<li>Consultor de imagen corporativa.<\/li>\n<li>Estilista de moda.<\/li>\n<li>Responsable de comunicaci\u00f3n visual en empresas.<\/li>\n<li>Trabajos en el \u00e1mbito de la publicidad y el marketing.<\/li>\n<\/ul>\n<h2>\u00bfQu\u00e9 aprender\u00e1s durante el ciclo formativo?<\/h2>\n<p>Durante el ciclo formativo, adquirir\u00e1s una serie de competencias y habilidades que te preparar\u00e1n para el mercado laboral. Algunos de los temas que estudiar\u00e1s son:<\/p>\n<ul>\n<li>Est\u00e9tica y cuidado personal.<\/li>\n<li>Imagen y comunicaci\u00f3n.<\/li>\n<li>Marketing y ventas en el sector de la imagen.<\/li>\n<li>Psicolog\u00eda del cliente.<\/li>\n<li>Gesti\u00f3n de la imagen en redes sociales.<\/li>\n<\/ul>\n<h2>Preguntas frecuentes<\/h2>\n<h2>\u00bfEs necesario tener experiencia previa para acceder al ciclo?<\/h2>\n<p>No es necesario contar con experiencia previa, aunque se valorar\u00e1 positivamente si has realizado alg\u00fan curso relacionado con la est\u00e9tica o la moda.<\/p>\n<h2>\u00bfPuedo trabajar mientras estudio?<\/h2>\n<p>S\u00ed, es posible compaginar el estudio con un empleo. Muchos de nuestros estudiantes trabajan a tiempo parcial mientras cursan sus estudios.<\/p>\n<h2>\u00bfQu\u00e9 tipo de pr\u00e1cticas se ofrecen durante el ciclo?<\/h2>\n<p>Ofrecemos pr\u00e1cticas en empresas del sector, donde podr\u00e1s aplicar lo aprendido y adquirir experiencia real. Esto te dar\u00e1 una ventaja competitiva al buscar empleo.<\/p>\n<h2>\u00bfQu\u00e9 titulaci\u00f3n obtendr\u00e9 al finalizar el ciclo?<\/h2>\n<p>Al finalizar el ciclo formativo, obtendr\u00e1s el t\u00edtulo de T\u00e9cnico Superior en Asesor\u00eda de Imagen Personal y Corporativa, reconocido en toda Espa\u00f1a y Europa.<\/p>\n<h2>Conclusi\u00f3n<\/h2>\n<p>La FP en Asesor\u00eda de Imagen Personal y Corporativa es una excelente opci\u00f3n si buscas una carrera din\u00e1mica y apasionante. Con nosotros, tendr\u00e1s la oportunidad de formarte con los mejores y abrirte las puertas a un mundo lleno de oportunidades. \u00a1No esperes m\u00e1s y da el primer paso hacia tu futuro profesional!<\/p>\n","protected":false},"excerpt":{"rendered":"<p>FP Asesor\u00eda de Imagen Personal y Corporativa en Madrid: D\u00f3nde estudiar, requisitos y plazos 2026\/2027 \u00bfTe apasiona el mundo de la imagen y la est\u00e9tica? \u00bfQuieres convertirte en un experto en asesor\u00eda de imagen personal y corporativa? Si es as\u00ed, la Formaci\u00f3n Profesional (FP) en Asesor\u00eda de Imagen Personal y Corporativa es la opci\u00f3n perfecta [&hellip;]<\/p>\n","protected":false},"author":1,"featured_media":2659,"comment_status":"open","ping_status":"open","sticky":false,"template":"","format":"standard","meta":{"inline_featured_image":false,"footnotes":""},"categories":[377,393],"tags":[],"class_list":["post-282679","post","type-post","status-publish","format-standard","has-post-thumbnail","hentry","category-asesoria-de-imagen-personal-y-corporativa","category-preguntas-frecuentes"],"yoast_head":"<!-- This site is optimized with the Yoast SEO plugin v27.4 - https:\/\/yoast.com\/product\/yoast-seo-wordpress\/ -->\n<title>FP Asesor\u00eda de Imagen Personal y Corporativa en Madrid: d\u00f3nde estudiar requisitos y plazos 2026\/2027 - Cetys<\/title>\n<meta name=\"robots\" content=\"index, follow, max-snippet:-1, max-image-preview:large, max-video-preview:-1\" \/>\n<link rel=\"canonical\" href=\"https:\/\/fpsuperiorufv.es\/blog\/fp-asesoria-de-imagen-personal-y-corporativa-en-madrid-donde-estudiar-requisitos-y-plazos-2026-2027-blog\/\" \/>\n<meta property=\"og:locale\" content=\"es_ES\" \/>\n<meta property=\"og:type\" content=\"article\" \/>\n<meta property=\"og:title\" content=\"FP Asesor\u00eda de Imagen Personal y Corporativa en Madrid: d\u00f3nde estudiar requisitos y plazos 2026\/2027 - Cetys\" \/>\n<meta property=\"og:description\" content=\"FP Asesor\u00eda de Imagen Personal y Corporativa en Madrid: D\u00f3nde estudiar, requisitos y plazos 2026\/2027 \u00bfTe apasiona el mundo de la imagen y la est\u00e9tica? \u00bfQuieres convertirte en un experto en asesor\u00eda de imagen personal y corporativa? Si es as\u00ed, la Formaci\u00f3n Profesional (FP) en Asesor\u00eda de Imagen Personal y Corporativa es la opci\u00f3n perfecta [&hellip;]\" \/>\n<meta property=\"og:url\" content=\"https:\/\/fpsuperiorufv.es\/blog\/fp-asesoria-de-imagen-personal-y-corporativa-en-madrid-donde-estudiar-requisitos-y-plazos-2026-2027-blog\/\" \/>\n<meta property=\"og:site_name\" content=\"Cetys\" \/>\n<meta property=\"article:published_time\" content=\"2026-03-10T19:27:45+00:00\" \/>\n<meta property=\"article:modified_time\" content=\"2026-04-15T11:02:53+00:00\" \/>\n<meta property=\"og:image\" content=\"https:\/\/fpsuperiorufv.es\/blog\/wp-content\/uploads\/2025\/08\/DSC8916-scaled-1.jpg\" \/>\n\t<meta property=\"og:image:width\" content=\"1920\" \/>\n\t<meta property=\"og:image:height\" content=\"2560\" \/>\n\t<meta property=\"og:image:type\" content=\"image\/jpeg\" \/>\n<meta name=\"author\" content=\"FP Superior UFV\" \/>\n<meta name=\"twitter:card\" content=\"summary_large_image\" \/>\n<meta name=\"twitter:label1\" content=\"Escrito por\" \/>\n\t<meta name=\"twitter:data1\" content=\"FP Superior UFV\" \/>\n\t<meta name=\"twitter:label2\" content=\"Tiempo de lectura\" \/>\n\t<meta name=\"twitter:data2\" content=\"4 minutos\" \/>\n<script type=\"application\/ld+json\" class=\"yoast-schema-graph\">{\"@context\":\"https:\\\/\\\/schema.org\",\"@graph\":[{\"@type\":\"Article\",\"@id\":\"https:\\\/\\\/fpsuperiorufv.es\\\/blog\\\/fp-asesoria-de-imagen-personal-y-corporativa-en-madrid-donde-estudiar-requisitos-y-plazos-2026-2027-blog\\\/#article\",\"isPartOf\":{\"@id\":\"https:\\\/\\\/fpsuperiorufv.es\\\/blog\\\/fp-asesoria-de-imagen-personal-y-corporativa-en-madrid-donde-estudiar-requisitos-y-plazos-2026-2027-blog\\\/\"},\"author\":{\"name\":\"FP Superior UFV\",\"@id\":\"https:\\\/\\\/fpsuperiorufv.es\\\/blog\\\/#\\\/schema\\\/person\\\/c7ac6e2e7af298050da8d956ac824347\"},\"headline\":\"FP Asesor\u00eda de Imagen Personal y Corporativa en Madrid: d\u00f3nde estudiar requisitos y plazos 2026\\\/2027\",\"datePublished\":\"2026-03-10T19:27:45+00:00\",\"dateModified\":\"2026-04-15T11:02:53+00:00\",\"mainEntityOfPage\":{\"@id\":\"https:\\\/\\\/fpsuperiorufv.es\\\/blog\\\/fp-asesoria-de-imagen-personal-y-corporativa-en-madrid-donde-estudiar-requisitos-y-plazos-2026-2027-blog\\\/\"},\"wordCount\":794,\"commentCount\":0,\"publisher\":{\"@id\":\"https:\\\/\\\/fpsuperiorufv.es\\\/blog\\\/#organization\"},\"image\":{\"@id\":\"https:\\\/\\\/fpsuperiorufv.es\\\/blog\\\/fp-asesoria-de-imagen-personal-y-corporativa-en-madrid-donde-estudiar-requisitos-y-plazos-2026-2027-blog\\\/#primaryimage\"},\"thumbnailUrl\":\"https:\\\/\\\/fpsuperiorufv.es\\\/blog\\\/wp-content\\\/uploads\\\/2025\\\/08\\\/DSC8916-scaled-1.jpg\",\"articleSection\":[\"Asesor\u00eda de Imagen Personal y Corporativa\",\"Preguntas frecuentes\"],\"inLanguage\":\"es\",\"potentialAction\":[{\"@type\":\"CommentAction\",\"name\":\"Comment\",\"target\":[\"https:\\\/\\\/fpsuperiorufv.es\\\/blog\\\/fp-asesoria-de-imagen-personal-y-corporativa-en-madrid-donde-estudiar-requisitos-y-plazos-2026-2027-blog\\\/#respond\"]}]},{\"@type\":\"WebPage\",\"@id\":\"https:\\\/\\\/fpsuperiorufv.es\\\/blog\\\/fp-asesoria-de-imagen-personal-y-corporativa-en-madrid-donde-estudiar-requisitos-y-plazos-2026-2027-blog\\\/\",\"url\":\"https:\\\/\\\/fpsuperiorufv.es\\\/blog\\\/fp-asesoria-de-imagen-personal-y-corporativa-en-madrid-donde-estudiar-requisitos-y-plazos-2026-2027-blog\\\/\",\"name\":\"FP Asesor\u00eda de Imagen Personal y Corporativa en Madrid: d\u00f3nde estudiar requisitos y plazos 2026\\\/2027 - Cetys\",\"isPartOf\":{\"@id\":\"https:\\\/\\\/fpsuperiorufv.es\\\/blog\\\/#website\"},\"primaryImageOfPage\":{\"@id\":\"https:\\\/\\\/fpsuperiorufv.es\\\/blog\\\/fp-asesoria-de-imagen-personal-y-corporativa-en-madrid-donde-estudiar-requisitos-y-plazos-2026-2027-blog\\\/#primaryimage\"},\"image\":{\"@id\":\"https:\\\/\\\/fpsuperiorufv.es\\\/blog\\\/fp-asesoria-de-imagen-personal-y-corporativa-en-madrid-donde-estudiar-requisitos-y-plazos-2026-2027-blog\\\/#primaryimage\"},\"thumbnailUrl\":\"https:\\\/\\\/fpsuperiorufv.es\\\/blog\\\/wp-content\\\/uploads\\\/2025\\\/08\\\/DSC8916-scaled-1.jpg\",\"datePublished\":\"2026-03-10T19:27:45+00:00\",\"dateModified\":\"2026-04-15T11:02:53+00:00\",\"breadcrumb\":{\"@id\":\"https:\\\/\\\/fpsuperiorufv.es\\\/blog\\\/fp-asesoria-de-imagen-personal-y-corporativa-en-madrid-donde-estudiar-requisitos-y-plazos-2026-2027-blog\\\/#breadcrumb\"},\"inLanguage\":\"es\",\"potentialAction\":[{\"@type\":\"ReadAction\",\"target\":[\"https:\\\/\\\/fpsuperiorufv.es\\\/blog\\\/fp-asesoria-de-imagen-personal-y-corporativa-en-madrid-donde-estudiar-requisitos-y-plazos-2026-2027-blog\\\/\"]}]},{\"@type\":\"ImageObject\",\"inLanguage\":\"es\",\"@id\":\"https:\\\/\\\/fpsuperiorufv.es\\\/blog\\\/fp-asesoria-de-imagen-personal-y-corporativa-en-madrid-donde-estudiar-requisitos-y-plazos-2026-2027-blog\\\/#primaryimage\",\"url\":\"https:\\\/\\\/fpsuperiorufv.es\\\/blog\\\/wp-content\\\/uploads\\\/2025\\\/08\\\/DSC8916-scaled-1.jpg\",\"contentUrl\":\"https:\\\/\\\/fpsuperiorufv.es\\\/blog\\\/wp-content\\\/uploads\\\/2025\\\/08\\\/DSC8916-scaled-1.jpg\",\"width\":1920,\"height\":2560},{\"@type\":\"BreadcrumbList\",\"@id\":\"https:\\\/\\\/fpsuperiorufv.es\\\/blog\\\/fp-asesoria-de-imagen-personal-y-corporativa-en-madrid-donde-estudiar-requisitos-y-plazos-2026-2027-blog\\\/#breadcrumb\",\"itemListElement\":[{\"@type\":\"ListItem\",\"position\":1,\"name\":\"Home\",\"item\":\"https:\\\/\\\/fpsuperiorufv.es\\\/blog\\\/\"},{\"@type\":\"ListItem\",\"position\":2,\"name\":\"FP Asesor\u00eda de Imagen Personal y Corporativa en Madrid: d\u00f3nde estudiar requisitos y plazos 2026\\\/2027\"}]},{\"@type\":\"WebSite\",\"@id\":\"https:\\\/\\\/fpsuperiorufv.es\\\/blog\\\/#website\",\"url\":\"https:\\\/\\\/fpsuperiorufv.es\\\/blog\\\/\",\"name\":\"Fp Superior Francisco de Vitoria\",\"description\":\"\",\"publisher\":{\"@id\":\"https:\\\/\\\/fpsuperiorufv.es\\\/blog\\\/#organization\"},\"alternateName\":\"Cetys\",\"potentialAction\":[{\"@type\":\"SearchAction\",\"target\":{\"@type\":\"EntryPoint\",\"urlTemplate\":\"https:\\\/\\\/fpsuperiorufv.es\\\/blog\\\/?s={search_term_string}\"},\"query-input\":{\"@type\":\"PropertyValueSpecification\",\"valueRequired\":true,\"valueName\":\"search_term_string\"}}],\"inLanguage\":\"es\"},{\"@type\":\"Organization\",\"@id\":\"https:\\\/\\\/fpsuperiorufv.es\\\/blog\\\/#organization\",\"name\":\"Cetys\",\"url\":\"https:\\\/\\\/fpsuperiorufv.es\\\/blog\\\/\",\"logo\":{\"@type\":\"ImageObject\",\"inLanguage\":\"es\",\"@id\":\"https:\\\/\\\/fpsuperiorufv.es\\\/blog\\\/#\\\/schema\\\/logo\\\/image\\\/\",\"url\":\"https:\\\/\\\/fpsuperiorufv.lo\\\/wp-content\\\/uploads\\\/2025\\\/02\\\/logo.svg\",\"contentUrl\":\"https:\\\/\\\/fpsuperiorufv.lo\\\/wp-content\\\/uploads\\\/2025\\\/02\\\/logo.svg\",\"width\":\"1024\",\"height\":\"1024\",\"caption\":\"Cetys\"},\"image\":{\"@id\":\"https:\\\/\\\/fpsuperiorufv.es\\\/blog\\\/#\\\/schema\\\/logo\\\/image\\\/\"}},{\"@type\":\"Person\",\"@id\":\"https:\\\/\\\/fpsuperiorufv.es\\\/blog\\\/#\\\/schema\\\/person\\\/c7ac6e2e7af298050da8d956ac824347\",\"name\":\"FP Superior UFV\",\"image\":{\"@type\":\"ImageObject\",\"inLanguage\":\"es\",\"@id\":\"https:\\\/\\\/secure.gravatar.com\\\/avatar\\\/002af9a4377d87096f281de7725cae2f359bff0b0b7439b98b80936e58af2d91?s=96&d=mm&r=g\",\"url\":\"https:\\\/\\\/secure.gravatar.com\\\/avatar\\\/002af9a4377d87096f281de7725cae2f359bff0b0b7439b98b80936e58af2d91?s=96&d=mm&r=g\",\"contentUrl\":\"https:\\\/\\\/secure.gravatar.com\\\/avatar\\\/002af9a4377d87096f281de7725cae2f359bff0b0b7439b98b80936e58af2d91?s=96&d=mm&r=g\",\"caption\":\"FP Superior UFV\"},\"sameAs\":[\"https:\\\/\\\/fpsuperiorufv.lo\"],\"url\":\"https:\\\/\\\/fpsuperiorufv.es\\\/blog\\\/author\\\/administrador\\\/\"}]}<\/script>\n<!-- \/ Yoast SEO plugin. -->","yoast_head_json":{"title":"FP Asesor\u00eda de Imagen Personal y Corporativa en Madrid: d\u00f3nde estudiar requisitos y plazos 2026\/2027 - Cetys","robots":{"index":"index","follow":"follow","max-snippet":"max-snippet:-1","max-image-preview":"max-image-preview:large","max-video-preview":"max-video-preview:-1"},"canonical":"https:\/\/fpsuperiorufv.es\/blog\/fp-asesoria-de-imagen-personal-y-corporativa-en-madrid-donde-estudiar-requisitos-y-plazos-2026-2027-blog\/","og_locale":"es_ES","og_type":"article","og_title":"FP Asesor\u00eda de Imagen Personal y Corporativa en Madrid: d\u00f3nde estudiar requisitos y plazos 2026\/2027 - Cetys","og_description":"FP Asesor\u00eda de Imagen Personal y Corporativa en Madrid: D\u00f3nde estudiar, requisitos y plazos 2026\/2027 \u00bfTe apasiona el mundo de la imagen y la est\u00e9tica? \u00bfQuieres convertirte en un experto en asesor\u00eda de imagen personal y corporativa? Si es as\u00ed, la Formaci\u00f3n Profesional (FP) en Asesor\u00eda de Imagen Personal y Corporativa es la opci\u00f3n perfecta [&hellip;]","og_url":"https:\/\/fpsuperiorufv.es\/blog\/fp-asesoria-de-imagen-personal-y-corporativa-en-madrid-donde-estudiar-requisitos-y-plazos-2026-2027-blog\/","og_site_name":"Cetys","article_published_time":"2026-03-10T19:27:45+00:00","article_modified_time":"2026-04-15T11:02:53+00:00","og_image":[{"width":1920,"height":2560,"url":"https:\/\/fpsuperiorufv.es\/blog\/wp-content\/uploads\/2025\/08\/DSC8916-scaled-1.jpg","type":"image\/jpeg"}],"author":"FP Superior UFV","twitter_card":"summary_large_image","twitter_misc":{"Escrito por":"FP Superior UFV","Tiempo de lectura":"4 minutos"},"schema":{"@context":"https:\/\/schema.org","@graph":[{"@type":"Article","@id":"https:\/\/fpsuperiorufv.es\/blog\/fp-asesoria-de-imagen-personal-y-corporativa-en-madrid-donde-estudiar-requisitos-y-plazos-2026-2027-blog\/#article","isPartOf":{"@id":"https:\/\/fpsuperiorufv.es\/blog\/fp-asesoria-de-imagen-personal-y-corporativa-en-madrid-donde-estudiar-requisitos-y-plazos-2026-2027-blog\/"},"author":{"name":"FP Superior UFV","@id":"https:\/\/fpsuperiorufv.es\/blog\/#\/schema\/person\/c7ac6e2e7af298050da8d956ac824347"},"headline":"FP Asesor\u00eda de Imagen Personal y Corporativa en Madrid: d\u00f3nde estudiar requisitos y plazos 2026\/2027","datePublished":"2026-03-10T19:27:45+00:00","dateModified":"2026-04-15T11:02:53+00:00","mainEntityOfPage":{"@id":"https:\/\/fpsuperiorufv.es\/blog\/fp-asesoria-de-imagen-personal-y-corporativa-en-madrid-donde-estudiar-requisitos-y-plazos-2026-2027-blog\/"},"wordCount":794,"commentCount":0,"publisher":{"@id":"https:\/\/fpsuperiorufv.es\/blog\/#organization"},"image":{"@id":"https:\/\/fpsuperiorufv.es\/blog\/fp-asesoria-de-imagen-personal-y-corporativa-en-madrid-donde-estudiar-requisitos-y-plazos-2026-2027-blog\/#primaryimage"},"thumbnailUrl":"https:\/\/fpsuperiorufv.es\/blog\/wp-content\/uploads\/2025\/08\/DSC8916-scaled-1.jpg","articleSection":["Asesor\u00eda de Imagen Personal y Corporativa","Preguntas frecuentes"],"inLanguage":"es","potentialAction":[{"@type":"CommentAction","name":"Comment","target":["https:\/\/fpsuperiorufv.es\/blog\/fp-asesoria-de-imagen-personal-y-corporativa-en-madrid-donde-estudiar-requisitos-y-plazos-2026-2027-blog\/#respond"]}]},{"@type":"WebPage","@id":"https:\/\/fpsuperiorufv.es\/blog\/fp-asesoria-de-imagen-personal-y-corporativa-en-madrid-donde-estudiar-requisitos-y-plazos-2026-2027-blog\/","url":"https:\/\/fpsuperiorufv.es\/blog\/fp-asesoria-de-imagen-personal-y-corporativa-en-madrid-donde-estudiar-requisitos-y-plazos-2026-2027-blog\/","name":"FP Asesor\u00eda de Imagen Personal y Corporativa en Madrid: d\u00f3nde estudiar requisitos y plazos 2026\/2027 - Cetys","isPartOf":{"@id":"https:\/\/fpsuperiorufv.es\/blog\/#website"},"primaryImageOfPage":{"@id":"https:\/\/fpsuperiorufv.es\/blog\/fp-asesoria-de-imagen-personal-y-corporativa-en-madrid-donde-estudiar-requisitos-y-plazos-2026-2027-blog\/#primaryimage"},"image":{"@id":"https:\/\/fpsuperiorufv.es\/blog\/fp-asesoria-de-imagen-personal-y-corporativa-en-madrid-donde-estudiar-requisitos-y-plazos-2026-2027-blog\/#primaryimage"},"thumbnailUrl":"https:\/\/fpsuperiorufv.es\/blog\/wp-content\/uploads\/2025\/08\/DSC8916-scaled-1.jpg","datePublished":"2026-03-10T19:27:45+00:00","dateModified":"2026-04-15T11:02:53+00:00","breadcrumb":{"@id":"https:\/\/fpsuperiorufv.es\/blog\/fp-asesoria-de-imagen-personal-y-corporativa-en-madrid-donde-estudiar-requisitos-y-plazos-2026-2027-blog\/#breadcrumb"},"inLanguage":"es","potentialAction":[{"@type":"ReadAction","target":["https:\/\/fpsuperiorufv.es\/blog\/fp-asesoria-de-imagen-personal-y-corporativa-en-madrid-donde-estudiar-requisitos-y-plazos-2026-2027-blog\/"]}]},{"@type":"ImageObject","inLanguage":"es","@id":"https:\/\/fpsuperiorufv.es\/blog\/fp-asesoria-de-imagen-personal-y-corporativa-en-madrid-donde-estudiar-requisitos-y-plazos-2026-2027-blog\/#primaryimage","url":"https:\/\/fpsuperiorufv.es\/blog\/wp-content\/uploads\/2025\/08\/DSC8916-scaled-1.jpg","contentUrl":"https:\/\/fpsuperiorufv.es\/blog\/wp-content\/uploads\/2025\/08\/DSC8916-scaled-1.jpg","width":1920,"height":2560},{"@type":"BreadcrumbList","@id":"https:\/\/fpsuperiorufv.es\/blog\/fp-asesoria-de-imagen-personal-y-corporativa-en-madrid-donde-estudiar-requisitos-y-plazos-2026-2027-blog\/#breadcrumb","itemListElement":[{"@type":"ListItem","position":1,"name":"Home","item":"https:\/\/fpsuperiorufv.es\/blog\/"},{"@type":"ListItem","position":2,"name":"FP Asesor\u00eda de Imagen Personal y Corporativa en Madrid: d\u00f3nde estudiar requisitos y plazos 2026\/2027"}]},{"@type":"WebSite","@id":"https:\/\/fpsuperiorufv.es\/blog\/#website","url":"https:\/\/fpsuperiorufv.es\/blog\/","name":"Fp Superior Francisco de Vitoria","description":"","publisher":{"@id":"https:\/\/fpsuperiorufv.es\/blog\/#organization"},"alternateName":"Cetys","potentialAction":[{"@type":"SearchAction","target":{"@type":"EntryPoint","urlTemplate":"https:\/\/fpsuperiorufv.es\/blog\/?s={search_term_string}"},"query-input":{"@type":"PropertyValueSpecification","valueRequired":true,"valueName":"search_term_string"}}],"inLanguage":"es"},{"@type":"Organization","@id":"https:\/\/fpsuperiorufv.es\/blog\/#organization","name":"Cetys","url":"https:\/\/fpsuperiorufv.es\/blog\/","logo":{"@type":"ImageObject","inLanguage":"es","@id":"https:\/\/fpsuperiorufv.es\/blog\/#\/schema\/logo\/image\/","url":"https:\/\/fpsuperiorufv.lo\/wp-content\/uploads\/2025\/02\/logo.svg","contentUrl":"https:\/\/fpsuperiorufv.lo\/wp-content\/uploads\/2025\/02\/logo.svg","width":"1024","height":"1024","caption":"Cetys"},"image":{"@id":"https:\/\/fpsuperiorufv.es\/blog\/#\/schema\/logo\/image\/"}},{"@type":"Person","@id":"https:\/\/fpsuperiorufv.es\/blog\/#\/schema\/person\/c7ac6e2e7af298050da8d956ac824347","name":"FP Superior UFV","image":{"@type":"ImageObject","inLanguage":"es","@id":"https:\/\/secure.gravatar.com\/avatar\/002af9a4377d87096f281de7725cae2f359bff0b0b7439b98b80936e58af2d91?s=96&d=mm&r=g","url":"https:\/\/secure.gravatar.com\/avatar\/002af9a4377d87096f281de7725cae2f359bff0b0b7439b98b80936e58af2d91?s=96&d=mm&r=g","contentUrl":"https:\/\/secure.gravatar.com\/avatar\/002af9a4377d87096f281de7725cae2f359bff0b0b7439b98b80936e58af2d91?s=96&d=mm&r=g","caption":"FP Superior UFV"},"sameAs":["https:\/\/fpsuperiorufv.lo"],"url":"https:\/\/fpsuperiorufv.es\/blog\/author\/administrador\/"}]}},"_links":{"self":[{"href":"https:\/\/fpsuperiorufv.es\/blog\/wp-json\/wp\/v2\/posts\/282679","targetHints":{"allow":["GET"]}}],"collection":[{"href":"https:\/\/fpsuperiorufv.es\/blog\/wp-json\/wp\/v2\/posts"}],"about":[{"href":"https:\/\/fpsuperiorufv.es\/blog\/wp-json\/wp\/v2\/types\/post"}],"author":[{"embeddable":true,"href":"https:\/\/fpsuperiorufv.es\/blog\/wp-json\/wp\/v2\/users\/1"}],"replies":[{"embeddable":true,"href":"https:\/\/fpsuperiorufv.es\/blog\/wp-json\/wp\/v2\/comments?post=282679"}],"version-history":[{"count":1,"href":"https:\/\/fpsuperiorufv.es\/blog\/wp-json\/wp\/v2\/posts\/282679\/revisions"}],"predecessor-version":[{"id":283356,"href":"https:\/\/fpsuperiorufv.es\/blog\/wp-json\/wp\/v2\/posts\/282679\/revisions\/283356"}],"wp:featuredmedia":[{"embeddable":true,"href":"https:\/\/fpsuperiorufv.es\/blog\/wp-json\/wp\/v2\/media\/2659"}],"wp:attachment":[{"href":"https:\/\/fpsuperiorufv.es\/blog\/wp-json\/wp\/v2\/media?parent=282679"}],"wp:term":[{"taxonomy":"category","embeddable":true,"href":"https:\/\/fpsuperiorufv.es\/blog\/wp-json\/wp\/v2\/categories?post=282679"},{"taxonomy":"post_tag","embeddable":true,"href":"https:\/\/fpsuperiorufv.es\/blog\/wp-json\/wp\/v2\/tags?post=282679"}],"curies":[{"name":"wp","href":"https:\/\/api.w.org\/{rel}","templated":true}]}}