{"id":282682,"date":"2026-03-10T15:26:42","date_gmt":"2026-03-10T15:26:42","guid":{"rendered":"https:\/\/soleyantonio.es\/que-pasa-si-no-consigo-plaza-alternativas-y-pasos\/"},"modified":"2026-04-15T13:26:33","modified_gmt":"2026-04-15T11:26:33","slug":"que-pasa-si-no-consigo-plaza-alternativas-y-pasos-blog","status":"publish","type":"post","link":"https:\/\/fpsuperiorufv.es\/blog\/que-pasa-si-no-consigo-plaza-alternativas-y-pasos-blog\/","title":{"rendered":"\u00bfQu\u00e9 pasa si no consigo plaza? alternativas y pasos"},"content":{"rendered":"<h2>\u00bfQu\u00e9 pasa si no consigo plaza? Alternativas y pasos<\/h2>\n<p>Si te encuentras en la situaci\u00f3n de no conseguir plaza en el Ciclo Formativo de Grado Superior en FP Superior Francisco de Vitoria, no te preocupes. En este art\u00edculo, vamos a explorar las alternativas y los pasos que puedes seguir para que tu camino educativo no se detenga. La educaci\u00f3n es un viaje lleno de oportunidades, y siempre hay una forma de avanzar.<\/p>\n<h2>Cosas que debes saber<\/h2>\n<ul>\n<li>M\u00e1s del 25% de los estudiantes no obtienen plaza en su primera opci\u00f3n.<\/li>\n<li>Existen m\u00faltiples alternativas educativas que pueden ser igual de valiosas.<\/li>\n<li>Los plazos de matr\u00edcula y las fechas de admisi\u00f3n son cruciales para el proceso.<\/li>\n<li>Los programas de formaci\u00f3n online est\u00e1n en auge y pueden ser una opci\u00f3n flexible.<\/li>\n<li>Los ciclos formativos ofrecen salidas laborales inmediatas y cualificadas.<\/li>\n<\/ul>\n<h2>Alternativas si no consigues plaza<\/h2>\n<p>Si no logras obtener un lugar en el ciclo formativo que deseas, hay varias alternativas que puedes considerar:<\/p>\n<h3>1. Otras plazas en la misma FP<\/h3>\n<p>Es posible que puedas optar a una segunda opci\u00f3n dentro de nuestra oferta educativa. Siempre hay alternativas que pueden ajustarse a tus intereses y habilidades.<\/p>\n<h3>2. Formaci\u00f3n online<\/h3>\n<p>La formaci\u00f3n online ha crecido exponencialmente en los \u00faltimos a\u00f1os. Existen plataformas que ofrecen ciclos formativos a distancia, permiti\u00e9ndote estudiar desde cualquier lugar y a tu ritmo.<\/p>\n<h3>3. Cursos de especializaci\u00f3n<\/h3>\n<p>Los cursos de especializaci\u00f3n son una gran manera de adquirir habilidades adicionales en \u00e1reas espec\u00edficas. Estos pueden complementar tu formaci\u00f3n y mejorar tu empleabilidad.<\/p>\n<h3>4. Formaci\u00f3n profesional en el extranjero<\/h3>\n<p>Explorar opciones de formaci\u00f3n profesional en el extranjero puede ser una experiencia enriquecedora. Muchos pa\u00edses ofrecen programas de FP que pueden ser interesantes y que a la vez te permiten aprender un nuevo idioma.<\/p>\n<h3>5. Alternativas en otras instituciones<\/h3>\n<p>Existen muchas otras instituciones educativas que ofrecen ciclos formativos. Investigar otras escuelas en tu \u00e1rea puede abrir nuevas puertas.<\/p>\n<h2>Pasos a seguir si no consigues plaza<\/h2>\n<p>Si no has conseguido plaza, aqu\u00ed te dejamos algunos pasos pr\u00e1cticos que puedes seguir:<\/p>\n<h3>1. Analiza las opciones disponibles<\/h3>\n<p>Revisa todas las alternativas que tienes a disposici\u00f3n y eval\u00faa cu\u00e1l se ajusta mejor a tus necesidades y objetivos.<\/p>\n<h3>2. Inf\u00f3rmate sobre el proceso de reclamaci\u00f3n<\/h3>\n<p>En algunos casos, puedes presentar una reclamaci\u00f3n si consideras que hay motivos v\u00e1lidos para ello. Inf\u00f3rmate sobre c\u00f3mo hacerlo y los plazos establecidos.<\/p>\n<h3>3. Contacta con la Secretar\u00eda de Admisi\u00f3n<\/h3>\n<p>No dudes en ponerte en contacto con nuestro equipo de la Secretar\u00eda de Admisi\u00f3n. Ellos pueden ofrecerte informaci\u00f3n sobre las plazas disponibles y el proceso de matr\u00edcula. Puedes encontrar m\u00e1s detalles en nuestra <a href=\"https:\/\/fpsuperiorufv.es\/secretaria-admision-y-ayuda\/\">p\u00e1gina de Proceso de Admisi\u00f3n<\/a>.<\/p>\n<h3>4. Considera la formaci\u00f3n complementaria<\/h3>\n<p>Realizar cursos cortos o talleres puede ser una forma efectiva de seguir form\u00e1ndote mientras decides tu pr\u00f3ximo paso.<\/p>\n<h3>5. Mant\u00e9n una actitud positiva<\/h3>\n<p>Es importante mantener una mentalidad abierta. Hay muchas maneras de avanzar en tu carrera y lo m\u00e1s importante es no rendirse.<\/p>\n<h2>Ejemplos de alternativas exitosas<\/h2>\n<p>A lo largo de los a\u00f1os, hemos visto a muchos estudiantes que, tras no conseguir plaza, han tomado caminos alternativos y han salido adelante. Aqu\u00ed algunos ejemplos:<\/p>\n<ul>\n<li><strong>Estudiante A:<\/strong> No pudo entrar en su primera opci\u00f3n, pero se matricul\u00f3 en un curso online que le permiti\u00f3 trabajar y estudiar al mismo tiempo. Ahora tiene un empleo en su \u00e1rea de inter\u00e9s.<\/li>\n<li><strong>Estudiante B:<\/strong> Opt\u00f3 por un ciclo formativo en otra instituci\u00f3n y, gracias a su esfuerzo, logr\u00f3 una beca para estudiar en el extranjero.<\/li>\n<li><strong>Estudiante C:<\/strong> Se centr\u00f3 en cursos de especializaci\u00f3n y, tras unos meses, consigui\u00f3 un trabajo en una empresa de su sector.<\/li>\n<\/ul>\n<h2>Preguntas frecuentes<\/h2>\n<h2>\u00bfQu\u00e9 debo hacer si no consigo plaza en FP Superior Francisco de Vitoria?<\/h2>\n<p>Debes analizar tus opciones, considerar otras instituciones, y contactar con nuestro equipo para recibir orientaci\u00f3n sobre el proceso de reclamaci\u00f3n y otras alternativas.<\/p>\n<h2>\u00bfPuedo presentar una reclamaci\u00f3n si no estoy de acuerdo con el resultado?<\/h2>\n<p>S\u00ed, puedes presentar una reclamaci\u00f3n si consideras que hay motivos para ello. Inf\u00f3rmate sobre los plazos y procedimientos necesarios.<\/p>\n<h2>\u00bfQu\u00e9 alternativas tengo si no quiero esperar un a\u00f1o para volver a intentarlo?<\/h2>\n<p>Tienes varias opciones como la formaci\u00f3n online, cursos de especializaci\u00f3n o incluso formaci\u00f3n en el extranjero, que pueden ayudarte a continuar tu desarrollo profesional.<\/p>\n<h2>\u00bfD\u00f3nde puedo encontrar m\u00e1s informaci\u00f3n sobre los procesos de admisi\u00f3n?<\/h2>\n<p>Puedes visitar nuestra <a href=\"https:\/\/fpsuperiorufv.es\/secretaria-admision-y-ayuda\/\">p\u00e1gina de Proceso de Admisi\u00f3n<\/a> para obtener m\u00e1s detalles sobre plazos y procedimientos.<\/p>\n<h2>Conclusi\u00f3n<\/h2>\n<p>No conseguir plaza en el Ciclo Formativo de Grado Superior puede ser un contratiempo, pero no es el fin del camino. Existen muchas alternativas y pasos que puedes seguir para continuar tu formaci\u00f3n y alcanzar tus metas. Recuerda que la educaci\u00f3n es un viaje, y cada paso cuenta. \u00a1Estamos aqu\u00ed para apoyarte en cada decisi\u00f3n que tomes!<\/p>\n","protected":false},"excerpt":{"rendered":"<p>\u00bfQu\u00e9 pasa si no consigo plaza? Alternativas y pasos Si te encuentras en la situaci\u00f3n de no conseguir plaza en el Ciclo Formativo de Grado Superior en FP Superior Francisco de Vitoria, no te preocupes. En este art\u00edculo, vamos a explorar las alternativas y los pasos que puedes seguir para que tu camino educativo no [&hellip;]<\/p>\n","protected":false},"author":1,"featured_media":2700,"comment_status":"open","ping_status":"open","sticky":false,"template":"","format":"standard","meta":{"inline_featured_image":false,"footnotes":""},"categories":[373,393],"tags":[],"class_list":["post-282682","post","type-post","status-publish","format-standard","has-post-thumbnail","hentry","category-genericas","category-preguntas-frecuentes"],"yoast_head":"<!-- This site is optimized with the Yoast SEO plugin v27.4 - https:\/\/yoast.com\/product\/yoast-seo-wordpress\/ -->\n<title>\u00bfQu\u00e9 pasa si no consigo plaza? alternativas y pasos - Cetys<\/title>\n<meta name=\"robots\" content=\"index, follow, max-snippet:-1, max-image-preview:large, max-video-preview:-1\" \/>\n<link rel=\"canonical\" href=\"https:\/\/fpsuperiorufv.es\/blog\/que-pasa-si-no-consigo-plaza-alternativas-y-pasos-blog\/\" \/>\n<meta property=\"og:locale\" content=\"es_ES\" \/>\n<meta property=\"og:type\" content=\"article\" \/>\n<meta property=\"og:title\" content=\"\u00bfQu\u00e9 pasa si no consigo plaza? alternativas y pasos - Cetys\" \/>\n<meta property=\"og:description\" content=\"\u00bfQu\u00e9 pasa si no consigo plaza? Alternativas y pasos Si te encuentras en la situaci\u00f3n de no conseguir plaza en el Ciclo Formativo de Grado Superior en FP Superior Francisco de Vitoria, no te preocupes. En este art\u00edculo, vamos a explorar las alternativas y los pasos que puedes seguir para que tu camino educativo no [&hellip;]\" \/>\n<meta property=\"og:url\" content=\"https:\/\/fpsuperiorufv.es\/blog\/que-pasa-si-no-consigo-plaza-alternativas-y-pasos-blog\/\" \/>\n<meta property=\"og:site_name\" content=\"Cetys\" \/>\n<meta property=\"article:published_time\" content=\"2026-03-10T15:26:42+00:00\" \/>\n<meta property=\"article:modified_time\" content=\"2026-04-15T11:26:33+00:00\" \/>\n<meta property=\"og:image\" content=\"https:\/\/fpsuperiorufv.es\/blog\/wp-content\/uploads\/2025\/08\/4-scaled-1.jpg\" \/>\n\t<meta property=\"og:image:width\" content=\"1920\" \/>\n\t<meta property=\"og:image:height\" content=\"2560\" \/>\n\t<meta property=\"og:image:type\" content=\"image\/jpeg\" \/>\n<meta name=\"author\" content=\"FP Superior UFV\" \/>\n<meta name=\"twitter:card\" content=\"summary_large_image\" \/>\n<meta name=\"twitter:label1\" content=\"Escrito por\" \/>\n\t<meta name=\"twitter:data1\" content=\"FP Superior UFV\" \/>\n\t<meta name=\"twitter:label2\" content=\"Tiempo de lectura\" \/>\n\t<meta name=\"twitter:data2\" content=\"4 minutos\" \/>\n<script type=\"application\/ld+json\" class=\"yoast-schema-graph\">{\"@context\":\"https:\\\/\\\/schema.org\",\"@graph\":[{\"@type\":\"Article\",\"@id\":\"https:\\\/\\\/fpsuperiorufv.es\\\/blog\\\/que-pasa-si-no-consigo-plaza-alternativas-y-pasos-blog\\\/#article\",\"isPartOf\":{\"@id\":\"https:\\\/\\\/fpsuperiorufv.es\\\/blog\\\/que-pasa-si-no-consigo-plaza-alternativas-y-pasos-blog\\\/\"},\"author\":{\"name\":\"FP Superior UFV\",\"@id\":\"https:\\\/\\\/fpsuperiorufv.es\\\/blog\\\/#\\\/schema\\\/person\\\/c7ac6e2e7af298050da8d956ac824347\"},\"headline\":\"\u00bfQu\u00e9 pasa si no consigo plaza? alternativas y pasos\",\"datePublished\":\"2026-03-10T15:26:42+00:00\",\"dateModified\":\"2026-04-15T11:26:33+00:00\",\"mainEntityOfPage\":{\"@id\":\"https:\\\/\\\/fpsuperiorufv.es\\\/blog\\\/que-pasa-si-no-consigo-plaza-alternativas-y-pasos-blog\\\/\"},\"wordCount\":851,\"commentCount\":0,\"publisher\":{\"@id\":\"https:\\\/\\\/fpsuperiorufv.es\\\/blog\\\/#organization\"},\"image\":{\"@id\":\"https:\\\/\\\/fpsuperiorufv.es\\\/blog\\\/que-pasa-si-no-consigo-plaza-alternativas-y-pasos-blog\\\/#primaryimage\"},\"thumbnailUrl\":\"https:\\\/\\\/fpsuperiorufv.es\\\/blog\\\/wp-content\\\/uploads\\\/2025\\\/08\\\/4-scaled-1.jpg\",\"articleSection\":[\"Gen\u00e9ricas\",\"Preguntas frecuentes\"],\"inLanguage\":\"es\",\"potentialAction\":[{\"@type\":\"CommentAction\",\"name\":\"Comment\",\"target\":[\"https:\\\/\\\/fpsuperiorufv.es\\\/blog\\\/que-pasa-si-no-consigo-plaza-alternativas-y-pasos-blog\\\/#respond\"]}]},{\"@type\":\"WebPage\",\"@id\":\"https:\\\/\\\/fpsuperiorufv.es\\\/blog\\\/que-pasa-si-no-consigo-plaza-alternativas-y-pasos-blog\\\/\",\"url\":\"https:\\\/\\\/fpsuperiorufv.es\\\/blog\\\/que-pasa-si-no-consigo-plaza-alternativas-y-pasos-blog\\\/\",\"name\":\"\u00bfQu\u00e9 pasa si no consigo plaza? alternativas y pasos - Cetys\",\"isPartOf\":{\"@id\":\"https:\\\/\\\/fpsuperiorufv.es\\\/blog\\\/#website\"},\"primaryImageOfPage\":{\"@id\":\"https:\\\/\\\/fpsuperiorufv.es\\\/blog\\\/que-pasa-si-no-consigo-plaza-alternativas-y-pasos-blog\\\/#primaryimage\"},\"image\":{\"@id\":\"https:\\\/\\\/fpsuperiorufv.es\\\/blog\\\/que-pasa-si-no-consigo-plaza-alternativas-y-pasos-blog\\\/#primaryimage\"},\"thumbnailUrl\":\"https:\\\/\\\/fpsuperiorufv.es\\\/blog\\\/wp-content\\\/uploads\\\/2025\\\/08\\\/4-scaled-1.jpg\",\"datePublished\":\"2026-03-10T15:26:42+00:00\",\"dateModified\":\"2026-04-15T11:26:33+00:00\",\"breadcrumb\":{\"@id\":\"https:\\\/\\\/fpsuperiorufv.es\\\/blog\\\/que-pasa-si-no-consigo-plaza-alternativas-y-pasos-blog\\\/#breadcrumb\"},\"inLanguage\":\"es\",\"potentialAction\":[{\"@type\":\"ReadAction\",\"target\":[\"https:\\\/\\\/fpsuperiorufv.es\\\/blog\\\/que-pasa-si-no-consigo-plaza-alternativas-y-pasos-blog\\\/\"]}]},{\"@type\":\"ImageObject\",\"inLanguage\":\"es\",\"@id\":\"https:\\\/\\\/fpsuperiorufv.es\\\/blog\\\/que-pasa-si-no-consigo-plaza-alternativas-y-pasos-blog\\\/#primaryimage\",\"url\":\"https:\\\/\\\/fpsuperiorufv.es\\\/blog\\\/wp-content\\\/uploads\\\/2025\\\/08\\\/4-scaled-1.jpg\",\"contentUrl\":\"https:\\\/\\\/fpsuperiorufv.es\\\/blog\\\/wp-content\\\/uploads\\\/2025\\\/08\\\/4-scaled-1.jpg\",\"width\":1920,\"height\":2560},{\"@type\":\"BreadcrumbList\",\"@id\":\"https:\\\/\\\/fpsuperiorufv.es\\\/blog\\\/que-pasa-si-no-consigo-plaza-alternativas-y-pasos-blog\\\/#breadcrumb\",\"itemListElement\":[{\"@type\":\"ListItem\",\"position\":1,\"name\":\"Home\",\"item\":\"https:\\\/\\\/fpsuperiorufv.es\\\/blog\\\/\"},{\"@type\":\"ListItem\",\"position\":2,\"name\":\"\u00bfQu\u00e9 pasa si no consigo plaza? alternativas y pasos\"}]},{\"@type\":\"WebSite\",\"@id\":\"https:\\\/\\\/fpsuperiorufv.es\\\/blog\\\/#website\",\"url\":\"https:\\\/\\\/fpsuperiorufv.es\\\/blog\\\/\",\"name\":\"Fp Superior Francisco de Vitoria\",\"description\":\"\",\"publisher\":{\"@id\":\"https:\\\/\\\/fpsuperiorufv.es\\\/blog\\\/#organization\"},\"alternateName\":\"Cetys\",\"potentialAction\":[{\"@type\":\"SearchAction\",\"target\":{\"@type\":\"EntryPoint\",\"urlTemplate\":\"https:\\\/\\\/fpsuperiorufv.es\\\/blog\\\/?s={search_term_string}\"},\"query-input\":{\"@type\":\"PropertyValueSpecification\",\"valueRequired\":true,\"valueName\":\"search_term_string\"}}],\"inLanguage\":\"es\"},{\"@type\":\"Organization\",\"@id\":\"https:\\\/\\\/fpsuperiorufv.es\\\/blog\\\/#organization\",\"name\":\"Cetys\",\"url\":\"https:\\\/\\\/fpsuperiorufv.es\\\/blog\\\/\",\"logo\":{\"@type\":\"ImageObject\",\"inLanguage\":\"es\",\"@id\":\"https:\\\/\\\/fpsuperiorufv.es\\\/blog\\\/#\\\/schema\\\/logo\\\/image\\\/\",\"url\":\"https:\\\/\\\/fpsuperiorufv.lo\\\/wp-content\\\/uploads\\\/2025\\\/02\\\/logo.svg\",\"contentUrl\":\"https:\\\/\\\/fpsuperiorufv.lo\\\/wp-content\\\/uploads\\\/2025\\\/02\\\/logo.svg\",\"width\":\"1024\",\"height\":\"1024\",\"caption\":\"Cetys\"},\"image\":{\"@id\":\"https:\\\/\\\/fpsuperiorufv.es\\\/blog\\\/#\\\/schema\\\/logo\\\/image\\\/\"}},{\"@type\":\"Person\",\"@id\":\"https:\\\/\\\/fpsuperiorufv.es\\\/blog\\\/#\\\/schema\\\/person\\\/c7ac6e2e7af298050da8d956ac824347\",\"name\":\"FP Superior UFV\",\"image\":{\"@type\":\"ImageObject\",\"inLanguage\":\"es\",\"@id\":\"https:\\\/\\\/secure.gravatar.com\\\/avatar\\\/002af9a4377d87096f281de7725cae2f359bff0b0b7439b98b80936e58af2d91?s=96&d=mm&r=g\",\"url\":\"https:\\\/\\\/secure.gravatar.com\\\/avatar\\\/002af9a4377d87096f281de7725cae2f359bff0b0b7439b98b80936e58af2d91?s=96&d=mm&r=g\",\"contentUrl\":\"https:\\\/\\\/secure.gravatar.com\\\/avatar\\\/002af9a4377d87096f281de7725cae2f359bff0b0b7439b98b80936e58af2d91?s=96&d=mm&r=g\",\"caption\":\"FP Superior UFV\"},\"sameAs\":[\"https:\\\/\\\/fpsuperiorufv.lo\"],\"url\":\"https:\\\/\\\/fpsuperiorufv.es\\\/blog\\\/author\\\/administrador\\\/\"}]}<\/script>\n<!-- \/ Yoast SEO plugin. -->","yoast_head_json":{"title":"\u00bfQu\u00e9 pasa si no consigo plaza? alternativas y pasos - Cetys","robots":{"index":"index","follow":"follow","max-snippet":"max-snippet:-1","max-image-preview":"max-image-preview:large","max-video-preview":"max-video-preview:-1"},"canonical":"https:\/\/fpsuperiorufv.es\/blog\/que-pasa-si-no-consigo-plaza-alternativas-y-pasos-blog\/","og_locale":"es_ES","og_type":"article","og_title":"\u00bfQu\u00e9 pasa si no consigo plaza? alternativas y pasos - Cetys","og_description":"\u00bfQu\u00e9 pasa si no consigo plaza? Alternativas y pasos Si te encuentras en la situaci\u00f3n de no conseguir plaza en el Ciclo Formativo de Grado Superior en FP Superior Francisco de Vitoria, no te preocupes. En este art\u00edculo, vamos a explorar las alternativas y los pasos que puedes seguir para que tu camino educativo no [&hellip;]","og_url":"https:\/\/fpsuperiorufv.es\/blog\/que-pasa-si-no-consigo-plaza-alternativas-y-pasos-blog\/","og_site_name":"Cetys","article_published_time":"2026-03-10T15:26:42+00:00","article_modified_time":"2026-04-15T11:26:33+00:00","og_image":[{"width":1920,"height":2560,"url":"https:\/\/fpsuperiorufv.es\/blog\/wp-content\/uploads\/2025\/08\/4-scaled-1.jpg","type":"image\/jpeg"}],"author":"FP Superior UFV","twitter_card":"summary_large_image","twitter_misc":{"Escrito por":"FP Superior UFV","Tiempo de lectura":"4 minutos"},"schema":{"@context":"https:\/\/schema.org","@graph":[{"@type":"Article","@id":"https:\/\/fpsuperiorufv.es\/blog\/que-pasa-si-no-consigo-plaza-alternativas-y-pasos-blog\/#article","isPartOf":{"@id":"https:\/\/fpsuperiorufv.es\/blog\/que-pasa-si-no-consigo-plaza-alternativas-y-pasos-blog\/"},"author":{"name":"FP Superior UFV","@id":"https:\/\/fpsuperiorufv.es\/blog\/#\/schema\/person\/c7ac6e2e7af298050da8d956ac824347"},"headline":"\u00bfQu\u00e9 pasa si no consigo plaza? alternativas y pasos","datePublished":"2026-03-10T15:26:42+00:00","dateModified":"2026-04-15T11:26:33+00:00","mainEntityOfPage":{"@id":"https:\/\/fpsuperiorufv.es\/blog\/que-pasa-si-no-consigo-plaza-alternativas-y-pasos-blog\/"},"wordCount":851,"commentCount":0,"publisher":{"@id":"https:\/\/fpsuperiorufv.es\/blog\/#organization"},"image":{"@id":"https:\/\/fpsuperiorufv.es\/blog\/que-pasa-si-no-consigo-plaza-alternativas-y-pasos-blog\/#primaryimage"},"thumbnailUrl":"https:\/\/fpsuperiorufv.es\/blog\/wp-content\/uploads\/2025\/08\/4-scaled-1.jpg","articleSection":["Gen\u00e9ricas","Preguntas frecuentes"],"inLanguage":"es","potentialAction":[{"@type":"CommentAction","name":"Comment","target":["https:\/\/fpsuperiorufv.es\/blog\/que-pasa-si-no-consigo-plaza-alternativas-y-pasos-blog\/#respond"]}]},{"@type":"WebPage","@id":"https:\/\/fpsuperiorufv.es\/blog\/que-pasa-si-no-consigo-plaza-alternativas-y-pasos-blog\/","url":"https:\/\/fpsuperiorufv.es\/blog\/que-pasa-si-no-consigo-plaza-alternativas-y-pasos-blog\/","name":"\u00bfQu\u00e9 pasa si no consigo plaza? alternativas y pasos - Cetys","isPartOf":{"@id":"https:\/\/fpsuperiorufv.es\/blog\/#website"},"primaryImageOfPage":{"@id":"https:\/\/fpsuperiorufv.es\/blog\/que-pasa-si-no-consigo-plaza-alternativas-y-pasos-blog\/#primaryimage"},"image":{"@id":"https:\/\/fpsuperiorufv.es\/blog\/que-pasa-si-no-consigo-plaza-alternativas-y-pasos-blog\/#primaryimage"},"thumbnailUrl":"https:\/\/fpsuperiorufv.es\/blog\/wp-content\/uploads\/2025\/08\/4-scaled-1.jpg","datePublished":"2026-03-10T15:26:42+00:00","dateModified":"2026-04-15T11:26:33+00:00","breadcrumb":{"@id":"https:\/\/fpsuperiorufv.es\/blog\/que-pasa-si-no-consigo-plaza-alternativas-y-pasos-blog\/#breadcrumb"},"inLanguage":"es","potentialAction":[{"@type":"ReadAction","target":["https:\/\/fpsuperiorufv.es\/blog\/que-pasa-si-no-consigo-plaza-alternativas-y-pasos-blog\/"]}]},{"@type":"ImageObject","inLanguage":"es","@id":"https:\/\/fpsuperiorufv.es\/blog\/que-pasa-si-no-consigo-plaza-alternativas-y-pasos-blog\/#primaryimage","url":"https:\/\/fpsuperiorufv.es\/blog\/wp-content\/uploads\/2025\/08\/4-scaled-1.jpg","contentUrl":"https:\/\/fpsuperiorufv.es\/blog\/wp-content\/uploads\/2025\/08\/4-scaled-1.jpg","width":1920,"height":2560},{"@type":"BreadcrumbList","@id":"https:\/\/fpsuperiorufv.es\/blog\/que-pasa-si-no-consigo-plaza-alternativas-y-pasos-blog\/#breadcrumb","itemListElement":[{"@type":"ListItem","position":1,"name":"Home","item":"https:\/\/fpsuperiorufv.es\/blog\/"},{"@type":"ListItem","position":2,"name":"\u00bfQu\u00e9 pasa si no consigo plaza? alternativas y pasos"}]},{"@type":"WebSite","@id":"https:\/\/fpsuperiorufv.es\/blog\/#website","url":"https:\/\/fpsuperiorufv.es\/blog\/","name":"Fp Superior Francisco de Vitoria","description":"","publisher":{"@id":"https:\/\/fpsuperiorufv.es\/blog\/#organization"},"alternateName":"Cetys","potentialAction":[{"@type":"SearchAction","target":{"@type":"EntryPoint","urlTemplate":"https:\/\/fpsuperiorufv.es\/blog\/?s={search_term_string}"},"query-input":{"@type":"PropertyValueSpecification","valueRequired":true,"valueName":"search_term_string"}}],"inLanguage":"es"},{"@type":"Organization","@id":"https:\/\/fpsuperiorufv.es\/blog\/#organization","name":"Cetys","url":"https:\/\/fpsuperiorufv.es\/blog\/","logo":{"@type":"ImageObject","inLanguage":"es","@id":"https:\/\/fpsuperiorufv.es\/blog\/#\/schema\/logo\/image\/","url":"https:\/\/fpsuperiorufv.lo\/wp-content\/uploads\/2025\/02\/logo.svg","contentUrl":"https:\/\/fpsuperiorufv.lo\/wp-content\/uploads\/2025\/02\/logo.svg","width":"1024","height":"1024","caption":"Cetys"},"image":{"@id":"https:\/\/fpsuperiorufv.es\/blog\/#\/schema\/logo\/image\/"}},{"@type":"Person","@id":"https:\/\/fpsuperiorufv.es\/blog\/#\/schema\/person\/c7ac6e2e7af298050da8d956ac824347","name":"FP Superior UFV","image":{"@type":"ImageObject","inLanguage":"es","@id":"https:\/\/secure.gravatar.com\/avatar\/002af9a4377d87096f281de7725cae2f359bff0b0b7439b98b80936e58af2d91?s=96&d=mm&r=g","url":"https:\/\/secure.gravatar.com\/avatar\/002af9a4377d87096f281de7725cae2f359bff0b0b7439b98b80936e58af2d91?s=96&d=mm&r=g","contentUrl":"https:\/\/secure.gravatar.com\/avatar\/002af9a4377d87096f281de7725cae2f359bff0b0b7439b98b80936e58af2d91?s=96&d=mm&r=g","caption":"FP Superior UFV"},"sameAs":["https:\/\/fpsuperiorufv.lo"],"url":"https:\/\/fpsuperiorufv.es\/blog\/author\/administrador\/"}]}},"_links":{"self":[{"href":"https:\/\/fpsuperiorufv.es\/blog\/wp-json\/wp\/v2\/posts\/282682","targetHints":{"allow":["GET"]}}],"collection":[{"href":"https:\/\/fpsuperiorufv.es\/blog\/wp-json\/wp\/v2\/posts"}],"about":[{"href":"https:\/\/fpsuperiorufv.es\/blog\/wp-json\/wp\/v2\/types\/post"}],"author":[{"embeddable":true,"href":"https:\/\/fpsuperiorufv.es\/blog\/wp-json\/wp\/v2\/users\/1"}],"replies":[{"embeddable":true,"href":"https:\/\/fpsuperiorufv.es\/blog\/wp-json\/wp\/v2\/comments?post=282682"}],"version-history":[{"count":1,"href":"https:\/\/fpsuperiorufv.es\/blog\/wp-json\/wp\/v2\/posts\/282682\/revisions"}],"predecessor-version":[{"id":283366,"href":"https:\/\/fpsuperiorufv.es\/blog\/wp-json\/wp\/v2\/posts\/282682\/revisions\/283366"}],"wp:featuredmedia":[{"embeddable":true,"href":"https:\/\/fpsuperiorufv.es\/blog\/wp-json\/wp\/v2\/media\/2700"}],"wp:attachment":[{"href":"https:\/\/fpsuperiorufv.es\/blog\/wp-json\/wp\/v2\/media?parent=282682"}],"wp:term":[{"taxonomy":"category","embeddable":true,"href":"https:\/\/fpsuperiorufv.es\/blog\/wp-json\/wp\/v2\/categories?post=282682"},{"taxonomy":"post_tag","embeddable":true,"href":"https:\/\/fpsuperiorufv.es\/blog\/wp-json\/wp\/v2\/tags?post=282682"}],"curies":[{"name":"wp","href":"https:\/\/api.w.org\/{rel}","templated":true}]}}