{"id":282683,"date":"2026-03-10T22:02:21","date_gmt":"2026-03-10T22:02:21","guid":{"rendered":"https:\/\/soleyantonio.es\/reserva-de-plaza-en-fp-en-acondicionamiento-fisico-pasos-plazos-y-documentacion\/"},"modified":"2026-04-15T12:54:09","modified_gmt":"2026-04-15T10:54:09","slug":"reserva-de-plaza-en-fp-en-acondicionamiento-fisico-pasos-plazos-y-documentacion-blog","status":"publish","type":"post","link":"https:\/\/fpsuperiorufv.es\/blog\/reserva-de-plaza-en-fp-en-acondicionamiento-fisico-pasos-plazos-y-documentacion-blog\/","title":{"rendered":"Reserva de plaza en FP en Acondicionamiento F\u00edsico: pasos plazos y documentaci\u00f3n"},"content":{"rendered":"<h2>Reserva de Plaza en FP en Acondicionamiento F\u00edsico: Pasos, Plazos y Documentaci\u00f3n<\/h2>\n<section>\n<p>\u00bfEst\u00e1s listo para dar un paso hacia tu futuro profesional? En el Ciclo Formativo de Grado Superior en Acondicionamiento F\u00edsico, tendr\u00e1s la oportunidad de formarte en un sector en constante crecimiento. En este art\u00edculo, te guiaremos a trav\u00e9s del proceso de reserva de plaza, incluyendo los pasos a seguir, los plazos que debes tener en cuenta y la documentaci\u00f3n necesaria.<\/p>\n<\/section>\n<section>\n<h2>Curiosidades sobre la Reserva de Plaza en FP en Acondicionamiento F\u00edsico<\/h2>\n<ul>\n<li>El sector del acondicionamiento f\u00edsico ha crecido un 30% en los \u00faltimos cinco a\u00f1os.<\/li>\n<li>M\u00e1s del 70% de los estudiantes que completan este ciclo encuentran empleo en menos de seis meses.<\/li>\n<li>El 85% de los graduados afirma que su formaci\u00f3n fue clave para su \u00e9xito profesional.<\/li>\n<li>Los profesionales del acondicionamiento f\u00edsico tienen la oportunidad de trabajar en gimnasios, centros de rehabilitaci\u00f3n y empresas de bienestar.<\/li>\n<li>La demanda de expertos en fitness y salud contin\u00faa en aumento, impulsada por un creciente inter\u00e9s en estilos de vida saludables.<\/li>\n<\/ul>\n<\/section>\n<section>\n<h2>Pasos para Reservar tu Plaza en FP<\/h2>\n<p>El proceso de reserva de plaza en el Ciclo Formativo de Acondicionamiento F\u00edsico es sencillo si sigues estos pasos:<\/p>\n<ol>\n<li><strong>Inf\u00f3rmate:<\/strong> Visita nuestra p\u00e1gina web para conocer todos los detalles sobre el ciclo.<\/li>\n<li><strong>Preinscripci\u00f3n:<\/strong> Completa el formulario de preinscripci\u00f3n en l\u00ednea.<\/li>\n<li><strong>Documentaci\u00f3n:<\/strong> Re\u00fane la documentaci\u00f3n requerida y prep\u00e1rate para enviarla.<\/li>\n<li><strong>Confirmaci\u00f3n:<\/strong> Espera la confirmaci\u00f3n de tu plaza por parte de nuestro equipo.<\/li>\n<li><strong>Matriculaci\u00f3n:<\/strong> Realiza el proceso de matriculaci\u00f3n en las fechas establecidas.<\/li>\n<\/ol>\n<\/section>\n<section>\n<h2>Plazos Importantes<\/h2>\n<p>Es fundamental que est\u00e9s al tanto de los plazos para asegurar tu plaza. Aqu\u00ed te dejamos los plazos m\u00e1s relevantes:<\/p>\n<ul>\n<li><strong>Preinscripci\u00f3n:<\/strong> Del 1 al 30 de junio.<\/li>\n<li><strong>Publicaci\u00f3n de listados:<\/strong> 15 de julio.<\/li>\n<li><strong>Matriculaci\u00f3n:<\/strong> Del 20 al 30 de julio.<\/li>\n<li><strong>Inicio de clases:<\/strong> Primer lunes de septiembre.<\/li>\n<\/ul>\n<\/section>\n<section>\n<h2>Documentaci\u00f3n Necesaria<\/h2>\n<p>Para completar tu reserva de plaza, necesitar\u00e1s presentar la siguiente documentaci\u00f3n:<\/p>\n<ul>\n<li>Copia del DNI o NIE.<\/li>\n<li>T\u00edtulo de Bachillerato o equivalente.<\/li>\n<li>Certificado de notas de los \u00faltimos estudios realizados.<\/li>\n<li>Documentaci\u00f3n adicional si procede (certificados de formaci\u00f3n previa, etc.).<\/li>\n<\/ul>\n<\/section>\n<section>\n<h2>Ejemplo de Proceso de Reserva de Plaza<\/h2>\n<p>Imagina que deseas matricularte en el Ciclo Formativo de Acondicionamiento F\u00edsico. Aqu\u00ed tienes un ejemplo de c\u00f3mo podr\u00eda ser tu proceso:<\/p>\n<ol>\n<li>Te informas en nuestra web y decides que este ciclo es lo que quieres.<\/li>\n<li>Realizas la preinscripci\u00f3n en l\u00ednea el 15 de junio.<\/li>\n<li>Re\u00fanes tu DNI y tu t\u00edtulo de Bachillerato.<\/li>\n<li>El 15 de julio, revisas los listados y confirmas que tu nombre est\u00e1 en la lista.<\/li>\n<li>Completar\u00e1s la matriculaci\u00f3n del 20 al 30 de julio.<\/li>\n<li>Empiezas las clases el primer lunes de septiembre con muchas ganas de aprender.<\/li>\n<\/ol>\n<\/section>\n<section>\n<h2>Preguntas Frecuentes<\/h2>\n<h2>\u00bfPuedo reservar mi plaza si no tengo el t\u00edtulo de Bachillerato en el momento de la preinscripci\u00f3n?<\/h2>\n<p>S\u00ed, puedes realizar la preinscripci\u00f3n, pero deber\u00e1s presentar tu t\u00edtulo antes de la matriculaci\u00f3n.<\/p>\n<h2>\u00bfQu\u00e9 pasa si no consigo plaza en la primera lista?<\/h2>\n<p>Si no consigues plaza, tendr\u00e1s la opci\u00f3n de quedar en lista de espera y te informaremos si se libera alguna plaza.<\/p>\n<h2>\u00bfHay alg\u00fan coste asociado a la reserva de plaza?<\/h2>\n<p>No, el proceso de reserva de plaza es gratuito. Sin embargo, la matr\u00edcula s\u00ed tiene un coste que deber\u00e1s abonar al formalizarla.<\/p>\n<h2>\u00bfD\u00f3nde puedo encontrar m\u00e1s informaci\u00f3n sobre el proceso de admisi\u00f3n?<\/h2>\n<p>Puedes consultar toda la informaci\u00f3n detallada en nuestra p\u00e1gina sobre el <a href=https:\/\/fpsuperiorufv.es\/secretaria-admision-y-ayuda\/ target=_blank>Proceso de Admisi\u00f3n<\/a>.<\/p>\n<\/section>\n<footer>\n<p>Estamos aqu\u00ed para ayudarte a dar el siguiente paso en tu formaci\u00f3n. \u00a1No dudes en contactarnos si tienes alguna duda!<\/p>\n<\/footer>\n","protected":false},"excerpt":{"rendered":"<p>Reserva de Plaza en FP en Acondicionamiento F\u00edsico: Pasos, Plazos y Documentaci\u00f3n \u00bfEst\u00e1s listo para dar un paso hacia tu futuro profesional? En el Ciclo Formativo de Grado Superior en Acondicionamiento F\u00edsico, tendr\u00e1s la oportunidad de formarte en un sector en constante crecimiento. En este art\u00edculo, te guiaremos a trav\u00e9s del proceso de reserva de [&hellip;]<\/p>\n","protected":false},"author":1,"featured_media":2730,"comment_status":"open","ping_status":"open","sticky":false,"template":"","format":"standard","meta":{"inline_featured_image":false,"footnotes":""},"categories":[411,393],"tags":[],"class_list":["post-282683","post","type-post","status-publish","format-standard","has-post-thumbnail","hentry","category-acondicionamiento-fisico","category-preguntas-frecuentes"],"yoast_head":"<!-- This site is optimized with the Yoast SEO plugin v27.4 - https:\/\/yoast.com\/product\/yoast-seo-wordpress\/ -->\n<title>Reserva de plaza en FP en Acondicionamiento F\u00edsico: pasos plazos y documentaci\u00f3n - Cetys<\/title>\n<meta name=\"robots\" content=\"index, follow, max-snippet:-1, max-image-preview:large, max-video-preview:-1\" \/>\n<link rel=\"canonical\" href=\"https:\/\/fpsuperiorufv.es\/blog\/reserva-de-plaza-en-fp-en-acondicionamiento-fisico-pasos-plazos-y-documentacion-blog\/\" \/>\n<meta property=\"og:locale\" content=\"es_ES\" \/>\n<meta property=\"og:type\" content=\"article\" \/>\n<meta property=\"og:title\" content=\"Reserva de plaza en FP en Acondicionamiento F\u00edsico: pasos plazos y documentaci\u00f3n - Cetys\" \/>\n<meta property=\"og:description\" content=\"Reserva de Plaza en FP en Acondicionamiento F\u00edsico: Pasos, Plazos y Documentaci\u00f3n \u00bfEst\u00e1s listo para dar un paso hacia tu futuro profesional? En el Ciclo Formativo de Grado Superior en Acondicionamiento F\u00edsico, tendr\u00e1s la oportunidad de formarte en un sector en constante crecimiento. En este art\u00edculo, te guiaremos a trav\u00e9s del proceso de reserva de [&hellip;]\" \/>\n<meta property=\"og:url\" content=\"https:\/\/fpsuperiorufv.es\/blog\/reserva-de-plaza-en-fp-en-acondicionamiento-fisico-pasos-plazos-y-documentacion-blog\/\" \/>\n<meta property=\"og:site_name\" content=\"Cetys\" \/>\n<meta property=\"article:published_time\" content=\"2026-03-10T22:02:21+00:00\" \/>\n<meta property=\"article:modified_time\" content=\"2026-04-15T10:54:09+00:00\" \/>\n<meta property=\"og:image\" content=\"https:\/\/fpsuperiorufv.es\/blog\/wp-content\/uploads\/2025\/08\/DSC2900-Medium.jpeg\" \/>\n\t<meta property=\"og:image:width\" content=\"640\" \/>\n\t<meta property=\"og:image:height\" content=\"427\" \/>\n\t<meta property=\"og:image:type\" content=\"image\/jpeg\" \/>\n<meta name=\"author\" content=\"FP Superior UFV\" \/>\n<meta name=\"twitter:card\" content=\"summary_large_image\" \/>\n<meta name=\"twitter:label1\" content=\"Escrito por\" \/>\n\t<meta name=\"twitter:data1\" content=\"FP Superior UFV\" \/>\n\t<meta name=\"twitter:label2\" content=\"Tiempo de lectura\" \/>\n\t<meta name=\"twitter:data2\" content=\"3 minutos\" \/>\n<script type=\"application\/ld+json\" class=\"yoast-schema-graph\">{\"@context\":\"https:\\\/\\\/schema.org\",\"@graph\":[{\"@type\":\"Article\",\"@id\":\"https:\\\/\\\/fpsuperiorufv.es\\\/blog\\\/reserva-de-plaza-en-fp-en-acondicionamiento-fisico-pasos-plazos-y-documentacion-blog\\\/#article\",\"isPartOf\":{\"@id\":\"https:\\\/\\\/fpsuperiorufv.es\\\/blog\\\/reserva-de-plaza-en-fp-en-acondicionamiento-fisico-pasos-plazos-y-documentacion-blog\\\/\"},\"author\":{\"name\":\"FP Superior UFV\",\"@id\":\"https:\\\/\\\/fpsuperiorufv.es\\\/blog\\\/#\\\/schema\\\/person\\\/c7ac6e2e7af298050da8d956ac824347\"},\"headline\":\"Reserva de plaza en FP en Acondicionamiento F\u00edsico: pasos plazos y documentaci\u00f3n\",\"datePublished\":\"2026-03-10T22:02:21+00:00\",\"dateModified\":\"2026-04-15T10:54:09+00:00\",\"mainEntityOfPage\":{\"@id\":\"https:\\\/\\\/fpsuperiorufv.es\\\/blog\\\/reserva-de-plaza-en-fp-en-acondicionamiento-fisico-pasos-plazos-y-documentacion-blog\\\/\"},\"wordCount\":644,\"commentCount\":0,\"publisher\":{\"@id\":\"https:\\\/\\\/fpsuperiorufv.es\\\/blog\\\/#organization\"},\"image\":{\"@id\":\"https:\\\/\\\/fpsuperiorufv.es\\\/blog\\\/reserva-de-plaza-en-fp-en-acondicionamiento-fisico-pasos-plazos-y-documentacion-blog\\\/#primaryimage\"},\"thumbnailUrl\":\"https:\\\/\\\/fpsuperiorufv.es\\\/blog\\\/wp-content\\\/uploads\\\/2025\\\/08\\\/DSC2900-Medium.jpeg\",\"articleSection\":[\"Acondicionamiento F\u00edsico\",\"Preguntas frecuentes\"],\"inLanguage\":\"es\",\"potentialAction\":[{\"@type\":\"CommentAction\",\"name\":\"Comment\",\"target\":[\"https:\\\/\\\/fpsuperiorufv.es\\\/blog\\\/reserva-de-plaza-en-fp-en-acondicionamiento-fisico-pasos-plazos-y-documentacion-blog\\\/#respond\"]}]},{\"@type\":\"WebPage\",\"@id\":\"https:\\\/\\\/fpsuperiorufv.es\\\/blog\\\/reserva-de-plaza-en-fp-en-acondicionamiento-fisico-pasos-plazos-y-documentacion-blog\\\/\",\"url\":\"https:\\\/\\\/fpsuperiorufv.es\\\/blog\\\/reserva-de-plaza-en-fp-en-acondicionamiento-fisico-pasos-plazos-y-documentacion-blog\\\/\",\"name\":\"Reserva de plaza en FP en Acondicionamiento F\u00edsico: pasos plazos y documentaci\u00f3n - Cetys\",\"isPartOf\":{\"@id\":\"https:\\\/\\\/fpsuperiorufv.es\\\/blog\\\/#website\"},\"primaryImageOfPage\":{\"@id\":\"https:\\\/\\\/fpsuperiorufv.es\\\/blog\\\/reserva-de-plaza-en-fp-en-acondicionamiento-fisico-pasos-plazos-y-documentacion-blog\\\/#primaryimage\"},\"image\":{\"@id\":\"https:\\\/\\\/fpsuperiorufv.es\\\/blog\\\/reserva-de-plaza-en-fp-en-acondicionamiento-fisico-pasos-plazos-y-documentacion-blog\\\/#primaryimage\"},\"thumbnailUrl\":\"https:\\\/\\\/fpsuperiorufv.es\\\/blog\\\/wp-content\\\/uploads\\\/2025\\\/08\\\/DSC2900-Medium.jpeg\",\"datePublished\":\"2026-03-10T22:02:21+00:00\",\"dateModified\":\"2026-04-15T10:54:09+00:00\",\"breadcrumb\":{\"@id\":\"https:\\\/\\\/fpsuperiorufv.es\\\/blog\\\/reserva-de-plaza-en-fp-en-acondicionamiento-fisico-pasos-plazos-y-documentacion-blog\\\/#breadcrumb\"},\"inLanguage\":\"es\",\"potentialAction\":[{\"@type\":\"ReadAction\",\"target\":[\"https:\\\/\\\/fpsuperiorufv.es\\\/blog\\\/reserva-de-plaza-en-fp-en-acondicionamiento-fisico-pasos-plazos-y-documentacion-blog\\\/\"]}]},{\"@type\":\"ImageObject\",\"inLanguage\":\"es\",\"@id\":\"https:\\\/\\\/fpsuperiorufv.es\\\/blog\\\/reserva-de-plaza-en-fp-en-acondicionamiento-fisico-pasos-plazos-y-documentacion-blog\\\/#primaryimage\",\"url\":\"https:\\\/\\\/fpsuperiorufv.es\\\/blog\\\/wp-content\\\/uploads\\\/2025\\\/08\\\/DSC2900-Medium.jpeg\",\"contentUrl\":\"https:\\\/\\\/fpsuperiorufv.es\\\/blog\\\/wp-content\\\/uploads\\\/2025\\\/08\\\/DSC2900-Medium.jpeg\",\"width\":640,\"height\":427},{\"@type\":\"BreadcrumbList\",\"@id\":\"https:\\\/\\\/fpsuperiorufv.es\\\/blog\\\/reserva-de-plaza-en-fp-en-acondicionamiento-fisico-pasos-plazos-y-documentacion-blog\\\/#breadcrumb\",\"itemListElement\":[{\"@type\":\"ListItem\",\"position\":1,\"name\":\"Home\",\"item\":\"https:\\\/\\\/fpsuperiorufv.es\\\/blog\\\/\"},{\"@type\":\"ListItem\",\"position\":2,\"name\":\"Reserva de plaza en FP en Acondicionamiento F\u00edsico: pasos plazos y documentaci\u00f3n\"}]},{\"@type\":\"WebSite\",\"@id\":\"https:\\\/\\\/fpsuperiorufv.es\\\/blog\\\/#website\",\"url\":\"https:\\\/\\\/fpsuperiorufv.es\\\/blog\\\/\",\"name\":\"Fp Superior Francisco de Vitoria\",\"description\":\"\",\"publisher\":{\"@id\":\"https:\\\/\\\/fpsuperiorufv.es\\\/blog\\\/#organization\"},\"alternateName\":\"Cetys\",\"potentialAction\":[{\"@type\":\"SearchAction\",\"target\":{\"@type\":\"EntryPoint\",\"urlTemplate\":\"https:\\\/\\\/fpsuperiorufv.es\\\/blog\\\/?s={search_term_string}\"},\"query-input\":{\"@type\":\"PropertyValueSpecification\",\"valueRequired\":true,\"valueName\":\"search_term_string\"}}],\"inLanguage\":\"es\"},{\"@type\":\"Organization\",\"@id\":\"https:\\\/\\\/fpsuperiorufv.es\\\/blog\\\/#organization\",\"name\":\"Cetys\",\"url\":\"https:\\\/\\\/fpsuperiorufv.es\\\/blog\\\/\",\"logo\":{\"@type\":\"ImageObject\",\"inLanguage\":\"es\",\"@id\":\"https:\\\/\\\/fpsuperiorufv.es\\\/blog\\\/#\\\/schema\\\/logo\\\/image\\\/\",\"url\":\"https:\\\/\\\/fpsuperiorufv.lo\\\/wp-content\\\/uploads\\\/2025\\\/02\\\/logo.svg\",\"contentUrl\":\"https:\\\/\\\/fpsuperiorufv.lo\\\/wp-content\\\/uploads\\\/2025\\\/02\\\/logo.svg\",\"width\":\"1024\",\"height\":\"1024\",\"caption\":\"Cetys\"},\"image\":{\"@id\":\"https:\\\/\\\/fpsuperiorufv.es\\\/blog\\\/#\\\/schema\\\/logo\\\/image\\\/\"}},{\"@type\":\"Person\",\"@id\":\"https:\\\/\\\/fpsuperiorufv.es\\\/blog\\\/#\\\/schema\\\/person\\\/c7ac6e2e7af298050da8d956ac824347\",\"name\":\"FP Superior UFV\",\"image\":{\"@type\":\"ImageObject\",\"inLanguage\":\"es\",\"@id\":\"https:\\\/\\\/secure.gravatar.com\\\/avatar\\\/002af9a4377d87096f281de7725cae2f359bff0b0b7439b98b80936e58af2d91?s=96&d=mm&r=g\",\"url\":\"https:\\\/\\\/secure.gravatar.com\\\/avatar\\\/002af9a4377d87096f281de7725cae2f359bff0b0b7439b98b80936e58af2d91?s=96&d=mm&r=g\",\"contentUrl\":\"https:\\\/\\\/secure.gravatar.com\\\/avatar\\\/002af9a4377d87096f281de7725cae2f359bff0b0b7439b98b80936e58af2d91?s=96&d=mm&r=g\",\"caption\":\"FP Superior UFV\"},\"sameAs\":[\"https:\\\/\\\/fpsuperiorufv.lo\"],\"url\":\"https:\\\/\\\/fpsuperiorufv.es\\\/blog\\\/author\\\/administrador\\\/\"}]}<\/script>\n<!-- \/ Yoast SEO plugin. -->","yoast_head_json":{"title":"Reserva de plaza en FP en Acondicionamiento F\u00edsico: pasos plazos y documentaci\u00f3n - Cetys","robots":{"index":"index","follow":"follow","max-snippet":"max-snippet:-1","max-image-preview":"max-image-preview:large","max-video-preview":"max-video-preview:-1"},"canonical":"https:\/\/fpsuperiorufv.es\/blog\/reserva-de-plaza-en-fp-en-acondicionamiento-fisico-pasos-plazos-y-documentacion-blog\/","og_locale":"es_ES","og_type":"article","og_title":"Reserva de plaza en FP en Acondicionamiento F\u00edsico: pasos plazos y documentaci\u00f3n - Cetys","og_description":"Reserva de Plaza en FP en Acondicionamiento F\u00edsico: Pasos, Plazos y Documentaci\u00f3n \u00bfEst\u00e1s listo para dar un paso hacia tu futuro profesional? En el Ciclo Formativo de Grado Superior en Acondicionamiento F\u00edsico, tendr\u00e1s la oportunidad de formarte en un sector en constante crecimiento. En este art\u00edculo, te guiaremos a trav\u00e9s del proceso de reserva de [&hellip;]","og_url":"https:\/\/fpsuperiorufv.es\/blog\/reserva-de-plaza-en-fp-en-acondicionamiento-fisico-pasos-plazos-y-documentacion-blog\/","og_site_name":"Cetys","article_published_time":"2026-03-10T22:02:21+00:00","article_modified_time":"2026-04-15T10:54:09+00:00","og_image":[{"width":640,"height":427,"url":"https:\/\/fpsuperiorufv.es\/blog\/wp-content\/uploads\/2025\/08\/DSC2900-Medium.jpeg","type":"image\/jpeg"}],"author":"FP Superior UFV","twitter_card":"summary_large_image","twitter_misc":{"Escrito por":"FP Superior UFV","Tiempo de lectura":"3 minutos"},"schema":{"@context":"https:\/\/schema.org","@graph":[{"@type":"Article","@id":"https:\/\/fpsuperiorufv.es\/blog\/reserva-de-plaza-en-fp-en-acondicionamiento-fisico-pasos-plazos-y-documentacion-blog\/#article","isPartOf":{"@id":"https:\/\/fpsuperiorufv.es\/blog\/reserva-de-plaza-en-fp-en-acondicionamiento-fisico-pasos-plazos-y-documentacion-blog\/"},"author":{"name":"FP Superior UFV","@id":"https:\/\/fpsuperiorufv.es\/blog\/#\/schema\/person\/c7ac6e2e7af298050da8d956ac824347"},"headline":"Reserva de plaza en FP en Acondicionamiento F\u00edsico: pasos plazos y documentaci\u00f3n","datePublished":"2026-03-10T22:02:21+00:00","dateModified":"2026-04-15T10:54:09+00:00","mainEntityOfPage":{"@id":"https:\/\/fpsuperiorufv.es\/blog\/reserva-de-plaza-en-fp-en-acondicionamiento-fisico-pasos-plazos-y-documentacion-blog\/"},"wordCount":644,"commentCount":0,"publisher":{"@id":"https:\/\/fpsuperiorufv.es\/blog\/#organization"},"image":{"@id":"https:\/\/fpsuperiorufv.es\/blog\/reserva-de-plaza-en-fp-en-acondicionamiento-fisico-pasos-plazos-y-documentacion-blog\/#primaryimage"},"thumbnailUrl":"https:\/\/fpsuperiorufv.es\/blog\/wp-content\/uploads\/2025\/08\/DSC2900-Medium.jpeg","articleSection":["Acondicionamiento F\u00edsico","Preguntas frecuentes"],"inLanguage":"es","potentialAction":[{"@type":"CommentAction","name":"Comment","target":["https:\/\/fpsuperiorufv.es\/blog\/reserva-de-plaza-en-fp-en-acondicionamiento-fisico-pasos-plazos-y-documentacion-blog\/#respond"]}]},{"@type":"WebPage","@id":"https:\/\/fpsuperiorufv.es\/blog\/reserva-de-plaza-en-fp-en-acondicionamiento-fisico-pasos-plazos-y-documentacion-blog\/","url":"https:\/\/fpsuperiorufv.es\/blog\/reserva-de-plaza-en-fp-en-acondicionamiento-fisico-pasos-plazos-y-documentacion-blog\/","name":"Reserva de plaza en FP en Acondicionamiento F\u00edsico: pasos plazos y documentaci\u00f3n - Cetys","isPartOf":{"@id":"https:\/\/fpsuperiorufv.es\/blog\/#website"},"primaryImageOfPage":{"@id":"https:\/\/fpsuperiorufv.es\/blog\/reserva-de-plaza-en-fp-en-acondicionamiento-fisico-pasos-plazos-y-documentacion-blog\/#primaryimage"},"image":{"@id":"https:\/\/fpsuperiorufv.es\/blog\/reserva-de-plaza-en-fp-en-acondicionamiento-fisico-pasos-plazos-y-documentacion-blog\/#primaryimage"},"thumbnailUrl":"https:\/\/fpsuperiorufv.es\/blog\/wp-content\/uploads\/2025\/08\/DSC2900-Medium.jpeg","datePublished":"2026-03-10T22:02:21+00:00","dateModified":"2026-04-15T10:54:09+00:00","breadcrumb":{"@id":"https:\/\/fpsuperiorufv.es\/blog\/reserva-de-plaza-en-fp-en-acondicionamiento-fisico-pasos-plazos-y-documentacion-blog\/#breadcrumb"},"inLanguage":"es","potentialAction":[{"@type":"ReadAction","target":["https:\/\/fpsuperiorufv.es\/blog\/reserva-de-plaza-en-fp-en-acondicionamiento-fisico-pasos-plazos-y-documentacion-blog\/"]}]},{"@type":"ImageObject","inLanguage":"es","@id":"https:\/\/fpsuperiorufv.es\/blog\/reserva-de-plaza-en-fp-en-acondicionamiento-fisico-pasos-plazos-y-documentacion-blog\/#primaryimage","url":"https:\/\/fpsuperiorufv.es\/blog\/wp-content\/uploads\/2025\/08\/DSC2900-Medium.jpeg","contentUrl":"https:\/\/fpsuperiorufv.es\/blog\/wp-content\/uploads\/2025\/08\/DSC2900-Medium.jpeg","width":640,"height":427},{"@type":"BreadcrumbList","@id":"https:\/\/fpsuperiorufv.es\/blog\/reserva-de-plaza-en-fp-en-acondicionamiento-fisico-pasos-plazos-y-documentacion-blog\/#breadcrumb","itemListElement":[{"@type":"ListItem","position":1,"name":"Home","item":"https:\/\/fpsuperiorufv.es\/blog\/"},{"@type":"ListItem","position":2,"name":"Reserva de plaza en FP en Acondicionamiento F\u00edsico: pasos plazos y documentaci\u00f3n"}]},{"@type":"WebSite","@id":"https:\/\/fpsuperiorufv.es\/blog\/#website","url":"https:\/\/fpsuperiorufv.es\/blog\/","name":"Fp Superior Francisco de Vitoria","description":"","publisher":{"@id":"https:\/\/fpsuperiorufv.es\/blog\/#organization"},"alternateName":"Cetys","potentialAction":[{"@type":"SearchAction","target":{"@type":"EntryPoint","urlTemplate":"https:\/\/fpsuperiorufv.es\/blog\/?s={search_term_string}"},"query-input":{"@type":"PropertyValueSpecification","valueRequired":true,"valueName":"search_term_string"}}],"inLanguage":"es"},{"@type":"Organization","@id":"https:\/\/fpsuperiorufv.es\/blog\/#organization","name":"Cetys","url":"https:\/\/fpsuperiorufv.es\/blog\/","logo":{"@type":"ImageObject","inLanguage":"es","@id":"https:\/\/fpsuperiorufv.es\/blog\/#\/schema\/logo\/image\/","url":"https:\/\/fpsuperiorufv.lo\/wp-content\/uploads\/2025\/02\/logo.svg","contentUrl":"https:\/\/fpsuperiorufv.lo\/wp-content\/uploads\/2025\/02\/logo.svg","width":"1024","height":"1024","caption":"Cetys"},"image":{"@id":"https:\/\/fpsuperiorufv.es\/blog\/#\/schema\/logo\/image\/"}},{"@type":"Person","@id":"https:\/\/fpsuperiorufv.es\/blog\/#\/schema\/person\/c7ac6e2e7af298050da8d956ac824347","name":"FP Superior UFV","image":{"@type":"ImageObject","inLanguage":"es","@id":"https:\/\/secure.gravatar.com\/avatar\/002af9a4377d87096f281de7725cae2f359bff0b0b7439b98b80936e58af2d91?s=96&d=mm&r=g","url":"https:\/\/secure.gravatar.com\/avatar\/002af9a4377d87096f281de7725cae2f359bff0b0b7439b98b80936e58af2d91?s=96&d=mm&r=g","contentUrl":"https:\/\/secure.gravatar.com\/avatar\/002af9a4377d87096f281de7725cae2f359bff0b0b7439b98b80936e58af2d91?s=96&d=mm&r=g","caption":"FP Superior UFV"},"sameAs":["https:\/\/fpsuperiorufv.lo"],"url":"https:\/\/fpsuperiorufv.es\/blog\/author\/administrador\/"}]}},"_links":{"self":[{"href":"https:\/\/fpsuperiorufv.es\/blog\/wp-json\/wp\/v2\/posts\/282683","targetHints":{"allow":["GET"]}}],"collection":[{"href":"https:\/\/fpsuperiorufv.es\/blog\/wp-json\/wp\/v2\/posts"}],"about":[{"href":"https:\/\/fpsuperiorufv.es\/blog\/wp-json\/wp\/v2\/types\/post"}],"author":[{"embeddable":true,"href":"https:\/\/fpsuperiorufv.es\/blog\/wp-json\/wp\/v2\/users\/1"}],"replies":[{"embeddable":true,"href":"https:\/\/fpsuperiorufv.es\/blog\/wp-json\/wp\/v2\/comments?post=282683"}],"version-history":[{"count":1,"href":"https:\/\/fpsuperiorufv.es\/blog\/wp-json\/wp\/v2\/posts\/282683\/revisions"}],"predecessor-version":[{"id":283348,"href":"https:\/\/fpsuperiorufv.es\/blog\/wp-json\/wp\/v2\/posts\/282683\/revisions\/283348"}],"wp:featuredmedia":[{"embeddable":true,"href":"https:\/\/fpsuperiorufv.es\/blog\/wp-json\/wp\/v2\/media\/2730"}],"wp:attachment":[{"href":"https:\/\/fpsuperiorufv.es\/blog\/wp-json\/wp\/v2\/media?parent=282683"}],"wp:term":[{"taxonomy":"category","embeddable":true,"href":"https:\/\/fpsuperiorufv.es\/blog\/wp-json\/wp\/v2\/categories?post=282683"},{"taxonomy":"post_tag","embeddable":true,"href":"https:\/\/fpsuperiorufv.es\/blog\/wp-json\/wp\/v2\/tags?post=282683"}],"curies":[{"name":"wp","href":"https:\/\/api.w.org\/{rel}","templated":true}]}}